{"id":55250,"date":"2017-10-03T17:32:32","date_gmt":"2017-10-03T15:32:32","guid":{"rendered":"https:\/\/www.iemj.org\/israel-lovy-1773-1852\/"},"modified":"2025-06-19T15:17:20","modified_gmt":"2025-06-19T13:17:20","slug":"israel-lovy-1773-1852","status":"publish","type":"post","link":"https:\/\/www.iemj.org\/en\/israel-lovy-1773-1852\/","title":{"rendered":"Isra\u00ebl Lovy (1773-1832)"},"content":{"rendered":"<p><strong>Listen to the works of Isra\u00ebl Lovy, initiator of the reforming of the French Jewish cult in the beginning of the 19th century<\/strong><\/p>\n<p><!--more-->Coming from a lineage of cantors from Poland and Pomerania, Isra\u00ebl Lovy, born on August 31, 1773, near Dantzig (Germany), was one of the forerunners of the reforming of the French Jewish cult.<\/p>\n<p>Hired in 1818 by the Consistoire of Paris, he became chief cantor of the new temple on rue Notre Dame de Nazareth in 1822. During ten years he organized the musical cult of this first consistorial temple by introducing many musical items from classical music (choral singing accompanied by the organ, composition of new songs in major or minor mode, etc.).<\/p>\n<p>Hit by a breast disease, he died prematurely on January 7, 1832, at the age of 59.<\/p>\n<p>According to his grand-son Eug\u00e8ne Emmanuel, Isra\u00ebl Lovy created for the new consistorial cult \u00ab a choral composed of fifteen to twenty young children, completed with his singing helpers. In addition to the melodies that he brought from Germany, he composed new songs for all the different ceremonies. At the same time, he collaborated with the notables of the Consistoire, to settle the ceremonial aspects of the reading of the holy books, of the Torah and of the major holidays of the year. \u00bb *<\/p>\n<p><a href=\"https:\/\/www.iemj.org\/en\/lovy-israel-1773-1832\/\">Read the complete biography of Isra\u00ebl Lovy<\/a><\/p>\n<hr \/>\n<p>* Cf. Eug\u00e8ne Manuel, biographical notice on Isra\u00ebl Lovy, which was used as a forward to the collection of Religious Songs composed for Hebrew prayres by I. L., former cantor of the Jewish Temple of Paris, published by his family, for the administration of the Jewish Temple of Paris and to the M\u00e9nestrel, 1862, 159 p.<\/p>\n\n<div class=\"wp-block-image\">\n<figure class=\"aligncenter size-large\"><img fetchpriority=\"high\" decoding=\"async\" width=\"1024\" height=\"133\" src=\"https:\/\/www.iemj.org\/wp-content\/uploads\/2024\/03\/AUDIO-PLAYER-1024x133.png\" alt=\"\" class=\"wp-image-110607\" srcset=\"https:\/\/www.iemj.org\/wp-content\/uploads\/2024\/03\/AUDIO-PLAYER-1024x133.png 1024w, https:\/\/www.iemj.org\/wp-content\/uploads\/2024\/03\/AUDIO-PLAYER-300x39.png 300w, https:\/\/www.iemj.org\/wp-content\/uploads\/2024\/03\/AUDIO-PLAYER-768x100.png 768w, https:\/\/www.iemj.org\/wp-content\/uploads\/2024\/03\/AUDIO-PLAYER-600x78.png 600w, https:\/\/www.iemj.org\/wp-content\/uploads\/2024\/03\/AUDIO-PLAYER.png 1210w\" sizes=\"(max-width: 1024px) 100vw, 1024px\" \/><\/figure>\n<\/div>\n\n\n<h2 class=\"wp-block-heading\"><\/h2>\n\n\n\n<div class=\"wp-block-file\"><a id=\"wp-block-file--media-3baaba5f-2005-4423-ae10-b271c4f17435\" href=\"https:\/\/www.iemj.org\/wp-content\/uploads\/2022\/04\/1-Ato-Hou_Lovy-Israel_Marcel-Lorand-et-le-choeur-de-la-synagogue-de-Strasbourg_T.mp3\">Ato Hou_Lovy Israel_Marcel Lorand et le choeur de la synagogue de Strasbourg<\/a><\/div>\n\n\n\n<div class=\"wp-block-file\"><a id=\"wp-block-file--media-9a9cc170-9bdb-458d-9dca-40e49dc7e1dd\" href=\"https:\/\/www.iemj.org\/wp-content\/uploads\/2017\/10\/2-berouchim_lovy_israel_michel_heymann.mp3\">Berouchim_Lovy Israel_Michel Heymann<\/a><\/div>\n\n\n\n<div class=\"wp-block-file\"><a id=\"wp-block-file--media-62993afc-fdb4-4679-bf03-ac9b3b462d77\" href=\"https:\/\/www.iemj.org\/wp-content\/uploads\/2017\/10\/3-leel_aulom_lovy_israel_michel_heymann.mp3\">Leel Aulom_Lovy Israel_Michel Heymann<\/a><\/div>\n\n\n\n<div class=\"wp-block-file\"><a id=\"wp-block-file--media-3a1ccdb0-d5a4-4460-a43c-de26bfd33191\" href=\"https:\/\/www.iemj.org\/wp-content\/uploads\/2017\/10\/4-ochamnou_lovy_israel_michel_heymann.mp3\">Ochamnou_Lovy Israel_Michel Heymann<\/a><\/div>\n\n\n\n<div class=\"wp-block-file\"><a id=\"wp-block-file--media-184966b6-d891-4462-b701-28e44d4d081f\" href=\"https:\/\/www.iemj.org\/wp-content\/uploads\/2017\/10\/5-yigdal_lovy_israel_michel_heymann.mp3\">Yigdal_Lovy Israel_Michel Heymann<\/a><\/div>\n\n\n\n<div class=\"wp-block-file\"><a id=\"wp-block-file--media-2d177c24-0d3b-4224-906a-9c9c75280251\" href=\"https:\/\/www.iemj.org\/wp-content\/uploads\/2017\/10\/6-ki_kechimho_lovy_israel_hector_sabo_polyphonie_hebraiques_de_strasbourg.mp3\">Ki kechimho_Lovy Israel_Hector Sabo_polyphonie hebraiques de Strasbourg<\/a><\/div>\n","protected":false},"excerpt":{"rendered":"<p>Listen to the works of Isra\u00ebl Lovy, initiator of the reforming of the French Jewish cult in the beginning of the 19th century<\/p>\n","protected":false},"author":1045,"featured_media":15500,"comment_status":"closed","ping_status":"open","sticky":false,"template":"","format":"standard","meta":{"_acf_changed":false,"footnotes":""},"categories":[1317],"tags":[],"technique":[],"squelettes":[],"sujet":[],"formation":[],"genre":[1116],"fonds":[],"tradition":[1141],"type-de-contenu":[],"interprete-compositeur":[],"frise":[],"type-devenement":[],"tableaux-liens-externes":[],"class_list":["post-55250","post","type-post","status-publish","format-standard","has-post-thumbnail","hentry","category-playlists-en","genre-liturgy","tradition-ashkenazi-rite-en"],"acf":[],"yoast_head":"<!-- This site is optimized with the Yoast SEO plugin v27.3 - https:\/\/yoast.com\/product\/yoast-seo-wordpress\/ -->\n<title>Isra\u00ebl Lovy (1773-1832) - Institut Europ\u00e9en des Musiques Juives<\/title>\n<meta name=\"robots\" content=\"index, follow, max-snippet:-1, max-image-preview:large, max-video-preview:-1\" \/>\n<link rel=\"canonical\" href=\"https:\/\/www.iemj.org\/en\/israel-lovy-1773-1852\/\" \/>\n<meta property=\"og:locale\" content=\"en_US\" \/>\n<meta property=\"og:type\" content=\"article\" \/>\n<meta property=\"og:title\" content=\"Isra\u00ebl Lovy (1773-1832) - Institut Europ\u00e9en des Musiques Juives\" \/>\n<meta property=\"og:description\" content=\"Listen to the works of Isra\u00ebl Lovy, initiator of the reforming of the French Jewish cult in the beginning of the 19th century\" \/>\n<meta property=\"og:url\" content=\"https:\/\/www.iemj.org\/en\/israel-lovy-1773-1852\/\" \/>\n<meta property=\"og:site_name\" content=\"Institut Europ\u00e9en des Musiques Juives\" \/>\n<meta property=\"article:publisher\" content=\"https:\/\/www.facebook.com\/MusiquesJuives\/\" \/>\n<meta property=\"article:published_time\" content=\"2017-10-03T15:32:32+00:00\" \/>\n<meta property=\"article:modified_time\" content=\"2025-06-19T13:17:20+00:00\" \/>\n<meta property=\"og:image\" content=\"https:\/\/www.iemj.org\/wp-content\/uploads\/2017\/10\/arton2503.jpg\" \/>\n\t<meta property=\"og:image:width\" content=\"400\" \/>\n\t<meta property=\"og:image:height\" content=\"540\" \/>\n\t<meta property=\"og:image:type\" content=\"image\/jpeg\" \/>\n<meta name=\"author\" content=\"Herv\u00e9 Roten\" \/>\n<meta name=\"twitter:card\" content=\"summary_large_image\" \/>\n<meta name=\"twitter:label1\" content=\"Written by\" \/>\n\t<meta name=\"twitter:data1\" content=\"Herv\u00e9 Roten\" \/>\n\t<meta name=\"twitter:label2\" content=\"Est. reading time\" \/>\n\t<meta name=\"twitter:data2\" content=\"2 minutes\" \/>\n<script type=\"application\/ld+json\" class=\"yoast-schema-graph\">{\"@context\":\"https:\\\/\\\/schema.org\",\"@graph\":[{\"@type\":\"Article\",\"@id\":\"https:\\\/\\\/www.iemj.org\\\/en\\\/israel-lovy-1773-1852\\\/#article\",\"isPartOf\":{\"@id\":\"https:\\\/\\\/www.iemj.org\\\/en\\\/israel-lovy-1773-1852\\\/\"},\"author\":{\"name\":\"Herv\u00e9 Roten\",\"@id\":\"https:\\\/\\\/www.iemj.org\\\/en\\\/#\\\/schema\\\/person\\\/906134402c29d5c76e7b726261dd4bbd\"},\"headline\":\"Isra\u00ebl Lovy (1773-1832)\",\"datePublished\":\"2017-10-03T15:32:32+00:00\",\"dateModified\":\"2025-06-19T13:17:20+00:00\",\"mainEntityOfPage\":{\"@id\":\"https:\\\/\\\/www.iemj.org\\\/en\\\/israel-lovy-1773-1852\\\/\"},\"wordCount\":326,\"publisher\":{\"@id\":\"https:\\\/\\\/www.iemj.org\\\/en\\\/#organization\"},\"image\":{\"@id\":\"https:\\\/\\\/www.iemj.org\\\/en\\\/israel-lovy-1773-1852\\\/#primaryimage\"},\"thumbnailUrl\":\"https:\\\/\\\/www.iemj.org\\\/wp-content\\\/uploads\\\/2017\\\/10\\\/arton2503.jpg\",\"articleSection\":[\"Playlists\"],\"inLanguage\":\"en-US\"},{\"@type\":\"WebPage\",\"@id\":\"https:\\\/\\\/www.iemj.org\\\/en\\\/israel-lovy-1773-1852\\\/\",\"url\":\"https:\\\/\\\/www.iemj.org\\\/en\\\/israel-lovy-1773-1852\\\/\",\"name\":\"Isra\u00ebl Lovy (1773-1832) - Institut Europ\u00e9en des Musiques Juives\",\"isPartOf\":{\"@id\":\"https:\\\/\\\/www.iemj.org\\\/en\\\/#website\"},\"primaryImageOfPage\":{\"@id\":\"https:\\\/\\\/www.iemj.org\\\/en\\\/israel-lovy-1773-1852\\\/#primaryimage\"},\"image\":{\"@id\":\"https:\\\/\\\/www.iemj.org\\\/en\\\/israel-lovy-1773-1852\\\/#primaryimage\"},\"thumbnailUrl\":\"https:\\\/\\\/www.iemj.org\\\/wp-content\\\/uploads\\\/2017\\\/10\\\/arton2503.jpg\",\"datePublished\":\"2017-10-03T15:32:32+00:00\",\"dateModified\":\"2025-06-19T13:17:20+00:00\",\"breadcrumb\":{\"@id\":\"https:\\\/\\\/www.iemj.org\\\/en\\\/israel-lovy-1773-1852\\\/#breadcrumb\"},\"inLanguage\":\"en-US\",\"potentialAction\":[{\"@type\":\"ReadAction\",\"target\":[\"https:\\\/\\\/www.iemj.org\\\/en\\\/israel-lovy-1773-1852\\\/\"]}]},{\"@type\":\"ImageObject\",\"inLanguage\":\"en-US\",\"@id\":\"https:\\\/\\\/www.iemj.org\\\/en\\\/israel-lovy-1773-1852\\\/#primaryimage\",\"url\":\"https:\\\/\\\/www.iemj.org\\\/wp-content\\\/uploads\\\/2017\\\/10\\\/arton2503.jpg\",\"contentUrl\":\"https:\\\/\\\/www.iemj.org\\\/wp-content\\\/uploads\\\/2017\\\/10\\\/arton2503.jpg\",\"width\":400,\"height\":540},{\"@type\":\"BreadcrumbList\",\"@id\":\"https:\\\/\\\/www.iemj.org\\\/en\\\/israel-lovy-1773-1852\\\/#breadcrumb\",\"itemListElement\":[{\"@type\":\"ListItem\",\"position\":1,\"name\":\"Accueil\",\"item\":\"https:\\\/\\\/www.iemj.org\\\/en\\\/\"},{\"@type\":\"ListItem\",\"position\":2,\"name\":\"Isra\u00ebl Lovy (1773-1832)\"}]},{\"@type\":\"WebSite\",\"@id\":\"https:\\\/\\\/www.iemj.org\\\/en\\\/#website\",\"url\":\"https:\\\/\\\/www.iemj.org\\\/en\\\/\",\"name\":\"Institut Europ\u00e9en des Musiques Juives\",\"description\":\"Des traditions musicales \u00e0 la port\u00e9e de tous\",\"publisher\":{\"@id\":\"https:\\\/\\\/www.iemj.org\\\/en\\\/#organization\"},\"potentialAction\":[{\"@type\":\"SearchAction\",\"target\":{\"@type\":\"EntryPoint\",\"urlTemplate\":\"https:\\\/\\\/www.iemj.org\\\/en\\\/?s={search_term_string}\"},\"query-input\":{\"@type\":\"PropertyValueSpecification\",\"valueRequired\":true,\"valueName\":\"search_term_string\"}}],\"inLanguage\":\"en-US\"},{\"@type\":\"Organization\",\"@id\":\"https:\\\/\\\/www.iemj.org\\\/en\\\/#organization\",\"name\":\"Institut Europ\u00e9en des Musiques Juives\",\"url\":\"https:\\\/\\\/www.iemj.org\\\/en\\\/\",\"logo\":{\"@type\":\"ImageObject\",\"inLanguage\":\"en-US\",\"@id\":\"https:\\\/\\\/www.iemj.org\\\/en\\\/#\\\/schema\\\/logo\\\/image\\\/\",\"url\":\"https:\\\/\\\/www.iemj.org\\\/wp-content\\\/uploads\\\/2021\\\/09\\\/Logo-IEMJ-Paypal.jpg\",\"contentUrl\":\"https:\\\/\\\/www.iemj.org\\\/wp-content\\\/uploads\\\/2021\\\/09\\\/Logo-IEMJ-Paypal.jpg\",\"width\":150,\"height\":50,\"caption\":\"Institut Europ\u00e9en des Musiques Juives\"},\"image\":{\"@id\":\"https:\\\/\\\/www.iemj.org\\\/en\\\/#\\\/schema\\\/logo\\\/image\\\/\"},\"sameAs\":[\"https:\\\/\\\/www.facebook.com\\\/MusiquesJuives\\\/\",\"https:\\\/\\\/www.instagram.com\\\/musiquesjuives\\\/\",\"https:\\\/\\\/www.youtube.com\\\/user\\\/musiquesjuives\"]},{\"@type\":\"Person\",\"@id\":\"https:\\\/\\\/www.iemj.org\\\/en\\\/#\\\/schema\\\/person\\\/906134402c29d5c76e7b726261dd4bbd\",\"name\":\"Herv\u00e9 Roten\",\"image\":{\"@type\":\"ImageObject\",\"inLanguage\":\"en-US\",\"@id\":\"https:\\\/\\\/secure.gravatar.com\\\/avatar\\\/f96ad2db538a26481f18384936b5cd0610c92d390c4dc382209216d455f685ff?s=96&d=mm&r=g\",\"url\":\"https:\\\/\\\/secure.gravatar.com\\\/avatar\\\/f96ad2db538a26481f18384936b5cd0610c92d390c4dc382209216d455f685ff?s=96&d=mm&r=g\",\"contentUrl\":\"https:\\\/\\\/secure.gravatar.com\\\/avatar\\\/f96ad2db538a26481f18384936b5cd0610c92d390c4dc382209216d455f685ff?s=96&d=mm&r=g\",\"caption\":\"Herv\u00e9 Roten\"}}]}<\/script>\n<!-- \/ Yoast SEO plugin. -->","yoast_head_json":{"title":"Isra\u00ebl Lovy (1773-1832) - Institut Europ\u00e9en des Musiques Juives","robots":{"index":"index","follow":"follow","max-snippet":"max-snippet:-1","max-image-preview":"max-image-preview:large","max-video-preview":"max-video-preview:-1"},"canonical":"https:\/\/www.iemj.org\/en\/israel-lovy-1773-1852\/","og_locale":"en_US","og_type":"article","og_title":"Isra\u00ebl Lovy (1773-1832) - Institut Europ\u00e9en des Musiques Juives","og_description":"Listen to the works of Isra\u00ebl Lovy, initiator of the reforming of the French Jewish cult in the beginning of the 19th century","og_url":"https:\/\/www.iemj.org\/en\/israel-lovy-1773-1852\/","og_site_name":"Institut Europ\u00e9en des Musiques Juives","article_publisher":"https:\/\/www.facebook.com\/MusiquesJuives\/","article_published_time":"2017-10-03T15:32:32+00:00","article_modified_time":"2025-06-19T13:17:20+00:00","og_image":[{"width":400,"height":540,"url":"https:\/\/www.iemj.org\/wp-content\/uploads\/2017\/10\/arton2503.jpg","type":"image\/jpeg"}],"author":"Herv\u00e9 Roten","twitter_card":"summary_large_image","twitter_misc":{"Written by":"Herv\u00e9 Roten","Est. reading time":"2 minutes"},"schema":{"@context":"https:\/\/schema.org","@graph":[{"@type":"Article","@id":"https:\/\/www.iemj.org\/en\/israel-lovy-1773-1852\/#article","isPartOf":{"@id":"https:\/\/www.iemj.org\/en\/israel-lovy-1773-1852\/"},"author":{"name":"Herv\u00e9 Roten","@id":"https:\/\/www.iemj.org\/en\/#\/schema\/person\/906134402c29d5c76e7b726261dd4bbd"},"headline":"Isra\u00ebl Lovy (1773-1832)","datePublished":"2017-10-03T15:32:32+00:00","dateModified":"2025-06-19T13:17:20+00:00","mainEntityOfPage":{"@id":"https:\/\/www.iemj.org\/en\/israel-lovy-1773-1852\/"},"wordCount":326,"publisher":{"@id":"https:\/\/www.iemj.org\/en\/#organization"},"image":{"@id":"https:\/\/www.iemj.org\/en\/israel-lovy-1773-1852\/#primaryimage"},"thumbnailUrl":"https:\/\/www.iemj.org\/wp-content\/uploads\/2017\/10\/arton2503.jpg","articleSection":["Playlists"],"inLanguage":"en-US"},{"@type":"WebPage","@id":"https:\/\/www.iemj.org\/en\/israel-lovy-1773-1852\/","url":"https:\/\/www.iemj.org\/en\/israel-lovy-1773-1852\/","name":"Isra\u00ebl Lovy (1773-1832) - Institut Europ\u00e9en des Musiques Juives","isPartOf":{"@id":"https:\/\/www.iemj.org\/en\/#website"},"primaryImageOfPage":{"@id":"https:\/\/www.iemj.org\/en\/israel-lovy-1773-1852\/#primaryimage"},"image":{"@id":"https:\/\/www.iemj.org\/en\/israel-lovy-1773-1852\/#primaryimage"},"thumbnailUrl":"https:\/\/www.iemj.org\/wp-content\/uploads\/2017\/10\/arton2503.jpg","datePublished":"2017-10-03T15:32:32+00:00","dateModified":"2025-06-19T13:17:20+00:00","breadcrumb":{"@id":"https:\/\/www.iemj.org\/en\/israel-lovy-1773-1852\/#breadcrumb"},"inLanguage":"en-US","potentialAction":[{"@type":"ReadAction","target":["https:\/\/www.iemj.org\/en\/israel-lovy-1773-1852\/"]}]},{"@type":"ImageObject","inLanguage":"en-US","@id":"https:\/\/www.iemj.org\/en\/israel-lovy-1773-1852\/#primaryimage","url":"https:\/\/www.iemj.org\/wp-content\/uploads\/2017\/10\/arton2503.jpg","contentUrl":"https:\/\/www.iemj.org\/wp-content\/uploads\/2017\/10\/arton2503.jpg","width":400,"height":540},{"@type":"BreadcrumbList","@id":"https:\/\/www.iemj.org\/en\/israel-lovy-1773-1852\/#breadcrumb","itemListElement":[{"@type":"ListItem","position":1,"name":"Accueil","item":"https:\/\/www.iemj.org\/en\/"},{"@type":"ListItem","position":2,"name":"Isra\u00ebl Lovy (1773-1832)"}]},{"@type":"WebSite","@id":"https:\/\/www.iemj.org\/en\/#website","url":"https:\/\/www.iemj.org\/en\/","name":"Institut Europ\u00e9en des Musiques Juives","description":"Des traditions musicales \u00e0 la port\u00e9e de tous","publisher":{"@id":"https:\/\/www.iemj.org\/en\/#organization"},"potentialAction":[{"@type":"SearchAction","target":{"@type":"EntryPoint","urlTemplate":"https:\/\/www.iemj.org\/en\/?s={search_term_string}"},"query-input":{"@type":"PropertyValueSpecification","valueRequired":true,"valueName":"search_term_string"}}],"inLanguage":"en-US"},{"@type":"Organization","@id":"https:\/\/www.iemj.org\/en\/#organization","name":"Institut Europ\u00e9en des Musiques Juives","url":"https:\/\/www.iemj.org\/en\/","logo":{"@type":"ImageObject","inLanguage":"en-US","@id":"https:\/\/www.iemj.org\/en\/#\/schema\/logo\/image\/","url":"https:\/\/www.iemj.org\/wp-content\/uploads\/2021\/09\/Logo-IEMJ-Paypal.jpg","contentUrl":"https:\/\/www.iemj.org\/wp-content\/uploads\/2021\/09\/Logo-IEMJ-Paypal.jpg","width":150,"height":50,"caption":"Institut Europ\u00e9en des Musiques Juives"},"image":{"@id":"https:\/\/www.iemj.org\/en\/#\/schema\/logo\/image\/"},"sameAs":["https:\/\/www.facebook.com\/MusiquesJuives\/","https:\/\/www.instagram.com\/musiquesjuives\/","https:\/\/www.youtube.com\/user\/musiquesjuives"]},{"@type":"Person","@id":"https:\/\/www.iemj.org\/en\/#\/schema\/person\/906134402c29d5c76e7b726261dd4bbd","name":"Herv\u00e9 Roten","image":{"@type":"ImageObject","inLanguage":"en-US","@id":"https:\/\/secure.gravatar.com\/avatar\/f96ad2db538a26481f18384936b5cd0610c92d390c4dc382209216d455f685ff?s=96&d=mm&r=g","url":"https:\/\/secure.gravatar.com\/avatar\/f96ad2db538a26481f18384936b5cd0610c92d390c4dc382209216d455f685ff?s=96&d=mm&r=g","contentUrl":"https:\/\/secure.gravatar.com\/avatar\/f96ad2db538a26481f18384936b5cd0610c92d390c4dc382209216d455f685ff?s=96&d=mm&r=g","caption":"Herv\u00e9 Roten"}}]}},"_links":{"self":[{"href":"https:\/\/www.iemj.org\/en\/wp-json\/wp\/v2\/posts\/55250","targetHints":{"allow":["GET"]}}],"collection":[{"href":"https:\/\/www.iemj.org\/en\/wp-json\/wp\/v2\/posts"}],"about":[{"href":"https:\/\/www.iemj.org\/en\/wp-json\/wp\/v2\/types\/post"}],"author":[{"embeddable":true,"href":"https:\/\/www.iemj.org\/en\/wp-json\/wp\/v2\/users\/1045"}],"replies":[{"embeddable":true,"href":"https:\/\/www.iemj.org\/en\/wp-json\/wp\/v2\/comments?post=55250"}],"version-history":[{"count":0,"href":"https:\/\/www.iemj.org\/en\/wp-json\/wp\/v2\/posts\/55250\/revisions"}],"wp:featuredmedia":[{"embeddable":true,"href":"https:\/\/www.iemj.org\/en\/wp-json\/wp\/v2\/media\/15500"}],"wp:attachment":[{"href":"https:\/\/www.iemj.org\/en\/wp-json\/wp\/v2\/media?parent=55250"}],"wp:term":[{"taxonomy":"category","embeddable":true,"href":"https:\/\/www.iemj.org\/en\/wp-json\/wp\/v2\/categories?post=55250"},{"taxonomy":"post_tag","embeddable":true,"href":"https:\/\/www.iemj.org\/en\/wp-json\/wp\/v2\/tags?post=55250"},{"taxonomy":"technique","embeddable":true,"href":"https:\/\/www.iemj.org\/en\/wp-json\/wp\/v2\/technique?post=55250"},{"taxonomy":"squelettes","embeddable":true,"href":"https:\/\/www.iemj.org\/en\/wp-json\/wp\/v2\/squelettes?post=55250"},{"taxonomy":"sujet","embeddable":true,"href":"https:\/\/www.iemj.org\/en\/wp-json\/wp\/v2\/sujet?post=55250"},{"taxonomy":"formation","embeddable":true,"href":"https:\/\/www.iemj.org\/en\/wp-json\/wp\/v2\/formation?post=55250"},{"taxonomy":"genre","embeddable":true,"href":"https:\/\/www.iemj.org\/en\/wp-json\/wp\/v2\/genre?post=55250"},{"taxonomy":"fonds","embeddable":true,"href":"https:\/\/www.iemj.org\/en\/wp-json\/wp\/v2\/fonds?post=55250"},{"taxonomy":"tradition","embeddable":true,"href":"https:\/\/www.iemj.org\/en\/wp-json\/wp\/v2\/tradition?post=55250"},{"taxonomy":"type-de-contenu","embeddable":true,"href":"https:\/\/www.iemj.org\/en\/wp-json\/wp\/v2\/type-de-contenu?post=55250"},{"taxonomy":"interprete-compositeur","embeddable":true,"href":"https:\/\/www.iemj.org\/en\/wp-json\/wp\/v2\/interprete-compositeur?post=55250"},{"taxonomy":"frise","embeddable":true,"href":"https:\/\/www.iemj.org\/en\/wp-json\/wp\/v2\/frise?post=55250"},{"taxonomy":"type-devenement","embeddable":true,"href":"https:\/\/www.iemj.org\/en\/wp-json\/wp\/v2\/type-devenement?post=55250"},{"taxonomy":"tableaux-liens-externes","embeddable":true,"href":"https:\/\/www.iemj.org\/en\/wp-json\/wp\/v2\/tableaux-liens-externes?post=55250"}],"curies":[{"name":"wp","href":"https:\/\/api.w.org\/{rel}","templated":true}]}}