{"id":55307,"date":"2020-03-11T17:10:38","date_gmt":"2020-03-11T16:10:38","guid":{"rendered":"https:\/\/www.iemj.org\/yiddish-glory\/"},"modified":"2025-09-10T12:10:20","modified_gmt":"2025-09-10T10:10:20","slug":"yiddish-glory","status":"publish","type":"post","link":"https:\/\/www.iemj.org\/en\/yiddish-glory\/","title":{"rendered":"Yiddish Glory"},"content":{"rendered":"<p><em>Yiddish Glory: The Lost Songs of World War II<\/em> is the name of a new CD published in 2018 in the USA, from texts of songs created during the darkest period of European Jewry history. In the middle of the Second World War, a group of researchers led by the ethnomusicologist <a href=\"https:\/\/www.iemj.org\/en\/beregovski-moisei-iakovlevich-1892-1961\/\">Moisei Beregovsky (1892-1961)<\/a> discovered songs written by Jewish soldiers of the Red Army, refugees, victims and survivors of Ukrainian ghettos. Among those songs, one was created by a 10 year old orphan who lost his family in the Tulchin ghetto, another by a teenager prisoner in the concentration camp of Pechora, and another by a Red Army soldier who learns, on his way back to Kiev, that his family was murdered in Babi Yar. These authors are not poets or musicians, but all are witnesses to one of the major events of the 20th century.<\/p>\n<p>After the war, these researchers were arrested during the Stalinian purges, and their works were confiscated. They will die thinking those collections are lost forever<\/p>\n<p>But in the 1990\u2019s, those songs were re-discovered in unidentified boxes in the archives of the Vernadsky National Library of Ukraine.<\/p>\n<p>In the beginning of the 2000\u2019s, the Yiddish teacher and director of Jewish studies in the Toronto university <strong>Anna Shternshis<\/strong> goes to Kiev, and hears about the existence of these songs. Those fragile documents, which deteriorate quickly, most of them in manuscript and of great historical importance, comprise some of the most poignant Soviet Yiddish songs of the Second World War. Despair, hope, humor, bravery, resistance and revenge are feelings expressed throughout each one.<\/p>\n<p><img fetchpriority=\"high\" decoding=\"async\" class=\" alignleft size-full wp-image-27360\" src=\"https:\/\/www.iemj.org\/wp-content\/uploads\/2020\/03\/psoy_korolenko_and_anna_shternshis_photo_and_design_by_dan_rosenberg__400px.jpg\" alt=\"psoy_korolenko_and_anna_shternshis_photo_and_design_by_dan_rosenberg__400px.jpg\" width=\"400\" height=\"300\" align=\"left\" srcset=\"https:\/\/www.iemj.org\/wp-content\/uploads\/2020\/03\/psoy_korolenko_and_anna_shternshis_photo_and_design_by_dan_rosenberg__400px.jpg 400w, https:\/\/www.iemj.org\/wp-content\/uploads\/2020\/03\/psoy_korolenko_and_anna_shternshis_photo_and_design_by_dan_rosenberg__400px-300x225.jpg 300w\" sizes=\"(max-width: 400px) 100vw, 400px\" \/>This CD is the result of a remarkable collaboration between the artist <strong>Psoy Korolenko<\/strong> and the Yiddish teacher Anna Shternshis, most of the songs being written on small pieces of paper, without any indication of melody. Psoy Korolenko engaged in \u201cmusical archaeology,\u201d and analyzed the scarce supplementary notes, contextualized the lyrics and then took a leap of imagination in order to create or adapt music for the texts. <strong>Sergei Erdenko<\/strong> (great Roma violinist from Russia, who often performed with Yehudi Menuhin) created multi-instrument arrangements and composed original music for one song (Kazakhstan).<\/p>\n<p>The discovery of this treasure hidden for years led producer <strong>Dan Rosenberg<\/strong> to bring together a group of singers and musicians with multiple backgrounds. The album \u201cYiddish Glory\u201d is the fruit of a three-year-long process, and constitutes a precious historical testimony, revealing how Jewish men, women and children fought fascism, tried to save their families, and chose at the final moment, to communicate their dreams and hopes through music. For the first time, the public will hear the voices of the Soviet Jews who were thought to be silenced by Hitler and Stalin.<\/p>\n<p>This CD comes with a 44 page booklet, with texts of the songs in English and Russian, the story behind each song, and many illustrations.<\/p>\n<p><a href=\"https:\/\/www.yiddishglory.com\/\">Learn more<\/a> <br \/><a href=\"https:\/\/www.sixdegreesrecords.com\/lost-songs-world-war-ii\/\">Purchase the CD<\/a><\/p>\n\n\n<h2 class=\"wp-block-heading\"><\/h2>\n\n\n<div class=\"wp-block-image\">\n<figure class=\"aligncenter size-large\"><img decoding=\"async\" width=\"1024\" height=\"133\" src=\"https:\/\/www.iemj.org\/wp-content\/uploads\/2024\/03\/AUDIO-PLAYER-1024x133.png\" alt=\"\" class=\"wp-image-110607\" srcset=\"https:\/\/www.iemj.org\/wp-content\/uploads\/2024\/03\/AUDIO-PLAYER-1024x133.png 1024w, https:\/\/www.iemj.org\/wp-content\/uploads\/2024\/03\/AUDIO-PLAYER-300x39.png 300w, https:\/\/www.iemj.org\/wp-content\/uploads\/2024\/03\/AUDIO-PLAYER-768x100.png 768w, https:\/\/www.iemj.org\/wp-content\/uploads\/2024\/03\/AUDIO-PLAYER-600x78.png 600w, https:\/\/www.iemj.org\/wp-content\/uploads\/2024\/03\/AUDIO-PLAYER.png 1210w\" sizes=\"(max-width: 1024px) 100vw, 1024px\" \/><\/figure>\n<\/div>\n\n\n<div class=\"wp-block-file\"><a id=\"wp-block-file--media-379fd428-f4b0-42ac-bbee-ead80664f9c1\" href=\"https:\/\/www.iemj.org\/wp-content\/uploads\/2020\/03\/01_afn_hoykhn_barg_on_the_high_mountain_.mp3\">Afn hoykhn barg (Extrait)<\/a><\/div>\n\n\n\n<div class=\"wp-block-file\"><a id=\"wp-block-file--media-2167653d-b656-43cf-ae23-573df39f0f48\" href=\"https:\/\/www.iemj.org\/wp-content\/uploads\/2020\/03\/02_shpatsir_in_vald_a_walk_in_the_forest_.mp3\">Shpatsir in vald (Extrait)<\/a><\/div>\n\n\n\n<div class=\"wp-block-file\"><a id=\"wp-block-file--media-ecaa47a4-4381-4ddc-9eb9-64ef60bf78a2\" href=\"https:\/\/www.iemj.org\/wp-content\/uploads\/2020\/03\/03_yoshke_fun_odes_yoshke_from_odessa_.mp3\">Yoshke fun Odes (Extrait)<\/a><\/div>\n\n\n\n<div class=\"wp-block-file\"><a id=\"wp-block-file--media-b0af64de-a318-44fe-9dc3-1c4ca94cdbc8\" href=\"https:\/\/www.iemj.org\/wp-content\/uploads\/2020\/03\/09_chuvasher_tekhter_daughters_of_chuvashia_.mp3\">Chuvasher tekhter (Extrait)<\/a><\/div>\n\n\n\n<div class=\"wp-block-file\"><a id=\"wp-block-file--media-2ac71254-da19-49d2-ad80-c1c184c126a7\" href=\"https:\/\/www.iemj.org\/wp-content\/uploads\/2020\/03\/18_tsum_nayem_yor_1944_happy_new_year_1944_.mp3\">Tsum nayem yor 1944 (Extrait)<\/a><\/div>\n\n\n\n<div class=\"wp-block-file\"><a id=\"wp-block-file--media-7908d2db-ade6-424f-b82e-bba156516696\" href=\"https:\/\/www.iemj.org\/wp-content\/uploads\/2020\/03\/05_mayn_pulemyot_my_machine_gun_.mp3\">Mayn pulemyot (Extrait)<\/a><\/div>\n","protected":false},"excerpt":{"rendered":"<p>Yiddish Glory: The Lost Songs of World War II is the name of a new CD published in 2018 in the USA, from texts of songs created during the darkest<\/p>\n","protected":false},"author":1048,"featured_media":27358,"comment_status":"closed","ping_status":"closed","sticky":false,"template":"","format":"standard","meta":{"_acf_changed":false,"footnotes":""},"categories":[1570,1562],"tags":[],"technique":[],"squelettes":[],"sujet":[],"formation":[],"genre":[1115],"fonds":[],"tradition":[],"type-de-contenu":[],"interprete-compositeur":[],"frise":[],"type-devenement":[],"tableaux-liens-externes":[],"class_list":["post-55307","post","type-post","status-publish","format-standard","has-post-thumbnail","hentry","category-cd-latest-acquisition-en","category-latest-acquisitions-en","genre-yiddish-en-2"],"acf":[],"yoast_head":"<!-- This site is optimized with the Yoast SEO plugin v27.3 - https:\/\/yoast.com\/product\/yoast-seo-wordpress\/ -->\n<title>Yiddish Glory - Institut Europ\u00e9en des Musiques Juives<\/title>\n<meta name=\"robots\" content=\"index, follow, max-snippet:-1, max-image-preview:large, max-video-preview:-1\" \/>\n<link rel=\"canonical\" href=\"https:\/\/www.iemj.org\/en\/yiddish-glory\/\" \/>\n<meta property=\"og:locale\" content=\"en_US\" \/>\n<meta property=\"og:type\" content=\"article\" \/>\n<meta property=\"og:title\" content=\"Yiddish Glory - Institut Europ\u00e9en des Musiques Juives\" \/>\n<meta property=\"og:description\" content=\"Yiddish Glory: The Lost Songs of World War II is the name of a new CD published in 2018 in the USA, from texts of songs created during the darkest\" \/>\n<meta property=\"og:url\" content=\"https:\/\/www.iemj.org\/en\/yiddish-glory\/\" \/>\n<meta property=\"og:site_name\" content=\"Institut Europ\u00e9en des Musiques Juives\" \/>\n<meta property=\"article:publisher\" content=\"https:\/\/www.facebook.com\/MusiquesJuives\/\" \/>\n<meta property=\"article:published_time\" content=\"2020-03-11T16:10:38+00:00\" \/>\n<meta property=\"article:modified_time\" content=\"2025-09-10T10:10:20+00:00\" \/>\n<meta property=\"og:image\" content=\"https:\/\/www.iemj.org\/wp-content\/uploads\/2020\/03\/arton4582-e1619019203881.jpg\" \/>\n\t<meta property=\"og:image:width\" content=\"400\" \/>\n\t<meta property=\"og:image:height\" content=\"400\" \/>\n\t<meta property=\"og:image:type\" content=\"image\/jpeg\" \/>\n<meta name=\"author\" content=\"Jean-Gabriel Davis\" \/>\n<meta name=\"twitter:card\" content=\"summary_large_image\" \/>\n<meta name=\"twitter:label1\" content=\"Written by\" \/>\n\t<meta name=\"twitter:data1\" content=\"Jean-Gabriel Davis\" \/>\n\t<meta name=\"twitter:label2\" content=\"Est. reading time\" \/>\n\t<meta name=\"twitter:data2\" content=\"3 minutes\" \/>\n<script type=\"application\/ld+json\" class=\"yoast-schema-graph\">{\"@context\":\"https:\\\/\\\/schema.org\",\"@graph\":[{\"@type\":\"Article\",\"@id\":\"https:\\\/\\\/www.iemj.org\\\/en\\\/yiddish-glory\\\/#article\",\"isPartOf\":{\"@id\":\"https:\\\/\\\/www.iemj.org\\\/en\\\/yiddish-glory\\\/\"},\"author\":{\"name\":\"Jean-Gabriel Davis\",\"@id\":\"https:\\\/\\\/www.iemj.org\\\/en\\\/#\\\/schema\\\/person\\\/c9bc1c386a3749579a2d675e72a18666\"},\"headline\":\"Yiddish Glory\",\"datePublished\":\"2020-03-11T16:10:38+00:00\",\"dateModified\":\"2025-09-10T10:10:20+00:00\",\"mainEntityOfPage\":{\"@id\":\"https:\\\/\\\/www.iemj.org\\\/en\\\/yiddish-glory\\\/\"},\"wordCount\":502,\"publisher\":{\"@id\":\"https:\\\/\\\/www.iemj.org\\\/en\\\/#organization\"},\"image\":{\"@id\":\"https:\\\/\\\/www.iemj.org\\\/en\\\/yiddish-glory\\\/#primaryimage\"},\"thumbnailUrl\":\"https:\\\/\\\/www.iemj.org\\\/wp-content\\\/uploads\\\/2020\\\/03\\\/arton4582-e1619019203881.jpg\",\"articleSection\":[\"CD\",\"Latest Acquisitions\"],\"inLanguage\":\"en-US\"},{\"@type\":\"WebPage\",\"@id\":\"https:\\\/\\\/www.iemj.org\\\/en\\\/yiddish-glory\\\/\",\"url\":\"https:\\\/\\\/www.iemj.org\\\/en\\\/yiddish-glory\\\/\",\"name\":\"Yiddish Glory - Institut Europ\u00e9en des Musiques Juives\",\"isPartOf\":{\"@id\":\"https:\\\/\\\/www.iemj.org\\\/en\\\/#website\"},\"primaryImageOfPage\":{\"@id\":\"https:\\\/\\\/www.iemj.org\\\/en\\\/yiddish-glory\\\/#primaryimage\"},\"image\":{\"@id\":\"https:\\\/\\\/www.iemj.org\\\/en\\\/yiddish-glory\\\/#primaryimage\"},\"thumbnailUrl\":\"https:\\\/\\\/www.iemj.org\\\/wp-content\\\/uploads\\\/2020\\\/03\\\/arton4582-e1619019203881.jpg\",\"datePublished\":\"2020-03-11T16:10:38+00:00\",\"dateModified\":\"2025-09-10T10:10:20+00:00\",\"breadcrumb\":{\"@id\":\"https:\\\/\\\/www.iemj.org\\\/en\\\/yiddish-glory\\\/#breadcrumb\"},\"inLanguage\":\"en-US\",\"potentialAction\":[{\"@type\":\"ReadAction\",\"target\":[\"https:\\\/\\\/www.iemj.org\\\/en\\\/yiddish-glory\\\/\"]}]},{\"@type\":\"ImageObject\",\"inLanguage\":\"en-US\",\"@id\":\"https:\\\/\\\/www.iemj.org\\\/en\\\/yiddish-glory\\\/#primaryimage\",\"url\":\"https:\\\/\\\/www.iemj.org\\\/wp-content\\\/uploads\\\/2020\\\/03\\\/arton4582-e1619019203881.jpg\",\"contentUrl\":\"https:\\\/\\\/www.iemj.org\\\/wp-content\\\/uploads\\\/2020\\\/03\\\/arton4582-e1619019203881.jpg\",\"width\":400,\"height\":400},{\"@type\":\"BreadcrumbList\",\"@id\":\"https:\\\/\\\/www.iemj.org\\\/en\\\/yiddish-glory\\\/#breadcrumb\",\"itemListElement\":[{\"@type\":\"ListItem\",\"position\":1,\"name\":\"Accueil\",\"item\":\"https:\\\/\\\/www.iemj.org\\\/en\\\/\"},{\"@type\":\"ListItem\",\"position\":2,\"name\":\"Yiddish Glory\"}]},{\"@type\":\"WebSite\",\"@id\":\"https:\\\/\\\/www.iemj.org\\\/en\\\/#website\",\"url\":\"https:\\\/\\\/www.iemj.org\\\/en\\\/\",\"name\":\"Institut Europ\u00e9en des Musiques Juives\",\"description\":\"Des traditions musicales \u00e0 la port\u00e9e de tous\",\"publisher\":{\"@id\":\"https:\\\/\\\/www.iemj.org\\\/en\\\/#organization\"},\"potentialAction\":[{\"@type\":\"SearchAction\",\"target\":{\"@type\":\"EntryPoint\",\"urlTemplate\":\"https:\\\/\\\/www.iemj.org\\\/en\\\/?s={search_term_string}\"},\"query-input\":{\"@type\":\"PropertyValueSpecification\",\"valueRequired\":true,\"valueName\":\"search_term_string\"}}],\"inLanguage\":\"en-US\"},{\"@type\":\"Organization\",\"@id\":\"https:\\\/\\\/www.iemj.org\\\/en\\\/#organization\",\"name\":\"Institut Europ\u00e9en des Musiques Juives\",\"url\":\"https:\\\/\\\/www.iemj.org\\\/en\\\/\",\"logo\":{\"@type\":\"ImageObject\",\"inLanguage\":\"en-US\",\"@id\":\"https:\\\/\\\/www.iemj.org\\\/en\\\/#\\\/schema\\\/logo\\\/image\\\/\",\"url\":\"https:\\\/\\\/www.iemj.org\\\/wp-content\\\/uploads\\\/2021\\\/09\\\/Logo-IEMJ-Paypal.jpg\",\"contentUrl\":\"https:\\\/\\\/www.iemj.org\\\/wp-content\\\/uploads\\\/2021\\\/09\\\/Logo-IEMJ-Paypal.jpg\",\"width\":150,\"height\":50,\"caption\":\"Institut Europ\u00e9en des Musiques Juives\"},\"image\":{\"@id\":\"https:\\\/\\\/www.iemj.org\\\/en\\\/#\\\/schema\\\/logo\\\/image\\\/\"},\"sameAs\":[\"https:\\\/\\\/www.facebook.com\\\/MusiquesJuives\\\/\",\"https:\\\/\\\/www.instagram.com\\\/musiquesjuives\\\/\",\"https:\\\/\\\/www.youtube.com\\\/user\\\/musiquesjuives\"]},{\"@type\":\"Person\",\"@id\":\"https:\\\/\\\/www.iemj.org\\\/en\\\/#\\\/schema\\\/person\\\/c9bc1c386a3749579a2d675e72a18666\",\"name\":\"Jean-Gabriel Davis\",\"image\":{\"@type\":\"ImageObject\",\"inLanguage\":\"en-US\",\"@id\":\"https:\\\/\\\/secure.gravatar.com\\\/avatar\\\/2b90d67bdf392c9b3a21fab87c0fa7edaf1fb3a058172a1ffd61033fcec7aec1?s=96&d=mm&r=g\",\"url\":\"https:\\\/\\\/secure.gravatar.com\\\/avatar\\\/2b90d67bdf392c9b3a21fab87c0fa7edaf1fb3a058172a1ffd61033fcec7aec1?s=96&d=mm&r=g\",\"contentUrl\":\"https:\\\/\\\/secure.gravatar.com\\\/avatar\\\/2b90d67bdf392c9b3a21fab87c0fa7edaf1fb3a058172a1ffd61033fcec7aec1?s=96&d=mm&r=g\",\"caption\":\"Jean-Gabriel Davis\"}}]}<\/script>\n<!-- \/ Yoast SEO plugin. -->","yoast_head_json":{"title":"Yiddish Glory - Institut Europ\u00e9en des Musiques Juives","robots":{"index":"index","follow":"follow","max-snippet":"max-snippet:-1","max-image-preview":"max-image-preview:large","max-video-preview":"max-video-preview:-1"},"canonical":"https:\/\/www.iemj.org\/en\/yiddish-glory\/","og_locale":"en_US","og_type":"article","og_title":"Yiddish Glory - Institut Europ\u00e9en des Musiques Juives","og_description":"Yiddish Glory: The Lost Songs of World War II is the name of a new CD published in 2018 in the USA, from texts of songs created during the darkest","og_url":"https:\/\/www.iemj.org\/en\/yiddish-glory\/","og_site_name":"Institut Europ\u00e9en des Musiques Juives","article_publisher":"https:\/\/www.facebook.com\/MusiquesJuives\/","article_published_time":"2020-03-11T16:10:38+00:00","article_modified_time":"2025-09-10T10:10:20+00:00","og_image":[{"width":400,"height":400,"url":"https:\/\/www.iemj.org\/wp-content\/uploads\/2020\/03\/arton4582-e1619019203881.jpg","type":"image\/jpeg"}],"author":"Jean-Gabriel Davis","twitter_card":"summary_large_image","twitter_misc":{"Written by":"Jean-Gabriel Davis","Est. reading time":"3 minutes"},"schema":{"@context":"https:\/\/schema.org","@graph":[{"@type":"Article","@id":"https:\/\/www.iemj.org\/en\/yiddish-glory\/#article","isPartOf":{"@id":"https:\/\/www.iemj.org\/en\/yiddish-glory\/"},"author":{"name":"Jean-Gabriel Davis","@id":"https:\/\/www.iemj.org\/en\/#\/schema\/person\/c9bc1c386a3749579a2d675e72a18666"},"headline":"Yiddish Glory","datePublished":"2020-03-11T16:10:38+00:00","dateModified":"2025-09-10T10:10:20+00:00","mainEntityOfPage":{"@id":"https:\/\/www.iemj.org\/en\/yiddish-glory\/"},"wordCount":502,"publisher":{"@id":"https:\/\/www.iemj.org\/en\/#organization"},"image":{"@id":"https:\/\/www.iemj.org\/en\/yiddish-glory\/#primaryimage"},"thumbnailUrl":"https:\/\/www.iemj.org\/wp-content\/uploads\/2020\/03\/arton4582-e1619019203881.jpg","articleSection":["CD","Latest Acquisitions"],"inLanguage":"en-US"},{"@type":"WebPage","@id":"https:\/\/www.iemj.org\/en\/yiddish-glory\/","url":"https:\/\/www.iemj.org\/en\/yiddish-glory\/","name":"Yiddish Glory - Institut Europ\u00e9en des Musiques Juives","isPartOf":{"@id":"https:\/\/www.iemj.org\/en\/#website"},"primaryImageOfPage":{"@id":"https:\/\/www.iemj.org\/en\/yiddish-glory\/#primaryimage"},"image":{"@id":"https:\/\/www.iemj.org\/en\/yiddish-glory\/#primaryimage"},"thumbnailUrl":"https:\/\/www.iemj.org\/wp-content\/uploads\/2020\/03\/arton4582-e1619019203881.jpg","datePublished":"2020-03-11T16:10:38+00:00","dateModified":"2025-09-10T10:10:20+00:00","breadcrumb":{"@id":"https:\/\/www.iemj.org\/en\/yiddish-glory\/#breadcrumb"},"inLanguage":"en-US","potentialAction":[{"@type":"ReadAction","target":["https:\/\/www.iemj.org\/en\/yiddish-glory\/"]}]},{"@type":"ImageObject","inLanguage":"en-US","@id":"https:\/\/www.iemj.org\/en\/yiddish-glory\/#primaryimage","url":"https:\/\/www.iemj.org\/wp-content\/uploads\/2020\/03\/arton4582-e1619019203881.jpg","contentUrl":"https:\/\/www.iemj.org\/wp-content\/uploads\/2020\/03\/arton4582-e1619019203881.jpg","width":400,"height":400},{"@type":"BreadcrumbList","@id":"https:\/\/www.iemj.org\/en\/yiddish-glory\/#breadcrumb","itemListElement":[{"@type":"ListItem","position":1,"name":"Accueil","item":"https:\/\/www.iemj.org\/en\/"},{"@type":"ListItem","position":2,"name":"Yiddish Glory"}]},{"@type":"WebSite","@id":"https:\/\/www.iemj.org\/en\/#website","url":"https:\/\/www.iemj.org\/en\/","name":"Institut Europ\u00e9en des Musiques Juives","description":"Des traditions musicales \u00e0 la port\u00e9e de tous","publisher":{"@id":"https:\/\/www.iemj.org\/en\/#organization"},"potentialAction":[{"@type":"SearchAction","target":{"@type":"EntryPoint","urlTemplate":"https:\/\/www.iemj.org\/en\/?s={search_term_string}"},"query-input":{"@type":"PropertyValueSpecification","valueRequired":true,"valueName":"search_term_string"}}],"inLanguage":"en-US"},{"@type":"Organization","@id":"https:\/\/www.iemj.org\/en\/#organization","name":"Institut Europ\u00e9en des Musiques Juives","url":"https:\/\/www.iemj.org\/en\/","logo":{"@type":"ImageObject","inLanguage":"en-US","@id":"https:\/\/www.iemj.org\/en\/#\/schema\/logo\/image\/","url":"https:\/\/www.iemj.org\/wp-content\/uploads\/2021\/09\/Logo-IEMJ-Paypal.jpg","contentUrl":"https:\/\/www.iemj.org\/wp-content\/uploads\/2021\/09\/Logo-IEMJ-Paypal.jpg","width":150,"height":50,"caption":"Institut Europ\u00e9en des Musiques Juives"},"image":{"@id":"https:\/\/www.iemj.org\/en\/#\/schema\/logo\/image\/"},"sameAs":["https:\/\/www.facebook.com\/MusiquesJuives\/","https:\/\/www.instagram.com\/musiquesjuives\/","https:\/\/www.youtube.com\/user\/musiquesjuives"]},{"@type":"Person","@id":"https:\/\/www.iemj.org\/en\/#\/schema\/person\/c9bc1c386a3749579a2d675e72a18666","name":"Jean-Gabriel Davis","image":{"@type":"ImageObject","inLanguage":"en-US","@id":"https:\/\/secure.gravatar.com\/avatar\/2b90d67bdf392c9b3a21fab87c0fa7edaf1fb3a058172a1ffd61033fcec7aec1?s=96&d=mm&r=g","url":"https:\/\/secure.gravatar.com\/avatar\/2b90d67bdf392c9b3a21fab87c0fa7edaf1fb3a058172a1ffd61033fcec7aec1?s=96&d=mm&r=g","contentUrl":"https:\/\/secure.gravatar.com\/avatar\/2b90d67bdf392c9b3a21fab87c0fa7edaf1fb3a058172a1ffd61033fcec7aec1?s=96&d=mm&r=g","caption":"Jean-Gabriel Davis"}}]}},"_links":{"self":[{"href":"https:\/\/www.iemj.org\/en\/wp-json\/wp\/v2\/posts\/55307","targetHints":{"allow":["GET"]}}],"collection":[{"href":"https:\/\/www.iemj.org\/en\/wp-json\/wp\/v2\/posts"}],"about":[{"href":"https:\/\/www.iemj.org\/en\/wp-json\/wp\/v2\/types\/post"}],"author":[{"embeddable":true,"href":"https:\/\/www.iemj.org\/en\/wp-json\/wp\/v2\/users\/1048"}],"replies":[{"embeddable":true,"href":"https:\/\/www.iemj.org\/en\/wp-json\/wp\/v2\/comments?post=55307"}],"version-history":[{"count":0,"href":"https:\/\/www.iemj.org\/en\/wp-json\/wp\/v2\/posts\/55307\/revisions"}],"wp:featuredmedia":[{"embeddable":true,"href":"https:\/\/www.iemj.org\/en\/wp-json\/wp\/v2\/media\/27358"}],"wp:attachment":[{"href":"https:\/\/www.iemj.org\/en\/wp-json\/wp\/v2\/media?parent=55307"}],"wp:term":[{"taxonomy":"category","embeddable":true,"href":"https:\/\/www.iemj.org\/en\/wp-json\/wp\/v2\/categories?post=55307"},{"taxonomy":"post_tag","embeddable":true,"href":"https:\/\/www.iemj.org\/en\/wp-json\/wp\/v2\/tags?post=55307"},{"taxonomy":"technique","embeddable":true,"href":"https:\/\/www.iemj.org\/en\/wp-json\/wp\/v2\/technique?post=55307"},{"taxonomy":"squelettes","embeddable":true,"href":"https:\/\/www.iemj.org\/en\/wp-json\/wp\/v2\/squelettes?post=55307"},{"taxonomy":"sujet","embeddable":true,"href":"https:\/\/www.iemj.org\/en\/wp-json\/wp\/v2\/sujet?post=55307"},{"taxonomy":"formation","embeddable":true,"href":"https:\/\/www.iemj.org\/en\/wp-json\/wp\/v2\/formation?post=55307"},{"taxonomy":"genre","embeddable":true,"href":"https:\/\/www.iemj.org\/en\/wp-json\/wp\/v2\/genre?post=55307"},{"taxonomy":"fonds","embeddable":true,"href":"https:\/\/www.iemj.org\/en\/wp-json\/wp\/v2\/fonds?post=55307"},{"taxonomy":"tradition","embeddable":true,"href":"https:\/\/www.iemj.org\/en\/wp-json\/wp\/v2\/tradition?post=55307"},{"taxonomy":"type-de-contenu","embeddable":true,"href":"https:\/\/www.iemj.org\/en\/wp-json\/wp\/v2\/type-de-contenu?post=55307"},{"taxonomy":"interprete-compositeur","embeddable":true,"href":"https:\/\/www.iemj.org\/en\/wp-json\/wp\/v2\/interprete-compositeur?post=55307"},{"taxonomy":"frise","embeddable":true,"href":"https:\/\/www.iemj.org\/en\/wp-json\/wp\/v2\/frise?post=55307"},{"taxonomy":"type-devenement","embeddable":true,"href":"https:\/\/www.iemj.org\/en\/wp-json\/wp\/v2\/type-devenement?post=55307"},{"taxonomy":"tableaux-liens-externes","embeddable":true,"href":"https:\/\/www.iemj.org\/en\/wp-json\/wp\/v2\/tableaux-liens-externes?post=55307"}],"curies":[{"name":"wp","href":"https:\/\/api.w.org\/{rel}","templated":true}]}}