{"id":55314,"date":"2020-11-24T17:57:48","date_gmt":"2020-11-24T16:57:48","guid":{"rendered":"https:\/\/www.iemj.org\/walter-kaufmann-musique-de-chambre\/"},"modified":"2025-09-10T17:15:01","modified_gmt":"2025-09-10T15:15:01","slug":"walter-kaufmann-musique-de-chambre","status":"publish","type":"post","link":"https:\/\/www.iemj.org\/en\/walter-kaufmann-musique-de-chambre\/","title":{"rendered":"Chamber Works by Walter Kaufmann"},"content":{"rendered":"<p>Fourth opus from the serie Music in Exile, the CD <em>Chamber Works by Walter Kaufmann<\/em>, released by Chandos on August 28, 2020 makes us discover the unfairly forgotten work of a Jewish Czech composer who fled Nazism in 1934&#8230;<\/p>\n<p><!--more--><\/p>\n<p><a href=\"https:\/\/en.wikipedia.org\/wiki\/Walter_Kaufmann_(composer)\">Walter Kaufmann<\/a> takes part in the long list of European Jewish composers who were ostracised and forgotten with the rise of Nazism and the societal turmoil that followed the Second World War.<\/p>\n<p><img fetchpriority=\"high\" decoding=\"async\" class=\"alignnone\" src=\"https:\/\/www.iemj.org\/wp-content\/uploads\/2020\/11\/arc_ensemble_portrait_shot_by_nation_wong_tronquee_200px_vertic.jpg\" alt=\"arc_ensemble_portrait_shot_by_nation_wong_tronquee_200px_vertic.jpg\" width=\"320\" height=\"205\" align=\"right\" data-description=\"&quot;&lt;strong\" \/><\/p>\n<p>The destiny of this composer, conductor and musicologist is fully described in the booklet of this cd, richly documented by <a href=\"https:\/\/promusicahebraica.org\/about-pro-musica-hebraica\/board-of-advisers\/simon-wynberg\/\">Simon Wynberg<\/a>, director of the Ensemble ARC (Artists of The Royal Conservatory), created in 2002 and settled in Canada.<\/p>\n<p>Walter Kaufmann was born on April 1st, 1907 in Karlsbad, a spa resort, very popular in the Austro-Hungarian Empire, and which would be connected to Czechoslovakia after the first world war. Particularly talented for music, he entered after high school the Berlin\u2019s Musikhochschule, where he learned composition with Franz Schreker and musicology with the pioneer of this subject, Curt Sachs, who taught him in particular music from India. In 1933, while working on a musicology PhD in the German University of Prague, he discovered that his thesis director supervised a group of Hitlerian youth. He thus decided to leave Prague, and after obtaining a visa for India, boarded for Bombay in February 1934. His wife would follow him a few months later. The rest of the family, who did not believe in the persistence of the Nazi movement, would be for most of them killed during the war.<\/p>\n<p>In Bombay, Kaufmann was hired by the All India Radio (AIR) to be director of European music. In 1936, he composed the opening credits of this radio, of which the melody is still known today by hundreds of millions of Indians, who haven\u2019t the slightest idea that this music was the work of a young Czechochoslovakian Jewish refugee ! In India, Kaufmann met the young violonist Mehli Mehta, whose son Zubin Mehta would become later on one of the best conductors in the world, and who worked a part of his carreer in Israel. Kaufmann also composed several film music works for the emerging film industry in Bombay, the future Bollywood.<\/p>\n<p>Dreaming of making a carreer on Broadway or Hollywood, Kaufmann embarked for New York in December 1937. He came back to India, two years later, as he did not succeed in the American eldorado. At the end of the war, on August 30, 1946 precisely, he left for London. But his attraction for America was still strong, and he left again for New York on August 17, 1947. In September 1948, he was entitled conductor of the Winnipeg Symphony Orchestra (Canada). He made this orchestra become a professional ensemble, performing many concerts in which he played several of his works. He was also interested in teaching, in particular to the young people.<\/p>\n<p>In 1956, he was finally proposed a position in the music school of Indiana\u2019s University, in Bloomington, USA. There he published his research on the music of India, in particular in the book <em>Musical Notations of the Orient<\/em>. Walter Kaufmann then became internationally acknowledged as a musicologist, teacher, conductor and composer. He passed away from heart failure on September 9, 1984, aged 77 years old.<\/p>\n<p>His work, for the most part kept in the library of Indiana\u2019s University in Bloomington, is composed of about a hundred pieces of music, touching all genres : symphonies, operas, concertos, vocal or instrumental pieces\u2026 The music style of his work reflects the personality and route of this exceptional man. We can find influence from Indian music and its modes (ragas), mixed to reminiscences of Debussy, Bartok, Stravinski, but also of Bohemian and klezmer music !<\/p>\n<p>This CD is part of a serie called <em>Music in Exile<\/em>, which includes up to today three discs dedicated to the chamber music works of Paul Ben-Haim (release : 2013), Jerzy Fitelberg (2015) and Szymon Laks (2017).<\/p>\n<p><img decoding=\"async\" class=\" alignleft size-full wp-image-30098\" src=\"https:\/\/www.iemj.org\/wp-content\/uploads\/2020\/11\/1.cd_laks_couv_redim.jpg\" alt=\"1.cd_laks_couv_redim.jpg\" width=\"209\" height=\"210\" align=\"left\" srcset=\"https:\/\/www.iemj.org\/wp-content\/uploads\/2020\/11\/1.cd_laks_couv_redim.jpg 209w, https:\/\/www.iemj.org\/wp-content\/uploads\/2020\/11\/1.cd_laks_couv_redim-150x150.jpg 150w, https:\/\/www.iemj.org\/wp-content\/uploads\/2020\/11\/1.cd_laks_couv_redim-100x100.jpg 100w\" sizes=\"(max-width: 209px) 100vw, 209px\" \/> <img decoding=\"async\" class=\" alignleft size-full wp-image-30100\" src=\"https:\/\/www.iemj.org\/wp-content\/uploads\/2020\/11\/2.cd_fitelberg_couv_redim.jpg\" alt=\"2.cd_fitelberg_couv_redim.jpg\" width=\"210\" height=\"210\" align=\"left\" srcset=\"https:\/\/www.iemj.org\/wp-content\/uploads\/2020\/11\/2.cd_fitelberg_couv_redim.jpg 210w, https:\/\/www.iemj.org\/wp-content\/uploads\/2020\/11\/2.cd_fitelberg_couv_redim-150x150.jpg 150w, https:\/\/www.iemj.org\/wp-content\/uploads\/2020\/11\/2.cd_fitelberg_couv_redim-100x100.jpg 100w\" sizes=\"(max-width: 210px) 100vw, 210px\" \/> <img loading=\"lazy\" decoding=\"async\" class=\" alignleft size-full wp-image-30102\" src=\"https:\/\/www.iemj.org\/wp-content\/uploads\/2020\/11\/3.cd_laks_couv_redim.jpg\" alt=\"3.cd_laks_couv_redim.jpg\" width=\"210\" height=\"210\" align=\"left\" srcset=\"https:\/\/www.iemj.org\/wp-content\/uploads\/2020\/11\/3.cd_laks_couv_redim.jpg 210w, https:\/\/www.iemj.org\/wp-content\/uploads\/2020\/11\/3.cd_laks_couv_redim-150x150.jpg 150w, https:\/\/www.iemj.org\/wp-content\/uploads\/2020\/11\/3.cd_laks_couv_redim-100x100.jpg 100w\" sizes=\"(max-width: 210px) 100vw, 210px\" \/><\/p>\n<p><a href=\"https:\/\/en.wikipedia.org\/wiki\/Paul_Ben-Haim\">Paul Ben-Haim (1897-1984)<\/a>, who was born Paul Frankenburger, and who fled Nazism, emigrated to Palestine in 1933, where became one of the most famous Israeli composers. The ARC Ensemble performs in particular in this CD the Piano Quartet, op. 4, who had not been played since 1932.<\/p>\n<p>Born in Warsaw, <a href=\"https:\/\/en.wikipedia.org\/wiki\/Jerzy_Fitelberg\">Jerzy Fitelberg (1903-1951)<\/a> showed an undeniable music talent at a very young age. A graduate of Warsaw\u2019s Music school, he continued his composition studies from 1922 in Berlin\u2019s Musikhochschule, in particular with Franz Schreker. In 1933, he fled Nazi Germany to settle in Paris, before exiling once again in America in 1940. Settled in New York, he continued to write music. As his reputation got strongly established, he obtained the American citizenship in 1947, four years preceeding his death. His work, constituted of more than 80 pieces, has partly fallen in oblivion. This CD lets us discover five chamber music works composed between 1921 and 1943.<\/p>\n<p>After having followed music studies in Warsaw\u2019s Music school, <a href=\"https:\/\/en.wikipedia.org\/wiki\/Simon_Laks\">Szimon (Simon) Laks (1901-1983)<\/a> visited Vienna before settling down in Paris in 1926. He studied composition with Henri Rabaud and Paul Vidal. In May 1941, Laks was arrested and sent to Pithiviers\u2019 camp, before being deported fourteen months later to Auschwitz-Birkenau. He was entitled head of the camp\u2019s orchestra, which would allow him to survive. This traumatising experience, that he wrote down in 1948 in his book <em>Music of Another World<\/em> (republished later under the name <em>Auschwitz Melodies<\/em>), marked his entire life. Simon Laks is the author of about twenty compositions, including some lost ones, in various genres : film music, chamber music and even an opera (<em>L\u2019Hirondelle inattendue<\/em>). Few of his works refer to the Holocaust, except his <em>El\u00e9gie pour les villages juifs<\/em> (1963) which regrets the disappearing of Jewish life in Poland.<\/p>\n<p><a href=\"https:\/\/www.chandos.net\/products\/catalogue\/CHAN%2020170\">Purchase the CDs Music in Exile<\/a><br \/><a href=\"https:\/\/www.iemj.org\/en\/concert-quatuor-n-11-de-walter-kaufmann\/\" target=\"_blank\" rel=\"noopener\">Watch a sample of the Walter Kaufmann concert performed by the ARC Ensemble in Toronto in 2018<\/a><br \/><a href=\"https:\/\/www.rcmusic.com\/performance\/arc-ensemble\">Learn more on the ARC Ensemble<\/a><\/p>\n\n\n<h2 class=\"wp-block-heading\"><\/h2>\n\n\n<div class=\"wp-block-image\">\n<figure class=\"aligncenter size-large\"><img loading=\"lazy\" decoding=\"async\" width=\"1024\" height=\"133\" src=\"https:\/\/www.iemj.org\/wp-content\/uploads\/2024\/03\/AUDIO-PLAYER-1024x133.png\" alt=\"\" class=\"wp-image-110607\" srcset=\"https:\/\/www.iemj.org\/wp-content\/uploads\/2024\/03\/AUDIO-PLAYER-1024x133.png 1024w, https:\/\/www.iemj.org\/wp-content\/uploads\/2024\/03\/AUDIO-PLAYER-300x39.png 300w, https:\/\/www.iemj.org\/wp-content\/uploads\/2024\/03\/AUDIO-PLAYER-768x100.png 768w, https:\/\/www.iemj.org\/wp-content\/uploads\/2024\/03\/AUDIO-PLAYER-600x78.png 600w, https:\/\/www.iemj.org\/wp-content\/uploads\/2024\/03\/AUDIO-PLAYER.png 1210w\" sizes=\"(max-width: 1024px) 100vw, 1024px\" \/><\/figure>\n<\/div>\n\n\n<div class=\"wp-block-file\"><a href=\"https:\/\/www.iemj.org\/wp-content\/uploads\/2020\/11\/1_walter_kaufmann_-_string_quartet_n_11_2e_mvt_extrait_.mp3\">Walter Kaufmann &#8211;  String Quartet n\u00b011 (2e mvt) (Extrait)<\/a><\/div>\n\n\n\n<div class=\"wp-block-file\"><a href=\"https:\/\/www.iemj.org\/wp-content\/uploads\/2020\/11\/2_walter_kaufmann_-_string_quartet_n_11_4e_mvt_extrait_.mp3\">Walter Kaufmann &#8211; String Quartet n\u00b011 (4e mvt) (Extrait)<\/a><\/div>\n\n\n\n<div class=\"wp-block-file\"><a href=\"https:\/\/www.iemj.org\/wp-content\/uploads\/2020\/11\/3_walter_kaufmann_-_sonata_n_2_for_violin_and_piano_3e_mvt_extrait_.mp3\">Walter Kaufmann &#8211; Sonata n\u00b02 for Violin and Piano (3e mvt) (Extrait)<\/a><\/div>\n\n\n\n<div class=\"wp-block-file\"><a href=\"https:\/\/www.iemj.org\/wp-content\/uploads\/2020\/11\/4_walter_kaufmann_-_string_quartet_n_7_4e_mvt_extrait_.mp3\">Walter Kaufmann &#8211; String Quartet n\u00b07 (4e mvt) (Extrait)<\/a><\/div>\n\n\n\n<div class=\"wp-block-file\"><a href=\"https:\/\/www.iemj.org\/wp-content\/uploads\/2020\/11\/5_walter_kaufmann_-_string_quartet_n_7_5e_mvt_extrait_.mp3\">Walter Kaufmann &#8211; String Quartet n\u00b07 (5e mvt) (Extrait)<\/a><\/div>\n\n\n\n<div class=\"wp-block-file\"><a href=\"https:\/\/www.iemj.org\/wp-content\/uploads\/2020\/11\/6_walter_kaufmann_-_sonatina_n_12_arr_for_clarinet_and_piano_5e_mvt_extrait_.mp3\">Walter Kaufmann &#8211; Sonatina n\u00b012, arranged for Clarinet and Piano (5e mvt) (Extrait)<\/a><\/div>\n\n\n\n<div class=\"wp-block-file\"><a href=\"https:\/\/www.iemj.org\/wp-content\/uploads\/2020\/11\/7_paul_ben-haim_-_piano_quartet_op._4_1rst_mvt_extrait_.mp3\">Paul Ben-Haim &#8211; Piano Quartet Op. 4 (1rst mvt) (Extrait)<\/a><\/div>\n\n\n\n<div class=\"wp-block-file\"><a href=\"https:\/\/www.iemj.org\/wp-content\/uploads\/2020\/11\/8_jerzy_fitelberg_-_nachtmusik_op._9_extrait_.mp3\">Jerzy Fitelberg &#8211; Nachtmusik, Op. 9 (Extrait)<\/a><\/div>\n\n\n\n<div class=\"wp-block-file\"><a href=\"https:\/\/www.iemj.org\/wp-content\/uploads\/2020\/11\/9_szimon_laks_-_divertimento_for_violin_clarinet_bassoon_and_piano_extrait_.mp3\">Szimon Laks &#8211; Divertimento, for Violin, Clarinet, Bassoon, and Piano (Extrait)<\/a><\/div>\n","protected":false},"excerpt":{"rendered":"<p>Fourth opus from the serie Music in Exile, the CD Chamber Works by Walter Kaufmann, released by Chandos on August 28, 2020 makes us discover the unfairly forgotten work of<\/p>\n","protected":false},"author":1045,"featured_media":30094,"comment_status":"closed","ping_status":"closed","sticky":false,"template":"","format":"standard","meta":{"_acf_changed":false,"footnotes":""},"categories":[1570,1562],"tags":[],"technique":[],"squelettes":[],"sujet":[],"formation":[],"genre":[1117],"fonds":[],"tradition":[],"type-de-contenu":[],"interprete-compositeur":[],"frise":[],"type-devenement":[],"tableaux-liens-externes":[],"class_list":["post-55314","post","type-post","status-publish","format-standard","has-post-thumbnail","hentry","category-cd-latest-acquisition-en","category-latest-acquisitions-en","genre-classical-music"],"acf":[],"yoast_head":"<!-- This site is optimized with the Yoast SEO plugin v27.3 - https:\/\/yoast.com\/product\/yoast-seo-wordpress\/ -->\n<title>Chamber Works by Walter Kaufmann - Institut Europ\u00e9en des Musiques Juives<\/title>\n<meta name=\"robots\" content=\"index, follow, max-snippet:-1, max-image-preview:large, max-video-preview:-1\" \/>\n<link rel=\"canonical\" href=\"https:\/\/www.iemj.org\/en\/walter-kaufmann-musique-de-chambre\/\" \/>\n<meta property=\"og:locale\" content=\"en_US\" \/>\n<meta property=\"og:type\" content=\"article\" \/>\n<meta property=\"og:title\" content=\"Chamber Works by Walter Kaufmann - Institut Europ\u00e9en des Musiques Juives\" \/>\n<meta property=\"og:description\" content=\"Fourth opus from the serie Music in Exile, the CD Chamber Works by Walter Kaufmann, released by Chandos on August 28, 2020 makes us discover the unfairly forgotten work of\" \/>\n<meta property=\"og:url\" content=\"https:\/\/www.iemj.org\/en\/walter-kaufmann-musique-de-chambre\/\" \/>\n<meta property=\"og:site_name\" content=\"Institut Europ\u00e9en des Musiques Juives\" \/>\n<meta property=\"article:publisher\" content=\"https:\/\/www.facebook.com\/MusiquesJuives\/\" \/>\n<meta property=\"article:published_time\" content=\"2020-11-24T16:57:48+00:00\" \/>\n<meta property=\"article:modified_time\" content=\"2025-09-10T15:15:01+00:00\" \/>\n<meta property=\"og:image\" content=\"https:\/\/www.iemj.org\/wp-content\/uploads\/2020\/11\/arton4921-e1627147106659.jpg\" \/>\n\t<meta property=\"og:image:width\" content=\"350\" \/>\n\t<meta property=\"og:image:height\" content=\"347\" \/>\n\t<meta property=\"og:image:type\" content=\"image\/jpeg\" \/>\n<meta name=\"author\" content=\"Herv\u00e9 Roten\" \/>\n<meta name=\"twitter:card\" content=\"summary_large_image\" \/>\n<meta name=\"twitter:label1\" content=\"Written by\" \/>\n\t<meta name=\"twitter:data1\" content=\"Herv\u00e9 Roten\" \/>\n\t<meta name=\"twitter:label2\" content=\"Est. reading time\" \/>\n\t<meta name=\"twitter:data2\" content=\"6 minutes\" \/>\n<script type=\"application\/ld+json\" class=\"yoast-schema-graph\">{\"@context\":\"https:\\\/\\\/schema.org\",\"@graph\":[{\"@type\":\"Article\",\"@id\":\"https:\\\/\\\/www.iemj.org\\\/en\\\/walter-kaufmann-musique-de-chambre\\\/#article\",\"isPartOf\":{\"@id\":\"https:\\\/\\\/www.iemj.org\\\/en\\\/walter-kaufmann-musique-de-chambre\\\/\"},\"author\":{\"name\":\"Herv\u00e9 Roten\",\"@id\":\"https:\\\/\\\/www.iemj.org\\\/en\\\/#\\\/schema\\\/person\\\/906134402c29d5c76e7b726261dd4bbd\"},\"headline\":\"Chamber Works by Walter Kaufmann\",\"datePublished\":\"2020-11-24T16:57:48+00:00\",\"dateModified\":\"2025-09-10T15:15:01+00:00\",\"mainEntityOfPage\":{\"@id\":\"https:\\\/\\\/www.iemj.org\\\/en\\\/walter-kaufmann-musique-de-chambre\\\/\"},\"wordCount\":1048,\"publisher\":{\"@id\":\"https:\\\/\\\/www.iemj.org\\\/en\\\/#organization\"},\"image\":{\"@id\":\"https:\\\/\\\/www.iemj.org\\\/en\\\/walter-kaufmann-musique-de-chambre\\\/#primaryimage\"},\"thumbnailUrl\":\"https:\\\/\\\/www.iemj.org\\\/wp-content\\\/uploads\\\/2020\\\/11\\\/arton4921-e1627147106659.jpg\",\"articleSection\":[\"CD\",\"Latest Acquisitions\"],\"inLanguage\":\"en-US\"},{\"@type\":\"WebPage\",\"@id\":\"https:\\\/\\\/www.iemj.org\\\/en\\\/walter-kaufmann-musique-de-chambre\\\/\",\"url\":\"https:\\\/\\\/www.iemj.org\\\/en\\\/walter-kaufmann-musique-de-chambre\\\/\",\"name\":\"Chamber Works by Walter Kaufmann - Institut Europ\u00e9en des Musiques Juives\",\"isPartOf\":{\"@id\":\"https:\\\/\\\/www.iemj.org\\\/en\\\/#website\"},\"primaryImageOfPage\":{\"@id\":\"https:\\\/\\\/www.iemj.org\\\/en\\\/walter-kaufmann-musique-de-chambre\\\/#primaryimage\"},\"image\":{\"@id\":\"https:\\\/\\\/www.iemj.org\\\/en\\\/walter-kaufmann-musique-de-chambre\\\/#primaryimage\"},\"thumbnailUrl\":\"https:\\\/\\\/www.iemj.org\\\/wp-content\\\/uploads\\\/2020\\\/11\\\/arton4921-e1627147106659.jpg\",\"datePublished\":\"2020-11-24T16:57:48+00:00\",\"dateModified\":\"2025-09-10T15:15:01+00:00\",\"breadcrumb\":{\"@id\":\"https:\\\/\\\/www.iemj.org\\\/en\\\/walter-kaufmann-musique-de-chambre\\\/#breadcrumb\"},\"inLanguage\":\"en-US\",\"potentialAction\":[{\"@type\":\"ReadAction\",\"target\":[\"https:\\\/\\\/www.iemj.org\\\/en\\\/walter-kaufmann-musique-de-chambre\\\/\"]}]},{\"@type\":\"ImageObject\",\"inLanguage\":\"en-US\",\"@id\":\"https:\\\/\\\/www.iemj.org\\\/en\\\/walter-kaufmann-musique-de-chambre\\\/#primaryimage\",\"url\":\"https:\\\/\\\/www.iemj.org\\\/wp-content\\\/uploads\\\/2020\\\/11\\\/arton4921-e1627147106659.jpg\",\"contentUrl\":\"https:\\\/\\\/www.iemj.org\\\/wp-content\\\/uploads\\\/2020\\\/11\\\/arton4921-e1627147106659.jpg\",\"width\":350,\"height\":347},{\"@type\":\"BreadcrumbList\",\"@id\":\"https:\\\/\\\/www.iemj.org\\\/en\\\/walter-kaufmann-musique-de-chambre\\\/#breadcrumb\",\"itemListElement\":[{\"@type\":\"ListItem\",\"position\":1,\"name\":\"Accueil\",\"item\":\"https:\\\/\\\/www.iemj.org\\\/en\\\/\"},{\"@type\":\"ListItem\",\"position\":2,\"name\":\"Chamber Works by Walter Kaufmann\"}]},{\"@type\":\"WebSite\",\"@id\":\"https:\\\/\\\/www.iemj.org\\\/en\\\/#website\",\"url\":\"https:\\\/\\\/www.iemj.org\\\/en\\\/\",\"name\":\"Institut Europ\u00e9en des Musiques Juives\",\"description\":\"Des traditions musicales \u00e0 la port\u00e9e de tous\",\"publisher\":{\"@id\":\"https:\\\/\\\/www.iemj.org\\\/en\\\/#organization\"},\"potentialAction\":[{\"@type\":\"SearchAction\",\"target\":{\"@type\":\"EntryPoint\",\"urlTemplate\":\"https:\\\/\\\/www.iemj.org\\\/en\\\/?s={search_term_string}\"},\"query-input\":{\"@type\":\"PropertyValueSpecification\",\"valueRequired\":true,\"valueName\":\"search_term_string\"}}],\"inLanguage\":\"en-US\"},{\"@type\":\"Organization\",\"@id\":\"https:\\\/\\\/www.iemj.org\\\/en\\\/#organization\",\"name\":\"Institut Europ\u00e9en des Musiques Juives\",\"url\":\"https:\\\/\\\/www.iemj.org\\\/en\\\/\",\"logo\":{\"@type\":\"ImageObject\",\"inLanguage\":\"en-US\",\"@id\":\"https:\\\/\\\/www.iemj.org\\\/en\\\/#\\\/schema\\\/logo\\\/image\\\/\",\"url\":\"https:\\\/\\\/www.iemj.org\\\/wp-content\\\/uploads\\\/2021\\\/09\\\/Logo-IEMJ-Paypal.jpg\",\"contentUrl\":\"https:\\\/\\\/www.iemj.org\\\/wp-content\\\/uploads\\\/2021\\\/09\\\/Logo-IEMJ-Paypal.jpg\",\"width\":150,\"height\":50,\"caption\":\"Institut Europ\u00e9en des Musiques Juives\"},\"image\":{\"@id\":\"https:\\\/\\\/www.iemj.org\\\/en\\\/#\\\/schema\\\/logo\\\/image\\\/\"},\"sameAs\":[\"https:\\\/\\\/www.facebook.com\\\/MusiquesJuives\\\/\",\"https:\\\/\\\/www.instagram.com\\\/musiquesjuives\\\/\",\"https:\\\/\\\/www.youtube.com\\\/user\\\/musiquesjuives\"]},{\"@type\":\"Person\",\"@id\":\"https:\\\/\\\/www.iemj.org\\\/en\\\/#\\\/schema\\\/person\\\/906134402c29d5c76e7b726261dd4bbd\",\"name\":\"Herv\u00e9 Roten\",\"image\":{\"@type\":\"ImageObject\",\"inLanguage\":\"en-US\",\"@id\":\"https:\\\/\\\/secure.gravatar.com\\\/avatar\\\/f96ad2db538a26481f18384936b5cd0610c92d390c4dc382209216d455f685ff?s=96&d=mm&r=g\",\"url\":\"https:\\\/\\\/secure.gravatar.com\\\/avatar\\\/f96ad2db538a26481f18384936b5cd0610c92d390c4dc382209216d455f685ff?s=96&d=mm&r=g\",\"contentUrl\":\"https:\\\/\\\/secure.gravatar.com\\\/avatar\\\/f96ad2db538a26481f18384936b5cd0610c92d390c4dc382209216d455f685ff?s=96&d=mm&r=g\",\"caption\":\"Herv\u00e9 Roten\"}}]}<\/script>\n<!-- \/ Yoast SEO plugin. -->","yoast_head_json":{"title":"Chamber Works by Walter Kaufmann - Institut Europ\u00e9en des Musiques Juives","robots":{"index":"index","follow":"follow","max-snippet":"max-snippet:-1","max-image-preview":"max-image-preview:large","max-video-preview":"max-video-preview:-1"},"canonical":"https:\/\/www.iemj.org\/en\/walter-kaufmann-musique-de-chambre\/","og_locale":"en_US","og_type":"article","og_title":"Chamber Works by Walter Kaufmann - Institut Europ\u00e9en des Musiques Juives","og_description":"Fourth opus from the serie Music in Exile, the CD Chamber Works by Walter Kaufmann, released by Chandos on August 28, 2020 makes us discover the unfairly forgotten work of","og_url":"https:\/\/www.iemj.org\/en\/walter-kaufmann-musique-de-chambre\/","og_site_name":"Institut Europ\u00e9en des Musiques Juives","article_publisher":"https:\/\/www.facebook.com\/MusiquesJuives\/","article_published_time":"2020-11-24T16:57:48+00:00","article_modified_time":"2025-09-10T15:15:01+00:00","og_image":[{"width":350,"height":347,"url":"https:\/\/www.iemj.org\/wp-content\/uploads\/2020\/11\/arton4921-e1627147106659.jpg","type":"image\/jpeg"}],"author":"Herv\u00e9 Roten","twitter_card":"summary_large_image","twitter_misc":{"Written by":"Herv\u00e9 Roten","Est. reading time":"6 minutes"},"schema":{"@context":"https:\/\/schema.org","@graph":[{"@type":"Article","@id":"https:\/\/www.iemj.org\/en\/walter-kaufmann-musique-de-chambre\/#article","isPartOf":{"@id":"https:\/\/www.iemj.org\/en\/walter-kaufmann-musique-de-chambre\/"},"author":{"name":"Herv\u00e9 Roten","@id":"https:\/\/www.iemj.org\/en\/#\/schema\/person\/906134402c29d5c76e7b726261dd4bbd"},"headline":"Chamber Works by Walter Kaufmann","datePublished":"2020-11-24T16:57:48+00:00","dateModified":"2025-09-10T15:15:01+00:00","mainEntityOfPage":{"@id":"https:\/\/www.iemj.org\/en\/walter-kaufmann-musique-de-chambre\/"},"wordCount":1048,"publisher":{"@id":"https:\/\/www.iemj.org\/en\/#organization"},"image":{"@id":"https:\/\/www.iemj.org\/en\/walter-kaufmann-musique-de-chambre\/#primaryimage"},"thumbnailUrl":"https:\/\/www.iemj.org\/wp-content\/uploads\/2020\/11\/arton4921-e1627147106659.jpg","articleSection":["CD","Latest Acquisitions"],"inLanguage":"en-US"},{"@type":"WebPage","@id":"https:\/\/www.iemj.org\/en\/walter-kaufmann-musique-de-chambre\/","url":"https:\/\/www.iemj.org\/en\/walter-kaufmann-musique-de-chambre\/","name":"Chamber Works by Walter Kaufmann - Institut Europ\u00e9en des Musiques Juives","isPartOf":{"@id":"https:\/\/www.iemj.org\/en\/#website"},"primaryImageOfPage":{"@id":"https:\/\/www.iemj.org\/en\/walter-kaufmann-musique-de-chambre\/#primaryimage"},"image":{"@id":"https:\/\/www.iemj.org\/en\/walter-kaufmann-musique-de-chambre\/#primaryimage"},"thumbnailUrl":"https:\/\/www.iemj.org\/wp-content\/uploads\/2020\/11\/arton4921-e1627147106659.jpg","datePublished":"2020-11-24T16:57:48+00:00","dateModified":"2025-09-10T15:15:01+00:00","breadcrumb":{"@id":"https:\/\/www.iemj.org\/en\/walter-kaufmann-musique-de-chambre\/#breadcrumb"},"inLanguage":"en-US","potentialAction":[{"@type":"ReadAction","target":["https:\/\/www.iemj.org\/en\/walter-kaufmann-musique-de-chambre\/"]}]},{"@type":"ImageObject","inLanguage":"en-US","@id":"https:\/\/www.iemj.org\/en\/walter-kaufmann-musique-de-chambre\/#primaryimage","url":"https:\/\/www.iemj.org\/wp-content\/uploads\/2020\/11\/arton4921-e1627147106659.jpg","contentUrl":"https:\/\/www.iemj.org\/wp-content\/uploads\/2020\/11\/arton4921-e1627147106659.jpg","width":350,"height":347},{"@type":"BreadcrumbList","@id":"https:\/\/www.iemj.org\/en\/walter-kaufmann-musique-de-chambre\/#breadcrumb","itemListElement":[{"@type":"ListItem","position":1,"name":"Accueil","item":"https:\/\/www.iemj.org\/en\/"},{"@type":"ListItem","position":2,"name":"Chamber Works by Walter Kaufmann"}]},{"@type":"WebSite","@id":"https:\/\/www.iemj.org\/en\/#website","url":"https:\/\/www.iemj.org\/en\/","name":"Institut Europ\u00e9en des Musiques Juives","description":"Des traditions musicales \u00e0 la port\u00e9e de tous","publisher":{"@id":"https:\/\/www.iemj.org\/en\/#organization"},"potentialAction":[{"@type":"SearchAction","target":{"@type":"EntryPoint","urlTemplate":"https:\/\/www.iemj.org\/en\/?s={search_term_string}"},"query-input":{"@type":"PropertyValueSpecification","valueRequired":true,"valueName":"search_term_string"}}],"inLanguage":"en-US"},{"@type":"Organization","@id":"https:\/\/www.iemj.org\/en\/#organization","name":"Institut Europ\u00e9en des Musiques Juives","url":"https:\/\/www.iemj.org\/en\/","logo":{"@type":"ImageObject","inLanguage":"en-US","@id":"https:\/\/www.iemj.org\/en\/#\/schema\/logo\/image\/","url":"https:\/\/www.iemj.org\/wp-content\/uploads\/2021\/09\/Logo-IEMJ-Paypal.jpg","contentUrl":"https:\/\/www.iemj.org\/wp-content\/uploads\/2021\/09\/Logo-IEMJ-Paypal.jpg","width":150,"height":50,"caption":"Institut Europ\u00e9en des Musiques Juives"},"image":{"@id":"https:\/\/www.iemj.org\/en\/#\/schema\/logo\/image\/"},"sameAs":["https:\/\/www.facebook.com\/MusiquesJuives\/","https:\/\/www.instagram.com\/musiquesjuives\/","https:\/\/www.youtube.com\/user\/musiquesjuives"]},{"@type":"Person","@id":"https:\/\/www.iemj.org\/en\/#\/schema\/person\/906134402c29d5c76e7b726261dd4bbd","name":"Herv\u00e9 Roten","image":{"@type":"ImageObject","inLanguage":"en-US","@id":"https:\/\/secure.gravatar.com\/avatar\/f96ad2db538a26481f18384936b5cd0610c92d390c4dc382209216d455f685ff?s=96&d=mm&r=g","url":"https:\/\/secure.gravatar.com\/avatar\/f96ad2db538a26481f18384936b5cd0610c92d390c4dc382209216d455f685ff?s=96&d=mm&r=g","contentUrl":"https:\/\/secure.gravatar.com\/avatar\/f96ad2db538a26481f18384936b5cd0610c92d390c4dc382209216d455f685ff?s=96&d=mm&r=g","caption":"Herv\u00e9 Roten"}}]}},"_links":{"self":[{"href":"https:\/\/www.iemj.org\/en\/wp-json\/wp\/v2\/posts\/55314","targetHints":{"allow":["GET"]}}],"collection":[{"href":"https:\/\/www.iemj.org\/en\/wp-json\/wp\/v2\/posts"}],"about":[{"href":"https:\/\/www.iemj.org\/en\/wp-json\/wp\/v2\/types\/post"}],"author":[{"embeddable":true,"href":"https:\/\/www.iemj.org\/en\/wp-json\/wp\/v2\/users\/1045"}],"replies":[{"embeddable":true,"href":"https:\/\/www.iemj.org\/en\/wp-json\/wp\/v2\/comments?post=55314"}],"version-history":[{"count":0,"href":"https:\/\/www.iemj.org\/en\/wp-json\/wp\/v2\/posts\/55314\/revisions"}],"wp:featuredmedia":[{"embeddable":true,"href":"https:\/\/www.iemj.org\/en\/wp-json\/wp\/v2\/media\/30094"}],"wp:attachment":[{"href":"https:\/\/www.iemj.org\/en\/wp-json\/wp\/v2\/media?parent=55314"}],"wp:term":[{"taxonomy":"category","embeddable":true,"href":"https:\/\/www.iemj.org\/en\/wp-json\/wp\/v2\/categories?post=55314"},{"taxonomy":"post_tag","embeddable":true,"href":"https:\/\/www.iemj.org\/en\/wp-json\/wp\/v2\/tags?post=55314"},{"taxonomy":"technique","embeddable":true,"href":"https:\/\/www.iemj.org\/en\/wp-json\/wp\/v2\/technique?post=55314"},{"taxonomy":"squelettes","embeddable":true,"href":"https:\/\/www.iemj.org\/en\/wp-json\/wp\/v2\/squelettes?post=55314"},{"taxonomy":"sujet","embeddable":true,"href":"https:\/\/www.iemj.org\/en\/wp-json\/wp\/v2\/sujet?post=55314"},{"taxonomy":"formation","embeddable":true,"href":"https:\/\/www.iemj.org\/en\/wp-json\/wp\/v2\/formation?post=55314"},{"taxonomy":"genre","embeddable":true,"href":"https:\/\/www.iemj.org\/en\/wp-json\/wp\/v2\/genre?post=55314"},{"taxonomy":"fonds","embeddable":true,"href":"https:\/\/www.iemj.org\/en\/wp-json\/wp\/v2\/fonds?post=55314"},{"taxonomy":"tradition","embeddable":true,"href":"https:\/\/www.iemj.org\/en\/wp-json\/wp\/v2\/tradition?post=55314"},{"taxonomy":"type-de-contenu","embeddable":true,"href":"https:\/\/www.iemj.org\/en\/wp-json\/wp\/v2\/type-de-contenu?post=55314"},{"taxonomy":"interprete-compositeur","embeddable":true,"href":"https:\/\/www.iemj.org\/en\/wp-json\/wp\/v2\/interprete-compositeur?post=55314"},{"taxonomy":"frise","embeddable":true,"href":"https:\/\/www.iemj.org\/en\/wp-json\/wp\/v2\/frise?post=55314"},{"taxonomy":"type-devenement","embeddable":true,"href":"https:\/\/www.iemj.org\/en\/wp-json\/wp\/v2\/type-devenement?post=55314"},{"taxonomy":"tableaux-liens-externes","embeddable":true,"href":"https:\/\/www.iemj.org\/en\/wp-json\/wp\/v2\/tableaux-liens-externes?post=55314"}],"curies":[{"name":"wp","href":"https:\/\/api.w.org\/{rel}","templated":true}]}}