{"id":55356,"date":"2017-07-17T16:35:01","date_gmt":"2017-07-17T14:35:01","guid":{"rendered":"https:\/\/www.iemj.org\/la-sequence-israelienne-par-avner-azoulay-2\/"},"modified":"2025-06-19T15:01:42","modified_gmt":"2025-06-19T13:01:42","slug":"la-sequence-israelienne-par-avner-azoulay-2","status":"publish","type":"post","link":"https:\/\/www.iemj.org\/en\/la-sequence-israelienne-par-avner-azoulay-2\/","title":{"rendered":"The Israeli sequence by Avner Azoulay, 2nd part"},"content":{"rendered":"<p class=\"post_excerpt\"><strong>A presentation of Israeli music, at the same time Sefardi, Ashkenazi and Middle-Eastern <\/strong><\/p>\n<p><!--more--><strong>Defining Israeli music?<\/strong><\/p>\n<p>A mixed salad composed of several types of Jewish music from all around the world and gathered throughout the centuries. This is my perception of Israeli music, at the same time Sephardi, Ashkenazi and Middle Eastern&#8230; Thus we have a Jewish musical range from all over the world, which was forged to create Israeli music.<\/p>\n<p>I invite you here to discover one of the multiple facets of Israeli music, one turned towards direction of the East and its spiced music.<\/p>\n<p>I grew up listening to Eastern and Israeli music since I was a baby, with my father, first Jewish DJ in Paris and radio host of the show \u201c la f\u00eate orientale\u201d on Juda\u00efques FM since 1981. Therefore, with a lot of humility, I propose to you a few delicious songs of the \u201cMizrahit\u201d music, or Eastern-Israeli music.<\/p>\n<p>During this journey, we will hear the founders of this music, in particular Zohar Argov, considered as the king of Eastern-Israeli music.<br \/>We will land softly with the new names and talents of nowadays.<br \/>Have a pleasant journey and listening&#8230;<\/p>\n\n<div class=\"wp-block-image\">\n<figure class=\"aligncenter size-large\"><img fetchpriority=\"high\" decoding=\"async\" width=\"1024\" height=\"133\" src=\"https:\/\/www.iemj.org\/wp-content\/uploads\/2024\/03\/AUDIO-PLAYER-1024x133.png\" alt=\"\" class=\"wp-image-110607\" srcset=\"https:\/\/www.iemj.org\/wp-content\/uploads\/2024\/03\/AUDIO-PLAYER-1024x133.png 1024w, https:\/\/www.iemj.org\/wp-content\/uploads\/2024\/03\/AUDIO-PLAYER-300x39.png 300w, https:\/\/www.iemj.org\/wp-content\/uploads\/2024\/03\/AUDIO-PLAYER-768x100.png 768w, https:\/\/www.iemj.org\/wp-content\/uploads\/2024\/03\/AUDIO-PLAYER-600x78.png 600w, https:\/\/www.iemj.org\/wp-content\/uploads\/2024\/03\/AUDIO-PLAYER.png 1210w\" sizes=\"(max-width: 1024px) 100vw, 1024px\" \/><\/figure>\n<\/div>\n\n\n<h2 class=\"wp-block-heading\"><\/h2>\n\n\n\n<div class=\"wp-block-file\"><a href=\"https:\/\/www.iemj.org\/wp-content\/uploads\/2017\/07\/avner_gadassi_-_halfou_yamaye.mp3\">Halfou Yamaye &#8211; Avner Gadassi<\/a><\/div>\n\n\n\n<div class=\"wp-block-file\"><a href=\"https:\/\/www.iemj.org\/wp-content\/uploads\/2017\/07\/doudou_aharon_et_sharif_-_hakol_kore_betel_aviv.mp3\">Hakol Kor\u00e9 B\u00e9Tel Aviv &#8211; Doudou Aharon &amp; Sharif <\/a><\/div>\n\n\n\n<div class=\"wp-block-file\"><a href=\"https:\/\/www.iemj.org\/wp-content\/uploads\/2017\/07\/eyal_golan_et_sarit_hadad_-_menaguenet_et_hayaye.mp3\">M\u00e9nagu\u00e9n\u00e8t&#8217; Et&#8217; Hayaye &#8211; Eyal Golan &amp; Sarit Hadad <\/a><\/div>\n\n\n\n<div class=\"wp-block-file\"><a href=\"https:\/\/www.iemj.org\/wp-content\/uploads\/2017\/07\/haim_moshe_-_ahavat_hayaye.mp3\">Ahavat&#8217; Hayaye &#8211; Haim Mosh\u00e9 <\/a><\/div>\n\n\n\n<div class=\"wp-block-file\"><a href=\"https:\/\/www.iemj.org\/wp-content\/uploads\/2017\/07\/haim_moshe_-_hakolot_shel_pireouss.mp3\">Hakolot Shel Pir\u00e9ouss &#8211; Haim Mosh\u00e9<\/a><\/div>\n\n\n\n<div class=\"wp-block-file\"><a href=\"https:\/\/www.iemj.org\/wp-content\/uploads\/2017\/07\/kobi_perets_et_ishtar_-_yahad.mp3\">Yahad &#8211; Kobi Perets &amp; Ishtar <\/a><\/div>\n\n\n\n<div class=\"wp-block-file\"><a href=\"https:\/\/www.iemj.org\/wp-content\/uploads\/2017\/07\/lior_narkis_et_doudou_aharon_-_haguigua_beisrael.mp3\">Haguigua B\u00e9Israel &#8211; Lior Narkis &amp; Doudou Aharon <\/a><\/div>\n\n\n\n<div class=\"wp-block-file\"><a href=\"https:\/\/www.iemj.org\/wp-content\/uploads\/2017\/07\/sarit_hadad_-_inta_daymane.mp3\">Inta Daymane &#8211; Sarit Hadad <\/a><\/div>\n\n\n\n<div class=\"wp-block-file\"><a href=\"https:\/\/www.iemj.org\/wp-content\/uploads\/2017\/07\/shimi_tavori_-_etmol_hayit_shona.mp3\">Etmol Hayit&#8217; Shona &#8211; Shimi Tavori<\/a><\/div>\n\n\n\n<div class=\"wp-block-file\"><a href=\"https:\/\/www.iemj.org\/wp-content\/uploads\/2017\/07\/ychai_levi_-_raaya.mp3\">Raaya &#8211; Ychai L\u00e9vi <\/a><\/div>\n\n\n\n<div class=\"wp-block-file\"><a href=\"https:\/\/www.iemj.org\/wp-content\/uploads\/2017\/07\/zehava_ben_-_esh_esh.mp3\">Esh Esh &#8211; Zehava Ben <\/a><\/div>\n\n\n\n<div class=\"wp-block-file\"><a href=\"https:\/\/www.iemj.org\/wp-content\/uploads\/2017\/07\/zohar_argov_-_haperah_begani.mp3\">Hap\u00e9rah&#8217; B\u00e9gani &#8211; Zohar Argov <\/a><\/div>\n\n\n\n<div class=\"wp-block-file\"><a href=\"https:\/\/www.iemj.org\/wp-content\/uploads\/2017\/07\/zohar_argov_-_od_yom_yavo.mp3\">Od Yom Yavo &#8211; Zohar Argov <\/a><\/div>\n","protected":false},"excerpt":{"rendered":"<p>A presentation of Israeli music, at the same time Sefardi, Ashkenazi and Middle-Eastern<\/p>\n","protected":false},"author":1052,"featured_media":14795,"comment_status":"closed","ping_status":"closed","sticky":false,"template":"","format":"standard","meta":{"_acf_changed":false,"footnotes":""},"categories":[1523,1317],"tags":[2087],"technique":[],"squelettes":[],"sujet":[],"formation":[],"genre":[1109],"fonds":[],"tradition":[],"type-de-contenu":[],"interprete-compositeur":[],"frise":[],"type-devenement":[],"tableaux-liens-externes":[],"class_list":["post-55356","post","type-post","status-publish","format-standard","has-post-thumbnail","hentry","category-listen-watch-en","category-playlists-en","tag-israel-en","genre-israeli-songs"],"acf":[],"yoast_head":"<!-- This site is optimized with the Yoast SEO plugin v27.3 - https:\/\/yoast.com\/product\/yoast-seo-wordpress\/ -->\n<title>The Israeli sequence by Avner Azoulay, 2nd part - Institut Europ\u00e9en des Musiques Juives<\/title>\n<meta name=\"robots\" content=\"index, follow, max-snippet:-1, max-image-preview:large, max-video-preview:-1\" \/>\n<link rel=\"canonical\" href=\"https:\/\/www.iemj.org\/en\/la-sequence-israelienne-par-avner-azoulay-2\/\" \/>\n<meta property=\"og:locale\" content=\"en_US\" \/>\n<meta property=\"og:type\" content=\"article\" \/>\n<meta property=\"og:title\" content=\"The Israeli sequence by Avner Azoulay, 2nd part - Institut Europ\u00e9en des Musiques Juives\" \/>\n<meta property=\"og:description\" content=\"A presentation of Israeli music, at the same time Sefardi, Ashkenazi and Middle-Eastern\" \/>\n<meta property=\"og:url\" content=\"https:\/\/www.iemj.org\/en\/la-sequence-israelienne-par-avner-azoulay-2\/\" \/>\n<meta property=\"og:site_name\" content=\"Institut Europ\u00e9en des Musiques Juives\" \/>\n<meta property=\"article:publisher\" content=\"https:\/\/www.facebook.com\/MusiquesJuives\/\" \/>\n<meta property=\"article:published_time\" content=\"2017-07-17T14:35:01+00:00\" \/>\n<meta property=\"article:modified_time\" content=\"2025-06-19T13:01:42+00:00\" \/>\n<meta property=\"og:image\" content=\"https:\/\/www.iemj.org\/wp-content\/uploads\/2017\/07\/arton2406.jpg\" \/>\n\t<meta property=\"og:image:width\" content=\"276\" \/>\n\t<meta property=\"og:image:height\" content=\"277\" \/>\n\t<meta property=\"og:image:type\" content=\"image\/jpeg\" \/>\n<meta name=\"author\" content=\"Lea Couderc\" \/>\n<meta name=\"twitter:card\" content=\"summary_large_image\" \/>\n<meta name=\"twitter:label1\" content=\"Written by\" \/>\n\t<meta name=\"twitter:data1\" content=\"Lea Couderc\" \/>\n\t<meta name=\"twitter:label2\" content=\"Est. reading time\" \/>\n\t<meta name=\"twitter:data2\" content=\"2 minutes\" \/>\n<script type=\"application\/ld+json\" class=\"yoast-schema-graph\">{\"@context\":\"https:\\\/\\\/schema.org\",\"@graph\":[{\"@type\":\"Article\",\"@id\":\"https:\\\/\\\/www.iemj.org\\\/en\\\/la-sequence-israelienne-par-avner-azoulay-2\\\/#article\",\"isPartOf\":{\"@id\":\"https:\\\/\\\/www.iemj.org\\\/en\\\/la-sequence-israelienne-par-avner-azoulay-2\\\/\"},\"author\":{\"name\":\"Lea Couderc\",\"@id\":\"https:\\\/\\\/www.iemj.org\\\/en\\\/#\\\/schema\\\/person\\\/e2ad57f2c4be119c7ed8ab79036807a9\"},\"headline\":\"The Israeli sequence by Avner Azoulay, 2nd part\",\"datePublished\":\"2017-07-17T14:35:01+00:00\",\"dateModified\":\"2025-06-19T13:01:42+00:00\",\"mainEntityOfPage\":{\"@id\":\"https:\\\/\\\/www.iemj.org\\\/en\\\/la-sequence-israelienne-par-avner-azoulay-2\\\/\"},\"wordCount\":290,\"publisher\":{\"@id\":\"https:\\\/\\\/www.iemj.org\\\/en\\\/#organization\"},\"image\":{\"@id\":\"https:\\\/\\\/www.iemj.org\\\/en\\\/la-sequence-israelienne-par-avner-azoulay-2\\\/#primaryimage\"},\"thumbnailUrl\":\"https:\\\/\\\/www.iemj.org\\\/wp-content\\\/uploads\\\/2017\\\/07\\\/arton2406.jpg\",\"keywords\":[\"Israel\"],\"articleSection\":[\"Listen \\\/ Watch\",\"Playlists\"],\"inLanguage\":\"en-US\"},{\"@type\":\"WebPage\",\"@id\":\"https:\\\/\\\/www.iemj.org\\\/en\\\/la-sequence-israelienne-par-avner-azoulay-2\\\/\",\"url\":\"https:\\\/\\\/www.iemj.org\\\/en\\\/la-sequence-israelienne-par-avner-azoulay-2\\\/\",\"name\":\"The Israeli sequence by Avner Azoulay, 2nd part - Institut Europ\u00e9en des Musiques Juives\",\"isPartOf\":{\"@id\":\"https:\\\/\\\/www.iemj.org\\\/en\\\/#website\"},\"primaryImageOfPage\":{\"@id\":\"https:\\\/\\\/www.iemj.org\\\/en\\\/la-sequence-israelienne-par-avner-azoulay-2\\\/#primaryimage\"},\"image\":{\"@id\":\"https:\\\/\\\/www.iemj.org\\\/en\\\/la-sequence-israelienne-par-avner-azoulay-2\\\/#primaryimage\"},\"thumbnailUrl\":\"https:\\\/\\\/www.iemj.org\\\/wp-content\\\/uploads\\\/2017\\\/07\\\/arton2406.jpg\",\"datePublished\":\"2017-07-17T14:35:01+00:00\",\"dateModified\":\"2025-06-19T13:01:42+00:00\",\"breadcrumb\":{\"@id\":\"https:\\\/\\\/www.iemj.org\\\/en\\\/la-sequence-israelienne-par-avner-azoulay-2\\\/#breadcrumb\"},\"inLanguage\":\"en-US\",\"potentialAction\":[{\"@type\":\"ReadAction\",\"target\":[\"https:\\\/\\\/www.iemj.org\\\/en\\\/la-sequence-israelienne-par-avner-azoulay-2\\\/\"]}]},{\"@type\":\"ImageObject\",\"inLanguage\":\"en-US\",\"@id\":\"https:\\\/\\\/www.iemj.org\\\/en\\\/la-sequence-israelienne-par-avner-azoulay-2\\\/#primaryimage\",\"url\":\"https:\\\/\\\/www.iemj.org\\\/wp-content\\\/uploads\\\/2017\\\/07\\\/arton2406.jpg\",\"contentUrl\":\"https:\\\/\\\/www.iemj.org\\\/wp-content\\\/uploads\\\/2017\\\/07\\\/arton2406.jpg\",\"width\":276,\"height\":277},{\"@type\":\"BreadcrumbList\",\"@id\":\"https:\\\/\\\/www.iemj.org\\\/en\\\/la-sequence-israelienne-par-avner-azoulay-2\\\/#breadcrumb\",\"itemListElement\":[{\"@type\":\"ListItem\",\"position\":1,\"name\":\"Accueil\",\"item\":\"https:\\\/\\\/www.iemj.org\\\/en\\\/\"},{\"@type\":\"ListItem\",\"position\":2,\"name\":\"The Israeli sequence by Avner Azoulay, 2nd part\"}]},{\"@type\":\"WebSite\",\"@id\":\"https:\\\/\\\/www.iemj.org\\\/en\\\/#website\",\"url\":\"https:\\\/\\\/www.iemj.org\\\/en\\\/\",\"name\":\"Institut Europ\u00e9en des Musiques Juives\",\"description\":\"Des traditions musicales \u00e0 la port\u00e9e de tous\",\"publisher\":{\"@id\":\"https:\\\/\\\/www.iemj.org\\\/en\\\/#organization\"},\"potentialAction\":[{\"@type\":\"SearchAction\",\"target\":{\"@type\":\"EntryPoint\",\"urlTemplate\":\"https:\\\/\\\/www.iemj.org\\\/en\\\/?s={search_term_string}\"},\"query-input\":{\"@type\":\"PropertyValueSpecification\",\"valueRequired\":true,\"valueName\":\"search_term_string\"}}],\"inLanguage\":\"en-US\"},{\"@type\":\"Organization\",\"@id\":\"https:\\\/\\\/www.iemj.org\\\/en\\\/#organization\",\"name\":\"Institut Europ\u00e9en des Musiques Juives\",\"url\":\"https:\\\/\\\/www.iemj.org\\\/en\\\/\",\"logo\":{\"@type\":\"ImageObject\",\"inLanguage\":\"en-US\",\"@id\":\"https:\\\/\\\/www.iemj.org\\\/en\\\/#\\\/schema\\\/logo\\\/image\\\/\",\"url\":\"https:\\\/\\\/www.iemj.org\\\/wp-content\\\/uploads\\\/2021\\\/09\\\/Logo-IEMJ-Paypal.jpg\",\"contentUrl\":\"https:\\\/\\\/www.iemj.org\\\/wp-content\\\/uploads\\\/2021\\\/09\\\/Logo-IEMJ-Paypal.jpg\",\"width\":150,\"height\":50,\"caption\":\"Institut Europ\u00e9en des Musiques Juives\"},\"image\":{\"@id\":\"https:\\\/\\\/www.iemj.org\\\/en\\\/#\\\/schema\\\/logo\\\/image\\\/\"},\"sameAs\":[\"https:\\\/\\\/www.facebook.com\\\/MusiquesJuives\\\/\",\"https:\\\/\\\/www.instagram.com\\\/musiquesjuives\\\/\",\"https:\\\/\\\/www.youtube.com\\\/user\\\/musiquesjuives\"]},{\"@type\":\"Person\",\"@id\":\"https:\\\/\\\/www.iemj.org\\\/en\\\/#\\\/schema\\\/person\\\/e2ad57f2c4be119c7ed8ab79036807a9\",\"name\":\"Lea Couderc\",\"image\":{\"@type\":\"ImageObject\",\"inLanguage\":\"en-US\",\"@id\":\"https:\\\/\\\/secure.gravatar.com\\\/avatar\\\/46ee021475d60aeff17a7e490b79dea5a5684bb392ab7fd1494027411df8ba23?s=96&d=mm&r=g\",\"url\":\"https:\\\/\\\/secure.gravatar.com\\\/avatar\\\/46ee021475d60aeff17a7e490b79dea5a5684bb392ab7fd1494027411df8ba23?s=96&d=mm&r=g\",\"contentUrl\":\"https:\\\/\\\/secure.gravatar.com\\\/avatar\\\/46ee021475d60aeff17a7e490b79dea5a5684bb392ab7fd1494027411df8ba23?s=96&d=mm&r=g\",\"caption\":\"Lea Couderc\"}}]}<\/script>\n<!-- \/ Yoast SEO plugin. -->","yoast_head_json":{"title":"The Israeli sequence by Avner Azoulay, 2nd part - Institut Europ\u00e9en des Musiques Juives","robots":{"index":"index","follow":"follow","max-snippet":"max-snippet:-1","max-image-preview":"max-image-preview:large","max-video-preview":"max-video-preview:-1"},"canonical":"https:\/\/www.iemj.org\/en\/la-sequence-israelienne-par-avner-azoulay-2\/","og_locale":"en_US","og_type":"article","og_title":"The Israeli sequence by Avner Azoulay, 2nd part - Institut Europ\u00e9en des Musiques Juives","og_description":"A presentation of Israeli music, at the same time Sefardi, Ashkenazi and Middle-Eastern","og_url":"https:\/\/www.iemj.org\/en\/la-sequence-israelienne-par-avner-azoulay-2\/","og_site_name":"Institut Europ\u00e9en des Musiques Juives","article_publisher":"https:\/\/www.facebook.com\/MusiquesJuives\/","article_published_time":"2017-07-17T14:35:01+00:00","article_modified_time":"2025-06-19T13:01:42+00:00","og_image":[{"width":276,"height":277,"url":"https:\/\/www.iemj.org\/wp-content\/uploads\/2017\/07\/arton2406.jpg","type":"image\/jpeg"}],"author":"Lea Couderc","twitter_card":"summary_large_image","twitter_misc":{"Written by":"Lea Couderc","Est. reading time":"2 minutes"},"schema":{"@context":"https:\/\/schema.org","@graph":[{"@type":"Article","@id":"https:\/\/www.iemj.org\/en\/la-sequence-israelienne-par-avner-azoulay-2\/#article","isPartOf":{"@id":"https:\/\/www.iemj.org\/en\/la-sequence-israelienne-par-avner-azoulay-2\/"},"author":{"name":"Lea Couderc","@id":"https:\/\/www.iemj.org\/en\/#\/schema\/person\/e2ad57f2c4be119c7ed8ab79036807a9"},"headline":"The Israeli sequence by Avner Azoulay, 2nd part","datePublished":"2017-07-17T14:35:01+00:00","dateModified":"2025-06-19T13:01:42+00:00","mainEntityOfPage":{"@id":"https:\/\/www.iemj.org\/en\/la-sequence-israelienne-par-avner-azoulay-2\/"},"wordCount":290,"publisher":{"@id":"https:\/\/www.iemj.org\/en\/#organization"},"image":{"@id":"https:\/\/www.iemj.org\/en\/la-sequence-israelienne-par-avner-azoulay-2\/#primaryimage"},"thumbnailUrl":"https:\/\/www.iemj.org\/wp-content\/uploads\/2017\/07\/arton2406.jpg","keywords":["Israel"],"articleSection":["Listen \/ Watch","Playlists"],"inLanguage":"en-US"},{"@type":"WebPage","@id":"https:\/\/www.iemj.org\/en\/la-sequence-israelienne-par-avner-azoulay-2\/","url":"https:\/\/www.iemj.org\/en\/la-sequence-israelienne-par-avner-azoulay-2\/","name":"The Israeli sequence by Avner Azoulay, 2nd part - Institut Europ\u00e9en des Musiques Juives","isPartOf":{"@id":"https:\/\/www.iemj.org\/en\/#website"},"primaryImageOfPage":{"@id":"https:\/\/www.iemj.org\/en\/la-sequence-israelienne-par-avner-azoulay-2\/#primaryimage"},"image":{"@id":"https:\/\/www.iemj.org\/en\/la-sequence-israelienne-par-avner-azoulay-2\/#primaryimage"},"thumbnailUrl":"https:\/\/www.iemj.org\/wp-content\/uploads\/2017\/07\/arton2406.jpg","datePublished":"2017-07-17T14:35:01+00:00","dateModified":"2025-06-19T13:01:42+00:00","breadcrumb":{"@id":"https:\/\/www.iemj.org\/en\/la-sequence-israelienne-par-avner-azoulay-2\/#breadcrumb"},"inLanguage":"en-US","potentialAction":[{"@type":"ReadAction","target":["https:\/\/www.iemj.org\/en\/la-sequence-israelienne-par-avner-azoulay-2\/"]}]},{"@type":"ImageObject","inLanguage":"en-US","@id":"https:\/\/www.iemj.org\/en\/la-sequence-israelienne-par-avner-azoulay-2\/#primaryimage","url":"https:\/\/www.iemj.org\/wp-content\/uploads\/2017\/07\/arton2406.jpg","contentUrl":"https:\/\/www.iemj.org\/wp-content\/uploads\/2017\/07\/arton2406.jpg","width":276,"height":277},{"@type":"BreadcrumbList","@id":"https:\/\/www.iemj.org\/en\/la-sequence-israelienne-par-avner-azoulay-2\/#breadcrumb","itemListElement":[{"@type":"ListItem","position":1,"name":"Accueil","item":"https:\/\/www.iemj.org\/en\/"},{"@type":"ListItem","position":2,"name":"The Israeli sequence by Avner Azoulay, 2nd part"}]},{"@type":"WebSite","@id":"https:\/\/www.iemj.org\/en\/#website","url":"https:\/\/www.iemj.org\/en\/","name":"Institut Europ\u00e9en des Musiques Juives","description":"Des traditions musicales \u00e0 la port\u00e9e de tous","publisher":{"@id":"https:\/\/www.iemj.org\/en\/#organization"},"potentialAction":[{"@type":"SearchAction","target":{"@type":"EntryPoint","urlTemplate":"https:\/\/www.iemj.org\/en\/?s={search_term_string}"},"query-input":{"@type":"PropertyValueSpecification","valueRequired":true,"valueName":"search_term_string"}}],"inLanguage":"en-US"},{"@type":"Organization","@id":"https:\/\/www.iemj.org\/en\/#organization","name":"Institut Europ\u00e9en des Musiques Juives","url":"https:\/\/www.iemj.org\/en\/","logo":{"@type":"ImageObject","inLanguage":"en-US","@id":"https:\/\/www.iemj.org\/en\/#\/schema\/logo\/image\/","url":"https:\/\/www.iemj.org\/wp-content\/uploads\/2021\/09\/Logo-IEMJ-Paypal.jpg","contentUrl":"https:\/\/www.iemj.org\/wp-content\/uploads\/2021\/09\/Logo-IEMJ-Paypal.jpg","width":150,"height":50,"caption":"Institut Europ\u00e9en des Musiques Juives"},"image":{"@id":"https:\/\/www.iemj.org\/en\/#\/schema\/logo\/image\/"},"sameAs":["https:\/\/www.facebook.com\/MusiquesJuives\/","https:\/\/www.instagram.com\/musiquesjuives\/","https:\/\/www.youtube.com\/user\/musiquesjuives"]},{"@type":"Person","@id":"https:\/\/www.iemj.org\/en\/#\/schema\/person\/e2ad57f2c4be119c7ed8ab79036807a9","name":"Lea Couderc","image":{"@type":"ImageObject","inLanguage":"en-US","@id":"https:\/\/secure.gravatar.com\/avatar\/46ee021475d60aeff17a7e490b79dea5a5684bb392ab7fd1494027411df8ba23?s=96&d=mm&r=g","url":"https:\/\/secure.gravatar.com\/avatar\/46ee021475d60aeff17a7e490b79dea5a5684bb392ab7fd1494027411df8ba23?s=96&d=mm&r=g","contentUrl":"https:\/\/secure.gravatar.com\/avatar\/46ee021475d60aeff17a7e490b79dea5a5684bb392ab7fd1494027411df8ba23?s=96&d=mm&r=g","caption":"Lea Couderc"}}]}},"_links":{"self":[{"href":"https:\/\/www.iemj.org\/en\/wp-json\/wp\/v2\/posts\/55356","targetHints":{"allow":["GET"]}}],"collection":[{"href":"https:\/\/www.iemj.org\/en\/wp-json\/wp\/v2\/posts"}],"about":[{"href":"https:\/\/www.iemj.org\/en\/wp-json\/wp\/v2\/types\/post"}],"author":[{"embeddable":true,"href":"https:\/\/www.iemj.org\/en\/wp-json\/wp\/v2\/users\/1052"}],"replies":[{"embeddable":true,"href":"https:\/\/www.iemj.org\/en\/wp-json\/wp\/v2\/comments?post=55356"}],"version-history":[{"count":0,"href":"https:\/\/www.iemj.org\/en\/wp-json\/wp\/v2\/posts\/55356\/revisions"}],"wp:featuredmedia":[{"embeddable":true,"href":"https:\/\/www.iemj.org\/en\/wp-json\/wp\/v2\/media\/14795"}],"wp:attachment":[{"href":"https:\/\/www.iemj.org\/en\/wp-json\/wp\/v2\/media?parent=55356"}],"wp:term":[{"taxonomy":"category","embeddable":true,"href":"https:\/\/www.iemj.org\/en\/wp-json\/wp\/v2\/categories?post=55356"},{"taxonomy":"post_tag","embeddable":true,"href":"https:\/\/www.iemj.org\/en\/wp-json\/wp\/v2\/tags?post=55356"},{"taxonomy":"technique","embeddable":true,"href":"https:\/\/www.iemj.org\/en\/wp-json\/wp\/v2\/technique?post=55356"},{"taxonomy":"squelettes","embeddable":true,"href":"https:\/\/www.iemj.org\/en\/wp-json\/wp\/v2\/squelettes?post=55356"},{"taxonomy":"sujet","embeddable":true,"href":"https:\/\/www.iemj.org\/en\/wp-json\/wp\/v2\/sujet?post=55356"},{"taxonomy":"formation","embeddable":true,"href":"https:\/\/www.iemj.org\/en\/wp-json\/wp\/v2\/formation?post=55356"},{"taxonomy":"genre","embeddable":true,"href":"https:\/\/www.iemj.org\/en\/wp-json\/wp\/v2\/genre?post=55356"},{"taxonomy":"fonds","embeddable":true,"href":"https:\/\/www.iemj.org\/en\/wp-json\/wp\/v2\/fonds?post=55356"},{"taxonomy":"tradition","embeddable":true,"href":"https:\/\/www.iemj.org\/en\/wp-json\/wp\/v2\/tradition?post=55356"},{"taxonomy":"type-de-contenu","embeddable":true,"href":"https:\/\/www.iemj.org\/en\/wp-json\/wp\/v2\/type-de-contenu?post=55356"},{"taxonomy":"interprete-compositeur","embeddable":true,"href":"https:\/\/www.iemj.org\/en\/wp-json\/wp\/v2\/interprete-compositeur?post=55356"},{"taxonomy":"frise","embeddable":true,"href":"https:\/\/www.iemj.org\/en\/wp-json\/wp\/v2\/frise?post=55356"},{"taxonomy":"type-devenement","embeddable":true,"href":"https:\/\/www.iemj.org\/en\/wp-json\/wp\/v2\/type-devenement?post=55356"},{"taxonomy":"tableaux-liens-externes","embeddable":true,"href":"https:\/\/www.iemj.org\/en\/wp-json\/wp\/v2\/tableaux-liens-externes?post=55356"}],"curies":[{"name":"wp","href":"https:\/\/api.w.org\/{rel}","templated":true}]}}