{"id":55446,"date":"2017-05-11T11:20:41","date_gmt":"2017-05-11T09:20:41","guid":{"rendered":"https:\/\/www.iemj.org\/lag-baomer\/"},"modified":"2025-06-19T13:06:08","modified_gmt":"2025-06-19T11:06:08","slug":"lag-baomer","status":"publish","type":"post","link":"https:\/\/www.iemj.org\/en\/lag-baomer\/","title":{"rendered":"Lag Ba\u2019Omer"},"content":{"rendered":"<p><strong>Lag Ba\u2019Omer (33rd day of the Omer) is a minor holiday of the Jewish calendar celebrated on the 18th of Iyyar, between Passover and Shavuot.<\/strong><\/p>\n<p><!--more-->Its origin remains uncertain and there are several theories to explain the meaning of this holiday\u00a0:<\/p>\n<p><strong>&#8211; The end of the epidemic affecting the followers of Rabbi Aqiva<\/strong><br \/>According to popular beliefs, thousands of Rabbi Aqiva\u2019s followers \u2013 one of the most brilliant chiefs of the period following the destruction of the second temple \u2013 perished during an epidemic between Passover and Shavuot. This epidemic ended after 33 days (Lag Ba\u2019Omer comprises the Hebrew letters lamed and gimmel which, when added together, form the numeric value of 33).<\/p>\n<p><strong style=\"font-size: inherit;\">&#8211; The short-lived military victory of Bar Kokhba over Rome<\/strong><strong><img fetchpriority=\"high\" decoding=\"async\" class=\" alignright size-full wp-image-14071\" src=\"https:\/\/www.iemj.org\/wp-content\/uploads\/2017\/05\/djerba_syna_la_ghriba_1994-09_500px55.jpg\" alt=\"djerba_syna_la_ghriba_1994-09_500px55.jpg\" width=\"275\" height=\"407\" align=\"right\" srcset=\"https:\/\/www.iemj.org\/wp-content\/uploads\/2017\/05\/djerba_syna_la_ghriba_1994-09_500px55.jpg 275w, https:\/\/www.iemj.org\/wp-content\/uploads\/2017\/05\/djerba_syna_la_ghriba_1994-09_500px55-203x300.jpg 203w\" sizes=\"(max-width: 275px) 100vw, 275px\" \/><\/strong><br \/>Another theory concerning this holiday is that Bar Kokhba\u2019s army, after many defeats during a long period, ends up by winning a victory over the Romanian army on the 33rd day of the period of the Omer. Although it didn\u2019t last long, that victory consolidated the people\u2019s spirits, and it was decided to do an annual commemoration on the day of Lag Ba\u2019Omer.<\/p>\n<p><strong>&#8211; The anniversary of the death of Rabbi Shimon bar Yoha\u00ef<\/strong><br \/>Lag Ba\u2019Omer would celebrate the anniversary of the death of Rabbi Shimon bar Yoha\u00ef, the great wise man to whom we attribute the mystical treaty Zohar, or at least its core.<\/p>\n<p><strong>Celebration of Lag Ba\u2019Omer<\/strong><br \/>Lag Ba\u2019Omer takes a break in the mourning period of the Omer, during which the pious Jews do not shave or cut their hair, no marriage is celebrated, no music is played and no public celebrations are organized. All of these restrictions are temporarily abandoned for Lag Ba\u2019Omer. It is a custom to light camp fires, to have picnics and for children to play with bows and arrows.<\/p>\n<div style=\"text-align: center;\">\n<div style=\"margin: 8px 0px 4px;\"><a href=\"http:\/\/www.calameo.com\/books\/00461274919584f1d43ef\" target=\"_blank\" rel=\"noopener noreferrer\">Program of the Lag Ba&#8217;Omer Service<\/a><\/div>\n<p><iframe style=\"margin: 0 auto;\" src=\"\/\/v.calameo.com\/?bkcode=00461274919584f1d43ef&amp;mode=mini\" width=\"480\" height=\"300\" frameborder=\"0\" scrolling=\"no\" allowfullscreen=\"allowfullscreen\"><\/iframe><\/p>\n<div style=\"margin: 4px 0px 8px;\"><a href=\"http:\/\/www.calameo.com\/\" target=\"_blank\" rel=\"noopener noreferrer\">Read more publications on Calameo<\/a><\/div>\n<\/div>\n<p>This holiday is particularly celebrated by the North African Jews, where the cult of Rabbi Shimon bar Yohai is combined with the cult of the saints, typical of North African culture. Many traditions appear like studying all night, the layout in homes of a pinat Rashb\u201di (\u201ccorner of Rabbi Shimon bar Yohai\u201d), demonstrations with candles and perfume and pilgrimages (like the one of Ghriba of Djerba). This holiday is also an important moment for Hassidim who gather by thousands on the Meron mount, in Galilea, where are buried Shimon bar Yohai, his son Eleazar bar Shimon and other wise men like Hillel and Shammai. A strong musical activity takes place during this pilgrimage, as customary by Hassidim.<br \/>In Israel finally, Lag Ba\u2019Omer has become one of the major holidays of the zionist calendar. Important institutions are often founded during that day, among them the Palmah, elite armed force of the Hagana, and the Gadna, youth brigades. Both of them have taken for icon the two big symbols of the holiday, respectively the fires and the bow and arrows. Fires take place in many places and serve as gathering points, symbolizing military life and victory. New songs are sang, among them Bar Kokhba, who replaces Bar Yohai.<\/p>\n<p><span style=\"color: #000000;\"><b>Herv\u00e9 Roten<\/b><\/span><\/p>\n<p><span style=\"color: #000000;\"><b>Sources :<\/b><\/span><\/p>\n<p><span style=\"color: #000000;\"><b>&#8211; <a href=\"https:\/\/en.wikipedia.org\/wiki\/Lag_BaOmer\" target=\"_blank\" rel=\"noopener\">https:\/\/en.wikipedia.org\/wiki\/Lag_BaOmer<\/a><\/b><\/span><\/p>\n<p><span style=\"color: #000000;\"><b><a href=\"http:\/\/icalendrier.fr\/religion\/fetes-juives\/lag-baomer\">&#8211; http:\/\/icalendrier.fr\/religion\/fetes-juives\/lag-baomer<\/a><\/b><\/span><\/p>\n\n<div class=\"wp-block-image\">\n<figure class=\"aligncenter size-large\"><img decoding=\"async\" width=\"1024\" height=\"133\" src=\"https:\/\/www.iemj.org\/wp-content\/uploads\/2024\/03\/AUDIO-PLAYER-1024x133.png\" alt=\"\" class=\"wp-image-110607\" srcset=\"https:\/\/www.iemj.org\/wp-content\/uploads\/2024\/03\/AUDIO-PLAYER-1024x133.png 1024w, https:\/\/www.iemj.org\/wp-content\/uploads\/2024\/03\/AUDIO-PLAYER-300x39.png 300w, https:\/\/www.iemj.org\/wp-content\/uploads\/2024\/03\/AUDIO-PLAYER-768x100.png 768w, https:\/\/www.iemj.org\/wp-content\/uploads\/2024\/03\/AUDIO-PLAYER-600x78.png 600w, https:\/\/www.iemj.org\/wp-content\/uploads\/2024\/03\/AUDIO-PLAYER.png 1210w\" sizes=\"(max-width: 1024px) 100vw, 1024px\" \/><\/figure>\n<\/div>\n\n\n<h2 class=\"wp-block-heading\"><\/h2>\n\n\n\n<div class=\"wp-block-file\"><a href=\"https:\/\/www.iemj.org\/wp-content\/uploads\/2017\/05\/amar_rabbi_akiva_-_wa_amartem_koh_le-hay_-_hassidic_tunes_of_dancing_rejoicing.mp3\">Amar Rabbi Akiva &#8211; Wa\u2019amartem Koh le-hay &#8211; Hassidic Tunes of Dancing &amp; Rejoicing<\/a><\/div>\n\n\n\n<div class=\"wp-block-file\"><a href=\"https:\/\/www.iemj.org\/wp-content\/uploads\/2017\/05\/bar_kokhba_-_an_anthology_of_100_israeli_nursery_rhymes.mp3\">Bar Kokhba &#8211; An anthology of 100 Israeli nursery rhymes<\/a><\/div>\n\n\n\n<div class=\"wp-block-file\"><a href=\"https:\/\/www.iemj.org\/wp-content\/uploads\/2017\/05\/bar_kokhba_helene_engel_extrait_.mp3\">Bar Kokhba_Helene Engel (EXTRAIT)<\/a><\/div>\n\n\n\n<div class=\"wp-block-file\"><a href=\"https:\/\/www.iemj.org\/wp-content\/uploads\/2017\/05\/bar_yoh_ai_-_musique_liturgiques_juives_extrait_du_livre_de_herve_roten_.mp3\">Bar Yoh\u2019a\u00ef &#8211; Musique liturgiques juives (EXTRAIT du livre de Herv\u00e9 Roten)<\/a><\/div>\n\n\n\n<div class=\"wp-block-file\"><a href=\"https:\/\/www.iemj.org\/wp-content\/uploads\/2017\/05\/bar_yohay_rite_sefarade_.mp3\">Bar Yohay (Rite S\u00e9farade)<\/a><\/div>\n\n\n\n<div class=\"wp-block-file\"><a href=\"https:\/\/www.iemj.org\/wp-content\/uploads\/2017\/05\/efta_h_pi_berina_-_haik_georges_e._grand_rabbin_.mp3\">Efta\u2019h pi berina &#8211; Georges E Haik. [Grand Rabbin]<\/a><\/div>\n\n\n\n<div class=\"wp-block-file\"><a href=\"https:\/\/www.iemj.org\/wp-content\/uploads\/2017\/05\/kachtenu_al_chikhmenou_-_an_anthology_of_100_israeli_nursery_rhymes.mp3\">Kachtenu al chikhmenou &#8211; An anthology of 100 Israeli nursery rhymes<\/a><\/div>\n\n\n\n<div class=\"wp-block-file\"><a href=\"https:\/\/www.iemj.org\/wp-content\/uploads\/2017\/05\/medley_of_meron_tunes_-_the_hasidic_niggun_as_sung_by_the_hassidim_extrait_.mp3\">Medley of Meron tunes &#8211; The Hasidic niggun as sung by the Hassidim (EXTRAIT)<\/a><\/div>\n\n\n\n<div class=\"wp-block-file\"><a href=\"https:\/\/www.iemj.org\/wp-content\/uploads\/2017\/05\/un_diya_rite_sefarade_.mp3\">Un Diya (Rite S\u00e9farade)<\/a><\/div>\n","protected":false},"excerpt":{"rendered":"<p>Lag Ba\u2019Omer (33rd day of the Omer) is a minor holiday of the Jewish calendar celebrated on the 18th of Iyyar, between Passover and Shavuot.<\/p>\n","protected":false},"author":1052,"featured_media":14069,"comment_status":"closed","ping_status":"open","sticky":false,"template":"","format":"standard","meta":{"_acf_changed":false,"footnotes":""},"categories":[1317],"tags":[],"technique":[],"squelettes":[],"sujet":[],"formation":[],"genre":[1116],"fonds":[],"tradition":[],"type-de-contenu":[],"interprete-compositeur":[],"frise":[],"type-devenement":[],"tableaux-liens-externes":[],"class_list":["post-55446","post","type-post","status-publish","format-standard","has-post-thumbnail","hentry","category-playlists-en","genre-liturgy"],"acf":[],"yoast_head":"<!-- This site is optimized with the Yoast SEO plugin v27.3 - https:\/\/yoast.com\/product\/yoast-seo-wordpress\/ -->\n<title>Lag Ba\u2019Omer - Institut Europ\u00e9en des Musiques Juives<\/title>\n<meta name=\"robots\" content=\"index, follow, max-snippet:-1, max-image-preview:large, max-video-preview:-1\" \/>\n<link rel=\"canonical\" href=\"https:\/\/www.iemj.org\/en\/lag-baomer\/\" \/>\n<meta property=\"og:locale\" content=\"en_US\" \/>\n<meta property=\"og:type\" content=\"article\" \/>\n<meta property=\"og:title\" content=\"Lag Ba\u2019Omer - Institut Europ\u00e9en des Musiques Juives\" \/>\n<meta property=\"og:description\" content=\"Lag Ba\u2019Omer (33rd day of the Omer) is a minor holiday of the Jewish calendar celebrated on the 18th of Iyyar, between Passover and Shavuot.\" \/>\n<meta property=\"og:url\" content=\"https:\/\/www.iemj.org\/en\/lag-baomer\/\" \/>\n<meta property=\"og:site_name\" content=\"Institut Europ\u00e9en des Musiques Juives\" \/>\n<meta property=\"article:publisher\" content=\"https:\/\/www.facebook.com\/MusiquesJuives\/\" \/>\n<meta property=\"article:published_time\" content=\"2017-05-11T09:20:41+00:00\" \/>\n<meta property=\"article:modified_time\" content=\"2025-06-19T11:06:08+00:00\" \/>\n<meta property=\"og:image\" content=\"https:\/\/www.iemj.org\/wp-content\/uploads\/2017\/05\/arton2294.jpg\" \/>\n\t<meta property=\"og:image:width\" content=\"500\" \/>\n\t<meta property=\"og:image:height\" content=\"451\" \/>\n\t<meta property=\"og:image:type\" content=\"image\/jpeg\" \/>\n<meta name=\"author\" content=\"Lea Couderc\" \/>\n<meta name=\"twitter:card\" content=\"summary_large_image\" \/>\n<meta name=\"twitter:label1\" content=\"Written by\" \/>\n\t<meta name=\"twitter:data1\" content=\"Lea Couderc\" \/>\n\t<meta name=\"twitter:label2\" content=\"Est. reading time\" \/>\n\t<meta name=\"twitter:data2\" content=\"4 minutes\" \/>\n<script type=\"application\/ld+json\" class=\"yoast-schema-graph\">{\"@context\":\"https:\\\/\\\/schema.org\",\"@graph\":[{\"@type\":\"Article\",\"@id\":\"https:\\\/\\\/www.iemj.org\\\/en\\\/lag-baomer\\\/#article\",\"isPartOf\":{\"@id\":\"https:\\\/\\\/www.iemj.org\\\/en\\\/lag-baomer\\\/\"},\"author\":{\"name\":\"Lea Couderc\",\"@id\":\"https:\\\/\\\/www.iemj.org\\\/en\\\/#\\\/schema\\\/person\\\/e2ad57f2c4be119c7ed8ab79036807a9\"},\"headline\":\"Lag Ba\u2019Omer\",\"datePublished\":\"2017-05-11T09:20:41+00:00\",\"dateModified\":\"2025-06-19T11:06:08+00:00\",\"mainEntityOfPage\":{\"@id\":\"https:\\\/\\\/www.iemj.org\\\/en\\\/lag-baomer\\\/\"},\"wordCount\":634,\"publisher\":{\"@id\":\"https:\\\/\\\/www.iemj.org\\\/en\\\/#organization\"},\"image\":{\"@id\":\"https:\\\/\\\/www.iemj.org\\\/en\\\/lag-baomer\\\/#primaryimage\"},\"thumbnailUrl\":\"https:\\\/\\\/www.iemj.org\\\/wp-content\\\/uploads\\\/2017\\\/05\\\/arton2294.jpg\",\"articleSection\":[\"Playlists\"],\"inLanguage\":\"en-US\"},{\"@type\":\"WebPage\",\"@id\":\"https:\\\/\\\/www.iemj.org\\\/en\\\/lag-baomer\\\/\",\"url\":\"https:\\\/\\\/www.iemj.org\\\/en\\\/lag-baomer\\\/\",\"name\":\"Lag Ba\u2019Omer - Institut Europ\u00e9en des Musiques Juives\",\"isPartOf\":{\"@id\":\"https:\\\/\\\/www.iemj.org\\\/en\\\/#website\"},\"primaryImageOfPage\":{\"@id\":\"https:\\\/\\\/www.iemj.org\\\/en\\\/lag-baomer\\\/#primaryimage\"},\"image\":{\"@id\":\"https:\\\/\\\/www.iemj.org\\\/en\\\/lag-baomer\\\/#primaryimage\"},\"thumbnailUrl\":\"https:\\\/\\\/www.iemj.org\\\/wp-content\\\/uploads\\\/2017\\\/05\\\/arton2294.jpg\",\"datePublished\":\"2017-05-11T09:20:41+00:00\",\"dateModified\":\"2025-06-19T11:06:08+00:00\",\"breadcrumb\":{\"@id\":\"https:\\\/\\\/www.iemj.org\\\/en\\\/lag-baomer\\\/#breadcrumb\"},\"inLanguage\":\"en-US\",\"potentialAction\":[{\"@type\":\"ReadAction\",\"target\":[\"https:\\\/\\\/www.iemj.org\\\/en\\\/lag-baomer\\\/\"]}]},{\"@type\":\"ImageObject\",\"inLanguage\":\"en-US\",\"@id\":\"https:\\\/\\\/www.iemj.org\\\/en\\\/lag-baomer\\\/#primaryimage\",\"url\":\"https:\\\/\\\/www.iemj.org\\\/wp-content\\\/uploads\\\/2017\\\/05\\\/arton2294.jpg\",\"contentUrl\":\"https:\\\/\\\/www.iemj.org\\\/wp-content\\\/uploads\\\/2017\\\/05\\\/arton2294.jpg\",\"width\":500,\"height\":451},{\"@type\":\"BreadcrumbList\",\"@id\":\"https:\\\/\\\/www.iemj.org\\\/en\\\/lag-baomer\\\/#breadcrumb\",\"itemListElement\":[{\"@type\":\"ListItem\",\"position\":1,\"name\":\"Accueil\",\"item\":\"https:\\\/\\\/www.iemj.org\\\/en\\\/\"},{\"@type\":\"ListItem\",\"position\":2,\"name\":\"Lag Ba\u2019Omer\"}]},{\"@type\":\"WebSite\",\"@id\":\"https:\\\/\\\/www.iemj.org\\\/en\\\/#website\",\"url\":\"https:\\\/\\\/www.iemj.org\\\/en\\\/\",\"name\":\"Institut Europ\u00e9en des Musiques Juives\",\"description\":\"Des traditions musicales \u00e0 la port\u00e9e de tous\",\"publisher\":{\"@id\":\"https:\\\/\\\/www.iemj.org\\\/en\\\/#organization\"},\"potentialAction\":[{\"@type\":\"SearchAction\",\"target\":{\"@type\":\"EntryPoint\",\"urlTemplate\":\"https:\\\/\\\/www.iemj.org\\\/en\\\/?s={search_term_string}\"},\"query-input\":{\"@type\":\"PropertyValueSpecification\",\"valueRequired\":true,\"valueName\":\"search_term_string\"}}],\"inLanguage\":\"en-US\"},{\"@type\":\"Organization\",\"@id\":\"https:\\\/\\\/www.iemj.org\\\/en\\\/#organization\",\"name\":\"Institut Europ\u00e9en des Musiques Juives\",\"url\":\"https:\\\/\\\/www.iemj.org\\\/en\\\/\",\"logo\":{\"@type\":\"ImageObject\",\"inLanguage\":\"en-US\",\"@id\":\"https:\\\/\\\/www.iemj.org\\\/en\\\/#\\\/schema\\\/logo\\\/image\\\/\",\"url\":\"https:\\\/\\\/www.iemj.org\\\/wp-content\\\/uploads\\\/2021\\\/09\\\/Logo-IEMJ-Paypal.jpg\",\"contentUrl\":\"https:\\\/\\\/www.iemj.org\\\/wp-content\\\/uploads\\\/2021\\\/09\\\/Logo-IEMJ-Paypal.jpg\",\"width\":150,\"height\":50,\"caption\":\"Institut Europ\u00e9en des Musiques Juives\"},\"image\":{\"@id\":\"https:\\\/\\\/www.iemj.org\\\/en\\\/#\\\/schema\\\/logo\\\/image\\\/\"},\"sameAs\":[\"https:\\\/\\\/www.facebook.com\\\/MusiquesJuives\\\/\",\"https:\\\/\\\/www.instagram.com\\\/musiquesjuives\\\/\",\"https:\\\/\\\/www.youtube.com\\\/user\\\/musiquesjuives\"]},{\"@type\":\"Person\",\"@id\":\"https:\\\/\\\/www.iemj.org\\\/en\\\/#\\\/schema\\\/person\\\/e2ad57f2c4be119c7ed8ab79036807a9\",\"name\":\"Lea Couderc\",\"image\":{\"@type\":\"ImageObject\",\"inLanguage\":\"en-US\",\"@id\":\"https:\\\/\\\/secure.gravatar.com\\\/avatar\\\/46ee021475d60aeff17a7e490b79dea5a5684bb392ab7fd1494027411df8ba23?s=96&d=mm&r=g\",\"url\":\"https:\\\/\\\/secure.gravatar.com\\\/avatar\\\/46ee021475d60aeff17a7e490b79dea5a5684bb392ab7fd1494027411df8ba23?s=96&d=mm&r=g\",\"contentUrl\":\"https:\\\/\\\/secure.gravatar.com\\\/avatar\\\/46ee021475d60aeff17a7e490b79dea5a5684bb392ab7fd1494027411df8ba23?s=96&d=mm&r=g\",\"caption\":\"Lea Couderc\"}}]}<\/script>\n<!-- \/ Yoast SEO plugin. -->","yoast_head_json":{"title":"Lag Ba\u2019Omer - Institut Europ\u00e9en des Musiques Juives","robots":{"index":"index","follow":"follow","max-snippet":"max-snippet:-1","max-image-preview":"max-image-preview:large","max-video-preview":"max-video-preview:-1"},"canonical":"https:\/\/www.iemj.org\/en\/lag-baomer\/","og_locale":"en_US","og_type":"article","og_title":"Lag Ba\u2019Omer - Institut Europ\u00e9en des Musiques Juives","og_description":"Lag Ba\u2019Omer (33rd day of the Omer) is a minor holiday of the Jewish calendar celebrated on the 18th of Iyyar, between Passover and Shavuot.","og_url":"https:\/\/www.iemj.org\/en\/lag-baomer\/","og_site_name":"Institut Europ\u00e9en des Musiques Juives","article_publisher":"https:\/\/www.facebook.com\/MusiquesJuives\/","article_published_time":"2017-05-11T09:20:41+00:00","article_modified_time":"2025-06-19T11:06:08+00:00","og_image":[{"width":500,"height":451,"url":"https:\/\/www.iemj.org\/wp-content\/uploads\/2017\/05\/arton2294.jpg","type":"image\/jpeg"}],"author":"Lea Couderc","twitter_card":"summary_large_image","twitter_misc":{"Written by":"Lea Couderc","Est. reading time":"4 minutes"},"schema":{"@context":"https:\/\/schema.org","@graph":[{"@type":"Article","@id":"https:\/\/www.iemj.org\/en\/lag-baomer\/#article","isPartOf":{"@id":"https:\/\/www.iemj.org\/en\/lag-baomer\/"},"author":{"name":"Lea Couderc","@id":"https:\/\/www.iemj.org\/en\/#\/schema\/person\/e2ad57f2c4be119c7ed8ab79036807a9"},"headline":"Lag Ba\u2019Omer","datePublished":"2017-05-11T09:20:41+00:00","dateModified":"2025-06-19T11:06:08+00:00","mainEntityOfPage":{"@id":"https:\/\/www.iemj.org\/en\/lag-baomer\/"},"wordCount":634,"publisher":{"@id":"https:\/\/www.iemj.org\/en\/#organization"},"image":{"@id":"https:\/\/www.iemj.org\/en\/lag-baomer\/#primaryimage"},"thumbnailUrl":"https:\/\/www.iemj.org\/wp-content\/uploads\/2017\/05\/arton2294.jpg","articleSection":["Playlists"],"inLanguage":"en-US"},{"@type":"WebPage","@id":"https:\/\/www.iemj.org\/en\/lag-baomer\/","url":"https:\/\/www.iemj.org\/en\/lag-baomer\/","name":"Lag Ba\u2019Omer - Institut Europ\u00e9en des Musiques Juives","isPartOf":{"@id":"https:\/\/www.iemj.org\/en\/#website"},"primaryImageOfPage":{"@id":"https:\/\/www.iemj.org\/en\/lag-baomer\/#primaryimage"},"image":{"@id":"https:\/\/www.iemj.org\/en\/lag-baomer\/#primaryimage"},"thumbnailUrl":"https:\/\/www.iemj.org\/wp-content\/uploads\/2017\/05\/arton2294.jpg","datePublished":"2017-05-11T09:20:41+00:00","dateModified":"2025-06-19T11:06:08+00:00","breadcrumb":{"@id":"https:\/\/www.iemj.org\/en\/lag-baomer\/#breadcrumb"},"inLanguage":"en-US","potentialAction":[{"@type":"ReadAction","target":["https:\/\/www.iemj.org\/en\/lag-baomer\/"]}]},{"@type":"ImageObject","inLanguage":"en-US","@id":"https:\/\/www.iemj.org\/en\/lag-baomer\/#primaryimage","url":"https:\/\/www.iemj.org\/wp-content\/uploads\/2017\/05\/arton2294.jpg","contentUrl":"https:\/\/www.iemj.org\/wp-content\/uploads\/2017\/05\/arton2294.jpg","width":500,"height":451},{"@type":"BreadcrumbList","@id":"https:\/\/www.iemj.org\/en\/lag-baomer\/#breadcrumb","itemListElement":[{"@type":"ListItem","position":1,"name":"Accueil","item":"https:\/\/www.iemj.org\/en\/"},{"@type":"ListItem","position":2,"name":"Lag Ba\u2019Omer"}]},{"@type":"WebSite","@id":"https:\/\/www.iemj.org\/en\/#website","url":"https:\/\/www.iemj.org\/en\/","name":"Institut Europ\u00e9en des Musiques Juives","description":"Des traditions musicales \u00e0 la port\u00e9e de tous","publisher":{"@id":"https:\/\/www.iemj.org\/en\/#organization"},"potentialAction":[{"@type":"SearchAction","target":{"@type":"EntryPoint","urlTemplate":"https:\/\/www.iemj.org\/en\/?s={search_term_string}"},"query-input":{"@type":"PropertyValueSpecification","valueRequired":true,"valueName":"search_term_string"}}],"inLanguage":"en-US"},{"@type":"Organization","@id":"https:\/\/www.iemj.org\/en\/#organization","name":"Institut Europ\u00e9en des Musiques Juives","url":"https:\/\/www.iemj.org\/en\/","logo":{"@type":"ImageObject","inLanguage":"en-US","@id":"https:\/\/www.iemj.org\/en\/#\/schema\/logo\/image\/","url":"https:\/\/www.iemj.org\/wp-content\/uploads\/2021\/09\/Logo-IEMJ-Paypal.jpg","contentUrl":"https:\/\/www.iemj.org\/wp-content\/uploads\/2021\/09\/Logo-IEMJ-Paypal.jpg","width":150,"height":50,"caption":"Institut Europ\u00e9en des Musiques Juives"},"image":{"@id":"https:\/\/www.iemj.org\/en\/#\/schema\/logo\/image\/"},"sameAs":["https:\/\/www.facebook.com\/MusiquesJuives\/","https:\/\/www.instagram.com\/musiquesjuives\/","https:\/\/www.youtube.com\/user\/musiquesjuives"]},{"@type":"Person","@id":"https:\/\/www.iemj.org\/en\/#\/schema\/person\/e2ad57f2c4be119c7ed8ab79036807a9","name":"Lea Couderc","image":{"@type":"ImageObject","inLanguage":"en-US","@id":"https:\/\/secure.gravatar.com\/avatar\/46ee021475d60aeff17a7e490b79dea5a5684bb392ab7fd1494027411df8ba23?s=96&d=mm&r=g","url":"https:\/\/secure.gravatar.com\/avatar\/46ee021475d60aeff17a7e490b79dea5a5684bb392ab7fd1494027411df8ba23?s=96&d=mm&r=g","contentUrl":"https:\/\/secure.gravatar.com\/avatar\/46ee021475d60aeff17a7e490b79dea5a5684bb392ab7fd1494027411df8ba23?s=96&d=mm&r=g","caption":"Lea Couderc"}}]}},"_links":{"self":[{"href":"https:\/\/www.iemj.org\/en\/wp-json\/wp\/v2\/posts\/55446","targetHints":{"allow":["GET"]}}],"collection":[{"href":"https:\/\/www.iemj.org\/en\/wp-json\/wp\/v2\/posts"}],"about":[{"href":"https:\/\/www.iemj.org\/en\/wp-json\/wp\/v2\/types\/post"}],"author":[{"embeddable":true,"href":"https:\/\/www.iemj.org\/en\/wp-json\/wp\/v2\/users\/1052"}],"replies":[{"embeddable":true,"href":"https:\/\/www.iemj.org\/en\/wp-json\/wp\/v2\/comments?post=55446"}],"version-history":[{"count":0,"href":"https:\/\/www.iemj.org\/en\/wp-json\/wp\/v2\/posts\/55446\/revisions"}],"wp:featuredmedia":[{"embeddable":true,"href":"https:\/\/www.iemj.org\/en\/wp-json\/wp\/v2\/media\/14069"}],"wp:attachment":[{"href":"https:\/\/www.iemj.org\/en\/wp-json\/wp\/v2\/media?parent=55446"}],"wp:term":[{"taxonomy":"category","embeddable":true,"href":"https:\/\/www.iemj.org\/en\/wp-json\/wp\/v2\/categories?post=55446"},{"taxonomy":"post_tag","embeddable":true,"href":"https:\/\/www.iemj.org\/en\/wp-json\/wp\/v2\/tags?post=55446"},{"taxonomy":"technique","embeddable":true,"href":"https:\/\/www.iemj.org\/en\/wp-json\/wp\/v2\/technique?post=55446"},{"taxonomy":"squelettes","embeddable":true,"href":"https:\/\/www.iemj.org\/en\/wp-json\/wp\/v2\/squelettes?post=55446"},{"taxonomy":"sujet","embeddable":true,"href":"https:\/\/www.iemj.org\/en\/wp-json\/wp\/v2\/sujet?post=55446"},{"taxonomy":"formation","embeddable":true,"href":"https:\/\/www.iemj.org\/en\/wp-json\/wp\/v2\/formation?post=55446"},{"taxonomy":"genre","embeddable":true,"href":"https:\/\/www.iemj.org\/en\/wp-json\/wp\/v2\/genre?post=55446"},{"taxonomy":"fonds","embeddable":true,"href":"https:\/\/www.iemj.org\/en\/wp-json\/wp\/v2\/fonds?post=55446"},{"taxonomy":"tradition","embeddable":true,"href":"https:\/\/www.iemj.org\/en\/wp-json\/wp\/v2\/tradition?post=55446"},{"taxonomy":"type-de-contenu","embeddable":true,"href":"https:\/\/www.iemj.org\/en\/wp-json\/wp\/v2\/type-de-contenu?post=55446"},{"taxonomy":"interprete-compositeur","embeddable":true,"href":"https:\/\/www.iemj.org\/en\/wp-json\/wp\/v2\/interprete-compositeur?post=55446"},{"taxonomy":"frise","embeddable":true,"href":"https:\/\/www.iemj.org\/en\/wp-json\/wp\/v2\/frise?post=55446"},{"taxonomy":"type-devenement","embeddable":true,"href":"https:\/\/www.iemj.org\/en\/wp-json\/wp\/v2\/type-devenement?post=55446"},{"taxonomy":"tableaux-liens-externes","embeddable":true,"href":"https:\/\/www.iemj.org\/en\/wp-json\/wp\/v2\/tableaux-liens-externes?post=55446"}],"curies":[{"name":"wp","href":"https:\/\/api.w.org\/{rel}","templated":true}]}}