{"id":55474,"date":"2017-02-22T11:15:20","date_gmt":"2017-02-22T10:15:20","guid":{"rendered":"https:\/\/www.iemj.org\/sur-un-air-de-valse\/"},"modified":"2025-06-19T12:46:54","modified_gmt":"2025-06-19T10:46:54","slug":"sur-un-air-de-valse","status":"publish","type":"post","link":"https:\/\/www.iemj.org\/en\/sur-un-air-de-valse\/","title":{"rendered":"Waltzes"},"content":{"rendered":"<p><span style=\"font-size: revert; color: var(--bs-body-color); font-family: var(--bs-body-font-family); font-weight: var(--bs-body-font-weight); text-align: var(--bs-body-text-align); background-color: var(--bs-body-bg);\">The waltz comes from the German word \u201cWalzer\u201d which means \u201cto turn in circle\u201d. This dance became famous in Vienna in 1780 and spread throughout Western Europe.<\/span><span style=\"font-size: revert; color: var(--bs-body-color); font-family: var(--bs-body-font-family); font-weight: var(--bs-body-font-weight); text-align: var(--bs-body-text-align); background-color: var(--bs-body-bg);\">Its music is generally written in \u00be with a strong first beat followed by two weak beats, on which the embracing couple moves on the dance floor turning on itself.<\/span><\/p>\n<p>In France, with the 1789\u2019s Revolution, court dances became less popular, and people danced more waltzes. The first use of the parquet floor and leather shoes allowed going from jumped footsteps to slipped footsteps.<br \/>From 1840 on, the salon dances are clearly separated from ballet dances, and start to be taught by masters of salon dances.<\/p>\n<h3>The waltz: a musical genre appreciated by Jewish composers<\/h3>\n<p>During the Second Empire, <a href=\"https:\/\/www.iemj.org\/en\/waldteufel-emile-1837-1915\/\">Emile Waldteufel<\/a> became famous by writing several music pieces for dancing (waltz, mazurka\u2026). In 1865, notably appreciated by Eug\u00e9nie, he became director of dance music at the imperial court of Napoleon III and the chosen pianist of the empress. He is asked to enliven the famous dancing evenings of Biarritz and Compiegne. From 1867 on, Waldteufel\u2019s orchestra accompanied the balls in the Tuileries garden, following what <a href=\"https:\/\/www.iemj.org\/en\/strauss-isaac-1806-1888\/\">Isaac Strauss<\/a> had done, whom Berlioz called \u201cthe Strauss of Paris\u201d in his memoirs.<\/p>\n<p>During the second half of the 19th century, many composers \u2013 such as Johann Strauss son,\u00a0<a href=\"https:\/\/www.iemj.org\/en\/offenbach-jacques-1819-1880\/\">Jacques Offenbach<\/a>\u00a0and <a href=\"https:\/\/www.iemj.org\/en\/hahn-reynaldo-1874-1947\/\">Reynaldo Hahn<\/a> \u2013 wrote many waltzes just for its music, while at the same time as thousands are written for the dancing.<\/p>\n<p>The 20th century perpetuates the tradition of the waltz in a much freer style: slow waltz, movement of an instrumental piece, easy-listening song, etc.<\/p>\n<p>This playlist presents several waltzes written by <a href=\"https:\/\/www.iemj.org\/en\/strauss-isaac-1806-1888\/\" target=\"_blank\" rel=\"noopener\">Isaac Strauss<\/a>, <a href=\"https:\/\/www.iemj.org\/en\/waldteufel-emile-1837-1915\/\">Emile Waldteufel<\/a>,\u00a0<a href=\"https:\/\/www.iemj.org\/en\/offenbach-jacques-1819-1880\/\">Jacques Offenbach<\/a>, Johann Strauss son,\u00a0<a href=\"https:\/\/www.iemj.org\/en\/cahen-danvers-albert-1846-1903\/\">Albert Cahan d\u2019Anvers<\/a>,\u00a0<a href=\"https:\/\/www.iemj.org\/en\/halphen-fernand-1872-1917\/\">Fernand Halphen<\/a>, <a href=\"https:\/\/www.iemj.org\/en\/norbert-glanzberg-from-popular-songs-to-jewish-music\/\">Norbert Glanzberg<\/a> and <a href=\"https:\/\/www.iemj.org\/en\/cuniot-denis-1953\/\">Denis Cuniot<\/a>.<\/p>\n\n<div class=\"wp-block-image\">\n<figure class=\"aligncenter size-large\"><img fetchpriority=\"high\" decoding=\"async\" width=\"1024\" height=\"133\" src=\"https:\/\/www.iemj.org\/wp-content\/uploads\/2024\/03\/AUDIO-PLAYER-1024x133.png\" alt=\"\" class=\"wp-image-110607\" srcset=\"https:\/\/www.iemj.org\/wp-content\/uploads\/2024\/03\/AUDIO-PLAYER-1024x133.png 1024w, https:\/\/www.iemj.org\/wp-content\/uploads\/2024\/03\/AUDIO-PLAYER-300x39.png 300w, https:\/\/www.iemj.org\/wp-content\/uploads\/2024\/03\/AUDIO-PLAYER-768x100.png 768w, https:\/\/www.iemj.org\/wp-content\/uploads\/2024\/03\/AUDIO-PLAYER-600x78.png 600w, https:\/\/www.iemj.org\/wp-content\/uploads\/2024\/03\/AUDIO-PLAYER.png 1210w\" sizes=\"(max-width: 1024px) 100vw, 1024px\" \/><\/figure>\n<\/div>\n\n\n<div class=\"wp-block-file\"><a id=\"wp-block-file--media-a7852a91-42c3-4a08-a600-ace27aedc419\" href=\"https:\/\/www.iemj.org\/wp-content\/uploads\/2017\/02\/chasseneh_valse_-_chaim_towber-2.mp3\">Chasseneh Valse &#8211; Chaim Towber<\/a><\/div>\n\n\n\n<div class=\"wp-block-file\"><a id=\"wp-block-file--media-68e81833-27ec-495c-a131-c184a4ae783e\" href=\"https:\/\/www.iemj.org\/wp-content\/uploads\/2017\/02\/grande_valse_extrait_-_jacques_offenbach.mp3\">Grande Valse (EXTRAIT) &#8211; Jacques Offenbach<\/a><\/div>\n\n\n\n<div class=\"wp-block-file\"><a id=\"wp-block-file--media-9142c9a5-591f-4cfd-80ba-152b2ff870fe\" href=\"https:\/\/www.iemj.org\/wp-content\/uploads\/2017\/02\/invitation_a_la_valse_extrait_-_noel_lee_jeff_cohen.mp3\">Invitation \u00e0 la Valse (EXTRAIT) &#8211; Norbert Glanzberg<\/a><\/div>\n\n\n\n<div class=\"wp-block-file\"><a id=\"wp-block-file--media-17fa58ee-b48a-4f03-8402-a68136b33345\" href=\"https:\/\/www.iemj.org\/wp-content\/uploads\/2017\/02\/le_beau_danube_bleu_-_dany_delmin.mp3\">Le beau Danube bleu &#8211; Johan Strauss (fils)<\/a><\/div>\n\n\n\n<div class=\"wp-block-file\"><a id=\"wp-block-file--media-640471c8-3aef-403a-acef-7468a23d6e1c\" href=\"https:\/\/www.iemj.org\/wp-content\/uploads\/2017\/02\/valse_des_edelweiss_pour_piano_extrait_-_albert_cahen_d_anvers.mp3\">Valse des Edelweiss pour piano (EXTRAIT) &#8211; Albert Cahen d&#8217;Anvers<\/a><\/div>\n\n\n\n<div class=\"wp-block-file\"><a id=\"wp-block-file--media-aafa0987-9e2e-40bf-8ebd-90d0d0c74604\" href=\"https:\/\/www.iemj.org\/wp-content\/uploads\/2017\/02\/valse_lente_-_fernand_halphen.mp3\">Valse Lente &#8211; Fernand Halphen<\/a><\/div>\n\n\n\n<div class=\"wp-block-file\"><a id=\"wp-block-file--media-0efd3b37-2ef9-4e82-b421-6ec14dfeb668\" href=\"https:\/\/www.iemj.org\/wp-content\/uploads\/2017\/02\/valse_pour_un_ami_extrait_-_denis_cuniot.mp3\">Valse pour un ami (EXTRAIT) &#8211; Denis Cuniot<\/a><\/div>\n\n\n\n<div class=\"wp-block-file\"><a id=\"wp-block-file--media-10181fd4-1c0f-4e00-bcb4-297537b6bc30\" href=\"https:\/\/www.iemj.org\/wp-content\/uploads\/2017\/02\/les_patineurs_extrait_-_emile_waldteufel.mp3\">Les patineurs (EXTRAIT) &#8211; Emile Waldteufel<\/a><\/div>\n\n\n\n<div class=\"wp-block-file\"><a id=\"wp-block-file--media-97ee4870-6f22-44ae-8196-a8b32ba81da5\" href=\"https:\/\/www.iemj.org\/wp-content\/uploads\/2017\/02\/tresors_de_la_pologne_valse_-_isaac_strauss_-_extrait.mp3\">Tr\u00e9sors de la Pologne (EXTRAIT) &#8211; Isaac Strauss<\/a><\/div>\n","protected":false},"excerpt":{"rendered":"<p>The waltz comes from the German word \u201cWalzer\u201d which means \u201cto turn in circle\u201d. This dance became famous in Vienna in 1780 and spread throughout Western Europe.Its music is generally<\/p>\n","protected":false},"author":1052,"featured_media":96238,"comment_status":"closed","ping_status":"open","sticky":false,"template":"","format":"standard","meta":{"_acf_changed":false,"footnotes":""},"categories":[1317],"tags":[],"technique":[],"squelettes":[],"sujet":[],"formation":[],"genre":[],"fonds":[],"tradition":[],"type-de-contenu":[],"interprete-compositeur":[3318],"frise":[],"type-devenement":[],"tableaux-liens-externes":[],"class_list":["post-55474","post","type-post","status-publish","format-standard","has-post-thumbnail","hentry","category-playlists-en","interprete-compositeur-emile-waldteufel-en"],"acf":[],"yoast_head":"<!-- This site is optimized with the Yoast SEO plugin v27.3 - https:\/\/yoast.com\/product\/yoast-seo-wordpress\/ -->\n<title>Waltzes - Institut Europ\u00e9en des Musiques Juives<\/title>\n<meta name=\"robots\" content=\"index, follow, max-snippet:-1, max-image-preview:large, max-video-preview:-1\" \/>\n<link rel=\"canonical\" href=\"https:\/\/www.iemj.org\/en\/sur-un-air-de-valse\/\" \/>\n<meta property=\"og:locale\" content=\"en_US\" \/>\n<meta property=\"og:type\" content=\"article\" \/>\n<meta property=\"og:title\" content=\"Waltzes - Institut Europ\u00e9en des Musiques Juives\" \/>\n<meta property=\"og:description\" content=\"The waltz comes from the German word \u201cWalzer\u201d which means \u201cto turn in circle\u201d. This dance became famous in Vienna in 1780 and spread throughout Western Europe.Its music is generally\" \/>\n<meta property=\"og:url\" content=\"https:\/\/www.iemj.org\/en\/sur-un-air-de-valse\/\" \/>\n<meta property=\"og:site_name\" content=\"Institut Europ\u00e9en des Musiques Juives\" \/>\n<meta property=\"article:publisher\" content=\"https:\/\/www.facebook.com\/MusiquesJuives\/\" \/>\n<meta property=\"article:published_time\" content=\"2017-02-22T10:15:20+00:00\" \/>\n<meta property=\"article:modified_time\" content=\"2025-06-19T10:46:54+00:00\" \/>\n<meta property=\"og:image\" content=\"https:\/\/www.iemj.org\/wp-content\/uploads\/2017\/02\/arton2109-1.jpg\" \/>\n\t<meta property=\"og:image:width\" content=\"500\" \/>\n\t<meta property=\"og:image:height\" content=\"500\" \/>\n\t<meta property=\"og:image:type\" content=\"image\/jpeg\" \/>\n<meta name=\"author\" content=\"Lea Couderc\" \/>\n<meta name=\"twitter:card\" content=\"summary_large_image\" \/>\n<meta name=\"twitter:label1\" content=\"Written by\" \/>\n\t<meta name=\"twitter:data1\" content=\"Lea Couderc\" \/>\n\t<meta name=\"twitter:label2\" content=\"Est. reading time\" \/>\n\t<meta name=\"twitter:data2\" content=\"3 minutes\" \/>\n<script type=\"application\/ld+json\" class=\"yoast-schema-graph\">{\"@context\":\"https:\\\/\\\/schema.org\",\"@graph\":[{\"@type\":\"Article\",\"@id\":\"https:\\\/\\\/www.iemj.org\\\/en\\\/sur-un-air-de-valse\\\/#article\",\"isPartOf\":{\"@id\":\"https:\\\/\\\/www.iemj.org\\\/en\\\/sur-un-air-de-valse\\\/\"},\"author\":{\"name\":\"Lea Couderc\",\"@id\":\"https:\\\/\\\/www.iemj.org\\\/en\\\/#\\\/schema\\\/person\\\/e2ad57f2c4be119c7ed8ab79036807a9\"},\"headline\":\"Waltzes\",\"datePublished\":\"2017-02-22T10:15:20+00:00\",\"dateModified\":\"2025-06-19T10:46:54+00:00\",\"mainEntityOfPage\":{\"@id\":\"https:\\\/\\\/www.iemj.org\\\/en\\\/sur-un-air-de-valse\\\/\"},\"wordCount\":359,\"publisher\":{\"@id\":\"https:\\\/\\\/www.iemj.org\\\/en\\\/#organization\"},\"image\":{\"@id\":\"https:\\\/\\\/www.iemj.org\\\/en\\\/sur-un-air-de-valse\\\/#primaryimage\"},\"thumbnailUrl\":\"https:\\\/\\\/www.iemj.org\\\/wp-content\\\/uploads\\\/2017\\\/02\\\/arton2109-1.jpg\",\"articleSection\":[\"Playlists\"],\"inLanguage\":\"en-US\"},{\"@type\":\"WebPage\",\"@id\":\"https:\\\/\\\/www.iemj.org\\\/en\\\/sur-un-air-de-valse\\\/\",\"url\":\"https:\\\/\\\/www.iemj.org\\\/en\\\/sur-un-air-de-valse\\\/\",\"name\":\"Waltzes - Institut Europ\u00e9en des Musiques Juives\",\"isPartOf\":{\"@id\":\"https:\\\/\\\/www.iemj.org\\\/en\\\/#website\"},\"primaryImageOfPage\":{\"@id\":\"https:\\\/\\\/www.iemj.org\\\/en\\\/sur-un-air-de-valse\\\/#primaryimage\"},\"image\":{\"@id\":\"https:\\\/\\\/www.iemj.org\\\/en\\\/sur-un-air-de-valse\\\/#primaryimage\"},\"thumbnailUrl\":\"https:\\\/\\\/www.iemj.org\\\/wp-content\\\/uploads\\\/2017\\\/02\\\/arton2109-1.jpg\",\"datePublished\":\"2017-02-22T10:15:20+00:00\",\"dateModified\":\"2025-06-19T10:46:54+00:00\",\"breadcrumb\":{\"@id\":\"https:\\\/\\\/www.iemj.org\\\/en\\\/sur-un-air-de-valse\\\/#breadcrumb\"},\"inLanguage\":\"en-US\",\"potentialAction\":[{\"@type\":\"ReadAction\",\"target\":[\"https:\\\/\\\/www.iemj.org\\\/en\\\/sur-un-air-de-valse\\\/\"]}]},{\"@type\":\"ImageObject\",\"inLanguage\":\"en-US\",\"@id\":\"https:\\\/\\\/www.iemj.org\\\/en\\\/sur-un-air-de-valse\\\/#primaryimage\",\"url\":\"https:\\\/\\\/www.iemj.org\\\/wp-content\\\/uploads\\\/2017\\\/02\\\/arton2109-1.jpg\",\"contentUrl\":\"https:\\\/\\\/www.iemj.org\\\/wp-content\\\/uploads\\\/2017\\\/02\\\/arton2109-1.jpg\",\"width\":500,\"height\":500},{\"@type\":\"BreadcrumbList\",\"@id\":\"https:\\\/\\\/www.iemj.org\\\/en\\\/sur-un-air-de-valse\\\/#breadcrumb\",\"itemListElement\":[{\"@type\":\"ListItem\",\"position\":1,\"name\":\"Accueil\",\"item\":\"https:\\\/\\\/www.iemj.org\\\/en\\\/\"},{\"@type\":\"ListItem\",\"position\":2,\"name\":\"Waltzes\"}]},{\"@type\":\"WebSite\",\"@id\":\"https:\\\/\\\/www.iemj.org\\\/en\\\/#website\",\"url\":\"https:\\\/\\\/www.iemj.org\\\/en\\\/\",\"name\":\"Institut Europ\u00e9en des Musiques Juives\",\"description\":\"Des traditions musicales \u00e0 la port\u00e9e de tous\",\"publisher\":{\"@id\":\"https:\\\/\\\/www.iemj.org\\\/en\\\/#organization\"},\"potentialAction\":[{\"@type\":\"SearchAction\",\"target\":{\"@type\":\"EntryPoint\",\"urlTemplate\":\"https:\\\/\\\/www.iemj.org\\\/en\\\/?s={search_term_string}\"},\"query-input\":{\"@type\":\"PropertyValueSpecification\",\"valueRequired\":true,\"valueName\":\"search_term_string\"}}],\"inLanguage\":\"en-US\"},{\"@type\":\"Organization\",\"@id\":\"https:\\\/\\\/www.iemj.org\\\/en\\\/#organization\",\"name\":\"Institut Europ\u00e9en des Musiques Juives\",\"url\":\"https:\\\/\\\/www.iemj.org\\\/en\\\/\",\"logo\":{\"@type\":\"ImageObject\",\"inLanguage\":\"en-US\",\"@id\":\"https:\\\/\\\/www.iemj.org\\\/en\\\/#\\\/schema\\\/logo\\\/image\\\/\",\"url\":\"https:\\\/\\\/www.iemj.org\\\/wp-content\\\/uploads\\\/2021\\\/09\\\/Logo-IEMJ-Paypal.jpg\",\"contentUrl\":\"https:\\\/\\\/www.iemj.org\\\/wp-content\\\/uploads\\\/2021\\\/09\\\/Logo-IEMJ-Paypal.jpg\",\"width\":150,\"height\":50,\"caption\":\"Institut Europ\u00e9en des Musiques Juives\"},\"image\":{\"@id\":\"https:\\\/\\\/www.iemj.org\\\/en\\\/#\\\/schema\\\/logo\\\/image\\\/\"},\"sameAs\":[\"https:\\\/\\\/www.facebook.com\\\/MusiquesJuives\\\/\",\"https:\\\/\\\/www.instagram.com\\\/musiquesjuives\\\/\",\"https:\\\/\\\/www.youtube.com\\\/user\\\/musiquesjuives\"]},{\"@type\":\"Person\",\"@id\":\"https:\\\/\\\/www.iemj.org\\\/en\\\/#\\\/schema\\\/person\\\/e2ad57f2c4be119c7ed8ab79036807a9\",\"name\":\"Lea Couderc\",\"image\":{\"@type\":\"ImageObject\",\"inLanguage\":\"en-US\",\"@id\":\"https:\\\/\\\/secure.gravatar.com\\\/avatar\\\/46ee021475d60aeff17a7e490b79dea5a5684bb392ab7fd1494027411df8ba23?s=96&d=mm&r=g\",\"url\":\"https:\\\/\\\/secure.gravatar.com\\\/avatar\\\/46ee021475d60aeff17a7e490b79dea5a5684bb392ab7fd1494027411df8ba23?s=96&d=mm&r=g\",\"contentUrl\":\"https:\\\/\\\/secure.gravatar.com\\\/avatar\\\/46ee021475d60aeff17a7e490b79dea5a5684bb392ab7fd1494027411df8ba23?s=96&d=mm&r=g\",\"caption\":\"Lea Couderc\"}}]}<\/script>\n<!-- \/ Yoast SEO plugin. -->","yoast_head_json":{"title":"Waltzes - Institut Europ\u00e9en des Musiques Juives","robots":{"index":"index","follow":"follow","max-snippet":"max-snippet:-1","max-image-preview":"max-image-preview:large","max-video-preview":"max-video-preview:-1"},"canonical":"https:\/\/www.iemj.org\/en\/sur-un-air-de-valse\/","og_locale":"en_US","og_type":"article","og_title":"Waltzes - Institut Europ\u00e9en des Musiques Juives","og_description":"The waltz comes from the German word \u201cWalzer\u201d which means \u201cto turn in circle\u201d. This dance became famous in Vienna in 1780 and spread throughout Western Europe.Its music is generally","og_url":"https:\/\/www.iemj.org\/en\/sur-un-air-de-valse\/","og_site_name":"Institut Europ\u00e9en des Musiques Juives","article_publisher":"https:\/\/www.facebook.com\/MusiquesJuives\/","article_published_time":"2017-02-22T10:15:20+00:00","article_modified_time":"2025-06-19T10:46:54+00:00","og_image":[{"width":500,"height":500,"url":"https:\/\/www.iemj.org\/wp-content\/uploads\/2017\/02\/arton2109-1.jpg","type":"image\/jpeg"}],"author":"Lea Couderc","twitter_card":"summary_large_image","twitter_misc":{"Written by":"Lea Couderc","Est. reading time":"3 minutes"},"schema":{"@context":"https:\/\/schema.org","@graph":[{"@type":"Article","@id":"https:\/\/www.iemj.org\/en\/sur-un-air-de-valse\/#article","isPartOf":{"@id":"https:\/\/www.iemj.org\/en\/sur-un-air-de-valse\/"},"author":{"name":"Lea Couderc","@id":"https:\/\/www.iemj.org\/en\/#\/schema\/person\/e2ad57f2c4be119c7ed8ab79036807a9"},"headline":"Waltzes","datePublished":"2017-02-22T10:15:20+00:00","dateModified":"2025-06-19T10:46:54+00:00","mainEntityOfPage":{"@id":"https:\/\/www.iemj.org\/en\/sur-un-air-de-valse\/"},"wordCount":359,"publisher":{"@id":"https:\/\/www.iemj.org\/en\/#organization"},"image":{"@id":"https:\/\/www.iemj.org\/en\/sur-un-air-de-valse\/#primaryimage"},"thumbnailUrl":"https:\/\/www.iemj.org\/wp-content\/uploads\/2017\/02\/arton2109-1.jpg","articleSection":["Playlists"],"inLanguage":"en-US"},{"@type":"WebPage","@id":"https:\/\/www.iemj.org\/en\/sur-un-air-de-valse\/","url":"https:\/\/www.iemj.org\/en\/sur-un-air-de-valse\/","name":"Waltzes - Institut Europ\u00e9en des Musiques Juives","isPartOf":{"@id":"https:\/\/www.iemj.org\/en\/#website"},"primaryImageOfPage":{"@id":"https:\/\/www.iemj.org\/en\/sur-un-air-de-valse\/#primaryimage"},"image":{"@id":"https:\/\/www.iemj.org\/en\/sur-un-air-de-valse\/#primaryimage"},"thumbnailUrl":"https:\/\/www.iemj.org\/wp-content\/uploads\/2017\/02\/arton2109-1.jpg","datePublished":"2017-02-22T10:15:20+00:00","dateModified":"2025-06-19T10:46:54+00:00","breadcrumb":{"@id":"https:\/\/www.iemj.org\/en\/sur-un-air-de-valse\/#breadcrumb"},"inLanguage":"en-US","potentialAction":[{"@type":"ReadAction","target":["https:\/\/www.iemj.org\/en\/sur-un-air-de-valse\/"]}]},{"@type":"ImageObject","inLanguage":"en-US","@id":"https:\/\/www.iemj.org\/en\/sur-un-air-de-valse\/#primaryimage","url":"https:\/\/www.iemj.org\/wp-content\/uploads\/2017\/02\/arton2109-1.jpg","contentUrl":"https:\/\/www.iemj.org\/wp-content\/uploads\/2017\/02\/arton2109-1.jpg","width":500,"height":500},{"@type":"BreadcrumbList","@id":"https:\/\/www.iemj.org\/en\/sur-un-air-de-valse\/#breadcrumb","itemListElement":[{"@type":"ListItem","position":1,"name":"Accueil","item":"https:\/\/www.iemj.org\/en\/"},{"@type":"ListItem","position":2,"name":"Waltzes"}]},{"@type":"WebSite","@id":"https:\/\/www.iemj.org\/en\/#website","url":"https:\/\/www.iemj.org\/en\/","name":"Institut Europ\u00e9en des Musiques Juives","description":"Des traditions musicales \u00e0 la port\u00e9e de tous","publisher":{"@id":"https:\/\/www.iemj.org\/en\/#organization"},"potentialAction":[{"@type":"SearchAction","target":{"@type":"EntryPoint","urlTemplate":"https:\/\/www.iemj.org\/en\/?s={search_term_string}"},"query-input":{"@type":"PropertyValueSpecification","valueRequired":true,"valueName":"search_term_string"}}],"inLanguage":"en-US"},{"@type":"Organization","@id":"https:\/\/www.iemj.org\/en\/#organization","name":"Institut Europ\u00e9en des Musiques Juives","url":"https:\/\/www.iemj.org\/en\/","logo":{"@type":"ImageObject","inLanguage":"en-US","@id":"https:\/\/www.iemj.org\/en\/#\/schema\/logo\/image\/","url":"https:\/\/www.iemj.org\/wp-content\/uploads\/2021\/09\/Logo-IEMJ-Paypal.jpg","contentUrl":"https:\/\/www.iemj.org\/wp-content\/uploads\/2021\/09\/Logo-IEMJ-Paypal.jpg","width":150,"height":50,"caption":"Institut Europ\u00e9en des Musiques Juives"},"image":{"@id":"https:\/\/www.iemj.org\/en\/#\/schema\/logo\/image\/"},"sameAs":["https:\/\/www.facebook.com\/MusiquesJuives\/","https:\/\/www.instagram.com\/musiquesjuives\/","https:\/\/www.youtube.com\/user\/musiquesjuives"]},{"@type":"Person","@id":"https:\/\/www.iemj.org\/en\/#\/schema\/person\/e2ad57f2c4be119c7ed8ab79036807a9","name":"Lea Couderc","image":{"@type":"ImageObject","inLanguage":"en-US","@id":"https:\/\/secure.gravatar.com\/avatar\/46ee021475d60aeff17a7e490b79dea5a5684bb392ab7fd1494027411df8ba23?s=96&d=mm&r=g","url":"https:\/\/secure.gravatar.com\/avatar\/46ee021475d60aeff17a7e490b79dea5a5684bb392ab7fd1494027411df8ba23?s=96&d=mm&r=g","contentUrl":"https:\/\/secure.gravatar.com\/avatar\/46ee021475d60aeff17a7e490b79dea5a5684bb392ab7fd1494027411df8ba23?s=96&d=mm&r=g","caption":"Lea Couderc"}}]}},"_links":{"self":[{"href":"https:\/\/www.iemj.org\/en\/wp-json\/wp\/v2\/posts\/55474","targetHints":{"allow":["GET"]}}],"collection":[{"href":"https:\/\/www.iemj.org\/en\/wp-json\/wp\/v2\/posts"}],"about":[{"href":"https:\/\/www.iemj.org\/en\/wp-json\/wp\/v2\/types\/post"}],"author":[{"embeddable":true,"href":"https:\/\/www.iemj.org\/en\/wp-json\/wp\/v2\/users\/1052"}],"replies":[{"embeddable":true,"href":"https:\/\/www.iemj.org\/en\/wp-json\/wp\/v2\/comments?post=55474"}],"version-history":[{"count":0,"href":"https:\/\/www.iemj.org\/en\/wp-json\/wp\/v2\/posts\/55474\/revisions"}],"wp:featuredmedia":[{"embeddable":true,"href":"https:\/\/www.iemj.org\/en\/wp-json\/wp\/v2\/media\/96238"}],"wp:attachment":[{"href":"https:\/\/www.iemj.org\/en\/wp-json\/wp\/v2\/media?parent=55474"}],"wp:term":[{"taxonomy":"category","embeddable":true,"href":"https:\/\/www.iemj.org\/en\/wp-json\/wp\/v2\/categories?post=55474"},{"taxonomy":"post_tag","embeddable":true,"href":"https:\/\/www.iemj.org\/en\/wp-json\/wp\/v2\/tags?post=55474"},{"taxonomy":"technique","embeddable":true,"href":"https:\/\/www.iemj.org\/en\/wp-json\/wp\/v2\/technique?post=55474"},{"taxonomy":"squelettes","embeddable":true,"href":"https:\/\/www.iemj.org\/en\/wp-json\/wp\/v2\/squelettes?post=55474"},{"taxonomy":"sujet","embeddable":true,"href":"https:\/\/www.iemj.org\/en\/wp-json\/wp\/v2\/sujet?post=55474"},{"taxonomy":"formation","embeddable":true,"href":"https:\/\/www.iemj.org\/en\/wp-json\/wp\/v2\/formation?post=55474"},{"taxonomy":"genre","embeddable":true,"href":"https:\/\/www.iemj.org\/en\/wp-json\/wp\/v2\/genre?post=55474"},{"taxonomy":"fonds","embeddable":true,"href":"https:\/\/www.iemj.org\/en\/wp-json\/wp\/v2\/fonds?post=55474"},{"taxonomy":"tradition","embeddable":true,"href":"https:\/\/www.iemj.org\/en\/wp-json\/wp\/v2\/tradition?post=55474"},{"taxonomy":"type-de-contenu","embeddable":true,"href":"https:\/\/www.iemj.org\/en\/wp-json\/wp\/v2\/type-de-contenu?post=55474"},{"taxonomy":"interprete-compositeur","embeddable":true,"href":"https:\/\/www.iemj.org\/en\/wp-json\/wp\/v2\/interprete-compositeur?post=55474"},{"taxonomy":"frise","embeddable":true,"href":"https:\/\/www.iemj.org\/en\/wp-json\/wp\/v2\/frise?post=55474"},{"taxonomy":"type-devenement","embeddable":true,"href":"https:\/\/www.iemj.org\/en\/wp-json\/wp\/v2\/type-devenement?post=55474"},{"taxonomy":"tableaux-liens-externes","embeddable":true,"href":"https:\/\/www.iemj.org\/en\/wp-json\/wp\/v2\/tableaux-liens-externes?post=55474"}],"curies":[{"name":"wp","href":"https:\/\/api.w.org\/{rel}","templated":true}]}}