{"id":55764,"date":"2016-09-27T12:36:05","date_gmt":"2016-09-27T10:36:05","guid":{"rendered":"https:\/\/www.iemj.org\/roch-hachana-1\/"},"modified":"2024-09-24T12:15:19","modified_gmt":"2024-09-24T10:15:19","slug":"roch-hachana-1","status":"publish","type":"post","link":"https:\/\/www.iemj.org\/en\/roch-hachana-1\/","title":{"rendered":"Rosh Hashanah, 1st part"},"content":{"rendered":"<p><strong>Listen to a selection of tunes of Rosh Hashanah by perfomers such as Albert Kirch, Marcel Lorand, Jan Peerce, l\u2019Ensemble Alla Francesca.<\/strong><\/p>\n<p><span style=\"font-size: inherit;\">Rosh Hashanah, which means in Hebrew \u00ab head of the year \u00bb, is the 1st day of the Jewish year. Although according to the Torah, the year begins during the month of Nissan, tradition has defined this day as the first of the year.<br \/><\/span><\/p>\n<p>Rosh Hashanah is also called Yom Hadin, the \u201cJudgement Day\u201d, symbol of the creation of men. It is therefore a day of intense prayer in order to call for divine mercy. But it is also a day of rejoicing because we are confident in God\u2019s judgement.<\/p>\n<p><img fetchpriority=\"high\" decoding=\"async\" class=\" alignright  wp-image-11743\" src=\"https:\/\/www.iemj.org\/wp-content\/uploads\/2016\/09\/doc_2_roch_hachana_500px_75.jpg\" alt=\"doc_2_roch_hachana_500px_75.jpg\" width=\"307\" height=\"395\" align=\"right\" srcset=\"https:\/\/www.iemj.org\/wp-content\/uploads\/2016\/09\/doc_2_roch_hachana_500px_75.jpg 375w, https:\/\/www.iemj.org\/wp-content\/uploads\/2016\/09\/doc_2_roch_hachana_500px_75-233x300.jpg 233w\" sizes=\"(max-width: 307px) 100vw, 307px\" \/><\/p>\n<p>During the Morning Prayer, it is custom to blow in the shofar, to remember Isaac\u2019s sacrifice and the mercy God gave him.<\/p>\n<p>Another tradition says that during these days, men should have only \u201cpositive\u201d thoughts, and should not feel anger or hatred against one another. Therefore, the first day of the new year becomes an example and a reference for the following days.<\/p>\n<p>Rosh Hashanah begins the period called the 10 Days of Repentance which ends with Yom Kippur, the Day of Atonement.<\/p>\n<p>.<\/p>\n<p><b><strong><span style=\"font-size: xx-large;\">SHANA TOVA !!!<\/span><\/strong><\/b><\/p>\n<p><a href=\"https:\/\/www.iemj.org\/en\/roch-hachana-2\/\">Listen to the playlist : Rosh Hashanah, 2nd part<\/a><\/p>\n<p><img decoding=\"async\" class=\" aligncenter size-full wp-image-11745\" src=\"https:\/\/www.iemj.org\/wp-content\/uploads\/2016\/09\/doc_1_roch_hachana_500px_85.jpg\" alt=\"doc_1_roch_hachana_500px_85.jpg\" width=\"425\" height=\"272\" align=\"middle\" srcset=\"https:\/\/www.iemj.org\/wp-content\/uploads\/2016\/09\/doc_1_roch_hachana_500px_85.jpg 425w, https:\/\/www.iemj.org\/wp-content\/uploads\/2016\/09\/doc_1_roch_hachana_500px_85-300x192.jpg 300w\" sizes=\"(max-width: 425px) 100vw, 425px\" \/><\/p>\n<p>\u00a0<\/p>\n\n\n<figure class=\"wp-block-image alignwide size-large\"><img decoding=\"async\" width=\"1024\" height=\"133\" src=\"https:\/\/www.iemj.org\/wp-content\/uploads\/2024\/03\/AUDIO-PLAYER-1024x133.png\" alt=\"\" class=\"wp-image-110607\" srcset=\"https:\/\/www.iemj.org\/wp-content\/uploads\/2024\/03\/AUDIO-PLAYER-1024x133.png 1024w, https:\/\/www.iemj.org\/wp-content\/uploads\/2024\/03\/AUDIO-PLAYER-300x39.png 300w, https:\/\/www.iemj.org\/wp-content\/uploads\/2024\/03\/AUDIO-PLAYER-768x100.png 768w, https:\/\/www.iemj.org\/wp-content\/uploads\/2024\/03\/AUDIO-PLAYER-600x78.png 600w, https:\/\/www.iemj.org\/wp-content\/uploads\/2024\/03\/AUDIO-PLAYER.png 1210w\" sizes=\"(max-width: 1024px) 100vw, 1024px\" \/><\/figure>\n\n\n\n<div class=\"wp-block-file\"><a id=\"wp-block-file--media-fc226e2a-6f7b-4765-8b31-5bc608286eaf\" href=\"https:\/\/www.iemj.org\/wp-content\/uploads\/2016\/09\/a_story_for_a_new_year_extrait_-_tamar_bornstein-laxar.mp3\">A Story for a new year (EXTRAIT) &#8211; Tamar BORNSTEIN-LAXAR<\/a><\/div>\n\n\n\n<div class=\"wp-block-file\"><a id=\"wp-block-file--media-b074b7fe-636d-43b5-a98b-3128e3db2efd\" href=\"https:\/\/www.iemj.org\/wp-content\/uploads\/2016\/09\/ayom_arat_olam_extrait_-_philippe_darmon.mp3\">Ayom Arat Olam (EXTRAIT) &#8211; Philippe DARMON<\/a><\/div>\n\n\n\n<div class=\"wp-block-file\"><a id=\"wp-block-file--media-9adc0743-b4cc-4c88-b4f7-31e03ee4eeff\" href=\"https:\/\/www.iemj.org\/wp-content\/uploads\/2016\/09\/beroch_hachono_-_marcel_lorand.mp3\">Beroch Hachono &#8211; Marcel LORAND<\/a><\/div>\n\n\n\n<div class=\"wp-block-file\"><a id=\"wp-block-file--media-12d544bd-9889-440c-a595-f61b706b171b\" href=\"https:\/\/www.iemj.org\/wp-content\/uploads\/2016\/09\/kiddouch_des_trois_fetes_extrait_-_albert_kirch.mp3\">Kiddouch des trois f\u00eates (EXTRAIT) &#8211; Albert KIRCH<\/a><\/div>\n\n\n\n<div class=\"wp-block-file\"><a id=\"wp-block-file--media-c102011d-9ac7-44dd-af37-a57bacb577da\" href=\"https:\/\/www.iemj.org\/wp-content\/uploads\/2016\/09\/kiddoush_nazareth_extrait_-_albert_kirch.mp3\">Kiddoush (Nazareth) (EXTRAIT) &#8211; Albert KIRCH<\/a><\/div>\n\n\n\n<div class=\"wp-block-file\"><a id=\"wp-block-file--media-ee8cea8c-bdd3-4e54-9d02-8768d647fb8d\" href=\"https:\/\/www.iemj.org\/wp-content\/uploads\/2016\/09\/les_anfanz_des_avot_-_ensemble_alla_francesca.mp3\">Les anfanz des avot &#8211; Ensemble Alla Francesca<\/a><\/div>\n\n\n\n<div class=\"wp-block-file\"><a id=\"wp-block-file--media-8750b573-e27e-495f-a16f-d8540665a493\" href=\"https:\/\/www.iemj.org\/wp-content\/uploads\/2016\/09\/olenu_-_jan_peerce.mp3\">Olenu &#8211; Jan PEERCE<\/a><\/div>\n\n\n\n<div class=\"wp-block-file\"><a id=\"wp-block-file--media-24a59175-358c-4490-b34e-b264570fbcc8\" href=\"https:\/\/www.iemj.org\/wp-content\/uploads\/2016\/09\/roi_de_poer_-_ensemble_alla_francesca.mp3\">Roi de poer &#8211; Ensemble Alla Francesca<\/a><\/div>\n\n\n\n<div class=\"wp-block-file\"><a id=\"wp-block-file--media-6a4d851c-cef5-4b1b-bc7a-a98611eaf3a0\" href=\"https:\/\/www.iemj.org\/wp-content\/uploads\/2016\/09\/shana_tova_-_chag_lataf_30_holiday_songs_for_tots.mp3\">Shana Tova &#8211; Chag Lataf  30 Holiday Songs for Tots<\/a><\/div>\n\n\n\n<div class=\"wp-block-file\"><a id=\"wp-block-file--media-6583d2e7-9216-46ae-9451-dd8cbd6313da\" href=\"https:\/\/www.iemj.org\/wp-content\/uploads\/2016\/09\/shana_tova_-_tamar_bornstein-laxar.mp3\">Shana Tova &#8211; Tamar BORNSTEIN-LAXAR<\/a><\/div>\n\n\n\n<div class=\"wp-block-file\"><a id=\"wp-block-file--media-48d9bbf4-d42e-4d0e-90cf-dd460529765c\" href=\"https:\/\/www.iemj.org\/wp-content\/uploads\/2016\/09\/uvashofor_godol_-_jan_peerce.mp3\">Uvashofor Godol &#8211; Jan PEERCE<\/a><\/div>\n\n\n\n<div class=\"wp-block-file\"><a id=\"wp-block-file--media-3c1b92fe-3c54-4cef-a204-cefe0a1f3693\" href=\"https:\/\/www.iemj.org\/wp-content\/uploads\/2016\/09\/00_00_ahot_k_tanna_tradition_des_juifs_hispano-portugais_de_londres_01_18_a_hot_ketana_dans_le_rite_de_tlemcen_04_18_ahut_ghatano_rite_des_juifs_des_montagnes_.mp3\">Ahot K&#8217;Tanna (tradition des juifs hispano-portugais de Londres) 00&#8217;00 ; A&#8217;hot ketana (dans le rite de Tlemcen)  01&#8217;18 ; Ah\u00fct gh\u00e4tano (rite des Juifs des montagnes) 04&#8217;18<\/a><\/div>\n","protected":false},"excerpt":{"rendered":"<p>Listen to a selection of tunes of Rosh Hashanah by perfomers such as Albert Kirch, Marcel Lorand, Jan Peerce, l\u2019Ensemble Alla Francesca. Rosh Hashanah, which means in Hebrew \u00ab head<\/p>\n","protected":false},"author":1052,"featured_media":11741,"comment_status":"closed","ping_status":"open","sticky":false,"template":"","format":"standard","meta":{"_acf_changed":false,"footnotes":""},"categories":[1317],"tags":[],"technique":[],"squelettes":[],"sujet":[1849],"formation":[],"genre":[],"fonds":[],"tradition":[],"type-de-contenu":[],"interprete-compositeur":[],"frise":[],"type-devenement":[],"tableaux-liens-externes":[],"class_list":["post-55764","post","type-post","status-publish","format-standard","has-post-thumbnail","hentry","category-playlists-en","sujet-rosh-hashanah-en"],"acf":[],"yoast_head":"<!-- This site is optimized with the Yoast SEO plugin v27.3 - https:\/\/yoast.com\/product\/yoast-seo-wordpress\/ -->\n<title>Rosh Hashanah, 1st part - Institut Europ\u00e9en des Musiques Juives<\/title>\n<meta name=\"robots\" content=\"index, follow, max-snippet:-1, max-image-preview:large, max-video-preview:-1\" \/>\n<link rel=\"canonical\" href=\"https:\/\/www.iemj.org\/en\/roch-hachana-1\/\" \/>\n<meta property=\"og:locale\" content=\"en_US\" \/>\n<meta property=\"og:type\" content=\"article\" \/>\n<meta property=\"og:title\" content=\"Rosh Hashanah, 1st part - Institut Europ\u00e9en des Musiques Juives\" \/>\n<meta property=\"og:description\" content=\"Listen to a selection of tunes of Rosh Hashanah by perfomers such as Albert Kirch, Marcel Lorand, Jan Peerce, l\u2019Ensemble Alla Francesca. Rosh Hashanah, which means in Hebrew \u00ab head\" \/>\n<meta property=\"og:url\" content=\"https:\/\/www.iemj.org\/en\/roch-hachana-1\/\" \/>\n<meta property=\"og:site_name\" content=\"Institut Europ\u00e9en des Musiques Juives\" \/>\n<meta property=\"article:publisher\" content=\"https:\/\/www.facebook.com\/MusiquesJuives\/\" \/>\n<meta property=\"article:published_time\" content=\"2016-09-27T10:36:05+00:00\" \/>\n<meta property=\"article:modified_time\" content=\"2024-09-24T10:15:19+00:00\" \/>\n<meta property=\"og:image\" content=\"https:\/\/www.iemj.org\/wp-content\/uploads\/2016\/09\/arton1866-e1629818839940.jpg\" \/>\n\t<meta property=\"og:image:width\" content=\"510\" \/>\n\t<meta property=\"og:image:height\" content=\"471\" \/>\n\t<meta property=\"og:image:type\" content=\"image\/jpeg\" \/>\n<meta name=\"author\" content=\"Lea Couderc\" \/>\n<meta name=\"twitter:card\" content=\"summary_large_image\" \/>\n<meta name=\"twitter:label1\" content=\"Written by\" \/>\n\t<meta name=\"twitter:data1\" content=\"Lea Couderc\" \/>\n\t<meta name=\"twitter:label2\" content=\"Est. reading time\" \/>\n\t<meta name=\"twitter:data2\" content=\"3 minutes\" \/>\n<script type=\"application\/ld+json\" class=\"yoast-schema-graph\">{\"@context\":\"https:\\\/\\\/schema.org\",\"@graph\":[{\"@type\":\"Article\",\"@id\":\"https:\\\/\\\/www.iemj.org\\\/en\\\/roch-hachana-1\\\/#article\",\"isPartOf\":{\"@id\":\"https:\\\/\\\/www.iemj.org\\\/en\\\/roch-hachana-1\\\/\"},\"author\":{\"name\":\"Lea Couderc\",\"@id\":\"https:\\\/\\\/www.iemj.org\\\/en\\\/#\\\/schema\\\/person\\\/e2ad57f2c4be119c7ed8ab79036807a9\"},\"headline\":\"Rosh Hashanah, 1st part\",\"datePublished\":\"2016-09-27T10:36:05+00:00\",\"dateModified\":\"2024-09-24T10:15:19+00:00\",\"mainEntityOfPage\":{\"@id\":\"https:\\\/\\\/www.iemj.org\\\/en\\\/roch-hachana-1\\\/\"},\"wordCount\":310,\"publisher\":{\"@id\":\"https:\\\/\\\/www.iemj.org\\\/en\\\/#organization\"},\"image\":{\"@id\":\"https:\\\/\\\/www.iemj.org\\\/en\\\/roch-hachana-1\\\/#primaryimage\"},\"thumbnailUrl\":\"https:\\\/\\\/www.iemj.org\\\/wp-content\\\/uploads\\\/2016\\\/09\\\/arton1866-e1629818839940.jpg\",\"articleSection\":[\"Playlists\"],\"inLanguage\":\"en-US\"},{\"@type\":\"WebPage\",\"@id\":\"https:\\\/\\\/www.iemj.org\\\/en\\\/roch-hachana-1\\\/\",\"url\":\"https:\\\/\\\/www.iemj.org\\\/en\\\/roch-hachana-1\\\/\",\"name\":\"Rosh Hashanah, 1st part - Institut Europ\u00e9en des Musiques Juives\",\"isPartOf\":{\"@id\":\"https:\\\/\\\/www.iemj.org\\\/en\\\/#website\"},\"primaryImageOfPage\":{\"@id\":\"https:\\\/\\\/www.iemj.org\\\/en\\\/roch-hachana-1\\\/#primaryimage\"},\"image\":{\"@id\":\"https:\\\/\\\/www.iemj.org\\\/en\\\/roch-hachana-1\\\/#primaryimage\"},\"thumbnailUrl\":\"https:\\\/\\\/www.iemj.org\\\/wp-content\\\/uploads\\\/2016\\\/09\\\/arton1866-e1629818839940.jpg\",\"datePublished\":\"2016-09-27T10:36:05+00:00\",\"dateModified\":\"2024-09-24T10:15:19+00:00\",\"breadcrumb\":{\"@id\":\"https:\\\/\\\/www.iemj.org\\\/en\\\/roch-hachana-1\\\/#breadcrumb\"},\"inLanguage\":\"en-US\",\"potentialAction\":[{\"@type\":\"ReadAction\",\"target\":[\"https:\\\/\\\/www.iemj.org\\\/en\\\/roch-hachana-1\\\/\"]}]},{\"@type\":\"ImageObject\",\"inLanguage\":\"en-US\",\"@id\":\"https:\\\/\\\/www.iemj.org\\\/en\\\/roch-hachana-1\\\/#primaryimage\",\"url\":\"https:\\\/\\\/www.iemj.org\\\/wp-content\\\/uploads\\\/2016\\\/09\\\/arton1866-e1629818839940.jpg\",\"contentUrl\":\"https:\\\/\\\/www.iemj.org\\\/wp-content\\\/uploads\\\/2016\\\/09\\\/arton1866-e1629818839940.jpg\",\"width\":510,\"height\":471},{\"@type\":\"BreadcrumbList\",\"@id\":\"https:\\\/\\\/www.iemj.org\\\/en\\\/roch-hachana-1\\\/#breadcrumb\",\"itemListElement\":[{\"@type\":\"ListItem\",\"position\":1,\"name\":\"Accueil\",\"item\":\"https:\\\/\\\/www.iemj.org\\\/en\\\/\"},{\"@type\":\"ListItem\",\"position\":2,\"name\":\"Rosh Hashanah, 1st part\"}]},{\"@type\":\"WebSite\",\"@id\":\"https:\\\/\\\/www.iemj.org\\\/en\\\/#website\",\"url\":\"https:\\\/\\\/www.iemj.org\\\/en\\\/\",\"name\":\"Institut Europ\u00e9en des Musiques Juives\",\"description\":\"Des traditions musicales \u00e0 la port\u00e9e de tous\",\"publisher\":{\"@id\":\"https:\\\/\\\/www.iemj.org\\\/en\\\/#organization\"},\"potentialAction\":[{\"@type\":\"SearchAction\",\"target\":{\"@type\":\"EntryPoint\",\"urlTemplate\":\"https:\\\/\\\/www.iemj.org\\\/en\\\/?s={search_term_string}\"},\"query-input\":{\"@type\":\"PropertyValueSpecification\",\"valueRequired\":true,\"valueName\":\"search_term_string\"}}],\"inLanguage\":\"en-US\"},{\"@type\":\"Organization\",\"@id\":\"https:\\\/\\\/www.iemj.org\\\/en\\\/#organization\",\"name\":\"Institut Europ\u00e9en des Musiques Juives\",\"url\":\"https:\\\/\\\/www.iemj.org\\\/en\\\/\",\"logo\":{\"@type\":\"ImageObject\",\"inLanguage\":\"en-US\",\"@id\":\"https:\\\/\\\/www.iemj.org\\\/en\\\/#\\\/schema\\\/logo\\\/image\\\/\",\"url\":\"https:\\\/\\\/www.iemj.org\\\/wp-content\\\/uploads\\\/2021\\\/09\\\/Logo-IEMJ-Paypal.jpg\",\"contentUrl\":\"https:\\\/\\\/www.iemj.org\\\/wp-content\\\/uploads\\\/2021\\\/09\\\/Logo-IEMJ-Paypal.jpg\",\"width\":150,\"height\":50,\"caption\":\"Institut Europ\u00e9en des Musiques Juives\"},\"image\":{\"@id\":\"https:\\\/\\\/www.iemj.org\\\/en\\\/#\\\/schema\\\/logo\\\/image\\\/\"},\"sameAs\":[\"https:\\\/\\\/www.facebook.com\\\/MusiquesJuives\\\/\",\"https:\\\/\\\/www.instagram.com\\\/musiquesjuives\\\/\",\"https:\\\/\\\/www.youtube.com\\\/user\\\/musiquesjuives\"]},{\"@type\":\"Person\",\"@id\":\"https:\\\/\\\/www.iemj.org\\\/en\\\/#\\\/schema\\\/person\\\/e2ad57f2c4be119c7ed8ab79036807a9\",\"name\":\"Lea Couderc\",\"image\":{\"@type\":\"ImageObject\",\"inLanguage\":\"en-US\",\"@id\":\"https:\\\/\\\/secure.gravatar.com\\\/avatar\\\/46ee021475d60aeff17a7e490b79dea5a5684bb392ab7fd1494027411df8ba23?s=96&d=mm&r=g\",\"url\":\"https:\\\/\\\/secure.gravatar.com\\\/avatar\\\/46ee021475d60aeff17a7e490b79dea5a5684bb392ab7fd1494027411df8ba23?s=96&d=mm&r=g\",\"contentUrl\":\"https:\\\/\\\/secure.gravatar.com\\\/avatar\\\/46ee021475d60aeff17a7e490b79dea5a5684bb392ab7fd1494027411df8ba23?s=96&d=mm&r=g\",\"caption\":\"Lea Couderc\"}}]}<\/script>\n<!-- \/ Yoast SEO plugin. -->","yoast_head_json":{"title":"Rosh Hashanah, 1st part - Institut Europ\u00e9en des Musiques Juives","robots":{"index":"index","follow":"follow","max-snippet":"max-snippet:-1","max-image-preview":"max-image-preview:large","max-video-preview":"max-video-preview:-1"},"canonical":"https:\/\/www.iemj.org\/en\/roch-hachana-1\/","og_locale":"en_US","og_type":"article","og_title":"Rosh Hashanah, 1st part - Institut Europ\u00e9en des Musiques Juives","og_description":"Listen to a selection of tunes of Rosh Hashanah by perfomers such as Albert Kirch, Marcel Lorand, Jan Peerce, l\u2019Ensemble Alla Francesca. Rosh Hashanah, which means in Hebrew \u00ab head","og_url":"https:\/\/www.iemj.org\/en\/roch-hachana-1\/","og_site_name":"Institut Europ\u00e9en des Musiques Juives","article_publisher":"https:\/\/www.facebook.com\/MusiquesJuives\/","article_published_time":"2016-09-27T10:36:05+00:00","article_modified_time":"2024-09-24T10:15:19+00:00","og_image":[{"width":510,"height":471,"url":"https:\/\/www.iemj.org\/wp-content\/uploads\/2016\/09\/arton1866-e1629818839940.jpg","type":"image\/jpeg"}],"author":"Lea Couderc","twitter_card":"summary_large_image","twitter_misc":{"Written by":"Lea Couderc","Est. reading time":"3 minutes"},"schema":{"@context":"https:\/\/schema.org","@graph":[{"@type":"Article","@id":"https:\/\/www.iemj.org\/en\/roch-hachana-1\/#article","isPartOf":{"@id":"https:\/\/www.iemj.org\/en\/roch-hachana-1\/"},"author":{"name":"Lea Couderc","@id":"https:\/\/www.iemj.org\/en\/#\/schema\/person\/e2ad57f2c4be119c7ed8ab79036807a9"},"headline":"Rosh Hashanah, 1st part","datePublished":"2016-09-27T10:36:05+00:00","dateModified":"2024-09-24T10:15:19+00:00","mainEntityOfPage":{"@id":"https:\/\/www.iemj.org\/en\/roch-hachana-1\/"},"wordCount":310,"publisher":{"@id":"https:\/\/www.iemj.org\/en\/#organization"},"image":{"@id":"https:\/\/www.iemj.org\/en\/roch-hachana-1\/#primaryimage"},"thumbnailUrl":"https:\/\/www.iemj.org\/wp-content\/uploads\/2016\/09\/arton1866-e1629818839940.jpg","articleSection":["Playlists"],"inLanguage":"en-US"},{"@type":"WebPage","@id":"https:\/\/www.iemj.org\/en\/roch-hachana-1\/","url":"https:\/\/www.iemj.org\/en\/roch-hachana-1\/","name":"Rosh Hashanah, 1st part - Institut Europ\u00e9en des Musiques Juives","isPartOf":{"@id":"https:\/\/www.iemj.org\/en\/#website"},"primaryImageOfPage":{"@id":"https:\/\/www.iemj.org\/en\/roch-hachana-1\/#primaryimage"},"image":{"@id":"https:\/\/www.iemj.org\/en\/roch-hachana-1\/#primaryimage"},"thumbnailUrl":"https:\/\/www.iemj.org\/wp-content\/uploads\/2016\/09\/arton1866-e1629818839940.jpg","datePublished":"2016-09-27T10:36:05+00:00","dateModified":"2024-09-24T10:15:19+00:00","breadcrumb":{"@id":"https:\/\/www.iemj.org\/en\/roch-hachana-1\/#breadcrumb"},"inLanguage":"en-US","potentialAction":[{"@type":"ReadAction","target":["https:\/\/www.iemj.org\/en\/roch-hachana-1\/"]}]},{"@type":"ImageObject","inLanguage":"en-US","@id":"https:\/\/www.iemj.org\/en\/roch-hachana-1\/#primaryimage","url":"https:\/\/www.iemj.org\/wp-content\/uploads\/2016\/09\/arton1866-e1629818839940.jpg","contentUrl":"https:\/\/www.iemj.org\/wp-content\/uploads\/2016\/09\/arton1866-e1629818839940.jpg","width":510,"height":471},{"@type":"BreadcrumbList","@id":"https:\/\/www.iemj.org\/en\/roch-hachana-1\/#breadcrumb","itemListElement":[{"@type":"ListItem","position":1,"name":"Accueil","item":"https:\/\/www.iemj.org\/en\/"},{"@type":"ListItem","position":2,"name":"Rosh Hashanah, 1st part"}]},{"@type":"WebSite","@id":"https:\/\/www.iemj.org\/en\/#website","url":"https:\/\/www.iemj.org\/en\/","name":"Institut Europ\u00e9en des Musiques Juives","description":"Des traditions musicales \u00e0 la port\u00e9e de tous","publisher":{"@id":"https:\/\/www.iemj.org\/en\/#organization"},"potentialAction":[{"@type":"SearchAction","target":{"@type":"EntryPoint","urlTemplate":"https:\/\/www.iemj.org\/en\/?s={search_term_string}"},"query-input":{"@type":"PropertyValueSpecification","valueRequired":true,"valueName":"search_term_string"}}],"inLanguage":"en-US"},{"@type":"Organization","@id":"https:\/\/www.iemj.org\/en\/#organization","name":"Institut Europ\u00e9en des Musiques Juives","url":"https:\/\/www.iemj.org\/en\/","logo":{"@type":"ImageObject","inLanguage":"en-US","@id":"https:\/\/www.iemj.org\/en\/#\/schema\/logo\/image\/","url":"https:\/\/www.iemj.org\/wp-content\/uploads\/2021\/09\/Logo-IEMJ-Paypal.jpg","contentUrl":"https:\/\/www.iemj.org\/wp-content\/uploads\/2021\/09\/Logo-IEMJ-Paypal.jpg","width":150,"height":50,"caption":"Institut Europ\u00e9en des Musiques Juives"},"image":{"@id":"https:\/\/www.iemj.org\/en\/#\/schema\/logo\/image\/"},"sameAs":["https:\/\/www.facebook.com\/MusiquesJuives\/","https:\/\/www.instagram.com\/musiquesjuives\/","https:\/\/www.youtube.com\/user\/musiquesjuives"]},{"@type":"Person","@id":"https:\/\/www.iemj.org\/en\/#\/schema\/person\/e2ad57f2c4be119c7ed8ab79036807a9","name":"Lea Couderc","image":{"@type":"ImageObject","inLanguage":"en-US","@id":"https:\/\/secure.gravatar.com\/avatar\/46ee021475d60aeff17a7e490b79dea5a5684bb392ab7fd1494027411df8ba23?s=96&d=mm&r=g","url":"https:\/\/secure.gravatar.com\/avatar\/46ee021475d60aeff17a7e490b79dea5a5684bb392ab7fd1494027411df8ba23?s=96&d=mm&r=g","contentUrl":"https:\/\/secure.gravatar.com\/avatar\/46ee021475d60aeff17a7e490b79dea5a5684bb392ab7fd1494027411df8ba23?s=96&d=mm&r=g","caption":"Lea Couderc"}}]}},"_links":{"self":[{"href":"https:\/\/www.iemj.org\/en\/wp-json\/wp\/v2\/posts\/55764","targetHints":{"allow":["GET"]}}],"collection":[{"href":"https:\/\/www.iemj.org\/en\/wp-json\/wp\/v2\/posts"}],"about":[{"href":"https:\/\/www.iemj.org\/en\/wp-json\/wp\/v2\/types\/post"}],"author":[{"embeddable":true,"href":"https:\/\/www.iemj.org\/en\/wp-json\/wp\/v2\/users\/1052"}],"replies":[{"embeddable":true,"href":"https:\/\/www.iemj.org\/en\/wp-json\/wp\/v2\/comments?post=55764"}],"version-history":[{"count":0,"href":"https:\/\/www.iemj.org\/en\/wp-json\/wp\/v2\/posts\/55764\/revisions"}],"wp:featuredmedia":[{"embeddable":true,"href":"https:\/\/www.iemj.org\/en\/wp-json\/wp\/v2\/media\/11741"}],"wp:attachment":[{"href":"https:\/\/www.iemj.org\/en\/wp-json\/wp\/v2\/media?parent=55764"}],"wp:term":[{"taxonomy":"category","embeddable":true,"href":"https:\/\/www.iemj.org\/en\/wp-json\/wp\/v2\/categories?post=55764"},{"taxonomy":"post_tag","embeddable":true,"href":"https:\/\/www.iemj.org\/en\/wp-json\/wp\/v2\/tags?post=55764"},{"taxonomy":"technique","embeddable":true,"href":"https:\/\/www.iemj.org\/en\/wp-json\/wp\/v2\/technique?post=55764"},{"taxonomy":"squelettes","embeddable":true,"href":"https:\/\/www.iemj.org\/en\/wp-json\/wp\/v2\/squelettes?post=55764"},{"taxonomy":"sujet","embeddable":true,"href":"https:\/\/www.iemj.org\/en\/wp-json\/wp\/v2\/sujet?post=55764"},{"taxonomy":"formation","embeddable":true,"href":"https:\/\/www.iemj.org\/en\/wp-json\/wp\/v2\/formation?post=55764"},{"taxonomy":"genre","embeddable":true,"href":"https:\/\/www.iemj.org\/en\/wp-json\/wp\/v2\/genre?post=55764"},{"taxonomy":"fonds","embeddable":true,"href":"https:\/\/www.iemj.org\/en\/wp-json\/wp\/v2\/fonds?post=55764"},{"taxonomy":"tradition","embeddable":true,"href":"https:\/\/www.iemj.org\/en\/wp-json\/wp\/v2\/tradition?post=55764"},{"taxonomy":"type-de-contenu","embeddable":true,"href":"https:\/\/www.iemj.org\/en\/wp-json\/wp\/v2\/type-de-contenu?post=55764"},{"taxonomy":"interprete-compositeur","embeddable":true,"href":"https:\/\/www.iemj.org\/en\/wp-json\/wp\/v2\/interprete-compositeur?post=55764"},{"taxonomy":"frise","embeddable":true,"href":"https:\/\/www.iemj.org\/en\/wp-json\/wp\/v2\/frise?post=55764"},{"taxonomy":"type-devenement","embeddable":true,"href":"https:\/\/www.iemj.org\/en\/wp-json\/wp\/v2\/type-devenement?post=55764"},{"taxonomy":"tableaux-liens-externes","embeddable":true,"href":"https:\/\/www.iemj.org\/en\/wp-json\/wp\/v2\/tableaux-liens-externes?post=55764"}],"curies":[{"name":"wp","href":"https:\/\/api.w.org\/{rel}","templated":true}]}}