{"id":56142,"date":"2016-03-07T17:33:00","date_gmt":"2016-03-07T16:33:00","guid":{"rendered":"https:\/\/www.iemj.org\/le-chant-des-femmes-dans-la-tradition-juive\/"},"modified":"2025-04-27T20:16:21","modified_gmt":"2025-04-27T18:16:21","slug":"le-chant-des-femmes-dans-la-tradition-juive","status":"publish","type":"post","link":"https:\/\/www.iemj.org\/en\/le-chant-des-femmes-dans-la-tradition-juive\/","title":{"rendered":"Women\u2019s singing in Jewish tradition"},"content":{"rendered":"<p><!--more--><\/p>\n<p><strong>The status of women in the Jewish tradition is often source of controversy. The <em>halakha<\/em> &#8211; the Jewish law &#8211; generally puts the woman in the role of the housekeeper and educator of her children. But it has not always been like that.<\/strong><\/p>\n<p>When we look back at the Book of Judges that tells us the story of the Hebrews, between the conquest of Canaan and the arrival of royalty, one woman has a special place. It\u2019s Deborah, 4th judge of Israel, prophetess and military chief. In the 13th century before J.C., she convokes a warrior named Barak so that he builds an army among the tribes of Naphtali and Zebulun to defeat the Canaanite army of Sisera who serves king Jabin. After a ferocious fight, Sisera is killed by another woman, Jael. And this victory leads to the final defeat of canaanite king Jabin. Deborah sings then with Barack a hymn, a victory song that echoes like a warning to foreign princes and kings that can be a menace to the Hebrews.<\/p>\n<p>Through this Biblical tale is the image of a freed and liberator woman, equal to man, who doesn\u2019t hesitate to sing with him. Another reference to the singing of woman is found in the Bible after the crossing of the Red Sea. As the waves swallow Pharaoh&#8217;s army, saving the Hebrews in their flight, the men sing a hymn to the Lord (<em>chirat hayam<\/em>), then Moses&#8217; sister Miriam and all the women dance and sing to the sound of the tambourine (Exodus, XV, 20-21). At that moment, men and women are symbolically unified by singing.<\/p>\n<p>These biblical references did not prevent rabbinic authorities centuries later from declaring the singing of woman impure. Because the voice expresses nudity, halakha dictates that a woman may not sing in the presence of men, in order not to distract them from prayer and study.<\/p>\n<p>That&#8217;s why, for a very long time, domestic songs were reserved for women. They were lullabies, wedding songs, songs of mourning or lamentation, all the events that mark the cycle of life. In fact, while the men&#8217;s repertoire is generally dedicated to the liturgical cycle of the year, the women&#8217;s repertoire is more linked to daily life and material concerns. The songs are often in the vernacular (Arabic, Yiddish, Judeo-Spanish, Yemeni, etc.). The mother cradles the child, hoping for him a bright future (<em>Durme querido hijico<\/em>). She sometimes laments the absence of her unfaithful husband. In some Judeo-Spanish songs, it is the wife who is unfaithful. The mother also gives valuable advice to her daughter who is about to get married. The mother-in-law scolds her daughter-in-law for stealing her son. Finally, &#8220;professional&#8221; mourners still exist in some traditional Jewish communities.<\/p>\n<p>There were exceptions to this rule, however. Jewish female musicians are mentioned in medieval Spain<span class=\"footnote_referrer\"><a role=\"button\" tabindex=\"0\" onclick=\"footnote_moveToReference_56142_1('footnote_plugin_reference_56142_1_1');\" onkeypress=\"footnote_moveToReference_56142_1('footnote_plugin_reference_56142_1_1');\" ><sup id=\"footnote_plugin_tooltip_56142_1_1\" class=\"footnote_plugin_tooltip_text\">[1]<\/sup><\/a><span id=\"footnote_plugin_tooltip_text_56142_1_1\" class=\"footnote_tooltip\">Cf. Judith Cohen, \u00ab Le r\u00f4le des femmes-musiciennes dans l&#8217;Espagne m\u00e9di\u00e9vale au sein des communaut\u00e9s chr\u00e9tienne, juive et musulmane \u00bb, th\u00e8se de master, universit\u00e9 de Montr\u00e9al, 1980.<\/span><\/span><script type=\"text\/javascript\"> jQuery('#footnote_plugin_tooltip_56142_1_1').tooltip({ tip: '#footnote_plugin_tooltip_text_56142_1_1', tipClass: 'footnote_tooltip', effect: 'fade', predelay: 0, fadeInSpeed: 200, delay: 400, fadeOutSpeed: 200, position: 'top center', relative: true, offset: [-7, 0], });<\/script>. In the Ashkenazi world, various sources from the 15th to the 17th centuries echo complaints about women singing in public. In the Arab world at the beginning of the 20th century, when singing was forbidden to Muslim women, the greatest female singers were often Jewish, such as Leyla Sfez, Zohra al Fassiya, Louisa Tounisia, Fritna Darmon, and the famous Hbiba Msika, a free woman and master of her own destiny who was adored not only by the Tunisian people but also by the entire city of Paris.<\/p>\n<p>In Western Europe, the emergence of the Haskalah (Jewish Enlightenment) in the mid-1800s led to reforms within normative Judaism. A number of women gained access to an education based on Western culture. Nevertheless, being a Jewish woman in the 19th century was an obstacle for female musicians and composers, who had to contend with surrounding anti-Semitism and a strict division of roles between men and women. Their primary duties were to take care of the children, the home, and the husband. But some women went beyond these archaic notions and followed their passions to the limit. Fanny Mendelssohn-Hensel, born in 1805 and sister of the composer Felix Mendelssohn, is a perfect example. Although musically gifted, her father, Abraham Mendelssohn, warned her to prepare for her future role as a model wife and to give up her &#8220;fioritures,&#8221; which would interfere with her hard and constant work as a housewife. This infuriated her. But her husband, Wilhelm Hensel, recognized her creative potential and let her do as she pleased. For her 29th birthday, he created a painting in which Fanny depicted Myriam holding a tambourine, symbolizing his acceptance of her art.<\/p>\n<p>Nowadays women sing in multiple ways according to the level of religiousness. In orthodox circles, they have to strictly follow the <em>Halakha<\/em>. In traditionalist circles, women sing along with men, but each occupies a separate place in the synagogue. Among the reformed, women sing freely, sitting next to the men, and some of them are even <em>chazanit<\/em> (the feminine word for <em>chazan<\/em>, which means cantor). Finally, among the non-religious Jews, but very attached to their Jewish identity, the singing has become symbolically a high mean of identity, which explains the renewed interest for Yiddish, Judeo-Spanish and Arabic songs, sang by men and women.<\/p>\n<p><a href=\"https:\/\/www.iemj.org\/en\/judeo-spanish-singing-by-women-from-morocco\/\" target=\"_blank\" rel=\"noopener\">Listen to the radio program : The Judeo-Spanish singing by women from Morocco<\/a><br \/><a href=\"https:\/\/www.iemj.org\/en\/maayan-de-landalousie-a-lorient-le-chant-des-femmes-sepharades\/\" target=\"_blank\" rel=\"noopener\">Learn more on the CD of Na\u00efma Chemoul (Maayan) : From Andalucia to the Orient&#8230; The singing of Sefardi women<\/a><\/p>\n<p><img fetchpriority=\"high\" decoding=\"async\" class=\" aligncenter size-full wp-image-9540\" src=\"https:\/\/www.iemj.org\/wp-content\/uploads\/2016\/03\/doc_femmes_et_musiques_juives500.jpg\" alt=\"doc_femmes_et_musiques_juives500.jpg\" width=\"500\" height=\"330\" align=\"middle\" srcset=\"https:\/\/www.iemj.org\/wp-content\/uploads\/2016\/03\/doc_femmes_et_musiques_juives500.jpg 500w, https:\/\/www.iemj.org\/wp-content\/uploads\/2016\/03\/doc_femmes_et_musiques_juives500-300x198.jpg 300w\" sizes=\"(max-width: 500px) 100vw, 500px\" \/><\/p>\n\n<div class=\"wp-block-image\">\n<figure class=\"aligncenter size-large\"><img decoding=\"async\" width=\"1024\" height=\"133\" src=\"https:\/\/www.iemj.org\/wp-content\/uploads\/2024\/03\/AUDIO-PLAYER-1024x133.png\" alt=\"\" class=\"wp-image-110607\" srcset=\"https:\/\/www.iemj.org\/wp-content\/uploads\/2024\/03\/AUDIO-PLAYER-1024x133.png 1024w, https:\/\/www.iemj.org\/wp-content\/uploads\/2024\/03\/AUDIO-PLAYER-300x39.png 300w, https:\/\/www.iemj.org\/wp-content\/uploads\/2024\/03\/AUDIO-PLAYER-768x100.png 768w, https:\/\/www.iemj.org\/wp-content\/uploads\/2024\/03\/AUDIO-PLAYER-600x78.png 600w, https:\/\/www.iemj.org\/wp-content\/uploads\/2024\/03\/AUDIO-PLAYER.png 1210w\" sizes=\"(max-width: 1024px) 100vw, 1024px\" \/><\/figure>\n<\/div>\n\n\n<h2 class=\"wp-block-heading\"><\/h2>\n\n\n\n<div class=\"wp-block-file\"><a href=\"https:\/\/www.iemj.org\/wp-content\/uploads\/2016\/02\/a_meinsele_-_sarah_gorby.mp3\">A Meinsele &#8211; Sarah GORBY<\/a><\/div>\n\n\n\n<div class=\"wp-block-file\"><a href=\"https:\/\/www.iemj.org\/wp-content\/uploads\/2016\/02\/be_gani_neta_atikha_-_chava_alberstein.mp3\">Be gani neta atikha &#8211; Chava ALBERSTEIN<\/a><\/div>\n\n\n\n<div class=\"wp-block-file\"><a href=\"https:\/\/www.iemj.org\/wp-content\/uploads\/2016\/02\/die_mame_is_gegangen_-_talila.mp3\">Die mame is gegangen &#8211; TALILA<\/a><\/div>\n\n\n\n<div class=\"wp-block-file\"><a href=\"https:\/\/www.iemj.org\/wp-content\/uploads\/2016\/02\/djesmifani_-_line_monty.mp3\">Djesmifani &#8211; Line MONTY<\/a><\/div>\n\n\n\n<div class=\"wp-block-file\"><a href=\"https:\/\/www.iemj.org\/wp-content\/uploads\/2016\/02\/dodim_doday_-_rika_zarai.mp3\">Dodim Doday &#8211; Rika ZARAI<\/a><\/div>\n\n\n\n<div class=\"wp-block-file\"><a href=\"https:\/\/www.iemj.org\/wp-content\/uploads\/2016\/02\/hayo_hayu_ey_paam_bachurim_-_shoshana_damari.mp3\">Hayo hayu ey paam bachurim &#8211; Shoshana DAMARI<\/a><\/div>\n\n\n\n<div class=\"wp-block-file\"><a href=\"https:\/\/www.iemj.org\/wp-content\/uploads\/2016\/02\/interdit_par_la_loi_-_esther_galil.mp3\">Interdit par la loi &#8211; Esther GALIL<\/a><\/div>\n\n\n\n<div class=\"wp-block-file\"><a href=\"https:\/\/www.iemj.org\/wp-content\/uploads\/2016\/02\/itzikl_-_leiele_fisher.mp3\">Itzikl &#8211; Lei\u00e9l\u00e9 FISHER<\/a><\/div>\n\n\n\n<div class=\"wp-block-file\"><a href=\"https:\/\/www.iemj.org\/wp-content\/uploads\/2016\/02\/mi_nuera_-_keren_esther.mp3\">Mi nuera &#8211; Keren ESTHER<\/a><\/div>\n\n\n\n<div class=\"wp-block-file\"><a href=\"https:\/\/www.iemj.org\/wp-content\/uploads\/2016\/02\/one_more_day_-_yardena_arazi.mp3\">One more day &#8211; Yardena ARAZI<\/a><\/div>\n\n\n\n<div class=\"wp-block-file\"><a href=\"https:\/\/www.iemj.org\/wp-content\/uploads\/2016\/02\/shir_al_eyts_-_yaffa_yarkoni.mp3\">Shir al eyts &#8211; Yaffa YARKONI<\/a><\/div>\n\n\n\n<div class=\"wp-block-file\"><a href=\"https:\/\/www.iemj.org\/wp-content\/uploads\/2016\/02\/shpilt_klezmorim_-_ruth_maimon.mp3\">Shpilt klezmorim &#8211; Ruth MAIMON<\/a><\/div>\n<div class=\"speaker-mute footnotes_reference_container\"> <div class=\"footnote_container_prepare\"><p><span role=\"button\" tabindex=\"0\" class=\"footnote_reference_container_label pointer\" onclick=\"footnote_expand_collapse_reference_container_56142_1();\">&#x202F;<\/span><span role=\"button\" tabindex=\"0\" class=\"footnote_reference_container_collapse_button\" style=\"display: none;\" onclick=\"footnote_expand_collapse_reference_container_56142_1();\">[<a id=\"footnote_reference_container_collapse_button_56142_1\">+<\/a>]<\/span><\/p><\/div> <div id=\"footnote_references_container_56142_1\" style=\"\"><table class=\"footnotes_table footnote-reference-container\"><caption class=\"accessibility\">References<\/caption> <tbody> \r\n\r\n<tr class=\"footnotes_plugin_reference_row\"> <th scope=\"row\" class=\"footnote_plugin_index_combi pointer\"  onclick=\"footnote_moveToAnchor_56142_1('footnote_plugin_tooltip_56142_1_1');\"><a id=\"footnote_plugin_reference_56142_1_1\" class=\"footnote_backlink\">1<\/a><\/th> <td class=\"footnote_plugin_text\">Cf. Judith Cohen, \u00ab Le r\u00f4le des femmes-musiciennes dans l&#8217;Espagne m\u00e9di\u00e9vale au sein des communaut\u00e9s chr\u00e9tienne, juive et musulmane \u00bb, th\u00e8se de master, universit\u00e9 de Montr\u00e9al, 1980.<\/td><\/tr>\r\n\r\n <\/tbody> <\/table> <\/div><\/div><script type=\"text\/javascript\"> function footnote_expand_reference_container_56142_1() { jQuery('#footnote_references_container_56142_1').show(); jQuery('#footnote_reference_container_collapse_button_56142_1').text('\u2212'); } function footnote_collapse_reference_container_56142_1() { jQuery('#footnote_references_container_56142_1').hide(); jQuery('#footnote_reference_container_collapse_button_56142_1').text('+'); } function footnote_expand_collapse_reference_container_56142_1() { if (jQuery('#footnote_references_container_56142_1').is(':hidden')) { footnote_expand_reference_container_56142_1(); } else { footnote_collapse_reference_container_56142_1(); } } function footnote_moveToReference_56142_1(p_str_TargetID) { footnote_expand_reference_container_56142_1(); var l_obj_Target = jQuery('#' + p_str_TargetID); if (l_obj_Target.length) { jQuery( 'html, body' ).delay( 0 ); jQuery('html, body').animate({ scrollTop: l_obj_Target.offset().top - window.innerHeight * 0.2 }, 380); } } function footnote_moveToAnchor_56142_1(p_str_TargetID) { footnote_expand_reference_container_56142_1(); var l_obj_Target = jQuery('#' + p_str_TargetID); if (l_obj_Target.length) { jQuery( 'html, body' ).delay( 0 ); jQuery('html, body').animate({ scrollTop: l_obj_Target.offset().top - window.innerHeight * 0.2 }, 380); } }<\/script>","protected":false},"excerpt":{"rendered":"","protected":false},"author":1052,"featured_media":9538,"comment_status":"closed","ping_status":"open","sticky":false,"template":"","format":"standard","meta":{"_acf_changed":false,"footnotes":""},"categories":[1317],"tags":[],"technique":[],"squelettes":[],"sujet":[],"formation":[],"genre":[],"fonds":[],"tradition":[],"type-de-contenu":[],"interprete-compositeur":[],"frise":[],"type-devenement":[],"tableaux-liens-externes":[],"class_list":["post-56142","post","type-post","status-publish","format-standard","has-post-thumbnail","hentry","category-playlists-en"],"acf":[],"yoast_head":"<!-- This site is optimized with the Yoast SEO plugin v27.3 - https:\/\/yoast.com\/product\/yoast-seo-wordpress\/ -->\n<title>Women\u2019s singing in Jewish tradition - Institut Europ\u00e9en des Musiques Juives<\/title>\n<meta name=\"robots\" content=\"index, follow, max-snippet:-1, max-image-preview:large, max-video-preview:-1\" \/>\n<link rel=\"canonical\" href=\"https:\/\/www.iemj.org\/en\/le-chant-des-femmes-dans-la-tradition-juive\/\" \/>\n<meta property=\"og:locale\" content=\"en_US\" \/>\n<meta property=\"og:type\" content=\"article\" \/>\n<meta property=\"og:title\" content=\"Women\u2019s singing in Jewish tradition - Institut Europ\u00e9en des Musiques Juives\" \/>\n<meta property=\"og:url\" content=\"https:\/\/www.iemj.org\/en\/le-chant-des-femmes-dans-la-tradition-juive\/\" \/>\n<meta property=\"og:site_name\" content=\"Institut Europ\u00e9en des Musiques Juives\" \/>\n<meta property=\"article:publisher\" content=\"https:\/\/www.facebook.com\/MusiquesJuives\/\" \/>\n<meta property=\"article:published_time\" content=\"2016-03-07T16:33:00+00:00\" \/>\n<meta property=\"article:modified_time\" content=\"2025-04-27T18:16:21+00:00\" \/>\n<meta property=\"og:image\" content=\"https:\/\/www.iemj.org\/wp-content\/uploads\/2016\/03\/arton1503.jpg\" \/>\n\t<meta property=\"og:image:width\" content=\"500\" \/>\n\t<meta property=\"og:image:height\" content=\"522\" \/>\n\t<meta property=\"og:image:type\" content=\"image\/jpeg\" \/>\n<meta name=\"author\" content=\"Lea Couderc\" \/>\n<meta name=\"twitter:card\" content=\"summary_large_image\" \/>\n<meta name=\"twitter:label1\" content=\"Written by\" \/>\n\t<meta name=\"twitter:data1\" content=\"Lea Couderc\" \/>\n\t<meta name=\"twitter:label2\" content=\"Est. reading time\" \/>\n\t<meta name=\"twitter:data2\" content=\"6 minutes\" \/>\n<script type=\"application\/ld+json\" class=\"yoast-schema-graph\">{\"@context\":\"https:\\\/\\\/schema.org\",\"@graph\":[{\"@type\":\"Article\",\"@id\":\"https:\\\/\\\/www.iemj.org\\\/en\\\/le-chant-des-femmes-dans-la-tradition-juive\\\/#article\",\"isPartOf\":{\"@id\":\"https:\\\/\\\/www.iemj.org\\\/en\\\/le-chant-des-femmes-dans-la-tradition-juive\\\/\"},\"author\":{\"name\":\"Lea Couderc\",\"@id\":\"https:\\\/\\\/www.iemj.org\\\/en\\\/#\\\/schema\\\/person\\\/e2ad57f2c4be119c7ed8ab79036807a9\"},\"headline\":\"Women\u2019s singing in Jewish tradition\",\"datePublished\":\"2016-03-07T16:33:00+00:00\",\"dateModified\":\"2025-04-27T18:16:21+00:00\",\"mainEntityOfPage\":{\"@id\":\"https:\\\/\\\/www.iemj.org\\\/en\\\/le-chant-des-femmes-dans-la-tradition-juive\\\/\"},\"wordCount\":994,\"publisher\":{\"@id\":\"https:\\\/\\\/www.iemj.org\\\/en\\\/#organization\"},\"image\":{\"@id\":\"https:\\\/\\\/www.iemj.org\\\/en\\\/le-chant-des-femmes-dans-la-tradition-juive\\\/#primaryimage\"},\"thumbnailUrl\":\"https:\\\/\\\/www.iemj.org\\\/wp-content\\\/uploads\\\/2016\\\/03\\\/arton1503.jpg\",\"articleSection\":[\"Playlists\"],\"inLanguage\":\"en-US\"},{\"@type\":\"WebPage\",\"@id\":\"https:\\\/\\\/www.iemj.org\\\/en\\\/le-chant-des-femmes-dans-la-tradition-juive\\\/\",\"url\":\"https:\\\/\\\/www.iemj.org\\\/en\\\/le-chant-des-femmes-dans-la-tradition-juive\\\/\",\"name\":\"Women\u2019s singing in Jewish tradition - Institut Europ\u00e9en des Musiques Juives\",\"isPartOf\":{\"@id\":\"https:\\\/\\\/www.iemj.org\\\/en\\\/#website\"},\"primaryImageOfPage\":{\"@id\":\"https:\\\/\\\/www.iemj.org\\\/en\\\/le-chant-des-femmes-dans-la-tradition-juive\\\/#primaryimage\"},\"image\":{\"@id\":\"https:\\\/\\\/www.iemj.org\\\/en\\\/le-chant-des-femmes-dans-la-tradition-juive\\\/#primaryimage\"},\"thumbnailUrl\":\"https:\\\/\\\/www.iemj.org\\\/wp-content\\\/uploads\\\/2016\\\/03\\\/arton1503.jpg\",\"datePublished\":\"2016-03-07T16:33:00+00:00\",\"dateModified\":\"2025-04-27T18:16:21+00:00\",\"breadcrumb\":{\"@id\":\"https:\\\/\\\/www.iemj.org\\\/en\\\/le-chant-des-femmes-dans-la-tradition-juive\\\/#breadcrumb\"},\"inLanguage\":\"en-US\",\"potentialAction\":[{\"@type\":\"ReadAction\",\"target\":[\"https:\\\/\\\/www.iemj.org\\\/en\\\/le-chant-des-femmes-dans-la-tradition-juive\\\/\"]}]},{\"@type\":\"ImageObject\",\"inLanguage\":\"en-US\",\"@id\":\"https:\\\/\\\/www.iemj.org\\\/en\\\/le-chant-des-femmes-dans-la-tradition-juive\\\/#primaryimage\",\"url\":\"https:\\\/\\\/www.iemj.org\\\/wp-content\\\/uploads\\\/2016\\\/03\\\/arton1503.jpg\",\"contentUrl\":\"https:\\\/\\\/www.iemj.org\\\/wp-content\\\/uploads\\\/2016\\\/03\\\/arton1503.jpg\",\"width\":500,\"height\":522},{\"@type\":\"BreadcrumbList\",\"@id\":\"https:\\\/\\\/www.iemj.org\\\/en\\\/le-chant-des-femmes-dans-la-tradition-juive\\\/#breadcrumb\",\"itemListElement\":[{\"@type\":\"ListItem\",\"position\":1,\"name\":\"Accueil\",\"item\":\"https:\\\/\\\/www.iemj.org\\\/en\\\/\"},{\"@type\":\"ListItem\",\"position\":2,\"name\":\"Women\u2019s singing in Jewish tradition\"}]},{\"@type\":\"WebSite\",\"@id\":\"https:\\\/\\\/www.iemj.org\\\/en\\\/#website\",\"url\":\"https:\\\/\\\/www.iemj.org\\\/en\\\/\",\"name\":\"Institut Europ\u00e9en des Musiques Juives\",\"description\":\"Des traditions musicales \u00e0 la port\u00e9e de tous\",\"publisher\":{\"@id\":\"https:\\\/\\\/www.iemj.org\\\/en\\\/#organization\"},\"potentialAction\":[{\"@type\":\"SearchAction\",\"target\":{\"@type\":\"EntryPoint\",\"urlTemplate\":\"https:\\\/\\\/www.iemj.org\\\/en\\\/?s={search_term_string}\"},\"query-input\":{\"@type\":\"PropertyValueSpecification\",\"valueRequired\":true,\"valueName\":\"search_term_string\"}}],\"inLanguage\":\"en-US\"},{\"@type\":\"Organization\",\"@id\":\"https:\\\/\\\/www.iemj.org\\\/en\\\/#organization\",\"name\":\"Institut Europ\u00e9en des Musiques Juives\",\"url\":\"https:\\\/\\\/www.iemj.org\\\/en\\\/\",\"logo\":{\"@type\":\"ImageObject\",\"inLanguage\":\"en-US\",\"@id\":\"https:\\\/\\\/www.iemj.org\\\/en\\\/#\\\/schema\\\/logo\\\/image\\\/\",\"url\":\"https:\\\/\\\/www.iemj.org\\\/wp-content\\\/uploads\\\/2021\\\/09\\\/Logo-IEMJ-Paypal.jpg\",\"contentUrl\":\"https:\\\/\\\/www.iemj.org\\\/wp-content\\\/uploads\\\/2021\\\/09\\\/Logo-IEMJ-Paypal.jpg\",\"width\":150,\"height\":50,\"caption\":\"Institut Europ\u00e9en des Musiques Juives\"},\"image\":{\"@id\":\"https:\\\/\\\/www.iemj.org\\\/en\\\/#\\\/schema\\\/logo\\\/image\\\/\"},\"sameAs\":[\"https:\\\/\\\/www.facebook.com\\\/MusiquesJuives\\\/\",\"https:\\\/\\\/www.instagram.com\\\/musiquesjuives\\\/\",\"https:\\\/\\\/www.youtube.com\\\/user\\\/musiquesjuives\"]},{\"@type\":\"Person\",\"@id\":\"https:\\\/\\\/www.iemj.org\\\/en\\\/#\\\/schema\\\/person\\\/e2ad57f2c4be119c7ed8ab79036807a9\",\"name\":\"Lea Couderc\",\"image\":{\"@type\":\"ImageObject\",\"inLanguage\":\"en-US\",\"@id\":\"https:\\\/\\\/secure.gravatar.com\\\/avatar\\\/46ee021475d60aeff17a7e490b79dea5a5684bb392ab7fd1494027411df8ba23?s=96&d=mm&r=g\",\"url\":\"https:\\\/\\\/secure.gravatar.com\\\/avatar\\\/46ee021475d60aeff17a7e490b79dea5a5684bb392ab7fd1494027411df8ba23?s=96&d=mm&r=g\",\"contentUrl\":\"https:\\\/\\\/secure.gravatar.com\\\/avatar\\\/46ee021475d60aeff17a7e490b79dea5a5684bb392ab7fd1494027411df8ba23?s=96&d=mm&r=g\",\"caption\":\"Lea Couderc\"}}]}<\/script>\n<!-- \/ Yoast SEO plugin. -->","yoast_head_json":{"title":"Women\u2019s singing in Jewish tradition - Institut Europ\u00e9en des Musiques Juives","robots":{"index":"index","follow":"follow","max-snippet":"max-snippet:-1","max-image-preview":"max-image-preview:large","max-video-preview":"max-video-preview:-1"},"canonical":"https:\/\/www.iemj.org\/en\/le-chant-des-femmes-dans-la-tradition-juive\/","og_locale":"en_US","og_type":"article","og_title":"Women\u2019s singing in Jewish tradition - Institut Europ\u00e9en des Musiques Juives","og_url":"https:\/\/www.iemj.org\/en\/le-chant-des-femmes-dans-la-tradition-juive\/","og_site_name":"Institut Europ\u00e9en des Musiques Juives","article_publisher":"https:\/\/www.facebook.com\/MusiquesJuives\/","article_published_time":"2016-03-07T16:33:00+00:00","article_modified_time":"2025-04-27T18:16:21+00:00","og_image":[{"width":500,"height":522,"url":"https:\/\/www.iemj.org\/wp-content\/uploads\/2016\/03\/arton1503.jpg","type":"image\/jpeg"}],"author":"Lea Couderc","twitter_card":"summary_large_image","twitter_misc":{"Written by":"Lea Couderc","Est. reading time":"6 minutes"},"schema":{"@context":"https:\/\/schema.org","@graph":[{"@type":"Article","@id":"https:\/\/www.iemj.org\/en\/le-chant-des-femmes-dans-la-tradition-juive\/#article","isPartOf":{"@id":"https:\/\/www.iemj.org\/en\/le-chant-des-femmes-dans-la-tradition-juive\/"},"author":{"name":"Lea Couderc","@id":"https:\/\/www.iemj.org\/en\/#\/schema\/person\/e2ad57f2c4be119c7ed8ab79036807a9"},"headline":"Women\u2019s singing in Jewish tradition","datePublished":"2016-03-07T16:33:00+00:00","dateModified":"2025-04-27T18:16:21+00:00","mainEntityOfPage":{"@id":"https:\/\/www.iemj.org\/en\/le-chant-des-femmes-dans-la-tradition-juive\/"},"wordCount":994,"publisher":{"@id":"https:\/\/www.iemj.org\/en\/#organization"},"image":{"@id":"https:\/\/www.iemj.org\/en\/le-chant-des-femmes-dans-la-tradition-juive\/#primaryimage"},"thumbnailUrl":"https:\/\/www.iemj.org\/wp-content\/uploads\/2016\/03\/arton1503.jpg","articleSection":["Playlists"],"inLanguage":"en-US"},{"@type":"WebPage","@id":"https:\/\/www.iemj.org\/en\/le-chant-des-femmes-dans-la-tradition-juive\/","url":"https:\/\/www.iemj.org\/en\/le-chant-des-femmes-dans-la-tradition-juive\/","name":"Women\u2019s singing in Jewish tradition - Institut Europ\u00e9en des Musiques Juives","isPartOf":{"@id":"https:\/\/www.iemj.org\/en\/#website"},"primaryImageOfPage":{"@id":"https:\/\/www.iemj.org\/en\/le-chant-des-femmes-dans-la-tradition-juive\/#primaryimage"},"image":{"@id":"https:\/\/www.iemj.org\/en\/le-chant-des-femmes-dans-la-tradition-juive\/#primaryimage"},"thumbnailUrl":"https:\/\/www.iemj.org\/wp-content\/uploads\/2016\/03\/arton1503.jpg","datePublished":"2016-03-07T16:33:00+00:00","dateModified":"2025-04-27T18:16:21+00:00","breadcrumb":{"@id":"https:\/\/www.iemj.org\/en\/le-chant-des-femmes-dans-la-tradition-juive\/#breadcrumb"},"inLanguage":"en-US","potentialAction":[{"@type":"ReadAction","target":["https:\/\/www.iemj.org\/en\/le-chant-des-femmes-dans-la-tradition-juive\/"]}]},{"@type":"ImageObject","inLanguage":"en-US","@id":"https:\/\/www.iemj.org\/en\/le-chant-des-femmes-dans-la-tradition-juive\/#primaryimage","url":"https:\/\/www.iemj.org\/wp-content\/uploads\/2016\/03\/arton1503.jpg","contentUrl":"https:\/\/www.iemj.org\/wp-content\/uploads\/2016\/03\/arton1503.jpg","width":500,"height":522},{"@type":"BreadcrumbList","@id":"https:\/\/www.iemj.org\/en\/le-chant-des-femmes-dans-la-tradition-juive\/#breadcrumb","itemListElement":[{"@type":"ListItem","position":1,"name":"Accueil","item":"https:\/\/www.iemj.org\/en\/"},{"@type":"ListItem","position":2,"name":"Women\u2019s singing in Jewish tradition"}]},{"@type":"WebSite","@id":"https:\/\/www.iemj.org\/en\/#website","url":"https:\/\/www.iemj.org\/en\/","name":"Institut Europ\u00e9en des Musiques Juives","description":"Des traditions musicales \u00e0 la port\u00e9e de tous","publisher":{"@id":"https:\/\/www.iemj.org\/en\/#organization"},"potentialAction":[{"@type":"SearchAction","target":{"@type":"EntryPoint","urlTemplate":"https:\/\/www.iemj.org\/en\/?s={search_term_string}"},"query-input":{"@type":"PropertyValueSpecification","valueRequired":true,"valueName":"search_term_string"}}],"inLanguage":"en-US"},{"@type":"Organization","@id":"https:\/\/www.iemj.org\/en\/#organization","name":"Institut Europ\u00e9en des Musiques Juives","url":"https:\/\/www.iemj.org\/en\/","logo":{"@type":"ImageObject","inLanguage":"en-US","@id":"https:\/\/www.iemj.org\/en\/#\/schema\/logo\/image\/","url":"https:\/\/www.iemj.org\/wp-content\/uploads\/2021\/09\/Logo-IEMJ-Paypal.jpg","contentUrl":"https:\/\/www.iemj.org\/wp-content\/uploads\/2021\/09\/Logo-IEMJ-Paypal.jpg","width":150,"height":50,"caption":"Institut Europ\u00e9en des Musiques Juives"},"image":{"@id":"https:\/\/www.iemj.org\/en\/#\/schema\/logo\/image\/"},"sameAs":["https:\/\/www.facebook.com\/MusiquesJuives\/","https:\/\/www.instagram.com\/musiquesjuives\/","https:\/\/www.youtube.com\/user\/musiquesjuives"]},{"@type":"Person","@id":"https:\/\/www.iemj.org\/en\/#\/schema\/person\/e2ad57f2c4be119c7ed8ab79036807a9","name":"Lea Couderc","image":{"@type":"ImageObject","inLanguage":"en-US","@id":"https:\/\/secure.gravatar.com\/avatar\/46ee021475d60aeff17a7e490b79dea5a5684bb392ab7fd1494027411df8ba23?s=96&d=mm&r=g","url":"https:\/\/secure.gravatar.com\/avatar\/46ee021475d60aeff17a7e490b79dea5a5684bb392ab7fd1494027411df8ba23?s=96&d=mm&r=g","contentUrl":"https:\/\/secure.gravatar.com\/avatar\/46ee021475d60aeff17a7e490b79dea5a5684bb392ab7fd1494027411df8ba23?s=96&d=mm&r=g","caption":"Lea Couderc"}}]}},"_links":{"self":[{"href":"https:\/\/www.iemj.org\/en\/wp-json\/wp\/v2\/posts\/56142","targetHints":{"allow":["GET"]}}],"collection":[{"href":"https:\/\/www.iemj.org\/en\/wp-json\/wp\/v2\/posts"}],"about":[{"href":"https:\/\/www.iemj.org\/en\/wp-json\/wp\/v2\/types\/post"}],"author":[{"embeddable":true,"href":"https:\/\/www.iemj.org\/en\/wp-json\/wp\/v2\/users\/1052"}],"replies":[{"embeddable":true,"href":"https:\/\/www.iemj.org\/en\/wp-json\/wp\/v2\/comments?post=56142"}],"version-history":[{"count":0,"href":"https:\/\/www.iemj.org\/en\/wp-json\/wp\/v2\/posts\/56142\/revisions"}],"wp:featuredmedia":[{"embeddable":true,"href":"https:\/\/www.iemj.org\/en\/wp-json\/wp\/v2\/media\/9538"}],"wp:attachment":[{"href":"https:\/\/www.iemj.org\/en\/wp-json\/wp\/v2\/media?parent=56142"}],"wp:term":[{"taxonomy":"category","embeddable":true,"href":"https:\/\/www.iemj.org\/en\/wp-json\/wp\/v2\/categories?post=56142"},{"taxonomy":"post_tag","embeddable":true,"href":"https:\/\/www.iemj.org\/en\/wp-json\/wp\/v2\/tags?post=56142"},{"taxonomy":"technique","embeddable":true,"href":"https:\/\/www.iemj.org\/en\/wp-json\/wp\/v2\/technique?post=56142"},{"taxonomy":"squelettes","embeddable":true,"href":"https:\/\/www.iemj.org\/en\/wp-json\/wp\/v2\/squelettes?post=56142"},{"taxonomy":"sujet","embeddable":true,"href":"https:\/\/www.iemj.org\/en\/wp-json\/wp\/v2\/sujet?post=56142"},{"taxonomy":"formation","embeddable":true,"href":"https:\/\/www.iemj.org\/en\/wp-json\/wp\/v2\/formation?post=56142"},{"taxonomy":"genre","embeddable":true,"href":"https:\/\/www.iemj.org\/en\/wp-json\/wp\/v2\/genre?post=56142"},{"taxonomy":"fonds","embeddable":true,"href":"https:\/\/www.iemj.org\/en\/wp-json\/wp\/v2\/fonds?post=56142"},{"taxonomy":"tradition","embeddable":true,"href":"https:\/\/www.iemj.org\/en\/wp-json\/wp\/v2\/tradition?post=56142"},{"taxonomy":"type-de-contenu","embeddable":true,"href":"https:\/\/www.iemj.org\/en\/wp-json\/wp\/v2\/type-de-contenu?post=56142"},{"taxonomy":"interprete-compositeur","embeddable":true,"href":"https:\/\/www.iemj.org\/en\/wp-json\/wp\/v2\/interprete-compositeur?post=56142"},{"taxonomy":"frise","embeddable":true,"href":"https:\/\/www.iemj.org\/en\/wp-json\/wp\/v2\/frise?post=56142"},{"taxonomy":"type-devenement","embeddable":true,"href":"https:\/\/www.iemj.org\/en\/wp-json\/wp\/v2\/type-devenement?post=56142"},{"taxonomy":"tableaux-liens-externes","embeddable":true,"href":"https:\/\/www.iemj.org\/en\/wp-json\/wp\/v2\/tableaux-liens-externes?post=56142"}],"curies":[{"name":"wp","href":"https:\/\/api.w.org\/{rel}","templated":true}]}}