{"id":56290,"date":"2015-12-02T21:00:00","date_gmt":"2015-12-02T20:00:00","guid":{"rendered":"https:\/\/www.iemj.org\/hanouka-la-selection-musicale-de-liemj-1ere-partie\/"},"modified":"2025-04-16T19:15:24","modified_gmt":"2025-04-16T17:15:24","slug":"hanouka-la-selection-musicale-de-liemj-1ere-partie","status":"publish","type":"post","link":"https:\/\/www.iemj.org\/en\/hanouka-la-selection-musicale-de-liemj-1ere-partie\/","title":{"rendered":"Chanukah: the EIJM\u2019s selection, 1st part"},"content":{"rendered":"<p><strong>The feast of Chanukah is a time for joy and singing.<\/strong><\/p>\n<p><strong>Here is a selection of songs to listen to\u2026 and to sing along!<\/strong><\/p>\n<p>Chanukah or \u201cinauguration\u201d in Hebrew celebrates the re-inauguration of the altar in the 2nd Temple of Jerusalem.<\/p>\n<p>According to the tradition, after the pillage and soiling of the Temple by the Seleucids, the priests found a small flask with enough oil to enlighten the Temple for just one day. But then happened Chanukah \u2019s miracle: the small quantity of oil burned for 8 days, 8 days to enlighten and purify the Temple of Jerusalem.<\/p>\n<p><img fetchpriority=\"high\" decoding=\"async\" class=\" alignright  wp-image-8571\" src=\"https:\/\/www.iemj.org\/wp-content\/uploads\/2015\/12\/doc_3_hanouka_500px70.jpg\" alt=\"doc_3_hanouka_500px70.jpg\" width=\"272\" height=\"321\" align=\"right\" srcset=\"https:\/\/www.iemj.org\/wp-content\/uploads\/2015\/12\/doc_3_hanouka_500px70.jpg 350w, https:\/\/www.iemj.org\/wp-content\/uploads\/2015\/12\/doc_3_hanouka_500px70-254x300.jpg 254w\" sizes=\"(max-width: 272px) 100vw, 272px\" \/><\/p>\n<p><span class=\"Y2IQFc\" lang=\"en\">Also called the \u201cFestival of Lights,\u201d Chanukah is the children\u2019s favorite holiday. During eight days, we light candles, eat latkes and sweets, give each other gifts and sing family songs.<\/span><\/p>\n<p><a href=\"https:\/\/www.iemj.org\/en\/hanouka-la-selection-musicale-de-liemj-2eme-partie\/\" target=\"_blank\" rel=\"noopener\">Listen to the playlist: Chanukah: the EIJM\u2019s selection, 2nd part<\/a><br \/><a href=\"https:\/\/www.iemj.org\/en\/chanukah-voices-of-lights\/\" target=\"_blank\" rel=\"noopener\">Listen to the radio show : Chanukah, voices of lights, hosted by Herv\u00e9 Roten (in French)<\/a><br \/><a href=\"https:\/\/www.iemj.org\/en\/hidden-sides-of-jewish-music-chanukah-2\/\" target=\"_blank\" rel=\"noopener\">Listen to the radio show : Hidden sides of Jewish music : Chanukah, hosted by H\u00e9l\u00e8ne Engel (in French)<\/a><\/p>\n\n\n<figure class=\"wp-block-image size-large\"><img decoding=\"async\" width=\"1024\" height=\"133\" src=\"https:\/\/www.iemj.org\/wp-content\/uploads\/2024\/03\/AUDIO-PLAYER-1024x133.png\" alt=\"\" class=\"wp-image-110607\" srcset=\"https:\/\/www.iemj.org\/wp-content\/uploads\/2024\/03\/AUDIO-PLAYER-1024x133.png 1024w, https:\/\/www.iemj.org\/wp-content\/uploads\/2024\/03\/AUDIO-PLAYER-300x39.png 300w, https:\/\/www.iemj.org\/wp-content\/uploads\/2024\/03\/AUDIO-PLAYER-768x100.png 768w, https:\/\/www.iemj.org\/wp-content\/uploads\/2024\/03\/AUDIO-PLAYER-600x78.png 600w, https:\/\/www.iemj.org\/wp-content\/uploads\/2024\/03\/AUDIO-PLAYER.png 1210w\" sizes=\"(max-width: 1024px) 100vw, 1024px\" \/><\/figure>\n\n\n\n<div class=\"wp-block-file\"><a id=\"wp-block-file--media-ddb87fab-b8e8-4dce-a0ed-01a33fcfe2fd\" href=\"https:\/\/www.iemj.org\/wp-content\/uploads\/2015\/12\/d33-30_38_15.mp3\">Khanuke Oy Khanuke, chant\u00e9 par Benya<\/a><\/div>\n\n\n\n<div class=\"wp-block-file\"><a id=\"wp-block-file--media-8ced7ef5-e3b7-464d-8e1e-a2c6eb2e69a8\" href=\"https:\/\/www.iemj.org\/wp-content\/uploads\/2015\/12\/ochos_kandelicas_voice_of_the_turtle.mp3\">Ochos kandelicas, Voice of the turtle<\/a><\/div>\n\n\n\n<div class=\"wp-block-file\"><a id=\"wp-block-file--media-b238aaa5-0d13-4036-944c-a5689c3913df\" href=\"https:\/\/www.iemj.org\/wp-content\/uploads\/2015\/12\/d45-17_23_02.mp3\">Le Chandelier, R\u00e9gine [R\u00e9gina Zilberberg] , compos\u00e9e par Emil Stern, paroles : Eddy marnay<\/a><\/div>\n\n\n\n<div class=\"wp-block-file\"><a id=\"wp-block-file--media-fb808569-6622-465f-9c0e-2b2c657df706\" href=\"https:\/\/www.iemj.org\/wp-content\/uploads\/2015\/12\/cd_143a_17.mp3\">Yevanim Niqbezu \u2019alay, The Hassidic Niggun as Sung by the Hassidim. Vol. 1<\/a><\/div>\n\n\n\n<div class=\"wp-block-file\"><a id=\"wp-block-file--media-932b1628-a79f-476a-a93a-8a6a2ca0b840\" href=\"https:\/\/www.iemj.org\/wp-content\/uploads\/2015\/12\/19_the_dreydl_song.mp3\">The dreydl song, Klezmer Conservatory Band<\/a><\/div>\n\n\n\n<div class=\"wp-block-file\"><a id=\"wp-block-file--media-f3829075-f85d-4c59-a7b1-bd6ebfb79bff\" href=\"https:\/\/www.iemj.org\/wp-content\/uploads\/2015\/12\/11_el_festin_de_hanukah.mp3\">El festin de Hanukah, Bienvenida Aguado<\/a><\/div>\n\n\n\n<div class=\"wp-block-file\"><a id=\"wp-block-file--media-e9a5c820-ac12-494f-bea9-b043124d9917\" href=\"https:\/\/www.iemj.org\/wp-content\/uploads\/2015\/12\/25_chnei_zetim.mp3\">Chnei zetim, Adolphe Attia, Musiques jud\u00e9o-fran\u00e7aises des 18 et 19e si\u00e8cles <\/a><\/div>\n\n\n\n<div class=\"wp-block-file\"><a id=\"wp-block-file--media-5064da14-12dd-478b-b74a-abe4551007c7\" href=\"https:\/\/www.iemj.org\/wp-content\/uploads\/2015\/12\/mus3_benediction1_maoz_tsour_heyman.mp3\">B\u00e9n\u00e9dictions de Hannouca et Maoz Tzour, Michel Heymann, Airs Liturgiques Achk\u00e9nazes Traditionnels<\/a><\/div>\n\n\n\n<div class=\"wp-block-file\"><a id=\"wp-block-file--media-20ec8251-092c-4d98-8e08-b21ea448d816\" href=\"https:\/\/www.iemj.org\/wp-content\/uploads\/2015\/12\/cd_75_04.mp3\">El banco, Blond-Blond, Tr\u00e9sor de la chanson jud\u00e9o-arabe<\/a><\/div>\n\n\n\n<div class=\"wp-block-file\"><a id=\"wp-block-file--media-921511f0-46d5-4a65-b1db-5a203b8429c0\" href=\"https:\/\/www.iemj.org\/wp-content\/uploads\/2015\/12\/hanukkah_moroccan-david_kaddosh_hanerot_halalu_berakhot_mizmor.mp3\">Hanerot halalu berakhot mizmor, David Kaddosh<\/a><\/div>\n\n\n\n<div class=\"wp-block-file\"><a id=\"wp-block-file--media-affa118e-2db8-4d12-996f-eb949497a899\" href=\"https:\/\/www.iemj.org\/wp-content\/uploads\/2015\/12\/mus1_haendel_judas_hava_narima.mp3\">Judas hava narima, Haendel<\/a><\/div>\n\n\n\n<div class=\"wp-block-file\"><a id=\"wp-block-file--media-c4de7c3f-190a-40dc-aa05-c5849f7c2a6a\" href=\"https:\/\/www.iemj.org\/wp-content\/uploads\/2015\/12\/mus9_sovivon_sof_sof_sof_cd_214_06.mp3\">Sevivon sov sov sov<\/a><\/div>\n","protected":false},"excerpt":{"rendered":"<p>The feast of Chanukah is a time for joy and singing. Here is a selection of songs to listen to\u2026 and to sing along! Chanukah or \u201cinauguration\u201d in Hebrew celebrates<\/p>\n","protected":false},"author":1048,"featured_media":8569,"comment_status":"closed","ping_status":"open","sticky":false,"template":"","format":"standard","meta":{"_acf_changed":false,"footnotes":""},"categories":[1317],"tags":[],"technique":[],"squelettes":[],"sujet":[1739],"formation":[],"genre":[1116],"fonds":[],"tradition":[],"type-de-contenu":[],"interprete-compositeur":[],"frise":[],"type-devenement":[],"tableaux-liens-externes":[],"class_list":["post-56290","post","type-post","status-publish","format-standard","has-post-thumbnail","hentry","category-playlists-en","sujet-chanukah-en","genre-liturgy"],"acf":[],"yoast_head":"<!-- This site is optimized with the Yoast SEO plugin v27.3 - https:\/\/yoast.com\/product\/yoast-seo-wordpress\/ -->\n<title>Chanukah: the EIJM\u2019s selection, 1st part - Institut Europ\u00e9en des Musiques Juives<\/title>\n<meta name=\"robots\" content=\"index, follow, max-snippet:-1, max-image-preview:large, max-video-preview:-1\" \/>\n<link rel=\"canonical\" href=\"https:\/\/www.iemj.org\/en\/hanouka-la-selection-musicale-de-liemj-1ere-partie\/\" \/>\n<meta property=\"og:locale\" content=\"en_US\" \/>\n<meta property=\"og:type\" content=\"article\" \/>\n<meta property=\"og:title\" content=\"Chanukah: the EIJM\u2019s selection, 1st part - Institut Europ\u00e9en des Musiques Juives\" \/>\n<meta property=\"og:description\" content=\"The feast of Chanukah is a time for joy and singing. Here is a selection of songs to listen to\u2026 and to sing along! Chanukah or \u201cinauguration\u201d in Hebrew celebrates\" \/>\n<meta property=\"og:url\" content=\"https:\/\/www.iemj.org\/en\/hanouka-la-selection-musicale-de-liemj-1ere-partie\/\" \/>\n<meta property=\"og:site_name\" content=\"Institut Europ\u00e9en des Musiques Juives\" \/>\n<meta property=\"article:publisher\" content=\"https:\/\/www.facebook.com\/MusiquesJuives\/\" \/>\n<meta property=\"article:published_time\" content=\"2015-12-02T20:00:00+00:00\" \/>\n<meta property=\"article:modified_time\" content=\"2025-04-16T17:15:24+00:00\" \/>\n<meta property=\"og:image\" content=\"https:\/\/www.iemj.org\/wp-content\/uploads\/2015\/12\/arton1287.jpg\" \/>\n\t<meta property=\"og:image:width\" content=\"500\" \/>\n\t<meta property=\"og:image:height\" content=\"451\" \/>\n\t<meta property=\"og:image:type\" content=\"image\/jpeg\" \/>\n<meta name=\"author\" content=\"Jean-Gabriel Davis\" \/>\n<meta name=\"twitter:card\" content=\"summary_large_image\" \/>\n<meta name=\"twitter:label1\" content=\"Written by\" \/>\n\t<meta name=\"twitter:data1\" content=\"Jean-Gabriel Davis\" \/>\n\t<meta name=\"twitter:label2\" content=\"Est. reading time\" \/>\n\t<meta name=\"twitter:data2\" content=\"2 minutes\" \/>\n<script type=\"application\/ld+json\" class=\"yoast-schema-graph\">{\"@context\":\"https:\\\/\\\/schema.org\",\"@graph\":[{\"@type\":\"Article\",\"@id\":\"https:\\\/\\\/www.iemj.org\\\/en\\\/hanouka-la-selection-musicale-de-liemj-1ere-partie\\\/#article\",\"isPartOf\":{\"@id\":\"https:\\\/\\\/www.iemj.org\\\/en\\\/hanouka-la-selection-musicale-de-liemj-1ere-partie\\\/\"},\"author\":{\"name\":\"Jean-Gabriel Davis\",\"@id\":\"https:\\\/\\\/www.iemj.org\\\/en\\\/#\\\/schema\\\/person\\\/c9bc1c386a3749579a2d675e72a18666\"},\"headline\":\"Chanukah: the EIJM\u2019s selection, 1st part\",\"datePublished\":\"2015-12-02T20:00:00+00:00\",\"dateModified\":\"2025-04-16T17:15:24+00:00\",\"mainEntityOfPage\":{\"@id\":\"https:\\\/\\\/www.iemj.org\\\/en\\\/hanouka-la-selection-musicale-de-liemj-1ere-partie\\\/\"},\"wordCount\":282,\"publisher\":{\"@id\":\"https:\\\/\\\/www.iemj.org\\\/en\\\/#organization\"},\"image\":{\"@id\":\"https:\\\/\\\/www.iemj.org\\\/en\\\/hanouka-la-selection-musicale-de-liemj-1ere-partie\\\/#primaryimage\"},\"thumbnailUrl\":\"https:\\\/\\\/www.iemj.org\\\/wp-content\\\/uploads\\\/2015\\\/12\\\/arton1287.jpg\",\"articleSection\":[\"Playlists\"],\"inLanguage\":\"en-US\"},{\"@type\":\"WebPage\",\"@id\":\"https:\\\/\\\/www.iemj.org\\\/en\\\/hanouka-la-selection-musicale-de-liemj-1ere-partie\\\/\",\"url\":\"https:\\\/\\\/www.iemj.org\\\/en\\\/hanouka-la-selection-musicale-de-liemj-1ere-partie\\\/\",\"name\":\"Chanukah: the EIJM\u2019s selection, 1st part - Institut Europ\u00e9en des Musiques Juives\",\"isPartOf\":{\"@id\":\"https:\\\/\\\/www.iemj.org\\\/en\\\/#website\"},\"primaryImageOfPage\":{\"@id\":\"https:\\\/\\\/www.iemj.org\\\/en\\\/hanouka-la-selection-musicale-de-liemj-1ere-partie\\\/#primaryimage\"},\"image\":{\"@id\":\"https:\\\/\\\/www.iemj.org\\\/en\\\/hanouka-la-selection-musicale-de-liemj-1ere-partie\\\/#primaryimage\"},\"thumbnailUrl\":\"https:\\\/\\\/www.iemj.org\\\/wp-content\\\/uploads\\\/2015\\\/12\\\/arton1287.jpg\",\"datePublished\":\"2015-12-02T20:00:00+00:00\",\"dateModified\":\"2025-04-16T17:15:24+00:00\",\"breadcrumb\":{\"@id\":\"https:\\\/\\\/www.iemj.org\\\/en\\\/hanouka-la-selection-musicale-de-liemj-1ere-partie\\\/#breadcrumb\"},\"inLanguage\":\"en-US\",\"potentialAction\":[{\"@type\":\"ReadAction\",\"target\":[\"https:\\\/\\\/www.iemj.org\\\/en\\\/hanouka-la-selection-musicale-de-liemj-1ere-partie\\\/\"]}]},{\"@type\":\"ImageObject\",\"inLanguage\":\"en-US\",\"@id\":\"https:\\\/\\\/www.iemj.org\\\/en\\\/hanouka-la-selection-musicale-de-liemj-1ere-partie\\\/#primaryimage\",\"url\":\"https:\\\/\\\/www.iemj.org\\\/wp-content\\\/uploads\\\/2015\\\/12\\\/arton1287.jpg\",\"contentUrl\":\"https:\\\/\\\/www.iemj.org\\\/wp-content\\\/uploads\\\/2015\\\/12\\\/arton1287.jpg\",\"width\":500,\"height\":451},{\"@type\":\"BreadcrumbList\",\"@id\":\"https:\\\/\\\/www.iemj.org\\\/en\\\/hanouka-la-selection-musicale-de-liemj-1ere-partie\\\/#breadcrumb\",\"itemListElement\":[{\"@type\":\"ListItem\",\"position\":1,\"name\":\"Accueil\",\"item\":\"https:\\\/\\\/www.iemj.org\\\/en\\\/\"},{\"@type\":\"ListItem\",\"position\":2,\"name\":\"Chanukah: the EIJM\u2019s selection, 1st part\"}]},{\"@type\":\"WebSite\",\"@id\":\"https:\\\/\\\/www.iemj.org\\\/en\\\/#website\",\"url\":\"https:\\\/\\\/www.iemj.org\\\/en\\\/\",\"name\":\"Institut Europ\u00e9en des Musiques Juives\",\"description\":\"Des traditions musicales \u00e0 la port\u00e9e de tous\",\"publisher\":{\"@id\":\"https:\\\/\\\/www.iemj.org\\\/en\\\/#organization\"},\"potentialAction\":[{\"@type\":\"SearchAction\",\"target\":{\"@type\":\"EntryPoint\",\"urlTemplate\":\"https:\\\/\\\/www.iemj.org\\\/en\\\/?s={search_term_string}\"},\"query-input\":{\"@type\":\"PropertyValueSpecification\",\"valueRequired\":true,\"valueName\":\"search_term_string\"}}],\"inLanguage\":\"en-US\"},{\"@type\":\"Organization\",\"@id\":\"https:\\\/\\\/www.iemj.org\\\/en\\\/#organization\",\"name\":\"Institut Europ\u00e9en des Musiques Juives\",\"url\":\"https:\\\/\\\/www.iemj.org\\\/en\\\/\",\"logo\":{\"@type\":\"ImageObject\",\"inLanguage\":\"en-US\",\"@id\":\"https:\\\/\\\/www.iemj.org\\\/en\\\/#\\\/schema\\\/logo\\\/image\\\/\",\"url\":\"https:\\\/\\\/www.iemj.org\\\/wp-content\\\/uploads\\\/2021\\\/09\\\/Logo-IEMJ-Paypal.jpg\",\"contentUrl\":\"https:\\\/\\\/www.iemj.org\\\/wp-content\\\/uploads\\\/2021\\\/09\\\/Logo-IEMJ-Paypal.jpg\",\"width\":150,\"height\":50,\"caption\":\"Institut Europ\u00e9en des Musiques Juives\"},\"image\":{\"@id\":\"https:\\\/\\\/www.iemj.org\\\/en\\\/#\\\/schema\\\/logo\\\/image\\\/\"},\"sameAs\":[\"https:\\\/\\\/www.facebook.com\\\/MusiquesJuives\\\/\",\"https:\\\/\\\/www.instagram.com\\\/musiquesjuives\\\/\",\"https:\\\/\\\/www.youtube.com\\\/user\\\/musiquesjuives\"]},{\"@type\":\"Person\",\"@id\":\"https:\\\/\\\/www.iemj.org\\\/en\\\/#\\\/schema\\\/person\\\/c9bc1c386a3749579a2d675e72a18666\",\"name\":\"Jean-Gabriel Davis\",\"image\":{\"@type\":\"ImageObject\",\"inLanguage\":\"en-US\",\"@id\":\"https:\\\/\\\/secure.gravatar.com\\\/avatar\\\/2b90d67bdf392c9b3a21fab87c0fa7edaf1fb3a058172a1ffd61033fcec7aec1?s=96&d=mm&r=g\",\"url\":\"https:\\\/\\\/secure.gravatar.com\\\/avatar\\\/2b90d67bdf392c9b3a21fab87c0fa7edaf1fb3a058172a1ffd61033fcec7aec1?s=96&d=mm&r=g\",\"contentUrl\":\"https:\\\/\\\/secure.gravatar.com\\\/avatar\\\/2b90d67bdf392c9b3a21fab87c0fa7edaf1fb3a058172a1ffd61033fcec7aec1?s=96&d=mm&r=g\",\"caption\":\"Jean-Gabriel Davis\"}}]}<\/script>\n<!-- \/ Yoast SEO plugin. -->","yoast_head_json":{"title":"Chanukah: the EIJM\u2019s selection, 1st part - Institut Europ\u00e9en des Musiques Juives","robots":{"index":"index","follow":"follow","max-snippet":"max-snippet:-1","max-image-preview":"max-image-preview:large","max-video-preview":"max-video-preview:-1"},"canonical":"https:\/\/www.iemj.org\/en\/hanouka-la-selection-musicale-de-liemj-1ere-partie\/","og_locale":"en_US","og_type":"article","og_title":"Chanukah: the EIJM\u2019s selection, 1st part - Institut Europ\u00e9en des Musiques Juives","og_description":"The feast of Chanukah is a time for joy and singing. Here is a selection of songs to listen to\u2026 and to sing along! Chanukah or \u201cinauguration\u201d in Hebrew celebrates","og_url":"https:\/\/www.iemj.org\/en\/hanouka-la-selection-musicale-de-liemj-1ere-partie\/","og_site_name":"Institut Europ\u00e9en des Musiques Juives","article_publisher":"https:\/\/www.facebook.com\/MusiquesJuives\/","article_published_time":"2015-12-02T20:00:00+00:00","article_modified_time":"2025-04-16T17:15:24+00:00","og_image":[{"width":500,"height":451,"url":"https:\/\/www.iemj.org\/wp-content\/uploads\/2015\/12\/arton1287.jpg","type":"image\/jpeg"}],"author":"Jean-Gabriel Davis","twitter_card":"summary_large_image","twitter_misc":{"Written by":"Jean-Gabriel Davis","Est. reading time":"2 minutes"},"schema":{"@context":"https:\/\/schema.org","@graph":[{"@type":"Article","@id":"https:\/\/www.iemj.org\/en\/hanouka-la-selection-musicale-de-liemj-1ere-partie\/#article","isPartOf":{"@id":"https:\/\/www.iemj.org\/en\/hanouka-la-selection-musicale-de-liemj-1ere-partie\/"},"author":{"name":"Jean-Gabriel Davis","@id":"https:\/\/www.iemj.org\/en\/#\/schema\/person\/c9bc1c386a3749579a2d675e72a18666"},"headline":"Chanukah: the EIJM\u2019s selection, 1st part","datePublished":"2015-12-02T20:00:00+00:00","dateModified":"2025-04-16T17:15:24+00:00","mainEntityOfPage":{"@id":"https:\/\/www.iemj.org\/en\/hanouka-la-selection-musicale-de-liemj-1ere-partie\/"},"wordCount":282,"publisher":{"@id":"https:\/\/www.iemj.org\/en\/#organization"},"image":{"@id":"https:\/\/www.iemj.org\/en\/hanouka-la-selection-musicale-de-liemj-1ere-partie\/#primaryimage"},"thumbnailUrl":"https:\/\/www.iemj.org\/wp-content\/uploads\/2015\/12\/arton1287.jpg","articleSection":["Playlists"],"inLanguage":"en-US"},{"@type":"WebPage","@id":"https:\/\/www.iemj.org\/en\/hanouka-la-selection-musicale-de-liemj-1ere-partie\/","url":"https:\/\/www.iemj.org\/en\/hanouka-la-selection-musicale-de-liemj-1ere-partie\/","name":"Chanukah: the EIJM\u2019s selection, 1st part - Institut Europ\u00e9en des Musiques Juives","isPartOf":{"@id":"https:\/\/www.iemj.org\/en\/#website"},"primaryImageOfPage":{"@id":"https:\/\/www.iemj.org\/en\/hanouka-la-selection-musicale-de-liemj-1ere-partie\/#primaryimage"},"image":{"@id":"https:\/\/www.iemj.org\/en\/hanouka-la-selection-musicale-de-liemj-1ere-partie\/#primaryimage"},"thumbnailUrl":"https:\/\/www.iemj.org\/wp-content\/uploads\/2015\/12\/arton1287.jpg","datePublished":"2015-12-02T20:00:00+00:00","dateModified":"2025-04-16T17:15:24+00:00","breadcrumb":{"@id":"https:\/\/www.iemj.org\/en\/hanouka-la-selection-musicale-de-liemj-1ere-partie\/#breadcrumb"},"inLanguage":"en-US","potentialAction":[{"@type":"ReadAction","target":["https:\/\/www.iemj.org\/en\/hanouka-la-selection-musicale-de-liemj-1ere-partie\/"]}]},{"@type":"ImageObject","inLanguage":"en-US","@id":"https:\/\/www.iemj.org\/en\/hanouka-la-selection-musicale-de-liemj-1ere-partie\/#primaryimage","url":"https:\/\/www.iemj.org\/wp-content\/uploads\/2015\/12\/arton1287.jpg","contentUrl":"https:\/\/www.iemj.org\/wp-content\/uploads\/2015\/12\/arton1287.jpg","width":500,"height":451},{"@type":"BreadcrumbList","@id":"https:\/\/www.iemj.org\/en\/hanouka-la-selection-musicale-de-liemj-1ere-partie\/#breadcrumb","itemListElement":[{"@type":"ListItem","position":1,"name":"Accueil","item":"https:\/\/www.iemj.org\/en\/"},{"@type":"ListItem","position":2,"name":"Chanukah: the EIJM\u2019s selection, 1st part"}]},{"@type":"WebSite","@id":"https:\/\/www.iemj.org\/en\/#website","url":"https:\/\/www.iemj.org\/en\/","name":"Institut Europ\u00e9en des Musiques Juives","description":"Des traditions musicales \u00e0 la port\u00e9e de tous","publisher":{"@id":"https:\/\/www.iemj.org\/en\/#organization"},"potentialAction":[{"@type":"SearchAction","target":{"@type":"EntryPoint","urlTemplate":"https:\/\/www.iemj.org\/en\/?s={search_term_string}"},"query-input":{"@type":"PropertyValueSpecification","valueRequired":true,"valueName":"search_term_string"}}],"inLanguage":"en-US"},{"@type":"Organization","@id":"https:\/\/www.iemj.org\/en\/#organization","name":"Institut Europ\u00e9en des Musiques Juives","url":"https:\/\/www.iemj.org\/en\/","logo":{"@type":"ImageObject","inLanguage":"en-US","@id":"https:\/\/www.iemj.org\/en\/#\/schema\/logo\/image\/","url":"https:\/\/www.iemj.org\/wp-content\/uploads\/2021\/09\/Logo-IEMJ-Paypal.jpg","contentUrl":"https:\/\/www.iemj.org\/wp-content\/uploads\/2021\/09\/Logo-IEMJ-Paypal.jpg","width":150,"height":50,"caption":"Institut Europ\u00e9en des Musiques Juives"},"image":{"@id":"https:\/\/www.iemj.org\/en\/#\/schema\/logo\/image\/"},"sameAs":["https:\/\/www.facebook.com\/MusiquesJuives\/","https:\/\/www.instagram.com\/musiquesjuives\/","https:\/\/www.youtube.com\/user\/musiquesjuives"]},{"@type":"Person","@id":"https:\/\/www.iemj.org\/en\/#\/schema\/person\/c9bc1c386a3749579a2d675e72a18666","name":"Jean-Gabriel Davis","image":{"@type":"ImageObject","inLanguage":"en-US","@id":"https:\/\/secure.gravatar.com\/avatar\/2b90d67bdf392c9b3a21fab87c0fa7edaf1fb3a058172a1ffd61033fcec7aec1?s=96&d=mm&r=g","url":"https:\/\/secure.gravatar.com\/avatar\/2b90d67bdf392c9b3a21fab87c0fa7edaf1fb3a058172a1ffd61033fcec7aec1?s=96&d=mm&r=g","contentUrl":"https:\/\/secure.gravatar.com\/avatar\/2b90d67bdf392c9b3a21fab87c0fa7edaf1fb3a058172a1ffd61033fcec7aec1?s=96&d=mm&r=g","caption":"Jean-Gabriel Davis"}}]}},"_links":{"self":[{"href":"https:\/\/www.iemj.org\/en\/wp-json\/wp\/v2\/posts\/56290","targetHints":{"allow":["GET"]}}],"collection":[{"href":"https:\/\/www.iemj.org\/en\/wp-json\/wp\/v2\/posts"}],"about":[{"href":"https:\/\/www.iemj.org\/en\/wp-json\/wp\/v2\/types\/post"}],"author":[{"embeddable":true,"href":"https:\/\/www.iemj.org\/en\/wp-json\/wp\/v2\/users\/1048"}],"replies":[{"embeddable":true,"href":"https:\/\/www.iemj.org\/en\/wp-json\/wp\/v2\/comments?post=56290"}],"version-history":[{"count":0,"href":"https:\/\/www.iemj.org\/en\/wp-json\/wp\/v2\/posts\/56290\/revisions"}],"wp:featuredmedia":[{"embeddable":true,"href":"https:\/\/www.iemj.org\/en\/wp-json\/wp\/v2\/media\/8569"}],"wp:attachment":[{"href":"https:\/\/www.iemj.org\/en\/wp-json\/wp\/v2\/media?parent=56290"}],"wp:term":[{"taxonomy":"category","embeddable":true,"href":"https:\/\/www.iemj.org\/en\/wp-json\/wp\/v2\/categories?post=56290"},{"taxonomy":"post_tag","embeddable":true,"href":"https:\/\/www.iemj.org\/en\/wp-json\/wp\/v2\/tags?post=56290"},{"taxonomy":"technique","embeddable":true,"href":"https:\/\/www.iemj.org\/en\/wp-json\/wp\/v2\/technique?post=56290"},{"taxonomy":"squelettes","embeddable":true,"href":"https:\/\/www.iemj.org\/en\/wp-json\/wp\/v2\/squelettes?post=56290"},{"taxonomy":"sujet","embeddable":true,"href":"https:\/\/www.iemj.org\/en\/wp-json\/wp\/v2\/sujet?post=56290"},{"taxonomy":"formation","embeddable":true,"href":"https:\/\/www.iemj.org\/en\/wp-json\/wp\/v2\/formation?post=56290"},{"taxonomy":"genre","embeddable":true,"href":"https:\/\/www.iemj.org\/en\/wp-json\/wp\/v2\/genre?post=56290"},{"taxonomy":"fonds","embeddable":true,"href":"https:\/\/www.iemj.org\/en\/wp-json\/wp\/v2\/fonds?post=56290"},{"taxonomy":"tradition","embeddable":true,"href":"https:\/\/www.iemj.org\/en\/wp-json\/wp\/v2\/tradition?post=56290"},{"taxonomy":"type-de-contenu","embeddable":true,"href":"https:\/\/www.iemj.org\/en\/wp-json\/wp\/v2\/type-de-contenu?post=56290"},{"taxonomy":"interprete-compositeur","embeddable":true,"href":"https:\/\/www.iemj.org\/en\/wp-json\/wp\/v2\/interprete-compositeur?post=56290"},{"taxonomy":"frise","embeddable":true,"href":"https:\/\/www.iemj.org\/en\/wp-json\/wp\/v2\/frise?post=56290"},{"taxonomy":"type-devenement","embeddable":true,"href":"https:\/\/www.iemj.org\/en\/wp-json\/wp\/v2\/type-devenement?post=56290"},{"taxonomy":"tableaux-liens-externes","embeddable":true,"href":"https:\/\/www.iemj.org\/en\/wp-json\/wp\/v2\/tableaux-liens-externes?post=56290"}],"curies":[{"name":"wp","href":"https:\/\/api.w.org\/{rel}","templated":true}]}}