{"id":56501,"date":"2020-11-17T16:29:17","date_gmt":"2020-11-17T15:29:17","guid":{"rendered":"https:\/\/www.iemj.org\/voix-hebraiques-un-voyage-dans-la-musique-juive-doccident-accompagne-danalyses-et-dexemples-musicaux\/"},"modified":"2025-02-24T11:20:43","modified_gmt":"2025-02-24T10:20:43","slug":"voix-hebraiques-un-voyage-dans-la-musique-juive-doccident-accompagne-danalyses-et-dexemples-musicaux","status":"publish","type":"post","link":"https:\/\/www.iemj.org\/en\/voix-hebraiques-un-voyage-dans-la-musique-juive-doccident-accompagne-danalyses-et-dexemples-musicaux\/","title":{"rendered":"Hebrew Voices: A journey into Western Jewish music, with analysis and musical examples (in French)"},"content":{"rendered":"<p>Strong from his experience as a choirmaster in the Great Synagogue of Strasbourg and in the <a href=\"https:\/\/www.iemj.org\/en\/liturgical-songs-of-the-ashkenazi-jews-the-jewish-choral-of-france\/\" target=\"_blank\" rel=\"noopener\">Ch\u0153ur juif de France<\/a>, creator of the <a href=\"https:\/\/www.iemj.org\/en\/polyphonies-hebraiques-de-strasbourg-2\/\" target=\"_blank\" rel=\"noopener\">Polyphonies h\u00e9bra\u00efques de Strasbourg<\/a> and of the <a href=\"https:\/\/louis-lewandowski-festival.de\/ensemble-vocal-hebraica-de-strasbourg\/?lang=en\" target=\"_blank\" rel=\"noopener\">Ensemble Vocal H\u00e9bra\u00efca<\/a>, <a href=\"https:\/\/www.iemj.org\/en\/sabo-hector\/\" target=\"_blank\" rel=\"noopener\">Hector Sabo<\/a> published, in March 2020, with Beauchesne Editions , a book called <em>Voix h\u00e9bra\u00efques : Un voyage dans la musique juive d\u2019Occident, accompagn\u00e9 d\u2019analyses et d\u2019exemples musicaux<\/em>.<\/p>\n<p>This 352-page book takes us on a chronological circuit through 30 works of Jewish music, from the Middle Ages up to today, from Obadiah the Proselyte to Arnold Schoenberg or Micha\u00ebl Levinas. The peculiarity of this book is that it offers a deep analysis of these works resituated in their historical context. A huge project which could have only come from a performer of Hebrew music who knows the music analysis.<\/p>\n<p>The analysis of the works (nearly 200 pages) proove the author\u2019s knowledge of the music language of each piece. One downside though : the analysis of each work features most of the time just the first page of the music score. To see them in their entirety, one will have to purchase them on the website <a href=\"https:\/\/www.editions-beauchesne.com\/index.php?PHPSESSID=4nafue3ppnk2e5j603aktmor56\" target=\"_blank\" rel=\"noopener\">Editions Beauchesne<\/a>\u2026 when they will be available. The audio samples are mostly available on the European Institute of Jewish Music\u2019s website, in particular through the serie of <a href=\"https:\/\/www.iemj.org\/en\/category\/listen-watch-en\/radio-programs-en\/hector-sabos-programs-en\/\" target=\"_blank\" rel=\"noopener\">39 radio programs Ledor Vador<\/a> produced by Hector Sabo on Radio Juda\u00efca Strasbourg between 2017 and 2018.<\/p>\n<p>The virtues of the book are at the same time its flaws. By wishing to talk about this huge subject, the author leaves us dissatisfied. Certain aspects of Jewish music are too quickly mentioned. One will regret that the historical part of the book is only 100 page long (for 200 pages of analysis) and contains a few mistakes or imprecisions. Also, the structure of the book, mainly constituted of a historical part and an analytical part, forces the reader to go back and forth between these two parts. This \u00ab navigation \u00bb, normal for a website, becomes a pitfall for this kind of medium. One will say that anyone can thus choose what he wants, depending on his knowledge. True, but it makes this book seem like a crossover object, and finally the exact opposite of its title, which presents a work of music analysis, with music examples, offering a journey through Western Jewish music.<\/p>\n<p>To conclude, this book <em>Voix h\u00e9bra\u00efques<\/em> by Hector Sabo is strongly linked to the author\u2019s life and his undeniable experience of masterworks of the Hebrew music repertoire. It features nice discoveries of works and composers, mainly from the 19th century to today. But the reader will have to jump, depending on what he looks for, certain technical parts, or on the contrary complete them by reading specialized books.<\/p>\n<p><a href=\"https:\/\/www.iemj.org\/en\/category\/listen-watch-en\/radio-programs-en\/hector-sabos-programs-en\/\" target=\"_blank\" rel=\"noopener\">Listen to the Hector Sabo\u2019s radio programs Ledor vador (in french)<\/a> <br \/><a href=\"https:\/\/www.iemj.org\/en\/musiques-juives-et-hebraiques-sacrees-et-profanes-au-moyen-age-xix-et-xx-siecles\/\" target=\"_blank\" rel=\"noopener\">Learn more on the CD Jewish and Hebrew music, secular and religious, from the Middle Ages, 19th and 20th centuries<\/a> <br \/><a href=\"https:\/\/www.iemj.org\/en\/chants-et-emotions-2\/\" target=\"_blank\" rel=\"noopener\">Learn more on the CD Chants et Emotions<\/a><br \/>Purchase the book on the editor\u2019s website (out of print)<\/p>\n\n\n<p><\/p>\n","protected":false},"excerpt":{"rendered":"<p>Strong from his experience as a choirmaster in the Great Synagogue of Strasbourg and in the Ch\u0153ur juif de France, creator of the Polyphonies h\u00e9bra\u00efques de Strasbourg and of the<\/p>\n","protected":false},"author":1045,"featured_media":29964,"comment_status":"closed","ping_status":"closed","sticky":false,"template":"","format":"standard","meta":{"_acf_changed":false,"footnotes":""},"categories":[1579,1562],"tags":[],"technique":[],"squelettes":[],"sujet":[],"formation":[],"genre":[1116],"fonds":[],"tradition":[],"type-de-contenu":[],"interprete-compositeur":[],"frise":[],"type-devenement":[],"tableaux-liens-externes":[],"class_list":["post-56501","post","type-post","status-publish","format-standard","has-post-thumbnail","hentry","category-books-articles-en","category-latest-acquisitions-en","genre-liturgy"],"acf":[],"yoast_head":"<!-- This site is optimized with the Yoast SEO plugin v27.3 - https:\/\/yoast.com\/product\/yoast-seo-wordpress\/ -->\n<title>Hebrew Voices: A journey into Western Jewish music, with analysis and musical examples (in French) - Institut Europ\u00e9en des Musiques Juives<\/title>\n<meta name=\"robots\" content=\"index, follow, max-snippet:-1, max-image-preview:large, max-video-preview:-1\" \/>\n<link rel=\"canonical\" href=\"https:\/\/www.iemj.org\/en\/voix-hebraiques-un-voyage-dans-la-musique-juive-doccident-accompagne-danalyses-et-dexemples-musicaux\/\" \/>\n<meta property=\"og:locale\" content=\"en_US\" \/>\n<meta property=\"og:type\" content=\"article\" \/>\n<meta property=\"og:title\" content=\"Hebrew Voices: A journey into Western Jewish music, with analysis and musical examples (in French) - Institut Europ\u00e9en des Musiques Juives\" \/>\n<meta property=\"og:description\" content=\"Strong from his experience as a choirmaster in the Great Synagogue of Strasbourg and in the Ch\u0153ur juif de France, creator of the Polyphonies h\u00e9bra\u00efques de Strasbourg and of the\" \/>\n<meta property=\"og:url\" content=\"https:\/\/www.iemj.org\/en\/voix-hebraiques-un-voyage-dans-la-musique-juive-doccident-accompagne-danalyses-et-dexemples-musicaux\/\" \/>\n<meta property=\"og:site_name\" content=\"Institut Europ\u00e9en des Musiques Juives\" \/>\n<meta property=\"article:publisher\" content=\"https:\/\/www.facebook.com\/MusiquesJuives\/\" \/>\n<meta property=\"article:published_time\" content=\"2020-11-17T15:29:17+00:00\" \/>\n<meta property=\"article:modified_time\" content=\"2025-02-24T10:20:43+00:00\" \/>\n<meta property=\"og:image\" content=\"https:\/\/www.iemj.org\/wp-content\/uploads\/2020\/11\/arton4907.jpg\" \/>\n\t<meta property=\"og:image:width\" content=\"261\" \/>\n\t<meta property=\"og:image:height\" content=\"397\" \/>\n\t<meta property=\"og:image:type\" content=\"image\/jpeg\" \/>\n<meta name=\"author\" content=\"Herv\u00e9 Roten\" \/>\n<meta name=\"twitter:card\" content=\"summary_large_image\" \/>\n<meta name=\"twitter:label1\" content=\"Written by\" \/>\n\t<meta name=\"twitter:data1\" content=\"Herv\u00e9 Roten\" \/>\n\t<meta name=\"twitter:label2\" content=\"Est. reading time\" \/>\n\t<meta name=\"twitter:data2\" content=\"3 minutes\" \/>\n<script type=\"application\/ld+json\" class=\"yoast-schema-graph\">{\"@context\":\"https:\\\/\\\/schema.org\",\"@graph\":[{\"@type\":\"Article\",\"@id\":\"https:\\\/\\\/www.iemj.org\\\/en\\\/voix-hebraiques-un-voyage-dans-la-musique-juive-doccident-accompagne-danalyses-et-dexemples-musicaux\\\/#article\",\"isPartOf\":{\"@id\":\"https:\\\/\\\/www.iemj.org\\\/en\\\/voix-hebraiques-un-voyage-dans-la-musique-juive-doccident-accompagne-danalyses-et-dexemples-musicaux\\\/\"},\"author\":{\"name\":\"Herv\u00e9 Roten\",\"@id\":\"https:\\\/\\\/www.iemj.org\\\/en\\\/#\\\/schema\\\/person\\\/906134402c29d5c76e7b726261dd4bbd\"},\"headline\":\"Hebrew Voices: A journey into Western Jewish music, with analysis and musical examples (in French)\",\"datePublished\":\"2020-11-17T15:29:17+00:00\",\"dateModified\":\"2025-02-24T10:20:43+00:00\",\"mainEntityOfPage\":{\"@id\":\"https:\\\/\\\/www.iemj.org\\\/en\\\/voix-hebraiques-un-voyage-dans-la-musique-juive-doccident-accompagne-danalyses-et-dexemples-musicaux\\\/\"},\"wordCount\":526,\"publisher\":{\"@id\":\"https:\\\/\\\/www.iemj.org\\\/en\\\/#organization\"},\"image\":{\"@id\":\"https:\\\/\\\/www.iemj.org\\\/en\\\/voix-hebraiques-un-voyage-dans-la-musique-juive-doccident-accompagne-danalyses-et-dexemples-musicaux\\\/#primaryimage\"},\"thumbnailUrl\":\"https:\\\/\\\/www.iemj.org\\\/wp-content\\\/uploads\\\/2020\\\/11\\\/arton4907.jpg\",\"articleSection\":[\"Books, articles\",\"Latest Acquisitions\"],\"inLanguage\":\"en-US\"},{\"@type\":\"WebPage\",\"@id\":\"https:\\\/\\\/www.iemj.org\\\/en\\\/voix-hebraiques-un-voyage-dans-la-musique-juive-doccident-accompagne-danalyses-et-dexemples-musicaux\\\/\",\"url\":\"https:\\\/\\\/www.iemj.org\\\/en\\\/voix-hebraiques-un-voyage-dans-la-musique-juive-doccident-accompagne-danalyses-et-dexemples-musicaux\\\/\",\"name\":\"Hebrew Voices: A journey into Western Jewish music, with analysis and musical examples (in French) - Institut Europ\u00e9en des Musiques Juives\",\"isPartOf\":{\"@id\":\"https:\\\/\\\/www.iemj.org\\\/en\\\/#website\"},\"primaryImageOfPage\":{\"@id\":\"https:\\\/\\\/www.iemj.org\\\/en\\\/voix-hebraiques-un-voyage-dans-la-musique-juive-doccident-accompagne-danalyses-et-dexemples-musicaux\\\/#primaryimage\"},\"image\":{\"@id\":\"https:\\\/\\\/www.iemj.org\\\/en\\\/voix-hebraiques-un-voyage-dans-la-musique-juive-doccident-accompagne-danalyses-et-dexemples-musicaux\\\/#primaryimage\"},\"thumbnailUrl\":\"https:\\\/\\\/www.iemj.org\\\/wp-content\\\/uploads\\\/2020\\\/11\\\/arton4907.jpg\",\"datePublished\":\"2020-11-17T15:29:17+00:00\",\"dateModified\":\"2025-02-24T10:20:43+00:00\",\"breadcrumb\":{\"@id\":\"https:\\\/\\\/www.iemj.org\\\/en\\\/voix-hebraiques-un-voyage-dans-la-musique-juive-doccident-accompagne-danalyses-et-dexemples-musicaux\\\/#breadcrumb\"},\"inLanguage\":\"en-US\",\"potentialAction\":[{\"@type\":\"ReadAction\",\"target\":[\"https:\\\/\\\/www.iemj.org\\\/en\\\/voix-hebraiques-un-voyage-dans-la-musique-juive-doccident-accompagne-danalyses-et-dexemples-musicaux\\\/\"]}]},{\"@type\":\"ImageObject\",\"inLanguage\":\"en-US\",\"@id\":\"https:\\\/\\\/www.iemj.org\\\/en\\\/voix-hebraiques-un-voyage-dans-la-musique-juive-doccident-accompagne-danalyses-et-dexemples-musicaux\\\/#primaryimage\",\"url\":\"https:\\\/\\\/www.iemj.org\\\/wp-content\\\/uploads\\\/2020\\\/11\\\/arton4907.jpg\",\"contentUrl\":\"https:\\\/\\\/www.iemj.org\\\/wp-content\\\/uploads\\\/2020\\\/11\\\/arton4907.jpg\",\"width\":261,\"height\":397},{\"@type\":\"BreadcrumbList\",\"@id\":\"https:\\\/\\\/www.iemj.org\\\/en\\\/voix-hebraiques-un-voyage-dans-la-musique-juive-doccident-accompagne-danalyses-et-dexemples-musicaux\\\/#breadcrumb\",\"itemListElement\":[{\"@type\":\"ListItem\",\"position\":1,\"name\":\"Accueil\",\"item\":\"https:\\\/\\\/www.iemj.org\\\/en\\\/\"},{\"@type\":\"ListItem\",\"position\":2,\"name\":\"Hebrew Voices: A journey into Western Jewish music, with analysis and musical examples (in French)\"}]},{\"@type\":\"WebSite\",\"@id\":\"https:\\\/\\\/www.iemj.org\\\/en\\\/#website\",\"url\":\"https:\\\/\\\/www.iemj.org\\\/en\\\/\",\"name\":\"Institut Europ\u00e9en des Musiques Juives\",\"description\":\"Des traditions musicales \u00e0 la port\u00e9e de tous\",\"publisher\":{\"@id\":\"https:\\\/\\\/www.iemj.org\\\/en\\\/#organization\"},\"potentialAction\":[{\"@type\":\"SearchAction\",\"target\":{\"@type\":\"EntryPoint\",\"urlTemplate\":\"https:\\\/\\\/www.iemj.org\\\/en\\\/?s={search_term_string}\"},\"query-input\":{\"@type\":\"PropertyValueSpecification\",\"valueRequired\":true,\"valueName\":\"search_term_string\"}}],\"inLanguage\":\"en-US\"},{\"@type\":\"Organization\",\"@id\":\"https:\\\/\\\/www.iemj.org\\\/en\\\/#organization\",\"name\":\"Institut Europ\u00e9en des Musiques Juives\",\"url\":\"https:\\\/\\\/www.iemj.org\\\/en\\\/\",\"logo\":{\"@type\":\"ImageObject\",\"inLanguage\":\"en-US\",\"@id\":\"https:\\\/\\\/www.iemj.org\\\/en\\\/#\\\/schema\\\/logo\\\/image\\\/\",\"url\":\"https:\\\/\\\/www.iemj.org\\\/wp-content\\\/uploads\\\/2021\\\/09\\\/Logo-IEMJ-Paypal.jpg\",\"contentUrl\":\"https:\\\/\\\/www.iemj.org\\\/wp-content\\\/uploads\\\/2021\\\/09\\\/Logo-IEMJ-Paypal.jpg\",\"width\":150,\"height\":50,\"caption\":\"Institut Europ\u00e9en des Musiques Juives\"},\"image\":{\"@id\":\"https:\\\/\\\/www.iemj.org\\\/en\\\/#\\\/schema\\\/logo\\\/image\\\/\"},\"sameAs\":[\"https:\\\/\\\/www.facebook.com\\\/MusiquesJuives\\\/\",\"https:\\\/\\\/www.instagram.com\\\/musiquesjuives\\\/\",\"https:\\\/\\\/www.youtube.com\\\/user\\\/musiquesjuives\"]},{\"@type\":\"Person\",\"@id\":\"https:\\\/\\\/www.iemj.org\\\/en\\\/#\\\/schema\\\/person\\\/906134402c29d5c76e7b726261dd4bbd\",\"name\":\"Herv\u00e9 Roten\",\"image\":{\"@type\":\"ImageObject\",\"inLanguage\":\"en-US\",\"@id\":\"https:\\\/\\\/secure.gravatar.com\\\/avatar\\\/f96ad2db538a26481f18384936b5cd0610c92d390c4dc382209216d455f685ff?s=96&d=mm&r=g\",\"url\":\"https:\\\/\\\/secure.gravatar.com\\\/avatar\\\/f96ad2db538a26481f18384936b5cd0610c92d390c4dc382209216d455f685ff?s=96&d=mm&r=g\",\"contentUrl\":\"https:\\\/\\\/secure.gravatar.com\\\/avatar\\\/f96ad2db538a26481f18384936b5cd0610c92d390c4dc382209216d455f685ff?s=96&d=mm&r=g\",\"caption\":\"Herv\u00e9 Roten\"}}]}<\/script>\n<!-- \/ Yoast SEO plugin. -->","yoast_head_json":{"title":"Hebrew Voices: A journey into Western Jewish music, with analysis and musical examples (in French) - Institut Europ\u00e9en des Musiques Juives","robots":{"index":"index","follow":"follow","max-snippet":"max-snippet:-1","max-image-preview":"max-image-preview:large","max-video-preview":"max-video-preview:-1"},"canonical":"https:\/\/www.iemj.org\/en\/voix-hebraiques-un-voyage-dans-la-musique-juive-doccident-accompagne-danalyses-et-dexemples-musicaux\/","og_locale":"en_US","og_type":"article","og_title":"Hebrew Voices: A journey into Western Jewish music, with analysis and musical examples (in French) - Institut Europ\u00e9en des Musiques Juives","og_description":"Strong from his experience as a choirmaster in the Great Synagogue of Strasbourg and in the Ch\u0153ur juif de France, creator of the Polyphonies h\u00e9bra\u00efques de Strasbourg and of the","og_url":"https:\/\/www.iemj.org\/en\/voix-hebraiques-un-voyage-dans-la-musique-juive-doccident-accompagne-danalyses-et-dexemples-musicaux\/","og_site_name":"Institut Europ\u00e9en des Musiques Juives","article_publisher":"https:\/\/www.facebook.com\/MusiquesJuives\/","article_published_time":"2020-11-17T15:29:17+00:00","article_modified_time":"2025-02-24T10:20:43+00:00","og_image":[{"width":261,"height":397,"url":"https:\/\/www.iemj.org\/wp-content\/uploads\/2020\/11\/arton4907.jpg","type":"image\/jpeg"}],"author":"Herv\u00e9 Roten","twitter_card":"summary_large_image","twitter_misc":{"Written by":"Herv\u00e9 Roten","Est. reading time":"3 minutes"},"schema":{"@context":"https:\/\/schema.org","@graph":[{"@type":"Article","@id":"https:\/\/www.iemj.org\/en\/voix-hebraiques-un-voyage-dans-la-musique-juive-doccident-accompagne-danalyses-et-dexemples-musicaux\/#article","isPartOf":{"@id":"https:\/\/www.iemj.org\/en\/voix-hebraiques-un-voyage-dans-la-musique-juive-doccident-accompagne-danalyses-et-dexemples-musicaux\/"},"author":{"name":"Herv\u00e9 Roten","@id":"https:\/\/www.iemj.org\/en\/#\/schema\/person\/906134402c29d5c76e7b726261dd4bbd"},"headline":"Hebrew Voices: A journey into Western Jewish music, with analysis and musical examples (in French)","datePublished":"2020-11-17T15:29:17+00:00","dateModified":"2025-02-24T10:20:43+00:00","mainEntityOfPage":{"@id":"https:\/\/www.iemj.org\/en\/voix-hebraiques-un-voyage-dans-la-musique-juive-doccident-accompagne-danalyses-et-dexemples-musicaux\/"},"wordCount":526,"publisher":{"@id":"https:\/\/www.iemj.org\/en\/#organization"},"image":{"@id":"https:\/\/www.iemj.org\/en\/voix-hebraiques-un-voyage-dans-la-musique-juive-doccident-accompagne-danalyses-et-dexemples-musicaux\/#primaryimage"},"thumbnailUrl":"https:\/\/www.iemj.org\/wp-content\/uploads\/2020\/11\/arton4907.jpg","articleSection":["Books, articles","Latest Acquisitions"],"inLanguage":"en-US"},{"@type":"WebPage","@id":"https:\/\/www.iemj.org\/en\/voix-hebraiques-un-voyage-dans-la-musique-juive-doccident-accompagne-danalyses-et-dexemples-musicaux\/","url":"https:\/\/www.iemj.org\/en\/voix-hebraiques-un-voyage-dans-la-musique-juive-doccident-accompagne-danalyses-et-dexemples-musicaux\/","name":"Hebrew Voices: A journey into Western Jewish music, with analysis and musical examples (in French) - Institut Europ\u00e9en des Musiques Juives","isPartOf":{"@id":"https:\/\/www.iemj.org\/en\/#website"},"primaryImageOfPage":{"@id":"https:\/\/www.iemj.org\/en\/voix-hebraiques-un-voyage-dans-la-musique-juive-doccident-accompagne-danalyses-et-dexemples-musicaux\/#primaryimage"},"image":{"@id":"https:\/\/www.iemj.org\/en\/voix-hebraiques-un-voyage-dans-la-musique-juive-doccident-accompagne-danalyses-et-dexemples-musicaux\/#primaryimage"},"thumbnailUrl":"https:\/\/www.iemj.org\/wp-content\/uploads\/2020\/11\/arton4907.jpg","datePublished":"2020-11-17T15:29:17+00:00","dateModified":"2025-02-24T10:20:43+00:00","breadcrumb":{"@id":"https:\/\/www.iemj.org\/en\/voix-hebraiques-un-voyage-dans-la-musique-juive-doccident-accompagne-danalyses-et-dexemples-musicaux\/#breadcrumb"},"inLanguage":"en-US","potentialAction":[{"@type":"ReadAction","target":["https:\/\/www.iemj.org\/en\/voix-hebraiques-un-voyage-dans-la-musique-juive-doccident-accompagne-danalyses-et-dexemples-musicaux\/"]}]},{"@type":"ImageObject","inLanguage":"en-US","@id":"https:\/\/www.iemj.org\/en\/voix-hebraiques-un-voyage-dans-la-musique-juive-doccident-accompagne-danalyses-et-dexemples-musicaux\/#primaryimage","url":"https:\/\/www.iemj.org\/wp-content\/uploads\/2020\/11\/arton4907.jpg","contentUrl":"https:\/\/www.iemj.org\/wp-content\/uploads\/2020\/11\/arton4907.jpg","width":261,"height":397},{"@type":"BreadcrumbList","@id":"https:\/\/www.iemj.org\/en\/voix-hebraiques-un-voyage-dans-la-musique-juive-doccident-accompagne-danalyses-et-dexemples-musicaux\/#breadcrumb","itemListElement":[{"@type":"ListItem","position":1,"name":"Accueil","item":"https:\/\/www.iemj.org\/en\/"},{"@type":"ListItem","position":2,"name":"Hebrew Voices: A journey into Western Jewish music, with analysis and musical examples (in French)"}]},{"@type":"WebSite","@id":"https:\/\/www.iemj.org\/en\/#website","url":"https:\/\/www.iemj.org\/en\/","name":"Institut Europ\u00e9en des Musiques Juives","description":"Des traditions musicales \u00e0 la port\u00e9e de tous","publisher":{"@id":"https:\/\/www.iemj.org\/en\/#organization"},"potentialAction":[{"@type":"SearchAction","target":{"@type":"EntryPoint","urlTemplate":"https:\/\/www.iemj.org\/en\/?s={search_term_string}"},"query-input":{"@type":"PropertyValueSpecification","valueRequired":true,"valueName":"search_term_string"}}],"inLanguage":"en-US"},{"@type":"Organization","@id":"https:\/\/www.iemj.org\/en\/#organization","name":"Institut Europ\u00e9en des Musiques Juives","url":"https:\/\/www.iemj.org\/en\/","logo":{"@type":"ImageObject","inLanguage":"en-US","@id":"https:\/\/www.iemj.org\/en\/#\/schema\/logo\/image\/","url":"https:\/\/www.iemj.org\/wp-content\/uploads\/2021\/09\/Logo-IEMJ-Paypal.jpg","contentUrl":"https:\/\/www.iemj.org\/wp-content\/uploads\/2021\/09\/Logo-IEMJ-Paypal.jpg","width":150,"height":50,"caption":"Institut Europ\u00e9en des Musiques Juives"},"image":{"@id":"https:\/\/www.iemj.org\/en\/#\/schema\/logo\/image\/"},"sameAs":["https:\/\/www.facebook.com\/MusiquesJuives\/","https:\/\/www.instagram.com\/musiquesjuives\/","https:\/\/www.youtube.com\/user\/musiquesjuives"]},{"@type":"Person","@id":"https:\/\/www.iemj.org\/en\/#\/schema\/person\/906134402c29d5c76e7b726261dd4bbd","name":"Herv\u00e9 Roten","image":{"@type":"ImageObject","inLanguage":"en-US","@id":"https:\/\/secure.gravatar.com\/avatar\/f96ad2db538a26481f18384936b5cd0610c92d390c4dc382209216d455f685ff?s=96&d=mm&r=g","url":"https:\/\/secure.gravatar.com\/avatar\/f96ad2db538a26481f18384936b5cd0610c92d390c4dc382209216d455f685ff?s=96&d=mm&r=g","contentUrl":"https:\/\/secure.gravatar.com\/avatar\/f96ad2db538a26481f18384936b5cd0610c92d390c4dc382209216d455f685ff?s=96&d=mm&r=g","caption":"Herv\u00e9 Roten"}}]}},"_links":{"self":[{"href":"https:\/\/www.iemj.org\/en\/wp-json\/wp\/v2\/posts\/56501","targetHints":{"allow":["GET"]}}],"collection":[{"href":"https:\/\/www.iemj.org\/en\/wp-json\/wp\/v2\/posts"}],"about":[{"href":"https:\/\/www.iemj.org\/en\/wp-json\/wp\/v2\/types\/post"}],"author":[{"embeddable":true,"href":"https:\/\/www.iemj.org\/en\/wp-json\/wp\/v2\/users\/1045"}],"replies":[{"embeddable":true,"href":"https:\/\/www.iemj.org\/en\/wp-json\/wp\/v2\/comments?post=56501"}],"version-history":[{"count":0,"href":"https:\/\/www.iemj.org\/en\/wp-json\/wp\/v2\/posts\/56501\/revisions"}],"wp:featuredmedia":[{"embeddable":true,"href":"https:\/\/www.iemj.org\/en\/wp-json\/wp\/v2\/media\/29964"}],"wp:attachment":[{"href":"https:\/\/www.iemj.org\/en\/wp-json\/wp\/v2\/media?parent=56501"}],"wp:term":[{"taxonomy":"category","embeddable":true,"href":"https:\/\/www.iemj.org\/en\/wp-json\/wp\/v2\/categories?post=56501"},{"taxonomy":"post_tag","embeddable":true,"href":"https:\/\/www.iemj.org\/en\/wp-json\/wp\/v2\/tags?post=56501"},{"taxonomy":"technique","embeddable":true,"href":"https:\/\/www.iemj.org\/en\/wp-json\/wp\/v2\/technique?post=56501"},{"taxonomy":"squelettes","embeddable":true,"href":"https:\/\/www.iemj.org\/en\/wp-json\/wp\/v2\/squelettes?post=56501"},{"taxonomy":"sujet","embeddable":true,"href":"https:\/\/www.iemj.org\/en\/wp-json\/wp\/v2\/sujet?post=56501"},{"taxonomy":"formation","embeddable":true,"href":"https:\/\/www.iemj.org\/en\/wp-json\/wp\/v2\/formation?post=56501"},{"taxonomy":"genre","embeddable":true,"href":"https:\/\/www.iemj.org\/en\/wp-json\/wp\/v2\/genre?post=56501"},{"taxonomy":"fonds","embeddable":true,"href":"https:\/\/www.iemj.org\/en\/wp-json\/wp\/v2\/fonds?post=56501"},{"taxonomy":"tradition","embeddable":true,"href":"https:\/\/www.iemj.org\/en\/wp-json\/wp\/v2\/tradition?post=56501"},{"taxonomy":"type-de-contenu","embeddable":true,"href":"https:\/\/www.iemj.org\/en\/wp-json\/wp\/v2\/type-de-contenu?post=56501"},{"taxonomy":"interprete-compositeur","embeddable":true,"href":"https:\/\/www.iemj.org\/en\/wp-json\/wp\/v2\/interprete-compositeur?post=56501"},{"taxonomy":"frise","embeddable":true,"href":"https:\/\/www.iemj.org\/en\/wp-json\/wp\/v2\/frise?post=56501"},{"taxonomy":"type-devenement","embeddable":true,"href":"https:\/\/www.iemj.org\/en\/wp-json\/wp\/v2\/type-devenement?post=56501"},{"taxonomy":"tableaux-liens-externes","embeddable":true,"href":"https:\/\/www.iemj.org\/en\/wp-json\/wp\/v2\/tableaux-liens-externes?post=56501"}],"curies":[{"name":"wp","href":"https:\/\/api.w.org\/{rel}","templated":true}]}}