{"id":56623,"date":"2010-03-26T14:56:00","date_gmt":"2010-03-26T13:56:00","guid":{"rendered":"https:\/\/www.iemj.org\/musiques-juives-et-hebraiques-sacrees-et-profanes-au-moyen-age-xix-et-xx-siecles\/"},"modified":"2025-10-16T11:55:10","modified_gmt":"2025-10-16T09:55:10","slug":"musiques-juives-et-hebraiques-sacrees-et-profanes-au-moyen-age-xix-et-xx-siecles","status":"publish","type":"post","link":"https:\/\/www.iemj.org\/en\/musiques-juives-et-hebraiques-sacrees-et-profanes-au-moyen-age-xix-et-xx-siecles\/","title":{"rendered":"Musiques juives et h\u00e9bra\u00efques Sacr\u00e9es et Profanes au Moyen-Age, XIXe et XXe Si\u00e8cles"},"content":{"rendered":"<p>The Quatuor vocal H\u00e9bra\u00efca (Mika\u00ebl Weill, Damien Schubert, Jean Moissonnier and Hector Sabo) performs 24 pieces, including : Yerushalayim shel zahav, Hava naguila, Kol nidrei, Avinu malkeinu, Scalerica de oro, Avraham avinu&#8230;<\/p>\n<p>In the Sefardi tradition, we find at the same time secular Jewish music, represented by the popular genre \u00ab ladino \u00bb, name of the Judeo-Spanish language, and sacred music, based on Hebrew texts and used during religious services. In the Ashkenazi tradition, though the examples of ancient music are fewer, through the Rhine region repertoire, one can find several interesting examples of musical expression integrated in the surrounding culture. This tradition from Eastern Europe has known a development since the 19th century. At that time, hundreds of old melodies from European Jewish music tradition have been written, transcribed and harmonized, in order to assure their continuity and definitive setting. Indeed, the oral tradition led systematically to stylistic evolutions.<\/p>\n<p>The quatuor H\u00e9bra\u00efca created a bridge between ancient musical tradition, medieval tradition and the music from the 19th and 20th centuries, with composers who restituted the soul of this music, among the oldest traditions still living.<\/p>\n<p>The CD can be purchased at the Communaut\u00e9 Isra\u00e9lite d\u2019Obernai, from Denis Geissmann (<a href=\"mailto:degetrad@wanadoo.fr\">degetrad@wanadoo.fr<\/a>).<br \/>\nFee of the CD : 15 \u20ac + 3\u20ac of shipping.<\/p>\n<p><img fetchpriority=\"high\" decoding=\"async\" class=\"wp-image-39350 aligncenter\" src=\"https:\/\/www.iemj.org\/wp-content\/uploads\/2010\/03\/Quatuor-hebraica_COUV4-300x256.jpg\" alt=\"\" width=\"499\" height=\"426\" srcset=\"https:\/\/www.iemj.org\/wp-content\/uploads\/2010\/03\/Quatuor-hebraica_COUV4-300x256.jpg 300w, https:\/\/www.iemj.org\/wp-content\/uploads\/2010\/03\/Quatuor-hebraica_COUV4.jpg 600w\" sizes=\"(max-width: 499px) 100vw, 499px\" \/><\/p>\n<p>&nbsp;<\/p>\n<p><img decoding=\"async\" class=\"aligncenter size-full wp-image-110607\" src=\"https:\/\/www.iemj.org\/wp-content\/uploads\/2024\/03\/AUDIO-PLAYER.png\" alt=\"\" width=\"1210\" height=\"157\" srcset=\"https:\/\/www.iemj.org\/wp-content\/uploads\/2024\/03\/AUDIO-PLAYER.png 1210w, https:\/\/www.iemj.org\/wp-content\/uploads\/2024\/03\/AUDIO-PLAYER-300x39.png 300w, https:\/\/www.iemj.org\/wp-content\/uploads\/2024\/03\/AUDIO-PLAYER-1024x133.png 1024w, https:\/\/www.iemj.org\/wp-content\/uploads\/2024\/03\/AUDIO-PLAYER-768x100.png 768w, https:\/\/www.iemj.org\/wp-content\/uploads\/2024\/03\/AUDIO-PLAYER-600x78.png 600w\" sizes=\"(max-width: 1210px) 100vw, 1210px\" \/><\/p>\n","protected":false},"excerpt":{"rendered":"<p>The Quatuor vocal H\u00e9bra\u00efca (Mika\u00ebl Weill, Damien Schubert, Jean Moissonnier and Hector Sabo) performs 24 pieces, including : Yerushalayim shel zahav, Hava naguila, Kol nidrei, Avinu malkeinu, Scalerica de oro,<\/p>\n","protected":false},"author":1046,"featured_media":3204,"comment_status":"closed","ping_status":"closed","sticky":false,"template":"","format":"standard","meta":{"_acf_changed":false,"footnotes":""},"categories":[1570,1562],"tags":[],"technique":[],"squelettes":[],"sujet":[],"formation":[],"genre":[1114,1116,1119],"fonds":[],"tradition":[],"type-de-contenu":[],"interprete-compositeur":[],"frise":[],"type-devenement":[],"tableaux-liens-externes":[],"class_list":["post-56623","post","type-post","status-publish","format-standard","has-post-thumbnail","hentry","category-cd-latest-acquisition-en","category-latest-acquisitions-en","genre-ladino","genre-liturgy","genre-medieval-music"],"acf":[],"yoast_head":"<!-- This site is optimized with the Yoast SEO plugin v27.3 - https:\/\/yoast.com\/product\/yoast-seo-wordpress\/ -->\n<title>Musiques juives et h\u00e9bra\u00efques Sacr\u00e9es et Profanes au Moyen-Age, XIXe et XXe Si\u00e8cles - Institut Europ\u00e9en des Musiques Juives<\/title>\n<meta name=\"robots\" content=\"index, follow, max-snippet:-1, max-image-preview:large, max-video-preview:-1\" \/>\n<link rel=\"canonical\" href=\"https:\/\/www.iemj.org\/en\/musiques-juives-et-hebraiques-sacrees-et-profanes-au-moyen-age-xix-et-xx-siecles\/\" \/>\n<meta property=\"og:locale\" content=\"en_US\" \/>\n<meta property=\"og:type\" content=\"article\" \/>\n<meta property=\"og:title\" content=\"Musiques juives et h\u00e9bra\u00efques Sacr\u00e9es et Profanes au Moyen-Age, XIXe et XXe Si\u00e8cles - Institut Europ\u00e9en des Musiques Juives\" \/>\n<meta property=\"og:description\" content=\"The Quatuor vocal H\u00e9bra\u00efca (Mika\u00ebl Weill, Damien Schubert, Jean Moissonnier and Hector Sabo) performs 24 pieces, including : Yerushalayim shel zahav, Hava naguila, Kol nidrei, Avinu malkeinu, Scalerica de oro,\" \/>\n<meta property=\"og:url\" content=\"https:\/\/www.iemj.org\/en\/musiques-juives-et-hebraiques-sacrees-et-profanes-au-moyen-age-xix-et-xx-siecles\/\" \/>\n<meta property=\"og:site_name\" content=\"Institut Europ\u00e9en des Musiques Juives\" \/>\n<meta property=\"article:publisher\" content=\"https:\/\/www.facebook.com\/MusiquesJuives\/\" \/>\n<meta property=\"article:published_time\" content=\"2010-03-26T13:56:00+00:00\" \/>\n<meta property=\"article:modified_time\" content=\"2025-10-16T09:55:10+00:00\" \/>\n<meta property=\"og:image\" content=\"https:\/\/www.iemj.org\/wp-content\/uploads\/2010\/03\/arton56-e1619947756991.jpg\" \/>\n\t<meta property=\"og:image:width\" content=\"597\" \/>\n\t<meta property=\"og:image:height\" content=\"587\" \/>\n\t<meta property=\"og:image:type\" content=\"image\/jpeg\" \/>\n<meta name=\"author\" content=\"Isabelle Jouve\" \/>\n<meta name=\"twitter:card\" content=\"summary_large_image\" \/>\n<meta name=\"twitter:label1\" content=\"Written by\" \/>\n\t<meta name=\"twitter:data1\" content=\"Isabelle Jouve\" \/>\n\t<meta name=\"twitter:label2\" content=\"Est. reading time\" \/>\n\t<meta name=\"twitter:data2\" content=\"2 minutes\" \/>\n<script type=\"application\/ld+json\" class=\"yoast-schema-graph\">{\"@context\":\"https:\\\/\\\/schema.org\",\"@graph\":[{\"@type\":\"Article\",\"@id\":\"https:\\\/\\\/www.iemj.org\\\/en\\\/musiques-juives-et-hebraiques-sacrees-et-profanes-au-moyen-age-xix-et-xx-siecles\\\/#article\",\"isPartOf\":{\"@id\":\"https:\\\/\\\/www.iemj.org\\\/en\\\/musiques-juives-et-hebraiques-sacrees-et-profanes-au-moyen-age-xix-et-xx-siecles\\\/\"},\"author\":{\"name\":\"Isabelle Jouve\",\"@id\":\"https:\\\/\\\/www.iemj.org\\\/en\\\/#\\\/schema\\\/person\\\/94283a7f5a8b28a85fdab0ae54777472\"},\"headline\":\"Musiques juives et h\u00e9bra\u00efques Sacr\u00e9es et Profanes au Moyen-Age, XIXe et XXe Si\u00e8cles\",\"datePublished\":\"2010-03-26T13:56:00+00:00\",\"dateModified\":\"2025-10-16T09:55:10+00:00\",\"mainEntityOfPage\":{\"@id\":\"https:\\\/\\\/www.iemj.org\\\/en\\\/musiques-juives-et-hebraiques-sacrees-et-profanes-au-moyen-age-xix-et-xx-siecles\\\/\"},\"wordCount\":229,\"publisher\":{\"@id\":\"https:\\\/\\\/www.iemj.org\\\/en\\\/#organization\"},\"image\":{\"@id\":\"https:\\\/\\\/www.iemj.org\\\/en\\\/musiques-juives-et-hebraiques-sacrees-et-profanes-au-moyen-age-xix-et-xx-siecles\\\/#primaryimage\"},\"thumbnailUrl\":\"https:\\\/\\\/www.iemj.org\\\/wp-content\\\/uploads\\\/2010\\\/03\\\/arton56-e1619947756991.jpg\",\"articleSection\":[\"CD\",\"Latest Acquisitions\"],\"inLanguage\":\"en-US\"},{\"@type\":\"WebPage\",\"@id\":\"https:\\\/\\\/www.iemj.org\\\/en\\\/musiques-juives-et-hebraiques-sacrees-et-profanes-au-moyen-age-xix-et-xx-siecles\\\/\",\"url\":\"https:\\\/\\\/www.iemj.org\\\/en\\\/musiques-juives-et-hebraiques-sacrees-et-profanes-au-moyen-age-xix-et-xx-siecles\\\/\",\"name\":\"Musiques juives et h\u00e9bra\u00efques Sacr\u00e9es et Profanes au Moyen-Age, XIXe et XXe Si\u00e8cles - Institut Europ\u00e9en des Musiques Juives\",\"isPartOf\":{\"@id\":\"https:\\\/\\\/www.iemj.org\\\/en\\\/#website\"},\"primaryImageOfPage\":{\"@id\":\"https:\\\/\\\/www.iemj.org\\\/en\\\/musiques-juives-et-hebraiques-sacrees-et-profanes-au-moyen-age-xix-et-xx-siecles\\\/#primaryimage\"},\"image\":{\"@id\":\"https:\\\/\\\/www.iemj.org\\\/en\\\/musiques-juives-et-hebraiques-sacrees-et-profanes-au-moyen-age-xix-et-xx-siecles\\\/#primaryimage\"},\"thumbnailUrl\":\"https:\\\/\\\/www.iemj.org\\\/wp-content\\\/uploads\\\/2010\\\/03\\\/arton56-e1619947756991.jpg\",\"datePublished\":\"2010-03-26T13:56:00+00:00\",\"dateModified\":\"2025-10-16T09:55:10+00:00\",\"breadcrumb\":{\"@id\":\"https:\\\/\\\/www.iemj.org\\\/en\\\/musiques-juives-et-hebraiques-sacrees-et-profanes-au-moyen-age-xix-et-xx-siecles\\\/#breadcrumb\"},\"inLanguage\":\"en-US\",\"potentialAction\":[{\"@type\":\"ReadAction\",\"target\":[\"https:\\\/\\\/www.iemj.org\\\/en\\\/musiques-juives-et-hebraiques-sacrees-et-profanes-au-moyen-age-xix-et-xx-siecles\\\/\"]}]},{\"@type\":\"ImageObject\",\"inLanguage\":\"en-US\",\"@id\":\"https:\\\/\\\/www.iemj.org\\\/en\\\/musiques-juives-et-hebraiques-sacrees-et-profanes-au-moyen-age-xix-et-xx-siecles\\\/#primaryimage\",\"url\":\"https:\\\/\\\/www.iemj.org\\\/wp-content\\\/uploads\\\/2010\\\/03\\\/arton56-e1619947756991.jpg\",\"contentUrl\":\"https:\\\/\\\/www.iemj.org\\\/wp-content\\\/uploads\\\/2010\\\/03\\\/arton56-e1619947756991.jpg\",\"width\":597,\"height\":587},{\"@type\":\"BreadcrumbList\",\"@id\":\"https:\\\/\\\/www.iemj.org\\\/en\\\/musiques-juives-et-hebraiques-sacrees-et-profanes-au-moyen-age-xix-et-xx-siecles\\\/#breadcrumb\",\"itemListElement\":[{\"@type\":\"ListItem\",\"position\":1,\"name\":\"Accueil\",\"item\":\"https:\\\/\\\/www.iemj.org\\\/en\\\/\"},{\"@type\":\"ListItem\",\"position\":2,\"name\":\"Musiques juives et h\u00e9bra\u00efques Sacr\u00e9es et Profanes au Moyen-Age, XIXe et XXe Si\u00e8cles\"}]},{\"@type\":\"WebSite\",\"@id\":\"https:\\\/\\\/www.iemj.org\\\/en\\\/#website\",\"url\":\"https:\\\/\\\/www.iemj.org\\\/en\\\/\",\"name\":\"Institut Europ\u00e9en des Musiques Juives\",\"description\":\"Des traditions musicales \u00e0 la port\u00e9e de tous\",\"publisher\":{\"@id\":\"https:\\\/\\\/www.iemj.org\\\/en\\\/#organization\"},\"potentialAction\":[{\"@type\":\"SearchAction\",\"target\":{\"@type\":\"EntryPoint\",\"urlTemplate\":\"https:\\\/\\\/www.iemj.org\\\/en\\\/?s={search_term_string}\"},\"query-input\":{\"@type\":\"PropertyValueSpecification\",\"valueRequired\":true,\"valueName\":\"search_term_string\"}}],\"inLanguage\":\"en-US\"},{\"@type\":\"Organization\",\"@id\":\"https:\\\/\\\/www.iemj.org\\\/en\\\/#organization\",\"name\":\"Institut Europ\u00e9en des Musiques Juives\",\"url\":\"https:\\\/\\\/www.iemj.org\\\/en\\\/\",\"logo\":{\"@type\":\"ImageObject\",\"inLanguage\":\"en-US\",\"@id\":\"https:\\\/\\\/www.iemj.org\\\/en\\\/#\\\/schema\\\/logo\\\/image\\\/\",\"url\":\"https:\\\/\\\/www.iemj.org\\\/wp-content\\\/uploads\\\/2021\\\/09\\\/Logo-IEMJ-Paypal.jpg\",\"contentUrl\":\"https:\\\/\\\/www.iemj.org\\\/wp-content\\\/uploads\\\/2021\\\/09\\\/Logo-IEMJ-Paypal.jpg\",\"width\":150,\"height\":50,\"caption\":\"Institut Europ\u00e9en des Musiques Juives\"},\"image\":{\"@id\":\"https:\\\/\\\/www.iemj.org\\\/en\\\/#\\\/schema\\\/logo\\\/image\\\/\"},\"sameAs\":[\"https:\\\/\\\/www.facebook.com\\\/MusiquesJuives\\\/\",\"https:\\\/\\\/www.instagram.com\\\/musiquesjuives\\\/\",\"https:\\\/\\\/www.youtube.com\\\/user\\\/musiquesjuives\"]},{\"@type\":\"Person\",\"@id\":\"https:\\\/\\\/www.iemj.org\\\/en\\\/#\\\/schema\\\/person\\\/94283a7f5a8b28a85fdab0ae54777472\",\"name\":\"Isabelle Jouve\",\"image\":{\"@type\":\"ImageObject\",\"inLanguage\":\"en-US\",\"@id\":\"https:\\\/\\\/secure.gravatar.com\\\/avatar\\\/bc547a31cb8a12b3ffc0f7fcf1f2dbd4fc06e95ad13a451095d8316a6d5a59a6?s=96&d=mm&r=g\",\"url\":\"https:\\\/\\\/secure.gravatar.com\\\/avatar\\\/bc547a31cb8a12b3ffc0f7fcf1f2dbd4fc06e95ad13a451095d8316a6d5a59a6?s=96&d=mm&r=g\",\"contentUrl\":\"https:\\\/\\\/secure.gravatar.com\\\/avatar\\\/bc547a31cb8a12b3ffc0f7fcf1f2dbd4fc06e95ad13a451095d8316a6d5a59a6?s=96&d=mm&r=g\",\"caption\":\"Isabelle Jouve\"}}]}<\/script>\n<!-- \/ Yoast SEO plugin. -->","yoast_head_json":{"title":"Musiques juives et h\u00e9bra\u00efques Sacr\u00e9es et Profanes au Moyen-Age, XIXe et XXe Si\u00e8cles - Institut Europ\u00e9en des Musiques Juives","robots":{"index":"index","follow":"follow","max-snippet":"max-snippet:-1","max-image-preview":"max-image-preview:large","max-video-preview":"max-video-preview:-1"},"canonical":"https:\/\/www.iemj.org\/en\/musiques-juives-et-hebraiques-sacrees-et-profanes-au-moyen-age-xix-et-xx-siecles\/","og_locale":"en_US","og_type":"article","og_title":"Musiques juives et h\u00e9bra\u00efques Sacr\u00e9es et Profanes au Moyen-Age, XIXe et XXe Si\u00e8cles - Institut Europ\u00e9en des Musiques Juives","og_description":"The Quatuor vocal H\u00e9bra\u00efca (Mika\u00ebl Weill, Damien Schubert, Jean Moissonnier and Hector Sabo) performs 24 pieces, including : Yerushalayim shel zahav, Hava naguila, Kol nidrei, Avinu malkeinu, Scalerica de oro,","og_url":"https:\/\/www.iemj.org\/en\/musiques-juives-et-hebraiques-sacrees-et-profanes-au-moyen-age-xix-et-xx-siecles\/","og_site_name":"Institut Europ\u00e9en des Musiques Juives","article_publisher":"https:\/\/www.facebook.com\/MusiquesJuives\/","article_published_time":"2010-03-26T13:56:00+00:00","article_modified_time":"2025-10-16T09:55:10+00:00","og_image":[{"width":597,"height":587,"url":"https:\/\/www.iemj.org\/wp-content\/uploads\/2010\/03\/arton56-e1619947756991.jpg","type":"image\/jpeg"}],"author":"Isabelle Jouve","twitter_card":"summary_large_image","twitter_misc":{"Written by":"Isabelle Jouve","Est. reading time":"2 minutes"},"schema":{"@context":"https:\/\/schema.org","@graph":[{"@type":"Article","@id":"https:\/\/www.iemj.org\/en\/musiques-juives-et-hebraiques-sacrees-et-profanes-au-moyen-age-xix-et-xx-siecles\/#article","isPartOf":{"@id":"https:\/\/www.iemj.org\/en\/musiques-juives-et-hebraiques-sacrees-et-profanes-au-moyen-age-xix-et-xx-siecles\/"},"author":{"name":"Isabelle Jouve","@id":"https:\/\/www.iemj.org\/en\/#\/schema\/person\/94283a7f5a8b28a85fdab0ae54777472"},"headline":"Musiques juives et h\u00e9bra\u00efques Sacr\u00e9es et Profanes au Moyen-Age, XIXe et XXe Si\u00e8cles","datePublished":"2010-03-26T13:56:00+00:00","dateModified":"2025-10-16T09:55:10+00:00","mainEntityOfPage":{"@id":"https:\/\/www.iemj.org\/en\/musiques-juives-et-hebraiques-sacrees-et-profanes-au-moyen-age-xix-et-xx-siecles\/"},"wordCount":229,"publisher":{"@id":"https:\/\/www.iemj.org\/en\/#organization"},"image":{"@id":"https:\/\/www.iemj.org\/en\/musiques-juives-et-hebraiques-sacrees-et-profanes-au-moyen-age-xix-et-xx-siecles\/#primaryimage"},"thumbnailUrl":"https:\/\/www.iemj.org\/wp-content\/uploads\/2010\/03\/arton56-e1619947756991.jpg","articleSection":["CD","Latest Acquisitions"],"inLanguage":"en-US"},{"@type":"WebPage","@id":"https:\/\/www.iemj.org\/en\/musiques-juives-et-hebraiques-sacrees-et-profanes-au-moyen-age-xix-et-xx-siecles\/","url":"https:\/\/www.iemj.org\/en\/musiques-juives-et-hebraiques-sacrees-et-profanes-au-moyen-age-xix-et-xx-siecles\/","name":"Musiques juives et h\u00e9bra\u00efques Sacr\u00e9es et Profanes au Moyen-Age, XIXe et XXe Si\u00e8cles - Institut Europ\u00e9en des Musiques Juives","isPartOf":{"@id":"https:\/\/www.iemj.org\/en\/#website"},"primaryImageOfPage":{"@id":"https:\/\/www.iemj.org\/en\/musiques-juives-et-hebraiques-sacrees-et-profanes-au-moyen-age-xix-et-xx-siecles\/#primaryimage"},"image":{"@id":"https:\/\/www.iemj.org\/en\/musiques-juives-et-hebraiques-sacrees-et-profanes-au-moyen-age-xix-et-xx-siecles\/#primaryimage"},"thumbnailUrl":"https:\/\/www.iemj.org\/wp-content\/uploads\/2010\/03\/arton56-e1619947756991.jpg","datePublished":"2010-03-26T13:56:00+00:00","dateModified":"2025-10-16T09:55:10+00:00","breadcrumb":{"@id":"https:\/\/www.iemj.org\/en\/musiques-juives-et-hebraiques-sacrees-et-profanes-au-moyen-age-xix-et-xx-siecles\/#breadcrumb"},"inLanguage":"en-US","potentialAction":[{"@type":"ReadAction","target":["https:\/\/www.iemj.org\/en\/musiques-juives-et-hebraiques-sacrees-et-profanes-au-moyen-age-xix-et-xx-siecles\/"]}]},{"@type":"ImageObject","inLanguage":"en-US","@id":"https:\/\/www.iemj.org\/en\/musiques-juives-et-hebraiques-sacrees-et-profanes-au-moyen-age-xix-et-xx-siecles\/#primaryimage","url":"https:\/\/www.iemj.org\/wp-content\/uploads\/2010\/03\/arton56-e1619947756991.jpg","contentUrl":"https:\/\/www.iemj.org\/wp-content\/uploads\/2010\/03\/arton56-e1619947756991.jpg","width":597,"height":587},{"@type":"BreadcrumbList","@id":"https:\/\/www.iemj.org\/en\/musiques-juives-et-hebraiques-sacrees-et-profanes-au-moyen-age-xix-et-xx-siecles\/#breadcrumb","itemListElement":[{"@type":"ListItem","position":1,"name":"Accueil","item":"https:\/\/www.iemj.org\/en\/"},{"@type":"ListItem","position":2,"name":"Musiques juives et h\u00e9bra\u00efques Sacr\u00e9es et Profanes au Moyen-Age, XIXe et XXe Si\u00e8cles"}]},{"@type":"WebSite","@id":"https:\/\/www.iemj.org\/en\/#website","url":"https:\/\/www.iemj.org\/en\/","name":"Institut Europ\u00e9en des Musiques Juives","description":"Des traditions musicales \u00e0 la port\u00e9e de tous","publisher":{"@id":"https:\/\/www.iemj.org\/en\/#organization"},"potentialAction":[{"@type":"SearchAction","target":{"@type":"EntryPoint","urlTemplate":"https:\/\/www.iemj.org\/en\/?s={search_term_string}"},"query-input":{"@type":"PropertyValueSpecification","valueRequired":true,"valueName":"search_term_string"}}],"inLanguage":"en-US"},{"@type":"Organization","@id":"https:\/\/www.iemj.org\/en\/#organization","name":"Institut Europ\u00e9en des Musiques Juives","url":"https:\/\/www.iemj.org\/en\/","logo":{"@type":"ImageObject","inLanguage":"en-US","@id":"https:\/\/www.iemj.org\/en\/#\/schema\/logo\/image\/","url":"https:\/\/www.iemj.org\/wp-content\/uploads\/2021\/09\/Logo-IEMJ-Paypal.jpg","contentUrl":"https:\/\/www.iemj.org\/wp-content\/uploads\/2021\/09\/Logo-IEMJ-Paypal.jpg","width":150,"height":50,"caption":"Institut Europ\u00e9en des Musiques Juives"},"image":{"@id":"https:\/\/www.iemj.org\/en\/#\/schema\/logo\/image\/"},"sameAs":["https:\/\/www.facebook.com\/MusiquesJuives\/","https:\/\/www.instagram.com\/musiquesjuives\/","https:\/\/www.youtube.com\/user\/musiquesjuives"]},{"@type":"Person","@id":"https:\/\/www.iemj.org\/en\/#\/schema\/person\/94283a7f5a8b28a85fdab0ae54777472","name":"Isabelle Jouve","image":{"@type":"ImageObject","inLanguage":"en-US","@id":"https:\/\/secure.gravatar.com\/avatar\/bc547a31cb8a12b3ffc0f7fcf1f2dbd4fc06e95ad13a451095d8316a6d5a59a6?s=96&d=mm&r=g","url":"https:\/\/secure.gravatar.com\/avatar\/bc547a31cb8a12b3ffc0f7fcf1f2dbd4fc06e95ad13a451095d8316a6d5a59a6?s=96&d=mm&r=g","contentUrl":"https:\/\/secure.gravatar.com\/avatar\/bc547a31cb8a12b3ffc0f7fcf1f2dbd4fc06e95ad13a451095d8316a6d5a59a6?s=96&d=mm&r=g","caption":"Isabelle Jouve"}}]}},"_links":{"self":[{"href":"https:\/\/www.iemj.org\/en\/wp-json\/wp\/v2\/posts\/56623","targetHints":{"allow":["GET"]}}],"collection":[{"href":"https:\/\/www.iemj.org\/en\/wp-json\/wp\/v2\/posts"}],"about":[{"href":"https:\/\/www.iemj.org\/en\/wp-json\/wp\/v2\/types\/post"}],"author":[{"embeddable":true,"href":"https:\/\/www.iemj.org\/en\/wp-json\/wp\/v2\/users\/1046"}],"replies":[{"embeddable":true,"href":"https:\/\/www.iemj.org\/en\/wp-json\/wp\/v2\/comments?post=56623"}],"version-history":[{"count":1,"href":"https:\/\/www.iemj.org\/en\/wp-json\/wp\/v2\/posts\/56623\/revisions"}],"predecessor-version":[{"id":126933,"href":"https:\/\/www.iemj.org\/en\/wp-json\/wp\/v2\/posts\/56623\/revisions\/126933"}],"wp:featuredmedia":[{"embeddable":true,"href":"https:\/\/www.iemj.org\/en\/wp-json\/wp\/v2\/media\/3204"}],"wp:attachment":[{"href":"https:\/\/www.iemj.org\/en\/wp-json\/wp\/v2\/media?parent=56623"}],"wp:term":[{"taxonomy":"category","embeddable":true,"href":"https:\/\/www.iemj.org\/en\/wp-json\/wp\/v2\/categories?post=56623"},{"taxonomy":"post_tag","embeddable":true,"href":"https:\/\/www.iemj.org\/en\/wp-json\/wp\/v2\/tags?post=56623"},{"taxonomy":"technique","embeddable":true,"href":"https:\/\/www.iemj.org\/en\/wp-json\/wp\/v2\/technique?post=56623"},{"taxonomy":"squelettes","embeddable":true,"href":"https:\/\/www.iemj.org\/en\/wp-json\/wp\/v2\/squelettes?post=56623"},{"taxonomy":"sujet","embeddable":true,"href":"https:\/\/www.iemj.org\/en\/wp-json\/wp\/v2\/sujet?post=56623"},{"taxonomy":"formation","embeddable":true,"href":"https:\/\/www.iemj.org\/en\/wp-json\/wp\/v2\/formation?post=56623"},{"taxonomy":"genre","embeddable":true,"href":"https:\/\/www.iemj.org\/en\/wp-json\/wp\/v2\/genre?post=56623"},{"taxonomy":"fonds","embeddable":true,"href":"https:\/\/www.iemj.org\/en\/wp-json\/wp\/v2\/fonds?post=56623"},{"taxonomy":"tradition","embeddable":true,"href":"https:\/\/www.iemj.org\/en\/wp-json\/wp\/v2\/tradition?post=56623"},{"taxonomy":"type-de-contenu","embeddable":true,"href":"https:\/\/www.iemj.org\/en\/wp-json\/wp\/v2\/type-de-contenu?post=56623"},{"taxonomy":"interprete-compositeur","embeddable":true,"href":"https:\/\/www.iemj.org\/en\/wp-json\/wp\/v2\/interprete-compositeur?post=56623"},{"taxonomy":"frise","embeddable":true,"href":"https:\/\/www.iemj.org\/en\/wp-json\/wp\/v2\/frise?post=56623"},{"taxonomy":"type-devenement","embeddable":true,"href":"https:\/\/www.iemj.org\/en\/wp-json\/wp\/v2\/type-devenement?post=56623"},{"taxonomy":"tableaux-liens-externes","embeddable":true,"href":"https:\/\/www.iemj.org\/en\/wp-json\/wp\/v2\/tableaux-liens-externes?post=56623"}],"curies":[{"name":"wp","href":"https:\/\/api.w.org\/{rel}","templated":true}]}}