{"id":56713,"date":"2019-12-02T18:06:00","date_gmt":"2019-12-02T17:06:00","guid":{"rendered":"https:\/\/www.iemj.org\/judeo-spanish-from-the-balkans-series-12-2-2\/"},"modified":"2025-09-16T17:50:15","modified_gmt":"2025-09-16T15:50:15","slug":"judeo-spanish-from-the-balkans-series-12","status":"publish","type":"post","link":"https:\/\/www.iemj.org\/en\/judeo-spanish-from-the-balkans-series-12\/","title":{"rendered":"Judeo-Spanish from the Balkans &#8211; Series 12"},"content":{"rendered":"<h3>The Recordings by Julius Subak (1908) and Max A. Luria (1927)<\/h3>\n<p><!--more--><\/p>\n<p><strong>CD\/DVD boxset &#8211; Released in 2009 in the collection Audio and phonographic documents from the Academy of Science of Austria<\/strong><\/p>\n<p>This CD\/DVD boxset, including a richly documented booklet, gathers historic Judeo-Spanish recordings from the Balkans. Released in 2009 in the series audio and phonographic documents of the Science Academy of Austria &#8211; Collection Full history of the years 1899 \u2013 1950, is edited by Christian Liebl<\/p>\n<p>The boxset gathers on one hand 15 audio field recordings taken in 1908\/1909, by Julius Subak searcher and teacher from Austria ; and on another hand, 26 field recordings taken in 1927, by the American Max A. Luria. The aim of these recordings is above all ethnomusicological, more than artistic.<\/p>\n<p>In 1908\/1909, the Balkan imperial Academy of Science Commission considered that <strong>Julius Subak<\/strong> (1872-1936), teacher and researcher, specialist of Roman languages, could make recordings of Judeo-Spanish practices in the Balkans. He collected the equivalent of 15 phonograms, which would make the first recordings of Judeo-Spanish (or Ladino), for the purposes of scientific research. These recordings, which gather in particular those from the greatest representatives of the Sephardi community of Sarajevo &#8211; such as Abraham A. Cappon, is composed essentially of poems and romances (ballads originally coming from medieval Spain).<\/p>\n<p>In 1927, the American <strong>Max A. Luria<\/strong> (1891-1966) began linguistic research in Monastir (today Bitola, Republic of North Macedonia) as part of his PhD thesis. He made 26 recordings gathering proverbs and dialogues, but especially many konse\u017eas (folkloric tales), returning life to this Judeo-Spanish language, so conservative and authentic.<\/p>\n<p>The contributions of <strong>Aldina Quintana Rodr\u00edguez<\/strong>, <strong>Edwin Seroussi<\/strong> and <strong>Rivka Havassy<\/strong> as well as <strong>Paloma D\u00edaz-Mas<\/strong> underline the importance of these unique audio documents, in particular for the Judeo-Spanish language, but also for the study of Sefardi music and literature. Coming with transcriptions, they form a precious supplement to the audio testimonies of a once flourishing culture, now on the path of extinction.<\/p>\n<p><a href=\"https:\/\/verlag.oeaw.ac.at\/judeo-spanish-from-the-balkans\" target=\"_blank\" rel=\"noopener\">Purchase the CD<\/a><br \/>\n<a href=\"https:\/\/austriaca.at\/6601-6?frames=yes\" target=\"_blank\" rel=\"noopener\">Learn more<\/a><\/p>\n<p><img fetchpriority=\"high\" decoding=\"async\" class=\"alignnone wp-image-38542\" src=\"https:\/\/www.iemj.org\/wp-content\/uploads\/2021\/04\/COUV4-CD-Judeo-Spanish-from-the-Balkans_redim-nv-site-295x300.jpg\" alt=\"\" width=\"631\" height=\"642\" srcset=\"https:\/\/www.iemj.org\/wp-content\/uploads\/2021\/04\/COUV4-CD-Judeo-Spanish-from-the-Balkans_redim-nv-site-295x300.jpg 295w, https:\/\/www.iemj.org\/wp-content\/uploads\/2021\/04\/COUV4-CD-Judeo-Spanish-from-the-Balkans_redim-nv-site-600x610.jpg 600w, https:\/\/www.iemj.org\/wp-content\/uploads\/2021\/04\/COUV4-CD-Judeo-Spanish-from-the-Balkans_redim-nv-site.jpg 680w\" sizes=\"(max-width: 631px) 100vw, 631px\" \/><\/p>\n<p><img decoding=\"async\" class=\"wp-image-110607 alignleft\" src=\"https:\/\/www.iemj.org\/wp-content\/uploads\/2024\/03\/AUDIO-PLAYER-300x39.png\" alt=\"\" width=\"631\" height=\"82\" srcset=\"https:\/\/www.iemj.org\/wp-content\/uploads\/2024\/03\/AUDIO-PLAYER-300x39.png 300w, https:\/\/www.iemj.org\/wp-content\/uploads\/2024\/03\/AUDIO-PLAYER-1024x133.png 1024w, https:\/\/www.iemj.org\/wp-content\/uploads\/2024\/03\/AUDIO-PLAYER-768x100.png 768w, https:\/\/www.iemj.org\/wp-content\/uploads\/2024\/03\/AUDIO-PLAYER-600x78.png 600w, https:\/\/www.iemj.org\/wp-content\/uploads\/2024\/03\/AUDIO-PLAYER.png 1210w\" sizes=\"(max-width: 631px) 100vw, 631px\" \/><\/p>\n<p>&nbsp;<\/p>\n<p>&nbsp;<\/p>\n<p>&nbsp;<\/p>\n","protected":false},"excerpt":{"rendered":"<p>The Recordings by Julius Subak (1908) and Max A. Luria (1927)<\/p>\n","protected":false},"author":1045,"featured_media":38549,"comment_status":"closed","ping_status":"closed","sticky":false,"template":"","format":"standard","meta":{"_acf_changed":false,"footnotes":""},"categories":[1570,1562],"tags":[],"technique":[],"squelettes":[],"sujet":[2104],"formation":[],"genre":[1114],"fonds":[],"tradition":[],"type-de-contenu":[],"interprete-compositeur":[],"frise":[],"type-devenement":[],"tableaux-liens-externes":[],"class_list":["post-56713","post","type-post","status-publish","format-standard","has-post-thumbnail","hentry","category-cd-latest-acquisition-en","category-latest-acquisitions-en","sujet-balkans-en","genre-ladino"],"acf":[],"yoast_head":"<!-- This site is optimized with the Yoast SEO plugin v27.3 - https:\/\/yoast.com\/product\/yoast-seo-wordpress\/ -->\n<title>Judeo-Spanish from the Balkans - Series 12 - Institut Europ\u00e9en des Musiques Juives<\/title>\n<meta name=\"robots\" content=\"index, follow, max-snippet:-1, max-image-preview:large, max-video-preview:-1\" \/>\n<link rel=\"canonical\" href=\"https:\/\/www.iemj.org\/en\/judeo-spanish-from-the-balkans-series-12\/\" \/>\n<meta property=\"og:locale\" content=\"en_US\" \/>\n<meta property=\"og:type\" content=\"article\" \/>\n<meta property=\"og:title\" content=\"Judeo-Spanish from the Balkans - Series 12 - Institut Europ\u00e9en des Musiques Juives\" \/>\n<meta property=\"og:description\" content=\"The Recordings by Julius Subak (1908) and Max A. Luria (1927)\" \/>\n<meta property=\"og:url\" content=\"https:\/\/www.iemj.org\/en\/judeo-spanish-from-the-balkans-series-12\/\" \/>\n<meta property=\"og:site_name\" content=\"Institut Europ\u00e9en des Musiques Juives\" \/>\n<meta property=\"article:publisher\" content=\"https:\/\/www.facebook.com\/MusiquesJuives\/\" \/>\n<meta property=\"article:published_time\" content=\"2019-12-02T17:06:00+00:00\" \/>\n<meta property=\"article:modified_time\" content=\"2025-09-16T15:50:15+00:00\" \/>\n<meta property=\"og:image\" content=\"https:\/\/www.iemj.org\/wp-content\/uploads\/2021\/04\/COUV-CD-Judeo-Spanish-from-the-Balkans_350x354px.jpg\" \/>\n\t<meta property=\"og:image:width\" content=\"350\" \/>\n\t<meta property=\"og:image:height\" content=\"354\" \/>\n\t<meta property=\"og:image:type\" content=\"image\/jpeg\" \/>\n<meta name=\"author\" content=\"Herv\u00e9 Roten\" \/>\n<meta name=\"twitter:card\" content=\"summary_large_image\" \/>\n<meta name=\"twitter:label1\" content=\"Written by\" \/>\n\t<meta name=\"twitter:data1\" content=\"Herv\u00e9 Roten\" \/>\n\t<meta name=\"twitter:label2\" content=\"Est. reading time\" \/>\n\t<meta name=\"twitter:data2\" content=\"3 minutes\" \/>\n<script type=\"application\/ld+json\" class=\"yoast-schema-graph\">{\"@context\":\"https:\\\/\\\/schema.org\",\"@graph\":[{\"@type\":\"Article\",\"@id\":\"https:\\\/\\\/www.iemj.org\\\/en\\\/judeo-spanish-from-the-balkans-series-12\\\/#article\",\"isPartOf\":{\"@id\":\"https:\\\/\\\/www.iemj.org\\\/en\\\/judeo-spanish-from-the-balkans-series-12\\\/\"},\"author\":{\"name\":\"Herv\u00e9 Roten\",\"@id\":\"https:\\\/\\\/www.iemj.org\\\/en\\\/#\\\/schema\\\/person\\\/906134402c29d5c76e7b726261dd4bbd\"},\"headline\":\"Judeo-Spanish from the Balkans &#8211; Series 12\",\"datePublished\":\"2019-12-02T17:06:00+00:00\",\"dateModified\":\"2025-09-16T15:50:15+00:00\",\"mainEntityOfPage\":{\"@id\":\"https:\\\/\\\/www.iemj.org\\\/en\\\/judeo-spanish-from-the-balkans-series-12\\\/\"},\"wordCount\":331,\"publisher\":{\"@id\":\"https:\\\/\\\/www.iemj.org\\\/en\\\/#organization\"},\"image\":{\"@id\":\"https:\\\/\\\/www.iemj.org\\\/en\\\/judeo-spanish-from-the-balkans-series-12\\\/#primaryimage\"},\"thumbnailUrl\":\"https:\\\/\\\/www.iemj.org\\\/wp-content\\\/uploads\\\/2021\\\/04\\\/COUV-CD-Judeo-Spanish-from-the-Balkans_350x354px.jpg\",\"articleSection\":[\"CD\",\"Latest Acquisitions\"],\"inLanguage\":\"en-US\"},{\"@type\":\"WebPage\",\"@id\":\"https:\\\/\\\/www.iemj.org\\\/en\\\/judeo-spanish-from-the-balkans-series-12\\\/\",\"url\":\"https:\\\/\\\/www.iemj.org\\\/en\\\/judeo-spanish-from-the-balkans-series-12\\\/\",\"name\":\"Judeo-Spanish from the Balkans - Series 12 - Institut Europ\u00e9en des Musiques Juives\",\"isPartOf\":{\"@id\":\"https:\\\/\\\/www.iemj.org\\\/en\\\/#website\"},\"primaryImageOfPage\":{\"@id\":\"https:\\\/\\\/www.iemj.org\\\/en\\\/judeo-spanish-from-the-balkans-series-12\\\/#primaryimage\"},\"image\":{\"@id\":\"https:\\\/\\\/www.iemj.org\\\/en\\\/judeo-spanish-from-the-balkans-series-12\\\/#primaryimage\"},\"thumbnailUrl\":\"https:\\\/\\\/www.iemj.org\\\/wp-content\\\/uploads\\\/2021\\\/04\\\/COUV-CD-Judeo-Spanish-from-the-Balkans_350x354px.jpg\",\"datePublished\":\"2019-12-02T17:06:00+00:00\",\"dateModified\":\"2025-09-16T15:50:15+00:00\",\"breadcrumb\":{\"@id\":\"https:\\\/\\\/www.iemj.org\\\/en\\\/judeo-spanish-from-the-balkans-series-12\\\/#breadcrumb\"},\"inLanguage\":\"en-US\",\"potentialAction\":[{\"@type\":\"ReadAction\",\"target\":[\"https:\\\/\\\/www.iemj.org\\\/en\\\/judeo-spanish-from-the-balkans-series-12\\\/\"]}]},{\"@type\":\"ImageObject\",\"inLanguage\":\"en-US\",\"@id\":\"https:\\\/\\\/www.iemj.org\\\/en\\\/judeo-spanish-from-the-balkans-series-12\\\/#primaryimage\",\"url\":\"https:\\\/\\\/www.iemj.org\\\/wp-content\\\/uploads\\\/2021\\\/04\\\/COUV-CD-Judeo-Spanish-from-the-Balkans_350x354px.jpg\",\"contentUrl\":\"https:\\\/\\\/www.iemj.org\\\/wp-content\\\/uploads\\\/2021\\\/04\\\/COUV-CD-Judeo-Spanish-from-the-Balkans_350x354px.jpg\",\"width\":350,\"height\":354},{\"@type\":\"BreadcrumbList\",\"@id\":\"https:\\\/\\\/www.iemj.org\\\/en\\\/judeo-spanish-from-the-balkans-series-12\\\/#breadcrumb\",\"itemListElement\":[{\"@type\":\"ListItem\",\"position\":1,\"name\":\"Accueil\",\"item\":\"https:\\\/\\\/www.iemj.org\\\/en\\\/\"},{\"@type\":\"ListItem\",\"position\":2,\"name\":\"Judeo-Spanish from the Balkans &#8211; Series 12\"}]},{\"@type\":\"WebSite\",\"@id\":\"https:\\\/\\\/www.iemj.org\\\/en\\\/#website\",\"url\":\"https:\\\/\\\/www.iemj.org\\\/en\\\/\",\"name\":\"Institut Europ\u00e9en des Musiques Juives\",\"description\":\"Des traditions musicales \u00e0 la port\u00e9e de tous\",\"publisher\":{\"@id\":\"https:\\\/\\\/www.iemj.org\\\/en\\\/#organization\"},\"potentialAction\":[{\"@type\":\"SearchAction\",\"target\":{\"@type\":\"EntryPoint\",\"urlTemplate\":\"https:\\\/\\\/www.iemj.org\\\/en\\\/?s={search_term_string}\"},\"query-input\":{\"@type\":\"PropertyValueSpecification\",\"valueRequired\":true,\"valueName\":\"search_term_string\"}}],\"inLanguage\":\"en-US\"},{\"@type\":\"Organization\",\"@id\":\"https:\\\/\\\/www.iemj.org\\\/en\\\/#organization\",\"name\":\"Institut Europ\u00e9en des Musiques Juives\",\"url\":\"https:\\\/\\\/www.iemj.org\\\/en\\\/\",\"logo\":{\"@type\":\"ImageObject\",\"inLanguage\":\"en-US\",\"@id\":\"https:\\\/\\\/www.iemj.org\\\/en\\\/#\\\/schema\\\/logo\\\/image\\\/\",\"url\":\"https:\\\/\\\/www.iemj.org\\\/wp-content\\\/uploads\\\/2021\\\/09\\\/Logo-IEMJ-Paypal.jpg\",\"contentUrl\":\"https:\\\/\\\/www.iemj.org\\\/wp-content\\\/uploads\\\/2021\\\/09\\\/Logo-IEMJ-Paypal.jpg\",\"width\":150,\"height\":50,\"caption\":\"Institut Europ\u00e9en des Musiques Juives\"},\"image\":{\"@id\":\"https:\\\/\\\/www.iemj.org\\\/en\\\/#\\\/schema\\\/logo\\\/image\\\/\"},\"sameAs\":[\"https:\\\/\\\/www.facebook.com\\\/MusiquesJuives\\\/\",\"https:\\\/\\\/www.instagram.com\\\/musiquesjuives\\\/\",\"https:\\\/\\\/www.youtube.com\\\/user\\\/musiquesjuives\"]},{\"@type\":\"Person\",\"@id\":\"https:\\\/\\\/www.iemj.org\\\/en\\\/#\\\/schema\\\/person\\\/906134402c29d5c76e7b726261dd4bbd\",\"name\":\"Herv\u00e9 Roten\",\"image\":{\"@type\":\"ImageObject\",\"inLanguage\":\"en-US\",\"@id\":\"https:\\\/\\\/secure.gravatar.com\\\/avatar\\\/f96ad2db538a26481f18384936b5cd0610c92d390c4dc382209216d455f685ff?s=96&d=mm&r=g\",\"url\":\"https:\\\/\\\/secure.gravatar.com\\\/avatar\\\/f96ad2db538a26481f18384936b5cd0610c92d390c4dc382209216d455f685ff?s=96&d=mm&r=g\",\"contentUrl\":\"https:\\\/\\\/secure.gravatar.com\\\/avatar\\\/f96ad2db538a26481f18384936b5cd0610c92d390c4dc382209216d455f685ff?s=96&d=mm&r=g\",\"caption\":\"Herv\u00e9 Roten\"}}]}<\/script>\n<!-- \/ Yoast SEO plugin. -->","yoast_head_json":{"title":"Judeo-Spanish from the Balkans - Series 12 - Institut Europ\u00e9en des Musiques Juives","robots":{"index":"index","follow":"follow","max-snippet":"max-snippet:-1","max-image-preview":"max-image-preview:large","max-video-preview":"max-video-preview:-1"},"canonical":"https:\/\/www.iemj.org\/en\/judeo-spanish-from-the-balkans-series-12\/","og_locale":"en_US","og_type":"article","og_title":"Judeo-Spanish from the Balkans - Series 12 - Institut Europ\u00e9en des Musiques Juives","og_description":"The Recordings by Julius Subak (1908) and Max A. Luria (1927)","og_url":"https:\/\/www.iemj.org\/en\/judeo-spanish-from-the-balkans-series-12\/","og_site_name":"Institut Europ\u00e9en des Musiques Juives","article_publisher":"https:\/\/www.facebook.com\/MusiquesJuives\/","article_published_time":"2019-12-02T17:06:00+00:00","article_modified_time":"2025-09-16T15:50:15+00:00","og_image":[{"width":350,"height":354,"url":"https:\/\/www.iemj.org\/wp-content\/uploads\/2021\/04\/COUV-CD-Judeo-Spanish-from-the-Balkans_350x354px.jpg","type":"image\/jpeg"}],"author":"Herv\u00e9 Roten","twitter_card":"summary_large_image","twitter_misc":{"Written by":"Herv\u00e9 Roten","Est. reading time":"3 minutes"},"schema":{"@context":"https:\/\/schema.org","@graph":[{"@type":"Article","@id":"https:\/\/www.iemj.org\/en\/judeo-spanish-from-the-balkans-series-12\/#article","isPartOf":{"@id":"https:\/\/www.iemj.org\/en\/judeo-spanish-from-the-balkans-series-12\/"},"author":{"name":"Herv\u00e9 Roten","@id":"https:\/\/www.iemj.org\/en\/#\/schema\/person\/906134402c29d5c76e7b726261dd4bbd"},"headline":"Judeo-Spanish from the Balkans &#8211; Series 12","datePublished":"2019-12-02T17:06:00+00:00","dateModified":"2025-09-16T15:50:15+00:00","mainEntityOfPage":{"@id":"https:\/\/www.iemj.org\/en\/judeo-spanish-from-the-balkans-series-12\/"},"wordCount":331,"publisher":{"@id":"https:\/\/www.iemj.org\/en\/#organization"},"image":{"@id":"https:\/\/www.iemj.org\/en\/judeo-spanish-from-the-balkans-series-12\/#primaryimage"},"thumbnailUrl":"https:\/\/www.iemj.org\/wp-content\/uploads\/2021\/04\/COUV-CD-Judeo-Spanish-from-the-Balkans_350x354px.jpg","articleSection":["CD","Latest Acquisitions"],"inLanguage":"en-US"},{"@type":"WebPage","@id":"https:\/\/www.iemj.org\/en\/judeo-spanish-from-the-balkans-series-12\/","url":"https:\/\/www.iemj.org\/en\/judeo-spanish-from-the-balkans-series-12\/","name":"Judeo-Spanish from the Balkans - Series 12 - Institut Europ\u00e9en des Musiques Juives","isPartOf":{"@id":"https:\/\/www.iemj.org\/en\/#website"},"primaryImageOfPage":{"@id":"https:\/\/www.iemj.org\/en\/judeo-spanish-from-the-balkans-series-12\/#primaryimage"},"image":{"@id":"https:\/\/www.iemj.org\/en\/judeo-spanish-from-the-balkans-series-12\/#primaryimage"},"thumbnailUrl":"https:\/\/www.iemj.org\/wp-content\/uploads\/2021\/04\/COUV-CD-Judeo-Spanish-from-the-Balkans_350x354px.jpg","datePublished":"2019-12-02T17:06:00+00:00","dateModified":"2025-09-16T15:50:15+00:00","breadcrumb":{"@id":"https:\/\/www.iemj.org\/en\/judeo-spanish-from-the-balkans-series-12\/#breadcrumb"},"inLanguage":"en-US","potentialAction":[{"@type":"ReadAction","target":["https:\/\/www.iemj.org\/en\/judeo-spanish-from-the-balkans-series-12\/"]}]},{"@type":"ImageObject","inLanguage":"en-US","@id":"https:\/\/www.iemj.org\/en\/judeo-spanish-from-the-balkans-series-12\/#primaryimage","url":"https:\/\/www.iemj.org\/wp-content\/uploads\/2021\/04\/COUV-CD-Judeo-Spanish-from-the-Balkans_350x354px.jpg","contentUrl":"https:\/\/www.iemj.org\/wp-content\/uploads\/2021\/04\/COUV-CD-Judeo-Spanish-from-the-Balkans_350x354px.jpg","width":350,"height":354},{"@type":"BreadcrumbList","@id":"https:\/\/www.iemj.org\/en\/judeo-spanish-from-the-balkans-series-12\/#breadcrumb","itemListElement":[{"@type":"ListItem","position":1,"name":"Accueil","item":"https:\/\/www.iemj.org\/en\/"},{"@type":"ListItem","position":2,"name":"Judeo-Spanish from the Balkans &#8211; Series 12"}]},{"@type":"WebSite","@id":"https:\/\/www.iemj.org\/en\/#website","url":"https:\/\/www.iemj.org\/en\/","name":"Institut Europ\u00e9en des Musiques Juives","description":"Des traditions musicales \u00e0 la port\u00e9e de tous","publisher":{"@id":"https:\/\/www.iemj.org\/en\/#organization"},"potentialAction":[{"@type":"SearchAction","target":{"@type":"EntryPoint","urlTemplate":"https:\/\/www.iemj.org\/en\/?s={search_term_string}"},"query-input":{"@type":"PropertyValueSpecification","valueRequired":true,"valueName":"search_term_string"}}],"inLanguage":"en-US"},{"@type":"Organization","@id":"https:\/\/www.iemj.org\/en\/#organization","name":"Institut Europ\u00e9en des Musiques Juives","url":"https:\/\/www.iemj.org\/en\/","logo":{"@type":"ImageObject","inLanguage":"en-US","@id":"https:\/\/www.iemj.org\/en\/#\/schema\/logo\/image\/","url":"https:\/\/www.iemj.org\/wp-content\/uploads\/2021\/09\/Logo-IEMJ-Paypal.jpg","contentUrl":"https:\/\/www.iemj.org\/wp-content\/uploads\/2021\/09\/Logo-IEMJ-Paypal.jpg","width":150,"height":50,"caption":"Institut Europ\u00e9en des Musiques Juives"},"image":{"@id":"https:\/\/www.iemj.org\/en\/#\/schema\/logo\/image\/"},"sameAs":["https:\/\/www.facebook.com\/MusiquesJuives\/","https:\/\/www.instagram.com\/musiquesjuives\/","https:\/\/www.youtube.com\/user\/musiquesjuives"]},{"@type":"Person","@id":"https:\/\/www.iemj.org\/en\/#\/schema\/person\/906134402c29d5c76e7b726261dd4bbd","name":"Herv\u00e9 Roten","image":{"@type":"ImageObject","inLanguage":"en-US","@id":"https:\/\/secure.gravatar.com\/avatar\/f96ad2db538a26481f18384936b5cd0610c92d390c4dc382209216d455f685ff?s=96&d=mm&r=g","url":"https:\/\/secure.gravatar.com\/avatar\/f96ad2db538a26481f18384936b5cd0610c92d390c4dc382209216d455f685ff?s=96&d=mm&r=g","contentUrl":"https:\/\/secure.gravatar.com\/avatar\/f96ad2db538a26481f18384936b5cd0610c92d390c4dc382209216d455f685ff?s=96&d=mm&r=g","caption":"Herv\u00e9 Roten"}}]}},"_links":{"self":[{"href":"https:\/\/www.iemj.org\/en\/wp-json\/wp\/v2\/posts\/56713","targetHints":{"allow":["GET"]}}],"collection":[{"href":"https:\/\/www.iemj.org\/en\/wp-json\/wp\/v2\/posts"}],"about":[{"href":"https:\/\/www.iemj.org\/en\/wp-json\/wp\/v2\/types\/post"}],"author":[{"embeddable":true,"href":"https:\/\/www.iemj.org\/en\/wp-json\/wp\/v2\/users\/1045"}],"replies":[{"embeddable":true,"href":"https:\/\/www.iemj.org\/en\/wp-json\/wp\/v2\/comments?post=56713"}],"version-history":[{"count":0,"href":"https:\/\/www.iemj.org\/en\/wp-json\/wp\/v2\/posts\/56713\/revisions"}],"wp:featuredmedia":[{"embeddable":true,"href":"https:\/\/www.iemj.org\/en\/wp-json\/wp\/v2\/media\/38549"}],"wp:attachment":[{"href":"https:\/\/www.iemj.org\/en\/wp-json\/wp\/v2\/media?parent=56713"}],"wp:term":[{"taxonomy":"category","embeddable":true,"href":"https:\/\/www.iemj.org\/en\/wp-json\/wp\/v2\/categories?post=56713"},{"taxonomy":"post_tag","embeddable":true,"href":"https:\/\/www.iemj.org\/en\/wp-json\/wp\/v2\/tags?post=56713"},{"taxonomy":"technique","embeddable":true,"href":"https:\/\/www.iemj.org\/en\/wp-json\/wp\/v2\/technique?post=56713"},{"taxonomy":"squelettes","embeddable":true,"href":"https:\/\/www.iemj.org\/en\/wp-json\/wp\/v2\/squelettes?post=56713"},{"taxonomy":"sujet","embeddable":true,"href":"https:\/\/www.iemj.org\/en\/wp-json\/wp\/v2\/sujet?post=56713"},{"taxonomy":"formation","embeddable":true,"href":"https:\/\/www.iemj.org\/en\/wp-json\/wp\/v2\/formation?post=56713"},{"taxonomy":"genre","embeddable":true,"href":"https:\/\/www.iemj.org\/en\/wp-json\/wp\/v2\/genre?post=56713"},{"taxonomy":"fonds","embeddable":true,"href":"https:\/\/www.iemj.org\/en\/wp-json\/wp\/v2\/fonds?post=56713"},{"taxonomy":"tradition","embeddable":true,"href":"https:\/\/www.iemj.org\/en\/wp-json\/wp\/v2\/tradition?post=56713"},{"taxonomy":"type-de-contenu","embeddable":true,"href":"https:\/\/www.iemj.org\/en\/wp-json\/wp\/v2\/type-de-contenu?post=56713"},{"taxonomy":"interprete-compositeur","embeddable":true,"href":"https:\/\/www.iemj.org\/en\/wp-json\/wp\/v2\/interprete-compositeur?post=56713"},{"taxonomy":"frise","embeddable":true,"href":"https:\/\/www.iemj.org\/en\/wp-json\/wp\/v2\/frise?post=56713"},{"taxonomy":"type-devenement","embeddable":true,"href":"https:\/\/www.iemj.org\/en\/wp-json\/wp\/v2\/type-devenement?post=56713"},{"taxonomy":"tableaux-liens-externes","embeddable":true,"href":"https:\/\/www.iemj.org\/en\/wp-json\/wp\/v2\/tableaux-liens-externes?post=56713"}],"curies":[{"name":"wp","href":"https:\/\/api.w.org\/{rel}","templated":true}]}}