{"id":56727,"date":"2019-09-02T16:31:39","date_gmt":"2019-09-02T14:31:39","guid":{"rendered":"https:\/\/www.iemj.org\/3-cd-du-groupe-ventanas-avec-tamar-ilana\/"},"modified":"2025-09-17T17:07:40","modified_gmt":"2025-09-17T15:07:40","slug":"3-cd-du-groupe-ventanas-avec-tamar-ilana","status":"publish","type":"post","link":"https:\/\/www.iemj.org\/en\/3-cd-du-groupe-ventanas-avec-tamar-ilana\/","title":{"rendered":"3 CD\u2019s of the band Ventanas, with Tamar Ilana"},"content":{"rendered":"\n<p><strong><a href=\"http:\/\/ventanasmusic.com\">Tamar Ilana &amp; Ventanas<\/a><\/strong>, is a World Music ensemble based in Toronto, led by the charismatic singer and dancer Tamar Ilana, and gathering the best musicians of World Music of the town. <br>Inspired by legendary artists such as the Silk Road Ensemble, Paco de Luc\u00eda or Yasmin Levy, together, they reinvent the Mediterranean melodies and flamenco rhythms by blending contemporary interpretation of antique ballads with original compositions.<\/p>\n\n\n\n<p>The 1st CD <strong>Ventanas<\/strong>, released in 2013, gathers mainly compositions on melodies from Turkey, but also Kosovo, Greece and Bulgaria.<\/p>\n\n\n\n<div class=\"wp-block-columns are-vertically-aligned-center is-layout-flex wp-container-core-columns-is-layout-9d6595d7 wp-block-columns-is-layout-flex\">\n<div class=\"wp-block-column is-vertically-aligned-center is-layout-flow wp-block-column-is-layout-flow\"><div class=\"wp-block-image\">\n<figure class=\"aligncenter size-large is-resized\"><img fetchpriority=\"high\" decoding=\"async\" width=\"250\" height=\"252\" src=\"https:\/\/www.iemj.org\/wp-content\/uploads\/2019\/09\/couv_cd_ventanas_250_px_vertic.jpg\" alt=\"couv_cd_ventanas_250_px_vertic.jpg\" class=\"wp-image-24613\" style=\"width:474px;height:auto\" srcset=\"https:\/\/www.iemj.org\/wp-content\/uploads\/2019\/09\/couv_cd_ventanas_250_px_vertic.jpg 250w, https:\/\/www.iemj.org\/wp-content\/uploads\/2019\/09\/couv_cd_ventanas_250_px_vertic-150x150.jpg 150w, https:\/\/www.iemj.org\/wp-content\/uploads\/2019\/09\/couv_cd_ventanas_250_px_vertic-100x100.jpg 100w\" sizes=\"(max-width: 250px) 100vw, 250px\" \/><\/figure>\n<\/div><\/div>\n\n\n\n<div class=\"wp-block-column is-vertically-aligned-center is-layout-flow wp-block-column-is-layout-flow\"><div class=\"wp-block-image\">\n<figure class=\"aligncenter size-large is-resized\"><img decoding=\"async\" width=\"496\" height=\"500\" src=\"https:\/\/www.iemj.org\/wp-content\/uploads\/2019\/09\/couv4_cd_ventanas_500_px_vertic.jpg\" alt=\"couv4_cd_ventanas_500_px_vertic.jpg\" class=\"wp-image-24615\" style=\"width:475px;height:auto\" srcset=\"https:\/\/www.iemj.org\/wp-content\/uploads\/2019\/09\/couv4_cd_ventanas_500_px_vertic.jpg 496w, https:\/\/www.iemj.org\/wp-content\/uploads\/2019\/09\/couv4_cd_ventanas_500_px_vertic-298x300.jpg 298w, https:\/\/www.iemj.org\/wp-content\/uploads\/2019\/09\/couv4_cd_ventanas_500_px_vertic-150x150.jpg 150w, https:\/\/www.iemj.org\/wp-content\/uploads\/2019\/09\/couv4_cd_ventanas_500_px_vertic-100x100.jpg 100w\" sizes=\"(max-width: 496px) 100vw, 496px\" \/><\/figure>\n<\/div><\/div>\n<\/div>\n\n\n\n<p>The 2nd CD <strong>Arrelumbre<\/strong>, released in 2015, presents also Sefardi melodies from Turkey or Macedonia, but with flamenco rhythms flavours, making them particularly frenzy and dancing.<\/p>\n\n\n\n<div class=\"wp-block-columns are-vertically-aligned-center is-layout-flex wp-container-core-columns-is-layout-9d6595d7 wp-block-columns-is-layout-flex\">\n<div class=\"wp-block-column is-vertically-aligned-center is-layout-flow wp-block-column-is-layout-flow\" style=\"flex-basis:50%\"><div class=\"wp-block-image\">\n<figure class=\"aligncenter is-resized\"><img decoding=\"async\" width=\"254\" height=\"250\" src=\"https:\/\/www.iemj.org\/wp-content\/uploads\/2019\/09\/couv_cd_ventanas-arrelumbre_250_px_vertic.jpg\" alt=\"couv_cd_ventanas-arrelumbre_250_px_vertic.jpg\" class=\"wp-image-24617\" style=\"width:468px;height:auto\"\/><\/figure>\n<\/div><\/div>\n\n\n\n<div class=\"wp-block-column is-vertically-aligned-center is-layout-flow wp-block-column-is-layout-flow\" style=\"flex-basis:50%\"><div class=\"wp-block-image\">\n<figure class=\"aligncenter is-resized\"><img loading=\"lazy\" decoding=\"async\" width=\"508\" height=\"500\" src=\"https:\/\/www.iemj.org\/wp-content\/uploads\/2019\/09\/couv4_cd_ventanas-arrelumbre_500_px_vertic.jpg\" alt=\"couv4_cd_ventanas-arrelumbre_500_px_vertic.jpg\" class=\"wp-image-24619\" style=\"width:468px\" srcset=\"https:\/\/www.iemj.org\/wp-content\/uploads\/2019\/09\/couv4_cd_ventanas-arrelumbre_500_px_vertic.jpg 508w, https:\/\/www.iemj.org\/wp-content\/uploads\/2019\/09\/couv4_cd_ventanas-arrelumbre_500_px_vertic-300x295.jpg 300w\" sizes=\"(max-width: 508px) 100vw, 508px\" \/><\/figure>\n<\/div><\/div>\n<\/div>\n\n\n\n<p>Finally, the last CD <strong>Mistr\u00e1l<\/strong>, who was just released in 2019 is all that much varied, undoubtedly more turned towards the Middle East, but still keeping the mark of flamenco and Ottoman melodies.<\/p>\n\n\n\n<div class=\"wp-block-columns are-vertically-aligned-center is-layout-flex wp-container-core-columns-is-layout-9d6595d7 wp-block-columns-is-layout-flex\">\n<div class=\"wp-block-column is-vertically-aligned-center is-layout-flow wp-block-column-is-layout-flow\" style=\"flex-basis:50%\"><div class=\"wp-block-image\">\n<figure class=\"aligncenter is-resized\"><img loading=\"lazy\" decoding=\"async\" width=\"250\" height=\"276\" src=\"https:\/\/www.iemj.org\/wp-content\/uploads\/2019\/09\/couv_cd_ventanas-mitral_250_px_vertic-r90.jpg\" alt=\"couv_cd_ventanas-mitral_250_px_vertic-r90.jpg\" class=\"wp-image-24621\" style=\"width:439px;height:auto\"\/><\/figure>\n<\/div><\/div>\n\n\n\n<div class=\"wp-block-column is-vertically-aligned-center is-layout-flow wp-block-column-is-layout-flow\" style=\"flex-basis:50%\"><div class=\"wp-block-image\">\n<figure class=\"aligncenter is-resized\"><img loading=\"lazy\" decoding=\"async\" width=\"554\" height=\"500\" src=\"https:\/\/www.iemj.org\/wp-content\/uploads\/2019\/09\/couv4_cd_ventanas-mitral_500_px_vertic.jpg\" alt=\"couv4_cd_ventanas-mitral_500_px_vertic.jpg\" class=\"wp-image-24623\" style=\"width:477px;height:auto\" srcset=\"https:\/\/www.iemj.org\/wp-content\/uploads\/2019\/09\/couv4_cd_ventanas-mitral_500_px_vertic.jpg 554w, https:\/\/www.iemj.org\/wp-content\/uploads\/2019\/09\/couv4_cd_ventanas-mitral_500_px_vertic-300x271.jpg 300w\" sizes=\"(max-width: 554px) 100vw, 554px\" \/><\/figure>\n<\/div><\/div>\n<\/div>\n\n\n\n<h2 class=\"wp-block-heading\"><a href=\"http:\/\/www.tamarilana.com\/music.html\">Purchase the CD\u2019s of Tamar Ilana &amp; Ventanas<\/a><\/h2>\n\n\n<div class=\"wp-block-image\">\n<figure class=\"aligncenter size-large\"><img loading=\"lazy\" decoding=\"async\" width=\"1024\" height=\"133\" src=\"https:\/\/www.iemj.org\/wp-content\/uploads\/2024\/03\/AUDIO-PLAYER-1024x133.png\" alt=\"\" class=\"wp-image-110607\" srcset=\"https:\/\/www.iemj.org\/wp-content\/uploads\/2024\/03\/AUDIO-PLAYER-1024x133.png 1024w, https:\/\/www.iemj.org\/wp-content\/uploads\/2024\/03\/AUDIO-PLAYER-300x39.png 300w, https:\/\/www.iemj.org\/wp-content\/uploads\/2024\/03\/AUDIO-PLAYER-768x100.png 768w, https:\/\/www.iemj.org\/wp-content\/uploads\/2024\/03\/AUDIO-PLAYER-600x78.png 600w, https:\/\/www.iemj.org\/wp-content\/uploads\/2024\/03\/AUDIO-PLAYER.png 1210w\" sizes=\"(max-width: 1024px) 100vw, 1024px\" \/><\/figure>\n<\/div>\n\n\n<div class=\"wp-block-file\"><a href=\"https:\/\/www.iemj.org\/wp-content\/uploads\/2019\/07\/ventanas_01_tha_spaso_kupes_greece_.mp3\">Album Ventanas &#8211; 1 &#8211; Tha Spaso Kupes, Greece (Extrait)<\/a><\/div>\n\n\n\n<div class=\"wp-block-file\"><a href=\"https:\/\/www.iemj.org\/wp-content\/uploads\/2019\/07\/ventanas_03_gusta_mi_magla_kosovo_.mp3\">Album Ventanas &#8211; 3 &#8211; Gusta mi magla, Kosovo (Extrait)<\/a><\/div>\n\n\n\n<div class=\"wp-block-file\"><a href=\"https:\/\/www.iemj.org\/wp-content\/uploads\/2019\/07\/ventanas_04_oy_que_buena_bulgarian_sephardic_.mp3\">Album Ventanas &#8211; 4 &#8211; Oy que buena, Bulgarian Sephardic (Extrait)<\/a><\/div>\n\n\n\n<div class=\"wp-block-file\"><a href=\"https:\/\/www.iemj.org\/wp-content\/uploads\/2019\/07\/ventanas_08_frog_song_si_veriash_a_la_rana_turkish_sephardic_.mp3\">Album Ventanas &#8211; 8 &#8211; Frog song si veriash a la rana, Turkish sephardic (Extrait)<\/a><\/div>\n\n\n\n<div class=\"wp-block-file\"><a href=\"https:\/\/www.iemj.org\/wp-content\/uploads\/2019\/07\/arrelumbre_01_primavera.mp3\">Album Arrelumbre &#8211; 1 &#8211; Primavera (Extrait)<\/a><\/div>\n\n\n\n<div class=\"wp-block-file\"><a href=\"https:\/\/www.iemj.org\/wp-content\/uploads\/2019\/07\/arrelumbre_03_arrelumbre_moroccan_sephardic_.mp3\">Album Arrelumbre &#8211; 3 &#8211; Arrelumbre, Moroccan Sephardic (Extrait)<\/a><\/div>\n\n\n\n<div class=\"wp-block-file\"><a href=\"https:\/\/www.iemj.org\/wp-content\/uploads\/2019\/07\/arrelumbre_08_la_sala_del_crimen_cana_.mp3\">Album Arrelumbre &#8211; 8 La sala del crimen, Ca\u00f1a (Extrait)<\/a><\/div>\n\n\n\n<div class=\"wp-block-file\"><a href=\"https:\/\/www.iemj.org\/wp-content\/uploads\/2019\/07\/arrelumbre_11_ven_a_mi_colombianas_.mp3\">Album Arrelumbre &#8211; 11 &#8211; Ven a mi, Colombianas (Extrait)<\/a><\/div>\n\n\n\n<div class=\"wp-block-file\"><a href=\"https:\/\/www.iemj.org\/wp-content\/uploads\/2019\/07\/mistral_01_witirhal.mp3\">Album Mistr\u00e1l &#8211; 1 &#8211; Witirhal, Saudi Arabia &#8211; Maddah (Extrait)<\/a><\/div>\n\n\n\n<div class=\"wp-block-file\"><a href=\"https:\/\/www.iemj.org\/wp-content\/uploads\/2019\/07\/mistral_02_toward_the_light.mp3\">Album Mistr\u00e1l &#8211; 2 &#8211; Toward the light, Moroccan Sephardic &#8211; Levy (Extrait)<\/a><\/div>\n\n\n\n<div class=\"wp-block-file\"><a href=\"https:\/\/www.iemj.org\/wp-content\/uploads\/2019\/07\/mistral_05_asfour.mp3\">Album Mistr\u00e1l &#8211; 5 &#8211; Asfour, Lebanon &#8211; Khalife (Extrait)<\/a><\/div>\n\n\n\n<div class=\"wp-block-file\"><a href=\"https:\/\/www.iemj.org\/wp-content\/uploads\/2019\/07\/mistral_08_sueno.mp3\">Album Mistr\u00e1l &#8211; 8 &#8211; Sue\u00f1o, Deutsch (Extrait)<\/a><\/div>\n","protected":false},"excerpt":{"rendered":"<p>Tamar Ilana &amp; Ventanas, is a World Music ensemble based in Toronto, led by the charismatic singer and dancer Tamar Ilana, and gathering the best musicians of World Music of<\/p>\n","protected":false},"author":5,"featured_media":24611,"comment_status":"closed","ping_status":"closed","sticky":false,"template":"","format":"standard","meta":{"_acf_changed":false,"footnotes":""},"categories":[1570,1562],"tags":[],"technique":[],"squelettes":[],"sujet":[],"formation":[],"genre":[1114],"fonds":[],"tradition":[],"type-de-contenu":[],"interprete-compositeur":[],"frise":[],"type-devenement":[],"tableaux-liens-externes":[],"class_list":["post-56727","post","type-post","status-publish","format-standard","has-post-thumbnail","hentry","category-cd-latest-acquisition-en","category-latest-acquisitions-en","genre-ladino"],"acf":[],"yoast_head":"<!-- This site is optimized with the Yoast SEO plugin v27.3 - https:\/\/yoast.com\/product\/yoast-seo-wordpress\/ -->\n<title>3 CD\u2019s of the band Ventanas, with Tamar Ilana - Institut Europ\u00e9en des Musiques Juives<\/title>\n<meta name=\"robots\" content=\"index, follow, max-snippet:-1, max-image-preview:large, max-video-preview:-1\" \/>\n<link rel=\"canonical\" href=\"https:\/\/www.iemj.org\/en\/3-cd-du-groupe-ventanas-avec-tamar-ilana\/\" \/>\n<meta property=\"og:locale\" content=\"en_US\" \/>\n<meta property=\"og:type\" content=\"article\" \/>\n<meta property=\"og:title\" content=\"3 CD\u2019s of the band Ventanas, with Tamar Ilana - Institut Europ\u00e9en des Musiques Juives\" \/>\n<meta property=\"og:description\" content=\"Tamar Ilana &amp; Ventanas, is a World Music ensemble based in Toronto, led by the charismatic singer and dancer Tamar Ilana, and gathering the best musicians of World Music of\" \/>\n<meta property=\"og:url\" content=\"https:\/\/www.iemj.org\/en\/3-cd-du-groupe-ventanas-avec-tamar-ilana\/\" \/>\n<meta property=\"og:site_name\" content=\"Institut Europ\u00e9en des Musiques Juives\" \/>\n<meta property=\"article:publisher\" content=\"https:\/\/www.facebook.com\/MusiquesJuives\/\" \/>\n<meta property=\"article:published_time\" content=\"2019-09-02T14:31:39+00:00\" \/>\n<meta property=\"article:modified_time\" content=\"2025-09-17T15:07:40+00:00\" \/>\n<meta property=\"og:image\" content=\"https:\/\/www.iemj.org\/wp-content\/uploads\/2019\/09\/arton4268-e1619086895539.jpg\" \/>\n\t<meta property=\"og:image:width\" content=\"1160\" \/>\n\t<meta property=\"og:image:height\" content=\"1216\" \/>\n\t<meta property=\"og:image:type\" content=\"image\/jpeg\" \/>\n<meta name=\"author\" content=\"Jacqueline ROTEN\" \/>\n<meta name=\"twitter:card\" content=\"summary_large_image\" \/>\n<meta name=\"twitter:label1\" content=\"Written by\" \/>\n\t<meta name=\"twitter:data1\" content=\"Jacqueline ROTEN\" \/>\n\t<meta name=\"twitter:label2\" content=\"Est. reading time\" \/>\n\t<meta name=\"twitter:data2\" content=\"3 minutes\" \/>\n<script type=\"application\/ld+json\" class=\"yoast-schema-graph\">{\"@context\":\"https:\\\/\\\/schema.org\",\"@graph\":[{\"@type\":\"Article\",\"@id\":\"https:\\\/\\\/www.iemj.org\\\/en\\\/3-cd-du-groupe-ventanas-avec-tamar-ilana\\\/#article\",\"isPartOf\":{\"@id\":\"https:\\\/\\\/www.iemj.org\\\/en\\\/3-cd-du-groupe-ventanas-avec-tamar-ilana\\\/\"},\"author\":{\"name\":\"Jacqueline ROTEN\",\"@id\":\"https:\\\/\\\/www.iemj.org\\\/en\\\/#\\\/schema\\\/person\\\/358e26c18aca017fcc4cc15437f7279c\"},\"headline\":\"3 CD\u2019s of the band Ventanas, with Tamar Ilana\",\"datePublished\":\"2019-09-02T14:31:39+00:00\",\"dateModified\":\"2025-09-17T15:07:40+00:00\",\"mainEntityOfPage\":{\"@id\":\"https:\\\/\\\/www.iemj.org\\\/en\\\/3-cd-du-groupe-ventanas-avec-tamar-ilana\\\/\"},\"wordCount\":281,\"publisher\":{\"@id\":\"https:\\\/\\\/www.iemj.org\\\/en\\\/#organization\"},\"image\":{\"@id\":\"https:\\\/\\\/www.iemj.org\\\/en\\\/3-cd-du-groupe-ventanas-avec-tamar-ilana\\\/#primaryimage\"},\"thumbnailUrl\":\"https:\\\/\\\/www.iemj.org\\\/wp-content\\\/uploads\\\/2019\\\/09\\\/arton4268-e1619086895539.jpg\",\"articleSection\":[\"CD\",\"Latest Acquisitions\"],\"inLanguage\":\"en-US\"},{\"@type\":\"WebPage\",\"@id\":\"https:\\\/\\\/www.iemj.org\\\/en\\\/3-cd-du-groupe-ventanas-avec-tamar-ilana\\\/\",\"url\":\"https:\\\/\\\/www.iemj.org\\\/en\\\/3-cd-du-groupe-ventanas-avec-tamar-ilana\\\/\",\"name\":\"3 CD\u2019s of the band Ventanas, with Tamar Ilana - Institut Europ\u00e9en des Musiques Juives\",\"isPartOf\":{\"@id\":\"https:\\\/\\\/www.iemj.org\\\/en\\\/#website\"},\"primaryImageOfPage\":{\"@id\":\"https:\\\/\\\/www.iemj.org\\\/en\\\/3-cd-du-groupe-ventanas-avec-tamar-ilana\\\/#primaryimage\"},\"image\":{\"@id\":\"https:\\\/\\\/www.iemj.org\\\/en\\\/3-cd-du-groupe-ventanas-avec-tamar-ilana\\\/#primaryimage\"},\"thumbnailUrl\":\"https:\\\/\\\/www.iemj.org\\\/wp-content\\\/uploads\\\/2019\\\/09\\\/arton4268-e1619086895539.jpg\",\"datePublished\":\"2019-09-02T14:31:39+00:00\",\"dateModified\":\"2025-09-17T15:07:40+00:00\",\"breadcrumb\":{\"@id\":\"https:\\\/\\\/www.iemj.org\\\/en\\\/3-cd-du-groupe-ventanas-avec-tamar-ilana\\\/#breadcrumb\"},\"inLanguage\":\"en-US\",\"potentialAction\":[{\"@type\":\"ReadAction\",\"target\":[\"https:\\\/\\\/www.iemj.org\\\/en\\\/3-cd-du-groupe-ventanas-avec-tamar-ilana\\\/\"]}]},{\"@type\":\"ImageObject\",\"inLanguage\":\"en-US\",\"@id\":\"https:\\\/\\\/www.iemj.org\\\/en\\\/3-cd-du-groupe-ventanas-avec-tamar-ilana\\\/#primaryimage\",\"url\":\"https:\\\/\\\/www.iemj.org\\\/wp-content\\\/uploads\\\/2019\\\/09\\\/arton4268-e1619086895539.jpg\",\"contentUrl\":\"https:\\\/\\\/www.iemj.org\\\/wp-content\\\/uploads\\\/2019\\\/09\\\/arton4268-e1619086895539.jpg\",\"width\":1160,\"height\":1216},{\"@type\":\"BreadcrumbList\",\"@id\":\"https:\\\/\\\/www.iemj.org\\\/en\\\/3-cd-du-groupe-ventanas-avec-tamar-ilana\\\/#breadcrumb\",\"itemListElement\":[{\"@type\":\"ListItem\",\"position\":1,\"name\":\"Accueil\",\"item\":\"https:\\\/\\\/www.iemj.org\\\/en\\\/\"},{\"@type\":\"ListItem\",\"position\":2,\"name\":\"3 CD\u2019s of the band Ventanas, with Tamar Ilana\"}]},{\"@type\":\"WebSite\",\"@id\":\"https:\\\/\\\/www.iemj.org\\\/en\\\/#website\",\"url\":\"https:\\\/\\\/www.iemj.org\\\/en\\\/\",\"name\":\"Institut Europ\u00e9en des Musiques Juives\",\"description\":\"Des traditions musicales \u00e0 la port\u00e9e de tous\",\"publisher\":{\"@id\":\"https:\\\/\\\/www.iemj.org\\\/en\\\/#organization\"},\"potentialAction\":[{\"@type\":\"SearchAction\",\"target\":{\"@type\":\"EntryPoint\",\"urlTemplate\":\"https:\\\/\\\/www.iemj.org\\\/en\\\/?s={search_term_string}\"},\"query-input\":{\"@type\":\"PropertyValueSpecification\",\"valueRequired\":true,\"valueName\":\"search_term_string\"}}],\"inLanguage\":\"en-US\"},{\"@type\":\"Organization\",\"@id\":\"https:\\\/\\\/www.iemj.org\\\/en\\\/#organization\",\"name\":\"Institut Europ\u00e9en des Musiques Juives\",\"url\":\"https:\\\/\\\/www.iemj.org\\\/en\\\/\",\"logo\":{\"@type\":\"ImageObject\",\"inLanguage\":\"en-US\",\"@id\":\"https:\\\/\\\/www.iemj.org\\\/en\\\/#\\\/schema\\\/logo\\\/image\\\/\",\"url\":\"https:\\\/\\\/www.iemj.org\\\/wp-content\\\/uploads\\\/2021\\\/09\\\/Logo-IEMJ-Paypal.jpg\",\"contentUrl\":\"https:\\\/\\\/www.iemj.org\\\/wp-content\\\/uploads\\\/2021\\\/09\\\/Logo-IEMJ-Paypal.jpg\",\"width\":150,\"height\":50,\"caption\":\"Institut Europ\u00e9en des Musiques Juives\"},\"image\":{\"@id\":\"https:\\\/\\\/www.iemj.org\\\/en\\\/#\\\/schema\\\/logo\\\/image\\\/\"},\"sameAs\":[\"https:\\\/\\\/www.facebook.com\\\/MusiquesJuives\\\/\",\"https:\\\/\\\/www.instagram.com\\\/musiquesjuives\\\/\",\"https:\\\/\\\/www.youtube.com\\\/user\\\/musiquesjuives\"]},{\"@type\":\"Person\",\"@id\":\"https:\\\/\\\/www.iemj.org\\\/en\\\/#\\\/schema\\\/person\\\/358e26c18aca017fcc4cc15437f7279c\",\"name\":\"Jacqueline ROTEN\",\"image\":{\"@type\":\"ImageObject\",\"inLanguage\":\"en-US\",\"@id\":\"https:\\\/\\\/secure.gravatar.com\\\/avatar\\\/5964256d6c6957de3a3505278957e0fb2a35119ac47ea41827a65301213c810b?s=96&d=mm&r=g\",\"url\":\"https:\\\/\\\/secure.gravatar.com\\\/avatar\\\/5964256d6c6957de3a3505278957e0fb2a35119ac47ea41827a65301213c810b?s=96&d=mm&r=g\",\"contentUrl\":\"https:\\\/\\\/secure.gravatar.com\\\/avatar\\\/5964256d6c6957de3a3505278957e0fb2a35119ac47ea41827a65301213c810b?s=96&d=mm&r=g\",\"caption\":\"Jacqueline ROTEN\"}}]}<\/script>\n<!-- \/ Yoast SEO plugin. -->","yoast_head_json":{"title":"3 CD\u2019s of the band Ventanas, with Tamar Ilana - Institut Europ\u00e9en des Musiques Juives","robots":{"index":"index","follow":"follow","max-snippet":"max-snippet:-1","max-image-preview":"max-image-preview:large","max-video-preview":"max-video-preview:-1"},"canonical":"https:\/\/www.iemj.org\/en\/3-cd-du-groupe-ventanas-avec-tamar-ilana\/","og_locale":"en_US","og_type":"article","og_title":"3 CD\u2019s of the band Ventanas, with Tamar Ilana - Institut Europ\u00e9en des Musiques Juives","og_description":"Tamar Ilana &amp; Ventanas, is a World Music ensemble based in Toronto, led by the charismatic singer and dancer Tamar Ilana, and gathering the best musicians of World Music of","og_url":"https:\/\/www.iemj.org\/en\/3-cd-du-groupe-ventanas-avec-tamar-ilana\/","og_site_name":"Institut Europ\u00e9en des Musiques Juives","article_publisher":"https:\/\/www.facebook.com\/MusiquesJuives\/","article_published_time":"2019-09-02T14:31:39+00:00","article_modified_time":"2025-09-17T15:07:40+00:00","og_image":[{"width":1160,"height":1216,"url":"https:\/\/www.iemj.org\/wp-content\/uploads\/2019\/09\/arton4268-e1619086895539.jpg","type":"image\/jpeg"}],"author":"Jacqueline ROTEN","twitter_card":"summary_large_image","twitter_misc":{"Written by":"Jacqueline ROTEN","Est. reading time":"3 minutes"},"schema":{"@context":"https:\/\/schema.org","@graph":[{"@type":"Article","@id":"https:\/\/www.iemj.org\/en\/3-cd-du-groupe-ventanas-avec-tamar-ilana\/#article","isPartOf":{"@id":"https:\/\/www.iemj.org\/en\/3-cd-du-groupe-ventanas-avec-tamar-ilana\/"},"author":{"name":"Jacqueline ROTEN","@id":"https:\/\/www.iemj.org\/en\/#\/schema\/person\/358e26c18aca017fcc4cc15437f7279c"},"headline":"3 CD\u2019s of the band Ventanas, with Tamar Ilana","datePublished":"2019-09-02T14:31:39+00:00","dateModified":"2025-09-17T15:07:40+00:00","mainEntityOfPage":{"@id":"https:\/\/www.iemj.org\/en\/3-cd-du-groupe-ventanas-avec-tamar-ilana\/"},"wordCount":281,"publisher":{"@id":"https:\/\/www.iemj.org\/en\/#organization"},"image":{"@id":"https:\/\/www.iemj.org\/en\/3-cd-du-groupe-ventanas-avec-tamar-ilana\/#primaryimage"},"thumbnailUrl":"https:\/\/www.iemj.org\/wp-content\/uploads\/2019\/09\/arton4268-e1619086895539.jpg","articleSection":["CD","Latest Acquisitions"],"inLanguage":"en-US"},{"@type":"WebPage","@id":"https:\/\/www.iemj.org\/en\/3-cd-du-groupe-ventanas-avec-tamar-ilana\/","url":"https:\/\/www.iemj.org\/en\/3-cd-du-groupe-ventanas-avec-tamar-ilana\/","name":"3 CD\u2019s of the band Ventanas, with Tamar Ilana - Institut Europ\u00e9en des Musiques Juives","isPartOf":{"@id":"https:\/\/www.iemj.org\/en\/#website"},"primaryImageOfPage":{"@id":"https:\/\/www.iemj.org\/en\/3-cd-du-groupe-ventanas-avec-tamar-ilana\/#primaryimage"},"image":{"@id":"https:\/\/www.iemj.org\/en\/3-cd-du-groupe-ventanas-avec-tamar-ilana\/#primaryimage"},"thumbnailUrl":"https:\/\/www.iemj.org\/wp-content\/uploads\/2019\/09\/arton4268-e1619086895539.jpg","datePublished":"2019-09-02T14:31:39+00:00","dateModified":"2025-09-17T15:07:40+00:00","breadcrumb":{"@id":"https:\/\/www.iemj.org\/en\/3-cd-du-groupe-ventanas-avec-tamar-ilana\/#breadcrumb"},"inLanguage":"en-US","potentialAction":[{"@type":"ReadAction","target":["https:\/\/www.iemj.org\/en\/3-cd-du-groupe-ventanas-avec-tamar-ilana\/"]}]},{"@type":"ImageObject","inLanguage":"en-US","@id":"https:\/\/www.iemj.org\/en\/3-cd-du-groupe-ventanas-avec-tamar-ilana\/#primaryimage","url":"https:\/\/www.iemj.org\/wp-content\/uploads\/2019\/09\/arton4268-e1619086895539.jpg","contentUrl":"https:\/\/www.iemj.org\/wp-content\/uploads\/2019\/09\/arton4268-e1619086895539.jpg","width":1160,"height":1216},{"@type":"BreadcrumbList","@id":"https:\/\/www.iemj.org\/en\/3-cd-du-groupe-ventanas-avec-tamar-ilana\/#breadcrumb","itemListElement":[{"@type":"ListItem","position":1,"name":"Accueil","item":"https:\/\/www.iemj.org\/en\/"},{"@type":"ListItem","position":2,"name":"3 CD\u2019s of the band Ventanas, with Tamar Ilana"}]},{"@type":"WebSite","@id":"https:\/\/www.iemj.org\/en\/#website","url":"https:\/\/www.iemj.org\/en\/","name":"Institut Europ\u00e9en des Musiques Juives","description":"Des traditions musicales \u00e0 la port\u00e9e de tous","publisher":{"@id":"https:\/\/www.iemj.org\/en\/#organization"},"potentialAction":[{"@type":"SearchAction","target":{"@type":"EntryPoint","urlTemplate":"https:\/\/www.iemj.org\/en\/?s={search_term_string}"},"query-input":{"@type":"PropertyValueSpecification","valueRequired":true,"valueName":"search_term_string"}}],"inLanguage":"en-US"},{"@type":"Organization","@id":"https:\/\/www.iemj.org\/en\/#organization","name":"Institut Europ\u00e9en des Musiques Juives","url":"https:\/\/www.iemj.org\/en\/","logo":{"@type":"ImageObject","inLanguage":"en-US","@id":"https:\/\/www.iemj.org\/en\/#\/schema\/logo\/image\/","url":"https:\/\/www.iemj.org\/wp-content\/uploads\/2021\/09\/Logo-IEMJ-Paypal.jpg","contentUrl":"https:\/\/www.iemj.org\/wp-content\/uploads\/2021\/09\/Logo-IEMJ-Paypal.jpg","width":150,"height":50,"caption":"Institut Europ\u00e9en des Musiques Juives"},"image":{"@id":"https:\/\/www.iemj.org\/en\/#\/schema\/logo\/image\/"},"sameAs":["https:\/\/www.facebook.com\/MusiquesJuives\/","https:\/\/www.instagram.com\/musiquesjuives\/","https:\/\/www.youtube.com\/user\/musiquesjuives"]},{"@type":"Person","@id":"https:\/\/www.iemj.org\/en\/#\/schema\/person\/358e26c18aca017fcc4cc15437f7279c","name":"Jacqueline ROTEN","image":{"@type":"ImageObject","inLanguage":"en-US","@id":"https:\/\/secure.gravatar.com\/avatar\/5964256d6c6957de3a3505278957e0fb2a35119ac47ea41827a65301213c810b?s=96&d=mm&r=g","url":"https:\/\/secure.gravatar.com\/avatar\/5964256d6c6957de3a3505278957e0fb2a35119ac47ea41827a65301213c810b?s=96&d=mm&r=g","contentUrl":"https:\/\/secure.gravatar.com\/avatar\/5964256d6c6957de3a3505278957e0fb2a35119ac47ea41827a65301213c810b?s=96&d=mm&r=g","caption":"Jacqueline ROTEN"}}]}},"_links":{"self":[{"href":"https:\/\/www.iemj.org\/en\/wp-json\/wp\/v2\/posts\/56727","targetHints":{"allow":["GET"]}}],"collection":[{"href":"https:\/\/www.iemj.org\/en\/wp-json\/wp\/v2\/posts"}],"about":[{"href":"https:\/\/www.iemj.org\/en\/wp-json\/wp\/v2\/types\/post"}],"author":[{"embeddable":true,"href":"https:\/\/www.iemj.org\/en\/wp-json\/wp\/v2\/users\/5"}],"replies":[{"embeddable":true,"href":"https:\/\/www.iemj.org\/en\/wp-json\/wp\/v2\/comments?post=56727"}],"version-history":[{"count":0,"href":"https:\/\/www.iemj.org\/en\/wp-json\/wp\/v2\/posts\/56727\/revisions"}],"wp:featuredmedia":[{"embeddable":true,"href":"https:\/\/www.iemj.org\/en\/wp-json\/wp\/v2\/media\/24611"}],"wp:attachment":[{"href":"https:\/\/www.iemj.org\/en\/wp-json\/wp\/v2\/media?parent=56727"}],"wp:term":[{"taxonomy":"category","embeddable":true,"href":"https:\/\/www.iemj.org\/en\/wp-json\/wp\/v2\/categories?post=56727"},{"taxonomy":"post_tag","embeddable":true,"href":"https:\/\/www.iemj.org\/en\/wp-json\/wp\/v2\/tags?post=56727"},{"taxonomy":"technique","embeddable":true,"href":"https:\/\/www.iemj.org\/en\/wp-json\/wp\/v2\/technique?post=56727"},{"taxonomy":"squelettes","embeddable":true,"href":"https:\/\/www.iemj.org\/en\/wp-json\/wp\/v2\/squelettes?post=56727"},{"taxonomy":"sujet","embeddable":true,"href":"https:\/\/www.iemj.org\/en\/wp-json\/wp\/v2\/sujet?post=56727"},{"taxonomy":"formation","embeddable":true,"href":"https:\/\/www.iemj.org\/en\/wp-json\/wp\/v2\/formation?post=56727"},{"taxonomy":"genre","embeddable":true,"href":"https:\/\/www.iemj.org\/en\/wp-json\/wp\/v2\/genre?post=56727"},{"taxonomy":"fonds","embeddable":true,"href":"https:\/\/www.iemj.org\/en\/wp-json\/wp\/v2\/fonds?post=56727"},{"taxonomy":"tradition","embeddable":true,"href":"https:\/\/www.iemj.org\/en\/wp-json\/wp\/v2\/tradition?post=56727"},{"taxonomy":"type-de-contenu","embeddable":true,"href":"https:\/\/www.iemj.org\/en\/wp-json\/wp\/v2\/type-de-contenu?post=56727"},{"taxonomy":"interprete-compositeur","embeddable":true,"href":"https:\/\/www.iemj.org\/en\/wp-json\/wp\/v2\/interprete-compositeur?post=56727"},{"taxonomy":"frise","embeddable":true,"href":"https:\/\/www.iemj.org\/en\/wp-json\/wp\/v2\/frise?post=56727"},{"taxonomy":"type-devenement","embeddable":true,"href":"https:\/\/www.iemj.org\/en\/wp-json\/wp\/v2\/type-devenement?post=56727"},{"taxonomy":"tableaux-liens-externes","embeddable":true,"href":"https:\/\/www.iemj.org\/en\/wp-json\/wp\/v2\/tableaux-liens-externes?post=56727"}],"curies":[{"name":"wp","href":"https:\/\/api.w.org\/{rel}","templated":true}]}}