{"id":57157,"date":"2018-06-04T11:56:40","date_gmt":"2018-06-04T09:56:40","guid":{"rendered":"https:\/\/www.iemj.org\/concert-hommage-a-serge-kaufmann\/"},"modified":"2023-11-23T17:27:53","modified_gmt":"2023-11-23T16:27:53","slug":"concert-hommage-a-serge-kaufmann","status":"publish","type":"post","link":"https:\/\/www.iemj.org\/en\/concert-hommage-a-serge-kaufmann\/","title":{"rendered":"Tribute Concert to Serge Kaufmann"},"content":{"rendered":"<p>Watch several excerpts of a tribute concert to Serge Kaufmann, produced by the Foudation for French Judaism, on March 21, 2010, in the church Notre-Dame de la Daurade in Toulouse<\/p>\n<p>L\u2019ENSEMBLE VOCAL UNITE under the direction of Christian Nadalet<\/p>\n<p>Christine Labadens [Mezzo-soprano]<br \/>Serge Kaufmann [Recitant]<br \/>Suzanne Ramon [Cello] ; Virginie Constant [Cello]<br \/>Fran\u00e7ois Dumont [Piano] ; Laurent Le Flecher [Violin]<br \/>Pierre du Chazaud [Clarinet] ; Marie-Madeleine Mille [Cello] ; Laure Porte [Percussions] ; Eloise Urbain [Piano]<\/p>\n<h3><a href=\"https:\/\/www.iemj.org\/en\/produit\/serge-kaufmann-ima-ou-la-mere-depossedee\/\">Order the CD Serge Kaufmann \u2013 Ima ou la m\u00e8re d\u00e9poss\u00e9d\u00e9e<\/a><\/h3>\n<h3><a href=\"https:\/\/www.iemj.org\/en\/?search_type=product&amp;s=kaufmann&amp;submit=Search\">Browse the sheet music by Serge Kaufmann published by the EIJM<\/a><\/h3>\n\n\n<figure class=\"wp-block-video\"><video height=\"576\" style=\"aspect-ratio: 720 \/ 576;\" width=\"720\" controls poster=\"https:\/\/www.iemj.org\/wp-content\/uploads\/2018\/06\/Homm-S.-K.jpg\" src=\"https:\/\/www.iemj.org\/wp-content\/uploads\/2018\/06\/montage_kaufmann_toulouse.mp4\"><\/video><figcaption class=\"wp-element-caption\"><strong>Excerpts from :<\/strong><br>&#8211; Neshama : Song for Cello<br>&#8211; Ima ou la m\u00e8re d\u00e9poss\u00e9d\u00e9e : Scenic Cantata<br>&#8211; Memorah : Trio for Violin, Cello and Piano<br>&#8211; Suite Yiddish : 3 pieces for Cello and Piano<\/figcaption><\/figure>\n","protected":false},"excerpt":{"rendered":"<p>Watch several excerpts of a tribute concert to Serge Kaufmann, produced by the Foudation for French Judaism, on March 21, 2010, in the church Notre-Dame de la Daurade in Toulouse<\/p>\n","protected":false},"author":1052,"featured_media":19915,"comment_status":"closed","ping_status":"closed","sticky":false,"template":"","format":"standard","meta":{"_acf_changed":false,"footnotes":""},"categories":[993],"tags":[],"technique":[],"squelettes":[],"sujet":[],"formation":[],"genre":[],"fonds":[],"tradition":[],"type-de-contenu":[],"interprete-compositeur":[3289],"frise":[],"type-devenement":[],"tableaux-liens-externes":[],"class_list":["post-57157","post","type-post","status-publish","format-standard","has-post-thumbnail","hentry","category-concerts-film-en","interprete-compositeur-serge-kaufmann-en"],"acf":[],"yoast_head":"<!-- This site is optimized with the Yoast SEO plugin v27.3 - https:\/\/yoast.com\/product\/yoast-seo-wordpress\/ -->\n<title>Tribute Concert to Serge Kaufmann - Institut Europ\u00e9en des Musiques Juives<\/title>\n<meta name=\"robots\" content=\"index, follow, max-snippet:-1, max-image-preview:large, max-video-preview:-1\" \/>\n<link rel=\"canonical\" href=\"https:\/\/www.iemj.org\/en\/concert-hommage-a-serge-kaufmann\/\" \/>\n<meta property=\"og:locale\" content=\"en_US\" \/>\n<meta property=\"og:type\" content=\"article\" \/>\n<meta property=\"og:title\" content=\"Tribute Concert to Serge Kaufmann - Institut Europ\u00e9en des Musiques Juives\" \/>\n<meta property=\"og:description\" content=\"Watch several excerpts of a tribute concert to Serge Kaufmann, produced by the Foudation for French Judaism, on March 21, 2010, in the church Notre-Dame de la Daurade in Toulouse\" \/>\n<meta property=\"og:url\" content=\"https:\/\/www.iemj.org\/en\/concert-hommage-a-serge-kaufmann\/\" \/>\n<meta property=\"og:site_name\" content=\"Institut Europ\u00e9en des Musiques Juives\" \/>\n<meta property=\"article:publisher\" content=\"https:\/\/www.facebook.com\/MusiquesJuives\/\" \/>\n<meta property=\"article:published_time\" content=\"2018-06-04T09:56:40+00:00\" \/>\n<meta property=\"article:modified_time\" content=\"2023-11-23T16:27:53+00:00\" \/>\n<meta property=\"og:image\" content=\"https:\/\/www.iemj.org\/wp-content\/uploads\/2018\/06\/arton3476-e1618051289913.jpg\" \/>\n\t<meta property=\"og:image:width\" content=\"790\" \/>\n\t<meta property=\"og:image:height\" content=\"817\" \/>\n\t<meta property=\"og:image:type\" content=\"image\/jpeg\" \/>\n<meta name=\"author\" content=\"Lea Couderc\" \/>\n<meta name=\"twitter:card\" content=\"summary_large_image\" \/>\n<meta name=\"twitter:label1\" content=\"Written by\" \/>\n\t<meta name=\"twitter:data1\" content=\"Lea Couderc\" \/>\n\t<meta name=\"twitter:label2\" content=\"Est. reading time\" \/>\n\t<meta name=\"twitter:data2\" content=\"1 minute\" \/>\n<script type=\"application\/ld+json\" class=\"yoast-schema-graph\">{\"@context\":\"https:\\\/\\\/schema.org\",\"@graph\":[{\"@type\":\"Article\",\"@id\":\"https:\\\/\\\/www.iemj.org\\\/en\\\/concert-hommage-a-serge-kaufmann\\\/#article\",\"isPartOf\":{\"@id\":\"https:\\\/\\\/www.iemj.org\\\/en\\\/concert-hommage-a-serge-kaufmann\\\/\"},\"author\":{\"name\":\"Lea Couderc\",\"@id\":\"https:\\\/\\\/www.iemj.org\\\/en\\\/#\\\/schema\\\/person\\\/e2ad57f2c4be119c7ed8ab79036807a9\"},\"headline\":\"Tribute Concert to Serge Kaufmann\",\"datePublished\":\"2018-06-04T09:56:40+00:00\",\"dateModified\":\"2023-11-23T16:27:53+00:00\",\"mainEntityOfPage\":{\"@id\":\"https:\\\/\\\/www.iemj.org\\\/en\\\/concert-hommage-a-serge-kaufmann\\\/\"},\"wordCount\":133,\"publisher\":{\"@id\":\"https:\\\/\\\/www.iemj.org\\\/en\\\/#organization\"},\"image\":{\"@id\":\"https:\\\/\\\/www.iemj.org\\\/en\\\/concert-hommage-a-serge-kaufmann\\\/#primaryimage\"},\"thumbnailUrl\":\"https:\\\/\\\/www.iemj.org\\\/wp-content\\\/uploads\\\/2018\\\/06\\\/arton3476-e1618051289913.jpg\",\"articleSection\":[\"Concerts\"],\"inLanguage\":\"en-US\"},{\"@type\":\"WebPage\",\"@id\":\"https:\\\/\\\/www.iemj.org\\\/en\\\/concert-hommage-a-serge-kaufmann\\\/\",\"url\":\"https:\\\/\\\/www.iemj.org\\\/en\\\/concert-hommage-a-serge-kaufmann\\\/\",\"name\":\"Tribute Concert to Serge Kaufmann - Institut Europ\u00e9en des Musiques Juives\",\"isPartOf\":{\"@id\":\"https:\\\/\\\/www.iemj.org\\\/en\\\/#website\"},\"primaryImageOfPage\":{\"@id\":\"https:\\\/\\\/www.iemj.org\\\/en\\\/concert-hommage-a-serge-kaufmann\\\/#primaryimage\"},\"image\":{\"@id\":\"https:\\\/\\\/www.iemj.org\\\/en\\\/concert-hommage-a-serge-kaufmann\\\/#primaryimage\"},\"thumbnailUrl\":\"https:\\\/\\\/www.iemj.org\\\/wp-content\\\/uploads\\\/2018\\\/06\\\/arton3476-e1618051289913.jpg\",\"datePublished\":\"2018-06-04T09:56:40+00:00\",\"dateModified\":\"2023-11-23T16:27:53+00:00\",\"breadcrumb\":{\"@id\":\"https:\\\/\\\/www.iemj.org\\\/en\\\/concert-hommage-a-serge-kaufmann\\\/#breadcrumb\"},\"inLanguage\":\"en-US\",\"potentialAction\":[{\"@type\":\"ReadAction\",\"target\":[\"https:\\\/\\\/www.iemj.org\\\/en\\\/concert-hommage-a-serge-kaufmann\\\/\"]}]},{\"@type\":\"ImageObject\",\"inLanguage\":\"en-US\",\"@id\":\"https:\\\/\\\/www.iemj.org\\\/en\\\/concert-hommage-a-serge-kaufmann\\\/#primaryimage\",\"url\":\"https:\\\/\\\/www.iemj.org\\\/wp-content\\\/uploads\\\/2018\\\/06\\\/arton3476-e1618051289913.jpg\",\"contentUrl\":\"https:\\\/\\\/www.iemj.org\\\/wp-content\\\/uploads\\\/2018\\\/06\\\/arton3476-e1618051289913.jpg\",\"width\":790,\"height\":817},{\"@type\":\"BreadcrumbList\",\"@id\":\"https:\\\/\\\/www.iemj.org\\\/en\\\/concert-hommage-a-serge-kaufmann\\\/#breadcrumb\",\"itemListElement\":[{\"@type\":\"ListItem\",\"position\":1,\"name\":\"Accueil\",\"item\":\"https:\\\/\\\/www.iemj.org\\\/en\\\/\"},{\"@type\":\"ListItem\",\"position\":2,\"name\":\"Tribute Concert to Serge Kaufmann\"}]},{\"@type\":\"WebSite\",\"@id\":\"https:\\\/\\\/www.iemj.org\\\/en\\\/#website\",\"url\":\"https:\\\/\\\/www.iemj.org\\\/en\\\/\",\"name\":\"Institut Europ\u00e9en des Musiques Juives\",\"description\":\"Des traditions musicales \u00e0 la port\u00e9e de tous\",\"publisher\":{\"@id\":\"https:\\\/\\\/www.iemj.org\\\/en\\\/#organization\"},\"potentialAction\":[{\"@type\":\"SearchAction\",\"target\":{\"@type\":\"EntryPoint\",\"urlTemplate\":\"https:\\\/\\\/www.iemj.org\\\/en\\\/?s={search_term_string}\"},\"query-input\":{\"@type\":\"PropertyValueSpecification\",\"valueRequired\":true,\"valueName\":\"search_term_string\"}}],\"inLanguage\":\"en-US\"},{\"@type\":\"Organization\",\"@id\":\"https:\\\/\\\/www.iemj.org\\\/en\\\/#organization\",\"name\":\"Institut Europ\u00e9en des Musiques Juives\",\"url\":\"https:\\\/\\\/www.iemj.org\\\/en\\\/\",\"logo\":{\"@type\":\"ImageObject\",\"inLanguage\":\"en-US\",\"@id\":\"https:\\\/\\\/www.iemj.org\\\/en\\\/#\\\/schema\\\/logo\\\/image\\\/\",\"url\":\"https:\\\/\\\/www.iemj.org\\\/wp-content\\\/uploads\\\/2021\\\/09\\\/Logo-IEMJ-Paypal.jpg\",\"contentUrl\":\"https:\\\/\\\/www.iemj.org\\\/wp-content\\\/uploads\\\/2021\\\/09\\\/Logo-IEMJ-Paypal.jpg\",\"width\":150,\"height\":50,\"caption\":\"Institut Europ\u00e9en des Musiques Juives\"},\"image\":{\"@id\":\"https:\\\/\\\/www.iemj.org\\\/en\\\/#\\\/schema\\\/logo\\\/image\\\/\"},\"sameAs\":[\"https:\\\/\\\/www.facebook.com\\\/MusiquesJuives\\\/\",\"https:\\\/\\\/www.instagram.com\\\/musiquesjuives\\\/\",\"https:\\\/\\\/www.youtube.com\\\/user\\\/musiquesjuives\"]},{\"@type\":\"Person\",\"@id\":\"https:\\\/\\\/www.iemj.org\\\/en\\\/#\\\/schema\\\/person\\\/e2ad57f2c4be119c7ed8ab79036807a9\",\"name\":\"Lea Couderc\",\"image\":{\"@type\":\"ImageObject\",\"inLanguage\":\"en-US\",\"@id\":\"https:\\\/\\\/secure.gravatar.com\\\/avatar\\\/46ee021475d60aeff17a7e490b79dea5a5684bb392ab7fd1494027411df8ba23?s=96&d=mm&r=g\",\"url\":\"https:\\\/\\\/secure.gravatar.com\\\/avatar\\\/46ee021475d60aeff17a7e490b79dea5a5684bb392ab7fd1494027411df8ba23?s=96&d=mm&r=g\",\"contentUrl\":\"https:\\\/\\\/secure.gravatar.com\\\/avatar\\\/46ee021475d60aeff17a7e490b79dea5a5684bb392ab7fd1494027411df8ba23?s=96&d=mm&r=g\",\"caption\":\"Lea Couderc\"}}]}<\/script>\n<!-- \/ Yoast SEO plugin. -->","yoast_head_json":{"title":"Tribute Concert to Serge Kaufmann - Institut Europ\u00e9en des Musiques Juives","robots":{"index":"index","follow":"follow","max-snippet":"max-snippet:-1","max-image-preview":"max-image-preview:large","max-video-preview":"max-video-preview:-1"},"canonical":"https:\/\/www.iemj.org\/en\/concert-hommage-a-serge-kaufmann\/","og_locale":"en_US","og_type":"article","og_title":"Tribute Concert to Serge Kaufmann - Institut Europ\u00e9en des Musiques Juives","og_description":"Watch several excerpts of a tribute concert to Serge Kaufmann, produced by the Foudation for French Judaism, on March 21, 2010, in the church Notre-Dame de la Daurade in Toulouse","og_url":"https:\/\/www.iemj.org\/en\/concert-hommage-a-serge-kaufmann\/","og_site_name":"Institut Europ\u00e9en des Musiques Juives","article_publisher":"https:\/\/www.facebook.com\/MusiquesJuives\/","article_published_time":"2018-06-04T09:56:40+00:00","article_modified_time":"2023-11-23T16:27:53+00:00","og_image":[{"width":790,"height":817,"url":"https:\/\/www.iemj.org\/wp-content\/uploads\/2018\/06\/arton3476-e1618051289913.jpg","type":"image\/jpeg"}],"author":"Lea Couderc","twitter_card":"summary_large_image","twitter_misc":{"Written by":"Lea Couderc","Est. reading time":"1 minute"},"schema":{"@context":"https:\/\/schema.org","@graph":[{"@type":"Article","@id":"https:\/\/www.iemj.org\/en\/concert-hommage-a-serge-kaufmann\/#article","isPartOf":{"@id":"https:\/\/www.iemj.org\/en\/concert-hommage-a-serge-kaufmann\/"},"author":{"name":"Lea Couderc","@id":"https:\/\/www.iemj.org\/en\/#\/schema\/person\/e2ad57f2c4be119c7ed8ab79036807a9"},"headline":"Tribute Concert to Serge Kaufmann","datePublished":"2018-06-04T09:56:40+00:00","dateModified":"2023-11-23T16:27:53+00:00","mainEntityOfPage":{"@id":"https:\/\/www.iemj.org\/en\/concert-hommage-a-serge-kaufmann\/"},"wordCount":133,"publisher":{"@id":"https:\/\/www.iemj.org\/en\/#organization"},"image":{"@id":"https:\/\/www.iemj.org\/en\/concert-hommage-a-serge-kaufmann\/#primaryimage"},"thumbnailUrl":"https:\/\/www.iemj.org\/wp-content\/uploads\/2018\/06\/arton3476-e1618051289913.jpg","articleSection":["Concerts"],"inLanguage":"en-US"},{"@type":"WebPage","@id":"https:\/\/www.iemj.org\/en\/concert-hommage-a-serge-kaufmann\/","url":"https:\/\/www.iemj.org\/en\/concert-hommage-a-serge-kaufmann\/","name":"Tribute Concert to Serge Kaufmann - Institut Europ\u00e9en des Musiques Juives","isPartOf":{"@id":"https:\/\/www.iemj.org\/en\/#website"},"primaryImageOfPage":{"@id":"https:\/\/www.iemj.org\/en\/concert-hommage-a-serge-kaufmann\/#primaryimage"},"image":{"@id":"https:\/\/www.iemj.org\/en\/concert-hommage-a-serge-kaufmann\/#primaryimage"},"thumbnailUrl":"https:\/\/www.iemj.org\/wp-content\/uploads\/2018\/06\/arton3476-e1618051289913.jpg","datePublished":"2018-06-04T09:56:40+00:00","dateModified":"2023-11-23T16:27:53+00:00","breadcrumb":{"@id":"https:\/\/www.iemj.org\/en\/concert-hommage-a-serge-kaufmann\/#breadcrumb"},"inLanguage":"en-US","potentialAction":[{"@type":"ReadAction","target":["https:\/\/www.iemj.org\/en\/concert-hommage-a-serge-kaufmann\/"]}]},{"@type":"ImageObject","inLanguage":"en-US","@id":"https:\/\/www.iemj.org\/en\/concert-hommage-a-serge-kaufmann\/#primaryimage","url":"https:\/\/www.iemj.org\/wp-content\/uploads\/2018\/06\/arton3476-e1618051289913.jpg","contentUrl":"https:\/\/www.iemj.org\/wp-content\/uploads\/2018\/06\/arton3476-e1618051289913.jpg","width":790,"height":817},{"@type":"BreadcrumbList","@id":"https:\/\/www.iemj.org\/en\/concert-hommage-a-serge-kaufmann\/#breadcrumb","itemListElement":[{"@type":"ListItem","position":1,"name":"Accueil","item":"https:\/\/www.iemj.org\/en\/"},{"@type":"ListItem","position":2,"name":"Tribute Concert to Serge Kaufmann"}]},{"@type":"WebSite","@id":"https:\/\/www.iemj.org\/en\/#website","url":"https:\/\/www.iemj.org\/en\/","name":"Institut Europ\u00e9en des Musiques Juives","description":"Des traditions musicales \u00e0 la port\u00e9e de tous","publisher":{"@id":"https:\/\/www.iemj.org\/en\/#organization"},"potentialAction":[{"@type":"SearchAction","target":{"@type":"EntryPoint","urlTemplate":"https:\/\/www.iemj.org\/en\/?s={search_term_string}"},"query-input":{"@type":"PropertyValueSpecification","valueRequired":true,"valueName":"search_term_string"}}],"inLanguage":"en-US"},{"@type":"Organization","@id":"https:\/\/www.iemj.org\/en\/#organization","name":"Institut Europ\u00e9en des Musiques Juives","url":"https:\/\/www.iemj.org\/en\/","logo":{"@type":"ImageObject","inLanguage":"en-US","@id":"https:\/\/www.iemj.org\/en\/#\/schema\/logo\/image\/","url":"https:\/\/www.iemj.org\/wp-content\/uploads\/2021\/09\/Logo-IEMJ-Paypal.jpg","contentUrl":"https:\/\/www.iemj.org\/wp-content\/uploads\/2021\/09\/Logo-IEMJ-Paypal.jpg","width":150,"height":50,"caption":"Institut Europ\u00e9en des Musiques Juives"},"image":{"@id":"https:\/\/www.iemj.org\/en\/#\/schema\/logo\/image\/"},"sameAs":["https:\/\/www.facebook.com\/MusiquesJuives\/","https:\/\/www.instagram.com\/musiquesjuives\/","https:\/\/www.youtube.com\/user\/musiquesjuives"]},{"@type":"Person","@id":"https:\/\/www.iemj.org\/en\/#\/schema\/person\/e2ad57f2c4be119c7ed8ab79036807a9","name":"Lea Couderc","image":{"@type":"ImageObject","inLanguage":"en-US","@id":"https:\/\/secure.gravatar.com\/avatar\/46ee021475d60aeff17a7e490b79dea5a5684bb392ab7fd1494027411df8ba23?s=96&d=mm&r=g","url":"https:\/\/secure.gravatar.com\/avatar\/46ee021475d60aeff17a7e490b79dea5a5684bb392ab7fd1494027411df8ba23?s=96&d=mm&r=g","contentUrl":"https:\/\/secure.gravatar.com\/avatar\/46ee021475d60aeff17a7e490b79dea5a5684bb392ab7fd1494027411df8ba23?s=96&d=mm&r=g","caption":"Lea Couderc"}}]}},"_links":{"self":[{"href":"https:\/\/www.iemj.org\/en\/wp-json\/wp\/v2\/posts\/57157","targetHints":{"allow":["GET"]}}],"collection":[{"href":"https:\/\/www.iemj.org\/en\/wp-json\/wp\/v2\/posts"}],"about":[{"href":"https:\/\/www.iemj.org\/en\/wp-json\/wp\/v2\/types\/post"}],"author":[{"embeddable":true,"href":"https:\/\/www.iemj.org\/en\/wp-json\/wp\/v2\/users\/1052"}],"replies":[{"embeddable":true,"href":"https:\/\/www.iemj.org\/en\/wp-json\/wp\/v2\/comments?post=57157"}],"version-history":[{"count":0,"href":"https:\/\/www.iemj.org\/en\/wp-json\/wp\/v2\/posts\/57157\/revisions"}],"wp:featuredmedia":[{"embeddable":true,"href":"https:\/\/www.iemj.org\/en\/wp-json\/wp\/v2\/media\/19915"}],"wp:attachment":[{"href":"https:\/\/www.iemj.org\/en\/wp-json\/wp\/v2\/media?parent=57157"}],"wp:term":[{"taxonomy":"category","embeddable":true,"href":"https:\/\/www.iemj.org\/en\/wp-json\/wp\/v2\/categories?post=57157"},{"taxonomy":"post_tag","embeddable":true,"href":"https:\/\/www.iemj.org\/en\/wp-json\/wp\/v2\/tags?post=57157"},{"taxonomy":"technique","embeddable":true,"href":"https:\/\/www.iemj.org\/en\/wp-json\/wp\/v2\/technique?post=57157"},{"taxonomy":"squelettes","embeddable":true,"href":"https:\/\/www.iemj.org\/en\/wp-json\/wp\/v2\/squelettes?post=57157"},{"taxonomy":"sujet","embeddable":true,"href":"https:\/\/www.iemj.org\/en\/wp-json\/wp\/v2\/sujet?post=57157"},{"taxonomy":"formation","embeddable":true,"href":"https:\/\/www.iemj.org\/en\/wp-json\/wp\/v2\/formation?post=57157"},{"taxonomy":"genre","embeddable":true,"href":"https:\/\/www.iemj.org\/en\/wp-json\/wp\/v2\/genre?post=57157"},{"taxonomy":"fonds","embeddable":true,"href":"https:\/\/www.iemj.org\/en\/wp-json\/wp\/v2\/fonds?post=57157"},{"taxonomy":"tradition","embeddable":true,"href":"https:\/\/www.iemj.org\/en\/wp-json\/wp\/v2\/tradition?post=57157"},{"taxonomy":"type-de-contenu","embeddable":true,"href":"https:\/\/www.iemj.org\/en\/wp-json\/wp\/v2\/type-de-contenu?post=57157"},{"taxonomy":"interprete-compositeur","embeddable":true,"href":"https:\/\/www.iemj.org\/en\/wp-json\/wp\/v2\/interprete-compositeur?post=57157"},{"taxonomy":"frise","embeddable":true,"href":"https:\/\/www.iemj.org\/en\/wp-json\/wp\/v2\/frise?post=57157"},{"taxonomy":"type-devenement","embeddable":true,"href":"https:\/\/www.iemj.org\/en\/wp-json\/wp\/v2\/type-devenement?post=57157"},{"taxonomy":"tableaux-liens-externes","embeddable":true,"href":"https:\/\/www.iemj.org\/en\/wp-json\/wp\/v2\/tableaux-liens-externes?post=57157"}],"curies":[{"name":"wp","href":"https:\/\/api.w.org\/{rel}","templated":true}]}}