{"id":57361,"date":"2016-02-04T09:55:10","date_gmt":"2016-02-04T08:55:10","guid":{"rendered":"https:\/\/www.iemj.org\/fernand-halphen-un-compositeur-dans-la-grande-guerre-2\/"},"modified":"2025-10-01T13:01:02","modified_gmt":"2025-10-01T11:01:02","slug":"fernand-halphen-un-compositeur-dans-la-grande-guerre-2","status":"publish","type":"post","link":"https:\/\/www.iemj.org\/en\/fernand-halphen-un-compositeur-dans-la-grande-guerre-2\/","title":{"rendered":"Fernand Halphen, a composer in the Great War"},"content":{"rendered":"<p>On April 6, 2014, for the commemorations celebrating 100 years after World War 1 (1914-1918), the European Institute of Jewish Music organized a concert, along with the Museum of Art and History of Judaism, around the works of Fernand Halphen, Gabriel Faur\u00e9, Reynaldo Hahn, Jules Massenet and Claude Debussy from which you can watch a few excerpts<\/p>\n<p><!--more-->The concert was presented by the musicologist Laure Schnapper, president of the EIJM. The musicians were Marie-Laure Garnier (soprano), C\u00e9lia Oneto Bensa\u00efd (piano) and C\u00e9lia Triplet (violin).<\/p>\n<p><a href=\"https:\/\/www.mahj.org\/fr\/programme\/fernand-halphen-un-compositeur-dans-la-grande-guerre-17331\">Browse the concert&#8217;s program <\/a> \u2026<\/p>\n<p><a href=\"https:\/\/www.iemj.org\/en\/product\/fernand-halphen-melodies-pour-piano-et-musique-de-chambre\/\">Purchase the double CD of Fernand Halphen<\/a><br \/><a href=\"https:\/\/www.iemj.org\/en\/?search_type=product&amp;s=halphen&amp;submit=Search\">Browse and purchase sheet music by Fernand Halphen <\/a><br \/><a href=\"https:\/\/www.iemj.org\/en\/?search_type=product&amp;s=hahn&amp;submit=Search\">Browse and purchase sheet music by Reynaldo Hahn<\/a><\/p>\n<p><a href=\"https:\/\/www.iemj.org\/en\/fernand-halphen-a-jewish-musician-in-the-great-war-conference-by-laure-schnapper\/\">Watch the conference by Laure Schnapper : Fernand Halphen &#8211; A Jewish musician in the Great War<\/a><\/p>\n\n\n<figure class=\"wp-block-embed is-type-video is-provider-youtube wp-block-embed-youtube wp-embed-aspect-4-3 wp-has-aspect-ratio\"><div class=\"wp-block-embed__wrapper\">\n<iframe title=\"Fernand Halphen - Un compositeur dans la grande guerre\" width=\"640\" height=\"480\" src=\"https:\/\/www.youtube.com\/embed\/Harfbc-6fsI?feature=oembed\" frameborder=\"0\" allow=\"accelerometer; autoplay; clipboard-write; encrypted-media; gyroscope; picture-in-picture; web-share\" referrerpolicy=\"strict-origin-when-cross-origin\" allowfullscreen><\/iframe>\n<\/div><figcaption class=\"wp-element-caption\">FERNAND HALPHEN<br>&#8211; Les gnomes (Paul Reboux), 1906<br>REYNALDO HAHN<br>&#8211; L\u2019enamour\u00e9e (Th\u00e9odore de Banville), 1891<br>&#8211; Nocturne (unreleased) for violin and piano, 1889<br>FERNAND HALPHEN<br>&#8211; Sicilienne, for violin and piano, 1898<br>&#8211; Nocturne, for piano, 1898<br>&#8211; Les tranch\u00e9es, melody (Capitaine de L\u00e9cluse) in tribute to Lieutenant Paul Levylier<br> killed in battle), 25 mai 1916<br>&#8211; Vieille chanson, melody (Jacques H\u00e9bertot), 18 nov. 1916, dedicated to Melle de Fleury [military nurse]<br>&#8211; Amour pur, for vocals, violin and piano (Gaston Habrehorn), (unreleased), 1898<\/figcaption><\/figure>\n\n\n<div class=\"wp-block-image\">\n<figure class=\"aligncenter size-large\"><img fetchpriority=\"high\" decoding=\"async\" width=\"1024\" height=\"133\" src=\"https:\/\/www.iemj.org\/wp-content\/uploads\/2024\/03\/AUDIO-PLAYER-1024x133.png\" alt=\"\" class=\"wp-image-110607\" srcset=\"https:\/\/www.iemj.org\/wp-content\/uploads\/2024\/03\/AUDIO-PLAYER-1024x133.png 1024w, https:\/\/www.iemj.org\/wp-content\/uploads\/2024\/03\/AUDIO-PLAYER-300x39.png 300w, https:\/\/www.iemj.org\/wp-content\/uploads\/2024\/03\/AUDIO-PLAYER-768x100.png 768w, https:\/\/www.iemj.org\/wp-content\/uploads\/2024\/03\/AUDIO-PLAYER-600x78.png 600w, https:\/\/www.iemj.org\/wp-content\/uploads\/2024\/03\/AUDIO-PLAYER.png 1210w\" sizes=\"(max-width: 1024px) 100vw, 1024px\" \/><\/figure>\n<\/div>\n\n\n<div class=\"wp-block-file\"><a href=\"https:\/\/www.iemj.org\/wp-content\/uploads\/2016\/02\/les_gnomes_-_fernand_halphen.mp3\">Les gnomes &#8211; Fernand HALPHEN<\/a><\/div>\n\n\n\n<div class=\"wp-block-file\"><a href=\"https:\/\/www.iemj.org\/wp-content\/uploads\/2016\/02\/l_enamouree_-_reynaldo_hahn.mp3\">L&#8217;\u00e9namour\u00e9e &#8211; Reynaldo HAHN<\/a><\/div>\n\n\n\n<div class=\"wp-block-file\"><a href=\"https:\/\/www.iemj.org\/wp-content\/uploads\/2016\/02\/nocturne_pour_piano_-_fernand_halphen.mp3\">Nocturne pour piano &#8211; Fernand HALPHEN<\/a><\/div>\n\n\n\n<div class=\"wp-block-file\"><a href=\"https:\/\/www.iemj.org\/wp-content\/uploads\/2016\/02\/les_tranchees_-_fernand_halphen.mp3\">Les tranch\u00e9es &#8211; Fernand HALPHEN<\/a><\/div>\n\n\n\n<div class=\"wp-block-file\"><a href=\"https:\/\/www.iemj.org\/wp-content\/uploads\/2016\/02\/vieille_chanson_-_fernand_halphen.mp3\">Vieille chanson &#8211; Fernand HALPHEN<\/a><\/div>\n\n\n\n<div class=\"wp-block-file\"><a href=\"https:\/\/www.iemj.org\/wp-content\/uploads\/2016\/02\/amour_pur_-_fernand_halphen.mp3\">Amour pur &#8211; Fernand HALPHEN<\/a><\/div>\n\n\n\n<div class=\"wp-block-file\"><a href=\"https:\/\/www.iemj.org\/wp-content\/uploads\/2016\/02\/nocturne_pour_violon_et_piano_-_reynaldo_hahn.mp3\">Nocturne pour violon et piano &#8211; Reynaldo HAHN<\/a><\/div>\n\n\n\n<div class=\"wp-block-file\"><a href=\"https:\/\/www.iemj.org\/wp-content\/uploads\/2016\/02\/sicilienne_pour_violon_et_piano_-_fernand_halphen.mp3\">Sicilienne pour violon et piano &#8211; Fernand HALPHEN<\/a><\/div>\n","protected":false},"excerpt":{"rendered":"<p>On April 6, 2014, for the commemorations celebrating 100 years after World War 1 (1914-1918), the European Institute of Jewish Music organized a concert, along with the Museum of Art<\/p>\n","protected":false},"author":1052,"featured_media":9273,"comment_status":"closed","ping_status":"closed","sticky":false,"template":"","format":"standard","meta":{"_acf_changed":false,"footnotes":""},"categories":[993],"tags":[3416],"technique":[],"squelettes":[],"sujet":[],"formation":[],"genre":[1117],"fonds":[],"tradition":[],"type-de-contenu":[],"interprete-compositeur":[3163],"frise":[],"type-devenement":[],"tableaux-liens-externes":[],"class_list":["post-57361","post","type-post","status-publish","format-standard","has-post-thumbnail","hentry","category-concerts-film-en","tag-partners-events-en","genre-classical-music","interprete-compositeur-fernand-halphen-en"],"acf":[],"yoast_head":"<!-- This site is optimized with the Yoast SEO plugin v27.3 - https:\/\/yoast.com\/product\/yoast-seo-wordpress\/ -->\n<title>Fernand Halphen, a composer in the Great War - Institut Europ\u00e9en des Musiques Juives<\/title>\n<meta name=\"robots\" content=\"index, follow, max-snippet:-1, max-image-preview:large, max-video-preview:-1\" \/>\n<link rel=\"canonical\" href=\"https:\/\/www.iemj.org\/en\/fernand-halphen-un-compositeur-dans-la-grande-guerre-2\/\" \/>\n<meta property=\"og:locale\" content=\"en_US\" \/>\n<meta property=\"og:type\" content=\"article\" \/>\n<meta property=\"og:title\" content=\"Fernand Halphen, a composer in the Great War - Institut Europ\u00e9en des Musiques Juives\" \/>\n<meta property=\"og:description\" content=\"On April 6, 2014, for the commemorations celebrating 100 years after World War 1 (1914-1918), the European Institute of Jewish Music organized a concert, along with the Museum of Art\" \/>\n<meta property=\"og:url\" content=\"https:\/\/www.iemj.org\/en\/fernand-halphen-un-compositeur-dans-la-grande-guerre-2\/\" \/>\n<meta property=\"og:site_name\" content=\"Institut Europ\u00e9en des Musiques Juives\" \/>\n<meta property=\"article:publisher\" content=\"https:\/\/www.facebook.com\/MusiquesJuives\/\" \/>\n<meta property=\"article:published_time\" content=\"2016-02-04T08:55:10+00:00\" \/>\n<meta property=\"article:modified_time\" content=\"2025-10-01T11:01:02+00:00\" \/>\n<meta property=\"og:image\" content=\"https:\/\/www.iemj.org\/wp-content\/uploads\/2016\/02\/arton1456-e1618215304495.jpg\" \/>\n\t<meta property=\"og:image:width\" content=\"500\" \/>\n\t<meta property=\"og:image:height\" content=\"259\" \/>\n\t<meta property=\"og:image:type\" content=\"image\/jpeg\" \/>\n<meta name=\"author\" content=\"Lea Couderc\" \/>\n<meta name=\"twitter:card\" content=\"summary_large_image\" \/>\n<meta name=\"twitter:label1\" content=\"Written by\" \/>\n\t<meta name=\"twitter:data1\" content=\"Lea Couderc\" \/>\n\t<meta name=\"twitter:label2\" content=\"Est. reading time\" \/>\n\t<meta name=\"twitter:data2\" content=\"2 minutes\" \/>\n<script type=\"application\/ld+json\" class=\"yoast-schema-graph\">{\"@context\":\"https:\\\/\\\/schema.org\",\"@graph\":[{\"@type\":\"Article\",\"@id\":\"https:\\\/\\\/www.iemj.org\\\/en\\\/fernand-halphen-un-compositeur-dans-la-grande-guerre-2\\\/#article\",\"isPartOf\":{\"@id\":\"https:\\\/\\\/www.iemj.org\\\/en\\\/fernand-halphen-un-compositeur-dans-la-grande-guerre-2\\\/\"},\"author\":{\"name\":\"Lea Couderc\",\"@id\":\"https:\\\/\\\/www.iemj.org\\\/en\\\/#\\\/schema\\\/person\\\/e2ad57f2c4be119c7ed8ab79036807a9\"},\"headline\":\"Fernand Halphen, a composer in the Great War\",\"datePublished\":\"2016-02-04T08:55:10+00:00\",\"dateModified\":\"2025-10-01T11:01:02+00:00\",\"mainEntityOfPage\":{\"@id\":\"https:\\\/\\\/www.iemj.org\\\/en\\\/fernand-halphen-un-compositeur-dans-la-grande-guerre-2\\\/\"},\"wordCount\":267,\"publisher\":{\"@id\":\"https:\\\/\\\/www.iemj.org\\\/en\\\/#organization\"},\"image\":{\"@id\":\"https:\\\/\\\/www.iemj.org\\\/en\\\/fernand-halphen-un-compositeur-dans-la-grande-guerre-2\\\/#primaryimage\"},\"thumbnailUrl\":\"https:\\\/\\\/www.iemj.org\\\/wp-content\\\/uploads\\\/2016\\\/02\\\/arton1456-e1618215304495.jpg\",\"keywords\":[\"Partners' events\"],\"articleSection\":[\"Concerts\"],\"inLanguage\":\"en-US\"},{\"@type\":\"WebPage\",\"@id\":\"https:\\\/\\\/www.iemj.org\\\/en\\\/fernand-halphen-un-compositeur-dans-la-grande-guerre-2\\\/\",\"url\":\"https:\\\/\\\/www.iemj.org\\\/en\\\/fernand-halphen-un-compositeur-dans-la-grande-guerre-2\\\/\",\"name\":\"Fernand Halphen, a composer in the Great War - Institut Europ\u00e9en des Musiques Juives\",\"isPartOf\":{\"@id\":\"https:\\\/\\\/www.iemj.org\\\/en\\\/#website\"},\"primaryImageOfPage\":{\"@id\":\"https:\\\/\\\/www.iemj.org\\\/en\\\/fernand-halphen-un-compositeur-dans-la-grande-guerre-2\\\/#primaryimage\"},\"image\":{\"@id\":\"https:\\\/\\\/www.iemj.org\\\/en\\\/fernand-halphen-un-compositeur-dans-la-grande-guerre-2\\\/#primaryimage\"},\"thumbnailUrl\":\"https:\\\/\\\/www.iemj.org\\\/wp-content\\\/uploads\\\/2016\\\/02\\\/arton1456-e1618215304495.jpg\",\"datePublished\":\"2016-02-04T08:55:10+00:00\",\"dateModified\":\"2025-10-01T11:01:02+00:00\",\"breadcrumb\":{\"@id\":\"https:\\\/\\\/www.iemj.org\\\/en\\\/fernand-halphen-un-compositeur-dans-la-grande-guerre-2\\\/#breadcrumb\"},\"inLanguage\":\"en-US\",\"potentialAction\":[{\"@type\":\"ReadAction\",\"target\":[\"https:\\\/\\\/www.iemj.org\\\/en\\\/fernand-halphen-un-compositeur-dans-la-grande-guerre-2\\\/\"]}]},{\"@type\":\"ImageObject\",\"inLanguage\":\"en-US\",\"@id\":\"https:\\\/\\\/www.iemj.org\\\/en\\\/fernand-halphen-un-compositeur-dans-la-grande-guerre-2\\\/#primaryimage\",\"url\":\"https:\\\/\\\/www.iemj.org\\\/wp-content\\\/uploads\\\/2016\\\/02\\\/arton1456-e1618215304495.jpg\",\"contentUrl\":\"https:\\\/\\\/www.iemj.org\\\/wp-content\\\/uploads\\\/2016\\\/02\\\/arton1456-e1618215304495.jpg\",\"width\":500,\"height\":259},{\"@type\":\"BreadcrumbList\",\"@id\":\"https:\\\/\\\/www.iemj.org\\\/en\\\/fernand-halphen-un-compositeur-dans-la-grande-guerre-2\\\/#breadcrumb\",\"itemListElement\":[{\"@type\":\"ListItem\",\"position\":1,\"name\":\"Accueil\",\"item\":\"https:\\\/\\\/www.iemj.org\\\/en\\\/\"},{\"@type\":\"ListItem\",\"position\":2,\"name\":\"Fernand Halphen, a composer in the Great War\"}]},{\"@type\":\"WebSite\",\"@id\":\"https:\\\/\\\/www.iemj.org\\\/en\\\/#website\",\"url\":\"https:\\\/\\\/www.iemj.org\\\/en\\\/\",\"name\":\"Institut Europ\u00e9en des Musiques Juives\",\"description\":\"Des traditions musicales \u00e0 la port\u00e9e de tous\",\"publisher\":{\"@id\":\"https:\\\/\\\/www.iemj.org\\\/en\\\/#organization\"},\"potentialAction\":[{\"@type\":\"SearchAction\",\"target\":{\"@type\":\"EntryPoint\",\"urlTemplate\":\"https:\\\/\\\/www.iemj.org\\\/en\\\/?s={search_term_string}\"},\"query-input\":{\"@type\":\"PropertyValueSpecification\",\"valueRequired\":true,\"valueName\":\"search_term_string\"}}],\"inLanguage\":\"en-US\"},{\"@type\":\"Organization\",\"@id\":\"https:\\\/\\\/www.iemj.org\\\/en\\\/#organization\",\"name\":\"Institut Europ\u00e9en des Musiques Juives\",\"url\":\"https:\\\/\\\/www.iemj.org\\\/en\\\/\",\"logo\":{\"@type\":\"ImageObject\",\"inLanguage\":\"en-US\",\"@id\":\"https:\\\/\\\/www.iemj.org\\\/en\\\/#\\\/schema\\\/logo\\\/image\\\/\",\"url\":\"https:\\\/\\\/www.iemj.org\\\/wp-content\\\/uploads\\\/2021\\\/09\\\/Logo-IEMJ-Paypal.jpg\",\"contentUrl\":\"https:\\\/\\\/www.iemj.org\\\/wp-content\\\/uploads\\\/2021\\\/09\\\/Logo-IEMJ-Paypal.jpg\",\"width\":150,\"height\":50,\"caption\":\"Institut Europ\u00e9en des Musiques Juives\"},\"image\":{\"@id\":\"https:\\\/\\\/www.iemj.org\\\/en\\\/#\\\/schema\\\/logo\\\/image\\\/\"},\"sameAs\":[\"https:\\\/\\\/www.facebook.com\\\/MusiquesJuives\\\/\",\"https:\\\/\\\/www.instagram.com\\\/musiquesjuives\\\/\",\"https:\\\/\\\/www.youtube.com\\\/user\\\/musiquesjuives\"]},{\"@type\":\"Person\",\"@id\":\"https:\\\/\\\/www.iemj.org\\\/en\\\/#\\\/schema\\\/person\\\/e2ad57f2c4be119c7ed8ab79036807a9\",\"name\":\"Lea Couderc\",\"image\":{\"@type\":\"ImageObject\",\"inLanguage\":\"en-US\",\"@id\":\"https:\\\/\\\/secure.gravatar.com\\\/avatar\\\/46ee021475d60aeff17a7e490b79dea5a5684bb392ab7fd1494027411df8ba23?s=96&d=mm&r=g\",\"url\":\"https:\\\/\\\/secure.gravatar.com\\\/avatar\\\/46ee021475d60aeff17a7e490b79dea5a5684bb392ab7fd1494027411df8ba23?s=96&d=mm&r=g\",\"contentUrl\":\"https:\\\/\\\/secure.gravatar.com\\\/avatar\\\/46ee021475d60aeff17a7e490b79dea5a5684bb392ab7fd1494027411df8ba23?s=96&d=mm&r=g\",\"caption\":\"Lea Couderc\"}}]}<\/script>\n<!-- \/ Yoast SEO plugin. -->","yoast_head_json":{"title":"Fernand Halphen, a composer in the Great War - Institut Europ\u00e9en des Musiques Juives","robots":{"index":"index","follow":"follow","max-snippet":"max-snippet:-1","max-image-preview":"max-image-preview:large","max-video-preview":"max-video-preview:-1"},"canonical":"https:\/\/www.iemj.org\/en\/fernand-halphen-un-compositeur-dans-la-grande-guerre-2\/","og_locale":"en_US","og_type":"article","og_title":"Fernand Halphen, a composer in the Great War - Institut Europ\u00e9en des Musiques Juives","og_description":"On April 6, 2014, for the commemorations celebrating 100 years after World War 1 (1914-1918), the European Institute of Jewish Music organized a concert, along with the Museum of Art","og_url":"https:\/\/www.iemj.org\/en\/fernand-halphen-un-compositeur-dans-la-grande-guerre-2\/","og_site_name":"Institut Europ\u00e9en des Musiques Juives","article_publisher":"https:\/\/www.facebook.com\/MusiquesJuives\/","article_published_time":"2016-02-04T08:55:10+00:00","article_modified_time":"2025-10-01T11:01:02+00:00","og_image":[{"width":500,"height":259,"url":"https:\/\/www.iemj.org\/wp-content\/uploads\/2016\/02\/arton1456-e1618215304495.jpg","type":"image\/jpeg"}],"author":"Lea Couderc","twitter_card":"summary_large_image","twitter_misc":{"Written by":"Lea Couderc","Est. reading time":"2 minutes"},"schema":{"@context":"https:\/\/schema.org","@graph":[{"@type":"Article","@id":"https:\/\/www.iemj.org\/en\/fernand-halphen-un-compositeur-dans-la-grande-guerre-2\/#article","isPartOf":{"@id":"https:\/\/www.iemj.org\/en\/fernand-halphen-un-compositeur-dans-la-grande-guerre-2\/"},"author":{"name":"Lea Couderc","@id":"https:\/\/www.iemj.org\/en\/#\/schema\/person\/e2ad57f2c4be119c7ed8ab79036807a9"},"headline":"Fernand Halphen, a composer in the Great War","datePublished":"2016-02-04T08:55:10+00:00","dateModified":"2025-10-01T11:01:02+00:00","mainEntityOfPage":{"@id":"https:\/\/www.iemj.org\/en\/fernand-halphen-un-compositeur-dans-la-grande-guerre-2\/"},"wordCount":267,"publisher":{"@id":"https:\/\/www.iemj.org\/en\/#organization"},"image":{"@id":"https:\/\/www.iemj.org\/en\/fernand-halphen-un-compositeur-dans-la-grande-guerre-2\/#primaryimage"},"thumbnailUrl":"https:\/\/www.iemj.org\/wp-content\/uploads\/2016\/02\/arton1456-e1618215304495.jpg","keywords":["Partners' events"],"articleSection":["Concerts"],"inLanguage":"en-US"},{"@type":"WebPage","@id":"https:\/\/www.iemj.org\/en\/fernand-halphen-un-compositeur-dans-la-grande-guerre-2\/","url":"https:\/\/www.iemj.org\/en\/fernand-halphen-un-compositeur-dans-la-grande-guerre-2\/","name":"Fernand Halphen, a composer in the Great War - Institut Europ\u00e9en des Musiques Juives","isPartOf":{"@id":"https:\/\/www.iemj.org\/en\/#website"},"primaryImageOfPage":{"@id":"https:\/\/www.iemj.org\/en\/fernand-halphen-un-compositeur-dans-la-grande-guerre-2\/#primaryimage"},"image":{"@id":"https:\/\/www.iemj.org\/en\/fernand-halphen-un-compositeur-dans-la-grande-guerre-2\/#primaryimage"},"thumbnailUrl":"https:\/\/www.iemj.org\/wp-content\/uploads\/2016\/02\/arton1456-e1618215304495.jpg","datePublished":"2016-02-04T08:55:10+00:00","dateModified":"2025-10-01T11:01:02+00:00","breadcrumb":{"@id":"https:\/\/www.iemj.org\/en\/fernand-halphen-un-compositeur-dans-la-grande-guerre-2\/#breadcrumb"},"inLanguage":"en-US","potentialAction":[{"@type":"ReadAction","target":["https:\/\/www.iemj.org\/en\/fernand-halphen-un-compositeur-dans-la-grande-guerre-2\/"]}]},{"@type":"ImageObject","inLanguage":"en-US","@id":"https:\/\/www.iemj.org\/en\/fernand-halphen-un-compositeur-dans-la-grande-guerre-2\/#primaryimage","url":"https:\/\/www.iemj.org\/wp-content\/uploads\/2016\/02\/arton1456-e1618215304495.jpg","contentUrl":"https:\/\/www.iemj.org\/wp-content\/uploads\/2016\/02\/arton1456-e1618215304495.jpg","width":500,"height":259},{"@type":"BreadcrumbList","@id":"https:\/\/www.iemj.org\/en\/fernand-halphen-un-compositeur-dans-la-grande-guerre-2\/#breadcrumb","itemListElement":[{"@type":"ListItem","position":1,"name":"Accueil","item":"https:\/\/www.iemj.org\/en\/"},{"@type":"ListItem","position":2,"name":"Fernand Halphen, a composer in the Great War"}]},{"@type":"WebSite","@id":"https:\/\/www.iemj.org\/en\/#website","url":"https:\/\/www.iemj.org\/en\/","name":"Institut Europ\u00e9en des Musiques Juives","description":"Des traditions musicales \u00e0 la port\u00e9e de tous","publisher":{"@id":"https:\/\/www.iemj.org\/en\/#organization"},"potentialAction":[{"@type":"SearchAction","target":{"@type":"EntryPoint","urlTemplate":"https:\/\/www.iemj.org\/en\/?s={search_term_string}"},"query-input":{"@type":"PropertyValueSpecification","valueRequired":true,"valueName":"search_term_string"}}],"inLanguage":"en-US"},{"@type":"Organization","@id":"https:\/\/www.iemj.org\/en\/#organization","name":"Institut Europ\u00e9en des Musiques Juives","url":"https:\/\/www.iemj.org\/en\/","logo":{"@type":"ImageObject","inLanguage":"en-US","@id":"https:\/\/www.iemj.org\/en\/#\/schema\/logo\/image\/","url":"https:\/\/www.iemj.org\/wp-content\/uploads\/2021\/09\/Logo-IEMJ-Paypal.jpg","contentUrl":"https:\/\/www.iemj.org\/wp-content\/uploads\/2021\/09\/Logo-IEMJ-Paypal.jpg","width":150,"height":50,"caption":"Institut Europ\u00e9en des Musiques Juives"},"image":{"@id":"https:\/\/www.iemj.org\/en\/#\/schema\/logo\/image\/"},"sameAs":["https:\/\/www.facebook.com\/MusiquesJuives\/","https:\/\/www.instagram.com\/musiquesjuives\/","https:\/\/www.youtube.com\/user\/musiquesjuives"]},{"@type":"Person","@id":"https:\/\/www.iemj.org\/en\/#\/schema\/person\/e2ad57f2c4be119c7ed8ab79036807a9","name":"Lea Couderc","image":{"@type":"ImageObject","inLanguage":"en-US","@id":"https:\/\/secure.gravatar.com\/avatar\/46ee021475d60aeff17a7e490b79dea5a5684bb392ab7fd1494027411df8ba23?s=96&d=mm&r=g","url":"https:\/\/secure.gravatar.com\/avatar\/46ee021475d60aeff17a7e490b79dea5a5684bb392ab7fd1494027411df8ba23?s=96&d=mm&r=g","contentUrl":"https:\/\/secure.gravatar.com\/avatar\/46ee021475d60aeff17a7e490b79dea5a5684bb392ab7fd1494027411df8ba23?s=96&d=mm&r=g","caption":"Lea Couderc"}}]}},"_links":{"self":[{"href":"https:\/\/www.iemj.org\/en\/wp-json\/wp\/v2\/posts\/57361","targetHints":{"allow":["GET"]}}],"collection":[{"href":"https:\/\/www.iemj.org\/en\/wp-json\/wp\/v2\/posts"}],"about":[{"href":"https:\/\/www.iemj.org\/en\/wp-json\/wp\/v2\/types\/post"}],"author":[{"embeddable":true,"href":"https:\/\/www.iemj.org\/en\/wp-json\/wp\/v2\/users\/1052"}],"replies":[{"embeddable":true,"href":"https:\/\/www.iemj.org\/en\/wp-json\/wp\/v2\/comments?post=57361"}],"version-history":[{"count":2,"href":"https:\/\/www.iemj.org\/en\/wp-json\/wp\/v2\/posts\/57361\/revisions"}],"predecessor-version":[{"id":126235,"href":"https:\/\/www.iemj.org\/en\/wp-json\/wp\/v2\/posts\/57361\/revisions\/126235"}],"wp:featuredmedia":[{"embeddable":true,"href":"https:\/\/www.iemj.org\/en\/wp-json\/wp\/v2\/media\/9273"}],"wp:attachment":[{"href":"https:\/\/www.iemj.org\/en\/wp-json\/wp\/v2\/media?parent=57361"}],"wp:term":[{"taxonomy":"category","embeddable":true,"href":"https:\/\/www.iemj.org\/en\/wp-json\/wp\/v2\/categories?post=57361"},{"taxonomy":"post_tag","embeddable":true,"href":"https:\/\/www.iemj.org\/en\/wp-json\/wp\/v2\/tags?post=57361"},{"taxonomy":"technique","embeddable":true,"href":"https:\/\/www.iemj.org\/en\/wp-json\/wp\/v2\/technique?post=57361"},{"taxonomy":"squelettes","embeddable":true,"href":"https:\/\/www.iemj.org\/en\/wp-json\/wp\/v2\/squelettes?post=57361"},{"taxonomy":"sujet","embeddable":true,"href":"https:\/\/www.iemj.org\/en\/wp-json\/wp\/v2\/sujet?post=57361"},{"taxonomy":"formation","embeddable":true,"href":"https:\/\/www.iemj.org\/en\/wp-json\/wp\/v2\/formation?post=57361"},{"taxonomy":"genre","embeddable":true,"href":"https:\/\/www.iemj.org\/en\/wp-json\/wp\/v2\/genre?post=57361"},{"taxonomy":"fonds","embeddable":true,"href":"https:\/\/www.iemj.org\/en\/wp-json\/wp\/v2\/fonds?post=57361"},{"taxonomy":"tradition","embeddable":true,"href":"https:\/\/www.iemj.org\/en\/wp-json\/wp\/v2\/tradition?post=57361"},{"taxonomy":"type-de-contenu","embeddable":true,"href":"https:\/\/www.iemj.org\/en\/wp-json\/wp\/v2\/type-de-contenu?post=57361"},{"taxonomy":"interprete-compositeur","embeddable":true,"href":"https:\/\/www.iemj.org\/en\/wp-json\/wp\/v2\/interprete-compositeur?post=57361"},{"taxonomy":"frise","embeddable":true,"href":"https:\/\/www.iemj.org\/en\/wp-json\/wp\/v2\/frise?post=57361"},{"taxonomy":"type-devenement","embeddable":true,"href":"https:\/\/www.iemj.org\/en\/wp-json\/wp\/v2\/type-devenement?post=57361"},{"taxonomy":"tableaux-liens-externes","embeddable":true,"href":"https:\/\/www.iemj.org\/en\/wp-json\/wp\/v2\/tableaux-liens-externes?post=57361"}],"curies":[{"name":"wp","href":"https:\/\/api.w.org\/{rel}","templated":true}]}}