{"id":57462,"date":"2015-12-21T17:35:09","date_gmt":"2015-12-21T16:35:09","guid":{"rendered":"https:\/\/www.iemj.org\/chants-liturgiques-de-juifs-sepharades-philippe-darmon\/"},"modified":"2025-10-01T12:35:57","modified_gmt":"2025-10-01T10:35:57","slug":"chants-liturgiques-de-juifs-sepharades-philippe-darmon","status":"publish","type":"post","link":"https:\/\/www.iemj.org\/en\/chants-liturgiques-de-juifs-sepharades-philippe-darmon\/","title":{"rendered":"Liturgical chants of the Sephardim &#8211; Philippe and Mikael Darmon"},"content":{"rendered":"<p><!--more--><\/p>\n<p><strong>As part of the study day Vox Aurea &#8211; Via Sacra 2014<\/strong><\/p>\n<p><!--more--><\/p>\n<p>Concert of liturgical Sephardi songs, performed on September 7, 2014, as part of the study day <strong>Vox Aurea &#8211; Via Sacra 2014<\/strong>, with Philippe Darmon, 1st cantor at the Buffault synagogue in Paris, his son Mikael, and with Pierre Lumbroso (piano) and Philippe Briegh (violin).\u00a0<\/p>\n<p><a href=\"https:\/\/www.iemj.org\/en\/symposium-and-concerts-vox-aurea-via-sacra-2014-sacred-jewish-music\/\" target=\"_blank\" rel=\"noopener\">Learn more about the program of the 3rd edition of Vox Aurea-Via Sacra dedicated to sacred Jewish music.<\/a><\/p>\n<p><a href=\"https:\/\/www.iemj.org\/en\/?s=Vox+aurea\" target=\"_blank\" rel=\"noopener\">Listen to conferences and concerts from the Vox Aurea colloquium \u2013 Via sacra 2014<\/a><\/p>\n\n\n<figure class=\"wp-block-embed is-type-video is-provider-youtube wp-block-embed-youtube wp-embed-aspect-16-9 wp-has-aspect-ratio\"><div class=\"wp-block-embed__wrapper\">\n<iframe title=\"Avinou Sh\u00e9bashamayim - Philippe &amp; Mika\u00ebl Darmon, Chorale de La Victoire\" width=\"640\" height=\"360\" src=\"https:\/\/www.youtube.com\/embed\/-jfJfodmZKY?feature=oembed\" frameborder=\"0\" allow=\"accelerometer; autoplay; clipboard-write; encrypted-media; gyroscope; picture-in-picture; web-share\" referrerpolicy=\"strict-origin-when-cross-origin\" allowfullscreen><\/iframe>\n<\/div><figcaption class=\"wp-element-caption\"><strong>Watch a video of the prayer <em>Avinu Shebashamayim<\/em>, performed by Philippe &amp; Mika\u00ebl Darmon and the Choir of Synagogue of La Victoire<\/strong><\/figcaption><\/figure>\n\n\n<div class=\"wp-block-image\">\n<figure class=\"aligncenter size-large\"><img fetchpriority=\"high\" decoding=\"async\" width=\"1024\" height=\"133\" src=\"https:\/\/www.iemj.org\/wp-content\/uploads\/2024\/03\/AUDIO-PLAYER-1024x133.png\" alt=\"\" class=\"wp-image-110607\" srcset=\"https:\/\/www.iemj.org\/wp-content\/uploads\/2024\/03\/AUDIO-PLAYER-1024x133.png 1024w, https:\/\/www.iemj.org\/wp-content\/uploads\/2024\/03\/AUDIO-PLAYER-300x39.png 300w, https:\/\/www.iemj.org\/wp-content\/uploads\/2024\/03\/AUDIO-PLAYER-768x100.png 768w, https:\/\/www.iemj.org\/wp-content\/uploads\/2024\/03\/AUDIO-PLAYER-600x78.png 600w, https:\/\/www.iemj.org\/wp-content\/uploads\/2024\/03\/AUDIO-PLAYER.png 1210w\" sizes=\"(max-width: 1024px) 100vw, 1024px\" \/><\/figure>\n<\/div>\n\n\n<div class=\"wp-block-file\"><a id=\"wp-block-file--media-c2ab9c5f-fa91-41c4-8535-45261285c839\" href=\"https:\/\/www.iemj.org\/wp-content\/uploads\/2015\/12\/1_halaf.mp3\">Halaf &#8211; Philippe DARMON, Pierre LUMBROSO (piano), Philippe BRIEGH (violon)<\/a><\/div>\n\n\n\n<div class=\"wp-block-file\"><a id=\"wp-block-file--media-60aa5a43-2e02-4ec4-a769-3fa2672fb5aa\" href=\"https:\/\/www.iemj.org\/wp-content\/uploads\/2015\/12\/2_kedusha_raba.mp3\">Kedusha Raba &#8211; Philippe DARMON, Pierre LUMBROSO (piano), Philippe BRIEGH (violon)<\/a><\/div>\n\n\n\n<div class=\"wp-block-file\"><a id=\"wp-block-file--media-a8410747-8a4e-4f8f-83fa-c3c3bbda1913\" href=\"https:\/\/www.iemj.org\/wp-content\/uploads\/2015\/12\/4_rey_nimrod.mp3\">Rey Nimrod &#8211; Philippe DARMON, Pierre LUMBROSO (piano), Philippe BRIEGH (violon)<\/a><\/div>\n\n\n\n<div class=\"wp-block-file\"><a id=\"wp-block-file--media-3ea1911f-82b6-4c73-8847-8c1d3c6f9d15\" href=\"https:\/\/www.iemj.org\/wp-content\/uploads\/2015\/12\/7_ygdal.mp3\">Ygdal &#8211; Philippe DARMON, Pierre LUMBROSO (piano), Philippe BRIEGH (violon)<\/a><\/div>\n\n\n\n<div class=\"wp-block-file\"><a id=\"wp-block-file--media-e0cb79ff-ed0c-4ea2-9cb2-f7ea6504521a\" href=\"https:\/\/www.iemj.org\/wp-content\/uploads\/2015\/12\/11_chabekhi.mp3\">Chabekhi &#8211; Philippe DARMON, Pierre LUMBROSO (piano), Philippe BRIEGH (violon)<\/a><\/div>\n\n\n\n<div class=\"wp-block-file\"><a id=\"wp-block-file--media-1c20c9cc-6cdd-43be-8323-547c7212389d\" href=\"https:\/\/www.iemj.org\/wp-content\/uploads\/2015\/12\/12_ki_echmera_chabat.mp3\">Ki echmera chabat &#8211; Philippe DARMON, Pierre LUMBROSO (piano), Philippe BRIEGH (violon)<\/a><\/div>\n\n\n\n<div class=\"wp-block-file\"><a id=\"wp-block-file--media-e2b85ae6-179b-4fc6-b30a-d23f1fc9a478\" href=\"https:\/\/www.iemj.org\/wp-content\/uploads\/2015\/12\/9_eli_eliyahou.mp3\">Eli Eliyahou &#8211; Philippe DARMON, Pierre LUMBROSO (piano), Philippe BRIEGH (violon)<\/a><\/div>\n\n\n\n<div class=\"wp-block-file\"><a id=\"wp-block-file--media-ed86d772-b8e3-40b8-b7f8-1252f7bf03a3\" href=\"https:\/\/www.iemj.org\/wp-content\/uploads\/2015\/12\/10_amen_amen.mp3\">Amen &#8211; Philippe DARMON, Pierre LUMBROSO (piano), Philippe BRIEGH (violon)<\/a><\/div>\n\n\n\n<div class=\"wp-block-file\"><a id=\"wp-block-file--media-2860d2d4-a60b-4f42-a64a-a3d5a9b9776f\" href=\"https:\/\/www.iemj.org\/wp-content\/uploads\/2015\/12\/11_chabekhi-2.mp3\">Chabekhi &#8211; Philippe DARMON, Pierre LUMBROSO (piano), Philippe BRIEGH (violon)<\/a><\/div>\n","protected":false},"excerpt":{"rendered":"","protected":false},"author":1052,"featured_media":8732,"comment_status":"closed","ping_status":"closed","sticky":false,"template":"","format":"standard","meta":{"_acf_changed":false,"footnotes":""},"categories":[993],"tags":[3416],"technique":[],"squelettes":[],"sujet":[],"formation":[],"genre":[1116],"fonds":[],"tradition":[1145],"type-de-contenu":[],"interprete-compositeur":[],"frise":[],"type-devenement":[],"tableaux-liens-externes":[],"class_list":["post-57462","post","type-post","status-publish","format-standard","has-post-thumbnail","hentry","category-concerts-film-en","tag-partners-events-en","genre-liturgy","tradition-sephardic-rite-en"],"acf":[],"yoast_head":"<!-- This site is optimized with the Yoast SEO plugin v27.3 - https:\/\/yoast.com\/product\/yoast-seo-wordpress\/ -->\n<title>Liturgical chants of the Sephardim - Philippe and Mikael Darmon - Institut Europ\u00e9en des Musiques Juives<\/title>\n<meta name=\"robots\" content=\"index, follow, max-snippet:-1, max-image-preview:large, max-video-preview:-1\" \/>\n<link rel=\"canonical\" href=\"https:\/\/www.iemj.org\/en\/chants-liturgiques-de-juifs-sepharades-philippe-darmon\/\" \/>\n<meta property=\"og:locale\" content=\"en_US\" \/>\n<meta property=\"og:type\" content=\"article\" \/>\n<meta property=\"og:title\" content=\"Liturgical chants of the Sephardim - Philippe and Mikael Darmon - Institut Europ\u00e9en des Musiques Juives\" \/>\n<meta property=\"og:url\" content=\"https:\/\/www.iemj.org\/en\/chants-liturgiques-de-juifs-sepharades-philippe-darmon\/\" \/>\n<meta property=\"og:site_name\" content=\"Institut Europ\u00e9en des Musiques Juives\" \/>\n<meta property=\"article:publisher\" content=\"https:\/\/www.facebook.com\/MusiquesJuives\/\" \/>\n<meta property=\"article:published_time\" content=\"2015-12-21T16:35:09+00:00\" \/>\n<meta property=\"article:modified_time\" content=\"2025-10-01T10:35:57+00:00\" \/>\n<meta property=\"og:image\" content=\"https:\/\/www.iemj.org\/wp-content\/uploads\/2015\/12\/arton1327-e1644854417725.jpg\" \/>\n\t<meta property=\"og:image:width\" content=\"252\" \/>\n\t<meta property=\"og:image:height\" content=\"350\" \/>\n\t<meta property=\"og:image:type\" content=\"image\/jpeg\" \/>\n<meta name=\"author\" content=\"Lea Couderc\" \/>\n<meta name=\"twitter:card\" content=\"summary_large_image\" \/>\n<meta name=\"twitter:label1\" content=\"Written by\" \/>\n\t<meta name=\"twitter:data1\" content=\"Lea Couderc\" \/>\n\t<meta name=\"twitter:label2\" content=\"Est. reading time\" \/>\n\t<meta name=\"twitter:data2\" content=\"2 minutes\" \/>\n<script type=\"application\/ld+json\" class=\"yoast-schema-graph\">{\"@context\":\"https:\\\/\\\/schema.org\",\"@graph\":[{\"@type\":\"Article\",\"@id\":\"https:\\\/\\\/www.iemj.org\\\/en\\\/chants-liturgiques-de-juifs-sepharades-philippe-darmon\\\/#article\",\"isPartOf\":{\"@id\":\"https:\\\/\\\/www.iemj.org\\\/en\\\/chants-liturgiques-de-juifs-sepharades-philippe-darmon\\\/\"},\"author\":{\"name\":\"Lea Couderc\",\"@id\":\"https:\\\/\\\/www.iemj.org\\\/en\\\/#\\\/schema\\\/person\\\/e2ad57f2c4be119c7ed8ab79036807a9\"},\"headline\":\"Liturgical chants of the Sephardim &#8211; Philippe and Mikael Darmon\",\"datePublished\":\"2015-12-21T16:35:09+00:00\",\"dateModified\":\"2025-10-01T10:35:57+00:00\",\"mainEntityOfPage\":{\"@id\":\"https:\\\/\\\/www.iemj.org\\\/en\\\/chants-liturgiques-de-juifs-sepharades-philippe-darmon\\\/\"},\"wordCount\":215,\"publisher\":{\"@id\":\"https:\\\/\\\/www.iemj.org\\\/en\\\/#organization\"},\"image\":{\"@id\":\"https:\\\/\\\/www.iemj.org\\\/en\\\/chants-liturgiques-de-juifs-sepharades-philippe-darmon\\\/#primaryimage\"},\"thumbnailUrl\":\"https:\\\/\\\/www.iemj.org\\\/wp-content\\\/uploads\\\/2015\\\/12\\\/arton1327-e1644854417725.jpg\",\"keywords\":[\"Partners' events\"],\"articleSection\":[\"Concerts\"],\"inLanguage\":\"en-US\"},{\"@type\":\"WebPage\",\"@id\":\"https:\\\/\\\/www.iemj.org\\\/en\\\/chants-liturgiques-de-juifs-sepharades-philippe-darmon\\\/\",\"url\":\"https:\\\/\\\/www.iemj.org\\\/en\\\/chants-liturgiques-de-juifs-sepharades-philippe-darmon\\\/\",\"name\":\"Liturgical chants of the Sephardim - Philippe and Mikael Darmon - Institut Europ\u00e9en des Musiques Juives\",\"isPartOf\":{\"@id\":\"https:\\\/\\\/www.iemj.org\\\/en\\\/#website\"},\"primaryImageOfPage\":{\"@id\":\"https:\\\/\\\/www.iemj.org\\\/en\\\/chants-liturgiques-de-juifs-sepharades-philippe-darmon\\\/#primaryimage\"},\"image\":{\"@id\":\"https:\\\/\\\/www.iemj.org\\\/en\\\/chants-liturgiques-de-juifs-sepharades-philippe-darmon\\\/#primaryimage\"},\"thumbnailUrl\":\"https:\\\/\\\/www.iemj.org\\\/wp-content\\\/uploads\\\/2015\\\/12\\\/arton1327-e1644854417725.jpg\",\"datePublished\":\"2015-12-21T16:35:09+00:00\",\"dateModified\":\"2025-10-01T10:35:57+00:00\",\"breadcrumb\":{\"@id\":\"https:\\\/\\\/www.iemj.org\\\/en\\\/chants-liturgiques-de-juifs-sepharades-philippe-darmon\\\/#breadcrumb\"},\"inLanguage\":\"en-US\",\"potentialAction\":[{\"@type\":\"ReadAction\",\"target\":[\"https:\\\/\\\/www.iemj.org\\\/en\\\/chants-liturgiques-de-juifs-sepharades-philippe-darmon\\\/\"]}]},{\"@type\":\"ImageObject\",\"inLanguage\":\"en-US\",\"@id\":\"https:\\\/\\\/www.iemj.org\\\/en\\\/chants-liturgiques-de-juifs-sepharades-philippe-darmon\\\/#primaryimage\",\"url\":\"https:\\\/\\\/www.iemj.org\\\/wp-content\\\/uploads\\\/2015\\\/12\\\/arton1327-e1644854417725.jpg\",\"contentUrl\":\"https:\\\/\\\/www.iemj.org\\\/wp-content\\\/uploads\\\/2015\\\/12\\\/arton1327-e1644854417725.jpg\",\"width\":252,\"height\":350},{\"@type\":\"BreadcrumbList\",\"@id\":\"https:\\\/\\\/www.iemj.org\\\/en\\\/chants-liturgiques-de-juifs-sepharades-philippe-darmon\\\/#breadcrumb\",\"itemListElement\":[{\"@type\":\"ListItem\",\"position\":1,\"name\":\"Accueil\",\"item\":\"https:\\\/\\\/www.iemj.org\\\/en\\\/\"},{\"@type\":\"ListItem\",\"position\":2,\"name\":\"Liturgical chants of the Sephardim &#8211; Philippe and Mikael Darmon\"}]},{\"@type\":\"WebSite\",\"@id\":\"https:\\\/\\\/www.iemj.org\\\/en\\\/#website\",\"url\":\"https:\\\/\\\/www.iemj.org\\\/en\\\/\",\"name\":\"Institut Europ\u00e9en des Musiques Juives\",\"description\":\"Des traditions musicales \u00e0 la port\u00e9e de tous\",\"publisher\":{\"@id\":\"https:\\\/\\\/www.iemj.org\\\/en\\\/#organization\"},\"potentialAction\":[{\"@type\":\"SearchAction\",\"target\":{\"@type\":\"EntryPoint\",\"urlTemplate\":\"https:\\\/\\\/www.iemj.org\\\/en\\\/?s={search_term_string}\"},\"query-input\":{\"@type\":\"PropertyValueSpecification\",\"valueRequired\":true,\"valueName\":\"search_term_string\"}}],\"inLanguage\":\"en-US\"},{\"@type\":\"Organization\",\"@id\":\"https:\\\/\\\/www.iemj.org\\\/en\\\/#organization\",\"name\":\"Institut Europ\u00e9en des Musiques Juives\",\"url\":\"https:\\\/\\\/www.iemj.org\\\/en\\\/\",\"logo\":{\"@type\":\"ImageObject\",\"inLanguage\":\"en-US\",\"@id\":\"https:\\\/\\\/www.iemj.org\\\/en\\\/#\\\/schema\\\/logo\\\/image\\\/\",\"url\":\"https:\\\/\\\/www.iemj.org\\\/wp-content\\\/uploads\\\/2021\\\/09\\\/Logo-IEMJ-Paypal.jpg\",\"contentUrl\":\"https:\\\/\\\/www.iemj.org\\\/wp-content\\\/uploads\\\/2021\\\/09\\\/Logo-IEMJ-Paypal.jpg\",\"width\":150,\"height\":50,\"caption\":\"Institut Europ\u00e9en des Musiques Juives\"},\"image\":{\"@id\":\"https:\\\/\\\/www.iemj.org\\\/en\\\/#\\\/schema\\\/logo\\\/image\\\/\"},\"sameAs\":[\"https:\\\/\\\/www.facebook.com\\\/MusiquesJuives\\\/\",\"https:\\\/\\\/www.instagram.com\\\/musiquesjuives\\\/\",\"https:\\\/\\\/www.youtube.com\\\/user\\\/musiquesjuives\"]},{\"@type\":\"Person\",\"@id\":\"https:\\\/\\\/www.iemj.org\\\/en\\\/#\\\/schema\\\/person\\\/e2ad57f2c4be119c7ed8ab79036807a9\",\"name\":\"Lea Couderc\",\"image\":{\"@type\":\"ImageObject\",\"inLanguage\":\"en-US\",\"@id\":\"https:\\\/\\\/secure.gravatar.com\\\/avatar\\\/46ee021475d60aeff17a7e490b79dea5a5684bb392ab7fd1494027411df8ba23?s=96&d=mm&r=g\",\"url\":\"https:\\\/\\\/secure.gravatar.com\\\/avatar\\\/46ee021475d60aeff17a7e490b79dea5a5684bb392ab7fd1494027411df8ba23?s=96&d=mm&r=g\",\"contentUrl\":\"https:\\\/\\\/secure.gravatar.com\\\/avatar\\\/46ee021475d60aeff17a7e490b79dea5a5684bb392ab7fd1494027411df8ba23?s=96&d=mm&r=g\",\"caption\":\"Lea Couderc\"}}]}<\/script>\n<!-- \/ Yoast SEO plugin. -->","yoast_head_json":{"title":"Liturgical chants of the Sephardim - Philippe and Mikael Darmon - Institut Europ\u00e9en des Musiques Juives","robots":{"index":"index","follow":"follow","max-snippet":"max-snippet:-1","max-image-preview":"max-image-preview:large","max-video-preview":"max-video-preview:-1"},"canonical":"https:\/\/www.iemj.org\/en\/chants-liturgiques-de-juifs-sepharades-philippe-darmon\/","og_locale":"en_US","og_type":"article","og_title":"Liturgical chants of the Sephardim - Philippe and Mikael Darmon - Institut Europ\u00e9en des Musiques Juives","og_url":"https:\/\/www.iemj.org\/en\/chants-liturgiques-de-juifs-sepharades-philippe-darmon\/","og_site_name":"Institut Europ\u00e9en des Musiques Juives","article_publisher":"https:\/\/www.facebook.com\/MusiquesJuives\/","article_published_time":"2015-12-21T16:35:09+00:00","article_modified_time":"2025-10-01T10:35:57+00:00","og_image":[{"width":252,"height":350,"url":"https:\/\/www.iemj.org\/wp-content\/uploads\/2015\/12\/arton1327-e1644854417725.jpg","type":"image\/jpeg"}],"author":"Lea Couderc","twitter_card":"summary_large_image","twitter_misc":{"Written by":"Lea Couderc","Est. reading time":"2 minutes"},"schema":{"@context":"https:\/\/schema.org","@graph":[{"@type":"Article","@id":"https:\/\/www.iemj.org\/en\/chants-liturgiques-de-juifs-sepharades-philippe-darmon\/#article","isPartOf":{"@id":"https:\/\/www.iemj.org\/en\/chants-liturgiques-de-juifs-sepharades-philippe-darmon\/"},"author":{"name":"Lea Couderc","@id":"https:\/\/www.iemj.org\/en\/#\/schema\/person\/e2ad57f2c4be119c7ed8ab79036807a9"},"headline":"Liturgical chants of the Sephardim &#8211; Philippe and Mikael Darmon","datePublished":"2015-12-21T16:35:09+00:00","dateModified":"2025-10-01T10:35:57+00:00","mainEntityOfPage":{"@id":"https:\/\/www.iemj.org\/en\/chants-liturgiques-de-juifs-sepharades-philippe-darmon\/"},"wordCount":215,"publisher":{"@id":"https:\/\/www.iemj.org\/en\/#organization"},"image":{"@id":"https:\/\/www.iemj.org\/en\/chants-liturgiques-de-juifs-sepharades-philippe-darmon\/#primaryimage"},"thumbnailUrl":"https:\/\/www.iemj.org\/wp-content\/uploads\/2015\/12\/arton1327-e1644854417725.jpg","keywords":["Partners' events"],"articleSection":["Concerts"],"inLanguage":"en-US"},{"@type":"WebPage","@id":"https:\/\/www.iemj.org\/en\/chants-liturgiques-de-juifs-sepharades-philippe-darmon\/","url":"https:\/\/www.iemj.org\/en\/chants-liturgiques-de-juifs-sepharades-philippe-darmon\/","name":"Liturgical chants of the Sephardim - Philippe and Mikael Darmon - Institut Europ\u00e9en des Musiques Juives","isPartOf":{"@id":"https:\/\/www.iemj.org\/en\/#website"},"primaryImageOfPage":{"@id":"https:\/\/www.iemj.org\/en\/chants-liturgiques-de-juifs-sepharades-philippe-darmon\/#primaryimage"},"image":{"@id":"https:\/\/www.iemj.org\/en\/chants-liturgiques-de-juifs-sepharades-philippe-darmon\/#primaryimage"},"thumbnailUrl":"https:\/\/www.iemj.org\/wp-content\/uploads\/2015\/12\/arton1327-e1644854417725.jpg","datePublished":"2015-12-21T16:35:09+00:00","dateModified":"2025-10-01T10:35:57+00:00","breadcrumb":{"@id":"https:\/\/www.iemj.org\/en\/chants-liturgiques-de-juifs-sepharades-philippe-darmon\/#breadcrumb"},"inLanguage":"en-US","potentialAction":[{"@type":"ReadAction","target":["https:\/\/www.iemj.org\/en\/chants-liturgiques-de-juifs-sepharades-philippe-darmon\/"]}]},{"@type":"ImageObject","inLanguage":"en-US","@id":"https:\/\/www.iemj.org\/en\/chants-liturgiques-de-juifs-sepharades-philippe-darmon\/#primaryimage","url":"https:\/\/www.iemj.org\/wp-content\/uploads\/2015\/12\/arton1327-e1644854417725.jpg","contentUrl":"https:\/\/www.iemj.org\/wp-content\/uploads\/2015\/12\/arton1327-e1644854417725.jpg","width":252,"height":350},{"@type":"BreadcrumbList","@id":"https:\/\/www.iemj.org\/en\/chants-liturgiques-de-juifs-sepharades-philippe-darmon\/#breadcrumb","itemListElement":[{"@type":"ListItem","position":1,"name":"Accueil","item":"https:\/\/www.iemj.org\/en\/"},{"@type":"ListItem","position":2,"name":"Liturgical chants of the Sephardim &#8211; Philippe and Mikael Darmon"}]},{"@type":"WebSite","@id":"https:\/\/www.iemj.org\/en\/#website","url":"https:\/\/www.iemj.org\/en\/","name":"Institut Europ\u00e9en des Musiques Juives","description":"Des traditions musicales \u00e0 la port\u00e9e de tous","publisher":{"@id":"https:\/\/www.iemj.org\/en\/#organization"},"potentialAction":[{"@type":"SearchAction","target":{"@type":"EntryPoint","urlTemplate":"https:\/\/www.iemj.org\/en\/?s={search_term_string}"},"query-input":{"@type":"PropertyValueSpecification","valueRequired":true,"valueName":"search_term_string"}}],"inLanguage":"en-US"},{"@type":"Organization","@id":"https:\/\/www.iemj.org\/en\/#organization","name":"Institut Europ\u00e9en des Musiques Juives","url":"https:\/\/www.iemj.org\/en\/","logo":{"@type":"ImageObject","inLanguage":"en-US","@id":"https:\/\/www.iemj.org\/en\/#\/schema\/logo\/image\/","url":"https:\/\/www.iemj.org\/wp-content\/uploads\/2021\/09\/Logo-IEMJ-Paypal.jpg","contentUrl":"https:\/\/www.iemj.org\/wp-content\/uploads\/2021\/09\/Logo-IEMJ-Paypal.jpg","width":150,"height":50,"caption":"Institut Europ\u00e9en des Musiques Juives"},"image":{"@id":"https:\/\/www.iemj.org\/en\/#\/schema\/logo\/image\/"},"sameAs":["https:\/\/www.facebook.com\/MusiquesJuives\/","https:\/\/www.instagram.com\/musiquesjuives\/","https:\/\/www.youtube.com\/user\/musiquesjuives"]},{"@type":"Person","@id":"https:\/\/www.iemj.org\/en\/#\/schema\/person\/e2ad57f2c4be119c7ed8ab79036807a9","name":"Lea Couderc","image":{"@type":"ImageObject","inLanguage":"en-US","@id":"https:\/\/secure.gravatar.com\/avatar\/46ee021475d60aeff17a7e490b79dea5a5684bb392ab7fd1494027411df8ba23?s=96&d=mm&r=g","url":"https:\/\/secure.gravatar.com\/avatar\/46ee021475d60aeff17a7e490b79dea5a5684bb392ab7fd1494027411df8ba23?s=96&d=mm&r=g","contentUrl":"https:\/\/secure.gravatar.com\/avatar\/46ee021475d60aeff17a7e490b79dea5a5684bb392ab7fd1494027411df8ba23?s=96&d=mm&r=g","caption":"Lea Couderc"}}]}},"_links":{"self":[{"href":"https:\/\/www.iemj.org\/en\/wp-json\/wp\/v2\/posts\/57462","targetHints":{"allow":["GET"]}}],"collection":[{"href":"https:\/\/www.iemj.org\/en\/wp-json\/wp\/v2\/posts"}],"about":[{"href":"https:\/\/www.iemj.org\/en\/wp-json\/wp\/v2\/types\/post"}],"author":[{"embeddable":true,"href":"https:\/\/www.iemj.org\/en\/wp-json\/wp\/v2\/users\/1052"}],"replies":[{"embeddable":true,"href":"https:\/\/www.iemj.org\/en\/wp-json\/wp\/v2\/comments?post=57462"}],"version-history":[{"count":1,"href":"https:\/\/www.iemj.org\/en\/wp-json\/wp\/v2\/posts\/57462\/revisions"}],"predecessor-version":[{"id":126216,"href":"https:\/\/www.iemj.org\/en\/wp-json\/wp\/v2\/posts\/57462\/revisions\/126216"}],"wp:featuredmedia":[{"embeddable":true,"href":"https:\/\/www.iemj.org\/en\/wp-json\/wp\/v2\/media\/8732"}],"wp:attachment":[{"href":"https:\/\/www.iemj.org\/en\/wp-json\/wp\/v2\/media?parent=57462"}],"wp:term":[{"taxonomy":"category","embeddable":true,"href":"https:\/\/www.iemj.org\/en\/wp-json\/wp\/v2\/categories?post=57462"},{"taxonomy":"post_tag","embeddable":true,"href":"https:\/\/www.iemj.org\/en\/wp-json\/wp\/v2\/tags?post=57462"},{"taxonomy":"technique","embeddable":true,"href":"https:\/\/www.iemj.org\/en\/wp-json\/wp\/v2\/technique?post=57462"},{"taxonomy":"squelettes","embeddable":true,"href":"https:\/\/www.iemj.org\/en\/wp-json\/wp\/v2\/squelettes?post=57462"},{"taxonomy":"sujet","embeddable":true,"href":"https:\/\/www.iemj.org\/en\/wp-json\/wp\/v2\/sujet?post=57462"},{"taxonomy":"formation","embeddable":true,"href":"https:\/\/www.iemj.org\/en\/wp-json\/wp\/v2\/formation?post=57462"},{"taxonomy":"genre","embeddable":true,"href":"https:\/\/www.iemj.org\/en\/wp-json\/wp\/v2\/genre?post=57462"},{"taxonomy":"fonds","embeddable":true,"href":"https:\/\/www.iemj.org\/en\/wp-json\/wp\/v2\/fonds?post=57462"},{"taxonomy":"tradition","embeddable":true,"href":"https:\/\/www.iemj.org\/en\/wp-json\/wp\/v2\/tradition?post=57462"},{"taxonomy":"type-de-contenu","embeddable":true,"href":"https:\/\/www.iemj.org\/en\/wp-json\/wp\/v2\/type-de-contenu?post=57462"},{"taxonomy":"interprete-compositeur","embeddable":true,"href":"https:\/\/www.iemj.org\/en\/wp-json\/wp\/v2\/interprete-compositeur?post=57462"},{"taxonomy":"frise","embeddable":true,"href":"https:\/\/www.iemj.org\/en\/wp-json\/wp\/v2\/frise?post=57462"},{"taxonomy":"type-devenement","embeddable":true,"href":"https:\/\/www.iemj.org\/en\/wp-json\/wp\/v2\/type-devenement?post=57462"},{"taxonomy":"tableaux-liens-externes","embeddable":true,"href":"https:\/\/www.iemj.org\/en\/wp-json\/wp\/v2\/tableaux-liens-externes?post=57462"}],"curies":[{"name":"wp","href":"https:\/\/api.w.org\/{rel}","templated":true}]}}