{"id":57715,"date":"2018-02-27T11:02:26","date_gmt":"2018-02-27T10:02:26","guid":{"rendered":"https:\/\/www.iemj.org\/fonds-abbina-diena\/"},"modified":"2023-10-17T15:59:37","modified_gmt":"2023-10-17T13:59:37","slug":"fonds-abbina-diena","status":"publish","type":"post","link":"https:\/\/www.iemj.org\/en\/fonds-abbina-diena\/","title":{"rendered":"The Abbina-Diena Collection"},"content":{"rendered":"<p>Eager to make better known the Italian Judaism and its musical traditions, Gianni Diena, from Turin, entrusted to the European Institute of Jewish Music several documents: CD\u2019s, sheet music and books, which enrich the already existing Italian Jewish music archives, in particular those that relate to the Baroque period (Salomone Rossi and Lidarti).<\/p>\n<p>These documents, partly in Italian, but also in English and Hebrew, show the richness of the Italian musical traditions, intimately linked to the history of the Jewish communities that lived in the Transalpine Peninsula.<\/p>\n<p><img decoding=\"async\" class=\" alignright  wp-image-18545\" src=\"https:\/\/www.iemj.org\/wp-content\/uploads\/2018\/02\/l_718_couv.jpg\" alt=\"l_718_couv.jpg\" width=\"189\" height=\"264\" align=\"right\" srcset=\"https:\/\/www.iemj.org\/wp-content\/uploads\/2018\/02\/l_718_couv.jpg 286w, https:\/\/www.iemj.org\/wp-content\/uploads\/2018\/02\/l_718_couv-215x300.jpg 215w\" sizes=\"(max-width: 189px) 100vw, 189px\" \/>The origin of the Italian Jews is varied. According to Enzo Scotto, &#8220;Some Jews descend from Jews who lived in Italy during the Roman Empire, while others are Ashkenazi Jews who, especially in the 14th century, left Germany for Italy. During that century, the French Jews [especially from the Provence region] left France, and in the late 15th century and during the 16th century, the Sephardic emigration from Spain took place, as well as the return to Judaism of the Marranos of Spanish origin. (&#8230;) Other Jews in the second half of the 16th century coming from Muslim countries were attracted by the new free port of Livorno, which was for two centuries the city where Jews lived better than anywhere else.&#8221; (&#8220;The Jews of Italy&#8221; &#8211; Israel Magazine, February 14, 2016)<\/p>\n\n\n<div style=\"height:16px\" aria-hidden=\"true\" class=\"wp-block-spacer\"><\/div>\n\n\n<p><img fetchpriority=\"high\" decoding=\"async\" class=\" alignleft  wp-image-18547\" src=\"https:\/\/www.iemj.org\/wp-content\/uploads\/2018\/02\/l_720_couv.jpg\" alt=\"l_720_couv.jpg\" width=\"227\" height=\"325\" align=\"left\" srcset=\"https:\/\/www.iemj.org\/wp-content\/uploads\/2018\/02\/l_720_couv.jpg 279w, https:\/\/www.iemj.org\/wp-content\/uploads\/2018\/02\/l_720_couv-209x300.jpg 209w\" sizes=\"(max-width: 227px) 100vw, 227px\" \/><img decoding=\"async\" class=\"wp-image-18549 alignright\" src=\"https:\/\/www.iemj.org\/wp-content\/uploads\/2018\/02\/l_719_couv.jpg\" alt=\"l_719_couv.jpg\" width=\"192\" height=\"326\" align=\"left\" srcset=\"https:\/\/www.iemj.org\/wp-content\/uploads\/2018\/02\/l_719_couv.jpg 235w, https:\/\/www.iemj.org\/wp-content\/uploads\/2018\/02\/l_719_couv-176x300.jpg 176w\" sizes=\"(max-width: 192px) 100vw, 192px\" \/>The Abbina-Diena collection is composed of various publications on Jewish musical practices, liturgical or profane, in Italy, especially in the 19th century. Some books relate to regional peculiarities, such as<em>\u00a0Musiche della tradizione ebraica in Piemonte &#8211; The recording of Leo Levi\u00a0(1954) <\/em>\/ Franco Segre &#8211; 2015, others on specific themes, such as Jewish mysticism<em> (Musica e canto nella mistica ebraica<\/em>\u00a0\/ Enrico Fubini &#8211; 2012).<\/p>\n\n\n<div style=\"height:16px\" aria-hidden=\"true\" class=\"wp-block-spacer\"><\/div>\n\n\n<p><em><strong><img loading=\"lazy\" decoding=\"async\" class=\" alignleft  wp-image-18551\" src=\"https:\/\/www.iemj.org\/wp-content\/uploads\/2018\/02\/cd_896_couv-2.jpg\" alt=\"cd_896_couv-2.jpg\" width=\"224\" height=\"218\" align=\"left\" \/><\/strong><\/em>In addition, this collection also contains CD\u2019s, illustrating the history and musical traditions of the Jewish people in Italy, such as the CD\u00a0<strong><em>Chatan Ve KaIlah &#8211; Il matrimonio ebraico a Roma<\/em><\/strong><em>\u00a0<\/em>\/\u00a0<strong>Coro Ha-Kol\u00a0<\/strong>, relating to the celebration of the Jewish wedding in Italy.<\/p>\n<p>Finally, this collection includes contemporary musical works, including a handwritten score of chamber music for soprano, actors and five instruments, written by Gilberto Bosco, &#8220;<a href=\"https:\/\/www.iemj.org\/en\/il-gioco-delle-sorti\/\" target=\"_blank\" rel=\"noopener\"><strong>Il gioco delle sorti<\/strong><\/a>\u00a0&#8220;, on Esther and the celebration of Purim (accompanied with a CD).<\/p>\n<p>These archives are now available for consultation on our catalogue (<a href=\"http:\/\/www.rachelnet.net\/F\/?func=find-c&amp;ccl_term=WHOC%3DDiena&amp;local_base=iemcg&amp;x=0&amp;y=0#_blank\"><strong>browse the Abbina-Diena Collection<\/strong><\/a>) or by making an appointment with the European Institute of Jewish Music (<a href=\"mailto:contact@iemj.org\">contact@iemj.org<\/a>)<\/p>","protected":false},"excerpt":{"rendered":"<p>Eager to make better known the Italian Judaism and its musical traditions, Gianni Diena, from Turin, entrusted to the European Institute of Jewish Music several documents: CD\u2019s, sheet music and<\/p>\n","protected":false},"author":5,"featured_media":83270,"comment_status":"closed","ping_status":"open","sticky":false,"template":"","format":"standard","meta":{"_acf_changed":false,"footnotes":""},"categories":[1584],"tags":[2089],"technique":[],"squelettes":[],"sujet":[],"formation":[],"genre":[],"fonds":[],"tradition":[],"type-de-contenu":[],"interprete-compositeur":[],"frise":[],"type-devenement":[],"tableaux-liens-externes":[],"class_list":["post-57715","post","type-post","status-publish","format-standard","has-post-thumbnail","hentry","category-main-holdings-en","tag-italy-en"],"acf":[],"yoast_head":"<!-- This site is optimized with the Yoast SEO plugin v27.3 - https:\/\/yoast.com\/product\/yoast-seo-wordpress\/ -->\n<title>The Abbina-Diena Collection - Institut Europ\u00e9en des Musiques Juives<\/title>\n<meta name=\"robots\" content=\"index, follow, max-snippet:-1, max-image-preview:large, max-video-preview:-1\" \/>\n<link rel=\"canonical\" href=\"https:\/\/www.iemj.org\/en\/fonds-abbina-diena\/\" \/>\n<meta property=\"og:locale\" content=\"en_US\" \/>\n<meta property=\"og:type\" content=\"article\" \/>\n<meta property=\"og:title\" content=\"The Abbina-Diena Collection - Institut Europ\u00e9en des Musiques Juives\" \/>\n<meta property=\"og:description\" content=\"Eager to make better known the Italian Judaism and its musical traditions, Gianni Diena, from Turin, entrusted to the European Institute of Jewish Music several documents: CD\u2019s, sheet music and\" \/>\n<meta property=\"og:url\" content=\"https:\/\/www.iemj.org\/en\/fonds-abbina-diena\/\" \/>\n<meta property=\"og:site_name\" content=\"Institut Europ\u00e9en des Musiques Juives\" \/>\n<meta property=\"article:publisher\" content=\"https:\/\/www.facebook.com\/MusiquesJuives\/\" \/>\n<meta property=\"article:published_time\" content=\"2018-02-27T10:02:26+00:00\" \/>\n<meta property=\"article:modified_time\" content=\"2023-10-17T13:59:37+00:00\" \/>\n<meta property=\"og:image\" content=\"https:\/\/www.iemj.org\/wp-content\/uploads\/2018\/02\/Fonds-Diena.jpg\" \/>\n\t<meta property=\"og:image:width\" content=\"575\" \/>\n\t<meta property=\"og:image:height\" content=\"575\" \/>\n\t<meta property=\"og:image:type\" content=\"image\/jpeg\" \/>\n<meta name=\"author\" content=\"Jacqueline ROTEN\" \/>\n<meta name=\"twitter:card\" content=\"summary_large_image\" \/>\n<meta name=\"twitter:label1\" content=\"Written by\" \/>\n\t<meta name=\"twitter:data1\" content=\"Jacqueline ROTEN\" \/>\n\t<meta name=\"twitter:label2\" content=\"Est. reading time\" \/>\n\t<meta name=\"twitter:data2\" content=\"3 minutes\" \/>\n<script type=\"application\/ld+json\" class=\"yoast-schema-graph\">{\"@context\":\"https:\\\/\\\/schema.org\",\"@graph\":[{\"@type\":\"Article\",\"@id\":\"https:\\\/\\\/www.iemj.org\\\/en\\\/fonds-abbina-diena\\\/#article\",\"isPartOf\":{\"@id\":\"https:\\\/\\\/www.iemj.org\\\/en\\\/fonds-abbina-diena\\\/\"},\"author\":{\"name\":\"Jacqueline ROTEN\",\"@id\":\"https:\\\/\\\/www.iemj.org\\\/en\\\/#\\\/schema\\\/person\\\/358e26c18aca017fcc4cc15437f7279c\"},\"headline\":\"The Abbina-Diena Collection\",\"datePublished\":\"2018-02-27T10:02:26+00:00\",\"dateModified\":\"2023-10-17T13:59:37+00:00\",\"mainEntityOfPage\":{\"@id\":\"https:\\\/\\\/www.iemj.org\\\/en\\\/fonds-abbina-diena\\\/\"},\"wordCount\":395,\"publisher\":{\"@id\":\"https:\\\/\\\/www.iemj.org\\\/en\\\/#organization\"},\"image\":{\"@id\":\"https:\\\/\\\/www.iemj.org\\\/en\\\/fonds-abbina-diena\\\/#primaryimage\"},\"thumbnailUrl\":\"https:\\\/\\\/www.iemj.org\\\/wp-content\\\/uploads\\\/2018\\\/02\\\/Fonds-Diena.jpg\",\"keywords\":[\"Italy\"],\"articleSection\":[\"Main Holdings\"],\"inLanguage\":\"en-US\"},{\"@type\":\"WebPage\",\"@id\":\"https:\\\/\\\/www.iemj.org\\\/en\\\/fonds-abbina-diena\\\/\",\"url\":\"https:\\\/\\\/www.iemj.org\\\/en\\\/fonds-abbina-diena\\\/\",\"name\":\"The Abbina-Diena Collection - Institut Europ\u00e9en des Musiques Juives\",\"isPartOf\":{\"@id\":\"https:\\\/\\\/www.iemj.org\\\/en\\\/#website\"},\"primaryImageOfPage\":{\"@id\":\"https:\\\/\\\/www.iemj.org\\\/en\\\/fonds-abbina-diena\\\/#primaryimage\"},\"image\":{\"@id\":\"https:\\\/\\\/www.iemj.org\\\/en\\\/fonds-abbina-diena\\\/#primaryimage\"},\"thumbnailUrl\":\"https:\\\/\\\/www.iemj.org\\\/wp-content\\\/uploads\\\/2018\\\/02\\\/Fonds-Diena.jpg\",\"datePublished\":\"2018-02-27T10:02:26+00:00\",\"dateModified\":\"2023-10-17T13:59:37+00:00\",\"breadcrumb\":{\"@id\":\"https:\\\/\\\/www.iemj.org\\\/en\\\/fonds-abbina-diena\\\/#breadcrumb\"},\"inLanguage\":\"en-US\",\"potentialAction\":[{\"@type\":\"ReadAction\",\"target\":[\"https:\\\/\\\/www.iemj.org\\\/en\\\/fonds-abbina-diena\\\/\"]}]},{\"@type\":\"ImageObject\",\"inLanguage\":\"en-US\",\"@id\":\"https:\\\/\\\/www.iemj.org\\\/en\\\/fonds-abbina-diena\\\/#primaryimage\",\"url\":\"https:\\\/\\\/www.iemj.org\\\/wp-content\\\/uploads\\\/2018\\\/02\\\/Fonds-Diena.jpg\",\"contentUrl\":\"https:\\\/\\\/www.iemj.org\\\/wp-content\\\/uploads\\\/2018\\\/02\\\/Fonds-Diena.jpg\",\"width\":575,\"height\":575},{\"@type\":\"BreadcrumbList\",\"@id\":\"https:\\\/\\\/www.iemj.org\\\/en\\\/fonds-abbina-diena\\\/#breadcrumb\",\"itemListElement\":[{\"@type\":\"ListItem\",\"position\":1,\"name\":\"Accueil\",\"item\":\"https:\\\/\\\/www.iemj.org\\\/en\\\/\"},{\"@type\":\"ListItem\",\"position\":2,\"name\":\"The Abbina-Diena Collection\"}]},{\"@type\":\"WebSite\",\"@id\":\"https:\\\/\\\/www.iemj.org\\\/en\\\/#website\",\"url\":\"https:\\\/\\\/www.iemj.org\\\/en\\\/\",\"name\":\"Institut Europ\u00e9en des Musiques Juives\",\"description\":\"Des traditions musicales \u00e0 la port\u00e9e de tous\",\"publisher\":{\"@id\":\"https:\\\/\\\/www.iemj.org\\\/en\\\/#organization\"},\"potentialAction\":[{\"@type\":\"SearchAction\",\"target\":{\"@type\":\"EntryPoint\",\"urlTemplate\":\"https:\\\/\\\/www.iemj.org\\\/en\\\/?s={search_term_string}\"},\"query-input\":{\"@type\":\"PropertyValueSpecification\",\"valueRequired\":true,\"valueName\":\"search_term_string\"}}],\"inLanguage\":\"en-US\"},{\"@type\":\"Organization\",\"@id\":\"https:\\\/\\\/www.iemj.org\\\/en\\\/#organization\",\"name\":\"Institut Europ\u00e9en des Musiques Juives\",\"url\":\"https:\\\/\\\/www.iemj.org\\\/en\\\/\",\"logo\":{\"@type\":\"ImageObject\",\"inLanguage\":\"en-US\",\"@id\":\"https:\\\/\\\/www.iemj.org\\\/en\\\/#\\\/schema\\\/logo\\\/image\\\/\",\"url\":\"https:\\\/\\\/www.iemj.org\\\/wp-content\\\/uploads\\\/2021\\\/09\\\/Logo-IEMJ-Paypal.jpg\",\"contentUrl\":\"https:\\\/\\\/www.iemj.org\\\/wp-content\\\/uploads\\\/2021\\\/09\\\/Logo-IEMJ-Paypal.jpg\",\"width\":150,\"height\":50,\"caption\":\"Institut Europ\u00e9en des Musiques Juives\"},\"image\":{\"@id\":\"https:\\\/\\\/www.iemj.org\\\/en\\\/#\\\/schema\\\/logo\\\/image\\\/\"},\"sameAs\":[\"https:\\\/\\\/www.facebook.com\\\/MusiquesJuives\\\/\",\"https:\\\/\\\/www.instagram.com\\\/musiquesjuives\\\/\",\"https:\\\/\\\/www.youtube.com\\\/user\\\/musiquesjuives\"]},{\"@type\":\"Person\",\"@id\":\"https:\\\/\\\/www.iemj.org\\\/en\\\/#\\\/schema\\\/person\\\/358e26c18aca017fcc4cc15437f7279c\",\"name\":\"Jacqueline ROTEN\",\"image\":{\"@type\":\"ImageObject\",\"inLanguage\":\"en-US\",\"@id\":\"https:\\\/\\\/secure.gravatar.com\\\/avatar\\\/5964256d6c6957de3a3505278957e0fb2a35119ac47ea41827a65301213c810b?s=96&d=mm&r=g\",\"url\":\"https:\\\/\\\/secure.gravatar.com\\\/avatar\\\/5964256d6c6957de3a3505278957e0fb2a35119ac47ea41827a65301213c810b?s=96&d=mm&r=g\",\"contentUrl\":\"https:\\\/\\\/secure.gravatar.com\\\/avatar\\\/5964256d6c6957de3a3505278957e0fb2a35119ac47ea41827a65301213c810b?s=96&d=mm&r=g\",\"caption\":\"Jacqueline ROTEN\"}}]}<\/script>\n<!-- \/ Yoast SEO plugin. -->","yoast_head_json":{"title":"The Abbina-Diena Collection - Institut Europ\u00e9en des Musiques Juives","robots":{"index":"index","follow":"follow","max-snippet":"max-snippet:-1","max-image-preview":"max-image-preview:large","max-video-preview":"max-video-preview:-1"},"canonical":"https:\/\/www.iemj.org\/en\/fonds-abbina-diena\/","og_locale":"en_US","og_type":"article","og_title":"The Abbina-Diena Collection - Institut Europ\u00e9en des Musiques Juives","og_description":"Eager to make better known the Italian Judaism and its musical traditions, Gianni Diena, from Turin, entrusted to the European Institute of Jewish Music several documents: CD\u2019s, sheet music and","og_url":"https:\/\/www.iemj.org\/en\/fonds-abbina-diena\/","og_site_name":"Institut Europ\u00e9en des Musiques Juives","article_publisher":"https:\/\/www.facebook.com\/MusiquesJuives\/","article_published_time":"2018-02-27T10:02:26+00:00","article_modified_time":"2023-10-17T13:59:37+00:00","og_image":[{"width":575,"height":575,"url":"https:\/\/www.iemj.org\/wp-content\/uploads\/2018\/02\/Fonds-Diena.jpg","type":"image\/jpeg"}],"author":"Jacqueline ROTEN","twitter_card":"summary_large_image","twitter_misc":{"Written by":"Jacqueline ROTEN","Est. reading time":"3 minutes"},"schema":{"@context":"https:\/\/schema.org","@graph":[{"@type":"Article","@id":"https:\/\/www.iemj.org\/en\/fonds-abbina-diena\/#article","isPartOf":{"@id":"https:\/\/www.iemj.org\/en\/fonds-abbina-diena\/"},"author":{"name":"Jacqueline ROTEN","@id":"https:\/\/www.iemj.org\/en\/#\/schema\/person\/358e26c18aca017fcc4cc15437f7279c"},"headline":"The Abbina-Diena Collection","datePublished":"2018-02-27T10:02:26+00:00","dateModified":"2023-10-17T13:59:37+00:00","mainEntityOfPage":{"@id":"https:\/\/www.iemj.org\/en\/fonds-abbina-diena\/"},"wordCount":395,"publisher":{"@id":"https:\/\/www.iemj.org\/en\/#organization"},"image":{"@id":"https:\/\/www.iemj.org\/en\/fonds-abbina-diena\/#primaryimage"},"thumbnailUrl":"https:\/\/www.iemj.org\/wp-content\/uploads\/2018\/02\/Fonds-Diena.jpg","keywords":["Italy"],"articleSection":["Main Holdings"],"inLanguage":"en-US"},{"@type":"WebPage","@id":"https:\/\/www.iemj.org\/en\/fonds-abbina-diena\/","url":"https:\/\/www.iemj.org\/en\/fonds-abbina-diena\/","name":"The Abbina-Diena Collection - Institut Europ\u00e9en des Musiques Juives","isPartOf":{"@id":"https:\/\/www.iemj.org\/en\/#website"},"primaryImageOfPage":{"@id":"https:\/\/www.iemj.org\/en\/fonds-abbina-diena\/#primaryimage"},"image":{"@id":"https:\/\/www.iemj.org\/en\/fonds-abbina-diena\/#primaryimage"},"thumbnailUrl":"https:\/\/www.iemj.org\/wp-content\/uploads\/2018\/02\/Fonds-Diena.jpg","datePublished":"2018-02-27T10:02:26+00:00","dateModified":"2023-10-17T13:59:37+00:00","breadcrumb":{"@id":"https:\/\/www.iemj.org\/en\/fonds-abbina-diena\/#breadcrumb"},"inLanguage":"en-US","potentialAction":[{"@type":"ReadAction","target":["https:\/\/www.iemj.org\/en\/fonds-abbina-diena\/"]}]},{"@type":"ImageObject","inLanguage":"en-US","@id":"https:\/\/www.iemj.org\/en\/fonds-abbina-diena\/#primaryimage","url":"https:\/\/www.iemj.org\/wp-content\/uploads\/2018\/02\/Fonds-Diena.jpg","contentUrl":"https:\/\/www.iemj.org\/wp-content\/uploads\/2018\/02\/Fonds-Diena.jpg","width":575,"height":575},{"@type":"BreadcrumbList","@id":"https:\/\/www.iemj.org\/en\/fonds-abbina-diena\/#breadcrumb","itemListElement":[{"@type":"ListItem","position":1,"name":"Accueil","item":"https:\/\/www.iemj.org\/en\/"},{"@type":"ListItem","position":2,"name":"The Abbina-Diena Collection"}]},{"@type":"WebSite","@id":"https:\/\/www.iemj.org\/en\/#website","url":"https:\/\/www.iemj.org\/en\/","name":"Institut Europ\u00e9en des Musiques Juives","description":"Des traditions musicales \u00e0 la port\u00e9e de tous","publisher":{"@id":"https:\/\/www.iemj.org\/en\/#organization"},"potentialAction":[{"@type":"SearchAction","target":{"@type":"EntryPoint","urlTemplate":"https:\/\/www.iemj.org\/en\/?s={search_term_string}"},"query-input":{"@type":"PropertyValueSpecification","valueRequired":true,"valueName":"search_term_string"}}],"inLanguage":"en-US"},{"@type":"Organization","@id":"https:\/\/www.iemj.org\/en\/#organization","name":"Institut Europ\u00e9en des Musiques Juives","url":"https:\/\/www.iemj.org\/en\/","logo":{"@type":"ImageObject","inLanguage":"en-US","@id":"https:\/\/www.iemj.org\/en\/#\/schema\/logo\/image\/","url":"https:\/\/www.iemj.org\/wp-content\/uploads\/2021\/09\/Logo-IEMJ-Paypal.jpg","contentUrl":"https:\/\/www.iemj.org\/wp-content\/uploads\/2021\/09\/Logo-IEMJ-Paypal.jpg","width":150,"height":50,"caption":"Institut Europ\u00e9en des Musiques Juives"},"image":{"@id":"https:\/\/www.iemj.org\/en\/#\/schema\/logo\/image\/"},"sameAs":["https:\/\/www.facebook.com\/MusiquesJuives\/","https:\/\/www.instagram.com\/musiquesjuives\/","https:\/\/www.youtube.com\/user\/musiquesjuives"]},{"@type":"Person","@id":"https:\/\/www.iemj.org\/en\/#\/schema\/person\/358e26c18aca017fcc4cc15437f7279c","name":"Jacqueline ROTEN","image":{"@type":"ImageObject","inLanguage":"en-US","@id":"https:\/\/secure.gravatar.com\/avatar\/5964256d6c6957de3a3505278957e0fb2a35119ac47ea41827a65301213c810b?s=96&d=mm&r=g","url":"https:\/\/secure.gravatar.com\/avatar\/5964256d6c6957de3a3505278957e0fb2a35119ac47ea41827a65301213c810b?s=96&d=mm&r=g","contentUrl":"https:\/\/secure.gravatar.com\/avatar\/5964256d6c6957de3a3505278957e0fb2a35119ac47ea41827a65301213c810b?s=96&d=mm&r=g","caption":"Jacqueline ROTEN"}}]}},"_links":{"self":[{"href":"https:\/\/www.iemj.org\/en\/wp-json\/wp\/v2\/posts\/57715","targetHints":{"allow":["GET"]}}],"collection":[{"href":"https:\/\/www.iemj.org\/en\/wp-json\/wp\/v2\/posts"}],"about":[{"href":"https:\/\/www.iemj.org\/en\/wp-json\/wp\/v2\/types\/post"}],"author":[{"embeddable":true,"href":"https:\/\/www.iemj.org\/en\/wp-json\/wp\/v2\/users\/5"}],"replies":[{"embeddable":true,"href":"https:\/\/www.iemj.org\/en\/wp-json\/wp\/v2\/comments?post=57715"}],"version-history":[{"count":0,"href":"https:\/\/www.iemj.org\/en\/wp-json\/wp\/v2\/posts\/57715\/revisions"}],"wp:featuredmedia":[{"embeddable":true,"href":"https:\/\/www.iemj.org\/en\/wp-json\/wp\/v2\/media\/83270"}],"wp:attachment":[{"href":"https:\/\/www.iemj.org\/en\/wp-json\/wp\/v2\/media?parent=57715"}],"wp:term":[{"taxonomy":"category","embeddable":true,"href":"https:\/\/www.iemj.org\/en\/wp-json\/wp\/v2\/categories?post=57715"},{"taxonomy":"post_tag","embeddable":true,"href":"https:\/\/www.iemj.org\/en\/wp-json\/wp\/v2\/tags?post=57715"},{"taxonomy":"technique","embeddable":true,"href":"https:\/\/www.iemj.org\/en\/wp-json\/wp\/v2\/technique?post=57715"},{"taxonomy":"squelettes","embeddable":true,"href":"https:\/\/www.iemj.org\/en\/wp-json\/wp\/v2\/squelettes?post=57715"},{"taxonomy":"sujet","embeddable":true,"href":"https:\/\/www.iemj.org\/en\/wp-json\/wp\/v2\/sujet?post=57715"},{"taxonomy":"formation","embeddable":true,"href":"https:\/\/www.iemj.org\/en\/wp-json\/wp\/v2\/formation?post=57715"},{"taxonomy":"genre","embeddable":true,"href":"https:\/\/www.iemj.org\/en\/wp-json\/wp\/v2\/genre?post=57715"},{"taxonomy":"fonds","embeddable":true,"href":"https:\/\/www.iemj.org\/en\/wp-json\/wp\/v2\/fonds?post=57715"},{"taxonomy":"tradition","embeddable":true,"href":"https:\/\/www.iemj.org\/en\/wp-json\/wp\/v2\/tradition?post=57715"},{"taxonomy":"type-de-contenu","embeddable":true,"href":"https:\/\/www.iemj.org\/en\/wp-json\/wp\/v2\/type-de-contenu?post=57715"},{"taxonomy":"interprete-compositeur","embeddable":true,"href":"https:\/\/www.iemj.org\/en\/wp-json\/wp\/v2\/interprete-compositeur?post=57715"},{"taxonomy":"frise","embeddable":true,"href":"https:\/\/www.iemj.org\/en\/wp-json\/wp\/v2\/frise?post=57715"},{"taxonomy":"type-devenement","embeddable":true,"href":"https:\/\/www.iemj.org\/en\/wp-json\/wp\/v2\/type-devenement?post=57715"},{"taxonomy":"tableaux-liens-externes","embeddable":true,"href":"https:\/\/www.iemj.org\/en\/wp-json\/wp\/v2\/tableaux-liens-externes?post=57715"}],"curies":[{"name":"wp","href":"https:\/\/api.w.org\/{rel}","templated":true}]}}