{"id":57761,"date":"2015-11-05T12:01:20","date_gmt":"2015-11-05T11:01:20","guid":{"rendered":"https:\/\/www.iemj.org\/fonds-alberto-hemsi\/"},"modified":"2025-02-25T16:38:13","modified_gmt":"2025-02-25T15:38:13","slug":"fonds-alberto-hemsi","status":"publish","type":"post","link":"https:\/\/www.iemj.org\/en\/fonds-alberto-hemsi\/","title":{"rendered":"The Alberto Hemsi Collection"},"content":{"rendered":"<p>In July 2004, Mme Myriam Capelluto Hemsi, widow of the collector and composer <a href=\"https:\/\/www.iemj.org\/en\/hemsi-alberto-1898-1975\/\" target=\"_blank\" rel=\"noopener\">Alberto Hemsi<\/a> (1896 &#8211; 1975), donated her husband\u2019s archives to the EIJM. Alberto Hemsi was one of the first composers to collect music from the Sephardi Jews of the former Ottomane empire, and to use it in many of his works.<\/p>\n<p>The records of this exceptional patrimonial collection have been done by Herv\u00e9 Roten and Jessica Roda between 2004 and 2005.<\/p>\n<p>This collection include:<br \/>\n&#8211; 226 manuscripted and printed sheet music, many of them unreleased<br \/>\n&#8211; 42 magnetic tapes recorded with the composer<br \/>\n&#8211; 4 audio cassettes<br \/>\n&#8211; 4 books<br \/>\n&#8211; 7 various archives<\/p>\n<p>You can now search these archives in our catalogue (<a href=\"http:\/\/www.rachelnet.net\/F\/?func=find-c&amp;ccl_term=WHOC%3DAlberto+Hemsi&amp;local_base=iemcg&amp;x=0&amp;y=0\" target=\"_blank\" rel=\"noopener\"><strong>browse the Hemsi\u2019s collection<\/strong><\/a>) or by taking an appointment with the European Institute of Jewish Music. (<a href=\"mailto:contact@iemj.org\">contact@iemj.org<\/a>)<\/p>\n<p><a href=\"https:\/\/www.iemj.org\/en\/hemsi-alberto-1898-1975\/\" target=\"_blank\" rel=\"noopener\">Learn more about Alberto Hemsi<\/a><br \/>\n<a href=\"https:\/\/www.iemj.org\/en\/alberto-hemsi-coplas-sefardies\/\" target=\"_blank\" rel=\"noopener\">Learn more on the CD Alberto Hemsi, Coplas sefardies, coll. PMJF, vol. 4<\/a><br \/>\n<a href=\"https:\/\/www.iemj.org\/en\/product\/alberto-hemsi-coplas-sefardies\/\">Purchase the CD Alberto Hemsi Coplas sefardie, coll PMJF, vol. 4.<\/a><\/p>\n<p><img fetchpriority=\"high\" decoding=\"async\" class=\" aligncenter size-full wp-image-8355\" src=\"https:\/\/www.iemj.org\/wp-content\/uploads\/2015\/11\/art2_siteiemj.jpg\" alt=\"art2_siteiemj.jpg\" width=\"422\" height=\"580\" align=\"middle\" srcset=\"https:\/\/www.iemj.org\/wp-content\/uploads\/2015\/11\/art2_siteiemj.jpg 422w, https:\/\/www.iemj.org\/wp-content\/uploads\/2015\/11\/art2_siteiemj-218x300.jpg 218w\" sizes=\"(max-width: 422px) 100vw, 422px\" \/><\/p>\n","protected":false},"excerpt":{"rendered":"<p>In July 2004, Mme Myriam Capelluto Hemsi, widow of the collector and composer Alberto Hemsi (1896 &#8211; 1975), donated her husband\u2019s archives to the EIJM. Alberto Hemsi was one of<\/p>\n","protected":false},"author":1045,"featured_media":8353,"comment_status":"closed","ping_status":"open","sticky":false,"template":"","format":"standard","meta":{"_acf_changed":false,"footnotes":""},"categories":[1584],"tags":[],"technique":[],"squelettes":[],"sujet":[],"formation":[],"genre":[],"fonds":[],"tradition":[],"type-de-contenu":[],"interprete-compositeur":[3083],"frise":[],"type-devenement":[],"tableaux-liens-externes":[],"class_list":["post-57761","post","type-post","status-publish","format-standard","has-post-thumbnail","hentry","category-main-holdings-en","interprete-compositeur-alberto-hemsi-en"],"acf":[],"yoast_head":"<!-- This site is optimized with the Yoast SEO plugin v27.3 - https:\/\/yoast.com\/product\/yoast-seo-wordpress\/ -->\n<title>The Alberto Hemsi Collection - Institut Europ\u00e9en des Musiques Juives<\/title>\n<meta name=\"robots\" content=\"index, follow, max-snippet:-1, max-image-preview:large, max-video-preview:-1\" \/>\n<link rel=\"canonical\" href=\"https:\/\/www.iemj.org\/en\/fonds-alberto-hemsi\/\" \/>\n<meta property=\"og:locale\" content=\"en_US\" \/>\n<meta property=\"og:type\" content=\"article\" \/>\n<meta property=\"og:title\" content=\"The Alberto Hemsi Collection - Institut Europ\u00e9en des Musiques Juives\" \/>\n<meta property=\"og:description\" content=\"In July 2004, Mme Myriam Capelluto Hemsi, widow of the collector and composer Alberto Hemsi (1896 &#8211; 1975), donated her husband\u2019s archives to the EIJM. Alberto Hemsi was one of\" \/>\n<meta property=\"og:url\" content=\"https:\/\/www.iemj.org\/en\/fonds-alberto-hemsi\/\" \/>\n<meta property=\"og:site_name\" content=\"Institut Europ\u00e9en des Musiques Juives\" \/>\n<meta property=\"article:publisher\" content=\"https:\/\/www.facebook.com\/MusiquesJuives\/\" \/>\n<meta property=\"article:published_time\" content=\"2015-11-05T11:01:20+00:00\" \/>\n<meta property=\"article:modified_time\" content=\"2025-02-25T15:38:13+00:00\" \/>\n<meta property=\"og:image\" content=\"https:\/\/www.iemj.org\/wp-content\/uploads\/2015\/11\/arton1246.jpg\" \/>\n\t<meta property=\"og:image:width\" content=\"150\" \/>\n\t<meta property=\"og:image:height\" content=\"231\" \/>\n\t<meta property=\"og:image:type\" content=\"image\/jpeg\" \/>\n<meta name=\"author\" content=\"Herv\u00e9 Roten\" \/>\n<meta name=\"twitter:card\" content=\"summary_large_image\" \/>\n<meta name=\"twitter:label1\" content=\"Written by\" \/>\n\t<meta name=\"twitter:data1\" content=\"Herv\u00e9 Roten\" \/>\n\t<meta name=\"twitter:label2\" content=\"Est. reading time\" \/>\n\t<meta name=\"twitter:data2\" content=\"2 minutes\" \/>\n<script type=\"application\/ld+json\" class=\"yoast-schema-graph\">{\"@context\":\"https:\\\/\\\/schema.org\",\"@graph\":[{\"@type\":\"Article\",\"@id\":\"https:\\\/\\\/www.iemj.org\\\/en\\\/fonds-alberto-hemsi\\\/#article\",\"isPartOf\":{\"@id\":\"https:\\\/\\\/www.iemj.org\\\/en\\\/fonds-alberto-hemsi\\\/\"},\"author\":{\"name\":\"Herv\u00e9 Roten\",\"@id\":\"https:\\\/\\\/www.iemj.org\\\/en\\\/#\\\/schema\\\/person\\\/906134402c29d5c76e7b726261dd4bbd\"},\"headline\":\"The Alberto Hemsi Collection\",\"datePublished\":\"2015-11-05T11:01:20+00:00\",\"dateModified\":\"2025-02-25T15:38:13+00:00\",\"mainEntityOfPage\":{\"@id\":\"https:\\\/\\\/www.iemj.org\\\/en\\\/fonds-alberto-hemsi\\\/\"},\"wordCount\":158,\"publisher\":{\"@id\":\"https:\\\/\\\/www.iemj.org\\\/en\\\/#organization\"},\"image\":{\"@id\":\"https:\\\/\\\/www.iemj.org\\\/en\\\/fonds-alberto-hemsi\\\/#primaryimage\"},\"thumbnailUrl\":\"https:\\\/\\\/www.iemj.org\\\/wp-content\\\/uploads\\\/2015\\\/11\\\/arton1246.jpg\",\"articleSection\":[\"Main Holdings\"],\"inLanguage\":\"en-US\"},{\"@type\":\"WebPage\",\"@id\":\"https:\\\/\\\/www.iemj.org\\\/en\\\/fonds-alberto-hemsi\\\/\",\"url\":\"https:\\\/\\\/www.iemj.org\\\/en\\\/fonds-alberto-hemsi\\\/\",\"name\":\"The Alberto Hemsi Collection - Institut Europ\u00e9en des Musiques Juives\",\"isPartOf\":{\"@id\":\"https:\\\/\\\/www.iemj.org\\\/en\\\/#website\"},\"primaryImageOfPage\":{\"@id\":\"https:\\\/\\\/www.iemj.org\\\/en\\\/fonds-alberto-hemsi\\\/#primaryimage\"},\"image\":{\"@id\":\"https:\\\/\\\/www.iemj.org\\\/en\\\/fonds-alberto-hemsi\\\/#primaryimage\"},\"thumbnailUrl\":\"https:\\\/\\\/www.iemj.org\\\/wp-content\\\/uploads\\\/2015\\\/11\\\/arton1246.jpg\",\"datePublished\":\"2015-11-05T11:01:20+00:00\",\"dateModified\":\"2025-02-25T15:38:13+00:00\",\"breadcrumb\":{\"@id\":\"https:\\\/\\\/www.iemj.org\\\/en\\\/fonds-alberto-hemsi\\\/#breadcrumb\"},\"inLanguage\":\"en-US\",\"potentialAction\":[{\"@type\":\"ReadAction\",\"target\":[\"https:\\\/\\\/www.iemj.org\\\/en\\\/fonds-alberto-hemsi\\\/\"]}]},{\"@type\":\"ImageObject\",\"inLanguage\":\"en-US\",\"@id\":\"https:\\\/\\\/www.iemj.org\\\/en\\\/fonds-alberto-hemsi\\\/#primaryimage\",\"url\":\"https:\\\/\\\/www.iemj.org\\\/wp-content\\\/uploads\\\/2015\\\/11\\\/arton1246.jpg\",\"contentUrl\":\"https:\\\/\\\/www.iemj.org\\\/wp-content\\\/uploads\\\/2015\\\/11\\\/arton1246.jpg\",\"width\":150,\"height\":231},{\"@type\":\"BreadcrumbList\",\"@id\":\"https:\\\/\\\/www.iemj.org\\\/en\\\/fonds-alberto-hemsi\\\/#breadcrumb\",\"itemListElement\":[{\"@type\":\"ListItem\",\"position\":1,\"name\":\"Accueil\",\"item\":\"https:\\\/\\\/www.iemj.org\\\/en\\\/\"},{\"@type\":\"ListItem\",\"position\":2,\"name\":\"The Alberto Hemsi Collection\"}]},{\"@type\":\"WebSite\",\"@id\":\"https:\\\/\\\/www.iemj.org\\\/en\\\/#website\",\"url\":\"https:\\\/\\\/www.iemj.org\\\/en\\\/\",\"name\":\"Institut Europ\u00e9en des Musiques Juives\",\"description\":\"Des traditions musicales \u00e0 la port\u00e9e de tous\",\"publisher\":{\"@id\":\"https:\\\/\\\/www.iemj.org\\\/en\\\/#organization\"},\"potentialAction\":[{\"@type\":\"SearchAction\",\"target\":{\"@type\":\"EntryPoint\",\"urlTemplate\":\"https:\\\/\\\/www.iemj.org\\\/en\\\/?s={search_term_string}\"},\"query-input\":{\"@type\":\"PropertyValueSpecification\",\"valueRequired\":true,\"valueName\":\"search_term_string\"}}],\"inLanguage\":\"en-US\"},{\"@type\":\"Organization\",\"@id\":\"https:\\\/\\\/www.iemj.org\\\/en\\\/#organization\",\"name\":\"Institut Europ\u00e9en des Musiques Juives\",\"url\":\"https:\\\/\\\/www.iemj.org\\\/en\\\/\",\"logo\":{\"@type\":\"ImageObject\",\"inLanguage\":\"en-US\",\"@id\":\"https:\\\/\\\/www.iemj.org\\\/en\\\/#\\\/schema\\\/logo\\\/image\\\/\",\"url\":\"https:\\\/\\\/www.iemj.org\\\/wp-content\\\/uploads\\\/2021\\\/09\\\/Logo-IEMJ-Paypal.jpg\",\"contentUrl\":\"https:\\\/\\\/www.iemj.org\\\/wp-content\\\/uploads\\\/2021\\\/09\\\/Logo-IEMJ-Paypal.jpg\",\"width\":150,\"height\":50,\"caption\":\"Institut Europ\u00e9en des Musiques Juives\"},\"image\":{\"@id\":\"https:\\\/\\\/www.iemj.org\\\/en\\\/#\\\/schema\\\/logo\\\/image\\\/\"},\"sameAs\":[\"https:\\\/\\\/www.facebook.com\\\/MusiquesJuives\\\/\",\"https:\\\/\\\/www.instagram.com\\\/musiquesjuives\\\/\",\"https:\\\/\\\/www.youtube.com\\\/user\\\/musiquesjuives\"]},{\"@type\":\"Person\",\"@id\":\"https:\\\/\\\/www.iemj.org\\\/en\\\/#\\\/schema\\\/person\\\/906134402c29d5c76e7b726261dd4bbd\",\"name\":\"Herv\u00e9 Roten\",\"image\":{\"@type\":\"ImageObject\",\"inLanguage\":\"en-US\",\"@id\":\"https:\\\/\\\/secure.gravatar.com\\\/avatar\\\/f96ad2db538a26481f18384936b5cd0610c92d390c4dc382209216d455f685ff?s=96&d=mm&r=g\",\"url\":\"https:\\\/\\\/secure.gravatar.com\\\/avatar\\\/f96ad2db538a26481f18384936b5cd0610c92d390c4dc382209216d455f685ff?s=96&d=mm&r=g\",\"contentUrl\":\"https:\\\/\\\/secure.gravatar.com\\\/avatar\\\/f96ad2db538a26481f18384936b5cd0610c92d390c4dc382209216d455f685ff?s=96&d=mm&r=g\",\"caption\":\"Herv\u00e9 Roten\"}}]}<\/script>\n<!-- \/ Yoast SEO plugin. -->","yoast_head_json":{"title":"The Alberto Hemsi Collection - Institut Europ\u00e9en des Musiques Juives","robots":{"index":"index","follow":"follow","max-snippet":"max-snippet:-1","max-image-preview":"max-image-preview:large","max-video-preview":"max-video-preview:-1"},"canonical":"https:\/\/www.iemj.org\/en\/fonds-alberto-hemsi\/","og_locale":"en_US","og_type":"article","og_title":"The Alberto Hemsi Collection - Institut Europ\u00e9en des Musiques Juives","og_description":"In July 2004, Mme Myriam Capelluto Hemsi, widow of the collector and composer Alberto Hemsi (1896 &#8211; 1975), donated her husband\u2019s archives to the EIJM. Alberto Hemsi was one of","og_url":"https:\/\/www.iemj.org\/en\/fonds-alberto-hemsi\/","og_site_name":"Institut Europ\u00e9en des Musiques Juives","article_publisher":"https:\/\/www.facebook.com\/MusiquesJuives\/","article_published_time":"2015-11-05T11:01:20+00:00","article_modified_time":"2025-02-25T15:38:13+00:00","og_image":[{"width":150,"height":231,"url":"https:\/\/www.iemj.org\/wp-content\/uploads\/2015\/11\/arton1246.jpg","type":"image\/jpeg"}],"author":"Herv\u00e9 Roten","twitter_card":"summary_large_image","twitter_misc":{"Written by":"Herv\u00e9 Roten","Est. reading time":"2 minutes"},"schema":{"@context":"https:\/\/schema.org","@graph":[{"@type":"Article","@id":"https:\/\/www.iemj.org\/en\/fonds-alberto-hemsi\/#article","isPartOf":{"@id":"https:\/\/www.iemj.org\/en\/fonds-alberto-hemsi\/"},"author":{"name":"Herv\u00e9 Roten","@id":"https:\/\/www.iemj.org\/en\/#\/schema\/person\/906134402c29d5c76e7b726261dd4bbd"},"headline":"The Alberto Hemsi Collection","datePublished":"2015-11-05T11:01:20+00:00","dateModified":"2025-02-25T15:38:13+00:00","mainEntityOfPage":{"@id":"https:\/\/www.iemj.org\/en\/fonds-alberto-hemsi\/"},"wordCount":158,"publisher":{"@id":"https:\/\/www.iemj.org\/en\/#organization"},"image":{"@id":"https:\/\/www.iemj.org\/en\/fonds-alberto-hemsi\/#primaryimage"},"thumbnailUrl":"https:\/\/www.iemj.org\/wp-content\/uploads\/2015\/11\/arton1246.jpg","articleSection":["Main Holdings"],"inLanguage":"en-US"},{"@type":"WebPage","@id":"https:\/\/www.iemj.org\/en\/fonds-alberto-hemsi\/","url":"https:\/\/www.iemj.org\/en\/fonds-alberto-hemsi\/","name":"The Alberto Hemsi Collection - Institut Europ\u00e9en des Musiques Juives","isPartOf":{"@id":"https:\/\/www.iemj.org\/en\/#website"},"primaryImageOfPage":{"@id":"https:\/\/www.iemj.org\/en\/fonds-alberto-hemsi\/#primaryimage"},"image":{"@id":"https:\/\/www.iemj.org\/en\/fonds-alberto-hemsi\/#primaryimage"},"thumbnailUrl":"https:\/\/www.iemj.org\/wp-content\/uploads\/2015\/11\/arton1246.jpg","datePublished":"2015-11-05T11:01:20+00:00","dateModified":"2025-02-25T15:38:13+00:00","breadcrumb":{"@id":"https:\/\/www.iemj.org\/en\/fonds-alberto-hemsi\/#breadcrumb"},"inLanguage":"en-US","potentialAction":[{"@type":"ReadAction","target":["https:\/\/www.iemj.org\/en\/fonds-alberto-hemsi\/"]}]},{"@type":"ImageObject","inLanguage":"en-US","@id":"https:\/\/www.iemj.org\/en\/fonds-alberto-hemsi\/#primaryimage","url":"https:\/\/www.iemj.org\/wp-content\/uploads\/2015\/11\/arton1246.jpg","contentUrl":"https:\/\/www.iemj.org\/wp-content\/uploads\/2015\/11\/arton1246.jpg","width":150,"height":231},{"@type":"BreadcrumbList","@id":"https:\/\/www.iemj.org\/en\/fonds-alberto-hemsi\/#breadcrumb","itemListElement":[{"@type":"ListItem","position":1,"name":"Accueil","item":"https:\/\/www.iemj.org\/en\/"},{"@type":"ListItem","position":2,"name":"The Alberto Hemsi Collection"}]},{"@type":"WebSite","@id":"https:\/\/www.iemj.org\/en\/#website","url":"https:\/\/www.iemj.org\/en\/","name":"Institut Europ\u00e9en des Musiques Juives","description":"Des traditions musicales \u00e0 la port\u00e9e de tous","publisher":{"@id":"https:\/\/www.iemj.org\/en\/#organization"},"potentialAction":[{"@type":"SearchAction","target":{"@type":"EntryPoint","urlTemplate":"https:\/\/www.iemj.org\/en\/?s={search_term_string}"},"query-input":{"@type":"PropertyValueSpecification","valueRequired":true,"valueName":"search_term_string"}}],"inLanguage":"en-US"},{"@type":"Organization","@id":"https:\/\/www.iemj.org\/en\/#organization","name":"Institut Europ\u00e9en des Musiques Juives","url":"https:\/\/www.iemj.org\/en\/","logo":{"@type":"ImageObject","inLanguage":"en-US","@id":"https:\/\/www.iemj.org\/en\/#\/schema\/logo\/image\/","url":"https:\/\/www.iemj.org\/wp-content\/uploads\/2021\/09\/Logo-IEMJ-Paypal.jpg","contentUrl":"https:\/\/www.iemj.org\/wp-content\/uploads\/2021\/09\/Logo-IEMJ-Paypal.jpg","width":150,"height":50,"caption":"Institut Europ\u00e9en des Musiques Juives"},"image":{"@id":"https:\/\/www.iemj.org\/en\/#\/schema\/logo\/image\/"},"sameAs":["https:\/\/www.facebook.com\/MusiquesJuives\/","https:\/\/www.instagram.com\/musiquesjuives\/","https:\/\/www.youtube.com\/user\/musiquesjuives"]},{"@type":"Person","@id":"https:\/\/www.iemj.org\/en\/#\/schema\/person\/906134402c29d5c76e7b726261dd4bbd","name":"Herv\u00e9 Roten","image":{"@type":"ImageObject","inLanguage":"en-US","@id":"https:\/\/secure.gravatar.com\/avatar\/f96ad2db538a26481f18384936b5cd0610c92d390c4dc382209216d455f685ff?s=96&d=mm&r=g","url":"https:\/\/secure.gravatar.com\/avatar\/f96ad2db538a26481f18384936b5cd0610c92d390c4dc382209216d455f685ff?s=96&d=mm&r=g","contentUrl":"https:\/\/secure.gravatar.com\/avatar\/f96ad2db538a26481f18384936b5cd0610c92d390c4dc382209216d455f685ff?s=96&d=mm&r=g","caption":"Herv\u00e9 Roten"}}]}},"_links":{"self":[{"href":"https:\/\/www.iemj.org\/en\/wp-json\/wp\/v2\/posts\/57761","targetHints":{"allow":["GET"]}}],"collection":[{"href":"https:\/\/www.iemj.org\/en\/wp-json\/wp\/v2\/posts"}],"about":[{"href":"https:\/\/www.iemj.org\/en\/wp-json\/wp\/v2\/types\/post"}],"author":[{"embeddable":true,"href":"https:\/\/www.iemj.org\/en\/wp-json\/wp\/v2\/users\/1045"}],"replies":[{"embeddable":true,"href":"https:\/\/www.iemj.org\/en\/wp-json\/wp\/v2\/comments?post=57761"}],"version-history":[{"count":0,"href":"https:\/\/www.iemj.org\/en\/wp-json\/wp\/v2\/posts\/57761\/revisions"}],"wp:featuredmedia":[{"embeddable":true,"href":"https:\/\/www.iemj.org\/en\/wp-json\/wp\/v2\/media\/8353"}],"wp:attachment":[{"href":"https:\/\/www.iemj.org\/en\/wp-json\/wp\/v2\/media?parent=57761"}],"wp:term":[{"taxonomy":"category","embeddable":true,"href":"https:\/\/www.iemj.org\/en\/wp-json\/wp\/v2\/categories?post=57761"},{"taxonomy":"post_tag","embeddable":true,"href":"https:\/\/www.iemj.org\/en\/wp-json\/wp\/v2\/tags?post=57761"},{"taxonomy":"technique","embeddable":true,"href":"https:\/\/www.iemj.org\/en\/wp-json\/wp\/v2\/technique?post=57761"},{"taxonomy":"squelettes","embeddable":true,"href":"https:\/\/www.iemj.org\/en\/wp-json\/wp\/v2\/squelettes?post=57761"},{"taxonomy":"sujet","embeddable":true,"href":"https:\/\/www.iemj.org\/en\/wp-json\/wp\/v2\/sujet?post=57761"},{"taxonomy":"formation","embeddable":true,"href":"https:\/\/www.iemj.org\/en\/wp-json\/wp\/v2\/formation?post=57761"},{"taxonomy":"genre","embeddable":true,"href":"https:\/\/www.iemj.org\/en\/wp-json\/wp\/v2\/genre?post=57761"},{"taxonomy":"fonds","embeddable":true,"href":"https:\/\/www.iemj.org\/en\/wp-json\/wp\/v2\/fonds?post=57761"},{"taxonomy":"tradition","embeddable":true,"href":"https:\/\/www.iemj.org\/en\/wp-json\/wp\/v2\/tradition?post=57761"},{"taxonomy":"type-de-contenu","embeddable":true,"href":"https:\/\/www.iemj.org\/en\/wp-json\/wp\/v2\/type-de-contenu?post=57761"},{"taxonomy":"interprete-compositeur","embeddable":true,"href":"https:\/\/www.iemj.org\/en\/wp-json\/wp\/v2\/interprete-compositeur?post=57761"},{"taxonomy":"frise","embeddable":true,"href":"https:\/\/www.iemj.org\/en\/wp-json\/wp\/v2\/frise?post=57761"},{"taxonomy":"type-devenement","embeddable":true,"href":"https:\/\/www.iemj.org\/en\/wp-json\/wp\/v2\/type-devenement?post=57761"},{"taxonomy":"tableaux-liens-externes","embeddable":true,"href":"https:\/\/www.iemj.org\/en\/wp-json\/wp\/v2\/tableaux-liens-externes?post=57761"}],"curies":[{"name":"wp","href":"https:\/\/api.w.org\/{rel}","templated":true}]}}