{"id":57792,"date":"2017-05-10T13:00:10","date_gmt":"2017-05-10T11:00:10","guid":{"rendered":"https:\/\/www.iemj.org\/conference-musique-yiddish-dans-les-cabarets-dapres-guerre\/"},"modified":"2026-02-18T10:13:01","modified_gmt":"2026-02-18T09:13:01","slug":"conference-musique-yiddish-dans-les-cabarets-dapres-guerre","status":"publish","type":"post","link":"https:\/\/www.iemj.org\/en\/conference-musique-yiddish-dans-les-cabarets-dapres-guerre\/","title":{"rendered":"Yiddish music in Parisian cabarets after WWII"},"content":{"rendered":"\n<p><strong>A filmed conference, as part of the first edition of &#8220;Campus en musique&#8221; organized by the Medem-Arbeter Ring about Jewish Music in Paris in the Aftermath of WWII, presented by Herv\u00e9 Roten, director of the European Institute of Jewish Music, and David Winter, grand-nephew of the singer Dave Cash<\/strong><\/p>\n\n\n\n<!--more-->\n\n\n\n<p>In the immediate period after the war, the Jews tried to reconstruct, individually and collectively. Paris was then the center for hopes of revitalisation of Jewish life in Europe, and the place of passage or settlement for the survivors in search of a new home. Many organizations took part in the cultural life : Jewish societies, theatres, but also cafes and cabarets, such as <em>La Riviera<\/em> held by Bernard Potock and Dave Cash, <em>le Habibi Club<\/em> held by Sigmunt Berland (formerly known as the Petit Rancho) or the dancing-cabaret <em>Le Zodiac<\/em>. In the beginning of the 1960&#8217;s, <a href=\"https:\/\/www.iemj.org\/en\/cash-dave-louis-ludwig-slomniker-1910-1981\/\" target=\"_blank\" rel=\"noreferrer noopener\">Dave Cash<\/a> opened the <em>Cabaret Bagatelle<\/em>, on 29 rue de Clichy. A few years later, he moved and opened in the Pigalle neighborhood <em>Le Cabaret Yiddish<\/em>, which would close down in the 1970&#8217;s, because of the lack of clients.<\/p>\n\n\n\n<p>Photographies, posters, press clips and many 78 and 33 RPM discs, kept traces of that shiny time of Yiddish cabarets. Between 1948 and 1953, the music label Elesdisc recorded at least 154 songs performed by great artists such as Henri Gerro, Dave Cash, Sarah Gorby, Richard Inger, Elvira Boczkowska, Simon Nussbaum, Max Neufeld\u2026<\/p>\n\n\n\n<p>In 2015, the Music label of the European Institute of Jewish Music released a <a href=\"https:\/\/www.iemj.org\/en\/reedition-du-coffret-musiques-juives-dans-le-paris-dapres-guerre-elesdisc-1948-1953\/\" target=\"_blank\" rel=\"noreferrer noopener\">6 CD boxset<\/a> which gathered over 120 songs that witnessed the creative atmosphere of Jewish cabarets of after the war, where artists dared to mix folklore and samba, nostalgic tangos or satirical swings, in Yiddish, and also in Russian, Hebrew, Romanian&#8230;<\/p>\n\n\n\n<p><a href=\"http:\/\/boutique.iemj.org\/fr\/recherche?controller=search&amp;orderby=position&amp;orderway=desc&amp;search_query=elesdisc&amp;submit_search=\" target=\"_blank\" rel=\"noreferrer noopener\"><\/a><a href=\"https:\/\/www.iemj.org\/en\/product\/casket-of-the-jewish-musics-in-paris-in-the-aftermath-of-ww-ii\/\" target=\"_blank\" rel=\"noreferrer noopener\">Purchase the 6 CD boxset on the online EIJM\u2019s shop<\/a><\/p>\n\n\n\n<p><a href=\"https:\/\/www.iemj.org\/en\/video-musique-juives-dans-le-paris-dapres-guerre\/\" target=\"_blank\" rel=\"noreferrer noopener\">See the video <em>Jewish music in Paris in the aftermath of WWII<\/em><\/a><\/p>\n\n\n\n<p><strong>Produce : <\/strong> The EIJM Editions<br><strong>With the contribution of :<\/strong> El\u00e9onore Biezunski, L\u00e9a Couderc, Herv\u00e9 Roten<\/p>\n\n\n\n<figure class=\"wp-block-video\"><video controls src=\"https:\/\/www.iemj.org\/wp-content\/uploads\/2021\/09\/Conf-Musiques-yiddish-dans-les-cabarets-dAG_compresse.mp4\"><\/video><figcaption class=\"wp-element-caption\"><strong>Watch the conference <em>Yiddish music in Parisian cabarets after WWII<\/em><\/strong><\/figcaption><\/figure>\n","protected":false},"excerpt":{"rendered":"<p>A filmed conference, as part of the first edition of &#8220;Campus en musique&#8221; organized by the Medem-Arbeter Ring about Jewish Music in Paris in the Aftermath of WWII, presented by<\/p>\n","protected":false},"author":1052,"featured_media":14041,"comment_status":"closed","ping_status":"closed","sticky":false,"template":"","format":"standard","meta":{"_acf_changed":false,"footnotes":""},"categories":[1366],"tags":[],"technique":[],"squelettes":[],"sujet":[],"formation":[],"genre":[1115],"fonds":[],"tradition":[],"type-de-contenu":[],"interprete-compositeur":[],"frise":[],"type-devenement":[],"tableaux-liens-externes":[],"class_list":["post-57792","post","type-post","status-publish","format-standard","has-post-thumbnail","hentry","category-lectures-conferences-discover-en","genre-yiddish-en-2"],"acf":[],"yoast_head":"<!-- This site is optimized with the Yoast SEO plugin v27.3 - https:\/\/yoast.com\/product\/yoast-seo-wordpress\/ -->\n<title>Yiddish music in Parisian cabarets after WWII - Institut Europ\u00e9en des Musiques Juives<\/title>\n<meta name=\"robots\" content=\"index, follow, max-snippet:-1, max-image-preview:large, max-video-preview:-1\" \/>\n<link rel=\"canonical\" href=\"https:\/\/www.iemj.org\/en\/conference-musique-yiddish-dans-les-cabarets-dapres-guerre\/\" \/>\n<meta property=\"og:locale\" content=\"en_US\" \/>\n<meta property=\"og:type\" content=\"article\" \/>\n<meta property=\"og:title\" content=\"Yiddish music in Parisian cabarets after WWII - Institut Europ\u00e9en des Musiques Juives\" \/>\n<meta property=\"og:description\" content=\"A filmed conference, as part of the first edition of &#8220;Campus en musique&#8221; organized by the Medem-Arbeter Ring about Jewish Music in Paris in the Aftermath of WWII, presented by\" \/>\n<meta property=\"og:url\" content=\"https:\/\/www.iemj.org\/en\/conference-musique-yiddish-dans-les-cabarets-dapres-guerre\/\" \/>\n<meta property=\"og:site_name\" content=\"Institut Europ\u00e9en des Musiques Juives\" \/>\n<meta property=\"article:publisher\" content=\"https:\/\/www.facebook.com\/MusiquesJuives\/\" \/>\n<meta property=\"article:published_time\" content=\"2017-05-10T11:00:10+00:00\" \/>\n<meta property=\"article:modified_time\" content=\"2026-02-18T09:13:01+00:00\" \/>\n<meta property=\"og:image\" content=\"https:\/\/www.iemj.org\/wp-content\/uploads\/2017\/05\/arton2287-e1632414127196.jpg\" \/>\n\t<meta property=\"og:image:width\" content=\"350\" \/>\n\t<meta property=\"og:image:height\" content=\"220\" \/>\n\t<meta property=\"og:image:type\" content=\"image\/jpeg\" \/>\n<meta name=\"author\" content=\"Lea Couderc\" \/>\n<meta name=\"twitter:card\" content=\"summary_large_image\" \/>\n<meta name=\"twitter:label1\" content=\"Written by\" \/>\n\t<meta name=\"twitter:data1\" content=\"Lea Couderc\" \/>\n\t<meta name=\"twitter:label2\" content=\"Est. reading time\" \/>\n\t<meta name=\"twitter:data2\" content=\"2 minutes\" \/>\n<script type=\"application\/ld+json\" class=\"yoast-schema-graph\">{\"@context\":\"https:\\\/\\\/schema.org\",\"@graph\":[{\"@type\":\"Article\",\"@id\":\"https:\\\/\\\/www.iemj.org\\\/en\\\/conference-musique-yiddish-dans-les-cabarets-dapres-guerre\\\/#article\",\"isPartOf\":{\"@id\":\"https:\\\/\\\/www.iemj.org\\\/en\\\/conference-musique-yiddish-dans-les-cabarets-dapres-guerre\\\/\"},\"author\":{\"name\":\"Lea Couderc\",\"@id\":\"https:\\\/\\\/www.iemj.org\\\/en\\\/#\\\/schema\\\/person\\\/e2ad57f2c4be119c7ed8ab79036807a9\"},\"headline\":\"Yiddish music in Parisian cabarets after WWII\",\"datePublished\":\"2017-05-10T11:00:10+00:00\",\"dateModified\":\"2026-02-18T09:13:01+00:00\",\"mainEntityOfPage\":{\"@id\":\"https:\\\/\\\/www.iemj.org\\\/en\\\/conference-musique-yiddish-dans-les-cabarets-dapres-guerre\\\/\"},\"wordCount\":338,\"publisher\":{\"@id\":\"https:\\\/\\\/www.iemj.org\\\/en\\\/#organization\"},\"image\":{\"@id\":\"https:\\\/\\\/www.iemj.org\\\/en\\\/conference-musique-yiddish-dans-les-cabarets-dapres-guerre\\\/#primaryimage\"},\"thumbnailUrl\":\"https:\\\/\\\/www.iemj.org\\\/wp-content\\\/uploads\\\/2017\\\/05\\\/arton2287-e1632414127196.jpg\",\"articleSection\":[\"Lectures \\\/ conferences\"],\"inLanguage\":\"en-US\"},{\"@type\":\"WebPage\",\"@id\":\"https:\\\/\\\/www.iemj.org\\\/en\\\/conference-musique-yiddish-dans-les-cabarets-dapres-guerre\\\/\",\"url\":\"https:\\\/\\\/www.iemj.org\\\/en\\\/conference-musique-yiddish-dans-les-cabarets-dapres-guerre\\\/\",\"name\":\"Yiddish music in Parisian cabarets after WWII - Institut Europ\u00e9en des Musiques Juives\",\"isPartOf\":{\"@id\":\"https:\\\/\\\/www.iemj.org\\\/en\\\/#website\"},\"primaryImageOfPage\":{\"@id\":\"https:\\\/\\\/www.iemj.org\\\/en\\\/conference-musique-yiddish-dans-les-cabarets-dapres-guerre\\\/#primaryimage\"},\"image\":{\"@id\":\"https:\\\/\\\/www.iemj.org\\\/en\\\/conference-musique-yiddish-dans-les-cabarets-dapres-guerre\\\/#primaryimage\"},\"thumbnailUrl\":\"https:\\\/\\\/www.iemj.org\\\/wp-content\\\/uploads\\\/2017\\\/05\\\/arton2287-e1632414127196.jpg\",\"datePublished\":\"2017-05-10T11:00:10+00:00\",\"dateModified\":\"2026-02-18T09:13:01+00:00\",\"breadcrumb\":{\"@id\":\"https:\\\/\\\/www.iemj.org\\\/en\\\/conference-musique-yiddish-dans-les-cabarets-dapres-guerre\\\/#breadcrumb\"},\"inLanguage\":\"en-US\",\"potentialAction\":[{\"@type\":\"ReadAction\",\"target\":[\"https:\\\/\\\/www.iemj.org\\\/en\\\/conference-musique-yiddish-dans-les-cabarets-dapres-guerre\\\/\"]}]},{\"@type\":\"ImageObject\",\"inLanguage\":\"en-US\",\"@id\":\"https:\\\/\\\/www.iemj.org\\\/en\\\/conference-musique-yiddish-dans-les-cabarets-dapres-guerre\\\/#primaryimage\",\"url\":\"https:\\\/\\\/www.iemj.org\\\/wp-content\\\/uploads\\\/2017\\\/05\\\/arton2287-e1632414127196.jpg\",\"contentUrl\":\"https:\\\/\\\/www.iemj.org\\\/wp-content\\\/uploads\\\/2017\\\/05\\\/arton2287-e1632414127196.jpg\",\"width\":350,\"height\":220},{\"@type\":\"BreadcrumbList\",\"@id\":\"https:\\\/\\\/www.iemj.org\\\/en\\\/conference-musique-yiddish-dans-les-cabarets-dapres-guerre\\\/#breadcrumb\",\"itemListElement\":[{\"@type\":\"ListItem\",\"position\":1,\"name\":\"Accueil\",\"item\":\"https:\\\/\\\/www.iemj.org\\\/en\\\/\"},{\"@type\":\"ListItem\",\"position\":2,\"name\":\"Yiddish music in Parisian cabarets after WWII\"}]},{\"@type\":\"WebSite\",\"@id\":\"https:\\\/\\\/www.iemj.org\\\/en\\\/#website\",\"url\":\"https:\\\/\\\/www.iemj.org\\\/en\\\/\",\"name\":\"Institut Europ\u00e9en des Musiques Juives\",\"description\":\"Des traditions musicales \u00e0 la port\u00e9e de tous\",\"publisher\":{\"@id\":\"https:\\\/\\\/www.iemj.org\\\/en\\\/#organization\"},\"potentialAction\":[{\"@type\":\"SearchAction\",\"target\":{\"@type\":\"EntryPoint\",\"urlTemplate\":\"https:\\\/\\\/www.iemj.org\\\/en\\\/?s={search_term_string}\"},\"query-input\":{\"@type\":\"PropertyValueSpecification\",\"valueRequired\":true,\"valueName\":\"search_term_string\"}}],\"inLanguage\":\"en-US\"},{\"@type\":\"Organization\",\"@id\":\"https:\\\/\\\/www.iemj.org\\\/en\\\/#organization\",\"name\":\"Institut Europ\u00e9en des Musiques Juives\",\"url\":\"https:\\\/\\\/www.iemj.org\\\/en\\\/\",\"logo\":{\"@type\":\"ImageObject\",\"inLanguage\":\"en-US\",\"@id\":\"https:\\\/\\\/www.iemj.org\\\/en\\\/#\\\/schema\\\/logo\\\/image\\\/\",\"url\":\"https:\\\/\\\/www.iemj.org\\\/wp-content\\\/uploads\\\/2021\\\/09\\\/Logo-IEMJ-Paypal.jpg\",\"contentUrl\":\"https:\\\/\\\/www.iemj.org\\\/wp-content\\\/uploads\\\/2021\\\/09\\\/Logo-IEMJ-Paypal.jpg\",\"width\":150,\"height\":50,\"caption\":\"Institut Europ\u00e9en des Musiques Juives\"},\"image\":{\"@id\":\"https:\\\/\\\/www.iemj.org\\\/en\\\/#\\\/schema\\\/logo\\\/image\\\/\"},\"sameAs\":[\"https:\\\/\\\/www.facebook.com\\\/MusiquesJuives\\\/\",\"https:\\\/\\\/www.instagram.com\\\/musiquesjuives\\\/\",\"https:\\\/\\\/www.youtube.com\\\/user\\\/musiquesjuives\"]},{\"@type\":\"Person\",\"@id\":\"https:\\\/\\\/www.iemj.org\\\/en\\\/#\\\/schema\\\/person\\\/e2ad57f2c4be119c7ed8ab79036807a9\",\"name\":\"Lea Couderc\",\"image\":{\"@type\":\"ImageObject\",\"inLanguage\":\"en-US\",\"@id\":\"https:\\\/\\\/secure.gravatar.com\\\/avatar\\\/46ee021475d60aeff17a7e490b79dea5a5684bb392ab7fd1494027411df8ba23?s=96&d=mm&r=g\",\"url\":\"https:\\\/\\\/secure.gravatar.com\\\/avatar\\\/46ee021475d60aeff17a7e490b79dea5a5684bb392ab7fd1494027411df8ba23?s=96&d=mm&r=g\",\"contentUrl\":\"https:\\\/\\\/secure.gravatar.com\\\/avatar\\\/46ee021475d60aeff17a7e490b79dea5a5684bb392ab7fd1494027411df8ba23?s=96&d=mm&r=g\",\"caption\":\"Lea Couderc\"}}]}<\/script>\n<!-- \/ Yoast SEO plugin. -->","yoast_head_json":{"title":"Yiddish music in Parisian cabarets after WWII - Institut Europ\u00e9en des Musiques Juives","robots":{"index":"index","follow":"follow","max-snippet":"max-snippet:-1","max-image-preview":"max-image-preview:large","max-video-preview":"max-video-preview:-1"},"canonical":"https:\/\/www.iemj.org\/en\/conference-musique-yiddish-dans-les-cabarets-dapres-guerre\/","og_locale":"en_US","og_type":"article","og_title":"Yiddish music in Parisian cabarets after WWII - Institut Europ\u00e9en des Musiques Juives","og_description":"A filmed conference, as part of the first edition of &#8220;Campus en musique&#8221; organized by the Medem-Arbeter Ring about Jewish Music in Paris in the Aftermath of WWII, presented by","og_url":"https:\/\/www.iemj.org\/en\/conference-musique-yiddish-dans-les-cabarets-dapres-guerre\/","og_site_name":"Institut Europ\u00e9en des Musiques Juives","article_publisher":"https:\/\/www.facebook.com\/MusiquesJuives\/","article_published_time":"2017-05-10T11:00:10+00:00","article_modified_time":"2026-02-18T09:13:01+00:00","og_image":[{"width":350,"height":220,"url":"https:\/\/www.iemj.org\/wp-content\/uploads\/2017\/05\/arton2287-e1632414127196.jpg","type":"image\/jpeg"}],"author":"Lea Couderc","twitter_card":"summary_large_image","twitter_misc":{"Written by":"Lea Couderc","Est. reading time":"2 minutes"},"schema":{"@context":"https:\/\/schema.org","@graph":[{"@type":"Article","@id":"https:\/\/www.iemj.org\/en\/conference-musique-yiddish-dans-les-cabarets-dapres-guerre\/#article","isPartOf":{"@id":"https:\/\/www.iemj.org\/en\/conference-musique-yiddish-dans-les-cabarets-dapres-guerre\/"},"author":{"name":"Lea Couderc","@id":"https:\/\/www.iemj.org\/en\/#\/schema\/person\/e2ad57f2c4be119c7ed8ab79036807a9"},"headline":"Yiddish music in Parisian cabarets after WWII","datePublished":"2017-05-10T11:00:10+00:00","dateModified":"2026-02-18T09:13:01+00:00","mainEntityOfPage":{"@id":"https:\/\/www.iemj.org\/en\/conference-musique-yiddish-dans-les-cabarets-dapres-guerre\/"},"wordCount":338,"publisher":{"@id":"https:\/\/www.iemj.org\/en\/#organization"},"image":{"@id":"https:\/\/www.iemj.org\/en\/conference-musique-yiddish-dans-les-cabarets-dapres-guerre\/#primaryimage"},"thumbnailUrl":"https:\/\/www.iemj.org\/wp-content\/uploads\/2017\/05\/arton2287-e1632414127196.jpg","articleSection":["Lectures \/ conferences"],"inLanguage":"en-US"},{"@type":"WebPage","@id":"https:\/\/www.iemj.org\/en\/conference-musique-yiddish-dans-les-cabarets-dapres-guerre\/","url":"https:\/\/www.iemj.org\/en\/conference-musique-yiddish-dans-les-cabarets-dapres-guerre\/","name":"Yiddish music in Parisian cabarets after WWII - Institut Europ\u00e9en des Musiques Juives","isPartOf":{"@id":"https:\/\/www.iemj.org\/en\/#website"},"primaryImageOfPage":{"@id":"https:\/\/www.iemj.org\/en\/conference-musique-yiddish-dans-les-cabarets-dapres-guerre\/#primaryimage"},"image":{"@id":"https:\/\/www.iemj.org\/en\/conference-musique-yiddish-dans-les-cabarets-dapres-guerre\/#primaryimage"},"thumbnailUrl":"https:\/\/www.iemj.org\/wp-content\/uploads\/2017\/05\/arton2287-e1632414127196.jpg","datePublished":"2017-05-10T11:00:10+00:00","dateModified":"2026-02-18T09:13:01+00:00","breadcrumb":{"@id":"https:\/\/www.iemj.org\/en\/conference-musique-yiddish-dans-les-cabarets-dapres-guerre\/#breadcrumb"},"inLanguage":"en-US","potentialAction":[{"@type":"ReadAction","target":["https:\/\/www.iemj.org\/en\/conference-musique-yiddish-dans-les-cabarets-dapres-guerre\/"]}]},{"@type":"ImageObject","inLanguage":"en-US","@id":"https:\/\/www.iemj.org\/en\/conference-musique-yiddish-dans-les-cabarets-dapres-guerre\/#primaryimage","url":"https:\/\/www.iemj.org\/wp-content\/uploads\/2017\/05\/arton2287-e1632414127196.jpg","contentUrl":"https:\/\/www.iemj.org\/wp-content\/uploads\/2017\/05\/arton2287-e1632414127196.jpg","width":350,"height":220},{"@type":"BreadcrumbList","@id":"https:\/\/www.iemj.org\/en\/conference-musique-yiddish-dans-les-cabarets-dapres-guerre\/#breadcrumb","itemListElement":[{"@type":"ListItem","position":1,"name":"Accueil","item":"https:\/\/www.iemj.org\/en\/"},{"@type":"ListItem","position":2,"name":"Yiddish music in Parisian cabarets after WWII"}]},{"@type":"WebSite","@id":"https:\/\/www.iemj.org\/en\/#website","url":"https:\/\/www.iemj.org\/en\/","name":"Institut Europ\u00e9en des Musiques Juives","description":"Des traditions musicales \u00e0 la port\u00e9e de tous","publisher":{"@id":"https:\/\/www.iemj.org\/en\/#organization"},"potentialAction":[{"@type":"SearchAction","target":{"@type":"EntryPoint","urlTemplate":"https:\/\/www.iemj.org\/en\/?s={search_term_string}"},"query-input":{"@type":"PropertyValueSpecification","valueRequired":true,"valueName":"search_term_string"}}],"inLanguage":"en-US"},{"@type":"Organization","@id":"https:\/\/www.iemj.org\/en\/#organization","name":"Institut Europ\u00e9en des Musiques Juives","url":"https:\/\/www.iemj.org\/en\/","logo":{"@type":"ImageObject","inLanguage":"en-US","@id":"https:\/\/www.iemj.org\/en\/#\/schema\/logo\/image\/","url":"https:\/\/www.iemj.org\/wp-content\/uploads\/2021\/09\/Logo-IEMJ-Paypal.jpg","contentUrl":"https:\/\/www.iemj.org\/wp-content\/uploads\/2021\/09\/Logo-IEMJ-Paypal.jpg","width":150,"height":50,"caption":"Institut Europ\u00e9en des Musiques Juives"},"image":{"@id":"https:\/\/www.iemj.org\/en\/#\/schema\/logo\/image\/"},"sameAs":["https:\/\/www.facebook.com\/MusiquesJuives\/","https:\/\/www.instagram.com\/musiquesjuives\/","https:\/\/www.youtube.com\/user\/musiquesjuives"]},{"@type":"Person","@id":"https:\/\/www.iemj.org\/en\/#\/schema\/person\/e2ad57f2c4be119c7ed8ab79036807a9","name":"Lea Couderc","image":{"@type":"ImageObject","inLanguage":"en-US","@id":"https:\/\/secure.gravatar.com\/avatar\/46ee021475d60aeff17a7e490b79dea5a5684bb392ab7fd1494027411df8ba23?s=96&d=mm&r=g","url":"https:\/\/secure.gravatar.com\/avatar\/46ee021475d60aeff17a7e490b79dea5a5684bb392ab7fd1494027411df8ba23?s=96&d=mm&r=g","contentUrl":"https:\/\/secure.gravatar.com\/avatar\/46ee021475d60aeff17a7e490b79dea5a5684bb392ab7fd1494027411df8ba23?s=96&d=mm&r=g","caption":"Lea Couderc"}}]}},"_links":{"self":[{"href":"https:\/\/www.iemj.org\/en\/wp-json\/wp\/v2\/posts\/57792","targetHints":{"allow":["GET"]}}],"collection":[{"href":"https:\/\/www.iemj.org\/en\/wp-json\/wp\/v2\/posts"}],"about":[{"href":"https:\/\/www.iemj.org\/en\/wp-json\/wp\/v2\/types\/post"}],"author":[{"embeddable":true,"href":"https:\/\/www.iemj.org\/en\/wp-json\/wp\/v2\/users\/1052"}],"replies":[{"embeddable":true,"href":"https:\/\/www.iemj.org\/en\/wp-json\/wp\/v2\/comments?post=57792"}],"version-history":[{"count":2,"href":"https:\/\/www.iemj.org\/en\/wp-json\/wp\/v2\/posts\/57792\/revisions"}],"predecessor-version":[{"id":130299,"href":"https:\/\/www.iemj.org\/en\/wp-json\/wp\/v2\/posts\/57792\/revisions\/130299"}],"wp:featuredmedia":[{"embeddable":true,"href":"https:\/\/www.iemj.org\/en\/wp-json\/wp\/v2\/media\/14041"}],"wp:attachment":[{"href":"https:\/\/www.iemj.org\/en\/wp-json\/wp\/v2\/media?parent=57792"}],"wp:term":[{"taxonomy":"category","embeddable":true,"href":"https:\/\/www.iemj.org\/en\/wp-json\/wp\/v2\/categories?post=57792"},{"taxonomy":"post_tag","embeddable":true,"href":"https:\/\/www.iemj.org\/en\/wp-json\/wp\/v2\/tags?post=57792"},{"taxonomy":"technique","embeddable":true,"href":"https:\/\/www.iemj.org\/en\/wp-json\/wp\/v2\/technique?post=57792"},{"taxonomy":"squelettes","embeddable":true,"href":"https:\/\/www.iemj.org\/en\/wp-json\/wp\/v2\/squelettes?post=57792"},{"taxonomy":"sujet","embeddable":true,"href":"https:\/\/www.iemj.org\/en\/wp-json\/wp\/v2\/sujet?post=57792"},{"taxonomy":"formation","embeddable":true,"href":"https:\/\/www.iemj.org\/en\/wp-json\/wp\/v2\/formation?post=57792"},{"taxonomy":"genre","embeddable":true,"href":"https:\/\/www.iemj.org\/en\/wp-json\/wp\/v2\/genre?post=57792"},{"taxonomy":"fonds","embeddable":true,"href":"https:\/\/www.iemj.org\/en\/wp-json\/wp\/v2\/fonds?post=57792"},{"taxonomy":"tradition","embeddable":true,"href":"https:\/\/www.iemj.org\/en\/wp-json\/wp\/v2\/tradition?post=57792"},{"taxonomy":"type-de-contenu","embeddable":true,"href":"https:\/\/www.iemj.org\/en\/wp-json\/wp\/v2\/type-de-contenu?post=57792"},{"taxonomy":"interprete-compositeur","embeddable":true,"href":"https:\/\/www.iemj.org\/en\/wp-json\/wp\/v2\/interprete-compositeur?post=57792"},{"taxonomy":"frise","embeddable":true,"href":"https:\/\/www.iemj.org\/en\/wp-json\/wp\/v2\/frise?post=57792"},{"taxonomy":"type-devenement","embeddable":true,"href":"https:\/\/www.iemj.org\/en\/wp-json\/wp\/v2\/type-devenement?post=57792"},{"taxonomy":"tableaux-liens-externes","embeddable":true,"href":"https:\/\/www.iemj.org\/en\/wp-json\/wp\/v2\/tableaux-liens-externes?post=57792"}],"curies":[{"name":"wp","href":"https:\/\/api.w.org\/{rel}","templated":true}]}}