{"id":57818,"date":"2016-04-28T16:29:13","date_gmt":"2016-04-28T14:29:13","guid":{"rendered":"https:\/\/www.iemj.org\/les-archives-musicales-de-la-synagogue-de-reims\/"},"modified":"2021-09-14T10:28:19","modified_gmt":"2021-09-14T08:28:19","slug":"les-archives-musicales-de-la-synagogue-de-reims","status":"publish","type":"post","link":"https:\/\/www.iemj.org\/en\/les-archives-musicales-de-la-synagogue-de-reims\/","title":{"rendered":"The musical collection of the synagogue of Reims"},"content":{"rendered":"<p>Between May 2014 and April 2016, nearly 150 hand-written pieces of sheet music from the synagogue of Reims have been collected and digitized by the EIJM. Julianne Unterberger and Herv\u00e9 Roten present here the history of the community of Reims and its rich cultural life.<\/p>\n<p><!--more--><\/p>\n<p>On May 13, 2014, the Jewish cultural and social organization of Reims, with Julianne Unterberger at its head, invited Herv\u00e9 Roten, director of the EIJM to lead a conference on the subject &#8220;Discovery of Jewish Music&#8221;. On this occasion, Julianne Unterberger, who is under the authority of Dr Marc Lagache, head of the Jewish community of Reims, gave to the institute 132 music scores, mainly hand-written, between the 19th and 20th century.<\/p>\n<p><img fetchpriority=\"high\" decoding=\"async\" class=\" alignright size-full wp-image-10438\" src=\"https:\/\/www.iemj.org\/wp-content\/uploads\/2016\/04\/doc_2_500px.jpg\" alt=\"doc_2_500px.jpg\" width=\"301\" height=\"207\" align=\"right\" \/><\/p>\n<p>\u00a0<\/p>\n<p>To these archives have been added, on April 18, 2016, another collection of 10 music scores partly damaged. Jean-Gabriel Davis, responsable of the EIJM collections went to fetch these scores in Reims, the musical heritage of Reims\u2019s community.\u00a0<\/p>\n<p>\u00a0<\/p>\n<p><img decoding=\"async\" class=\" alignleft size-full wp-image-10440\" src=\"https:\/\/www.iemj.org\/wp-content\/uploads\/2016\/04\/doc_3_orgue_500px.jpg\" alt=\"doc_3_orgue_500px.jpg\" width=\"257\" height=\"193\" align=\"left\" \/><\/p>\n<p>We find in these archives the names of the main cantors, arrangers, organ players and singers (L\u00e9on Schwartz, cantor in 1895, Salomon Schwartz, L\u00e9on Ross, Jules Fuzy, Fred Kitziger&#8230;) who contributed to enliven the Ashkenazi tradition from Reims, mainly between 1879 and the end of the 1960\u2019s. This Ashkenazi liturgy from Reims comes from the &#8220;German&#8221; tradition that was going on in Alsace-Lorraine at the turn of the 19th century, who\u2019s main representative today is the Great Synagogue of La Victoire in Paris. But as often, this official Ashkenazi tradition carry local music characteristics that come from the cantors and arrangers personality, and who wanted to leave their mark in this repertoire.<\/p>\n<p><strong><a href=\"http:\/\/www.rachelnet.net\/F\/?func=find-c&amp;ccl_term=WHOC%3Dreims&amp;local_base=iemcg&amp;x=0&amp;y=0\">Browse the musical archives from the synagogue of Reims<\/a><\/strong><\/p>\n<p><span style=\"font-size: large;\"><strong>Jewish presence in Reims (<em>by Julianne Unterberger)<\/em><\/strong><\/span><br \/>It is mentioned for the first time in the 11th century. Following the 1270 law of the Parliament of Paris, Jews were expelled and the Jewish community of Reims disappeared from the 14th century until the French Revolution. A first return happened around the 18th century, but it is after 1870 that many Jews from Alsace and Lorraine came to Reims. In 1875, the community named its first rabbi Emile Cahen but had just a small oratory and it was quickly needed to build a new synagogue.<\/p>\n<p><strong>The synagogue of Reims<\/strong><\/p>\n<p><span style=\"font-size: inherit;\"><img decoding=\"async\" class=\"size-full wp-image-10442 alignright\" src=\"https:\/\/www.iemj.org\/wp-content\/uploads\/2016\/04\/syna_reims_500px.jpg\" alt=\"syna_reims_500px.jpg\" width=\"395\" height=\"287\" align=\"middle\" srcset=\"https:\/\/www.iemj.org\/wp-content\/uploads\/2016\/04\/syna_reims_500px.jpg 395w, https:\/\/www.iemj.org\/wp-content\/uploads\/2016\/04\/syna_reims_500px-300x218.jpg 300w\" sizes=\"(max-width: 395px) 100vw, 395px\" \/> The synagogue of Reims was built by Ernest Brunette, son of the architect Narcisse Brunette, and had been inaugurated on September 5, 1879. Its decoration, the windows and murals, in a neo-mauresque style, were made by MARQUANT-VOGEL, local glassmaker master.<\/span><br \/>The organ of the synagogue, made by Augustin BRISSET, had been inaugurated in 1901. Today only two Brisset organs are left: the one of Reims\u2019s synagogue and the one in the church Notre Dame d\u2019Hirson.<br \/>The synagogue of Reims has been registered in 1989 in the inventory of historical monuments.<\/p>\n<p><strong>From 1945 to 1970<\/strong><br \/>After the 2nd World War, the Jewish community was reduced to 109 people. It is after the exodus of the French people from North Africa that the number of Jews increased to 650 in 1970, its highest number since the end of the 19th century.<\/p>\n<p><strong>Spreading Jewish culture<\/strong><br \/>The statutes of the Jewish cultural organization of Reims had been defined in 1905.<br \/>The <a href=\"https:\/\/acsireims.wixsite.com\/culturejuive-reims\" target=\"_blank\" rel=\"noopener\">Jewish social and cultural organization of Reims<\/a> had been created in April 1995, and aims to spread Jewish culture and preserve the synagogue. The participants to all activities are mainly non-Jews.<br \/>Since 2003, this organization holds conferences, exhibitions, concerts, Hebrew language courses, meetings on the subject of Judaism, commented tours of the synagogue for children and adults&#8230; Moreover, it created a choir of Jewish songs. All of these events are free and open to all. They are announced locally and on their\u00a0website.<br \/>This organization also created a publishing house for various conferences. We can find\u00a0<a href=\"https:\/\/acsirpublications.wixsite.com\/publications-acsir\" target=\"_blank\" rel=\"noopener\">audio and video archives<\/a>\u00a0of these events on their website.<\/p>\n\n\n<p><\/p>\n","protected":false},"excerpt":{"rendered":"<p>Between May 2014 and April 2016, nearly 150 hand-written pieces of sheet music from the synagogue of Reims have been collected and digitized by the EIJM. Julianne Unterberger and Herv\u00e9<\/p>\n","protected":false},"author":1045,"featured_media":10436,"comment_status":"closed","ping_status":"open","sticky":false,"template":"","format":"standard","meta":{"_acf_changed":false,"footnotes":""},"categories":[1584],"tags":[],"technique":[],"squelettes":[],"sujet":[],"formation":[],"genre":[1116],"fonds":[],"tradition":[],"type-de-contenu":[],"interprete-compositeur":[],"frise":[],"type-devenement":[],"tableaux-liens-externes":[],"class_list":["post-57818","post","type-post","status-publish","format-standard","has-post-thumbnail","hentry","category-main-holdings-en","genre-liturgy"],"acf":[],"yoast_head":"<!-- This site is optimized with the Yoast SEO plugin v27.3 - https:\/\/yoast.com\/product\/yoast-seo-wordpress\/ -->\n<title>The musical collection of the synagogue of Reims - Institut Europ\u00e9en des Musiques Juives<\/title>\n<meta name=\"robots\" content=\"index, follow, max-snippet:-1, max-image-preview:large, max-video-preview:-1\" \/>\n<link rel=\"canonical\" href=\"https:\/\/www.iemj.org\/en\/les-archives-musicales-de-la-synagogue-de-reims\/\" \/>\n<meta property=\"og:locale\" content=\"en_US\" \/>\n<meta property=\"og:type\" content=\"article\" \/>\n<meta property=\"og:title\" content=\"The musical collection of the synagogue of Reims - Institut Europ\u00e9en des Musiques Juives\" \/>\n<meta property=\"og:description\" content=\"Between May 2014 and April 2016, nearly 150 hand-written pieces of sheet music from the synagogue of Reims have been collected and digitized by the EIJM. Julianne Unterberger and Herv\u00e9\" \/>\n<meta property=\"og:url\" content=\"https:\/\/www.iemj.org\/en\/les-archives-musicales-de-la-synagogue-de-reims\/\" \/>\n<meta property=\"og:site_name\" content=\"Institut Europ\u00e9en des Musiques Juives\" \/>\n<meta property=\"article:publisher\" content=\"https:\/\/www.facebook.com\/MusiquesJuives\/\" \/>\n<meta property=\"article:published_time\" content=\"2016-04-28T14:29:13+00:00\" \/>\n<meta property=\"article:modified_time\" content=\"2021-09-14T08:28:19+00:00\" \/>\n<meta property=\"og:image\" content=\"https:\/\/www.iemj.org\/wp-content\/uploads\/2016\/04\/arton1641-e1631607700911.jpg\" \/>\n\t<meta property=\"og:image:width\" content=\"350\" \/>\n\t<meta property=\"og:image:height\" content=\"447\" \/>\n\t<meta property=\"og:image:type\" content=\"image\/jpeg\" \/>\n<meta name=\"author\" content=\"Herv\u00e9 Roten\" \/>\n<meta name=\"twitter:card\" content=\"summary_large_image\" \/>\n<meta name=\"twitter:label1\" content=\"Written by\" \/>\n\t<meta name=\"twitter:data1\" content=\"Herv\u00e9 Roten\" \/>\n\t<meta name=\"twitter:label2\" content=\"Est. reading time\" \/>\n\t<meta name=\"twitter:data2\" content=\"4 minutes\" \/>\n<script type=\"application\/ld+json\" class=\"yoast-schema-graph\">{\"@context\":\"https:\\\/\\\/schema.org\",\"@graph\":[{\"@type\":\"Article\",\"@id\":\"https:\\\/\\\/www.iemj.org\\\/en\\\/les-archives-musicales-de-la-synagogue-de-reims\\\/#article\",\"isPartOf\":{\"@id\":\"https:\\\/\\\/www.iemj.org\\\/en\\\/les-archives-musicales-de-la-synagogue-de-reims\\\/\"},\"author\":{\"name\":\"Herv\u00e9 Roten\",\"@id\":\"https:\\\/\\\/www.iemj.org\\\/en\\\/#\\\/schema\\\/person\\\/906134402c29d5c76e7b726261dd4bbd\"},\"headline\":\"The musical collection of the synagogue of Reims\",\"datePublished\":\"2016-04-28T14:29:13+00:00\",\"dateModified\":\"2021-09-14T08:28:19+00:00\",\"mainEntityOfPage\":{\"@id\":\"https:\\\/\\\/www.iemj.org\\\/en\\\/les-archives-musicales-de-la-synagogue-de-reims\\\/\"},\"wordCount\":625,\"publisher\":{\"@id\":\"https:\\\/\\\/www.iemj.org\\\/en\\\/#organization\"},\"image\":{\"@id\":\"https:\\\/\\\/www.iemj.org\\\/en\\\/les-archives-musicales-de-la-synagogue-de-reims\\\/#primaryimage\"},\"thumbnailUrl\":\"https:\\\/\\\/www.iemj.org\\\/wp-content\\\/uploads\\\/2016\\\/04\\\/arton1641-e1631607700911.jpg\",\"articleSection\":[\"Main Holdings\"],\"inLanguage\":\"en-US\"},{\"@type\":\"WebPage\",\"@id\":\"https:\\\/\\\/www.iemj.org\\\/en\\\/les-archives-musicales-de-la-synagogue-de-reims\\\/\",\"url\":\"https:\\\/\\\/www.iemj.org\\\/en\\\/les-archives-musicales-de-la-synagogue-de-reims\\\/\",\"name\":\"The musical collection of the synagogue of Reims - Institut Europ\u00e9en des Musiques Juives\",\"isPartOf\":{\"@id\":\"https:\\\/\\\/www.iemj.org\\\/en\\\/#website\"},\"primaryImageOfPage\":{\"@id\":\"https:\\\/\\\/www.iemj.org\\\/en\\\/les-archives-musicales-de-la-synagogue-de-reims\\\/#primaryimage\"},\"image\":{\"@id\":\"https:\\\/\\\/www.iemj.org\\\/en\\\/les-archives-musicales-de-la-synagogue-de-reims\\\/#primaryimage\"},\"thumbnailUrl\":\"https:\\\/\\\/www.iemj.org\\\/wp-content\\\/uploads\\\/2016\\\/04\\\/arton1641-e1631607700911.jpg\",\"datePublished\":\"2016-04-28T14:29:13+00:00\",\"dateModified\":\"2021-09-14T08:28:19+00:00\",\"breadcrumb\":{\"@id\":\"https:\\\/\\\/www.iemj.org\\\/en\\\/les-archives-musicales-de-la-synagogue-de-reims\\\/#breadcrumb\"},\"inLanguage\":\"en-US\",\"potentialAction\":[{\"@type\":\"ReadAction\",\"target\":[\"https:\\\/\\\/www.iemj.org\\\/en\\\/les-archives-musicales-de-la-synagogue-de-reims\\\/\"]}]},{\"@type\":\"ImageObject\",\"inLanguage\":\"en-US\",\"@id\":\"https:\\\/\\\/www.iemj.org\\\/en\\\/les-archives-musicales-de-la-synagogue-de-reims\\\/#primaryimage\",\"url\":\"https:\\\/\\\/www.iemj.org\\\/wp-content\\\/uploads\\\/2016\\\/04\\\/arton1641-e1631607700911.jpg\",\"contentUrl\":\"https:\\\/\\\/www.iemj.org\\\/wp-content\\\/uploads\\\/2016\\\/04\\\/arton1641-e1631607700911.jpg\",\"width\":350,\"height\":447},{\"@type\":\"BreadcrumbList\",\"@id\":\"https:\\\/\\\/www.iemj.org\\\/en\\\/les-archives-musicales-de-la-synagogue-de-reims\\\/#breadcrumb\",\"itemListElement\":[{\"@type\":\"ListItem\",\"position\":1,\"name\":\"Accueil\",\"item\":\"https:\\\/\\\/www.iemj.org\\\/en\\\/\"},{\"@type\":\"ListItem\",\"position\":2,\"name\":\"The musical collection of the synagogue of Reims\"}]},{\"@type\":\"WebSite\",\"@id\":\"https:\\\/\\\/www.iemj.org\\\/en\\\/#website\",\"url\":\"https:\\\/\\\/www.iemj.org\\\/en\\\/\",\"name\":\"Institut Europ\u00e9en des Musiques Juives\",\"description\":\"Des traditions musicales \u00e0 la port\u00e9e de tous\",\"publisher\":{\"@id\":\"https:\\\/\\\/www.iemj.org\\\/en\\\/#organization\"},\"potentialAction\":[{\"@type\":\"SearchAction\",\"target\":{\"@type\":\"EntryPoint\",\"urlTemplate\":\"https:\\\/\\\/www.iemj.org\\\/en\\\/?s={search_term_string}\"},\"query-input\":{\"@type\":\"PropertyValueSpecification\",\"valueRequired\":true,\"valueName\":\"search_term_string\"}}],\"inLanguage\":\"en-US\"},{\"@type\":\"Organization\",\"@id\":\"https:\\\/\\\/www.iemj.org\\\/en\\\/#organization\",\"name\":\"Institut Europ\u00e9en des Musiques Juives\",\"url\":\"https:\\\/\\\/www.iemj.org\\\/en\\\/\",\"logo\":{\"@type\":\"ImageObject\",\"inLanguage\":\"en-US\",\"@id\":\"https:\\\/\\\/www.iemj.org\\\/en\\\/#\\\/schema\\\/logo\\\/image\\\/\",\"url\":\"https:\\\/\\\/www.iemj.org\\\/wp-content\\\/uploads\\\/2021\\\/09\\\/Logo-IEMJ-Paypal.jpg\",\"contentUrl\":\"https:\\\/\\\/www.iemj.org\\\/wp-content\\\/uploads\\\/2021\\\/09\\\/Logo-IEMJ-Paypal.jpg\",\"width\":150,\"height\":50,\"caption\":\"Institut Europ\u00e9en des Musiques Juives\"},\"image\":{\"@id\":\"https:\\\/\\\/www.iemj.org\\\/en\\\/#\\\/schema\\\/logo\\\/image\\\/\"},\"sameAs\":[\"https:\\\/\\\/www.facebook.com\\\/MusiquesJuives\\\/\",\"https:\\\/\\\/www.instagram.com\\\/musiquesjuives\\\/\",\"https:\\\/\\\/www.youtube.com\\\/user\\\/musiquesjuives\"]},{\"@type\":\"Person\",\"@id\":\"https:\\\/\\\/www.iemj.org\\\/en\\\/#\\\/schema\\\/person\\\/906134402c29d5c76e7b726261dd4bbd\",\"name\":\"Herv\u00e9 Roten\",\"image\":{\"@type\":\"ImageObject\",\"inLanguage\":\"en-US\",\"@id\":\"https:\\\/\\\/secure.gravatar.com\\\/avatar\\\/f96ad2db538a26481f18384936b5cd0610c92d390c4dc382209216d455f685ff?s=96&d=mm&r=g\",\"url\":\"https:\\\/\\\/secure.gravatar.com\\\/avatar\\\/f96ad2db538a26481f18384936b5cd0610c92d390c4dc382209216d455f685ff?s=96&d=mm&r=g\",\"contentUrl\":\"https:\\\/\\\/secure.gravatar.com\\\/avatar\\\/f96ad2db538a26481f18384936b5cd0610c92d390c4dc382209216d455f685ff?s=96&d=mm&r=g\",\"caption\":\"Herv\u00e9 Roten\"}}]}<\/script>\n<!-- \/ Yoast SEO plugin. -->","yoast_head_json":{"title":"The musical collection of the synagogue of Reims - Institut Europ\u00e9en des Musiques Juives","robots":{"index":"index","follow":"follow","max-snippet":"max-snippet:-1","max-image-preview":"max-image-preview:large","max-video-preview":"max-video-preview:-1"},"canonical":"https:\/\/www.iemj.org\/en\/les-archives-musicales-de-la-synagogue-de-reims\/","og_locale":"en_US","og_type":"article","og_title":"The musical collection of the synagogue of Reims - Institut Europ\u00e9en des Musiques Juives","og_description":"Between May 2014 and April 2016, nearly 150 hand-written pieces of sheet music from the synagogue of Reims have been collected and digitized by the EIJM. Julianne Unterberger and Herv\u00e9","og_url":"https:\/\/www.iemj.org\/en\/les-archives-musicales-de-la-synagogue-de-reims\/","og_site_name":"Institut Europ\u00e9en des Musiques Juives","article_publisher":"https:\/\/www.facebook.com\/MusiquesJuives\/","article_published_time":"2016-04-28T14:29:13+00:00","article_modified_time":"2021-09-14T08:28:19+00:00","og_image":[{"width":350,"height":447,"url":"https:\/\/www.iemj.org\/wp-content\/uploads\/2016\/04\/arton1641-e1631607700911.jpg","type":"image\/jpeg"}],"author":"Herv\u00e9 Roten","twitter_card":"summary_large_image","twitter_misc":{"Written by":"Herv\u00e9 Roten","Est. reading time":"4 minutes"},"schema":{"@context":"https:\/\/schema.org","@graph":[{"@type":"Article","@id":"https:\/\/www.iemj.org\/en\/les-archives-musicales-de-la-synagogue-de-reims\/#article","isPartOf":{"@id":"https:\/\/www.iemj.org\/en\/les-archives-musicales-de-la-synagogue-de-reims\/"},"author":{"name":"Herv\u00e9 Roten","@id":"https:\/\/www.iemj.org\/en\/#\/schema\/person\/906134402c29d5c76e7b726261dd4bbd"},"headline":"The musical collection of the synagogue of Reims","datePublished":"2016-04-28T14:29:13+00:00","dateModified":"2021-09-14T08:28:19+00:00","mainEntityOfPage":{"@id":"https:\/\/www.iemj.org\/en\/les-archives-musicales-de-la-synagogue-de-reims\/"},"wordCount":625,"publisher":{"@id":"https:\/\/www.iemj.org\/en\/#organization"},"image":{"@id":"https:\/\/www.iemj.org\/en\/les-archives-musicales-de-la-synagogue-de-reims\/#primaryimage"},"thumbnailUrl":"https:\/\/www.iemj.org\/wp-content\/uploads\/2016\/04\/arton1641-e1631607700911.jpg","articleSection":["Main Holdings"],"inLanguage":"en-US"},{"@type":"WebPage","@id":"https:\/\/www.iemj.org\/en\/les-archives-musicales-de-la-synagogue-de-reims\/","url":"https:\/\/www.iemj.org\/en\/les-archives-musicales-de-la-synagogue-de-reims\/","name":"The musical collection of the synagogue of Reims - Institut Europ\u00e9en des Musiques Juives","isPartOf":{"@id":"https:\/\/www.iemj.org\/en\/#website"},"primaryImageOfPage":{"@id":"https:\/\/www.iemj.org\/en\/les-archives-musicales-de-la-synagogue-de-reims\/#primaryimage"},"image":{"@id":"https:\/\/www.iemj.org\/en\/les-archives-musicales-de-la-synagogue-de-reims\/#primaryimage"},"thumbnailUrl":"https:\/\/www.iemj.org\/wp-content\/uploads\/2016\/04\/arton1641-e1631607700911.jpg","datePublished":"2016-04-28T14:29:13+00:00","dateModified":"2021-09-14T08:28:19+00:00","breadcrumb":{"@id":"https:\/\/www.iemj.org\/en\/les-archives-musicales-de-la-synagogue-de-reims\/#breadcrumb"},"inLanguage":"en-US","potentialAction":[{"@type":"ReadAction","target":["https:\/\/www.iemj.org\/en\/les-archives-musicales-de-la-synagogue-de-reims\/"]}]},{"@type":"ImageObject","inLanguage":"en-US","@id":"https:\/\/www.iemj.org\/en\/les-archives-musicales-de-la-synagogue-de-reims\/#primaryimage","url":"https:\/\/www.iemj.org\/wp-content\/uploads\/2016\/04\/arton1641-e1631607700911.jpg","contentUrl":"https:\/\/www.iemj.org\/wp-content\/uploads\/2016\/04\/arton1641-e1631607700911.jpg","width":350,"height":447},{"@type":"BreadcrumbList","@id":"https:\/\/www.iemj.org\/en\/les-archives-musicales-de-la-synagogue-de-reims\/#breadcrumb","itemListElement":[{"@type":"ListItem","position":1,"name":"Accueil","item":"https:\/\/www.iemj.org\/en\/"},{"@type":"ListItem","position":2,"name":"The musical collection of the synagogue of Reims"}]},{"@type":"WebSite","@id":"https:\/\/www.iemj.org\/en\/#website","url":"https:\/\/www.iemj.org\/en\/","name":"Institut Europ\u00e9en des Musiques Juives","description":"Des traditions musicales \u00e0 la port\u00e9e de tous","publisher":{"@id":"https:\/\/www.iemj.org\/en\/#organization"},"potentialAction":[{"@type":"SearchAction","target":{"@type":"EntryPoint","urlTemplate":"https:\/\/www.iemj.org\/en\/?s={search_term_string}"},"query-input":{"@type":"PropertyValueSpecification","valueRequired":true,"valueName":"search_term_string"}}],"inLanguage":"en-US"},{"@type":"Organization","@id":"https:\/\/www.iemj.org\/en\/#organization","name":"Institut Europ\u00e9en des Musiques Juives","url":"https:\/\/www.iemj.org\/en\/","logo":{"@type":"ImageObject","inLanguage":"en-US","@id":"https:\/\/www.iemj.org\/en\/#\/schema\/logo\/image\/","url":"https:\/\/www.iemj.org\/wp-content\/uploads\/2021\/09\/Logo-IEMJ-Paypal.jpg","contentUrl":"https:\/\/www.iemj.org\/wp-content\/uploads\/2021\/09\/Logo-IEMJ-Paypal.jpg","width":150,"height":50,"caption":"Institut Europ\u00e9en des Musiques Juives"},"image":{"@id":"https:\/\/www.iemj.org\/en\/#\/schema\/logo\/image\/"},"sameAs":["https:\/\/www.facebook.com\/MusiquesJuives\/","https:\/\/www.instagram.com\/musiquesjuives\/","https:\/\/www.youtube.com\/user\/musiquesjuives"]},{"@type":"Person","@id":"https:\/\/www.iemj.org\/en\/#\/schema\/person\/906134402c29d5c76e7b726261dd4bbd","name":"Herv\u00e9 Roten","image":{"@type":"ImageObject","inLanguage":"en-US","@id":"https:\/\/secure.gravatar.com\/avatar\/f96ad2db538a26481f18384936b5cd0610c92d390c4dc382209216d455f685ff?s=96&d=mm&r=g","url":"https:\/\/secure.gravatar.com\/avatar\/f96ad2db538a26481f18384936b5cd0610c92d390c4dc382209216d455f685ff?s=96&d=mm&r=g","contentUrl":"https:\/\/secure.gravatar.com\/avatar\/f96ad2db538a26481f18384936b5cd0610c92d390c4dc382209216d455f685ff?s=96&d=mm&r=g","caption":"Herv\u00e9 Roten"}}]}},"_links":{"self":[{"href":"https:\/\/www.iemj.org\/en\/wp-json\/wp\/v2\/posts\/57818","targetHints":{"allow":["GET"]}}],"collection":[{"href":"https:\/\/www.iemj.org\/en\/wp-json\/wp\/v2\/posts"}],"about":[{"href":"https:\/\/www.iemj.org\/en\/wp-json\/wp\/v2\/types\/post"}],"author":[{"embeddable":true,"href":"https:\/\/www.iemj.org\/en\/wp-json\/wp\/v2\/users\/1045"}],"replies":[{"embeddable":true,"href":"https:\/\/www.iemj.org\/en\/wp-json\/wp\/v2\/comments?post=57818"}],"version-history":[{"count":0,"href":"https:\/\/www.iemj.org\/en\/wp-json\/wp\/v2\/posts\/57818\/revisions"}],"wp:featuredmedia":[{"embeddable":true,"href":"https:\/\/www.iemj.org\/en\/wp-json\/wp\/v2\/media\/10436"}],"wp:attachment":[{"href":"https:\/\/www.iemj.org\/en\/wp-json\/wp\/v2\/media?parent=57818"}],"wp:term":[{"taxonomy":"category","embeddable":true,"href":"https:\/\/www.iemj.org\/en\/wp-json\/wp\/v2\/categories?post=57818"},{"taxonomy":"post_tag","embeddable":true,"href":"https:\/\/www.iemj.org\/en\/wp-json\/wp\/v2\/tags?post=57818"},{"taxonomy":"technique","embeddable":true,"href":"https:\/\/www.iemj.org\/en\/wp-json\/wp\/v2\/technique?post=57818"},{"taxonomy":"squelettes","embeddable":true,"href":"https:\/\/www.iemj.org\/en\/wp-json\/wp\/v2\/squelettes?post=57818"},{"taxonomy":"sujet","embeddable":true,"href":"https:\/\/www.iemj.org\/en\/wp-json\/wp\/v2\/sujet?post=57818"},{"taxonomy":"formation","embeddable":true,"href":"https:\/\/www.iemj.org\/en\/wp-json\/wp\/v2\/formation?post=57818"},{"taxonomy":"genre","embeddable":true,"href":"https:\/\/www.iemj.org\/en\/wp-json\/wp\/v2\/genre?post=57818"},{"taxonomy":"fonds","embeddable":true,"href":"https:\/\/www.iemj.org\/en\/wp-json\/wp\/v2\/fonds?post=57818"},{"taxonomy":"tradition","embeddable":true,"href":"https:\/\/www.iemj.org\/en\/wp-json\/wp\/v2\/tradition?post=57818"},{"taxonomy":"type-de-contenu","embeddable":true,"href":"https:\/\/www.iemj.org\/en\/wp-json\/wp\/v2\/type-de-contenu?post=57818"},{"taxonomy":"interprete-compositeur","embeddable":true,"href":"https:\/\/www.iemj.org\/en\/wp-json\/wp\/v2\/interprete-compositeur?post=57818"},{"taxonomy":"frise","embeddable":true,"href":"https:\/\/www.iemj.org\/en\/wp-json\/wp\/v2\/frise?post=57818"},{"taxonomy":"type-devenement","embeddable":true,"href":"https:\/\/www.iemj.org\/en\/wp-json\/wp\/v2\/type-devenement?post=57818"},{"taxonomy":"tableaux-liens-externes","embeddable":true,"href":"https:\/\/www.iemj.org\/en\/wp-json\/wp\/v2\/tableaux-liens-externes?post=57818"}],"curies":[{"name":"wp","href":"https:\/\/api.w.org\/{rel}","templated":true}]}}