{"id":58087,"date":"2011-04-14T19:47:09","date_gmt":"2011-04-14T17:47:09","guid":{"rendered":"https:\/\/www.iemj.org\/formation-des-maitres-de-musique-de-la-ville-de-paris-2011\/"},"modified":"2022-01-19T16:25:27","modified_gmt":"2022-01-19T15:25:27","slug":"formation-des-maitres-de-musique-de-la-ville-de-paris-2011","status":"publish","type":"post","link":"https:\/\/www.iemj.org\/en\/formation-des-maitres-de-musique-de-la-ville-de-paris-2011\/","title":{"rendered":"Training of Music Teachers of Paris 2011"},"content":{"rendered":"\n<p><strong>One day of training offering a wide panorama on the history of Jewish music with a conference hosted by Herv\u00e9 Roten followed by a workshop of vocal and\/or instrumental improvisation (Chasidic nigunim, klezmer) hosted by David Lefebvre from the band <a href=\"https:\/\/www.grossomododiffusion.com\/copie-de-kalarash\" target=\"_blank\" rel=\"noreferrer noopener\">Glik<\/a>.<\/strong><\/p>\n\n\n\n<!--more-->\n\n\n\n<p class=\"post_excerpt\">The CFMJ (now called <em>European Institute of Jewish Music<\/em>) continues its pedagogical action by organizing this year a day of training for music teachers of Paris.<\/p>\n\n\n\n<p>The Jewish musical heritage \u2013 whether it is sacred (cantillation, psalmody, religious poetry\u2026), or secular (klezmer, Yiddish, Judeo-Arabic, Judeo-Spanish songs\u2026) &#8211; is as vast as varied. It is characterized by the experience of the diaspora, the meeting point of ideas and cultures. Thus there is not one but several Jewish music(s), each one of them resulting of a specific history and cultural environment.<\/p>\n\n\n\n<p>To understand, hear and practice these music(s) in their historical and cultural dimension, such is the goal of this workshop-training which proposes an audiovisual journey through time and space, through 3.700 years of Jewish music.<\/p>\n\n\n<p><strong>Program of the day, January 17, 2011 :<\/strong><\/p>\n<p><strong>Morning (9h-12h)<\/strong><\/p>\n<ul>\n<li>9 h : Welcoming of the participants and screening of a short film presenting the French Center of Jewish Music<\/li>\n<li>9h30 : Conference \u00ab Discovering Jewish music \u00bb by Herv\u00e9 Roten<\/li>\n<li>11h30 : Questions \/ exchanges about Jewish music<\/li>\n<\/ul>\n<p><strong>Afternoon (13h30-16h30)<\/strong><\/p>\n<p><strong>Workshop \u00ab East-European Jewish Music (Klezmer and Chasidic songs) \u00bb<\/strong><\/p>\n<ul>\n<li>13h30 : Introduction to klezmer music, the instrumental music of East-European Jews (Herv\u00e9 Roten)<\/li>\n<li>14h30 : Workshop of vocal and\/or instrumental practices (Chasidic nigunim, klezmer) (David Lefebvre)<\/li>\n<li>16h30 : End of training<\/li>\n<\/ul>\n<h2><a href=\"https:\/\/www.iemj.org\/formation-des-maitres-de-musique-de-la-ville-de-paris-2011-2\/\">Watch an excerpt of the klezmer workshop hosted by David Lefebvre<\/a><\/h2>","protected":false},"excerpt":{"rendered":"<p>One day of training offering a wide panorama on the history of Jewish music with a conference hosted by Herv\u00e9 Roten followed by a workshop of vocal and\/or instrumental improvisation<\/p>\n","protected":false},"author":1047,"featured_media":3392,"comment_status":"closed","ping_status":"closed","sticky":false,"template":"","format":"standard","meta":{"_acf_changed":false,"footnotes":""},"categories":[1369,1385],"tags":[2222],"technique":[],"squelettes":[],"sujet":[],"formation":[],"genre":[],"fonds":[],"tradition":[],"type-de-contenu":[],"interprete-compositeur":[],"frise":[],"type-devenement":[],"tableaux-liens-externes":[],"class_list":["post-58087","post","type-post","status-publish","format-standard","has-post-thumbnail","hentry","category-events-en","category-music-workshop-en","tag-eijm-events-en"],"acf":[],"yoast_head":"<!-- This site is optimized with the Yoast SEO plugin v27.3 - https:\/\/yoast.com\/product\/yoast-seo-wordpress\/ -->\n<title>Training of Music Teachers of Paris 2011 - Institut Europ\u00e9en des Musiques Juives<\/title>\n<meta name=\"robots\" content=\"index, follow, max-snippet:-1, max-image-preview:large, max-video-preview:-1\" \/>\n<link rel=\"canonical\" href=\"https:\/\/www.iemj.org\/en\/formation-des-maitres-de-musique-de-la-ville-de-paris-2011\/\" \/>\n<meta property=\"og:locale\" content=\"en_US\" \/>\n<meta property=\"og:type\" content=\"article\" \/>\n<meta property=\"og:title\" content=\"Training of Music Teachers of Paris 2011 - Institut Europ\u00e9en des Musiques Juives\" \/>\n<meta property=\"og:description\" content=\"One day of training offering a wide panorama on the history of Jewish music with a conference hosted by Herv\u00e9 Roten followed by a workshop of vocal and\/or instrumental improvisation\" \/>\n<meta property=\"og:url\" content=\"https:\/\/www.iemj.org\/en\/formation-des-maitres-de-musique-de-la-ville-de-paris-2011\/\" \/>\n<meta property=\"og:site_name\" content=\"Institut Europ\u00e9en des Musiques Juives\" \/>\n<meta property=\"article:publisher\" content=\"https:\/\/www.facebook.com\/MusiquesJuives\/\" \/>\n<meta property=\"article:published_time\" content=\"2011-04-14T17:47:09+00:00\" \/>\n<meta property=\"article:modified_time\" content=\"2022-01-19T15:25:27+00:00\" \/>\n<meta property=\"og:image\" content=\"https:\/\/www.iemj.org\/wp-content\/uploads\/2011\/04\/arton172-e1620148887608.jpg\" \/>\n\t<meta property=\"og:image:width\" content=\"745\" \/>\n\t<meta property=\"og:image:height\" content=\"717\" \/>\n\t<meta property=\"og:image:type\" content=\"image\/jpeg\" \/>\n<meta name=\"author\" content=\"Nicolas Fevre\" \/>\n<meta name=\"twitter:card\" content=\"summary_large_image\" \/>\n<meta name=\"twitter:label1\" content=\"Written by\" \/>\n\t<meta name=\"twitter:data1\" content=\"Nicolas Fevre\" \/>\n\t<meta name=\"twitter:label2\" content=\"Est. reading time\" \/>\n\t<meta name=\"twitter:data2\" content=\"2 minutes\" \/>\n<script type=\"application\/ld+json\" class=\"yoast-schema-graph\">{\"@context\":\"https:\\\/\\\/schema.org\",\"@graph\":[{\"@type\":\"Article\",\"@id\":\"https:\\\/\\\/www.iemj.org\\\/en\\\/formation-des-maitres-de-musique-de-la-ville-de-paris-2011\\\/#article\",\"isPartOf\":{\"@id\":\"https:\\\/\\\/www.iemj.org\\\/en\\\/formation-des-maitres-de-musique-de-la-ville-de-paris-2011\\\/\"},\"author\":{\"name\":\"Nicolas Fevre\",\"@id\":\"https:\\\/\\\/www.iemj.org\\\/en\\\/#\\\/schema\\\/person\\\/0dfc8632809ec10c9e7d4daf4f4b9f1c\"},\"headline\":\"Training of Music Teachers of Paris 2011\",\"datePublished\":\"2011-04-14T17:47:09+00:00\",\"dateModified\":\"2022-01-19T15:25:27+00:00\",\"mainEntityOfPage\":{\"@id\":\"https:\\\/\\\/www.iemj.org\\\/en\\\/formation-des-maitres-de-musique-de-la-ville-de-paris-2011\\\/\"},\"wordCount\":265,\"publisher\":{\"@id\":\"https:\\\/\\\/www.iemj.org\\\/en\\\/#organization\"},\"image\":{\"@id\":\"https:\\\/\\\/www.iemj.org\\\/en\\\/formation-des-maitres-de-musique-de-la-ville-de-paris-2011\\\/#primaryimage\"},\"thumbnailUrl\":\"https:\\\/\\\/www.iemj.org\\\/wp-content\\\/uploads\\\/2011\\\/04\\\/arton172-e1620148887608.jpg\",\"keywords\":[\"EIJM Events\"],\"articleSection\":[\"Events\",\"Music Workshop\"],\"inLanguage\":\"en-US\"},{\"@type\":\"WebPage\",\"@id\":\"https:\\\/\\\/www.iemj.org\\\/en\\\/formation-des-maitres-de-musique-de-la-ville-de-paris-2011\\\/\",\"url\":\"https:\\\/\\\/www.iemj.org\\\/en\\\/formation-des-maitres-de-musique-de-la-ville-de-paris-2011\\\/\",\"name\":\"Training of Music Teachers of Paris 2011 - Institut Europ\u00e9en des Musiques Juives\",\"isPartOf\":{\"@id\":\"https:\\\/\\\/www.iemj.org\\\/en\\\/#website\"},\"primaryImageOfPage\":{\"@id\":\"https:\\\/\\\/www.iemj.org\\\/en\\\/formation-des-maitres-de-musique-de-la-ville-de-paris-2011\\\/#primaryimage\"},\"image\":{\"@id\":\"https:\\\/\\\/www.iemj.org\\\/en\\\/formation-des-maitres-de-musique-de-la-ville-de-paris-2011\\\/#primaryimage\"},\"thumbnailUrl\":\"https:\\\/\\\/www.iemj.org\\\/wp-content\\\/uploads\\\/2011\\\/04\\\/arton172-e1620148887608.jpg\",\"datePublished\":\"2011-04-14T17:47:09+00:00\",\"dateModified\":\"2022-01-19T15:25:27+00:00\",\"breadcrumb\":{\"@id\":\"https:\\\/\\\/www.iemj.org\\\/en\\\/formation-des-maitres-de-musique-de-la-ville-de-paris-2011\\\/#breadcrumb\"},\"inLanguage\":\"en-US\",\"potentialAction\":[{\"@type\":\"ReadAction\",\"target\":[\"https:\\\/\\\/www.iemj.org\\\/en\\\/formation-des-maitres-de-musique-de-la-ville-de-paris-2011\\\/\"]}]},{\"@type\":\"ImageObject\",\"inLanguage\":\"en-US\",\"@id\":\"https:\\\/\\\/www.iemj.org\\\/en\\\/formation-des-maitres-de-musique-de-la-ville-de-paris-2011\\\/#primaryimage\",\"url\":\"https:\\\/\\\/www.iemj.org\\\/wp-content\\\/uploads\\\/2011\\\/04\\\/arton172-e1620148887608.jpg\",\"contentUrl\":\"https:\\\/\\\/www.iemj.org\\\/wp-content\\\/uploads\\\/2011\\\/04\\\/arton172-e1620148887608.jpg\",\"width\":745,\"height\":717},{\"@type\":\"BreadcrumbList\",\"@id\":\"https:\\\/\\\/www.iemj.org\\\/en\\\/formation-des-maitres-de-musique-de-la-ville-de-paris-2011\\\/#breadcrumb\",\"itemListElement\":[{\"@type\":\"ListItem\",\"position\":1,\"name\":\"Accueil\",\"item\":\"https:\\\/\\\/www.iemj.org\\\/en\\\/\"},{\"@type\":\"ListItem\",\"position\":2,\"name\":\"Training of Music Teachers of Paris 2011\"}]},{\"@type\":\"WebSite\",\"@id\":\"https:\\\/\\\/www.iemj.org\\\/en\\\/#website\",\"url\":\"https:\\\/\\\/www.iemj.org\\\/en\\\/\",\"name\":\"Institut Europ\u00e9en des Musiques Juives\",\"description\":\"Des traditions musicales \u00e0 la port\u00e9e de tous\",\"publisher\":{\"@id\":\"https:\\\/\\\/www.iemj.org\\\/en\\\/#organization\"},\"potentialAction\":[{\"@type\":\"SearchAction\",\"target\":{\"@type\":\"EntryPoint\",\"urlTemplate\":\"https:\\\/\\\/www.iemj.org\\\/en\\\/?s={search_term_string}\"},\"query-input\":{\"@type\":\"PropertyValueSpecification\",\"valueRequired\":true,\"valueName\":\"search_term_string\"}}],\"inLanguage\":\"en-US\"},{\"@type\":\"Organization\",\"@id\":\"https:\\\/\\\/www.iemj.org\\\/en\\\/#organization\",\"name\":\"Institut Europ\u00e9en des Musiques Juives\",\"url\":\"https:\\\/\\\/www.iemj.org\\\/en\\\/\",\"logo\":{\"@type\":\"ImageObject\",\"inLanguage\":\"en-US\",\"@id\":\"https:\\\/\\\/www.iemj.org\\\/en\\\/#\\\/schema\\\/logo\\\/image\\\/\",\"url\":\"https:\\\/\\\/www.iemj.org\\\/wp-content\\\/uploads\\\/2021\\\/09\\\/Logo-IEMJ-Paypal.jpg\",\"contentUrl\":\"https:\\\/\\\/www.iemj.org\\\/wp-content\\\/uploads\\\/2021\\\/09\\\/Logo-IEMJ-Paypal.jpg\",\"width\":150,\"height\":50,\"caption\":\"Institut Europ\u00e9en des Musiques Juives\"},\"image\":{\"@id\":\"https:\\\/\\\/www.iemj.org\\\/en\\\/#\\\/schema\\\/logo\\\/image\\\/\"},\"sameAs\":[\"https:\\\/\\\/www.facebook.com\\\/MusiquesJuives\\\/\",\"https:\\\/\\\/www.instagram.com\\\/musiquesjuives\\\/\",\"https:\\\/\\\/www.youtube.com\\\/user\\\/musiquesjuives\"]},{\"@type\":\"Person\",\"@id\":\"https:\\\/\\\/www.iemj.org\\\/en\\\/#\\\/schema\\\/person\\\/0dfc8632809ec10c9e7d4daf4f4b9f1c\",\"name\":\"Nicolas Fevre\",\"image\":{\"@type\":\"ImageObject\",\"inLanguage\":\"en-US\",\"@id\":\"https:\\\/\\\/secure.gravatar.com\\\/avatar\\\/d879fd262de3ba26caa7035b34c65f320aa09cf4c96889ac41d9325e287ccb7b?s=96&d=mm&r=g\",\"url\":\"https:\\\/\\\/secure.gravatar.com\\\/avatar\\\/d879fd262de3ba26caa7035b34c65f320aa09cf4c96889ac41d9325e287ccb7b?s=96&d=mm&r=g\",\"contentUrl\":\"https:\\\/\\\/secure.gravatar.com\\\/avatar\\\/d879fd262de3ba26caa7035b34c65f320aa09cf4c96889ac41d9325e287ccb7b?s=96&d=mm&r=g\",\"caption\":\"Nicolas Fevre\"}}]}<\/script>\n<!-- \/ Yoast SEO plugin. -->","yoast_head_json":{"title":"Training of Music Teachers of Paris 2011 - Institut Europ\u00e9en des Musiques Juives","robots":{"index":"index","follow":"follow","max-snippet":"max-snippet:-1","max-image-preview":"max-image-preview:large","max-video-preview":"max-video-preview:-1"},"canonical":"https:\/\/www.iemj.org\/en\/formation-des-maitres-de-musique-de-la-ville-de-paris-2011\/","og_locale":"en_US","og_type":"article","og_title":"Training of Music Teachers of Paris 2011 - Institut Europ\u00e9en des Musiques Juives","og_description":"One day of training offering a wide panorama on the history of Jewish music with a conference hosted by Herv\u00e9 Roten followed by a workshop of vocal and\/or instrumental improvisation","og_url":"https:\/\/www.iemj.org\/en\/formation-des-maitres-de-musique-de-la-ville-de-paris-2011\/","og_site_name":"Institut Europ\u00e9en des Musiques Juives","article_publisher":"https:\/\/www.facebook.com\/MusiquesJuives\/","article_published_time":"2011-04-14T17:47:09+00:00","article_modified_time":"2022-01-19T15:25:27+00:00","og_image":[{"width":745,"height":717,"url":"https:\/\/www.iemj.org\/wp-content\/uploads\/2011\/04\/arton172-e1620148887608.jpg","type":"image\/jpeg"}],"author":"Nicolas Fevre","twitter_card":"summary_large_image","twitter_misc":{"Written by":"Nicolas Fevre","Est. reading time":"2 minutes"},"schema":{"@context":"https:\/\/schema.org","@graph":[{"@type":"Article","@id":"https:\/\/www.iemj.org\/en\/formation-des-maitres-de-musique-de-la-ville-de-paris-2011\/#article","isPartOf":{"@id":"https:\/\/www.iemj.org\/en\/formation-des-maitres-de-musique-de-la-ville-de-paris-2011\/"},"author":{"name":"Nicolas Fevre","@id":"https:\/\/www.iemj.org\/en\/#\/schema\/person\/0dfc8632809ec10c9e7d4daf4f4b9f1c"},"headline":"Training of Music Teachers of Paris 2011","datePublished":"2011-04-14T17:47:09+00:00","dateModified":"2022-01-19T15:25:27+00:00","mainEntityOfPage":{"@id":"https:\/\/www.iemj.org\/en\/formation-des-maitres-de-musique-de-la-ville-de-paris-2011\/"},"wordCount":265,"publisher":{"@id":"https:\/\/www.iemj.org\/en\/#organization"},"image":{"@id":"https:\/\/www.iemj.org\/en\/formation-des-maitres-de-musique-de-la-ville-de-paris-2011\/#primaryimage"},"thumbnailUrl":"https:\/\/www.iemj.org\/wp-content\/uploads\/2011\/04\/arton172-e1620148887608.jpg","keywords":["EIJM Events"],"articleSection":["Events","Music Workshop"],"inLanguage":"en-US"},{"@type":"WebPage","@id":"https:\/\/www.iemj.org\/en\/formation-des-maitres-de-musique-de-la-ville-de-paris-2011\/","url":"https:\/\/www.iemj.org\/en\/formation-des-maitres-de-musique-de-la-ville-de-paris-2011\/","name":"Training of Music Teachers of Paris 2011 - Institut Europ\u00e9en des Musiques Juives","isPartOf":{"@id":"https:\/\/www.iemj.org\/en\/#website"},"primaryImageOfPage":{"@id":"https:\/\/www.iemj.org\/en\/formation-des-maitres-de-musique-de-la-ville-de-paris-2011\/#primaryimage"},"image":{"@id":"https:\/\/www.iemj.org\/en\/formation-des-maitres-de-musique-de-la-ville-de-paris-2011\/#primaryimage"},"thumbnailUrl":"https:\/\/www.iemj.org\/wp-content\/uploads\/2011\/04\/arton172-e1620148887608.jpg","datePublished":"2011-04-14T17:47:09+00:00","dateModified":"2022-01-19T15:25:27+00:00","breadcrumb":{"@id":"https:\/\/www.iemj.org\/en\/formation-des-maitres-de-musique-de-la-ville-de-paris-2011\/#breadcrumb"},"inLanguage":"en-US","potentialAction":[{"@type":"ReadAction","target":["https:\/\/www.iemj.org\/en\/formation-des-maitres-de-musique-de-la-ville-de-paris-2011\/"]}]},{"@type":"ImageObject","inLanguage":"en-US","@id":"https:\/\/www.iemj.org\/en\/formation-des-maitres-de-musique-de-la-ville-de-paris-2011\/#primaryimage","url":"https:\/\/www.iemj.org\/wp-content\/uploads\/2011\/04\/arton172-e1620148887608.jpg","contentUrl":"https:\/\/www.iemj.org\/wp-content\/uploads\/2011\/04\/arton172-e1620148887608.jpg","width":745,"height":717},{"@type":"BreadcrumbList","@id":"https:\/\/www.iemj.org\/en\/formation-des-maitres-de-musique-de-la-ville-de-paris-2011\/#breadcrumb","itemListElement":[{"@type":"ListItem","position":1,"name":"Accueil","item":"https:\/\/www.iemj.org\/en\/"},{"@type":"ListItem","position":2,"name":"Training of Music Teachers of Paris 2011"}]},{"@type":"WebSite","@id":"https:\/\/www.iemj.org\/en\/#website","url":"https:\/\/www.iemj.org\/en\/","name":"Institut Europ\u00e9en des Musiques Juives","description":"Des traditions musicales \u00e0 la port\u00e9e de tous","publisher":{"@id":"https:\/\/www.iemj.org\/en\/#organization"},"potentialAction":[{"@type":"SearchAction","target":{"@type":"EntryPoint","urlTemplate":"https:\/\/www.iemj.org\/en\/?s={search_term_string}"},"query-input":{"@type":"PropertyValueSpecification","valueRequired":true,"valueName":"search_term_string"}}],"inLanguage":"en-US"},{"@type":"Organization","@id":"https:\/\/www.iemj.org\/en\/#organization","name":"Institut Europ\u00e9en des Musiques Juives","url":"https:\/\/www.iemj.org\/en\/","logo":{"@type":"ImageObject","inLanguage":"en-US","@id":"https:\/\/www.iemj.org\/en\/#\/schema\/logo\/image\/","url":"https:\/\/www.iemj.org\/wp-content\/uploads\/2021\/09\/Logo-IEMJ-Paypal.jpg","contentUrl":"https:\/\/www.iemj.org\/wp-content\/uploads\/2021\/09\/Logo-IEMJ-Paypal.jpg","width":150,"height":50,"caption":"Institut Europ\u00e9en des Musiques Juives"},"image":{"@id":"https:\/\/www.iemj.org\/en\/#\/schema\/logo\/image\/"},"sameAs":["https:\/\/www.facebook.com\/MusiquesJuives\/","https:\/\/www.instagram.com\/musiquesjuives\/","https:\/\/www.youtube.com\/user\/musiquesjuives"]},{"@type":"Person","@id":"https:\/\/www.iemj.org\/en\/#\/schema\/person\/0dfc8632809ec10c9e7d4daf4f4b9f1c","name":"Nicolas Fevre","image":{"@type":"ImageObject","inLanguage":"en-US","@id":"https:\/\/secure.gravatar.com\/avatar\/d879fd262de3ba26caa7035b34c65f320aa09cf4c96889ac41d9325e287ccb7b?s=96&d=mm&r=g","url":"https:\/\/secure.gravatar.com\/avatar\/d879fd262de3ba26caa7035b34c65f320aa09cf4c96889ac41d9325e287ccb7b?s=96&d=mm&r=g","contentUrl":"https:\/\/secure.gravatar.com\/avatar\/d879fd262de3ba26caa7035b34c65f320aa09cf4c96889ac41d9325e287ccb7b?s=96&d=mm&r=g","caption":"Nicolas Fevre"}}]}},"_links":{"self":[{"href":"https:\/\/www.iemj.org\/en\/wp-json\/wp\/v2\/posts\/58087","targetHints":{"allow":["GET"]}}],"collection":[{"href":"https:\/\/www.iemj.org\/en\/wp-json\/wp\/v2\/posts"}],"about":[{"href":"https:\/\/www.iemj.org\/en\/wp-json\/wp\/v2\/types\/post"}],"author":[{"embeddable":true,"href":"https:\/\/www.iemj.org\/en\/wp-json\/wp\/v2\/users\/1047"}],"replies":[{"embeddable":true,"href":"https:\/\/www.iemj.org\/en\/wp-json\/wp\/v2\/comments?post=58087"}],"version-history":[{"count":0,"href":"https:\/\/www.iemj.org\/en\/wp-json\/wp\/v2\/posts\/58087\/revisions"}],"wp:featuredmedia":[{"embeddable":true,"href":"https:\/\/www.iemj.org\/en\/wp-json\/wp\/v2\/media\/3392"}],"wp:attachment":[{"href":"https:\/\/www.iemj.org\/en\/wp-json\/wp\/v2\/media?parent=58087"}],"wp:term":[{"taxonomy":"category","embeddable":true,"href":"https:\/\/www.iemj.org\/en\/wp-json\/wp\/v2\/categories?post=58087"},{"taxonomy":"post_tag","embeddable":true,"href":"https:\/\/www.iemj.org\/en\/wp-json\/wp\/v2\/tags?post=58087"},{"taxonomy":"technique","embeddable":true,"href":"https:\/\/www.iemj.org\/en\/wp-json\/wp\/v2\/technique?post=58087"},{"taxonomy":"squelettes","embeddable":true,"href":"https:\/\/www.iemj.org\/en\/wp-json\/wp\/v2\/squelettes?post=58087"},{"taxonomy":"sujet","embeddable":true,"href":"https:\/\/www.iemj.org\/en\/wp-json\/wp\/v2\/sujet?post=58087"},{"taxonomy":"formation","embeddable":true,"href":"https:\/\/www.iemj.org\/en\/wp-json\/wp\/v2\/formation?post=58087"},{"taxonomy":"genre","embeddable":true,"href":"https:\/\/www.iemj.org\/en\/wp-json\/wp\/v2\/genre?post=58087"},{"taxonomy":"fonds","embeddable":true,"href":"https:\/\/www.iemj.org\/en\/wp-json\/wp\/v2\/fonds?post=58087"},{"taxonomy":"tradition","embeddable":true,"href":"https:\/\/www.iemj.org\/en\/wp-json\/wp\/v2\/tradition?post=58087"},{"taxonomy":"type-de-contenu","embeddable":true,"href":"https:\/\/www.iemj.org\/en\/wp-json\/wp\/v2\/type-de-contenu?post=58087"},{"taxonomy":"interprete-compositeur","embeddable":true,"href":"https:\/\/www.iemj.org\/en\/wp-json\/wp\/v2\/interprete-compositeur?post=58087"},{"taxonomy":"frise","embeddable":true,"href":"https:\/\/www.iemj.org\/en\/wp-json\/wp\/v2\/frise?post=58087"},{"taxonomy":"type-devenement","embeddable":true,"href":"https:\/\/www.iemj.org\/en\/wp-json\/wp\/v2\/type-devenement?post=58087"},{"taxonomy":"tableaux-liens-externes","embeddable":true,"href":"https:\/\/www.iemj.org\/en\/wp-json\/wp\/v2\/tableaux-liens-externes?post=58087"}],"curies":[{"name":"wp","href":"https:\/\/api.w.org\/{rel}","templated":true}]}}