{"id":58111,"date":"2019-06-25T16:46:45","date_gmt":"2019-06-25T14:46:45","guid":{"rendered":"https:\/\/www.iemj.org\/videos-musique-et-cuisine-juives\/"},"modified":"2022-01-11T13:49:02","modified_gmt":"2022-01-11T12:49:02","slug":"videos-musique-et-cuisine-juives","status":"publish","type":"post","link":"https:\/\/www.iemj.org\/en\/videos-musique-et-cuisine-juives\/","title":{"rendered":"Jewish music and cuisine"},"content":{"rendered":"<p><strong>Three short funny movies produced by the EIJM and screened during a conference hosted by Herv\u00e9 Roten in the Cercle Bernard Lazare (Paris) on the subject of &#8220;Jewish cuisine and music&#8221; in the Yiddish, Judeo-Spanish and Oriental traditions<\/strong><\/p>\n<p>Jewish cuisine is a language in itself. Substratum of the Jewish mother, it feeds the children of their traumas and roots them into their Jewish identity. All these dishes we loved or hated, we speak of them with fervor, after our 40 years. Our mother\u2019s borekas, her marvelous chopped liver, her delicious couscous, all of them bring us back to a blessed childhood when life was simple : either we ate what was in front of us, either we were responsible for the immediate death of our mother ! But Jewish cuisine isn\u2019t only guilt, it is also pleasure of the mouth. So much that many artists sing it with humor and nostalgia, as one can see in the following videos&#8230;<\/p>\n<p><span style=\"font-size: x-large;\"><strong>Yiddish music and cuisine<\/strong><\/span><\/p>\n<p><iframe title=\"Yiddish music and cuisine (English Version)\" width=\"640\" height=\"480\" src=\"https:\/\/www.youtube.com\/embed\/0lXnDF0YtdU?feature=oembed\" frameborder=\"0\" allow=\"accelerometer; autoplay; clipboard-write; encrypted-media; gyroscope; picture-in-picture; web-share\" referrerpolicy=\"strict-origin-when-cross-origin\" allowfullscreen><\/iframe><\/p>\n<p>Musical samples :<br \/>\n<strong>00:08<\/strong> Gefilte Fish &#8211; Henri Gerro<br \/>\n<strong>01:19<\/strong> La carpe farcie (sur un air de Schubert) &#8211; Cyrille Gerstenhaber<br \/>\n<strong>02:20<\/strong> Bulbes &#8211; Lilliana Treves Alcalay<br \/>\n<strong>04:40<\/strong> Pierozki-varnitchkes &#8211; Ino Toper<\/p>\n<p><span style=\"font-size: x-large;\"><strong>Judeo-Spanish music and cuisine<\/strong><\/span><\/p>\n<p><iframe src=\"https:\/\/www.youtube.com\/embed\/O0jm6kTsEbY\" width=\"560\" height=\"315\" frameborder=\"0\" allowfullscreen=\"allowfullscreen\"><\/iframe><\/p>\n<p>Musical samples :<br \/>\n<strong>00:18<\/strong> Siete modos de guizados en la berenjena &#8211; Shira U&#8217;tfila<br \/>\n<strong>01:53<\/strong> El festin de hanuk\u00e0h &#8211; Berta Aguado<br \/>\n<strong>03:12<\/strong> Oy que buena ke fue la ora &#8211; Judith Cohen<br \/>\n<strong>04:36 <\/strong> Una Muchacha en Selanica &#8211; H\u00e9l\u00e8ne Engel<\/p>\n<p><span style=\"font-size: x-large;\"><strong>Oriental music and cuisine<\/strong><\/span><\/p>\n<p><iframe src=\"https:\/\/www.youtube.com\/embed\/bWJqu7LlKjM\" width=\"560\" height=\"315\" frameborder=\"0\" allowfullscreen=\"allowfullscreen\"><\/iframe><\/p>\n<p>Musical samples :<br \/>\n<strong>00:18<\/strong> Fais-moi du couscous ch\u00e9ri &#8211; Bob Azzam<br \/>\n<strong>02:15<\/strong> Les merguez &#8211; Blond Blond<br \/>\n<strong>04:23<\/strong> Oran Oran &#8211; Maurice El Medioni<br \/>\n<strong>07:18<\/strong> Velanou iech falafel &#8211; Barukh Nadav<\/p>\n<p><a href=\"https:\/\/www.iemj.org\/en\/cuisine-et-musique-juives\/\">Watch the conference Jewish music and cuisine in the Cercle Bernard Lazare<\/a><\/p>\n","protected":false},"excerpt":{"rendered":"<p>Three short funny movies produced by the EIJM and screened during a conference hosted by Herv\u00e9 Roten in the Cercle Bernard Lazare (Paris) on the subject of &#8220;Jewish cuisine and<\/p>\n","protected":false},"author":1052,"featured_media":24451,"comment_status":"closed","ping_status":"open","sticky":false,"template":"","format":"standard","meta":{"_acf_changed":false,"footnotes":""},"categories":[952],"tags":[],"technique":[],"squelettes":[],"sujet":[],"formation":[],"genre":[1114,1112,1115],"fonds":[],"tradition":[],"type-de-contenu":[],"interprete-compositeur":[],"frise":[],"type-devenement":[],"tableaux-liens-externes":[],"class_list":["post-58111","post","type-post","status-publish","format-standard","has-post-thumbnail","hentry","category-tv-programs-videos-en","genre-ladino","genre-oriental-en","genre-yiddish-en-2"],"acf":[],"yoast_head":"<!-- This site is optimized with the Yoast SEO plugin v27.3 - https:\/\/yoast.com\/product\/yoast-seo-wordpress\/ -->\n<title>Jewish music and cuisine - Institut Europ\u00e9en des Musiques Juives<\/title>\n<meta name=\"robots\" content=\"index, follow, max-snippet:-1, max-image-preview:large, max-video-preview:-1\" \/>\n<link rel=\"canonical\" href=\"https:\/\/www.iemj.org\/en\/videos-musique-et-cuisine-juives\/\" \/>\n<meta property=\"og:locale\" content=\"en_US\" \/>\n<meta property=\"og:type\" content=\"article\" \/>\n<meta property=\"og:title\" content=\"Jewish music and cuisine - Institut Europ\u00e9en des Musiques Juives\" \/>\n<meta property=\"og:description\" content=\"Three short funny movies produced by the EIJM and screened during a conference hosted by Herv\u00e9 Roten in the Cercle Bernard Lazare (Paris) on the subject of &#8220;Jewish cuisine and\" \/>\n<meta property=\"og:url\" content=\"https:\/\/www.iemj.org\/en\/videos-musique-et-cuisine-juives\/\" \/>\n<meta property=\"og:site_name\" content=\"Institut Europ\u00e9en des Musiques Juives\" \/>\n<meta property=\"article:publisher\" content=\"https:\/\/www.facebook.com\/MusiquesJuives\/\" \/>\n<meta property=\"article:published_time\" content=\"2019-06-25T14:46:45+00:00\" \/>\n<meta property=\"article:modified_time\" content=\"2022-01-11T12:49:02+00:00\" \/>\n<meta property=\"og:image\" content=\"https:\/\/www.iemj.org\/wp-content\/uploads\/2019\/06\/arton4231-e1632319789552.jpg\" \/>\n\t<meta property=\"og:image:width\" content=\"350\" \/>\n\t<meta property=\"og:image:height\" content=\"329\" \/>\n\t<meta property=\"og:image:type\" content=\"image\/jpeg\" \/>\n<meta name=\"author\" content=\"Lea Couderc\" \/>\n<meta name=\"twitter:card\" content=\"summary_large_image\" \/>\n<meta name=\"twitter:label1\" content=\"Written by\" \/>\n\t<meta name=\"twitter:data1\" content=\"Lea Couderc\" \/>\n\t<meta name=\"twitter:label2\" content=\"Est. reading time\" \/>\n\t<meta name=\"twitter:data2\" content=\"2 minutes\" \/>\n<script type=\"application\/ld+json\" class=\"yoast-schema-graph\">{\"@context\":\"https:\\\/\\\/schema.org\",\"@graph\":[{\"@type\":\"Article\",\"@id\":\"https:\\\/\\\/www.iemj.org\\\/en\\\/videos-musique-et-cuisine-juives\\\/#article\",\"isPartOf\":{\"@id\":\"https:\\\/\\\/www.iemj.org\\\/en\\\/videos-musique-et-cuisine-juives\\\/\"},\"author\":{\"name\":\"Lea Couderc\",\"@id\":\"https:\\\/\\\/www.iemj.org\\\/en\\\/#\\\/schema\\\/person\\\/e2ad57f2c4be119c7ed8ab79036807a9\"},\"headline\":\"Jewish music and cuisine\",\"datePublished\":\"2019-06-25T14:46:45+00:00\",\"dateModified\":\"2022-01-11T12:49:02+00:00\",\"mainEntityOfPage\":{\"@id\":\"https:\\\/\\\/www.iemj.org\\\/en\\\/videos-musique-et-cuisine-juives\\\/\"},\"wordCount\":288,\"publisher\":{\"@id\":\"https:\\\/\\\/www.iemj.org\\\/en\\\/#organization\"},\"image\":{\"@id\":\"https:\\\/\\\/www.iemj.org\\\/en\\\/videos-musique-et-cuisine-juives\\\/#primaryimage\"},\"thumbnailUrl\":\"https:\\\/\\\/www.iemj.org\\\/wp-content\\\/uploads\\\/2019\\\/06\\\/arton4231-e1632319789552.jpg\",\"articleSection\":[\"TV programs \\\/ Videos\"],\"inLanguage\":\"en-US\"},{\"@type\":\"WebPage\",\"@id\":\"https:\\\/\\\/www.iemj.org\\\/en\\\/videos-musique-et-cuisine-juives\\\/\",\"url\":\"https:\\\/\\\/www.iemj.org\\\/en\\\/videos-musique-et-cuisine-juives\\\/\",\"name\":\"Jewish music and cuisine - Institut Europ\u00e9en des Musiques Juives\",\"isPartOf\":{\"@id\":\"https:\\\/\\\/www.iemj.org\\\/en\\\/#website\"},\"primaryImageOfPage\":{\"@id\":\"https:\\\/\\\/www.iemj.org\\\/en\\\/videos-musique-et-cuisine-juives\\\/#primaryimage\"},\"image\":{\"@id\":\"https:\\\/\\\/www.iemj.org\\\/en\\\/videos-musique-et-cuisine-juives\\\/#primaryimage\"},\"thumbnailUrl\":\"https:\\\/\\\/www.iemj.org\\\/wp-content\\\/uploads\\\/2019\\\/06\\\/arton4231-e1632319789552.jpg\",\"datePublished\":\"2019-06-25T14:46:45+00:00\",\"dateModified\":\"2022-01-11T12:49:02+00:00\",\"breadcrumb\":{\"@id\":\"https:\\\/\\\/www.iemj.org\\\/en\\\/videos-musique-et-cuisine-juives\\\/#breadcrumb\"},\"inLanguage\":\"en-US\",\"potentialAction\":[{\"@type\":\"ReadAction\",\"target\":[\"https:\\\/\\\/www.iemj.org\\\/en\\\/videos-musique-et-cuisine-juives\\\/\"]}]},{\"@type\":\"ImageObject\",\"inLanguage\":\"en-US\",\"@id\":\"https:\\\/\\\/www.iemj.org\\\/en\\\/videos-musique-et-cuisine-juives\\\/#primaryimage\",\"url\":\"https:\\\/\\\/www.iemj.org\\\/wp-content\\\/uploads\\\/2019\\\/06\\\/arton4231-e1632319789552.jpg\",\"contentUrl\":\"https:\\\/\\\/www.iemj.org\\\/wp-content\\\/uploads\\\/2019\\\/06\\\/arton4231-e1632319789552.jpg\",\"width\":350,\"height\":329},{\"@type\":\"BreadcrumbList\",\"@id\":\"https:\\\/\\\/www.iemj.org\\\/en\\\/videos-musique-et-cuisine-juives\\\/#breadcrumb\",\"itemListElement\":[{\"@type\":\"ListItem\",\"position\":1,\"name\":\"Accueil\",\"item\":\"https:\\\/\\\/www.iemj.org\\\/en\\\/\"},{\"@type\":\"ListItem\",\"position\":2,\"name\":\"Jewish music and cuisine\"}]},{\"@type\":\"WebSite\",\"@id\":\"https:\\\/\\\/www.iemj.org\\\/en\\\/#website\",\"url\":\"https:\\\/\\\/www.iemj.org\\\/en\\\/\",\"name\":\"Institut Europ\u00e9en des Musiques Juives\",\"description\":\"Des traditions musicales \u00e0 la port\u00e9e de tous\",\"publisher\":{\"@id\":\"https:\\\/\\\/www.iemj.org\\\/en\\\/#organization\"},\"potentialAction\":[{\"@type\":\"SearchAction\",\"target\":{\"@type\":\"EntryPoint\",\"urlTemplate\":\"https:\\\/\\\/www.iemj.org\\\/en\\\/?s={search_term_string}\"},\"query-input\":{\"@type\":\"PropertyValueSpecification\",\"valueRequired\":true,\"valueName\":\"search_term_string\"}}],\"inLanguage\":\"en-US\"},{\"@type\":\"Organization\",\"@id\":\"https:\\\/\\\/www.iemj.org\\\/en\\\/#organization\",\"name\":\"Institut Europ\u00e9en des Musiques Juives\",\"url\":\"https:\\\/\\\/www.iemj.org\\\/en\\\/\",\"logo\":{\"@type\":\"ImageObject\",\"inLanguage\":\"en-US\",\"@id\":\"https:\\\/\\\/www.iemj.org\\\/en\\\/#\\\/schema\\\/logo\\\/image\\\/\",\"url\":\"https:\\\/\\\/www.iemj.org\\\/wp-content\\\/uploads\\\/2021\\\/09\\\/Logo-IEMJ-Paypal.jpg\",\"contentUrl\":\"https:\\\/\\\/www.iemj.org\\\/wp-content\\\/uploads\\\/2021\\\/09\\\/Logo-IEMJ-Paypal.jpg\",\"width\":150,\"height\":50,\"caption\":\"Institut Europ\u00e9en des Musiques Juives\"},\"image\":{\"@id\":\"https:\\\/\\\/www.iemj.org\\\/en\\\/#\\\/schema\\\/logo\\\/image\\\/\"},\"sameAs\":[\"https:\\\/\\\/www.facebook.com\\\/MusiquesJuives\\\/\",\"https:\\\/\\\/www.instagram.com\\\/musiquesjuives\\\/\",\"https:\\\/\\\/www.youtube.com\\\/user\\\/musiquesjuives\"]},{\"@type\":\"Person\",\"@id\":\"https:\\\/\\\/www.iemj.org\\\/en\\\/#\\\/schema\\\/person\\\/e2ad57f2c4be119c7ed8ab79036807a9\",\"name\":\"Lea Couderc\",\"image\":{\"@type\":\"ImageObject\",\"inLanguage\":\"en-US\",\"@id\":\"https:\\\/\\\/secure.gravatar.com\\\/avatar\\\/46ee021475d60aeff17a7e490b79dea5a5684bb392ab7fd1494027411df8ba23?s=96&d=mm&r=g\",\"url\":\"https:\\\/\\\/secure.gravatar.com\\\/avatar\\\/46ee021475d60aeff17a7e490b79dea5a5684bb392ab7fd1494027411df8ba23?s=96&d=mm&r=g\",\"contentUrl\":\"https:\\\/\\\/secure.gravatar.com\\\/avatar\\\/46ee021475d60aeff17a7e490b79dea5a5684bb392ab7fd1494027411df8ba23?s=96&d=mm&r=g\",\"caption\":\"Lea Couderc\"}}]}<\/script>\n<!-- \/ Yoast SEO plugin. -->","yoast_head_json":{"title":"Jewish music and cuisine - Institut Europ\u00e9en des Musiques Juives","robots":{"index":"index","follow":"follow","max-snippet":"max-snippet:-1","max-image-preview":"max-image-preview:large","max-video-preview":"max-video-preview:-1"},"canonical":"https:\/\/www.iemj.org\/en\/videos-musique-et-cuisine-juives\/","og_locale":"en_US","og_type":"article","og_title":"Jewish music and cuisine - Institut Europ\u00e9en des Musiques Juives","og_description":"Three short funny movies produced by the EIJM and screened during a conference hosted by Herv\u00e9 Roten in the Cercle Bernard Lazare (Paris) on the subject of &#8220;Jewish cuisine and","og_url":"https:\/\/www.iemj.org\/en\/videos-musique-et-cuisine-juives\/","og_site_name":"Institut Europ\u00e9en des Musiques Juives","article_publisher":"https:\/\/www.facebook.com\/MusiquesJuives\/","article_published_time":"2019-06-25T14:46:45+00:00","article_modified_time":"2022-01-11T12:49:02+00:00","og_image":[{"width":350,"height":329,"url":"https:\/\/www.iemj.org\/wp-content\/uploads\/2019\/06\/arton4231-e1632319789552.jpg","type":"image\/jpeg"}],"author":"Lea Couderc","twitter_card":"summary_large_image","twitter_misc":{"Written by":"Lea Couderc","Est. reading time":"2 minutes"},"schema":{"@context":"https:\/\/schema.org","@graph":[{"@type":"Article","@id":"https:\/\/www.iemj.org\/en\/videos-musique-et-cuisine-juives\/#article","isPartOf":{"@id":"https:\/\/www.iemj.org\/en\/videos-musique-et-cuisine-juives\/"},"author":{"name":"Lea Couderc","@id":"https:\/\/www.iemj.org\/en\/#\/schema\/person\/e2ad57f2c4be119c7ed8ab79036807a9"},"headline":"Jewish music and cuisine","datePublished":"2019-06-25T14:46:45+00:00","dateModified":"2022-01-11T12:49:02+00:00","mainEntityOfPage":{"@id":"https:\/\/www.iemj.org\/en\/videos-musique-et-cuisine-juives\/"},"wordCount":288,"publisher":{"@id":"https:\/\/www.iemj.org\/en\/#organization"},"image":{"@id":"https:\/\/www.iemj.org\/en\/videos-musique-et-cuisine-juives\/#primaryimage"},"thumbnailUrl":"https:\/\/www.iemj.org\/wp-content\/uploads\/2019\/06\/arton4231-e1632319789552.jpg","articleSection":["TV programs \/ Videos"],"inLanguage":"en-US"},{"@type":"WebPage","@id":"https:\/\/www.iemj.org\/en\/videos-musique-et-cuisine-juives\/","url":"https:\/\/www.iemj.org\/en\/videos-musique-et-cuisine-juives\/","name":"Jewish music and cuisine - Institut Europ\u00e9en des Musiques Juives","isPartOf":{"@id":"https:\/\/www.iemj.org\/en\/#website"},"primaryImageOfPage":{"@id":"https:\/\/www.iemj.org\/en\/videos-musique-et-cuisine-juives\/#primaryimage"},"image":{"@id":"https:\/\/www.iemj.org\/en\/videos-musique-et-cuisine-juives\/#primaryimage"},"thumbnailUrl":"https:\/\/www.iemj.org\/wp-content\/uploads\/2019\/06\/arton4231-e1632319789552.jpg","datePublished":"2019-06-25T14:46:45+00:00","dateModified":"2022-01-11T12:49:02+00:00","breadcrumb":{"@id":"https:\/\/www.iemj.org\/en\/videos-musique-et-cuisine-juives\/#breadcrumb"},"inLanguage":"en-US","potentialAction":[{"@type":"ReadAction","target":["https:\/\/www.iemj.org\/en\/videos-musique-et-cuisine-juives\/"]}]},{"@type":"ImageObject","inLanguage":"en-US","@id":"https:\/\/www.iemj.org\/en\/videos-musique-et-cuisine-juives\/#primaryimage","url":"https:\/\/www.iemj.org\/wp-content\/uploads\/2019\/06\/arton4231-e1632319789552.jpg","contentUrl":"https:\/\/www.iemj.org\/wp-content\/uploads\/2019\/06\/arton4231-e1632319789552.jpg","width":350,"height":329},{"@type":"BreadcrumbList","@id":"https:\/\/www.iemj.org\/en\/videos-musique-et-cuisine-juives\/#breadcrumb","itemListElement":[{"@type":"ListItem","position":1,"name":"Accueil","item":"https:\/\/www.iemj.org\/en\/"},{"@type":"ListItem","position":2,"name":"Jewish music and cuisine"}]},{"@type":"WebSite","@id":"https:\/\/www.iemj.org\/en\/#website","url":"https:\/\/www.iemj.org\/en\/","name":"Institut Europ\u00e9en des Musiques Juives","description":"Des traditions musicales \u00e0 la port\u00e9e de tous","publisher":{"@id":"https:\/\/www.iemj.org\/en\/#organization"},"potentialAction":[{"@type":"SearchAction","target":{"@type":"EntryPoint","urlTemplate":"https:\/\/www.iemj.org\/en\/?s={search_term_string}"},"query-input":{"@type":"PropertyValueSpecification","valueRequired":true,"valueName":"search_term_string"}}],"inLanguage":"en-US"},{"@type":"Organization","@id":"https:\/\/www.iemj.org\/en\/#organization","name":"Institut Europ\u00e9en des Musiques Juives","url":"https:\/\/www.iemj.org\/en\/","logo":{"@type":"ImageObject","inLanguage":"en-US","@id":"https:\/\/www.iemj.org\/en\/#\/schema\/logo\/image\/","url":"https:\/\/www.iemj.org\/wp-content\/uploads\/2021\/09\/Logo-IEMJ-Paypal.jpg","contentUrl":"https:\/\/www.iemj.org\/wp-content\/uploads\/2021\/09\/Logo-IEMJ-Paypal.jpg","width":150,"height":50,"caption":"Institut Europ\u00e9en des Musiques Juives"},"image":{"@id":"https:\/\/www.iemj.org\/en\/#\/schema\/logo\/image\/"},"sameAs":["https:\/\/www.facebook.com\/MusiquesJuives\/","https:\/\/www.instagram.com\/musiquesjuives\/","https:\/\/www.youtube.com\/user\/musiquesjuives"]},{"@type":"Person","@id":"https:\/\/www.iemj.org\/en\/#\/schema\/person\/e2ad57f2c4be119c7ed8ab79036807a9","name":"Lea Couderc","image":{"@type":"ImageObject","inLanguage":"en-US","@id":"https:\/\/secure.gravatar.com\/avatar\/46ee021475d60aeff17a7e490b79dea5a5684bb392ab7fd1494027411df8ba23?s=96&d=mm&r=g","url":"https:\/\/secure.gravatar.com\/avatar\/46ee021475d60aeff17a7e490b79dea5a5684bb392ab7fd1494027411df8ba23?s=96&d=mm&r=g","contentUrl":"https:\/\/secure.gravatar.com\/avatar\/46ee021475d60aeff17a7e490b79dea5a5684bb392ab7fd1494027411df8ba23?s=96&d=mm&r=g","caption":"Lea Couderc"}}]}},"_links":{"self":[{"href":"https:\/\/www.iemj.org\/en\/wp-json\/wp\/v2\/posts\/58111","targetHints":{"allow":["GET"]}}],"collection":[{"href":"https:\/\/www.iemj.org\/en\/wp-json\/wp\/v2\/posts"}],"about":[{"href":"https:\/\/www.iemj.org\/en\/wp-json\/wp\/v2\/types\/post"}],"author":[{"embeddable":true,"href":"https:\/\/www.iemj.org\/en\/wp-json\/wp\/v2\/users\/1052"}],"replies":[{"embeddable":true,"href":"https:\/\/www.iemj.org\/en\/wp-json\/wp\/v2\/comments?post=58111"}],"version-history":[{"count":0,"href":"https:\/\/www.iemj.org\/en\/wp-json\/wp\/v2\/posts\/58111\/revisions"}],"wp:featuredmedia":[{"embeddable":true,"href":"https:\/\/www.iemj.org\/en\/wp-json\/wp\/v2\/media\/24451"}],"wp:attachment":[{"href":"https:\/\/www.iemj.org\/en\/wp-json\/wp\/v2\/media?parent=58111"}],"wp:term":[{"taxonomy":"category","embeddable":true,"href":"https:\/\/www.iemj.org\/en\/wp-json\/wp\/v2\/categories?post=58111"},{"taxonomy":"post_tag","embeddable":true,"href":"https:\/\/www.iemj.org\/en\/wp-json\/wp\/v2\/tags?post=58111"},{"taxonomy":"technique","embeddable":true,"href":"https:\/\/www.iemj.org\/en\/wp-json\/wp\/v2\/technique?post=58111"},{"taxonomy":"squelettes","embeddable":true,"href":"https:\/\/www.iemj.org\/en\/wp-json\/wp\/v2\/squelettes?post=58111"},{"taxonomy":"sujet","embeddable":true,"href":"https:\/\/www.iemj.org\/en\/wp-json\/wp\/v2\/sujet?post=58111"},{"taxonomy":"formation","embeddable":true,"href":"https:\/\/www.iemj.org\/en\/wp-json\/wp\/v2\/formation?post=58111"},{"taxonomy":"genre","embeddable":true,"href":"https:\/\/www.iemj.org\/en\/wp-json\/wp\/v2\/genre?post=58111"},{"taxonomy":"fonds","embeddable":true,"href":"https:\/\/www.iemj.org\/en\/wp-json\/wp\/v2\/fonds?post=58111"},{"taxonomy":"tradition","embeddable":true,"href":"https:\/\/www.iemj.org\/en\/wp-json\/wp\/v2\/tradition?post=58111"},{"taxonomy":"type-de-contenu","embeddable":true,"href":"https:\/\/www.iemj.org\/en\/wp-json\/wp\/v2\/type-de-contenu?post=58111"},{"taxonomy":"interprete-compositeur","embeddable":true,"href":"https:\/\/www.iemj.org\/en\/wp-json\/wp\/v2\/interprete-compositeur?post=58111"},{"taxonomy":"frise","embeddable":true,"href":"https:\/\/www.iemj.org\/en\/wp-json\/wp\/v2\/frise?post=58111"},{"taxonomy":"type-devenement","embeddable":true,"href":"https:\/\/www.iemj.org\/en\/wp-json\/wp\/v2\/type-devenement?post=58111"},{"taxonomy":"tableaux-liens-externes","embeddable":true,"href":"https:\/\/www.iemj.org\/en\/wp-json\/wp\/v2\/tableaux-liens-externes?post=58111"}],"curies":[{"name":"wp","href":"https:\/\/api.w.org\/{rel}","templated":true}]}}