{"id":58209,"date":"2011-06-10T11:34:00","date_gmt":"2011-06-10T09:34:00","guid":{"rendered":"https:\/\/www.iemj.org\/le-cfmj-au-festival-des-cultures-juives-de-paris\/"},"modified":"2021-09-23T18:25:58","modified_gmt":"2021-09-23T16:25:58","slug":"le-cfmj-au-festival-des-cultures-juives-de-paris","status":"publish","type":"post","link":"https:\/\/www.iemj.org\/en\/le-cfmj-au-festival-des-cultures-juives-de-paris\/","title":{"rendered":"The interculturality in Jewish music"},"content":{"rendered":"\n<p><strong>A filmed lecture by Herv\u00e9 Roten, ethnomusicologist, director of the EIJM (called at the time <em>French Center of Jewish Music<\/em>)<\/strong><\/p>\n\n\n\n<!--more-->\n\n\n<h3><strong data-rich-text-format-boundary=\"true\">Watch the lecture below<\/strong><\/h3>\n\n\n<p>This lecture was followed by a round table on today&#8217;s Jewish music, with Claude Szwimer, director of the music label JUMU, Laurence Haziza, artistic director of the Festival Jazz\u2019n Klezmer, El\u00e9onore Biezunski, sociologist, historian of klezmer music, Jessica Roda, ethnomusicologist, specialist of Judeo-Spanish music and Herv\u00e9 Roten.<\/p>\n\n\n\n<p><\/p>\n\n\n\n<p><strong>Lecture : <em>the interculturality in Jewish music<\/em>, by Herv\u00e9 Roten<\/strong><\/p>\n\n\n\n<p><\/p>\n\n\n\n<p><br><object id=\"_fp_0.18288300931453705\" data=\"http:\/\/www.akadem.org\/public\/video-embed\/flowplayer\/flowplayer.commercial-3.2.16.swf\" type=\"application\/x-shockwave-flash\" name=\"player\" width=\"555\" height=\"416\"><param value=\"true\" name=\"allowfullscreen\"><param value=\"always\" name=\"allowscriptaccess\"><param value=\"transparent\" name=\"wmode\"><param value=\"high\" name=\"quality\"><param name=\"movie\" value=\"http:\/\/www.akadem.org\/public\/video-embed\/flowplayer\/flowplayer.commercial-3.2.16.swf\"><param value=\"config=%7B%22clip%22%3A%7B%22autoPlay%22%3Atrue%2C%22scaling%22%3A%22fit%22%2C%22url%22%3A%22mp4%3A1914_PPQQ1_ROTEN.mp4%22%2C%22provider%22%3A%22rtmp%22%7D%2C%22key%22%3A%22%23%24eb18927a7b324f257ba%22%2C%22logo%22%3A%7B%22linkUrl%22%3A%22%22%2C%22width%22%3A100%2C%22left%22%3A5%2C%22url%22%3A%22http%3A\/\/www.akadem.org\/public\/video-embed\/logo-akadem-videoplayer.png%22%2C%22height%22%3A25%2C%22fullscreenOnly%22%3Afalse%2C%22top%22%3A10%2C%22displayTime%22%3A100%7D%2C%22plugins%22%3A%7B%22sharing%22%3A%7B%22twitter%22%3Afalse%2C%22buttons%22%3A%7B%22overColor%22%3A%22%23ff0000%22%7D%2C%22embed%22%3Afalse%2C%22email%22%3Afalse%2C%22facebook%22%3Afalse%2C%22callType%22%3A%22default%22%2C%22share%22%3Afalse%2C%22url%22%3A%22http%3A\/\/www.akadem.org\/public\/video-embed\/flowplayer.sharing-3.2.8.swf%22%7D%2C%22rtmp%22%3A%7B%22callType%22%3A%22default%22%2C%22netConnectionUrl%22%3A%22rtmp%3A\/\/akadem-vod.streaminternet.com\/vod%22%2C%22url%22%3A%22flowplayer.rtmp-3.2.3.swf%22%7D%2C%22controls%22%3A%7B%22url%22%3A%22org.flowplayer.controls.Controls%22%2C%22callType%22%3A%22default%22%7D%2C%22dock%22%3A%7B%22autoHide%22%3A%7B%22fullscreenOnly%22%3Afalse%2C%22hideDelay%22%3A100%7D%2C%22horizontal%22%3Afalse%2C%22right%22%3A15%2C%22width%22%3A%2210pct%22%7D%7D%2C%22playlist%22%3A%5B%7B%22autoPlay%22%3Atrue%2C%22scaling%22%3A%22fit%22%2C%22url%22%3A%22mp4%3A1914_PPQQ1_ROTEN.mp4%22%2C%22ipadUrl%22%3A%22http%3A\/\/akadem-vod.streaminternet.com\/vod\/1914_PPQQ1_ROTEN.mp4%22%2C%22provider%22%3A%22rtmp%22%7D%5D%7D\" name=\"flashvars\"><video controls=\"controls\" width=\"555\" height=\"416\"><source src=\"http:\/\/akadem-vod.streaminternet.com\/vod\/1914_PPQQ1_ROTEN.mp4\"><\/video><\/object><\/p>\n\n\n\n<p><span style=\"color: #6e6e6e; font-size: 11px; font-family: arial; display: block; margin-top: 8px;\"> In partnership with <a style=\"color: #ad0800;\" href=\"http:\/\/www.akadem.org\/_articles\/852\/26852.php\" target=\"_blank\" rel=\"noopener noreferrer\">akadem<\/a><\/span><\/p>\n\n\n\n<p><a href=\"https:\/\/www.iemj.org\/wp-content\/uploads\/2011\/06\/documentpdf-51c2.pdf\" target=\"_blank\" rel=\"noreferrer noopener\">Read the program of the Festival of Jewish Culture<\/a><\/p>\n","protected":false},"excerpt":{"rendered":"<p>A filmed lecture by Herv\u00e9 Roten, ethnomusicologist, director of the EIJM (called at the time French Center of Jewish Music)<\/p>\n","protected":false},"author":1047,"featured_media":3790,"comment_status":"closed","ping_status":"closed","sticky":false,"template":"","format":"standard","meta":{"_acf_changed":false,"footnotes":""},"categories":[1366],"tags":[3416],"technique":[],"squelettes":[],"sujet":[],"formation":[],"genre":[],"fonds":[],"tradition":[],"type-de-contenu":[],"interprete-compositeur":[],"frise":[],"type-devenement":[],"tableaux-liens-externes":[],"class_list":["post-58209","post","type-post","status-publish","format-standard","has-post-thumbnail","hentry","category-lectures-conferences-discover-en","tag-partners-events-en"],"acf":[],"yoast_head":"<!-- This site is optimized with the Yoast SEO plugin v27.3 - https:\/\/yoast.com\/product\/yoast-seo-wordpress\/ -->\n<title>The interculturality in Jewish music - Institut Europ\u00e9en des Musiques Juives<\/title>\n<meta name=\"robots\" content=\"index, follow, max-snippet:-1, max-image-preview:large, max-video-preview:-1\" \/>\n<link rel=\"canonical\" href=\"https:\/\/www.iemj.org\/en\/le-cfmj-au-festival-des-cultures-juives-de-paris\/\" \/>\n<meta property=\"og:locale\" content=\"en_US\" \/>\n<meta property=\"og:type\" content=\"article\" \/>\n<meta property=\"og:title\" content=\"The interculturality in Jewish music - Institut Europ\u00e9en des Musiques Juives\" \/>\n<meta property=\"og:description\" content=\"A filmed lecture by Herv\u00e9 Roten, ethnomusicologist, director of the EIJM (called at the time French Center of Jewish Music)\" \/>\n<meta property=\"og:url\" content=\"https:\/\/www.iemj.org\/en\/le-cfmj-au-festival-des-cultures-juives-de-paris\/\" \/>\n<meta property=\"og:site_name\" content=\"Institut Europ\u00e9en des Musiques Juives\" \/>\n<meta property=\"article:publisher\" content=\"https:\/\/www.facebook.com\/MusiquesJuives\/\" \/>\n<meta property=\"article:published_time\" content=\"2011-06-10T09:34:00+00:00\" \/>\n<meta property=\"article:modified_time\" content=\"2021-09-23T16:25:58+00:00\" \/>\n<meta property=\"og:image\" content=\"https:\/\/www.iemj.org\/wp-content\/uploads\/2011\/06\/arton267-e1632414328636.jpg\" \/>\n\t<meta property=\"og:image:width\" content=\"350\" \/>\n\t<meta property=\"og:image:height\" content=\"495\" \/>\n\t<meta property=\"og:image:type\" content=\"image\/jpeg\" \/>\n<meta name=\"author\" content=\"Nicolas Fevre\" \/>\n<meta name=\"twitter:card\" content=\"summary_large_image\" \/>\n<meta name=\"twitter:label1\" content=\"Written by\" \/>\n\t<meta name=\"twitter:data1\" content=\"Nicolas Fevre\" \/>\n\t<meta name=\"twitter:label2\" content=\"Est. reading time\" \/>\n\t<meta name=\"twitter:data2\" content=\"1 minute\" \/>\n<script type=\"application\/ld+json\" class=\"yoast-schema-graph\">{\"@context\":\"https:\\\/\\\/schema.org\",\"@graph\":[{\"@type\":\"Article\",\"@id\":\"https:\\\/\\\/www.iemj.org\\\/en\\\/le-cfmj-au-festival-des-cultures-juives-de-paris\\\/#article\",\"isPartOf\":{\"@id\":\"https:\\\/\\\/www.iemj.org\\\/en\\\/le-cfmj-au-festival-des-cultures-juives-de-paris\\\/\"},\"author\":{\"name\":\"Nicolas Fevre\",\"@id\":\"https:\\\/\\\/www.iemj.org\\\/en\\\/#\\\/schema\\\/person\\\/0dfc8632809ec10c9e7d4daf4f4b9f1c\"},\"headline\":\"The interculturality in Jewish music\",\"datePublished\":\"2011-06-10T09:34:00+00:00\",\"dateModified\":\"2021-09-23T16:25:58+00:00\",\"mainEntityOfPage\":{\"@id\":\"https:\\\/\\\/www.iemj.org\\\/en\\\/le-cfmj-au-festival-des-cultures-juives-de-paris\\\/\"},\"wordCount\":101,\"publisher\":{\"@id\":\"https:\\\/\\\/www.iemj.org\\\/en\\\/#organization\"},\"image\":{\"@id\":\"https:\\\/\\\/www.iemj.org\\\/en\\\/le-cfmj-au-festival-des-cultures-juives-de-paris\\\/#primaryimage\"},\"thumbnailUrl\":\"https:\\\/\\\/www.iemj.org\\\/wp-content\\\/uploads\\\/2011\\\/06\\\/arton267-e1632414328636.jpg\",\"keywords\":[\"Partners' events\"],\"articleSection\":[\"Lectures \\\/ conferences\"],\"inLanguage\":\"en-US\"},{\"@type\":\"WebPage\",\"@id\":\"https:\\\/\\\/www.iemj.org\\\/en\\\/le-cfmj-au-festival-des-cultures-juives-de-paris\\\/\",\"url\":\"https:\\\/\\\/www.iemj.org\\\/en\\\/le-cfmj-au-festival-des-cultures-juives-de-paris\\\/\",\"name\":\"The interculturality in Jewish music - Institut Europ\u00e9en des Musiques Juives\",\"isPartOf\":{\"@id\":\"https:\\\/\\\/www.iemj.org\\\/en\\\/#website\"},\"primaryImageOfPage\":{\"@id\":\"https:\\\/\\\/www.iemj.org\\\/en\\\/le-cfmj-au-festival-des-cultures-juives-de-paris\\\/#primaryimage\"},\"image\":{\"@id\":\"https:\\\/\\\/www.iemj.org\\\/en\\\/le-cfmj-au-festival-des-cultures-juives-de-paris\\\/#primaryimage\"},\"thumbnailUrl\":\"https:\\\/\\\/www.iemj.org\\\/wp-content\\\/uploads\\\/2011\\\/06\\\/arton267-e1632414328636.jpg\",\"datePublished\":\"2011-06-10T09:34:00+00:00\",\"dateModified\":\"2021-09-23T16:25:58+00:00\",\"breadcrumb\":{\"@id\":\"https:\\\/\\\/www.iemj.org\\\/en\\\/le-cfmj-au-festival-des-cultures-juives-de-paris\\\/#breadcrumb\"},\"inLanguage\":\"en-US\",\"potentialAction\":[{\"@type\":\"ReadAction\",\"target\":[\"https:\\\/\\\/www.iemj.org\\\/en\\\/le-cfmj-au-festival-des-cultures-juives-de-paris\\\/\"]}]},{\"@type\":\"ImageObject\",\"inLanguage\":\"en-US\",\"@id\":\"https:\\\/\\\/www.iemj.org\\\/en\\\/le-cfmj-au-festival-des-cultures-juives-de-paris\\\/#primaryimage\",\"url\":\"https:\\\/\\\/www.iemj.org\\\/wp-content\\\/uploads\\\/2011\\\/06\\\/arton267-e1632414328636.jpg\",\"contentUrl\":\"https:\\\/\\\/www.iemj.org\\\/wp-content\\\/uploads\\\/2011\\\/06\\\/arton267-e1632414328636.jpg\",\"width\":350,\"height\":495},{\"@type\":\"BreadcrumbList\",\"@id\":\"https:\\\/\\\/www.iemj.org\\\/en\\\/le-cfmj-au-festival-des-cultures-juives-de-paris\\\/#breadcrumb\",\"itemListElement\":[{\"@type\":\"ListItem\",\"position\":1,\"name\":\"Accueil\",\"item\":\"https:\\\/\\\/www.iemj.org\\\/en\\\/\"},{\"@type\":\"ListItem\",\"position\":2,\"name\":\"The interculturality in Jewish music\"}]},{\"@type\":\"WebSite\",\"@id\":\"https:\\\/\\\/www.iemj.org\\\/en\\\/#website\",\"url\":\"https:\\\/\\\/www.iemj.org\\\/en\\\/\",\"name\":\"Institut Europ\u00e9en des Musiques Juives\",\"description\":\"Des traditions musicales \u00e0 la port\u00e9e de tous\",\"publisher\":{\"@id\":\"https:\\\/\\\/www.iemj.org\\\/en\\\/#organization\"},\"potentialAction\":[{\"@type\":\"SearchAction\",\"target\":{\"@type\":\"EntryPoint\",\"urlTemplate\":\"https:\\\/\\\/www.iemj.org\\\/en\\\/?s={search_term_string}\"},\"query-input\":{\"@type\":\"PropertyValueSpecification\",\"valueRequired\":true,\"valueName\":\"search_term_string\"}}],\"inLanguage\":\"en-US\"},{\"@type\":\"Organization\",\"@id\":\"https:\\\/\\\/www.iemj.org\\\/en\\\/#organization\",\"name\":\"Institut Europ\u00e9en des Musiques Juives\",\"url\":\"https:\\\/\\\/www.iemj.org\\\/en\\\/\",\"logo\":{\"@type\":\"ImageObject\",\"inLanguage\":\"en-US\",\"@id\":\"https:\\\/\\\/www.iemj.org\\\/en\\\/#\\\/schema\\\/logo\\\/image\\\/\",\"url\":\"https:\\\/\\\/www.iemj.org\\\/wp-content\\\/uploads\\\/2021\\\/09\\\/Logo-IEMJ-Paypal.jpg\",\"contentUrl\":\"https:\\\/\\\/www.iemj.org\\\/wp-content\\\/uploads\\\/2021\\\/09\\\/Logo-IEMJ-Paypal.jpg\",\"width\":150,\"height\":50,\"caption\":\"Institut Europ\u00e9en des Musiques Juives\"},\"image\":{\"@id\":\"https:\\\/\\\/www.iemj.org\\\/en\\\/#\\\/schema\\\/logo\\\/image\\\/\"},\"sameAs\":[\"https:\\\/\\\/www.facebook.com\\\/MusiquesJuives\\\/\",\"https:\\\/\\\/www.instagram.com\\\/musiquesjuives\\\/\",\"https:\\\/\\\/www.youtube.com\\\/user\\\/musiquesjuives\"]},{\"@type\":\"Person\",\"@id\":\"https:\\\/\\\/www.iemj.org\\\/en\\\/#\\\/schema\\\/person\\\/0dfc8632809ec10c9e7d4daf4f4b9f1c\",\"name\":\"Nicolas Fevre\",\"image\":{\"@type\":\"ImageObject\",\"inLanguage\":\"en-US\",\"@id\":\"https:\\\/\\\/secure.gravatar.com\\\/avatar\\\/d879fd262de3ba26caa7035b34c65f320aa09cf4c96889ac41d9325e287ccb7b?s=96&d=mm&r=g\",\"url\":\"https:\\\/\\\/secure.gravatar.com\\\/avatar\\\/d879fd262de3ba26caa7035b34c65f320aa09cf4c96889ac41d9325e287ccb7b?s=96&d=mm&r=g\",\"contentUrl\":\"https:\\\/\\\/secure.gravatar.com\\\/avatar\\\/d879fd262de3ba26caa7035b34c65f320aa09cf4c96889ac41d9325e287ccb7b?s=96&d=mm&r=g\",\"caption\":\"Nicolas Fevre\"}}]}<\/script>\n<!-- \/ Yoast SEO plugin. -->","yoast_head_json":{"title":"The interculturality in Jewish music - Institut Europ\u00e9en des Musiques Juives","robots":{"index":"index","follow":"follow","max-snippet":"max-snippet:-1","max-image-preview":"max-image-preview:large","max-video-preview":"max-video-preview:-1"},"canonical":"https:\/\/www.iemj.org\/en\/le-cfmj-au-festival-des-cultures-juives-de-paris\/","og_locale":"en_US","og_type":"article","og_title":"The interculturality in Jewish music - Institut Europ\u00e9en des Musiques Juives","og_description":"A filmed lecture by Herv\u00e9 Roten, ethnomusicologist, director of the EIJM (called at the time French Center of Jewish Music)","og_url":"https:\/\/www.iemj.org\/en\/le-cfmj-au-festival-des-cultures-juives-de-paris\/","og_site_name":"Institut Europ\u00e9en des Musiques Juives","article_publisher":"https:\/\/www.facebook.com\/MusiquesJuives\/","article_published_time":"2011-06-10T09:34:00+00:00","article_modified_time":"2021-09-23T16:25:58+00:00","og_image":[{"width":350,"height":495,"url":"https:\/\/www.iemj.org\/wp-content\/uploads\/2011\/06\/arton267-e1632414328636.jpg","type":"image\/jpeg"}],"author":"Nicolas Fevre","twitter_card":"summary_large_image","twitter_misc":{"Written by":"Nicolas Fevre","Est. reading time":"1 minute"},"schema":{"@context":"https:\/\/schema.org","@graph":[{"@type":"Article","@id":"https:\/\/www.iemj.org\/en\/le-cfmj-au-festival-des-cultures-juives-de-paris\/#article","isPartOf":{"@id":"https:\/\/www.iemj.org\/en\/le-cfmj-au-festival-des-cultures-juives-de-paris\/"},"author":{"name":"Nicolas Fevre","@id":"https:\/\/www.iemj.org\/en\/#\/schema\/person\/0dfc8632809ec10c9e7d4daf4f4b9f1c"},"headline":"The interculturality in Jewish music","datePublished":"2011-06-10T09:34:00+00:00","dateModified":"2021-09-23T16:25:58+00:00","mainEntityOfPage":{"@id":"https:\/\/www.iemj.org\/en\/le-cfmj-au-festival-des-cultures-juives-de-paris\/"},"wordCount":101,"publisher":{"@id":"https:\/\/www.iemj.org\/en\/#organization"},"image":{"@id":"https:\/\/www.iemj.org\/en\/le-cfmj-au-festival-des-cultures-juives-de-paris\/#primaryimage"},"thumbnailUrl":"https:\/\/www.iemj.org\/wp-content\/uploads\/2011\/06\/arton267-e1632414328636.jpg","keywords":["Partners' events"],"articleSection":["Lectures \/ conferences"],"inLanguage":"en-US"},{"@type":"WebPage","@id":"https:\/\/www.iemj.org\/en\/le-cfmj-au-festival-des-cultures-juives-de-paris\/","url":"https:\/\/www.iemj.org\/en\/le-cfmj-au-festival-des-cultures-juives-de-paris\/","name":"The interculturality in Jewish music - Institut Europ\u00e9en des Musiques Juives","isPartOf":{"@id":"https:\/\/www.iemj.org\/en\/#website"},"primaryImageOfPage":{"@id":"https:\/\/www.iemj.org\/en\/le-cfmj-au-festival-des-cultures-juives-de-paris\/#primaryimage"},"image":{"@id":"https:\/\/www.iemj.org\/en\/le-cfmj-au-festival-des-cultures-juives-de-paris\/#primaryimage"},"thumbnailUrl":"https:\/\/www.iemj.org\/wp-content\/uploads\/2011\/06\/arton267-e1632414328636.jpg","datePublished":"2011-06-10T09:34:00+00:00","dateModified":"2021-09-23T16:25:58+00:00","breadcrumb":{"@id":"https:\/\/www.iemj.org\/en\/le-cfmj-au-festival-des-cultures-juives-de-paris\/#breadcrumb"},"inLanguage":"en-US","potentialAction":[{"@type":"ReadAction","target":["https:\/\/www.iemj.org\/en\/le-cfmj-au-festival-des-cultures-juives-de-paris\/"]}]},{"@type":"ImageObject","inLanguage":"en-US","@id":"https:\/\/www.iemj.org\/en\/le-cfmj-au-festival-des-cultures-juives-de-paris\/#primaryimage","url":"https:\/\/www.iemj.org\/wp-content\/uploads\/2011\/06\/arton267-e1632414328636.jpg","contentUrl":"https:\/\/www.iemj.org\/wp-content\/uploads\/2011\/06\/arton267-e1632414328636.jpg","width":350,"height":495},{"@type":"BreadcrumbList","@id":"https:\/\/www.iemj.org\/en\/le-cfmj-au-festival-des-cultures-juives-de-paris\/#breadcrumb","itemListElement":[{"@type":"ListItem","position":1,"name":"Accueil","item":"https:\/\/www.iemj.org\/en\/"},{"@type":"ListItem","position":2,"name":"The interculturality in Jewish music"}]},{"@type":"WebSite","@id":"https:\/\/www.iemj.org\/en\/#website","url":"https:\/\/www.iemj.org\/en\/","name":"Institut Europ\u00e9en des Musiques Juives","description":"Des traditions musicales \u00e0 la port\u00e9e de tous","publisher":{"@id":"https:\/\/www.iemj.org\/en\/#organization"},"potentialAction":[{"@type":"SearchAction","target":{"@type":"EntryPoint","urlTemplate":"https:\/\/www.iemj.org\/en\/?s={search_term_string}"},"query-input":{"@type":"PropertyValueSpecification","valueRequired":true,"valueName":"search_term_string"}}],"inLanguage":"en-US"},{"@type":"Organization","@id":"https:\/\/www.iemj.org\/en\/#organization","name":"Institut Europ\u00e9en des Musiques Juives","url":"https:\/\/www.iemj.org\/en\/","logo":{"@type":"ImageObject","inLanguage":"en-US","@id":"https:\/\/www.iemj.org\/en\/#\/schema\/logo\/image\/","url":"https:\/\/www.iemj.org\/wp-content\/uploads\/2021\/09\/Logo-IEMJ-Paypal.jpg","contentUrl":"https:\/\/www.iemj.org\/wp-content\/uploads\/2021\/09\/Logo-IEMJ-Paypal.jpg","width":150,"height":50,"caption":"Institut Europ\u00e9en des Musiques Juives"},"image":{"@id":"https:\/\/www.iemj.org\/en\/#\/schema\/logo\/image\/"},"sameAs":["https:\/\/www.facebook.com\/MusiquesJuives\/","https:\/\/www.instagram.com\/musiquesjuives\/","https:\/\/www.youtube.com\/user\/musiquesjuives"]},{"@type":"Person","@id":"https:\/\/www.iemj.org\/en\/#\/schema\/person\/0dfc8632809ec10c9e7d4daf4f4b9f1c","name":"Nicolas Fevre","image":{"@type":"ImageObject","inLanguage":"en-US","@id":"https:\/\/secure.gravatar.com\/avatar\/d879fd262de3ba26caa7035b34c65f320aa09cf4c96889ac41d9325e287ccb7b?s=96&d=mm&r=g","url":"https:\/\/secure.gravatar.com\/avatar\/d879fd262de3ba26caa7035b34c65f320aa09cf4c96889ac41d9325e287ccb7b?s=96&d=mm&r=g","contentUrl":"https:\/\/secure.gravatar.com\/avatar\/d879fd262de3ba26caa7035b34c65f320aa09cf4c96889ac41d9325e287ccb7b?s=96&d=mm&r=g","caption":"Nicolas Fevre"}}]}},"_links":{"self":[{"href":"https:\/\/www.iemj.org\/en\/wp-json\/wp\/v2\/posts\/58209","targetHints":{"allow":["GET"]}}],"collection":[{"href":"https:\/\/www.iemj.org\/en\/wp-json\/wp\/v2\/posts"}],"about":[{"href":"https:\/\/www.iemj.org\/en\/wp-json\/wp\/v2\/types\/post"}],"author":[{"embeddable":true,"href":"https:\/\/www.iemj.org\/en\/wp-json\/wp\/v2\/users\/1047"}],"replies":[{"embeddable":true,"href":"https:\/\/www.iemj.org\/en\/wp-json\/wp\/v2\/comments?post=58209"}],"version-history":[{"count":0,"href":"https:\/\/www.iemj.org\/en\/wp-json\/wp\/v2\/posts\/58209\/revisions"}],"wp:featuredmedia":[{"embeddable":true,"href":"https:\/\/www.iemj.org\/en\/wp-json\/wp\/v2\/media\/3790"}],"wp:attachment":[{"href":"https:\/\/www.iemj.org\/en\/wp-json\/wp\/v2\/media?parent=58209"}],"wp:term":[{"taxonomy":"category","embeddable":true,"href":"https:\/\/www.iemj.org\/en\/wp-json\/wp\/v2\/categories?post=58209"},{"taxonomy":"post_tag","embeddable":true,"href":"https:\/\/www.iemj.org\/en\/wp-json\/wp\/v2\/tags?post=58209"},{"taxonomy":"technique","embeddable":true,"href":"https:\/\/www.iemj.org\/en\/wp-json\/wp\/v2\/technique?post=58209"},{"taxonomy":"squelettes","embeddable":true,"href":"https:\/\/www.iemj.org\/en\/wp-json\/wp\/v2\/squelettes?post=58209"},{"taxonomy":"sujet","embeddable":true,"href":"https:\/\/www.iemj.org\/en\/wp-json\/wp\/v2\/sujet?post=58209"},{"taxonomy":"formation","embeddable":true,"href":"https:\/\/www.iemj.org\/en\/wp-json\/wp\/v2\/formation?post=58209"},{"taxonomy":"genre","embeddable":true,"href":"https:\/\/www.iemj.org\/en\/wp-json\/wp\/v2\/genre?post=58209"},{"taxonomy":"fonds","embeddable":true,"href":"https:\/\/www.iemj.org\/en\/wp-json\/wp\/v2\/fonds?post=58209"},{"taxonomy":"tradition","embeddable":true,"href":"https:\/\/www.iemj.org\/en\/wp-json\/wp\/v2\/tradition?post=58209"},{"taxonomy":"type-de-contenu","embeddable":true,"href":"https:\/\/www.iemj.org\/en\/wp-json\/wp\/v2\/type-de-contenu?post=58209"},{"taxonomy":"interprete-compositeur","embeddable":true,"href":"https:\/\/www.iemj.org\/en\/wp-json\/wp\/v2\/interprete-compositeur?post=58209"},{"taxonomy":"frise","embeddable":true,"href":"https:\/\/www.iemj.org\/en\/wp-json\/wp\/v2\/frise?post=58209"},{"taxonomy":"type-devenement","embeddable":true,"href":"https:\/\/www.iemj.org\/en\/wp-json\/wp\/v2\/type-devenement?post=58209"},{"taxonomy":"tableaux-liens-externes","embeddable":true,"href":"https:\/\/www.iemj.org\/en\/wp-json\/wp\/v2\/tableaux-liens-externes?post=58209"}],"curies":[{"name":"wp","href":"https:\/\/api.w.org\/{rel}","templated":true}]}}