{"id":58247,"date":"2019-05-21T16:56:36","date_gmt":"2019-05-21T14:56:36","guid":{"rendered":"https:\/\/www.iemj.org\/cantor-haim-ischakis\/"},"modified":"2025-09-17T10:10:01","modified_gmt":"2025-09-17T08:10:01","slug":"cantor-haim-ischakis","status":"publish","type":"post","link":"https:\/\/www.iemj.org\/en\/cantor-haim-ischakis\/","title":{"rendered":"Cantor Haim Ischakis"},"content":{"rendered":"<p>Released in 2018 by the <a href=\"https:\/\/www.ezjm.hmtm-hannover.de\/de\/start\/\">Europ\u00e4ische Zentrum f\u00fcr J\u00fcdische Musik (EZJM)<\/a> in Hanover, this 4 CD boxset offers a wide musical panorama of the liturgical tradition of Romaniote Jews from Greece.<\/p>\n<p><!--more--><\/p>\n<p>The Romaniotes (this word defines the former inhabitants of the Roman Eastern or Byzantine empires) are Hellenized Jews who lived around the Eastern Mediterrannean sea or the Black sea for over 2,000 years. Some traditions make even go back to the Babylonian exile. These Hellenized Jews settled in the royal states from Alexander\u2019s empire, in particular the Ptomelaeus Egypt. They adopted the Greek language and culture but kept their faith, and represents the origin of Judeo-Hellenist literature, which contains in particular the first translations of the Hebrew bible, the deuterocanonical books, which are not accepted in the Tanakh, the inter-testimentary books, and the first attempts to integrate philosophy to Judaism, in which the finest representative is Philo of Alexandria.<\/p>\n<figure id=\"attachment_24038\" aria-describedby=\"caption-attachment-24038\" style=\"width: 252px\" class=\"wp-caption alignright\"><img fetchpriority=\"high\" decoding=\"async\" class=\"wp-image-24039\" src=\"https:\/\/www.iemj.org\/wp-content\/uploads\/2019\/05\/rabbi_moshe_pesach_juif_romaniote_wikipedia_-_redim-196x300.jpg\" alt=\"rabbi_moshe_pesach_juif_romaniote_wikipedia_-_redim.jpg\" width=\"252\" height=\"386\" srcset=\"https:\/\/www.iemj.org\/wp-content\/uploads\/2019\/05\/rabbi_moshe_pesach_juif_romaniote_wikipedia_-_redim-196x300.jpg 196w, https:\/\/www.iemj.org\/wp-content\/uploads\/2019\/05\/rabbi_moshe_pesach_juif_romaniote_wikipedia_-_redim.jpg 252w\" sizes=\"(max-width: 252px) 100vw, 252px\" \/><figcaption id=\"caption-attachment-24038\" class=\"wp-caption-text\"><strong>Mo\u00efse-Sim\u00e9on Pessah, rabbi of the Romaniote community of Volos, 1939<\/strong><\/figcaption><\/figure>\n<p>In the Middle-Ages, the Romaniotes disseminated their culture throughout the new Western communities, Ashkenazi (that is \u00ab German \u00bb), Sarfaties (that is \u00ab French \u00bb) and Sefardi (that is \u00ab Spanish \u00bb). The presence of Romaniotes is thus documented in Venice, in the Rhine valley and in Languedoc.<\/p>\n<p>At the fall of the Byzantine empire, in 1453, the Romaniotes pass under Ottoman law. They continue to practice their own faith, their own language (Judeo-Greek) and other specific aspects (they adopted the Talmud of Jerusalem while the majority of the Jewish people adopted the Talmud of Babylon), but, with the arrival of the Jews expelled from the Iberic peninsula, the romaniot culture melts slowly into the Sefardi culture.<\/p>\n<p>The community, wiped out during the Holocaust, now numbers only about 10,000 people in Greece, and has partly constituted itself in Israel and North America. At the beginning of the XXIst century, there are only four small Romaniote active communities left : in Thessaloniki and Ioannina in Greece, in New York and Jerusalem.<\/p>\n<p>This compilation of field recordings, produced between 2016 and 2017 by <strong>Sarah Ross<\/strong>, director of the EZJM, and <strong>Miranda L. Crowdus<\/strong>, research assistant, aims to make this repertoire available to future generations. 70 prayers of the various year\u2019s services have been recorded by the cantor Haim Ischakis, one of the last experts of the Romaniote tradition.<\/p>\n<p>Haim Ischakis was born in Athens in 1959. His parents were from Ioannina and Chalkis, two cities in which a flourishing Romaniote community thrived before the war. Haim Ischakis studied in the L\u00e9onin high school, a French-Greek institute, and continued his studies in the Hebrew university of Jerusalem. Back in Greece in 1981, he devoted himself to perpetuate the Romaniote Jewish culture after the death of his father in 1996, in particular its musical tradition, to which he also added new melodies.<\/p>\n<p>This is why, contrary to what is stated in the booklet as an existing original repertoire of Romaniote synagogue music, a great part of the tunes heard on these CD\u2019s come from diverse backgrounds. Even if the way of singing and various ornamentation seem specific to the Romaniote ritual, we can hear in it many tunes of the Portuguese Sefardi ritual of France (listen in the playlist below the song n\u00b0 2 [<em>Rau vanim<\/em> from composer <a href=\"https:\/\/www.iemj.org\/en\/jonas-emile-1827-1905\/\">Emile Jonas<\/a>], 7. [<em>Et Shaarei ratson<\/em> :\u00a0ommon tune to most of the Sefardi traditions] and 8. [<em>Lemaancha Elokai<\/em>]. We also find Ashkenazi melodies (9. <em>Uvenucho Yomar<\/em> by <a href=\"https:\/\/www.iemj.org\/en\/lewandowski-louis-lazarus-1821-1894\/\">Louis Lewandowski<\/a>, 10. <em>Maoz Tzur<\/em>\u00a0[classical Ashkenazi tune] and 11. <em>Echad Mi Yodea<\/em> [song of Passover with the traditional Ashkenazi tune]). Finally, we recognize Judeo-Spanish songs (4. <em>Befi Yesharim<\/em> on the melody of <a href=\"https:\/\/www.iemj.org\/en\/uskudara-fel-shara-terk-in-america-et-cetera\/\"><em>\u00dcsk\u00fcdara<\/em><\/a>, 5. <em>Kedusha<\/em>\u00a0on <em>La rosa enflorece<\/em>) and Israeli (3. <em>Nishmat<\/em> on the melody of <a href=\"https:\/\/www.iemj.org\/en\/yeroushalayim-shel-zahav-jerusalem-dor\/\"><em>Yerushalayim Shel Zahav<\/em><\/a>).<\/p>\n<p>As such, this \u00ab patchwork \u00bb is typical of Jewish traditions. We can however regret that this attempt to revive a moribund tradition is based on recordings of only one person. Because it is then difficult to identify what comes from one individual or from a group, which is from tradition and which is adaptation.<\/p>\n<p><a href=\"https:\/\/www.ezjm.hmtm-hannover.de\/en\/research\/cd-project-romaniote-tradition\/\">Purchase the boxset Cantor Haim Ischakis<\/a><br \/><a href=\"https:\/\/en.wikipedia.org\/wiki\/Romaniote_Jews\">Read the article on Wikipedia about Romaniote Jews<\/a><\/p>\n\n\n<h2 class=\"wp-block-heading\"><\/h2>\n\n\n<div class=\"wp-block-image\">\n<figure class=\"aligncenter size-large\"><img decoding=\"async\" width=\"1024\" height=\"133\" src=\"https:\/\/www.iemj.org\/wp-content\/uploads\/2024\/03\/AUDIO-PLAYER-1024x133.png\" alt=\"\" class=\"wp-image-110607\" srcset=\"https:\/\/www.iemj.org\/wp-content\/uploads\/2024\/03\/AUDIO-PLAYER-1024x133.png 1024w, https:\/\/www.iemj.org\/wp-content\/uploads\/2024\/03\/AUDIO-PLAYER-300x39.png 300w, https:\/\/www.iemj.org\/wp-content\/uploads\/2024\/03\/AUDIO-PLAYER-768x100.png 768w, https:\/\/www.iemj.org\/wp-content\/uploads\/2024\/03\/AUDIO-PLAYER-600x78.png 600w, https:\/\/www.iemj.org\/wp-content\/uploads\/2024\/03\/AUDIO-PLAYER.png 1210w\" sizes=\"(max-width: 1024px) 100vw, 1024px\" \/><\/figure>\n<\/div>\n\n\n<div class=\"wp-block-file\"><a href=\"https:\/\/www.iemj.org\/wp-content\/uploads\/2019\/05\/1_kaddish_de_shabbat_extrait_.mp3\">1) Kaddish de Shabbat (Extrait)<\/a><\/div>\n\n\n\n<div class=\"wp-block-file\"><a href=\"https:\/\/www.iemj.org\/wp-content\/uploads\/2019\/05\/2_rau_vanim_extrait_.mp3\">2) Rau vanim (Extrait)<\/a><\/div>\n\n\n\n<div class=\"wp-block-file\"><a href=\"https:\/\/www.iemj.org\/wp-content\/uploads\/2019\/05\/3_nishmat_kol_chai_extrait_.mp3\">3) Nishmat kol Chai (Extrait)<\/a><\/div>\n\n\n\n<div class=\"wp-block-file\"><a href=\"https:\/\/www.iemj.org\/wp-content\/uploads\/2019\/05\/4_befi_yesharim_titromam_extrait_.mp3\">4) Befi Yesharim Titromam (Extrait)<\/a><\/div>\n\n\n\n<div class=\"wp-block-file\"><a href=\"https:\/\/www.iemj.org\/wp-content\/uploads\/2019\/05\/5_kedusha_nakdishach_venaaritsach_extrait_.mp3\">5) Kedusha Nakdishach Venaaritsach (Extrait)<\/a><\/div>\n\n\n\n<div class=\"wp-block-file\"><a href=\"https:\/\/www.iemj.org\/wp-content\/uploads\/2019\/05\/6_achot_ketana_extrait_.mp3\">6) Achot Ketana (Extrait)<\/a><\/div>\n\n\n\n<div class=\"wp-block-file\"><a href=\"https:\/\/www.iemj.org\/wp-content\/uploads\/2019\/05\/7_et_shaare_ratson_extrait_.mp3\">7) Et  Shaare Ratson (Extrait)<\/a><\/div>\n\n\n\n<div class=\"wp-block-file\"><a href=\"https:\/\/www.iemj.org\/wp-content\/uploads\/2019\/05\/8_lemaancha_elokai_extrait_.mp3\">8) Lemaancha Elokai (Extrait)<\/a><\/div>\n\n\n\n<div class=\"wp-block-file\"><a href=\"https:\/\/www.iemj.org\/wp-content\/uploads\/2019\/05\/9_uvnucho_yomar_extrait_.mp3\">9) Uvnucho Yomar (Extrait)<\/a><\/div>\n\n\n\n<div class=\"wp-block-file\"><a href=\"https:\/\/www.iemj.org\/wp-content\/uploads\/2019\/05\/10_maoz_tsur_extrait_.mp3\">10) Maoz Tsur (Extrait)<\/a><\/div>\n\n\n\n<div class=\"wp-block-file\"><a href=\"https:\/\/www.iemj.org\/wp-content\/uploads\/2019\/05\/11_echad_mi_yodea_extrait_.mp3\">11) Echad Mi Yodea (Extrait)<\/a><\/div>\n","protected":false},"excerpt":{"rendered":"<p>Released in 2018 by the Europ\u00e4ische Zentrum f\u00fcr J\u00fcdische Musik (EZJM) in Hanover, this 4 CD boxset offers a wide musical panorama of the liturgical tradition of Romaniote Jews from<\/p>\n","protected":false},"author":1045,"featured_media":24014,"comment_status":"closed","ping_status":"closed","sticky":false,"template":"","format":"standard","meta":{"_acf_changed":false,"footnotes":""},"categories":[1570,1562],"tags":[4043],"technique":[],"squelettes":[],"sujet":[],"formation":[],"genre":[1116],"fonds":[],"tradition":[1140],"type-de-contenu":[],"interprete-compositeur":[],"frise":[],"type-devenement":[],"tableaux-liens-externes":[],"class_list":["post-58247","post","type-post","status-publish","format-standard","has-post-thumbnail","hentry","category-cd-latest-acquisition-en","category-latest-acquisitions-en","tag-greece","genre-liturgy","tradition-romanitic-rite-en"],"acf":[],"yoast_head":"<!-- This site is optimized with the Yoast SEO plugin v27.3 - https:\/\/yoast.com\/product\/yoast-seo-wordpress\/ -->\n<title>Cantor Haim Ischakis - Institut Europ\u00e9en des Musiques Juives<\/title>\n<meta name=\"robots\" content=\"index, follow, max-snippet:-1, max-image-preview:large, max-video-preview:-1\" \/>\n<link rel=\"canonical\" href=\"https:\/\/www.iemj.org\/en\/cantor-haim-ischakis\/\" \/>\n<meta property=\"og:locale\" content=\"en_US\" \/>\n<meta property=\"og:type\" content=\"article\" \/>\n<meta property=\"og:title\" content=\"Cantor Haim Ischakis - Institut Europ\u00e9en des Musiques Juives\" \/>\n<meta property=\"og:description\" content=\"Released in 2018 by the Europ\u00e4ische Zentrum f\u00fcr J\u00fcdische Musik (EZJM) in Hanover, this 4 CD boxset offers a wide musical panorama of the liturgical tradition of Romaniote Jews from\" \/>\n<meta property=\"og:url\" content=\"https:\/\/www.iemj.org\/en\/cantor-haim-ischakis\/\" \/>\n<meta property=\"og:site_name\" content=\"Institut Europ\u00e9en des Musiques Juives\" \/>\n<meta property=\"article:publisher\" content=\"https:\/\/www.facebook.com\/MusiquesJuives\/\" \/>\n<meta property=\"article:published_time\" content=\"2019-05-21T14:56:36+00:00\" \/>\n<meta property=\"article:modified_time\" content=\"2025-09-17T08:10:01+00:00\" \/>\n<meta property=\"og:image\" content=\"https:\/\/www.iemj.org\/wp-content\/uploads\/2019\/05\/arton4169-e1619095324361.jpg\" \/>\n\t<meta property=\"og:image:width\" content=\"400\" \/>\n\t<meta property=\"og:image:height\" content=\"371\" \/>\n\t<meta property=\"og:image:type\" content=\"image\/jpeg\" \/>\n<meta name=\"author\" content=\"Herv\u00e9 Roten\" \/>\n<meta name=\"twitter:card\" content=\"summary_large_image\" \/>\n<meta name=\"twitter:label1\" content=\"Written by\" \/>\n\t<meta name=\"twitter:data1\" content=\"Herv\u00e9 Roten\" \/>\n\t<meta name=\"twitter:label2\" content=\"Est. reading time\" \/>\n\t<meta name=\"twitter:data2\" content=\"5 minutes\" \/>\n<script type=\"application\/ld+json\" class=\"yoast-schema-graph\">{\"@context\":\"https:\\\/\\\/schema.org\",\"@graph\":[{\"@type\":\"Article\",\"@id\":\"https:\\\/\\\/www.iemj.org\\\/en\\\/cantor-haim-ischakis\\\/#article\",\"isPartOf\":{\"@id\":\"https:\\\/\\\/www.iemj.org\\\/en\\\/cantor-haim-ischakis\\\/\"},\"author\":{\"name\":\"Herv\u00e9 Roten\",\"@id\":\"https:\\\/\\\/www.iemj.org\\\/en\\\/#\\\/schema\\\/person\\\/906134402c29d5c76e7b726261dd4bbd\"},\"headline\":\"Cantor Haim Ischakis\",\"datePublished\":\"2019-05-21T14:56:36+00:00\",\"dateModified\":\"2025-09-17T08:10:01+00:00\",\"mainEntityOfPage\":{\"@id\":\"https:\\\/\\\/www.iemj.org\\\/en\\\/cantor-haim-ischakis\\\/\"},\"wordCount\":720,\"publisher\":{\"@id\":\"https:\\\/\\\/www.iemj.org\\\/en\\\/#organization\"},\"image\":{\"@id\":\"https:\\\/\\\/www.iemj.org\\\/en\\\/cantor-haim-ischakis\\\/#primaryimage\"},\"thumbnailUrl\":\"https:\\\/\\\/www.iemj.org\\\/wp-content\\\/uploads\\\/2019\\\/05\\\/arton4169-e1619095324361.jpg\",\"keywords\":[\"Greece\"],\"articleSection\":[\"CD\",\"Latest Acquisitions\"],\"inLanguage\":\"en-US\"},{\"@type\":\"WebPage\",\"@id\":\"https:\\\/\\\/www.iemj.org\\\/en\\\/cantor-haim-ischakis\\\/\",\"url\":\"https:\\\/\\\/www.iemj.org\\\/en\\\/cantor-haim-ischakis\\\/\",\"name\":\"Cantor Haim Ischakis - Institut Europ\u00e9en des Musiques Juives\",\"isPartOf\":{\"@id\":\"https:\\\/\\\/www.iemj.org\\\/en\\\/#website\"},\"primaryImageOfPage\":{\"@id\":\"https:\\\/\\\/www.iemj.org\\\/en\\\/cantor-haim-ischakis\\\/#primaryimage\"},\"image\":{\"@id\":\"https:\\\/\\\/www.iemj.org\\\/en\\\/cantor-haim-ischakis\\\/#primaryimage\"},\"thumbnailUrl\":\"https:\\\/\\\/www.iemj.org\\\/wp-content\\\/uploads\\\/2019\\\/05\\\/arton4169-e1619095324361.jpg\",\"datePublished\":\"2019-05-21T14:56:36+00:00\",\"dateModified\":\"2025-09-17T08:10:01+00:00\",\"breadcrumb\":{\"@id\":\"https:\\\/\\\/www.iemj.org\\\/en\\\/cantor-haim-ischakis\\\/#breadcrumb\"},\"inLanguage\":\"en-US\",\"potentialAction\":[{\"@type\":\"ReadAction\",\"target\":[\"https:\\\/\\\/www.iemj.org\\\/en\\\/cantor-haim-ischakis\\\/\"]}]},{\"@type\":\"ImageObject\",\"inLanguage\":\"en-US\",\"@id\":\"https:\\\/\\\/www.iemj.org\\\/en\\\/cantor-haim-ischakis\\\/#primaryimage\",\"url\":\"https:\\\/\\\/www.iemj.org\\\/wp-content\\\/uploads\\\/2019\\\/05\\\/arton4169-e1619095324361.jpg\",\"contentUrl\":\"https:\\\/\\\/www.iemj.org\\\/wp-content\\\/uploads\\\/2019\\\/05\\\/arton4169-e1619095324361.jpg\",\"width\":400,\"height\":371},{\"@type\":\"BreadcrumbList\",\"@id\":\"https:\\\/\\\/www.iemj.org\\\/en\\\/cantor-haim-ischakis\\\/#breadcrumb\",\"itemListElement\":[{\"@type\":\"ListItem\",\"position\":1,\"name\":\"Accueil\",\"item\":\"https:\\\/\\\/www.iemj.org\\\/en\\\/\"},{\"@type\":\"ListItem\",\"position\":2,\"name\":\"Cantor Haim Ischakis\"}]},{\"@type\":\"WebSite\",\"@id\":\"https:\\\/\\\/www.iemj.org\\\/en\\\/#website\",\"url\":\"https:\\\/\\\/www.iemj.org\\\/en\\\/\",\"name\":\"Institut Europ\u00e9en des Musiques Juives\",\"description\":\"Des traditions musicales \u00e0 la port\u00e9e de tous\",\"publisher\":{\"@id\":\"https:\\\/\\\/www.iemj.org\\\/en\\\/#organization\"},\"potentialAction\":[{\"@type\":\"SearchAction\",\"target\":{\"@type\":\"EntryPoint\",\"urlTemplate\":\"https:\\\/\\\/www.iemj.org\\\/en\\\/?s={search_term_string}\"},\"query-input\":{\"@type\":\"PropertyValueSpecification\",\"valueRequired\":true,\"valueName\":\"search_term_string\"}}],\"inLanguage\":\"en-US\"},{\"@type\":\"Organization\",\"@id\":\"https:\\\/\\\/www.iemj.org\\\/en\\\/#organization\",\"name\":\"Institut Europ\u00e9en des Musiques Juives\",\"url\":\"https:\\\/\\\/www.iemj.org\\\/en\\\/\",\"logo\":{\"@type\":\"ImageObject\",\"inLanguage\":\"en-US\",\"@id\":\"https:\\\/\\\/www.iemj.org\\\/en\\\/#\\\/schema\\\/logo\\\/image\\\/\",\"url\":\"https:\\\/\\\/www.iemj.org\\\/wp-content\\\/uploads\\\/2021\\\/09\\\/Logo-IEMJ-Paypal.jpg\",\"contentUrl\":\"https:\\\/\\\/www.iemj.org\\\/wp-content\\\/uploads\\\/2021\\\/09\\\/Logo-IEMJ-Paypal.jpg\",\"width\":150,\"height\":50,\"caption\":\"Institut Europ\u00e9en des Musiques Juives\"},\"image\":{\"@id\":\"https:\\\/\\\/www.iemj.org\\\/en\\\/#\\\/schema\\\/logo\\\/image\\\/\"},\"sameAs\":[\"https:\\\/\\\/www.facebook.com\\\/MusiquesJuives\\\/\",\"https:\\\/\\\/www.instagram.com\\\/musiquesjuives\\\/\",\"https:\\\/\\\/www.youtube.com\\\/user\\\/musiquesjuives\"]},{\"@type\":\"Person\",\"@id\":\"https:\\\/\\\/www.iemj.org\\\/en\\\/#\\\/schema\\\/person\\\/906134402c29d5c76e7b726261dd4bbd\",\"name\":\"Herv\u00e9 Roten\",\"image\":{\"@type\":\"ImageObject\",\"inLanguage\":\"en-US\",\"@id\":\"https:\\\/\\\/secure.gravatar.com\\\/avatar\\\/f96ad2db538a26481f18384936b5cd0610c92d390c4dc382209216d455f685ff?s=96&d=mm&r=g\",\"url\":\"https:\\\/\\\/secure.gravatar.com\\\/avatar\\\/f96ad2db538a26481f18384936b5cd0610c92d390c4dc382209216d455f685ff?s=96&d=mm&r=g\",\"contentUrl\":\"https:\\\/\\\/secure.gravatar.com\\\/avatar\\\/f96ad2db538a26481f18384936b5cd0610c92d390c4dc382209216d455f685ff?s=96&d=mm&r=g\",\"caption\":\"Herv\u00e9 Roten\"}}]}<\/script>\n<!-- \/ Yoast SEO plugin. -->","yoast_head_json":{"title":"Cantor Haim Ischakis - Institut Europ\u00e9en des Musiques Juives","robots":{"index":"index","follow":"follow","max-snippet":"max-snippet:-1","max-image-preview":"max-image-preview:large","max-video-preview":"max-video-preview:-1"},"canonical":"https:\/\/www.iemj.org\/en\/cantor-haim-ischakis\/","og_locale":"en_US","og_type":"article","og_title":"Cantor Haim Ischakis - Institut Europ\u00e9en des Musiques Juives","og_description":"Released in 2018 by the Europ\u00e4ische Zentrum f\u00fcr J\u00fcdische Musik (EZJM) in Hanover, this 4 CD boxset offers a wide musical panorama of the liturgical tradition of Romaniote Jews from","og_url":"https:\/\/www.iemj.org\/en\/cantor-haim-ischakis\/","og_site_name":"Institut Europ\u00e9en des Musiques Juives","article_publisher":"https:\/\/www.facebook.com\/MusiquesJuives\/","article_published_time":"2019-05-21T14:56:36+00:00","article_modified_time":"2025-09-17T08:10:01+00:00","og_image":[{"width":400,"height":371,"url":"https:\/\/www.iemj.org\/wp-content\/uploads\/2019\/05\/arton4169-e1619095324361.jpg","type":"image\/jpeg"}],"author":"Herv\u00e9 Roten","twitter_card":"summary_large_image","twitter_misc":{"Written by":"Herv\u00e9 Roten","Est. reading time":"5 minutes"},"schema":{"@context":"https:\/\/schema.org","@graph":[{"@type":"Article","@id":"https:\/\/www.iemj.org\/en\/cantor-haim-ischakis\/#article","isPartOf":{"@id":"https:\/\/www.iemj.org\/en\/cantor-haim-ischakis\/"},"author":{"name":"Herv\u00e9 Roten","@id":"https:\/\/www.iemj.org\/en\/#\/schema\/person\/906134402c29d5c76e7b726261dd4bbd"},"headline":"Cantor Haim Ischakis","datePublished":"2019-05-21T14:56:36+00:00","dateModified":"2025-09-17T08:10:01+00:00","mainEntityOfPage":{"@id":"https:\/\/www.iemj.org\/en\/cantor-haim-ischakis\/"},"wordCount":720,"publisher":{"@id":"https:\/\/www.iemj.org\/en\/#organization"},"image":{"@id":"https:\/\/www.iemj.org\/en\/cantor-haim-ischakis\/#primaryimage"},"thumbnailUrl":"https:\/\/www.iemj.org\/wp-content\/uploads\/2019\/05\/arton4169-e1619095324361.jpg","keywords":["Greece"],"articleSection":["CD","Latest Acquisitions"],"inLanguage":"en-US"},{"@type":"WebPage","@id":"https:\/\/www.iemj.org\/en\/cantor-haim-ischakis\/","url":"https:\/\/www.iemj.org\/en\/cantor-haim-ischakis\/","name":"Cantor Haim Ischakis - Institut Europ\u00e9en des Musiques Juives","isPartOf":{"@id":"https:\/\/www.iemj.org\/en\/#website"},"primaryImageOfPage":{"@id":"https:\/\/www.iemj.org\/en\/cantor-haim-ischakis\/#primaryimage"},"image":{"@id":"https:\/\/www.iemj.org\/en\/cantor-haim-ischakis\/#primaryimage"},"thumbnailUrl":"https:\/\/www.iemj.org\/wp-content\/uploads\/2019\/05\/arton4169-e1619095324361.jpg","datePublished":"2019-05-21T14:56:36+00:00","dateModified":"2025-09-17T08:10:01+00:00","breadcrumb":{"@id":"https:\/\/www.iemj.org\/en\/cantor-haim-ischakis\/#breadcrumb"},"inLanguage":"en-US","potentialAction":[{"@type":"ReadAction","target":["https:\/\/www.iemj.org\/en\/cantor-haim-ischakis\/"]}]},{"@type":"ImageObject","inLanguage":"en-US","@id":"https:\/\/www.iemj.org\/en\/cantor-haim-ischakis\/#primaryimage","url":"https:\/\/www.iemj.org\/wp-content\/uploads\/2019\/05\/arton4169-e1619095324361.jpg","contentUrl":"https:\/\/www.iemj.org\/wp-content\/uploads\/2019\/05\/arton4169-e1619095324361.jpg","width":400,"height":371},{"@type":"BreadcrumbList","@id":"https:\/\/www.iemj.org\/en\/cantor-haim-ischakis\/#breadcrumb","itemListElement":[{"@type":"ListItem","position":1,"name":"Accueil","item":"https:\/\/www.iemj.org\/en\/"},{"@type":"ListItem","position":2,"name":"Cantor Haim Ischakis"}]},{"@type":"WebSite","@id":"https:\/\/www.iemj.org\/en\/#website","url":"https:\/\/www.iemj.org\/en\/","name":"Institut Europ\u00e9en des Musiques Juives","description":"Des traditions musicales \u00e0 la port\u00e9e de tous","publisher":{"@id":"https:\/\/www.iemj.org\/en\/#organization"},"potentialAction":[{"@type":"SearchAction","target":{"@type":"EntryPoint","urlTemplate":"https:\/\/www.iemj.org\/en\/?s={search_term_string}"},"query-input":{"@type":"PropertyValueSpecification","valueRequired":true,"valueName":"search_term_string"}}],"inLanguage":"en-US"},{"@type":"Organization","@id":"https:\/\/www.iemj.org\/en\/#organization","name":"Institut Europ\u00e9en des Musiques Juives","url":"https:\/\/www.iemj.org\/en\/","logo":{"@type":"ImageObject","inLanguage":"en-US","@id":"https:\/\/www.iemj.org\/en\/#\/schema\/logo\/image\/","url":"https:\/\/www.iemj.org\/wp-content\/uploads\/2021\/09\/Logo-IEMJ-Paypal.jpg","contentUrl":"https:\/\/www.iemj.org\/wp-content\/uploads\/2021\/09\/Logo-IEMJ-Paypal.jpg","width":150,"height":50,"caption":"Institut Europ\u00e9en des Musiques Juives"},"image":{"@id":"https:\/\/www.iemj.org\/en\/#\/schema\/logo\/image\/"},"sameAs":["https:\/\/www.facebook.com\/MusiquesJuives\/","https:\/\/www.instagram.com\/musiquesjuives\/","https:\/\/www.youtube.com\/user\/musiquesjuives"]},{"@type":"Person","@id":"https:\/\/www.iemj.org\/en\/#\/schema\/person\/906134402c29d5c76e7b726261dd4bbd","name":"Herv\u00e9 Roten","image":{"@type":"ImageObject","inLanguage":"en-US","@id":"https:\/\/secure.gravatar.com\/avatar\/f96ad2db538a26481f18384936b5cd0610c92d390c4dc382209216d455f685ff?s=96&d=mm&r=g","url":"https:\/\/secure.gravatar.com\/avatar\/f96ad2db538a26481f18384936b5cd0610c92d390c4dc382209216d455f685ff?s=96&d=mm&r=g","contentUrl":"https:\/\/secure.gravatar.com\/avatar\/f96ad2db538a26481f18384936b5cd0610c92d390c4dc382209216d455f685ff?s=96&d=mm&r=g","caption":"Herv\u00e9 Roten"}}]}},"_links":{"self":[{"href":"https:\/\/www.iemj.org\/en\/wp-json\/wp\/v2\/posts\/58247","targetHints":{"allow":["GET"]}}],"collection":[{"href":"https:\/\/www.iemj.org\/en\/wp-json\/wp\/v2\/posts"}],"about":[{"href":"https:\/\/www.iemj.org\/en\/wp-json\/wp\/v2\/types\/post"}],"author":[{"embeddable":true,"href":"https:\/\/www.iemj.org\/en\/wp-json\/wp\/v2\/users\/1045"}],"replies":[{"embeddable":true,"href":"https:\/\/www.iemj.org\/en\/wp-json\/wp\/v2\/comments?post=58247"}],"version-history":[{"count":0,"href":"https:\/\/www.iemj.org\/en\/wp-json\/wp\/v2\/posts\/58247\/revisions"}],"wp:featuredmedia":[{"embeddable":true,"href":"https:\/\/www.iemj.org\/en\/wp-json\/wp\/v2\/media\/24014"}],"wp:attachment":[{"href":"https:\/\/www.iemj.org\/en\/wp-json\/wp\/v2\/media?parent=58247"}],"wp:term":[{"taxonomy":"category","embeddable":true,"href":"https:\/\/www.iemj.org\/en\/wp-json\/wp\/v2\/categories?post=58247"},{"taxonomy":"post_tag","embeddable":true,"href":"https:\/\/www.iemj.org\/en\/wp-json\/wp\/v2\/tags?post=58247"},{"taxonomy":"technique","embeddable":true,"href":"https:\/\/www.iemj.org\/en\/wp-json\/wp\/v2\/technique?post=58247"},{"taxonomy":"squelettes","embeddable":true,"href":"https:\/\/www.iemj.org\/en\/wp-json\/wp\/v2\/squelettes?post=58247"},{"taxonomy":"sujet","embeddable":true,"href":"https:\/\/www.iemj.org\/en\/wp-json\/wp\/v2\/sujet?post=58247"},{"taxonomy":"formation","embeddable":true,"href":"https:\/\/www.iemj.org\/en\/wp-json\/wp\/v2\/formation?post=58247"},{"taxonomy":"genre","embeddable":true,"href":"https:\/\/www.iemj.org\/en\/wp-json\/wp\/v2\/genre?post=58247"},{"taxonomy":"fonds","embeddable":true,"href":"https:\/\/www.iemj.org\/en\/wp-json\/wp\/v2\/fonds?post=58247"},{"taxonomy":"tradition","embeddable":true,"href":"https:\/\/www.iemj.org\/en\/wp-json\/wp\/v2\/tradition?post=58247"},{"taxonomy":"type-de-contenu","embeddable":true,"href":"https:\/\/www.iemj.org\/en\/wp-json\/wp\/v2\/type-de-contenu?post=58247"},{"taxonomy":"interprete-compositeur","embeddable":true,"href":"https:\/\/www.iemj.org\/en\/wp-json\/wp\/v2\/interprete-compositeur?post=58247"},{"taxonomy":"frise","embeddable":true,"href":"https:\/\/www.iemj.org\/en\/wp-json\/wp\/v2\/frise?post=58247"},{"taxonomy":"type-devenement","embeddable":true,"href":"https:\/\/www.iemj.org\/en\/wp-json\/wp\/v2\/type-devenement?post=58247"},{"taxonomy":"tableaux-liens-externes","embeddable":true,"href":"https:\/\/www.iemj.org\/en\/wp-json\/wp\/v2\/tableaux-liens-externes?post=58247"}],"curies":[{"name":"wp","href":"https:\/\/api.w.org\/{rel}","templated":true}]}}