{"id":58397,"date":"2019-02-19T15:55:50","date_gmt":"2019-02-19T14:55:50","guid":{"rendered":"https:\/\/www.iemj.org\/perdu-dans-les-etoiles-ou-le-destin-juif-de-kurt-weill\/"},"modified":"2023-05-29T16:32:02","modified_gmt":"2023-05-29T14:32:02","slug":"perdu-dans-les-etoiles-ou-le-destin-juif-de-kurt-weill","status":"publish","type":"post","link":"https:\/\/www.iemj.org\/en\/perdu-dans-les-etoiles-ou-le-destin-juif-de-kurt-weill\/","title":{"rendered":"Perdu dans les \u00e9toiles ou Le destin juif de Kurt Weill"},"content":{"rendered":"<p>Editions au Net, 2018<\/p>\n<p><!--more--><\/p>\n<p>In the introduction of his latest work\u00a0<em>Perdu dans les \u00e9toiles ou Le destin juif de Kurt Weill<\/em> [Lost in the stars or Kurt Weill&#8217;s Jewish fate], Roland B\u00e9licha questions the relation between Kurt Weill and his Jewish identity. Indeed, a cosmopolitan composer, married in 1926 to the non-Jewish singer Lotte Lenya, separated in 1933 before re-marrying with her in 1937, Kurt Weill doesn\u2019t openly express in his music any kind of Jewish dimension. But nevertheless, as Roland B\u00e9licha writes in the introduction of his book : \u00ab Chemin faisant, je me suis rendu compte que son \u0153uvre \u00e9tait jalonn\u00e9e de plusieurs compositions en rapport avec le monde juif. Et en d\u00e9finitive, on peut dire que Kurt Weill s\u2019est senti juif toute sa vie et qu\u2019il a \u00e9t\u00e9 tr\u00e8s concern\u00e9 par la souffrance du peuple juif, lui-m\u00eame ayant \u00e9chapp\u00e9 de peu \u00e0 la barbarie nazie. \u00bb (&#8220;Following this idea, I realized that his work was marked by several compositions linked to the Jewish world. Eventually, one can say that Kurt Weill felt himself Jewish all his life, and was very concerned with the sufferings of the Jewish people, having himself narrowly escaped the Nazi barbarism&#8221; (translation from the IEMJ))<\/p>\n<p>Born in Dessau (Germany) on March 2nd 1900,\u00a0<a href=\"https:\/\/www.iemj.org\/en\/weill-kurt-1900-1950\/\" target=\"_blank\" rel=\"noopener\">Kurt Weill<\/a>\u00a0was the third of four children of Emma Ackermann and Albert Weill, cantor in the synagogue of Dessau (from 1899 to 1919) and composer, mainly of liturgical music. The composer grew up hearing synagoge music. Among his ancestors, we find several rabbis (among them Jakob Weil born around 1390 in Weill der Stadt, not far from Stuttgart). In 1955, five years after the death of his son, Emma Weill, mother of the composer, declared, a little ironically \u00ab For our greatest delight, Kurt Weill was a composer. We could have had one more rabbi, or a doctor. \u00bb<\/p>\n<figure id=\"attachment_22863\" aria-describedby=\"caption-attachment-22863\" style=\"width: 301px\" class=\"wp-caption alignleft\"><img fetchpriority=\"high\" decoding=\"async\" class=\"wp-image-22864 \" src=\"https:\/\/www.iemj.org\/wp-content\/uploads\/2019\/02\/l_787_couv_-_380px_vertic-214x300.jpg\" alt=\"l_787_couv_-_380px_vertic.jpg\" width=\"301\" height=\"422\" srcset=\"https:\/\/www.iemj.org\/wp-content\/uploads\/2019\/02\/l_787_couv_-_380px_vertic-214x300.jpg 214w, https:\/\/www.iemj.org\/wp-content\/uploads\/2019\/02\/l_787_couv_-_380px_vertic.jpg 271w\" sizes=\"(max-width: 301px) 100vw, 301px\" \/><figcaption id=\"caption-attachment-22863\" class=\"wp-caption-text\"><strong><em>Kurt Weill et la France<\/em>, \u00c9dition du R\u00e9veil des combattants,<\/strong><br \/><strong>Villejuif, 1996, 96 pp.<\/strong><\/figcaption><\/figure>\n<p>Among the youth compositions of Kurt Weill, we can find five works of Jewish inspiration :<br \/>\n<em>&#8211; Mi Addir<\/em>\u00a0(1913) (sang prayer for Ashkenazi weddings)<br \/>\n<em>&#8211; Gebet<\/em>\u00a0(1915) (written for his sister\u2019s religious majority)<br \/>\n<em>&#8211; Ofrah\u2019s Lieder<\/em>\u00a0(1916) (cycle for vocal and piano on poems by Juda Halevi)<br \/>\n<em>&#8211; Sulamith<\/em>\u00a0(1920) (choral fantasia for soprano, women\u2019s choir and orchestra, on a theme coming from the Song of Songs)<br \/>\n<em>&#8211; Recordare <\/em>(1923) (Motet a cappella for 4 voice choir and children\u2019s choir, based on the fifth chapter of Jeremiah\u2019s Lamentations)<\/p>\n<p>Between 1923 and 1937, Kurt Weill\u2019s works don\u2019t have any links to Judaism. But the rise of Nazism and antisemitism force the composer into exile, first in France in 1933, then to USA in 1935, and push him to renew his ties with his Jewish roots.<br \/>\nIn November 1933, Meyer Weisgal comes to Paris to show Max Reinhardt a project of a big show on the history of the Jewish people, in order to make the world know the threats against him. A similar project was already conceived by Arnold Sch\u00f6nberg in 1927 with\u00a0<em>Der biblische Weg<\/em>\u00a0(The biblical way). Reinhard calls Franz Werfel to write the libretto and Kurt Weill for the music. The project experiences delays and will be finally finished in the USA in 1937 with the creation of the oratorio\u00a0<em>The Eternal Road<\/em>\u00a0in New York. According to Roland B\u00e9licha, \u00ab For this work, Weill studied Hebrew music scores that his father, composer of liturgical music, sent him. \u00bb\u00a0<em>The Eternal Road<\/em>\u00a0comprises four parts : 1. The Patriarchs, 2. Moses, 3. The Kings and 4. The Prophets.<\/p>\n<p>As underlines Pascal Huynh, musicologist and author of several books about Kurt Weill, <em>The Eternal Road<\/em>\u00a0is an important step in Weill\u2019s acknowledgement to his belonging to Jewish culture.<\/p>\n<figure id=\"attachment_22865\" aria-describedby=\"caption-attachment-22865\" style=\"width: 301px\" class=\"wp-caption alignright\"><img decoding=\"async\" class=\"wp-image-22866 \" src=\"https:\/\/www.iemj.org\/wp-content\/uploads\/2019\/02\/l_788_couv_-_380px_vertic-212x300.jpg\" alt=\"l_788_couv_-_380px_vertic.jpg\" width=\"301\" height=\"426\" srcset=\"https:\/\/www.iemj.org\/wp-content\/uploads\/2019\/02\/l_788_couv_-_380px_vertic-212x300.jpg 212w, https:\/\/www.iemj.org\/wp-content\/uploads\/2019\/02\/l_788_couv_-_380px_vertic.jpg 268w\" sizes=\"(max-width: 301px) 100vw, 301px\" \/><figcaption id=\"caption-attachment-22865\" class=\"wp-caption-text\"><strong><em>Kurt Weill et la France. Documents choisis et annot\u00e9s by Roland B\u00e9licha<\/em>, \u00c9ditions du Net, Paris, 2011, 184 pp.<\/strong><\/figcaption><\/figure>\n<p>In 1938, Kurt Weill writes\u00a0<em>Two Folk Songs of the New Palestin<\/em>. It is two arrangements of songs written for Jewish pioneers of Palestine :\u00a0<em>Havu l\u2019venim<\/em>\u00a0(composed by Mordekha\u00ef Ze\u00efra on a text by Alexander Penn) and\u00a0<em>Baa m\u2019nucha<\/em>\u00a0(composed by Daniel Samburski on a text by Natan Alterman). These two melodies for vocal and piano were published in two series of\u00a0<em>Folk Songs<\/em>, which count also arrangements by other composers, such as Darius Milhaud and Aaron Copland.<\/p>\n<p>In 1943, Weill writes\u00a0<em>We Will Never Die \u2013 A Memorial<\/em>\u00a0for solo tenor, narrator and orchestra, dedicated to the two million Jews who died in Europe. That same year, Kurt Weill becomes American citizen.<\/p>\n<p>In March 1946, at the request of Cantor David Putterman, Weill writes a\u00a0<em>Kiddush<\/em>\u00a0for the 75th anniversary of the Park Avenue synagogue in New-York. That work is dedicated to his father.<\/p>\n<p>Finally in 1947, on the occasion of a trip to Palestine to see his parents who had settled in Nahariya in 1935, Kurt Weill meets Chaim Weizmann, future president of the State of Israel, who asks him to make an orchestration of\u00a0<em>Hatikvah<\/em>, the Zionist anthem which will become years later the anthem of the State of Israel. This orchestral musical arrangement was given for the first time in New-York on November 25th 1947.<\/p>\n<p>Two years and a half later, on April 3rd 1950, Kurt Weill dies, struck by a heart attack in New-York.<\/p>\n<p>\u200e<a href=\"http:\/\/www.rachelnet.net\/F\/?func=find-c&amp;ccl_term=WRD+%3D+b%C3%A9licha&amp;local_base=iemcg\" target=\"_blank\" rel=\"noopener\">The three books by Roland B\u00e9licha dedicated to Kurt Weill, given by the author to the European Institute for Jewish Music, are now available for consultation in the Halphen library.<\/a><br \/>\n<a href=\"https:\/\/www.iemj.org\/en\/weill-kurt-1900-1950\/\" target=\"_blank\" rel=\"noopener\">Read the biography of Kurt Weill<\/a><br \/>\n<a href=\"https:\/\/www.iemj.org\/en\/kurt-weill-1900-1950\/\" target=\"_blank\" rel=\"noopener\">Listen to a playlist dedicated to Kurt Weill<\/a><\/p>\n","protected":false},"excerpt":{"rendered":"<p>Editions au Net, 2018<\/p>\n","protected":false},"author":5,"featured_media":22861,"comment_status":"closed","ping_status":"open","sticky":false,"template":"","format":"standard","meta":{"_acf_changed":false,"footnotes":""},"categories":[1579,1562],"tags":[],"technique":[],"squelettes":[],"sujet":[],"formation":[],"genre":[1117],"fonds":[],"tradition":[],"type-de-contenu":[],"interprete-compositeur":[3230],"frise":[],"type-devenement":[],"tableaux-liens-externes":[],"class_list":["post-58397","post","type-post","status-publish","format-standard","has-post-thumbnail","hentry","category-books-articles-en","category-latest-acquisitions-en","genre-classical-music","interprete-compositeur-kurt-weill-en-2"],"acf":[],"yoast_head":"<!-- This site is optimized with the Yoast SEO plugin v27.3 - https:\/\/yoast.com\/product\/yoast-seo-wordpress\/ -->\n<title>Perdu dans les \u00e9toiles ou Le destin juif de Kurt Weill - Institut Europ\u00e9en des Musiques Juives<\/title>\n<meta name=\"robots\" content=\"index, follow, max-snippet:-1, max-image-preview:large, max-video-preview:-1\" \/>\n<link rel=\"canonical\" href=\"https:\/\/www.iemj.org\/en\/perdu-dans-les-etoiles-ou-le-destin-juif-de-kurt-weill\/\" \/>\n<meta property=\"og:locale\" content=\"en_US\" \/>\n<meta property=\"og:type\" content=\"article\" \/>\n<meta property=\"og:title\" content=\"Perdu dans les \u00e9toiles ou Le destin juif de Kurt Weill - Institut Europ\u00e9en des Musiques Juives\" \/>\n<meta property=\"og:description\" content=\"Editions au Net, 2018\" \/>\n<meta property=\"og:url\" content=\"https:\/\/www.iemj.org\/en\/perdu-dans-les-etoiles-ou-le-destin-juif-de-kurt-weill\/\" \/>\n<meta property=\"og:site_name\" content=\"Institut Europ\u00e9en des Musiques Juives\" \/>\n<meta property=\"article:publisher\" content=\"https:\/\/www.facebook.com\/MusiquesJuives\/\" \/>\n<meta property=\"article:published_time\" content=\"2019-02-19T14:55:50+00:00\" \/>\n<meta property=\"article:modified_time\" content=\"2023-05-29T14:32:02+00:00\" \/>\n<meta property=\"og:image\" content=\"https:\/\/www.iemj.org\/wp-content\/uploads\/2019\/02\/arton3956.jpg\" \/>\n\t<meta property=\"og:image:width\" content=\"316\" \/>\n\t<meta property=\"og:image:height\" content=\"448\" \/>\n\t<meta property=\"og:image:type\" content=\"image\/jpeg\" \/>\n<meta name=\"author\" content=\"Jacqueline ROTEN\" \/>\n<meta name=\"twitter:card\" content=\"summary_large_image\" \/>\n<meta name=\"twitter:label1\" content=\"Written by\" \/>\n\t<meta name=\"twitter:data1\" content=\"Jacqueline ROTEN\" \/>\n\t<meta name=\"twitter:label2\" content=\"Est. reading time\" \/>\n\t<meta name=\"twitter:data2\" content=\"6 minutes\" \/>\n<script type=\"application\/ld+json\" class=\"yoast-schema-graph\">{\"@context\":\"https:\\\/\\\/schema.org\",\"@graph\":[{\"@type\":\"Article\",\"@id\":\"https:\\\/\\\/www.iemj.org\\\/en\\\/perdu-dans-les-etoiles-ou-le-destin-juif-de-kurt-weill\\\/#article\",\"isPartOf\":{\"@id\":\"https:\\\/\\\/www.iemj.org\\\/en\\\/perdu-dans-les-etoiles-ou-le-destin-juif-de-kurt-weill\\\/\"},\"author\":{\"name\":\"Jacqueline ROTEN\",\"@id\":\"https:\\\/\\\/www.iemj.org\\\/en\\\/#\\\/schema\\\/person\\\/358e26c18aca017fcc4cc15437f7279c\"},\"headline\":\"Perdu dans les \u00e9toiles ou Le destin juif de Kurt Weill\",\"datePublished\":\"2019-02-19T14:55:50+00:00\",\"dateModified\":\"2023-05-29T14:32:02+00:00\",\"mainEntityOfPage\":{\"@id\":\"https:\\\/\\\/www.iemj.org\\\/en\\\/perdu-dans-les-etoiles-ou-le-destin-juif-de-kurt-weill\\\/\"},\"wordCount\":931,\"publisher\":{\"@id\":\"https:\\\/\\\/www.iemj.org\\\/en\\\/#organization\"},\"image\":{\"@id\":\"https:\\\/\\\/www.iemj.org\\\/en\\\/perdu-dans-les-etoiles-ou-le-destin-juif-de-kurt-weill\\\/#primaryimage\"},\"thumbnailUrl\":\"https:\\\/\\\/www.iemj.org\\\/wp-content\\\/uploads\\\/2019\\\/02\\\/arton3956.jpg\",\"articleSection\":[\"Books, articles\",\"Latest Acquisitions\"],\"inLanguage\":\"en-US\"},{\"@type\":\"WebPage\",\"@id\":\"https:\\\/\\\/www.iemj.org\\\/en\\\/perdu-dans-les-etoiles-ou-le-destin-juif-de-kurt-weill\\\/\",\"url\":\"https:\\\/\\\/www.iemj.org\\\/en\\\/perdu-dans-les-etoiles-ou-le-destin-juif-de-kurt-weill\\\/\",\"name\":\"Perdu dans les \u00e9toiles ou Le destin juif de Kurt Weill - Institut Europ\u00e9en des Musiques Juives\",\"isPartOf\":{\"@id\":\"https:\\\/\\\/www.iemj.org\\\/en\\\/#website\"},\"primaryImageOfPage\":{\"@id\":\"https:\\\/\\\/www.iemj.org\\\/en\\\/perdu-dans-les-etoiles-ou-le-destin-juif-de-kurt-weill\\\/#primaryimage\"},\"image\":{\"@id\":\"https:\\\/\\\/www.iemj.org\\\/en\\\/perdu-dans-les-etoiles-ou-le-destin-juif-de-kurt-weill\\\/#primaryimage\"},\"thumbnailUrl\":\"https:\\\/\\\/www.iemj.org\\\/wp-content\\\/uploads\\\/2019\\\/02\\\/arton3956.jpg\",\"datePublished\":\"2019-02-19T14:55:50+00:00\",\"dateModified\":\"2023-05-29T14:32:02+00:00\",\"breadcrumb\":{\"@id\":\"https:\\\/\\\/www.iemj.org\\\/en\\\/perdu-dans-les-etoiles-ou-le-destin-juif-de-kurt-weill\\\/#breadcrumb\"},\"inLanguage\":\"en-US\",\"potentialAction\":[{\"@type\":\"ReadAction\",\"target\":[\"https:\\\/\\\/www.iemj.org\\\/en\\\/perdu-dans-les-etoiles-ou-le-destin-juif-de-kurt-weill\\\/\"]}]},{\"@type\":\"ImageObject\",\"inLanguage\":\"en-US\",\"@id\":\"https:\\\/\\\/www.iemj.org\\\/en\\\/perdu-dans-les-etoiles-ou-le-destin-juif-de-kurt-weill\\\/#primaryimage\",\"url\":\"https:\\\/\\\/www.iemj.org\\\/wp-content\\\/uploads\\\/2019\\\/02\\\/arton3956.jpg\",\"contentUrl\":\"https:\\\/\\\/www.iemj.org\\\/wp-content\\\/uploads\\\/2019\\\/02\\\/arton3956.jpg\",\"width\":316,\"height\":448},{\"@type\":\"BreadcrumbList\",\"@id\":\"https:\\\/\\\/www.iemj.org\\\/en\\\/perdu-dans-les-etoiles-ou-le-destin-juif-de-kurt-weill\\\/#breadcrumb\",\"itemListElement\":[{\"@type\":\"ListItem\",\"position\":1,\"name\":\"Accueil\",\"item\":\"https:\\\/\\\/www.iemj.org\\\/en\\\/\"},{\"@type\":\"ListItem\",\"position\":2,\"name\":\"Perdu dans les \u00e9toiles ou Le destin juif de Kurt Weill\"}]},{\"@type\":\"WebSite\",\"@id\":\"https:\\\/\\\/www.iemj.org\\\/en\\\/#website\",\"url\":\"https:\\\/\\\/www.iemj.org\\\/en\\\/\",\"name\":\"Institut Europ\u00e9en des Musiques Juives\",\"description\":\"Des traditions musicales \u00e0 la port\u00e9e de tous\",\"publisher\":{\"@id\":\"https:\\\/\\\/www.iemj.org\\\/en\\\/#organization\"},\"potentialAction\":[{\"@type\":\"SearchAction\",\"target\":{\"@type\":\"EntryPoint\",\"urlTemplate\":\"https:\\\/\\\/www.iemj.org\\\/en\\\/?s={search_term_string}\"},\"query-input\":{\"@type\":\"PropertyValueSpecification\",\"valueRequired\":true,\"valueName\":\"search_term_string\"}}],\"inLanguage\":\"en-US\"},{\"@type\":\"Organization\",\"@id\":\"https:\\\/\\\/www.iemj.org\\\/en\\\/#organization\",\"name\":\"Institut Europ\u00e9en des Musiques Juives\",\"url\":\"https:\\\/\\\/www.iemj.org\\\/en\\\/\",\"logo\":{\"@type\":\"ImageObject\",\"inLanguage\":\"en-US\",\"@id\":\"https:\\\/\\\/www.iemj.org\\\/en\\\/#\\\/schema\\\/logo\\\/image\\\/\",\"url\":\"https:\\\/\\\/www.iemj.org\\\/wp-content\\\/uploads\\\/2021\\\/09\\\/Logo-IEMJ-Paypal.jpg\",\"contentUrl\":\"https:\\\/\\\/www.iemj.org\\\/wp-content\\\/uploads\\\/2021\\\/09\\\/Logo-IEMJ-Paypal.jpg\",\"width\":150,\"height\":50,\"caption\":\"Institut Europ\u00e9en des Musiques Juives\"},\"image\":{\"@id\":\"https:\\\/\\\/www.iemj.org\\\/en\\\/#\\\/schema\\\/logo\\\/image\\\/\"},\"sameAs\":[\"https:\\\/\\\/www.facebook.com\\\/MusiquesJuives\\\/\",\"https:\\\/\\\/www.instagram.com\\\/musiquesjuives\\\/\",\"https:\\\/\\\/www.youtube.com\\\/user\\\/musiquesjuives\"]},{\"@type\":\"Person\",\"@id\":\"https:\\\/\\\/www.iemj.org\\\/en\\\/#\\\/schema\\\/person\\\/358e26c18aca017fcc4cc15437f7279c\",\"name\":\"Jacqueline ROTEN\",\"image\":{\"@type\":\"ImageObject\",\"inLanguage\":\"en-US\",\"@id\":\"https:\\\/\\\/secure.gravatar.com\\\/avatar\\\/5964256d6c6957de3a3505278957e0fb2a35119ac47ea41827a65301213c810b?s=96&d=mm&r=g\",\"url\":\"https:\\\/\\\/secure.gravatar.com\\\/avatar\\\/5964256d6c6957de3a3505278957e0fb2a35119ac47ea41827a65301213c810b?s=96&d=mm&r=g\",\"contentUrl\":\"https:\\\/\\\/secure.gravatar.com\\\/avatar\\\/5964256d6c6957de3a3505278957e0fb2a35119ac47ea41827a65301213c810b?s=96&d=mm&r=g\",\"caption\":\"Jacqueline ROTEN\"}}]}<\/script>\n<!-- \/ Yoast SEO plugin. -->","yoast_head_json":{"title":"Perdu dans les \u00e9toiles ou Le destin juif de Kurt Weill - Institut Europ\u00e9en des Musiques Juives","robots":{"index":"index","follow":"follow","max-snippet":"max-snippet:-1","max-image-preview":"max-image-preview:large","max-video-preview":"max-video-preview:-1"},"canonical":"https:\/\/www.iemj.org\/en\/perdu-dans-les-etoiles-ou-le-destin-juif-de-kurt-weill\/","og_locale":"en_US","og_type":"article","og_title":"Perdu dans les \u00e9toiles ou Le destin juif de Kurt Weill - Institut Europ\u00e9en des Musiques Juives","og_description":"Editions au Net, 2018","og_url":"https:\/\/www.iemj.org\/en\/perdu-dans-les-etoiles-ou-le-destin-juif-de-kurt-weill\/","og_site_name":"Institut Europ\u00e9en des Musiques Juives","article_publisher":"https:\/\/www.facebook.com\/MusiquesJuives\/","article_published_time":"2019-02-19T14:55:50+00:00","article_modified_time":"2023-05-29T14:32:02+00:00","og_image":[{"width":316,"height":448,"url":"https:\/\/www.iemj.org\/wp-content\/uploads\/2019\/02\/arton3956.jpg","type":"image\/jpeg"}],"author":"Jacqueline ROTEN","twitter_card":"summary_large_image","twitter_misc":{"Written by":"Jacqueline ROTEN","Est. reading time":"6 minutes"},"schema":{"@context":"https:\/\/schema.org","@graph":[{"@type":"Article","@id":"https:\/\/www.iemj.org\/en\/perdu-dans-les-etoiles-ou-le-destin-juif-de-kurt-weill\/#article","isPartOf":{"@id":"https:\/\/www.iemj.org\/en\/perdu-dans-les-etoiles-ou-le-destin-juif-de-kurt-weill\/"},"author":{"name":"Jacqueline ROTEN","@id":"https:\/\/www.iemj.org\/en\/#\/schema\/person\/358e26c18aca017fcc4cc15437f7279c"},"headline":"Perdu dans les \u00e9toiles ou Le destin juif de Kurt Weill","datePublished":"2019-02-19T14:55:50+00:00","dateModified":"2023-05-29T14:32:02+00:00","mainEntityOfPage":{"@id":"https:\/\/www.iemj.org\/en\/perdu-dans-les-etoiles-ou-le-destin-juif-de-kurt-weill\/"},"wordCount":931,"publisher":{"@id":"https:\/\/www.iemj.org\/en\/#organization"},"image":{"@id":"https:\/\/www.iemj.org\/en\/perdu-dans-les-etoiles-ou-le-destin-juif-de-kurt-weill\/#primaryimage"},"thumbnailUrl":"https:\/\/www.iemj.org\/wp-content\/uploads\/2019\/02\/arton3956.jpg","articleSection":["Books, articles","Latest Acquisitions"],"inLanguage":"en-US"},{"@type":"WebPage","@id":"https:\/\/www.iemj.org\/en\/perdu-dans-les-etoiles-ou-le-destin-juif-de-kurt-weill\/","url":"https:\/\/www.iemj.org\/en\/perdu-dans-les-etoiles-ou-le-destin-juif-de-kurt-weill\/","name":"Perdu dans les \u00e9toiles ou Le destin juif de Kurt Weill - Institut Europ\u00e9en des Musiques Juives","isPartOf":{"@id":"https:\/\/www.iemj.org\/en\/#website"},"primaryImageOfPage":{"@id":"https:\/\/www.iemj.org\/en\/perdu-dans-les-etoiles-ou-le-destin-juif-de-kurt-weill\/#primaryimage"},"image":{"@id":"https:\/\/www.iemj.org\/en\/perdu-dans-les-etoiles-ou-le-destin-juif-de-kurt-weill\/#primaryimage"},"thumbnailUrl":"https:\/\/www.iemj.org\/wp-content\/uploads\/2019\/02\/arton3956.jpg","datePublished":"2019-02-19T14:55:50+00:00","dateModified":"2023-05-29T14:32:02+00:00","breadcrumb":{"@id":"https:\/\/www.iemj.org\/en\/perdu-dans-les-etoiles-ou-le-destin-juif-de-kurt-weill\/#breadcrumb"},"inLanguage":"en-US","potentialAction":[{"@type":"ReadAction","target":["https:\/\/www.iemj.org\/en\/perdu-dans-les-etoiles-ou-le-destin-juif-de-kurt-weill\/"]}]},{"@type":"ImageObject","inLanguage":"en-US","@id":"https:\/\/www.iemj.org\/en\/perdu-dans-les-etoiles-ou-le-destin-juif-de-kurt-weill\/#primaryimage","url":"https:\/\/www.iemj.org\/wp-content\/uploads\/2019\/02\/arton3956.jpg","contentUrl":"https:\/\/www.iemj.org\/wp-content\/uploads\/2019\/02\/arton3956.jpg","width":316,"height":448},{"@type":"BreadcrumbList","@id":"https:\/\/www.iemj.org\/en\/perdu-dans-les-etoiles-ou-le-destin-juif-de-kurt-weill\/#breadcrumb","itemListElement":[{"@type":"ListItem","position":1,"name":"Accueil","item":"https:\/\/www.iemj.org\/en\/"},{"@type":"ListItem","position":2,"name":"Perdu dans les \u00e9toiles ou Le destin juif de Kurt Weill"}]},{"@type":"WebSite","@id":"https:\/\/www.iemj.org\/en\/#website","url":"https:\/\/www.iemj.org\/en\/","name":"Institut Europ\u00e9en des Musiques Juives","description":"Des traditions musicales \u00e0 la port\u00e9e de tous","publisher":{"@id":"https:\/\/www.iemj.org\/en\/#organization"},"potentialAction":[{"@type":"SearchAction","target":{"@type":"EntryPoint","urlTemplate":"https:\/\/www.iemj.org\/en\/?s={search_term_string}"},"query-input":{"@type":"PropertyValueSpecification","valueRequired":true,"valueName":"search_term_string"}}],"inLanguage":"en-US"},{"@type":"Organization","@id":"https:\/\/www.iemj.org\/en\/#organization","name":"Institut Europ\u00e9en des Musiques Juives","url":"https:\/\/www.iemj.org\/en\/","logo":{"@type":"ImageObject","inLanguage":"en-US","@id":"https:\/\/www.iemj.org\/en\/#\/schema\/logo\/image\/","url":"https:\/\/www.iemj.org\/wp-content\/uploads\/2021\/09\/Logo-IEMJ-Paypal.jpg","contentUrl":"https:\/\/www.iemj.org\/wp-content\/uploads\/2021\/09\/Logo-IEMJ-Paypal.jpg","width":150,"height":50,"caption":"Institut Europ\u00e9en des Musiques Juives"},"image":{"@id":"https:\/\/www.iemj.org\/en\/#\/schema\/logo\/image\/"},"sameAs":["https:\/\/www.facebook.com\/MusiquesJuives\/","https:\/\/www.instagram.com\/musiquesjuives\/","https:\/\/www.youtube.com\/user\/musiquesjuives"]},{"@type":"Person","@id":"https:\/\/www.iemj.org\/en\/#\/schema\/person\/358e26c18aca017fcc4cc15437f7279c","name":"Jacqueline ROTEN","image":{"@type":"ImageObject","inLanguage":"en-US","@id":"https:\/\/secure.gravatar.com\/avatar\/5964256d6c6957de3a3505278957e0fb2a35119ac47ea41827a65301213c810b?s=96&d=mm&r=g","url":"https:\/\/secure.gravatar.com\/avatar\/5964256d6c6957de3a3505278957e0fb2a35119ac47ea41827a65301213c810b?s=96&d=mm&r=g","contentUrl":"https:\/\/secure.gravatar.com\/avatar\/5964256d6c6957de3a3505278957e0fb2a35119ac47ea41827a65301213c810b?s=96&d=mm&r=g","caption":"Jacqueline ROTEN"}}]}},"_links":{"self":[{"href":"https:\/\/www.iemj.org\/en\/wp-json\/wp\/v2\/posts\/58397","targetHints":{"allow":["GET"]}}],"collection":[{"href":"https:\/\/www.iemj.org\/en\/wp-json\/wp\/v2\/posts"}],"about":[{"href":"https:\/\/www.iemj.org\/en\/wp-json\/wp\/v2\/types\/post"}],"author":[{"embeddable":true,"href":"https:\/\/www.iemj.org\/en\/wp-json\/wp\/v2\/users\/5"}],"replies":[{"embeddable":true,"href":"https:\/\/www.iemj.org\/en\/wp-json\/wp\/v2\/comments?post=58397"}],"version-history":[{"count":0,"href":"https:\/\/www.iemj.org\/en\/wp-json\/wp\/v2\/posts\/58397\/revisions"}],"wp:featuredmedia":[{"embeddable":true,"href":"https:\/\/www.iemj.org\/en\/wp-json\/wp\/v2\/media\/22861"}],"wp:attachment":[{"href":"https:\/\/www.iemj.org\/en\/wp-json\/wp\/v2\/media?parent=58397"}],"wp:term":[{"taxonomy":"category","embeddable":true,"href":"https:\/\/www.iemj.org\/en\/wp-json\/wp\/v2\/categories?post=58397"},{"taxonomy":"post_tag","embeddable":true,"href":"https:\/\/www.iemj.org\/en\/wp-json\/wp\/v2\/tags?post=58397"},{"taxonomy":"technique","embeddable":true,"href":"https:\/\/www.iemj.org\/en\/wp-json\/wp\/v2\/technique?post=58397"},{"taxonomy":"squelettes","embeddable":true,"href":"https:\/\/www.iemj.org\/en\/wp-json\/wp\/v2\/squelettes?post=58397"},{"taxonomy":"sujet","embeddable":true,"href":"https:\/\/www.iemj.org\/en\/wp-json\/wp\/v2\/sujet?post=58397"},{"taxonomy":"formation","embeddable":true,"href":"https:\/\/www.iemj.org\/en\/wp-json\/wp\/v2\/formation?post=58397"},{"taxonomy":"genre","embeddable":true,"href":"https:\/\/www.iemj.org\/en\/wp-json\/wp\/v2\/genre?post=58397"},{"taxonomy":"fonds","embeddable":true,"href":"https:\/\/www.iemj.org\/en\/wp-json\/wp\/v2\/fonds?post=58397"},{"taxonomy":"tradition","embeddable":true,"href":"https:\/\/www.iemj.org\/en\/wp-json\/wp\/v2\/tradition?post=58397"},{"taxonomy":"type-de-contenu","embeddable":true,"href":"https:\/\/www.iemj.org\/en\/wp-json\/wp\/v2\/type-de-contenu?post=58397"},{"taxonomy":"interprete-compositeur","embeddable":true,"href":"https:\/\/www.iemj.org\/en\/wp-json\/wp\/v2\/interprete-compositeur?post=58397"},{"taxonomy":"frise","embeddable":true,"href":"https:\/\/www.iemj.org\/en\/wp-json\/wp\/v2\/frise?post=58397"},{"taxonomy":"type-devenement","embeddable":true,"href":"https:\/\/www.iemj.org\/en\/wp-json\/wp\/v2\/type-devenement?post=58397"},{"taxonomy":"tableaux-liens-externes","embeddable":true,"href":"https:\/\/www.iemj.org\/en\/wp-json\/wp\/v2\/tableaux-liens-externes?post=58397"}],"curies":[{"name":"wp","href":"https:\/\/api.w.org\/{rel}","templated":true}]}}