{"id":58566,"date":"2018-10-29T16:28:21","date_gmt":"2018-10-29T15:28:21","guid":{"rendered":"https:\/\/www.iemj.org\/coplas-sefardies-de-alberto-hemsi-vol-2\/"},"modified":"2025-02-25T15:21:47","modified_gmt":"2025-02-25T14:21:47","slug":"coplas-sefardies-de-alberto-hemsi-vol-2","status":"publish","type":"post","link":"https:\/\/www.iemj.org\/en\/coplas-sefardies-de-alberto-hemsi-vol-2\/","title":{"rendered":"Coplas Sefardies by Alberto Hemsi &#8211; Vol.2"},"content":{"rendered":"<p>The full works for voice and piano by Alberto Hemsi finally available on CD !<\/p>\n<p>On the occasion of the 120th anniversary of Alberto Hemsi\u2019s birth (1898-1975), Assaf Levitin, cantor of the reformed synagogue of Hanover, and the pianist Naaman Wagner recorded the full works for voice and piano of this composer still too little known. This project was supported by the\u00a0<a href=\"https:\/\/www.ezjm.hmtm-hannover.de\/en\/research\/coplas-sefardies\/\">Europa\u00efsche Zentrum f\u00fcr J\u00fcdische Musik<\/a>\u00a0of Hanover.<\/p>\n<p><a href=\"https:\/\/www.iemj.org\/en\/hemsi-alberto-1898-1975\/\">Alberto Hemsi<\/a> was a fervent admirer of Sephardic folklore and its musical traditions. As a pianist and composer, he collected 230 poems and melodies in the Sephardic communities of the old Ottoman Empire between 1923 and 1937. Of this important body of work, Hemsi will retain 60 traditional melodies for which he composed &#8220;pianistic parts, whose realization turned out to be rather complicated, because it was not a question of \u2019accompanying\u2019 simply the said songs, but framing them in small symphonic pictures, in order to make them suggest as much as possible, the atmosphere, the state of mind, the subject and the melody &#8220;. Real symbiosis between traditional song and scholarly art, Alberto Hemsi\u2019s 60\u00a0<em>Coplas Sefardies<\/em>\u00a0thus offer a renewed vision of the Judeo-Spanish tradition.<\/p>\n<p>After the release of the <a href=\"https:\/\/www.iemj.org\/en\/coplas-sefardies-by-alberto-hemsi-vol-1\/\">first volume of the\u00a0<em>Coplas Sefardies<\/em><\/a>,<\/p>\n<p>on February 23rd 2018, this second volume released in October 2018 include 8 new Judeo-Spanish songs collected in Izmir and in Anatolia, and 8 melodies :\u00a0<em>Kal Nidrey<\/em>, op. 12,\u00a0<em>Arba\u2019a Shirim<\/em>\u00a0(Four songs), op. 42 and three\u00a0<em>Biblical Visions\u00a0<\/em>, op. 48.<\/p>\n<p>75 minutes of beauty, brilliantly performed by Assaf Levitin and Naaman Wagner&#8230;<\/p>\n<p><a href=\"https:\/\/www.rondeau.de\/advanced_search_result.php?keywords=Coplas&amp;language=en&amp;MODsid=797eedfc39ff88a24879a981ec419a0d\">Purchase the CD Coplas Sefardies &#8211; Judeo-Spanish songs by Alberto Hemsi &#8211; Vol.1 and 2<\/a><br \/><a href=\"https:\/\/www.iemj.org\/en\/hemsi-alberto-1898-1975\/\" target=\"_blank\" rel=\"noopener\">Learn more about Alberto Hemsi<\/a><br \/><a href=\"https:\/\/www.iemj.org\/en\/video-alberto-hemsi-un-compositeur-au-service-de-la-culture-sefarade\/\" target=\"_blank\" rel=\"noopener\">Watch the film Alberto Hemsi, a composer serving Sephardic culture<\/a><br \/><a href=\"https:\/\/www.iemj.org\/en\/fonds-alberto-hemsi\/\" target=\"_blank\" rel=\"noopener\">Browse the archives around Alberto Hemsi deposited at the EIJM<\/a><\/p>\n<p><img fetchpriority=\"high\" decoding=\"async\" class=\"alignnone  wp-image-110607\" src=\"https:\/\/www.iemj.org\/wp-content\/uploads\/2024\/03\/AUDIO-PLAYER-300x39.png\" alt=\"\" width=\"715\" height=\"93\" srcset=\"https:\/\/www.iemj.org\/wp-content\/uploads\/2024\/03\/AUDIO-PLAYER-300x39.png 300w, https:\/\/www.iemj.org\/wp-content\/uploads\/2024\/03\/AUDIO-PLAYER-1024x133.png 1024w, https:\/\/www.iemj.org\/wp-content\/uploads\/2024\/03\/AUDIO-PLAYER-768x100.png 768w, https:\/\/www.iemj.org\/wp-content\/uploads\/2024\/03\/AUDIO-PLAYER-600x78.png 600w, https:\/\/www.iemj.org\/wp-content\/uploads\/2024\/03\/AUDIO-PLAYER.png 1210w\" sizes=\"(max-width: 715px) 100vw, 715px\" \/><\/p>\n\n\n<h2 class=\"wp-block-heading\"><\/h2>\n\n\n\n<div class=\"wp-block-file\"><a href=\"https:\/\/www.iemj.org\/wp-content\/uploads\/2018\/10\/1_una_matica_de_ruda_alberto_hemsi.mp3\">Una matica de Ruda Alberto Hemsi<\/a><\/div>\n\n\n\n<div class=\"wp-block-file\"><a href=\"https:\/\/www.iemj.org\/wp-content\/uploads\/2018\/10\/2_abaxex_abaxo_galenica_gentil_alberto_hemsi.mp3\">Abaxex abaxo galenica gentil Alberto Hemsi<\/a><\/div>\n\n\n\n<div class=\"wp-block-file\"><a href=\"https:\/\/www.iemj.org\/wp-content\/uploads\/2018\/10\/3_morenica_a_mi_me_llaman_alberto_hemsi.mp3\">Morenica a mi me llaman Alberto Hemsi<\/a><\/div>\n\n\n\n<div class=\"wp-block-file\"><a href=\"https:\/\/www.iemj.org\/wp-content\/uploads\/2018\/10\/4_vamos_para_la_urilla_alberto_hemsi.mp3\">Vamos para la urilla Alberto Hemsi<\/a><\/div>\n\n\n\n<div class=\"wp-block-file\"><a href=\"https:\/\/www.iemj.org\/wp-content\/uploads\/2018\/10\/5_shalom_aleykhem_alberto_hemsi.mp3\">Shalom aleykhem Alberto Hemsi<\/a><\/div>\n\n\n\n<div class=\"wp-block-file\"><a href=\"https:\/\/www.iemj.org\/wp-content\/uploads\/2018\/10\/6_vision_d_isaie_alberto_hemsi.mp3\">Vision d Isaie Alberto Hemsi<\/a><\/div>\n","protected":false},"excerpt":{"rendered":"<p>The full works for voice and piano by Alberto Hemsi finally available on CD ! On the occasion of the 120th anniversary of Alberto Hemsi\u2019s birth (1898-1975), Assaf Levitin, cantor<\/p>\n","protected":false},"author":1045,"featured_media":21482,"comment_status":"closed","ping_status":"open","sticky":false,"template":"","format":"standard","meta":{"_acf_changed":false,"footnotes":""},"categories":[1570,1562],"tags":[],"technique":[],"squelettes":[],"sujet":[],"formation":[],"genre":[1117,1114],"fonds":[],"tradition":[],"type-de-contenu":[],"interprete-compositeur":[3083],"frise":[],"type-devenement":[],"tableaux-liens-externes":[],"class_list":["post-58566","post","type-post","status-publish","format-standard","has-post-thumbnail","hentry","category-cd-latest-acquisition-en","category-latest-acquisitions-en","genre-classical-music","genre-ladino","interprete-compositeur-alberto-hemsi-en"],"acf":[],"yoast_head":"<!-- This site is optimized with the Yoast SEO plugin v27.3 - https:\/\/yoast.com\/product\/yoast-seo-wordpress\/ -->\n<title>Coplas Sefardies by Alberto Hemsi - Vol.2 - Institut Europ\u00e9en des Musiques Juives<\/title>\n<meta name=\"robots\" content=\"index, follow, max-snippet:-1, max-image-preview:large, max-video-preview:-1\" \/>\n<link rel=\"canonical\" href=\"https:\/\/www.iemj.org\/en\/coplas-sefardies-de-alberto-hemsi-vol-2\/\" \/>\n<meta property=\"og:locale\" content=\"en_US\" \/>\n<meta property=\"og:type\" content=\"article\" \/>\n<meta property=\"og:title\" content=\"Coplas Sefardies by Alberto Hemsi - Vol.2 - Institut Europ\u00e9en des Musiques Juives\" \/>\n<meta property=\"og:description\" content=\"The full works for voice and piano by Alberto Hemsi finally available on CD ! On the occasion of the 120th anniversary of Alberto Hemsi\u2019s birth (1898-1975), Assaf Levitin, cantor\" \/>\n<meta property=\"og:url\" content=\"https:\/\/www.iemj.org\/en\/coplas-sefardies-de-alberto-hemsi-vol-2\/\" \/>\n<meta property=\"og:site_name\" content=\"Institut Europ\u00e9en des Musiques Juives\" \/>\n<meta property=\"article:publisher\" content=\"https:\/\/www.facebook.com\/MusiquesJuives\/\" \/>\n<meta property=\"article:published_time\" content=\"2018-10-29T15:28:21+00:00\" \/>\n<meta property=\"article:modified_time\" content=\"2025-02-25T14:21:47+00:00\" \/>\n<meta property=\"og:image\" content=\"https:\/\/www.iemj.org\/wp-content\/uploads\/2018\/10\/arton3710-e1619112156219.jpg\" \/>\n\t<meta property=\"og:image:width\" content=\"1429\" \/>\n\t<meta property=\"og:image:height\" content=\"1417\" \/>\n\t<meta property=\"og:image:type\" content=\"image\/jpeg\" \/>\n<meta name=\"author\" content=\"Herv\u00e9 Roten\" \/>\n<meta name=\"twitter:card\" content=\"summary_large_image\" \/>\n<meta name=\"twitter:label1\" content=\"Written by\" \/>\n\t<meta name=\"twitter:data1\" content=\"Herv\u00e9 Roten\" \/>\n\t<meta name=\"twitter:label2\" content=\"Est. reading time\" \/>\n\t<meta name=\"twitter:data2\" content=\"2 minutes\" \/>\n<script type=\"application\/ld+json\" class=\"yoast-schema-graph\">{\"@context\":\"https:\\\/\\\/schema.org\",\"@graph\":[{\"@type\":\"Article\",\"@id\":\"https:\\\/\\\/www.iemj.org\\\/en\\\/coplas-sefardies-de-alberto-hemsi-vol-2\\\/#article\",\"isPartOf\":{\"@id\":\"https:\\\/\\\/www.iemj.org\\\/en\\\/coplas-sefardies-de-alberto-hemsi-vol-2\\\/\"},\"author\":{\"name\":\"Herv\u00e9 Roten\",\"@id\":\"https:\\\/\\\/www.iemj.org\\\/en\\\/#\\\/schema\\\/person\\\/906134402c29d5c76e7b726261dd4bbd\"},\"headline\":\"Coplas Sefardies by Alberto Hemsi &#8211; Vol.2\",\"datePublished\":\"2018-10-29T15:28:21+00:00\",\"dateModified\":\"2025-02-25T14:21:47+00:00\",\"mainEntityOfPage\":{\"@id\":\"https:\\\/\\\/www.iemj.org\\\/en\\\/coplas-sefardies-de-alberto-hemsi-vol-2\\\/\"},\"wordCount\":330,\"publisher\":{\"@id\":\"https:\\\/\\\/www.iemj.org\\\/en\\\/#organization\"},\"image\":{\"@id\":\"https:\\\/\\\/www.iemj.org\\\/en\\\/coplas-sefardies-de-alberto-hemsi-vol-2\\\/#primaryimage\"},\"thumbnailUrl\":\"https:\\\/\\\/www.iemj.org\\\/wp-content\\\/uploads\\\/2018\\\/10\\\/arton3710-e1619112156219.jpg\",\"articleSection\":[\"CD\",\"Latest Acquisitions\"],\"inLanguage\":\"en-US\"},{\"@type\":\"WebPage\",\"@id\":\"https:\\\/\\\/www.iemj.org\\\/en\\\/coplas-sefardies-de-alberto-hemsi-vol-2\\\/\",\"url\":\"https:\\\/\\\/www.iemj.org\\\/en\\\/coplas-sefardies-de-alberto-hemsi-vol-2\\\/\",\"name\":\"Coplas Sefardies by Alberto Hemsi - Vol.2 - Institut Europ\u00e9en des Musiques Juives\",\"isPartOf\":{\"@id\":\"https:\\\/\\\/www.iemj.org\\\/en\\\/#website\"},\"primaryImageOfPage\":{\"@id\":\"https:\\\/\\\/www.iemj.org\\\/en\\\/coplas-sefardies-de-alberto-hemsi-vol-2\\\/#primaryimage\"},\"image\":{\"@id\":\"https:\\\/\\\/www.iemj.org\\\/en\\\/coplas-sefardies-de-alberto-hemsi-vol-2\\\/#primaryimage\"},\"thumbnailUrl\":\"https:\\\/\\\/www.iemj.org\\\/wp-content\\\/uploads\\\/2018\\\/10\\\/arton3710-e1619112156219.jpg\",\"datePublished\":\"2018-10-29T15:28:21+00:00\",\"dateModified\":\"2025-02-25T14:21:47+00:00\",\"breadcrumb\":{\"@id\":\"https:\\\/\\\/www.iemj.org\\\/en\\\/coplas-sefardies-de-alberto-hemsi-vol-2\\\/#breadcrumb\"},\"inLanguage\":\"en-US\",\"potentialAction\":[{\"@type\":\"ReadAction\",\"target\":[\"https:\\\/\\\/www.iemj.org\\\/en\\\/coplas-sefardies-de-alberto-hemsi-vol-2\\\/\"]}]},{\"@type\":\"ImageObject\",\"inLanguage\":\"en-US\",\"@id\":\"https:\\\/\\\/www.iemj.org\\\/en\\\/coplas-sefardies-de-alberto-hemsi-vol-2\\\/#primaryimage\",\"url\":\"https:\\\/\\\/www.iemj.org\\\/wp-content\\\/uploads\\\/2018\\\/10\\\/arton3710-e1619112156219.jpg\",\"contentUrl\":\"https:\\\/\\\/www.iemj.org\\\/wp-content\\\/uploads\\\/2018\\\/10\\\/arton3710-e1619112156219.jpg\",\"width\":1429,\"height\":1417},{\"@type\":\"BreadcrumbList\",\"@id\":\"https:\\\/\\\/www.iemj.org\\\/en\\\/coplas-sefardies-de-alberto-hemsi-vol-2\\\/#breadcrumb\",\"itemListElement\":[{\"@type\":\"ListItem\",\"position\":1,\"name\":\"Accueil\",\"item\":\"https:\\\/\\\/www.iemj.org\\\/en\\\/\"},{\"@type\":\"ListItem\",\"position\":2,\"name\":\"Coplas Sefardies by Alberto Hemsi &#8211; Vol.2\"}]},{\"@type\":\"WebSite\",\"@id\":\"https:\\\/\\\/www.iemj.org\\\/en\\\/#website\",\"url\":\"https:\\\/\\\/www.iemj.org\\\/en\\\/\",\"name\":\"Institut Europ\u00e9en des Musiques Juives\",\"description\":\"Des traditions musicales \u00e0 la port\u00e9e de tous\",\"publisher\":{\"@id\":\"https:\\\/\\\/www.iemj.org\\\/en\\\/#organization\"},\"potentialAction\":[{\"@type\":\"SearchAction\",\"target\":{\"@type\":\"EntryPoint\",\"urlTemplate\":\"https:\\\/\\\/www.iemj.org\\\/en\\\/?s={search_term_string}\"},\"query-input\":{\"@type\":\"PropertyValueSpecification\",\"valueRequired\":true,\"valueName\":\"search_term_string\"}}],\"inLanguage\":\"en-US\"},{\"@type\":\"Organization\",\"@id\":\"https:\\\/\\\/www.iemj.org\\\/en\\\/#organization\",\"name\":\"Institut Europ\u00e9en des Musiques Juives\",\"url\":\"https:\\\/\\\/www.iemj.org\\\/en\\\/\",\"logo\":{\"@type\":\"ImageObject\",\"inLanguage\":\"en-US\",\"@id\":\"https:\\\/\\\/www.iemj.org\\\/en\\\/#\\\/schema\\\/logo\\\/image\\\/\",\"url\":\"https:\\\/\\\/www.iemj.org\\\/wp-content\\\/uploads\\\/2021\\\/09\\\/Logo-IEMJ-Paypal.jpg\",\"contentUrl\":\"https:\\\/\\\/www.iemj.org\\\/wp-content\\\/uploads\\\/2021\\\/09\\\/Logo-IEMJ-Paypal.jpg\",\"width\":150,\"height\":50,\"caption\":\"Institut Europ\u00e9en des Musiques Juives\"},\"image\":{\"@id\":\"https:\\\/\\\/www.iemj.org\\\/en\\\/#\\\/schema\\\/logo\\\/image\\\/\"},\"sameAs\":[\"https:\\\/\\\/www.facebook.com\\\/MusiquesJuives\\\/\",\"https:\\\/\\\/www.instagram.com\\\/musiquesjuives\\\/\",\"https:\\\/\\\/www.youtube.com\\\/user\\\/musiquesjuives\"]},{\"@type\":\"Person\",\"@id\":\"https:\\\/\\\/www.iemj.org\\\/en\\\/#\\\/schema\\\/person\\\/906134402c29d5c76e7b726261dd4bbd\",\"name\":\"Herv\u00e9 Roten\",\"image\":{\"@type\":\"ImageObject\",\"inLanguage\":\"en-US\",\"@id\":\"https:\\\/\\\/secure.gravatar.com\\\/avatar\\\/f96ad2db538a26481f18384936b5cd0610c92d390c4dc382209216d455f685ff?s=96&d=mm&r=g\",\"url\":\"https:\\\/\\\/secure.gravatar.com\\\/avatar\\\/f96ad2db538a26481f18384936b5cd0610c92d390c4dc382209216d455f685ff?s=96&d=mm&r=g\",\"contentUrl\":\"https:\\\/\\\/secure.gravatar.com\\\/avatar\\\/f96ad2db538a26481f18384936b5cd0610c92d390c4dc382209216d455f685ff?s=96&d=mm&r=g\",\"caption\":\"Herv\u00e9 Roten\"}}]}<\/script>\n<!-- \/ Yoast SEO plugin. -->","yoast_head_json":{"title":"Coplas Sefardies by Alberto Hemsi - Vol.2 - Institut Europ\u00e9en des Musiques Juives","robots":{"index":"index","follow":"follow","max-snippet":"max-snippet:-1","max-image-preview":"max-image-preview:large","max-video-preview":"max-video-preview:-1"},"canonical":"https:\/\/www.iemj.org\/en\/coplas-sefardies-de-alberto-hemsi-vol-2\/","og_locale":"en_US","og_type":"article","og_title":"Coplas Sefardies by Alberto Hemsi - Vol.2 - Institut Europ\u00e9en des Musiques Juives","og_description":"The full works for voice and piano by Alberto Hemsi finally available on CD ! On the occasion of the 120th anniversary of Alberto Hemsi\u2019s birth (1898-1975), Assaf Levitin, cantor","og_url":"https:\/\/www.iemj.org\/en\/coplas-sefardies-de-alberto-hemsi-vol-2\/","og_site_name":"Institut Europ\u00e9en des Musiques Juives","article_publisher":"https:\/\/www.facebook.com\/MusiquesJuives\/","article_published_time":"2018-10-29T15:28:21+00:00","article_modified_time":"2025-02-25T14:21:47+00:00","og_image":[{"width":1429,"height":1417,"url":"https:\/\/www.iemj.org\/wp-content\/uploads\/2018\/10\/arton3710-e1619112156219.jpg","type":"image\/jpeg"}],"author":"Herv\u00e9 Roten","twitter_card":"summary_large_image","twitter_misc":{"Written by":"Herv\u00e9 Roten","Est. reading time":"2 minutes"},"schema":{"@context":"https:\/\/schema.org","@graph":[{"@type":"Article","@id":"https:\/\/www.iemj.org\/en\/coplas-sefardies-de-alberto-hemsi-vol-2\/#article","isPartOf":{"@id":"https:\/\/www.iemj.org\/en\/coplas-sefardies-de-alberto-hemsi-vol-2\/"},"author":{"name":"Herv\u00e9 Roten","@id":"https:\/\/www.iemj.org\/en\/#\/schema\/person\/906134402c29d5c76e7b726261dd4bbd"},"headline":"Coplas Sefardies by Alberto Hemsi &#8211; Vol.2","datePublished":"2018-10-29T15:28:21+00:00","dateModified":"2025-02-25T14:21:47+00:00","mainEntityOfPage":{"@id":"https:\/\/www.iemj.org\/en\/coplas-sefardies-de-alberto-hemsi-vol-2\/"},"wordCount":330,"publisher":{"@id":"https:\/\/www.iemj.org\/en\/#organization"},"image":{"@id":"https:\/\/www.iemj.org\/en\/coplas-sefardies-de-alberto-hemsi-vol-2\/#primaryimage"},"thumbnailUrl":"https:\/\/www.iemj.org\/wp-content\/uploads\/2018\/10\/arton3710-e1619112156219.jpg","articleSection":["CD","Latest Acquisitions"],"inLanguage":"en-US"},{"@type":"WebPage","@id":"https:\/\/www.iemj.org\/en\/coplas-sefardies-de-alberto-hemsi-vol-2\/","url":"https:\/\/www.iemj.org\/en\/coplas-sefardies-de-alberto-hemsi-vol-2\/","name":"Coplas Sefardies by Alberto Hemsi - Vol.2 - Institut Europ\u00e9en des Musiques Juives","isPartOf":{"@id":"https:\/\/www.iemj.org\/en\/#website"},"primaryImageOfPage":{"@id":"https:\/\/www.iemj.org\/en\/coplas-sefardies-de-alberto-hemsi-vol-2\/#primaryimage"},"image":{"@id":"https:\/\/www.iemj.org\/en\/coplas-sefardies-de-alberto-hemsi-vol-2\/#primaryimage"},"thumbnailUrl":"https:\/\/www.iemj.org\/wp-content\/uploads\/2018\/10\/arton3710-e1619112156219.jpg","datePublished":"2018-10-29T15:28:21+00:00","dateModified":"2025-02-25T14:21:47+00:00","breadcrumb":{"@id":"https:\/\/www.iemj.org\/en\/coplas-sefardies-de-alberto-hemsi-vol-2\/#breadcrumb"},"inLanguage":"en-US","potentialAction":[{"@type":"ReadAction","target":["https:\/\/www.iemj.org\/en\/coplas-sefardies-de-alberto-hemsi-vol-2\/"]}]},{"@type":"ImageObject","inLanguage":"en-US","@id":"https:\/\/www.iemj.org\/en\/coplas-sefardies-de-alberto-hemsi-vol-2\/#primaryimage","url":"https:\/\/www.iemj.org\/wp-content\/uploads\/2018\/10\/arton3710-e1619112156219.jpg","contentUrl":"https:\/\/www.iemj.org\/wp-content\/uploads\/2018\/10\/arton3710-e1619112156219.jpg","width":1429,"height":1417},{"@type":"BreadcrumbList","@id":"https:\/\/www.iemj.org\/en\/coplas-sefardies-de-alberto-hemsi-vol-2\/#breadcrumb","itemListElement":[{"@type":"ListItem","position":1,"name":"Accueil","item":"https:\/\/www.iemj.org\/en\/"},{"@type":"ListItem","position":2,"name":"Coplas Sefardies by Alberto Hemsi &#8211; Vol.2"}]},{"@type":"WebSite","@id":"https:\/\/www.iemj.org\/en\/#website","url":"https:\/\/www.iemj.org\/en\/","name":"Institut Europ\u00e9en des Musiques Juives","description":"Des traditions musicales \u00e0 la port\u00e9e de tous","publisher":{"@id":"https:\/\/www.iemj.org\/en\/#organization"},"potentialAction":[{"@type":"SearchAction","target":{"@type":"EntryPoint","urlTemplate":"https:\/\/www.iemj.org\/en\/?s={search_term_string}"},"query-input":{"@type":"PropertyValueSpecification","valueRequired":true,"valueName":"search_term_string"}}],"inLanguage":"en-US"},{"@type":"Organization","@id":"https:\/\/www.iemj.org\/en\/#organization","name":"Institut Europ\u00e9en des Musiques Juives","url":"https:\/\/www.iemj.org\/en\/","logo":{"@type":"ImageObject","inLanguage":"en-US","@id":"https:\/\/www.iemj.org\/en\/#\/schema\/logo\/image\/","url":"https:\/\/www.iemj.org\/wp-content\/uploads\/2021\/09\/Logo-IEMJ-Paypal.jpg","contentUrl":"https:\/\/www.iemj.org\/wp-content\/uploads\/2021\/09\/Logo-IEMJ-Paypal.jpg","width":150,"height":50,"caption":"Institut Europ\u00e9en des Musiques Juives"},"image":{"@id":"https:\/\/www.iemj.org\/en\/#\/schema\/logo\/image\/"},"sameAs":["https:\/\/www.facebook.com\/MusiquesJuives\/","https:\/\/www.instagram.com\/musiquesjuives\/","https:\/\/www.youtube.com\/user\/musiquesjuives"]},{"@type":"Person","@id":"https:\/\/www.iemj.org\/en\/#\/schema\/person\/906134402c29d5c76e7b726261dd4bbd","name":"Herv\u00e9 Roten","image":{"@type":"ImageObject","inLanguage":"en-US","@id":"https:\/\/secure.gravatar.com\/avatar\/f96ad2db538a26481f18384936b5cd0610c92d390c4dc382209216d455f685ff?s=96&d=mm&r=g","url":"https:\/\/secure.gravatar.com\/avatar\/f96ad2db538a26481f18384936b5cd0610c92d390c4dc382209216d455f685ff?s=96&d=mm&r=g","contentUrl":"https:\/\/secure.gravatar.com\/avatar\/f96ad2db538a26481f18384936b5cd0610c92d390c4dc382209216d455f685ff?s=96&d=mm&r=g","caption":"Herv\u00e9 Roten"}}]}},"_links":{"self":[{"href":"https:\/\/www.iemj.org\/en\/wp-json\/wp\/v2\/posts\/58566","targetHints":{"allow":["GET"]}}],"collection":[{"href":"https:\/\/www.iemj.org\/en\/wp-json\/wp\/v2\/posts"}],"about":[{"href":"https:\/\/www.iemj.org\/en\/wp-json\/wp\/v2\/types\/post"}],"author":[{"embeddable":true,"href":"https:\/\/www.iemj.org\/en\/wp-json\/wp\/v2\/users\/1045"}],"replies":[{"embeddable":true,"href":"https:\/\/www.iemj.org\/en\/wp-json\/wp\/v2\/comments?post=58566"}],"version-history":[{"count":0,"href":"https:\/\/www.iemj.org\/en\/wp-json\/wp\/v2\/posts\/58566\/revisions"}],"wp:featuredmedia":[{"embeddable":true,"href":"https:\/\/www.iemj.org\/en\/wp-json\/wp\/v2\/media\/21482"}],"wp:attachment":[{"href":"https:\/\/www.iemj.org\/en\/wp-json\/wp\/v2\/media?parent=58566"}],"wp:term":[{"taxonomy":"category","embeddable":true,"href":"https:\/\/www.iemj.org\/en\/wp-json\/wp\/v2\/categories?post=58566"},{"taxonomy":"post_tag","embeddable":true,"href":"https:\/\/www.iemj.org\/en\/wp-json\/wp\/v2\/tags?post=58566"},{"taxonomy":"technique","embeddable":true,"href":"https:\/\/www.iemj.org\/en\/wp-json\/wp\/v2\/technique?post=58566"},{"taxonomy":"squelettes","embeddable":true,"href":"https:\/\/www.iemj.org\/en\/wp-json\/wp\/v2\/squelettes?post=58566"},{"taxonomy":"sujet","embeddable":true,"href":"https:\/\/www.iemj.org\/en\/wp-json\/wp\/v2\/sujet?post=58566"},{"taxonomy":"formation","embeddable":true,"href":"https:\/\/www.iemj.org\/en\/wp-json\/wp\/v2\/formation?post=58566"},{"taxonomy":"genre","embeddable":true,"href":"https:\/\/www.iemj.org\/en\/wp-json\/wp\/v2\/genre?post=58566"},{"taxonomy":"fonds","embeddable":true,"href":"https:\/\/www.iemj.org\/en\/wp-json\/wp\/v2\/fonds?post=58566"},{"taxonomy":"tradition","embeddable":true,"href":"https:\/\/www.iemj.org\/en\/wp-json\/wp\/v2\/tradition?post=58566"},{"taxonomy":"type-de-contenu","embeddable":true,"href":"https:\/\/www.iemj.org\/en\/wp-json\/wp\/v2\/type-de-contenu?post=58566"},{"taxonomy":"interprete-compositeur","embeddable":true,"href":"https:\/\/www.iemj.org\/en\/wp-json\/wp\/v2\/interprete-compositeur?post=58566"},{"taxonomy":"frise","embeddable":true,"href":"https:\/\/www.iemj.org\/en\/wp-json\/wp\/v2\/frise?post=58566"},{"taxonomy":"type-devenement","embeddable":true,"href":"https:\/\/www.iemj.org\/en\/wp-json\/wp\/v2\/type-devenement?post=58566"},{"taxonomy":"tableaux-liens-externes","embeddable":true,"href":"https:\/\/www.iemj.org\/en\/wp-json\/wp\/v2\/tableaux-liens-externes?post=58566"}],"curies":[{"name":"wp","href":"https:\/\/api.w.org\/{rel}","templated":true}]}}