{"id":58703,"date":"2018-06-27T12:20:49","date_gmt":"2018-06-27T10:20:49","guid":{"rendered":"https:\/\/www.iemj.org\/se-reinventer-au-present\/"},"modified":"2025-02-25T17:21:28","modified_gmt":"2025-02-25T16:21:28","slug":"se-reinventer-au-present","status":"publish","type":"post","link":"https:\/\/www.iemj.org\/en\/se-reinventer-au-present\/","title":{"rendered":"Se r\u00e9inventer au pr\u00e9sent"},"content":{"rendered":"<p class=\"post_excerpt\"><strong>By Jessica Roda<\/strong><br \/>\nPresses universitaires de Rennes, 2018, 268 p., preface by Edwin Seroussi<\/p>\n<p><!--more--><br \/>\nSearcher invited at Columbia University (USA) and post-PhD searcher at Concordia University (Canada), Jessica Roda is an anthropologist and ethnomusicologist. In December 2012, under the supervision of the Paris Sorbonne University and the University of Montreal, she validates her PhD on the following subject \u00ab Live the Judeo-Spanish music in France. From collecting to patrimonialization, the artist and the community \u00bb.<br \/>\nThe book she publishes in 2018 at the Presses Universitaires de Rennes Editions\u00a0<em>Se r\u00e9inventer au pr\u00e9sent &#8211; Les Jud\u00e9o-espagnols de France &#8211; Famille, communaut\u00e9 et patrimoine musical<\/em>\u00a0comes directly from her PhD work.<\/p>\n<p>In the first part of the book, Jessica Roda questions the process of building the Judeo-Spanish identity, first in Spain, then in the Ottoman empire, and finally in France. In the latter, several associations will favor, as soon as 1980, the rebirth of a Judeo-Spanish cultural life, which expresses itself in particular with concerts where the music linked to the language will allow to make live again a lost heritage. These concerts favor the emergence of artists specialized in Judeo-Spanish singing, such as Sandra Bessis, Stella Gutman, H\u00e9l\u00e8ne Obadia, Marl\u00e8ne Samoun\u2026<br \/>\nThe repertoire of these artists was built from musical annotations (due in particular to the ethnographic collections of Alberto Hemsi (1896-1975), L\u00e9on Algazi (1890-1971) and Isaac L\u00e9vy (1919-1977)) as well as from the first recordings of Judeo-Spanish music that started in the Ottoman empire in 1906-1907 (Salomon Effendi, Haim Effendi, Isaac Algazi, Jacob Algava, Albert Beressi\u2026).<br \/>\nIn the years 1950-1960, era characterized by the cutural revival, the Judeo-Spanish people, mainly settled in the USA, in Israel, in France and in Belgium, form a transnational community in search of identity markers. In France, the Judeo-Spanish revival starts in 1982 with the release of a record by Esther Lamandier, Romances, followed by recordings by H\u00e9l\u00e8ne Engel (La Serena, 1988) and Fran\u00e7oise Atlan (Romances sefardies, 1992). In the years 2000, the Israeli singer Yasmin L\u00e9vy acquires a strong notoriety thanks to her interpretation of the Judeo-Spanish repertoire that she blends with flamenco.<\/p>\n<p>In the second part of the book, Jessica Roda tries to analyse the French Judeo-Spanish musical practices of today. She shows in particular the existence of interactions between the Judeo-Spanish stage \u2013 represented sometimes by artists who don\u2019t belong to this tradition \u2013, the public institutions or Judeo-Spanish communities who call upon these artists, and the families inwhich this heritage perpetuate, but still adapting itself to the new usage (the stage) and its new function (identity assertion).<br \/>\nThis study highlights the phenomena of patrimonialization of todays\u2019s Judeo-Spanish repertoire. This patrimonialization of musical practices, aiming to establish a direct filiation between Medieval Spain of before the expulsion of Sefardi Jews and the Sefardi Jews of today, allows the Judeo-Spanish people to single out in front of other components of the French Jewish community, in particular Ashkenazi and North African, but also in front of non-Jews. Through a boomerang effect, this recomposed heritage in reinjected in Judeo-Spanish families who, even if they are not fooled by the authencity of this music, re-appropriate it until considering them as an element of important cultural reference. Music becomes thus the mirror of a reconstituted identity and a regained pride.<\/p>\n<p><a href=\"http:\/\/pur-editions.fr\/detail.php?idOuv=4595\">Learn more<\/a><br \/>\n<a href=\"https:\/\/livre.fnac.com\/a11248599\/Jessica-Roda-Se-reinventer-au-present\">Purchase the book online<\/a><br \/>\n<a href=\"https:\/\/www.iemj.org\/en\/se-reinventer-au-present-musical-history-of-the-judeo-spanish-diaspora-of-france\/\" target=\"_blank\" rel=\"noopener\">Listen to the radio program Se r\u00e9inventer au pr\u00e9sent : musical history of the Judeo-Spanish diaspora in France<\/a><\/p>\n","protected":false},"excerpt":{"rendered":"<p>By Jessica Roda Presses universitaires de Rennes, 2018, 268 p., preface by Edwin Seroussi<\/p>\n","protected":false},"author":1045,"featured_media":20266,"comment_status":"closed","ping_status":"open","sticky":false,"template":"","format":"standard","meta":{"_acf_changed":false,"footnotes":""},"categories":[1579,1562],"tags":[],"technique":[],"squelettes":[],"sujet":[],"formation":[],"genre":[1114],"fonds":[],"tradition":[],"type-de-contenu":[],"interprete-compositeur":[],"frise":[],"type-devenement":[],"tableaux-liens-externes":[],"class_list":["post-58703","post","type-post","status-publish","format-standard","has-post-thumbnail","hentry","category-books-articles-en","category-latest-acquisitions-en","genre-ladino"],"acf":[],"yoast_head":"<!-- This site is optimized with the Yoast SEO plugin v27.3 - https:\/\/yoast.com\/product\/yoast-seo-wordpress\/ -->\n<title>Se r\u00e9inventer au pr\u00e9sent - Institut Europ\u00e9en des Musiques Juives<\/title>\n<meta name=\"robots\" content=\"index, follow, max-snippet:-1, max-image-preview:large, max-video-preview:-1\" \/>\n<link rel=\"canonical\" href=\"https:\/\/www.iemj.org\/en\/se-reinventer-au-present\/\" \/>\n<meta property=\"og:locale\" content=\"en_US\" \/>\n<meta property=\"og:type\" content=\"article\" \/>\n<meta property=\"og:title\" content=\"Se r\u00e9inventer au pr\u00e9sent - Institut Europ\u00e9en des Musiques Juives\" \/>\n<meta property=\"og:description\" content=\"By Jessica Roda Presses universitaires de Rennes, 2018, 268 p., preface by Edwin Seroussi\" \/>\n<meta property=\"og:url\" content=\"https:\/\/www.iemj.org\/en\/se-reinventer-au-present\/\" \/>\n<meta property=\"og:site_name\" content=\"Institut Europ\u00e9en des Musiques Juives\" \/>\n<meta property=\"article:publisher\" content=\"https:\/\/www.facebook.com\/MusiquesJuives\/\" \/>\n<meta property=\"article:published_time\" content=\"2018-06-27T10:20:49+00:00\" \/>\n<meta property=\"article:modified_time\" content=\"2025-02-25T16:21:28+00:00\" \/>\n<meta property=\"og:image\" content=\"https:\/\/www.iemj.org\/wp-content\/uploads\/2018\/06\/arton3531.jpg\" \/>\n\t<meta property=\"og:image:width\" content=\"324\" \/>\n\t<meta property=\"og:image:height\" content=\"400\" \/>\n\t<meta property=\"og:image:type\" content=\"image\/jpeg\" \/>\n<meta name=\"author\" content=\"Herv\u00e9 Roten\" \/>\n<meta name=\"twitter:card\" content=\"summary_large_image\" \/>\n<meta name=\"twitter:label1\" content=\"Written by\" \/>\n\t<meta name=\"twitter:data1\" content=\"Herv\u00e9 Roten\" \/>\n\t<meta name=\"twitter:label2\" content=\"Est. reading time\" \/>\n\t<meta name=\"twitter:data2\" content=\"4 minutes\" \/>\n<script type=\"application\/ld+json\" class=\"yoast-schema-graph\">{\"@context\":\"https:\\\/\\\/schema.org\",\"@graph\":[{\"@type\":\"Article\",\"@id\":\"https:\\\/\\\/www.iemj.org\\\/en\\\/se-reinventer-au-present\\\/#article\",\"isPartOf\":{\"@id\":\"https:\\\/\\\/www.iemj.org\\\/en\\\/se-reinventer-au-present\\\/\"},\"author\":{\"name\":\"Herv\u00e9 Roten\",\"@id\":\"https:\\\/\\\/www.iemj.org\\\/en\\\/#\\\/schema\\\/person\\\/906134402c29d5c76e7b726261dd4bbd\"},\"headline\":\"Se r\u00e9inventer au pr\u00e9sent\",\"datePublished\":\"2018-06-27T10:20:49+00:00\",\"dateModified\":\"2025-02-25T16:21:28+00:00\",\"mainEntityOfPage\":{\"@id\":\"https:\\\/\\\/www.iemj.org\\\/en\\\/se-reinventer-au-present\\\/\"},\"wordCount\":575,\"publisher\":{\"@id\":\"https:\\\/\\\/www.iemj.org\\\/en\\\/#organization\"},\"image\":{\"@id\":\"https:\\\/\\\/www.iemj.org\\\/en\\\/se-reinventer-au-present\\\/#primaryimage\"},\"thumbnailUrl\":\"https:\\\/\\\/www.iemj.org\\\/wp-content\\\/uploads\\\/2018\\\/06\\\/arton3531.jpg\",\"articleSection\":[\"Books, articles\",\"Latest Acquisitions\"],\"inLanguage\":\"en-US\"},{\"@type\":\"WebPage\",\"@id\":\"https:\\\/\\\/www.iemj.org\\\/en\\\/se-reinventer-au-present\\\/\",\"url\":\"https:\\\/\\\/www.iemj.org\\\/en\\\/se-reinventer-au-present\\\/\",\"name\":\"Se r\u00e9inventer au pr\u00e9sent - Institut Europ\u00e9en des Musiques Juives\",\"isPartOf\":{\"@id\":\"https:\\\/\\\/www.iemj.org\\\/en\\\/#website\"},\"primaryImageOfPage\":{\"@id\":\"https:\\\/\\\/www.iemj.org\\\/en\\\/se-reinventer-au-present\\\/#primaryimage\"},\"image\":{\"@id\":\"https:\\\/\\\/www.iemj.org\\\/en\\\/se-reinventer-au-present\\\/#primaryimage\"},\"thumbnailUrl\":\"https:\\\/\\\/www.iemj.org\\\/wp-content\\\/uploads\\\/2018\\\/06\\\/arton3531.jpg\",\"datePublished\":\"2018-06-27T10:20:49+00:00\",\"dateModified\":\"2025-02-25T16:21:28+00:00\",\"breadcrumb\":{\"@id\":\"https:\\\/\\\/www.iemj.org\\\/en\\\/se-reinventer-au-present\\\/#breadcrumb\"},\"inLanguage\":\"en-US\",\"potentialAction\":[{\"@type\":\"ReadAction\",\"target\":[\"https:\\\/\\\/www.iemj.org\\\/en\\\/se-reinventer-au-present\\\/\"]}]},{\"@type\":\"ImageObject\",\"inLanguage\":\"en-US\",\"@id\":\"https:\\\/\\\/www.iemj.org\\\/en\\\/se-reinventer-au-present\\\/#primaryimage\",\"url\":\"https:\\\/\\\/www.iemj.org\\\/wp-content\\\/uploads\\\/2018\\\/06\\\/arton3531.jpg\",\"contentUrl\":\"https:\\\/\\\/www.iemj.org\\\/wp-content\\\/uploads\\\/2018\\\/06\\\/arton3531.jpg\",\"width\":324,\"height\":400},{\"@type\":\"BreadcrumbList\",\"@id\":\"https:\\\/\\\/www.iemj.org\\\/en\\\/se-reinventer-au-present\\\/#breadcrumb\",\"itemListElement\":[{\"@type\":\"ListItem\",\"position\":1,\"name\":\"Accueil\",\"item\":\"https:\\\/\\\/www.iemj.org\\\/en\\\/\"},{\"@type\":\"ListItem\",\"position\":2,\"name\":\"Se r\u00e9inventer au pr\u00e9sent\"}]},{\"@type\":\"WebSite\",\"@id\":\"https:\\\/\\\/www.iemj.org\\\/en\\\/#website\",\"url\":\"https:\\\/\\\/www.iemj.org\\\/en\\\/\",\"name\":\"Institut Europ\u00e9en des Musiques Juives\",\"description\":\"Des traditions musicales \u00e0 la port\u00e9e de tous\",\"publisher\":{\"@id\":\"https:\\\/\\\/www.iemj.org\\\/en\\\/#organization\"},\"potentialAction\":[{\"@type\":\"SearchAction\",\"target\":{\"@type\":\"EntryPoint\",\"urlTemplate\":\"https:\\\/\\\/www.iemj.org\\\/en\\\/?s={search_term_string}\"},\"query-input\":{\"@type\":\"PropertyValueSpecification\",\"valueRequired\":true,\"valueName\":\"search_term_string\"}}],\"inLanguage\":\"en-US\"},{\"@type\":\"Organization\",\"@id\":\"https:\\\/\\\/www.iemj.org\\\/en\\\/#organization\",\"name\":\"Institut Europ\u00e9en des Musiques Juives\",\"url\":\"https:\\\/\\\/www.iemj.org\\\/en\\\/\",\"logo\":{\"@type\":\"ImageObject\",\"inLanguage\":\"en-US\",\"@id\":\"https:\\\/\\\/www.iemj.org\\\/en\\\/#\\\/schema\\\/logo\\\/image\\\/\",\"url\":\"https:\\\/\\\/www.iemj.org\\\/wp-content\\\/uploads\\\/2021\\\/09\\\/Logo-IEMJ-Paypal.jpg\",\"contentUrl\":\"https:\\\/\\\/www.iemj.org\\\/wp-content\\\/uploads\\\/2021\\\/09\\\/Logo-IEMJ-Paypal.jpg\",\"width\":150,\"height\":50,\"caption\":\"Institut Europ\u00e9en des Musiques Juives\"},\"image\":{\"@id\":\"https:\\\/\\\/www.iemj.org\\\/en\\\/#\\\/schema\\\/logo\\\/image\\\/\"},\"sameAs\":[\"https:\\\/\\\/www.facebook.com\\\/MusiquesJuives\\\/\",\"https:\\\/\\\/www.instagram.com\\\/musiquesjuives\\\/\",\"https:\\\/\\\/www.youtube.com\\\/user\\\/musiquesjuives\"]},{\"@type\":\"Person\",\"@id\":\"https:\\\/\\\/www.iemj.org\\\/en\\\/#\\\/schema\\\/person\\\/906134402c29d5c76e7b726261dd4bbd\",\"name\":\"Herv\u00e9 Roten\",\"image\":{\"@type\":\"ImageObject\",\"inLanguage\":\"en-US\",\"@id\":\"https:\\\/\\\/secure.gravatar.com\\\/avatar\\\/f96ad2db538a26481f18384936b5cd0610c92d390c4dc382209216d455f685ff?s=96&d=mm&r=g\",\"url\":\"https:\\\/\\\/secure.gravatar.com\\\/avatar\\\/f96ad2db538a26481f18384936b5cd0610c92d390c4dc382209216d455f685ff?s=96&d=mm&r=g\",\"contentUrl\":\"https:\\\/\\\/secure.gravatar.com\\\/avatar\\\/f96ad2db538a26481f18384936b5cd0610c92d390c4dc382209216d455f685ff?s=96&d=mm&r=g\",\"caption\":\"Herv\u00e9 Roten\"}}]}<\/script>\n<!-- \/ Yoast SEO plugin. -->","yoast_head_json":{"title":"Se r\u00e9inventer au pr\u00e9sent - Institut Europ\u00e9en des Musiques Juives","robots":{"index":"index","follow":"follow","max-snippet":"max-snippet:-1","max-image-preview":"max-image-preview:large","max-video-preview":"max-video-preview:-1"},"canonical":"https:\/\/www.iemj.org\/en\/se-reinventer-au-present\/","og_locale":"en_US","og_type":"article","og_title":"Se r\u00e9inventer au pr\u00e9sent - Institut Europ\u00e9en des Musiques Juives","og_description":"By Jessica Roda Presses universitaires de Rennes, 2018, 268 p., preface by Edwin Seroussi","og_url":"https:\/\/www.iemj.org\/en\/se-reinventer-au-present\/","og_site_name":"Institut Europ\u00e9en des Musiques Juives","article_publisher":"https:\/\/www.facebook.com\/MusiquesJuives\/","article_published_time":"2018-06-27T10:20:49+00:00","article_modified_time":"2025-02-25T16:21:28+00:00","og_image":[{"width":324,"height":400,"url":"https:\/\/www.iemj.org\/wp-content\/uploads\/2018\/06\/arton3531.jpg","type":"image\/jpeg"}],"author":"Herv\u00e9 Roten","twitter_card":"summary_large_image","twitter_misc":{"Written by":"Herv\u00e9 Roten","Est. reading time":"4 minutes"},"schema":{"@context":"https:\/\/schema.org","@graph":[{"@type":"Article","@id":"https:\/\/www.iemj.org\/en\/se-reinventer-au-present\/#article","isPartOf":{"@id":"https:\/\/www.iemj.org\/en\/se-reinventer-au-present\/"},"author":{"name":"Herv\u00e9 Roten","@id":"https:\/\/www.iemj.org\/en\/#\/schema\/person\/906134402c29d5c76e7b726261dd4bbd"},"headline":"Se r\u00e9inventer au pr\u00e9sent","datePublished":"2018-06-27T10:20:49+00:00","dateModified":"2025-02-25T16:21:28+00:00","mainEntityOfPage":{"@id":"https:\/\/www.iemj.org\/en\/se-reinventer-au-present\/"},"wordCount":575,"publisher":{"@id":"https:\/\/www.iemj.org\/en\/#organization"},"image":{"@id":"https:\/\/www.iemj.org\/en\/se-reinventer-au-present\/#primaryimage"},"thumbnailUrl":"https:\/\/www.iemj.org\/wp-content\/uploads\/2018\/06\/arton3531.jpg","articleSection":["Books, articles","Latest Acquisitions"],"inLanguage":"en-US"},{"@type":"WebPage","@id":"https:\/\/www.iemj.org\/en\/se-reinventer-au-present\/","url":"https:\/\/www.iemj.org\/en\/se-reinventer-au-present\/","name":"Se r\u00e9inventer au pr\u00e9sent - Institut Europ\u00e9en des Musiques Juives","isPartOf":{"@id":"https:\/\/www.iemj.org\/en\/#website"},"primaryImageOfPage":{"@id":"https:\/\/www.iemj.org\/en\/se-reinventer-au-present\/#primaryimage"},"image":{"@id":"https:\/\/www.iemj.org\/en\/se-reinventer-au-present\/#primaryimage"},"thumbnailUrl":"https:\/\/www.iemj.org\/wp-content\/uploads\/2018\/06\/arton3531.jpg","datePublished":"2018-06-27T10:20:49+00:00","dateModified":"2025-02-25T16:21:28+00:00","breadcrumb":{"@id":"https:\/\/www.iemj.org\/en\/se-reinventer-au-present\/#breadcrumb"},"inLanguage":"en-US","potentialAction":[{"@type":"ReadAction","target":["https:\/\/www.iemj.org\/en\/se-reinventer-au-present\/"]}]},{"@type":"ImageObject","inLanguage":"en-US","@id":"https:\/\/www.iemj.org\/en\/se-reinventer-au-present\/#primaryimage","url":"https:\/\/www.iemj.org\/wp-content\/uploads\/2018\/06\/arton3531.jpg","contentUrl":"https:\/\/www.iemj.org\/wp-content\/uploads\/2018\/06\/arton3531.jpg","width":324,"height":400},{"@type":"BreadcrumbList","@id":"https:\/\/www.iemj.org\/en\/se-reinventer-au-present\/#breadcrumb","itemListElement":[{"@type":"ListItem","position":1,"name":"Accueil","item":"https:\/\/www.iemj.org\/en\/"},{"@type":"ListItem","position":2,"name":"Se r\u00e9inventer au pr\u00e9sent"}]},{"@type":"WebSite","@id":"https:\/\/www.iemj.org\/en\/#website","url":"https:\/\/www.iemj.org\/en\/","name":"Institut Europ\u00e9en des Musiques Juives","description":"Des traditions musicales \u00e0 la port\u00e9e de tous","publisher":{"@id":"https:\/\/www.iemj.org\/en\/#organization"},"potentialAction":[{"@type":"SearchAction","target":{"@type":"EntryPoint","urlTemplate":"https:\/\/www.iemj.org\/en\/?s={search_term_string}"},"query-input":{"@type":"PropertyValueSpecification","valueRequired":true,"valueName":"search_term_string"}}],"inLanguage":"en-US"},{"@type":"Organization","@id":"https:\/\/www.iemj.org\/en\/#organization","name":"Institut Europ\u00e9en des Musiques Juives","url":"https:\/\/www.iemj.org\/en\/","logo":{"@type":"ImageObject","inLanguage":"en-US","@id":"https:\/\/www.iemj.org\/en\/#\/schema\/logo\/image\/","url":"https:\/\/www.iemj.org\/wp-content\/uploads\/2021\/09\/Logo-IEMJ-Paypal.jpg","contentUrl":"https:\/\/www.iemj.org\/wp-content\/uploads\/2021\/09\/Logo-IEMJ-Paypal.jpg","width":150,"height":50,"caption":"Institut Europ\u00e9en des Musiques Juives"},"image":{"@id":"https:\/\/www.iemj.org\/en\/#\/schema\/logo\/image\/"},"sameAs":["https:\/\/www.facebook.com\/MusiquesJuives\/","https:\/\/www.instagram.com\/musiquesjuives\/","https:\/\/www.youtube.com\/user\/musiquesjuives"]},{"@type":"Person","@id":"https:\/\/www.iemj.org\/en\/#\/schema\/person\/906134402c29d5c76e7b726261dd4bbd","name":"Herv\u00e9 Roten","image":{"@type":"ImageObject","inLanguage":"en-US","@id":"https:\/\/secure.gravatar.com\/avatar\/f96ad2db538a26481f18384936b5cd0610c92d390c4dc382209216d455f685ff?s=96&d=mm&r=g","url":"https:\/\/secure.gravatar.com\/avatar\/f96ad2db538a26481f18384936b5cd0610c92d390c4dc382209216d455f685ff?s=96&d=mm&r=g","contentUrl":"https:\/\/secure.gravatar.com\/avatar\/f96ad2db538a26481f18384936b5cd0610c92d390c4dc382209216d455f685ff?s=96&d=mm&r=g","caption":"Herv\u00e9 Roten"}}]}},"_links":{"self":[{"href":"https:\/\/www.iemj.org\/en\/wp-json\/wp\/v2\/posts\/58703","targetHints":{"allow":["GET"]}}],"collection":[{"href":"https:\/\/www.iemj.org\/en\/wp-json\/wp\/v2\/posts"}],"about":[{"href":"https:\/\/www.iemj.org\/en\/wp-json\/wp\/v2\/types\/post"}],"author":[{"embeddable":true,"href":"https:\/\/www.iemj.org\/en\/wp-json\/wp\/v2\/users\/1045"}],"replies":[{"embeddable":true,"href":"https:\/\/www.iemj.org\/en\/wp-json\/wp\/v2\/comments?post=58703"}],"version-history":[{"count":0,"href":"https:\/\/www.iemj.org\/en\/wp-json\/wp\/v2\/posts\/58703\/revisions"}],"wp:featuredmedia":[{"embeddable":true,"href":"https:\/\/www.iemj.org\/en\/wp-json\/wp\/v2\/media\/20266"}],"wp:attachment":[{"href":"https:\/\/www.iemj.org\/en\/wp-json\/wp\/v2\/media?parent=58703"}],"wp:term":[{"taxonomy":"category","embeddable":true,"href":"https:\/\/www.iemj.org\/en\/wp-json\/wp\/v2\/categories?post=58703"},{"taxonomy":"post_tag","embeddable":true,"href":"https:\/\/www.iemj.org\/en\/wp-json\/wp\/v2\/tags?post=58703"},{"taxonomy":"technique","embeddable":true,"href":"https:\/\/www.iemj.org\/en\/wp-json\/wp\/v2\/technique?post=58703"},{"taxonomy":"squelettes","embeddable":true,"href":"https:\/\/www.iemj.org\/en\/wp-json\/wp\/v2\/squelettes?post=58703"},{"taxonomy":"sujet","embeddable":true,"href":"https:\/\/www.iemj.org\/en\/wp-json\/wp\/v2\/sujet?post=58703"},{"taxonomy":"formation","embeddable":true,"href":"https:\/\/www.iemj.org\/en\/wp-json\/wp\/v2\/formation?post=58703"},{"taxonomy":"genre","embeddable":true,"href":"https:\/\/www.iemj.org\/en\/wp-json\/wp\/v2\/genre?post=58703"},{"taxonomy":"fonds","embeddable":true,"href":"https:\/\/www.iemj.org\/en\/wp-json\/wp\/v2\/fonds?post=58703"},{"taxonomy":"tradition","embeddable":true,"href":"https:\/\/www.iemj.org\/en\/wp-json\/wp\/v2\/tradition?post=58703"},{"taxonomy":"type-de-contenu","embeddable":true,"href":"https:\/\/www.iemj.org\/en\/wp-json\/wp\/v2\/type-de-contenu?post=58703"},{"taxonomy":"interprete-compositeur","embeddable":true,"href":"https:\/\/www.iemj.org\/en\/wp-json\/wp\/v2\/interprete-compositeur?post=58703"},{"taxonomy":"frise","embeddable":true,"href":"https:\/\/www.iemj.org\/en\/wp-json\/wp\/v2\/frise?post=58703"},{"taxonomy":"type-devenement","embeddable":true,"href":"https:\/\/www.iemj.org\/en\/wp-json\/wp\/v2\/type-devenement?post=58703"},{"taxonomy":"tableaux-liens-externes","embeddable":true,"href":"https:\/\/www.iemj.org\/en\/wp-json\/wp\/v2\/tableaux-liens-externes?post=58703"}],"curies":[{"name":"wp","href":"https:\/\/api.w.org\/{rel}","templated":true}]}}