{"id":58861,"date":"2015-07-13T09:51:34","date_gmt":"2015-07-13T07:51:34","guid":{"rendered":"https:\/\/www.iemj.org\/judeo-spanish-songs-for-the-life-cycle-in-the-eastern-mediterranean-cantares-judeo-espanoles-del-ciclo-de-la-vida-en-el-mediterraneo-oriental\/"},"modified":"2025-10-21T16:46:20","modified_gmt":"2025-10-21T14:46:20","slug":"judeo-spanish-songs-for-the-life-cycle-in-the-eastern-mediterranean-cantares-judeo-espanoles-del-ciclo-de-la-vida-en-el-mediterraneo-oriental","status":"publish","type":"post","link":"https:\/\/www.iemj.org\/en\/judeo-spanish-songs-for-the-life-cycle-in-the-eastern-mediterranean-cantares-judeo-espanoles-del-ciclo-de-la-vida-en-el-mediterraneo-oriental\/","title":{"rendered":"Judeo-Spanish Songs for the Life Cycle in the Eastern Mediterranean \/ Cantares Judeo-espanoles del Ciclo de la Vida en el Mediterraneo Oriental"},"content":{"rendered":"\n<p>24th volume from the Anthology of Music Traditions in Israel, this double CD, attached with a very rich booklet in Hebrew and English, was released in 2014 by the <a href=\"http:\/\/www.jewish-music.huji.ac.il\/\">Jewish Music Center of the Hebrew University of Jerusalem<\/a>, under the direction of Edwin Seroussi.<\/p>\n\n\n\n<p>The recordings and comments were made by the musicologist <a href=\"http:\/\/www.jewish-music.huji.ac.il\/content\/susana-weich-shahak\">Susana Weich-Shahak<\/a> who did a remarkable work of collecting and research. More than 87 songs, for most of them accompanied with music, trace the different moments of life in the Judeo-Spanish communities of Eastern Mediterrannea, from birth to death, passing by lullabies, children\u2019s songs, wedding songs, etc.<\/p>\n\n\n\n<p>A historical anthology, beautifully presented, for anybody who wishes to plunge into the heart of a tradition in its true authenticity.<\/p>\n\n\n\n<p><a href=\"http:\/\/www.jewish-music.huji.ac.il\/content\/judeo-spanish-songs-life-cycle-eastern-mediterranean\">Purchase the double CD.<\/a><\/p>\n\n\n<div class=\"wp-block-image\">\n<figure class=\"aligncenter is-resized\"><img fetchpriority=\"high\" decoding=\"async\" width=\"899\" height=\"800\" src=\"https:\/\/www.iemj.org\/wp-content\/uploads\/2015\/07\/judeo-spanish_songs_couv4.jpg\" alt=\"judeo-spanish_songs_couv4.jpg\" class=\"wp-image-7562\" style=\"width:640px\" srcset=\"https:\/\/www.iemj.org\/wp-content\/uploads\/2015\/07\/judeo-spanish_songs_couv4.jpg 899w, https:\/\/www.iemj.org\/wp-content\/uploads\/2015\/07\/judeo-spanish_songs_couv4-300x267.jpg 300w, https:\/\/www.iemj.org\/wp-content\/uploads\/2015\/07\/judeo-spanish_songs_couv4-768x683.jpg 768w, https:\/\/www.iemj.org\/wp-content\/uploads\/2015\/07\/judeo-spanish_songs_couv4-600x534.jpg 600w\" sizes=\"(max-width: 899px) 100vw, 899px\" \/><\/figure>\n<\/div>\n\n\n<div style=\"height:12px\" aria-hidden=\"true\" class=\"wp-block-spacer\"><\/div>\n\n\n<div class=\"wp-block-image\">\n<figure class=\"aligncenter size-large\"><img decoding=\"async\" width=\"1024\" height=\"133\" src=\"https:\/\/www.iemj.org\/wp-content\/uploads\/2024\/03\/AUDIO-PLAYER-1024x133.png\" alt=\"\" class=\"wp-image-110608\" srcset=\"https:\/\/www.iemj.org\/wp-content\/uploads\/2024\/03\/AUDIO-PLAYER-1024x133.png 1024w, https:\/\/www.iemj.org\/wp-content\/uploads\/2024\/03\/AUDIO-PLAYER-300x39.png 300w, https:\/\/www.iemj.org\/wp-content\/uploads\/2024\/03\/AUDIO-PLAYER-768x100.png 768w, https:\/\/www.iemj.org\/wp-content\/uploads\/2024\/03\/AUDIO-PLAYER-600x78.png 600w, https:\/\/www.iemj.org\/wp-content\/uploads\/2024\/03\/AUDIO-PLAYER.png 1210w\" sizes=\"(max-width: 1024px) 100vw, 1024px\" \/><\/figure>\n<\/div>\n\n\n<div class=\"wp-block-file\"><a id=\"wp-block-file--media-6c96d8b4-1153-42fc-9e5d-0fae7ce2ca82\" href=\"https:\/\/www.iemj.org\/wp-content\/uploads\/2015\/07\/irme_quero.mp3\">Irme quero<\/a><\/div>\n\n\n\n<div class=\"wp-block-file\"><a id=\"wp-block-file--media-d7d161af-ed9f-40d6-aeab-285d42bf5053\" href=\"https:\/\/www.iemj.org\/wp-content\/uploads\/2015\/07\/con_grande_verguenza.mp3\">Con grande verguenza<\/a><\/div>\n\n\n\n<div class=\"wp-block-file\"><a id=\"wp-block-file--media-a559b1be-43f9-4432-b24b-a1436f1c686d\" href=\"https:\/\/www.iemj.org\/wp-content\/uploads\/2015\/07\/morenica_a_mi_me_llaman.mp3\">Morenica a mi me llaman<\/a><\/div>\n\n\n\n<div class=\"wp-block-file\"><a id=\"wp-block-file--media-601a7fbe-55d6-47b6-85cb-d55c1ce602bf\" href=\"https:\/\/www.iemj.org\/wp-content\/uploads\/2015\/07\/oy_que_relumbror.mp3\">Oy que relumbror<\/a><\/div>\n\n\n\n<div class=\"wp-block-file\"><a id=\"wp-block-file--media-ea9e16ef-0cdb-4bc2-a6bb-9cd23ca91bf2\" href=\"https:\/\/www.iemj.org\/wp-content\/uploads\/2015\/07\/y_el_nuestro_novio.mp3\">Y el nuestro novio<\/a><\/div>\n\n\n\n<div class=\"wp-block-file\"><a id=\"wp-block-file--media-aeee874f-c5f5-4435-9849-a887d82c1762\" href=\"https:\/\/www.iemj.org\/wp-content\/uploads\/2015\/07\/bueno_asi_viva_la_consuegra.mp3\">Bueno asi viva la consuegra<\/a><\/div>\n\n\n\n<div class=\"wp-block-file\"><a id=\"wp-block-file--media-782a343a-f5fd-46eb-ab2e-502af01565e4\" href=\"https:\/\/www.iemj.org\/wp-content\/uploads\/2015\/07\/la_tora_la_tora.mp3\">La tora la tora<\/a><\/div>\n\n\n\n<div class=\"wp-block-file\"><a id=\"wp-block-file--media-a1712d11-367d-4563-b4cd-6de07a1dfce7\" href=\"https:\/\/www.iemj.org\/wp-content\/uploads\/2015\/07\/la_reina_tiene_dolores.mp3\">La reina tiene dolores<\/a><\/div>\n\n\n\n<p><\/p>\n","protected":false},"excerpt":{"rendered":"<p>24th volume from the Anthology of Music Traditions in Israel, this double CD, attached with a very rich booklet in Hebrew and English, was released in 2014 by the Jewish<\/p>\n","protected":false},"author":1051,"featured_media":7560,"comment_status":"closed","ping_status":"closed","sticky":false,"template":"","format":"standard","meta":{"_acf_changed":false,"footnotes":""},"categories":[1570,1562],"tags":[],"technique":[],"squelettes":[],"sujet":[2104,2130],"formation":[],"genre":[1114],"fonds":[],"tradition":[],"type-de-contenu":[],"interprete-compositeur":[],"frise":[],"type-devenement":[],"tableaux-liens-externes":[],"class_list":["post-58861","post","type-post","status-publish","format-standard","has-post-thumbnail","hentry","category-cd-latest-acquisition-en","category-latest-acquisitions-en","sujet-balkans-en","sujet-turkey-en","genre-ladino"],"acf":[],"yoast_head":"<!-- This site is optimized with the Yoast SEO plugin v27.3 - https:\/\/yoast.com\/product\/yoast-seo-wordpress\/ -->\n<title>Judeo-Spanish Songs for the Life Cycle in the Eastern Mediterranean \/ Cantares Judeo-espanoles del Ciclo de la Vida en el Mediterraneo Oriental - Institut Europ\u00e9en des Musiques Juives<\/title>\n<meta name=\"robots\" content=\"index, follow, max-snippet:-1, max-image-preview:large, max-video-preview:-1\" \/>\n<link rel=\"canonical\" href=\"https:\/\/www.iemj.org\/en\/judeo-spanish-songs-for-the-life-cycle-in-the-eastern-mediterranean-cantares-judeo-espanoles-del-ciclo-de-la-vida-en-el-mediterraneo-oriental\/\" \/>\n<meta property=\"og:locale\" content=\"en_US\" \/>\n<meta property=\"og:type\" content=\"article\" \/>\n<meta property=\"og:title\" content=\"Judeo-Spanish Songs for the Life Cycle in the Eastern Mediterranean \/ Cantares Judeo-espanoles del Ciclo de la Vida en el Mediterraneo Oriental - Institut Europ\u00e9en des Musiques Juives\" \/>\n<meta property=\"og:description\" content=\"24th volume from the Anthology of Music Traditions in Israel, this double CD, attached with a very rich booklet in Hebrew and English, was released in 2014 by the Jewish\" \/>\n<meta property=\"og:url\" content=\"https:\/\/www.iemj.org\/en\/judeo-spanish-songs-for-the-life-cycle-in-the-eastern-mediterranean-cantares-judeo-espanoles-del-ciclo-de-la-vida-en-el-mediterraneo-oriental\/\" \/>\n<meta property=\"og:site_name\" content=\"Institut Europ\u00e9en des Musiques Juives\" \/>\n<meta property=\"article:publisher\" content=\"https:\/\/www.facebook.com\/MusiquesJuives\/\" \/>\n<meta property=\"article:published_time\" content=\"2015-07-13T07:51:34+00:00\" \/>\n<meta property=\"article:modified_time\" content=\"2025-10-21T14:46:20+00:00\" \/>\n<meta property=\"og:image\" content=\"https:\/\/www.iemj.org\/wp-content\/uploads\/2015\/07\/arton1036-e1619535568800.jpg\" \/>\n\t<meta property=\"og:image:width\" content=\"887\" \/>\n\t<meta property=\"og:image:height\" content=\"783\" \/>\n\t<meta property=\"og:image:type\" content=\"image\/jpeg\" \/>\n<meta name=\"author\" content=\"Eleonore Biezunski\" \/>\n<meta name=\"twitter:card\" content=\"summary_large_image\" \/>\n<meta name=\"twitter:label1\" content=\"Written by\" \/>\n\t<meta name=\"twitter:data1\" content=\"Eleonore Biezunski\" \/>\n\t<meta name=\"twitter:label2\" content=\"Est. reading time\" \/>\n\t<meta name=\"twitter:data2\" content=\"2 minutes\" \/>\n<script type=\"application\/ld+json\" class=\"yoast-schema-graph\">{\"@context\":\"https:\\\/\\\/schema.org\",\"@graph\":[{\"@type\":\"Article\",\"@id\":\"https:\\\/\\\/www.iemj.org\\\/en\\\/judeo-spanish-songs-for-the-life-cycle-in-the-eastern-mediterranean-cantares-judeo-espanoles-del-ciclo-de-la-vida-en-el-mediterraneo-oriental\\\/#article\",\"isPartOf\":{\"@id\":\"https:\\\/\\\/www.iemj.org\\\/en\\\/judeo-spanish-songs-for-the-life-cycle-in-the-eastern-mediterranean-cantares-judeo-espanoles-del-ciclo-de-la-vida-en-el-mediterraneo-oriental\\\/\"},\"author\":{\"name\":\"Eleonore Biezunski\",\"@id\":\"https:\\\/\\\/www.iemj.org\\\/en\\\/#\\\/schema\\\/person\\\/b642ef6ac700534beb3a478a1044fc58\"},\"headline\":\"Judeo-Spanish Songs for the Life Cycle in the Eastern Mediterranean \\\/ Cantares Judeo-espanoles del Ciclo de la Vida en el Mediterraneo Oriental\",\"datePublished\":\"2015-07-13T07:51:34+00:00\",\"dateModified\":\"2025-10-21T14:46:20+00:00\",\"mainEntityOfPage\":{\"@id\":\"https:\\\/\\\/www.iemj.org\\\/en\\\/judeo-spanish-songs-for-the-life-cycle-in-the-eastern-mediterranean-cantares-judeo-espanoles-del-ciclo-de-la-vida-en-el-mediterraneo-oriental\\\/\"},\"wordCount\":175,\"publisher\":{\"@id\":\"https:\\\/\\\/www.iemj.org\\\/en\\\/#organization\"},\"image\":{\"@id\":\"https:\\\/\\\/www.iemj.org\\\/en\\\/judeo-spanish-songs-for-the-life-cycle-in-the-eastern-mediterranean-cantares-judeo-espanoles-del-ciclo-de-la-vida-en-el-mediterraneo-oriental\\\/#primaryimage\"},\"thumbnailUrl\":\"https:\\\/\\\/www.iemj.org\\\/wp-content\\\/uploads\\\/2015\\\/07\\\/arton1036-e1619535568800.jpg\",\"articleSection\":[\"CD\",\"Latest Acquisitions\"],\"inLanguage\":\"en-US\"},{\"@type\":\"WebPage\",\"@id\":\"https:\\\/\\\/www.iemj.org\\\/en\\\/judeo-spanish-songs-for-the-life-cycle-in-the-eastern-mediterranean-cantares-judeo-espanoles-del-ciclo-de-la-vida-en-el-mediterraneo-oriental\\\/\",\"url\":\"https:\\\/\\\/www.iemj.org\\\/en\\\/judeo-spanish-songs-for-the-life-cycle-in-the-eastern-mediterranean-cantares-judeo-espanoles-del-ciclo-de-la-vida-en-el-mediterraneo-oriental\\\/\",\"name\":\"Judeo-Spanish Songs for the Life Cycle in the Eastern Mediterranean \\\/ Cantares Judeo-espanoles del Ciclo de la Vida en el Mediterraneo Oriental - Institut Europ\u00e9en des Musiques Juives\",\"isPartOf\":{\"@id\":\"https:\\\/\\\/www.iemj.org\\\/en\\\/#website\"},\"primaryImageOfPage\":{\"@id\":\"https:\\\/\\\/www.iemj.org\\\/en\\\/judeo-spanish-songs-for-the-life-cycle-in-the-eastern-mediterranean-cantares-judeo-espanoles-del-ciclo-de-la-vida-en-el-mediterraneo-oriental\\\/#primaryimage\"},\"image\":{\"@id\":\"https:\\\/\\\/www.iemj.org\\\/en\\\/judeo-spanish-songs-for-the-life-cycle-in-the-eastern-mediterranean-cantares-judeo-espanoles-del-ciclo-de-la-vida-en-el-mediterraneo-oriental\\\/#primaryimage\"},\"thumbnailUrl\":\"https:\\\/\\\/www.iemj.org\\\/wp-content\\\/uploads\\\/2015\\\/07\\\/arton1036-e1619535568800.jpg\",\"datePublished\":\"2015-07-13T07:51:34+00:00\",\"dateModified\":\"2025-10-21T14:46:20+00:00\",\"breadcrumb\":{\"@id\":\"https:\\\/\\\/www.iemj.org\\\/en\\\/judeo-spanish-songs-for-the-life-cycle-in-the-eastern-mediterranean-cantares-judeo-espanoles-del-ciclo-de-la-vida-en-el-mediterraneo-oriental\\\/#breadcrumb\"},\"inLanguage\":\"en-US\",\"potentialAction\":[{\"@type\":\"ReadAction\",\"target\":[\"https:\\\/\\\/www.iemj.org\\\/en\\\/judeo-spanish-songs-for-the-life-cycle-in-the-eastern-mediterranean-cantares-judeo-espanoles-del-ciclo-de-la-vida-en-el-mediterraneo-oriental\\\/\"]}]},{\"@type\":\"ImageObject\",\"inLanguage\":\"en-US\",\"@id\":\"https:\\\/\\\/www.iemj.org\\\/en\\\/judeo-spanish-songs-for-the-life-cycle-in-the-eastern-mediterranean-cantares-judeo-espanoles-del-ciclo-de-la-vida-en-el-mediterraneo-oriental\\\/#primaryimage\",\"url\":\"https:\\\/\\\/www.iemj.org\\\/wp-content\\\/uploads\\\/2015\\\/07\\\/arton1036-e1619535568800.jpg\",\"contentUrl\":\"https:\\\/\\\/www.iemj.org\\\/wp-content\\\/uploads\\\/2015\\\/07\\\/arton1036-e1619535568800.jpg\",\"width\":887,\"height\":783},{\"@type\":\"BreadcrumbList\",\"@id\":\"https:\\\/\\\/www.iemj.org\\\/en\\\/judeo-spanish-songs-for-the-life-cycle-in-the-eastern-mediterranean-cantares-judeo-espanoles-del-ciclo-de-la-vida-en-el-mediterraneo-oriental\\\/#breadcrumb\",\"itemListElement\":[{\"@type\":\"ListItem\",\"position\":1,\"name\":\"Accueil\",\"item\":\"https:\\\/\\\/www.iemj.org\\\/en\\\/\"},{\"@type\":\"ListItem\",\"position\":2,\"name\":\"Judeo-Spanish Songs for the Life Cycle in the Eastern Mediterranean \\\/ Cantares Judeo-espanoles del Ciclo de la Vida en el Mediterraneo Oriental\"}]},{\"@type\":\"WebSite\",\"@id\":\"https:\\\/\\\/www.iemj.org\\\/en\\\/#website\",\"url\":\"https:\\\/\\\/www.iemj.org\\\/en\\\/\",\"name\":\"Institut Europ\u00e9en des Musiques Juives\",\"description\":\"Des traditions musicales \u00e0 la port\u00e9e de tous\",\"publisher\":{\"@id\":\"https:\\\/\\\/www.iemj.org\\\/en\\\/#organization\"},\"potentialAction\":[{\"@type\":\"SearchAction\",\"target\":{\"@type\":\"EntryPoint\",\"urlTemplate\":\"https:\\\/\\\/www.iemj.org\\\/en\\\/?s={search_term_string}\"},\"query-input\":{\"@type\":\"PropertyValueSpecification\",\"valueRequired\":true,\"valueName\":\"search_term_string\"}}],\"inLanguage\":\"en-US\"},{\"@type\":\"Organization\",\"@id\":\"https:\\\/\\\/www.iemj.org\\\/en\\\/#organization\",\"name\":\"Institut Europ\u00e9en des Musiques Juives\",\"url\":\"https:\\\/\\\/www.iemj.org\\\/en\\\/\",\"logo\":{\"@type\":\"ImageObject\",\"inLanguage\":\"en-US\",\"@id\":\"https:\\\/\\\/www.iemj.org\\\/en\\\/#\\\/schema\\\/logo\\\/image\\\/\",\"url\":\"https:\\\/\\\/www.iemj.org\\\/wp-content\\\/uploads\\\/2021\\\/09\\\/Logo-IEMJ-Paypal.jpg\",\"contentUrl\":\"https:\\\/\\\/www.iemj.org\\\/wp-content\\\/uploads\\\/2021\\\/09\\\/Logo-IEMJ-Paypal.jpg\",\"width\":150,\"height\":50,\"caption\":\"Institut Europ\u00e9en des Musiques Juives\"},\"image\":{\"@id\":\"https:\\\/\\\/www.iemj.org\\\/en\\\/#\\\/schema\\\/logo\\\/image\\\/\"},\"sameAs\":[\"https:\\\/\\\/www.facebook.com\\\/MusiquesJuives\\\/\",\"https:\\\/\\\/www.instagram.com\\\/musiquesjuives\\\/\",\"https:\\\/\\\/www.youtube.com\\\/user\\\/musiquesjuives\"]},{\"@type\":\"Person\",\"@id\":\"https:\\\/\\\/www.iemj.org\\\/en\\\/#\\\/schema\\\/person\\\/b642ef6ac700534beb3a478a1044fc58\",\"name\":\"Eleonore Biezunski\",\"image\":{\"@type\":\"ImageObject\",\"inLanguage\":\"en-US\",\"@id\":\"https:\\\/\\\/secure.gravatar.com\\\/avatar\\\/23ebe6af626286145e05768bed85e683b6fb680909f71fae7052aa52346a660a?s=96&d=mm&r=g\",\"url\":\"https:\\\/\\\/secure.gravatar.com\\\/avatar\\\/23ebe6af626286145e05768bed85e683b6fb680909f71fae7052aa52346a660a?s=96&d=mm&r=g\",\"contentUrl\":\"https:\\\/\\\/secure.gravatar.com\\\/avatar\\\/23ebe6af626286145e05768bed85e683b6fb680909f71fae7052aa52346a660a?s=96&d=mm&r=g\",\"caption\":\"Eleonore Biezunski\"}}]}<\/script>\n<!-- \/ Yoast SEO plugin. -->","yoast_head_json":{"title":"Judeo-Spanish Songs for the Life Cycle in the Eastern Mediterranean \/ Cantares Judeo-espanoles del Ciclo de la Vida en el Mediterraneo Oriental - Institut Europ\u00e9en des Musiques Juives","robots":{"index":"index","follow":"follow","max-snippet":"max-snippet:-1","max-image-preview":"max-image-preview:large","max-video-preview":"max-video-preview:-1"},"canonical":"https:\/\/www.iemj.org\/en\/judeo-spanish-songs-for-the-life-cycle-in-the-eastern-mediterranean-cantares-judeo-espanoles-del-ciclo-de-la-vida-en-el-mediterraneo-oriental\/","og_locale":"en_US","og_type":"article","og_title":"Judeo-Spanish Songs for the Life Cycle in the Eastern Mediterranean \/ Cantares Judeo-espanoles del Ciclo de la Vida en el Mediterraneo Oriental - Institut Europ\u00e9en des Musiques Juives","og_description":"24th volume from the Anthology of Music Traditions in Israel, this double CD, attached with a very rich booklet in Hebrew and English, was released in 2014 by the Jewish","og_url":"https:\/\/www.iemj.org\/en\/judeo-spanish-songs-for-the-life-cycle-in-the-eastern-mediterranean-cantares-judeo-espanoles-del-ciclo-de-la-vida-en-el-mediterraneo-oriental\/","og_site_name":"Institut Europ\u00e9en des Musiques Juives","article_publisher":"https:\/\/www.facebook.com\/MusiquesJuives\/","article_published_time":"2015-07-13T07:51:34+00:00","article_modified_time":"2025-10-21T14:46:20+00:00","og_image":[{"width":887,"height":783,"url":"https:\/\/www.iemj.org\/wp-content\/uploads\/2015\/07\/arton1036-e1619535568800.jpg","type":"image\/jpeg"}],"author":"Eleonore Biezunski","twitter_card":"summary_large_image","twitter_misc":{"Written by":"Eleonore Biezunski","Est. reading time":"2 minutes"},"schema":{"@context":"https:\/\/schema.org","@graph":[{"@type":"Article","@id":"https:\/\/www.iemj.org\/en\/judeo-spanish-songs-for-the-life-cycle-in-the-eastern-mediterranean-cantares-judeo-espanoles-del-ciclo-de-la-vida-en-el-mediterraneo-oriental\/#article","isPartOf":{"@id":"https:\/\/www.iemj.org\/en\/judeo-spanish-songs-for-the-life-cycle-in-the-eastern-mediterranean-cantares-judeo-espanoles-del-ciclo-de-la-vida-en-el-mediterraneo-oriental\/"},"author":{"name":"Eleonore Biezunski","@id":"https:\/\/www.iemj.org\/en\/#\/schema\/person\/b642ef6ac700534beb3a478a1044fc58"},"headline":"Judeo-Spanish Songs for the Life Cycle in the Eastern Mediterranean \/ Cantares Judeo-espanoles del Ciclo de la Vida en el Mediterraneo Oriental","datePublished":"2015-07-13T07:51:34+00:00","dateModified":"2025-10-21T14:46:20+00:00","mainEntityOfPage":{"@id":"https:\/\/www.iemj.org\/en\/judeo-spanish-songs-for-the-life-cycle-in-the-eastern-mediterranean-cantares-judeo-espanoles-del-ciclo-de-la-vida-en-el-mediterraneo-oriental\/"},"wordCount":175,"publisher":{"@id":"https:\/\/www.iemj.org\/en\/#organization"},"image":{"@id":"https:\/\/www.iemj.org\/en\/judeo-spanish-songs-for-the-life-cycle-in-the-eastern-mediterranean-cantares-judeo-espanoles-del-ciclo-de-la-vida-en-el-mediterraneo-oriental\/#primaryimage"},"thumbnailUrl":"https:\/\/www.iemj.org\/wp-content\/uploads\/2015\/07\/arton1036-e1619535568800.jpg","articleSection":["CD","Latest Acquisitions"],"inLanguage":"en-US"},{"@type":"WebPage","@id":"https:\/\/www.iemj.org\/en\/judeo-spanish-songs-for-the-life-cycle-in-the-eastern-mediterranean-cantares-judeo-espanoles-del-ciclo-de-la-vida-en-el-mediterraneo-oriental\/","url":"https:\/\/www.iemj.org\/en\/judeo-spanish-songs-for-the-life-cycle-in-the-eastern-mediterranean-cantares-judeo-espanoles-del-ciclo-de-la-vida-en-el-mediterraneo-oriental\/","name":"Judeo-Spanish Songs for the Life Cycle in the Eastern Mediterranean \/ Cantares Judeo-espanoles del Ciclo de la Vida en el Mediterraneo Oriental - Institut Europ\u00e9en des Musiques Juives","isPartOf":{"@id":"https:\/\/www.iemj.org\/en\/#website"},"primaryImageOfPage":{"@id":"https:\/\/www.iemj.org\/en\/judeo-spanish-songs-for-the-life-cycle-in-the-eastern-mediterranean-cantares-judeo-espanoles-del-ciclo-de-la-vida-en-el-mediterraneo-oriental\/#primaryimage"},"image":{"@id":"https:\/\/www.iemj.org\/en\/judeo-spanish-songs-for-the-life-cycle-in-the-eastern-mediterranean-cantares-judeo-espanoles-del-ciclo-de-la-vida-en-el-mediterraneo-oriental\/#primaryimage"},"thumbnailUrl":"https:\/\/www.iemj.org\/wp-content\/uploads\/2015\/07\/arton1036-e1619535568800.jpg","datePublished":"2015-07-13T07:51:34+00:00","dateModified":"2025-10-21T14:46:20+00:00","breadcrumb":{"@id":"https:\/\/www.iemj.org\/en\/judeo-spanish-songs-for-the-life-cycle-in-the-eastern-mediterranean-cantares-judeo-espanoles-del-ciclo-de-la-vida-en-el-mediterraneo-oriental\/#breadcrumb"},"inLanguage":"en-US","potentialAction":[{"@type":"ReadAction","target":["https:\/\/www.iemj.org\/en\/judeo-spanish-songs-for-the-life-cycle-in-the-eastern-mediterranean-cantares-judeo-espanoles-del-ciclo-de-la-vida-en-el-mediterraneo-oriental\/"]}]},{"@type":"ImageObject","inLanguage":"en-US","@id":"https:\/\/www.iemj.org\/en\/judeo-spanish-songs-for-the-life-cycle-in-the-eastern-mediterranean-cantares-judeo-espanoles-del-ciclo-de-la-vida-en-el-mediterraneo-oriental\/#primaryimage","url":"https:\/\/www.iemj.org\/wp-content\/uploads\/2015\/07\/arton1036-e1619535568800.jpg","contentUrl":"https:\/\/www.iemj.org\/wp-content\/uploads\/2015\/07\/arton1036-e1619535568800.jpg","width":887,"height":783},{"@type":"BreadcrumbList","@id":"https:\/\/www.iemj.org\/en\/judeo-spanish-songs-for-the-life-cycle-in-the-eastern-mediterranean-cantares-judeo-espanoles-del-ciclo-de-la-vida-en-el-mediterraneo-oriental\/#breadcrumb","itemListElement":[{"@type":"ListItem","position":1,"name":"Accueil","item":"https:\/\/www.iemj.org\/en\/"},{"@type":"ListItem","position":2,"name":"Judeo-Spanish Songs for the Life Cycle in the Eastern Mediterranean \/ Cantares Judeo-espanoles del Ciclo de la Vida en el Mediterraneo Oriental"}]},{"@type":"WebSite","@id":"https:\/\/www.iemj.org\/en\/#website","url":"https:\/\/www.iemj.org\/en\/","name":"Institut Europ\u00e9en des Musiques Juives","description":"Des traditions musicales \u00e0 la port\u00e9e de tous","publisher":{"@id":"https:\/\/www.iemj.org\/en\/#organization"},"potentialAction":[{"@type":"SearchAction","target":{"@type":"EntryPoint","urlTemplate":"https:\/\/www.iemj.org\/en\/?s={search_term_string}"},"query-input":{"@type":"PropertyValueSpecification","valueRequired":true,"valueName":"search_term_string"}}],"inLanguage":"en-US"},{"@type":"Organization","@id":"https:\/\/www.iemj.org\/en\/#organization","name":"Institut Europ\u00e9en des Musiques Juives","url":"https:\/\/www.iemj.org\/en\/","logo":{"@type":"ImageObject","inLanguage":"en-US","@id":"https:\/\/www.iemj.org\/en\/#\/schema\/logo\/image\/","url":"https:\/\/www.iemj.org\/wp-content\/uploads\/2021\/09\/Logo-IEMJ-Paypal.jpg","contentUrl":"https:\/\/www.iemj.org\/wp-content\/uploads\/2021\/09\/Logo-IEMJ-Paypal.jpg","width":150,"height":50,"caption":"Institut Europ\u00e9en des Musiques Juives"},"image":{"@id":"https:\/\/www.iemj.org\/en\/#\/schema\/logo\/image\/"},"sameAs":["https:\/\/www.facebook.com\/MusiquesJuives\/","https:\/\/www.instagram.com\/musiquesjuives\/","https:\/\/www.youtube.com\/user\/musiquesjuives"]},{"@type":"Person","@id":"https:\/\/www.iemj.org\/en\/#\/schema\/person\/b642ef6ac700534beb3a478a1044fc58","name":"Eleonore Biezunski","image":{"@type":"ImageObject","inLanguage":"en-US","@id":"https:\/\/secure.gravatar.com\/avatar\/23ebe6af626286145e05768bed85e683b6fb680909f71fae7052aa52346a660a?s=96&d=mm&r=g","url":"https:\/\/secure.gravatar.com\/avatar\/23ebe6af626286145e05768bed85e683b6fb680909f71fae7052aa52346a660a?s=96&d=mm&r=g","contentUrl":"https:\/\/secure.gravatar.com\/avatar\/23ebe6af626286145e05768bed85e683b6fb680909f71fae7052aa52346a660a?s=96&d=mm&r=g","caption":"Eleonore Biezunski"}}]}},"_links":{"self":[{"href":"https:\/\/www.iemj.org\/en\/wp-json\/wp\/v2\/posts\/58861","targetHints":{"allow":["GET"]}}],"collection":[{"href":"https:\/\/www.iemj.org\/en\/wp-json\/wp\/v2\/posts"}],"about":[{"href":"https:\/\/www.iemj.org\/en\/wp-json\/wp\/v2\/types\/post"}],"author":[{"embeddable":true,"href":"https:\/\/www.iemj.org\/en\/wp-json\/wp\/v2\/users\/1051"}],"replies":[{"embeddable":true,"href":"https:\/\/www.iemj.org\/en\/wp-json\/wp\/v2\/comments?post=58861"}],"version-history":[{"count":1,"href":"https:\/\/www.iemj.org\/en\/wp-json\/wp\/v2\/posts\/58861\/revisions"}],"predecessor-version":[{"id":127596,"href":"https:\/\/www.iemj.org\/en\/wp-json\/wp\/v2\/posts\/58861\/revisions\/127596"}],"wp:featuredmedia":[{"embeddable":true,"href":"https:\/\/www.iemj.org\/en\/wp-json\/wp\/v2\/media\/7560"}],"wp:attachment":[{"href":"https:\/\/www.iemj.org\/en\/wp-json\/wp\/v2\/media?parent=58861"}],"wp:term":[{"taxonomy":"category","embeddable":true,"href":"https:\/\/www.iemj.org\/en\/wp-json\/wp\/v2\/categories?post=58861"},{"taxonomy":"post_tag","embeddable":true,"href":"https:\/\/www.iemj.org\/en\/wp-json\/wp\/v2\/tags?post=58861"},{"taxonomy":"technique","embeddable":true,"href":"https:\/\/www.iemj.org\/en\/wp-json\/wp\/v2\/technique?post=58861"},{"taxonomy":"squelettes","embeddable":true,"href":"https:\/\/www.iemj.org\/en\/wp-json\/wp\/v2\/squelettes?post=58861"},{"taxonomy":"sujet","embeddable":true,"href":"https:\/\/www.iemj.org\/en\/wp-json\/wp\/v2\/sujet?post=58861"},{"taxonomy":"formation","embeddable":true,"href":"https:\/\/www.iemj.org\/en\/wp-json\/wp\/v2\/formation?post=58861"},{"taxonomy":"genre","embeddable":true,"href":"https:\/\/www.iemj.org\/en\/wp-json\/wp\/v2\/genre?post=58861"},{"taxonomy":"fonds","embeddable":true,"href":"https:\/\/www.iemj.org\/en\/wp-json\/wp\/v2\/fonds?post=58861"},{"taxonomy":"tradition","embeddable":true,"href":"https:\/\/www.iemj.org\/en\/wp-json\/wp\/v2\/tradition?post=58861"},{"taxonomy":"type-de-contenu","embeddable":true,"href":"https:\/\/www.iemj.org\/en\/wp-json\/wp\/v2\/type-de-contenu?post=58861"},{"taxonomy":"interprete-compositeur","embeddable":true,"href":"https:\/\/www.iemj.org\/en\/wp-json\/wp\/v2\/interprete-compositeur?post=58861"},{"taxonomy":"frise","embeddable":true,"href":"https:\/\/www.iemj.org\/en\/wp-json\/wp\/v2\/frise?post=58861"},{"taxonomy":"type-devenement","embeddable":true,"href":"https:\/\/www.iemj.org\/en\/wp-json\/wp\/v2\/type-devenement?post=58861"},{"taxonomy":"tableaux-liens-externes","embeddable":true,"href":"https:\/\/www.iemj.org\/en\/wp-json\/wp\/v2\/tableaux-liens-externes?post=58861"}],"curies":[{"name":"wp","href":"https:\/\/api.w.org\/{rel}","templated":true}]}}