{"id":59265,"date":"2012-03-18T16:32:00","date_gmt":"2012-03-18T15:32:00","guid":{"rendered":"https:\/\/www.iemj.org\/la-source-de-vie-esther-en-chansons\/"},"modified":"2026-02-24T09:58:33","modified_gmt":"2026-02-24T08:58:33","slug":"la-source-de-vie-esther-en-chansons","status":"publish","type":"post","link":"https:\/\/www.iemj.org\/en\/la-source-de-vie-esther-en-chansons\/","title":{"rendered":"La source de vie : Esther in songs"},"content":{"rendered":"<p><strong>A TV program by <a href=\"https:\/\/en.wikipedia.org\/wiki\/Josy_Eisenberg\" target=\"_blank\" rel=\"noopener\">Josy Eisenberg<\/a>, directed by Pascale Kenigsberg-Cahen, with the participation of the Od Yossef Ha\u00ef Foundation. Featuring the oratorio <em>Ester<\/em> by Giuseppe Lidarti, the mosty important work of 18th century Jewish art music. With <\/strong><strong style=\"font-size: inherit;\">Herv\u00e9 Roten, ethnomusicologist and director of the European Institute of Jewish Music.<\/strong><\/p>\n<p><!--more-->The biblical story of queen Esther who saved the Jews of Persia from extermination inspired many artists. In particular, it gave birth to an oratorio named &#8220;Ester&#8221;, which is today the most important Jewish art music work written in the 18th century by the Italian composer <a href=\"https:\/\/www.iemj.org\/en\/lidarti-cristiano-giuseppe-1730-apres-1793\/\" target=\"_blank\" rel=\"noopener\">Giuseppe Lidarti (1730-after 1793)<\/a>.<\/p>\n<p><a href=\"https:\/\/www.iemj.org\/en\/musiques-juives-baroques-venise-mantoue-amsterdam-1623-1774-2\/\" target=\"_blank\" rel=\"noopener\">Learn more about our CD: Baroque Jewish Music \u2013 Venice, Mantua, Amsterdam (1623 \u2013 1774)<\/a><br \/><a href=\"https:\/\/www.iemj.org\/en\/?s=%22La+source+de+vie%22&amp;search_type=main&amp;submit=Search\" target=\"_blank\" rel=\"noopener\">Watch other videos of La source de vie<\/a><\/p>\n<p><a href=\"https:\/\/www.iemj.org\/en\/pourim\/\" target=\"_blank\" rel=\"noopener\">Listen to the Purim playlist &#8211; 1st part<\/a><a href=\"https:\/\/www.iemj.org\/en\/pourim-2eme-partie\/\"><br \/><\/a><a href=\"https:\/\/www.iemj.org\/en\/pourim-2eme-partie\/\" target=\"_blank\" rel=\"noopener\">Listen to the Purim playlist &#8211; 2nd part<\/a><\/p>\n\n\n<figure class=\"wp-block-video\"><video height=\"480\" style=\"aspect-ratio: 640 \/ 480;\" width=\"640\" controls poster=\"https:\/\/www.iemj.org\/wp-content\/uploads\/2015\/02\/La-source-de-vie.jpg\" src=\"https:\/\/www.iemj.org\/wp-content\/uploads\/2017\/01\/esther_en_chanson.mp4\"><\/video><figcaption class=\"wp-element-caption\"><strong>Watch excerpts from this show<\/strong><\/figcaption><\/figure>\n","protected":false},"excerpt":{"rendered":"<p>A TV program by Josy Eisenberg, directed by Pascale Kenigsberg-Cahen, with the participation of the Od Yossef Ha\u00ef Foundation. Featuring the oratorio Ester by Giuseppe Lidarti, the mosty important work<\/p>\n","protected":false},"author":1052,"featured_media":130854,"comment_status":"closed","ping_status":"closed","sticky":false,"template":"","format":"standard","meta":{"_acf_changed":false,"footnotes":""},"categories":[952],"tags":[],"technique":[],"squelettes":[],"sujet":[1805],"formation":[],"genre":[],"fonds":[],"tradition":[],"type-de-contenu":[],"interprete-compositeur":[],"frise":[],"type-devenement":[],"tableaux-liens-externes":[],"class_list":["post-59265","post","type-post","status-publish","format-standard","has-post-thumbnail","hentry","category-tv-programs-videos-en","sujet-purim-en"],"acf":[],"yoast_head":"<!-- This site is optimized with the Yoast SEO plugin v27.3 - https:\/\/yoast.com\/product\/yoast-seo-wordpress\/ -->\n<title>La source de vie : Esther in songs - Institut Europ\u00e9en des Musiques Juives<\/title>\n<meta name=\"robots\" content=\"index, follow, max-snippet:-1, max-image-preview:large, max-video-preview:-1\" \/>\n<link rel=\"canonical\" href=\"https:\/\/www.iemj.org\/en\/la-source-de-vie-esther-en-chansons\/\" \/>\n<meta property=\"og:locale\" content=\"en_US\" \/>\n<meta property=\"og:type\" content=\"article\" \/>\n<meta property=\"og:title\" content=\"La source de vie : Esther in songs - Institut Europ\u00e9en des Musiques Juives\" \/>\n<meta property=\"og:description\" content=\"A TV program by Josy Eisenberg, directed by Pascale Kenigsberg-Cahen, with the participation of the Od Yossef Ha\u00ef Foundation. Featuring the oratorio Ester by Giuseppe Lidarti, the mosty important work\" \/>\n<meta property=\"og:url\" content=\"https:\/\/www.iemj.org\/en\/la-source-de-vie-esther-en-chansons\/\" \/>\n<meta property=\"og:site_name\" content=\"Institut Europ\u00e9en des Musiques Juives\" \/>\n<meta property=\"article:publisher\" content=\"https:\/\/www.facebook.com\/MusiquesJuives\/\" \/>\n<meta property=\"article:published_time\" content=\"2012-03-18T15:32:00+00:00\" \/>\n<meta property=\"article:modified_time\" content=\"2026-02-24T08:58:33+00:00\" \/>\n<meta property=\"og:image\" content=\"https:\/\/www.iemj.org\/wp-content\/uploads\/2012\/03\/Logo-La-source-de-vie.jpg\" \/>\n\t<meta property=\"og:image:width\" content=\"500\" \/>\n\t<meta property=\"og:image:height\" content=\"500\" \/>\n\t<meta property=\"og:image:type\" content=\"image\/jpeg\" \/>\n<meta name=\"author\" content=\"Lea Couderc\" \/>\n<meta name=\"twitter:card\" content=\"summary_large_image\" \/>\n<meta name=\"twitter:label1\" content=\"Written by\" \/>\n\t<meta name=\"twitter:data1\" content=\"Lea Couderc\" \/>\n\t<meta name=\"twitter:label2\" content=\"Est. reading time\" \/>\n\t<meta name=\"twitter:data2\" content=\"1 minute\" \/>\n<script type=\"application\/ld+json\" class=\"yoast-schema-graph\">{\"@context\":\"https:\\\/\\\/schema.org\",\"@graph\":[{\"@type\":\"Article\",\"@id\":\"https:\\\/\\\/www.iemj.org\\\/en\\\/la-source-de-vie-esther-en-chansons\\\/#article\",\"isPartOf\":{\"@id\":\"https:\\\/\\\/www.iemj.org\\\/en\\\/la-source-de-vie-esther-en-chansons\\\/\"},\"author\":{\"name\":\"Lea Couderc\",\"@id\":\"https:\\\/\\\/www.iemj.org\\\/en\\\/#\\\/schema\\\/person\\\/e2ad57f2c4be119c7ed8ab79036807a9\"},\"headline\":\"La source de vie : Esther in songs\",\"datePublished\":\"2012-03-18T15:32:00+00:00\",\"dateModified\":\"2026-02-24T08:58:33+00:00\",\"mainEntityOfPage\":{\"@id\":\"https:\\\/\\\/www.iemj.org\\\/en\\\/la-source-de-vie-esther-en-chansons\\\/\"},\"wordCount\":145,\"publisher\":{\"@id\":\"https:\\\/\\\/www.iemj.org\\\/en\\\/#organization\"},\"image\":{\"@id\":\"https:\\\/\\\/www.iemj.org\\\/en\\\/la-source-de-vie-esther-en-chansons\\\/#primaryimage\"},\"thumbnailUrl\":\"https:\\\/\\\/www.iemj.org\\\/wp-content\\\/uploads\\\/2012\\\/03\\\/Logo-La-source-de-vie.jpg\",\"articleSection\":[\"TV programs \\\/ Videos\"],\"inLanguage\":\"en-US\"},{\"@type\":\"WebPage\",\"@id\":\"https:\\\/\\\/www.iemj.org\\\/en\\\/la-source-de-vie-esther-en-chansons\\\/\",\"url\":\"https:\\\/\\\/www.iemj.org\\\/en\\\/la-source-de-vie-esther-en-chansons\\\/\",\"name\":\"La source de vie : Esther in songs - Institut Europ\u00e9en des Musiques Juives\",\"isPartOf\":{\"@id\":\"https:\\\/\\\/www.iemj.org\\\/en\\\/#website\"},\"primaryImageOfPage\":{\"@id\":\"https:\\\/\\\/www.iemj.org\\\/en\\\/la-source-de-vie-esther-en-chansons\\\/#primaryimage\"},\"image\":{\"@id\":\"https:\\\/\\\/www.iemj.org\\\/en\\\/la-source-de-vie-esther-en-chansons\\\/#primaryimage\"},\"thumbnailUrl\":\"https:\\\/\\\/www.iemj.org\\\/wp-content\\\/uploads\\\/2012\\\/03\\\/Logo-La-source-de-vie.jpg\",\"datePublished\":\"2012-03-18T15:32:00+00:00\",\"dateModified\":\"2026-02-24T08:58:33+00:00\",\"breadcrumb\":{\"@id\":\"https:\\\/\\\/www.iemj.org\\\/en\\\/la-source-de-vie-esther-en-chansons\\\/#breadcrumb\"},\"inLanguage\":\"en-US\",\"potentialAction\":[{\"@type\":\"ReadAction\",\"target\":[\"https:\\\/\\\/www.iemj.org\\\/en\\\/la-source-de-vie-esther-en-chansons\\\/\"]}]},{\"@type\":\"ImageObject\",\"inLanguage\":\"en-US\",\"@id\":\"https:\\\/\\\/www.iemj.org\\\/en\\\/la-source-de-vie-esther-en-chansons\\\/#primaryimage\",\"url\":\"https:\\\/\\\/www.iemj.org\\\/wp-content\\\/uploads\\\/2012\\\/03\\\/Logo-La-source-de-vie.jpg\",\"contentUrl\":\"https:\\\/\\\/www.iemj.org\\\/wp-content\\\/uploads\\\/2012\\\/03\\\/Logo-La-source-de-vie.jpg\",\"width\":500,\"height\":500},{\"@type\":\"BreadcrumbList\",\"@id\":\"https:\\\/\\\/www.iemj.org\\\/en\\\/la-source-de-vie-esther-en-chansons\\\/#breadcrumb\",\"itemListElement\":[{\"@type\":\"ListItem\",\"position\":1,\"name\":\"Accueil\",\"item\":\"https:\\\/\\\/www.iemj.org\\\/en\\\/\"},{\"@type\":\"ListItem\",\"position\":2,\"name\":\"La source de vie : Esther in songs\"}]},{\"@type\":\"WebSite\",\"@id\":\"https:\\\/\\\/www.iemj.org\\\/en\\\/#website\",\"url\":\"https:\\\/\\\/www.iemj.org\\\/en\\\/\",\"name\":\"Institut Europ\u00e9en des Musiques Juives\",\"description\":\"Des traditions musicales \u00e0 la port\u00e9e de tous\",\"publisher\":{\"@id\":\"https:\\\/\\\/www.iemj.org\\\/en\\\/#organization\"},\"potentialAction\":[{\"@type\":\"SearchAction\",\"target\":{\"@type\":\"EntryPoint\",\"urlTemplate\":\"https:\\\/\\\/www.iemj.org\\\/en\\\/?s={search_term_string}\"},\"query-input\":{\"@type\":\"PropertyValueSpecification\",\"valueRequired\":true,\"valueName\":\"search_term_string\"}}],\"inLanguage\":\"en-US\"},{\"@type\":\"Organization\",\"@id\":\"https:\\\/\\\/www.iemj.org\\\/en\\\/#organization\",\"name\":\"Institut Europ\u00e9en des Musiques Juives\",\"url\":\"https:\\\/\\\/www.iemj.org\\\/en\\\/\",\"logo\":{\"@type\":\"ImageObject\",\"inLanguage\":\"en-US\",\"@id\":\"https:\\\/\\\/www.iemj.org\\\/en\\\/#\\\/schema\\\/logo\\\/image\\\/\",\"url\":\"https:\\\/\\\/www.iemj.org\\\/wp-content\\\/uploads\\\/2021\\\/09\\\/Logo-IEMJ-Paypal.jpg\",\"contentUrl\":\"https:\\\/\\\/www.iemj.org\\\/wp-content\\\/uploads\\\/2021\\\/09\\\/Logo-IEMJ-Paypal.jpg\",\"width\":150,\"height\":50,\"caption\":\"Institut Europ\u00e9en des Musiques Juives\"},\"image\":{\"@id\":\"https:\\\/\\\/www.iemj.org\\\/en\\\/#\\\/schema\\\/logo\\\/image\\\/\"},\"sameAs\":[\"https:\\\/\\\/www.facebook.com\\\/MusiquesJuives\\\/\",\"https:\\\/\\\/www.instagram.com\\\/musiquesjuives\\\/\",\"https:\\\/\\\/www.youtube.com\\\/user\\\/musiquesjuives\"]},{\"@type\":\"Person\",\"@id\":\"https:\\\/\\\/www.iemj.org\\\/en\\\/#\\\/schema\\\/person\\\/e2ad57f2c4be119c7ed8ab79036807a9\",\"name\":\"Lea Couderc\",\"image\":{\"@type\":\"ImageObject\",\"inLanguage\":\"en-US\",\"@id\":\"https:\\\/\\\/secure.gravatar.com\\\/avatar\\\/46ee021475d60aeff17a7e490b79dea5a5684bb392ab7fd1494027411df8ba23?s=96&d=mm&r=g\",\"url\":\"https:\\\/\\\/secure.gravatar.com\\\/avatar\\\/46ee021475d60aeff17a7e490b79dea5a5684bb392ab7fd1494027411df8ba23?s=96&d=mm&r=g\",\"contentUrl\":\"https:\\\/\\\/secure.gravatar.com\\\/avatar\\\/46ee021475d60aeff17a7e490b79dea5a5684bb392ab7fd1494027411df8ba23?s=96&d=mm&r=g\",\"caption\":\"Lea Couderc\"}}]}<\/script>\n<!-- \/ Yoast SEO plugin. -->","yoast_head_json":{"title":"La source de vie : Esther in songs - Institut Europ\u00e9en des Musiques Juives","robots":{"index":"index","follow":"follow","max-snippet":"max-snippet:-1","max-image-preview":"max-image-preview:large","max-video-preview":"max-video-preview:-1"},"canonical":"https:\/\/www.iemj.org\/en\/la-source-de-vie-esther-en-chansons\/","og_locale":"en_US","og_type":"article","og_title":"La source de vie : Esther in songs - Institut Europ\u00e9en des Musiques Juives","og_description":"A TV program by Josy Eisenberg, directed by Pascale Kenigsberg-Cahen, with the participation of the Od Yossef Ha\u00ef Foundation. Featuring the oratorio Ester by Giuseppe Lidarti, the mosty important work","og_url":"https:\/\/www.iemj.org\/en\/la-source-de-vie-esther-en-chansons\/","og_site_name":"Institut Europ\u00e9en des Musiques Juives","article_publisher":"https:\/\/www.facebook.com\/MusiquesJuives\/","article_published_time":"2012-03-18T15:32:00+00:00","article_modified_time":"2026-02-24T08:58:33+00:00","og_image":[{"width":500,"height":500,"url":"https:\/\/www.iemj.org\/wp-content\/uploads\/2012\/03\/Logo-La-source-de-vie.jpg","type":"image\/jpeg"}],"author":"Lea Couderc","twitter_card":"summary_large_image","twitter_misc":{"Written by":"Lea Couderc","Est. reading time":"1 minute"},"schema":{"@context":"https:\/\/schema.org","@graph":[{"@type":"Article","@id":"https:\/\/www.iemj.org\/en\/la-source-de-vie-esther-en-chansons\/#article","isPartOf":{"@id":"https:\/\/www.iemj.org\/en\/la-source-de-vie-esther-en-chansons\/"},"author":{"name":"Lea Couderc","@id":"https:\/\/www.iemj.org\/en\/#\/schema\/person\/e2ad57f2c4be119c7ed8ab79036807a9"},"headline":"La source de vie : Esther in songs","datePublished":"2012-03-18T15:32:00+00:00","dateModified":"2026-02-24T08:58:33+00:00","mainEntityOfPage":{"@id":"https:\/\/www.iemj.org\/en\/la-source-de-vie-esther-en-chansons\/"},"wordCount":145,"publisher":{"@id":"https:\/\/www.iemj.org\/en\/#organization"},"image":{"@id":"https:\/\/www.iemj.org\/en\/la-source-de-vie-esther-en-chansons\/#primaryimage"},"thumbnailUrl":"https:\/\/www.iemj.org\/wp-content\/uploads\/2012\/03\/Logo-La-source-de-vie.jpg","articleSection":["TV programs \/ Videos"],"inLanguage":"en-US"},{"@type":"WebPage","@id":"https:\/\/www.iemj.org\/en\/la-source-de-vie-esther-en-chansons\/","url":"https:\/\/www.iemj.org\/en\/la-source-de-vie-esther-en-chansons\/","name":"La source de vie : Esther in songs - Institut Europ\u00e9en des Musiques Juives","isPartOf":{"@id":"https:\/\/www.iemj.org\/en\/#website"},"primaryImageOfPage":{"@id":"https:\/\/www.iemj.org\/en\/la-source-de-vie-esther-en-chansons\/#primaryimage"},"image":{"@id":"https:\/\/www.iemj.org\/en\/la-source-de-vie-esther-en-chansons\/#primaryimage"},"thumbnailUrl":"https:\/\/www.iemj.org\/wp-content\/uploads\/2012\/03\/Logo-La-source-de-vie.jpg","datePublished":"2012-03-18T15:32:00+00:00","dateModified":"2026-02-24T08:58:33+00:00","breadcrumb":{"@id":"https:\/\/www.iemj.org\/en\/la-source-de-vie-esther-en-chansons\/#breadcrumb"},"inLanguage":"en-US","potentialAction":[{"@type":"ReadAction","target":["https:\/\/www.iemj.org\/en\/la-source-de-vie-esther-en-chansons\/"]}]},{"@type":"ImageObject","inLanguage":"en-US","@id":"https:\/\/www.iemj.org\/en\/la-source-de-vie-esther-en-chansons\/#primaryimage","url":"https:\/\/www.iemj.org\/wp-content\/uploads\/2012\/03\/Logo-La-source-de-vie.jpg","contentUrl":"https:\/\/www.iemj.org\/wp-content\/uploads\/2012\/03\/Logo-La-source-de-vie.jpg","width":500,"height":500},{"@type":"BreadcrumbList","@id":"https:\/\/www.iemj.org\/en\/la-source-de-vie-esther-en-chansons\/#breadcrumb","itemListElement":[{"@type":"ListItem","position":1,"name":"Accueil","item":"https:\/\/www.iemj.org\/en\/"},{"@type":"ListItem","position":2,"name":"La source de vie : Esther in songs"}]},{"@type":"WebSite","@id":"https:\/\/www.iemj.org\/en\/#website","url":"https:\/\/www.iemj.org\/en\/","name":"Institut Europ\u00e9en des Musiques Juives","description":"Des traditions musicales \u00e0 la port\u00e9e de tous","publisher":{"@id":"https:\/\/www.iemj.org\/en\/#organization"},"potentialAction":[{"@type":"SearchAction","target":{"@type":"EntryPoint","urlTemplate":"https:\/\/www.iemj.org\/en\/?s={search_term_string}"},"query-input":{"@type":"PropertyValueSpecification","valueRequired":true,"valueName":"search_term_string"}}],"inLanguage":"en-US"},{"@type":"Organization","@id":"https:\/\/www.iemj.org\/en\/#organization","name":"Institut Europ\u00e9en des Musiques Juives","url":"https:\/\/www.iemj.org\/en\/","logo":{"@type":"ImageObject","inLanguage":"en-US","@id":"https:\/\/www.iemj.org\/en\/#\/schema\/logo\/image\/","url":"https:\/\/www.iemj.org\/wp-content\/uploads\/2021\/09\/Logo-IEMJ-Paypal.jpg","contentUrl":"https:\/\/www.iemj.org\/wp-content\/uploads\/2021\/09\/Logo-IEMJ-Paypal.jpg","width":150,"height":50,"caption":"Institut Europ\u00e9en des Musiques Juives"},"image":{"@id":"https:\/\/www.iemj.org\/en\/#\/schema\/logo\/image\/"},"sameAs":["https:\/\/www.facebook.com\/MusiquesJuives\/","https:\/\/www.instagram.com\/musiquesjuives\/","https:\/\/www.youtube.com\/user\/musiquesjuives"]},{"@type":"Person","@id":"https:\/\/www.iemj.org\/en\/#\/schema\/person\/e2ad57f2c4be119c7ed8ab79036807a9","name":"Lea Couderc","image":{"@type":"ImageObject","inLanguage":"en-US","@id":"https:\/\/secure.gravatar.com\/avatar\/46ee021475d60aeff17a7e490b79dea5a5684bb392ab7fd1494027411df8ba23?s=96&d=mm&r=g","url":"https:\/\/secure.gravatar.com\/avatar\/46ee021475d60aeff17a7e490b79dea5a5684bb392ab7fd1494027411df8ba23?s=96&d=mm&r=g","contentUrl":"https:\/\/secure.gravatar.com\/avatar\/46ee021475d60aeff17a7e490b79dea5a5684bb392ab7fd1494027411df8ba23?s=96&d=mm&r=g","caption":"Lea Couderc"}}]}},"_links":{"self":[{"href":"https:\/\/www.iemj.org\/en\/wp-json\/wp\/v2\/posts\/59265","targetHints":{"allow":["GET"]}}],"collection":[{"href":"https:\/\/www.iemj.org\/en\/wp-json\/wp\/v2\/posts"}],"about":[{"href":"https:\/\/www.iemj.org\/en\/wp-json\/wp\/v2\/types\/post"}],"author":[{"embeddable":true,"href":"https:\/\/www.iemj.org\/en\/wp-json\/wp\/v2\/users\/1052"}],"replies":[{"embeddable":true,"href":"https:\/\/www.iemj.org\/en\/wp-json\/wp\/v2\/comments?post=59265"}],"version-history":[{"count":1,"href":"https:\/\/www.iemj.org\/en\/wp-json\/wp\/v2\/posts\/59265\/revisions"}],"predecessor-version":[{"id":130859,"href":"https:\/\/www.iemj.org\/en\/wp-json\/wp\/v2\/posts\/59265\/revisions\/130859"}],"wp:featuredmedia":[{"embeddable":true,"href":"https:\/\/www.iemj.org\/en\/wp-json\/wp\/v2\/media\/130854"}],"wp:attachment":[{"href":"https:\/\/www.iemj.org\/en\/wp-json\/wp\/v2\/media?parent=59265"}],"wp:term":[{"taxonomy":"category","embeddable":true,"href":"https:\/\/www.iemj.org\/en\/wp-json\/wp\/v2\/categories?post=59265"},{"taxonomy":"post_tag","embeddable":true,"href":"https:\/\/www.iemj.org\/en\/wp-json\/wp\/v2\/tags?post=59265"},{"taxonomy":"technique","embeddable":true,"href":"https:\/\/www.iemj.org\/en\/wp-json\/wp\/v2\/technique?post=59265"},{"taxonomy":"squelettes","embeddable":true,"href":"https:\/\/www.iemj.org\/en\/wp-json\/wp\/v2\/squelettes?post=59265"},{"taxonomy":"sujet","embeddable":true,"href":"https:\/\/www.iemj.org\/en\/wp-json\/wp\/v2\/sujet?post=59265"},{"taxonomy":"formation","embeddable":true,"href":"https:\/\/www.iemj.org\/en\/wp-json\/wp\/v2\/formation?post=59265"},{"taxonomy":"genre","embeddable":true,"href":"https:\/\/www.iemj.org\/en\/wp-json\/wp\/v2\/genre?post=59265"},{"taxonomy":"fonds","embeddable":true,"href":"https:\/\/www.iemj.org\/en\/wp-json\/wp\/v2\/fonds?post=59265"},{"taxonomy":"tradition","embeddable":true,"href":"https:\/\/www.iemj.org\/en\/wp-json\/wp\/v2\/tradition?post=59265"},{"taxonomy":"type-de-contenu","embeddable":true,"href":"https:\/\/www.iemj.org\/en\/wp-json\/wp\/v2\/type-de-contenu?post=59265"},{"taxonomy":"interprete-compositeur","embeddable":true,"href":"https:\/\/www.iemj.org\/en\/wp-json\/wp\/v2\/interprete-compositeur?post=59265"},{"taxonomy":"frise","embeddable":true,"href":"https:\/\/www.iemj.org\/en\/wp-json\/wp\/v2\/frise?post=59265"},{"taxonomy":"type-devenement","embeddable":true,"href":"https:\/\/www.iemj.org\/en\/wp-json\/wp\/v2\/type-devenement?post=59265"},{"taxonomy":"tableaux-liens-externes","embeddable":true,"href":"https:\/\/www.iemj.org\/en\/wp-json\/wp\/v2\/tableaux-liens-externes?post=59265"}],"curies":[{"name":"wp","href":"https:\/\/api.w.org\/{rel}","templated":true}]}}