{"id":59495,"date":"2020-01-09T18:09:24","date_gmt":"2020-01-09T17:09:24","guid":{"rendered":"https:\/\/www.iemj.org\/le-nocturne-ville-davrayen-de-georges-enesco-1881-1955\/"},"modified":"2022-04-18T17:10:33","modified_gmt":"2022-04-18T15:10:33","slug":"le-nocturne-ville-davrayen-de-georges-enesco-1881-1955","status":"publish","type":"post","link":"https:\/\/www.iemj.org\/en\/le-nocturne-ville-davrayen-de-georges-enesco-1881-1955\/","title":{"rendered":"The \u201cNocturne Ville d\u2019Avrayen\u201d by George Enescu (1881-1955)"},"content":{"rendered":"<p>By Herv\u00e9 Roten,<\/p>\n<p><!--more--><\/p>\n<p>Romanian composer, but also virtuoso violonist, conductor, pianist and teacher, George Enescu was born on August 19th, 1881 in Liveni (Rumanian Moldova).<\/p>\n<p><img fetchpriority=\"high\" decoding=\"async\" class=\" alignright size-full wp-image-26561\" src=\"https:\/\/www.iemj.org\/wp-content\/uploads\/2020\/01\/enesco_250px_vertic.jpg\" alt=\"enesco_250px_vertic.jpg\" width=\"200\" height=\"250\" align=\"right\" \/><\/p>\n<p>A child prodigy, he enrolls in Vienna\u2019s music school at the age of 7. He studied composition and violin, and performed regularly in public since the age of 12. In 1895, he settled down in Paris to take music courses at the Paris music school : composition with Jules Massenet and Gabriel Faur\u00e9, counterpoint with Andr\u00e9 G\u00e9dalge, violin with Martin-Pierre Marsick.<\/p>\n<p>In Paris, he became friends with Alfred Cortot, Pablo Casals, Jacques Thibaud, Maurice Ravel, Jean Roger-Ducasse, Florent Schmitt, Paul Dukas and Fernand Halphen. In 1898, Enescu dedicated to Halphen his <em>Nocturne Ville d\u2019Avrayen<\/em> for piano and string trio. Two years later, Halphen dedicated to Enescu his <em>Sonata in ut # minor<\/em> for violin and piano, a sonata which was probably performed by Enescu himself for its creation.<\/p>\n<p>During the First World War, Enescu came back to Romania, where he wrote his <em>Second suite for orchestra<\/em> (1915) and his <em>Second symphonia<\/em> (1918), a <em>Trio<\/em> for violin, cello and piano and seven <em>Pi\u00e8ces impromptues<\/em> for piano. At the end of the war, he spent time between France and the United States where he regularly conducted the New-York Philharmonic orchestra. He also perfomed many recitals and concerts in France, where he was accompanied by Gabriel Faur\u00e9 and Richard Strauss. From 1928 on, he started teaching violin and interpretation in Paris, Siena, New-York and Cambridge. Among his pupils, we find Yehudi Menuhin, Christian Ferras, Dino Lipatti, Ivry Gitlis, Arthur Grumiaux, Michel Schwalb\u00e9\u2026<br \/>The second world war saw the return of Enescu in Bucarest. He blended in the musical life of the romanian capital city. Strong defender of contemporary music, he composed very modern works : the <em>Child\u2019s impressions<\/em> for violin and piano (1940), a <em>Quintet<\/em> for piano and strings (1940) and his second <em>Quartet<\/em> for piano (1944). When peace returned, Enescu performed as a conductor or violonist In Moscow with David O\u00efstrakh and Emil Gilels, in Bucarest with Yehudi Menuhin or on the piano with Ernst Wallfisch. The establishment of the communist regime led him to leave definitely. Refugee in Paris, and though he was sublect to financial and health issues, he stayed very active until his death during the night of 3rd and 4th May 1955.<\/p>\n<p><strong>The circumstances around the composition of the \u201cNocturne Ville d\u2019Avrayen\u201d<\/strong><br \/><img decoding=\"async\" class=\" alignright size-full wp-image-26563\" src=\"https:\/\/www.iemj.org\/wp-content\/uploads\/2020\/01\/capture_signature_enesco_redim.jpg\" alt=\"capture_signature_enesco_redim.jpg\" width=\"202\" height=\"350\" align=\"right\" srcset=\"https:\/\/www.iemj.org\/wp-content\/uploads\/2020\/01\/capture_signature_enesco_redim.jpg 202w, https:\/\/www.iemj.org\/wp-content\/uploads\/2020\/01\/capture_signature_enesco_redim-173x300.jpg 173w\" sizes=\"(max-width: 202px) 100vw, 202px\" \/>The 5th of July 1898, George Enescu, who was not yet 17 years old, was invited by Fernand Halphen in Ville d\u2019Avray, in his parents\u2019 house. Ironically for Israelites, the house of Georges and Alice Halphen was called \u00ab The monastery \u00bb ! Enescu, classmate of Halphen in the music school, spent a very agreable time and the two friends even continued this day until late at night. The moon was bright and gave inspiration to Enescu, who would compose a <em>Nocturne Ville d\u2019Avrayen<\/em> for piano, violin, viola and cello, which he would dedicate to Fernand Halphen, and to whom he would give the manuscript.<br \/>In 2005, Fernand Halphen\u2019s descendants donated the composer\u2019s musical archives to<br \/>the French Center for Jewish Music, today\u2019s European Institute of Jewish Music. Among the many documents, we find this manuscript that fell in oblivion. Some research on internet mention a draft of the musical score. Others mention that this score dates between 1931 and 1936, under the slightly different name <em>Nocturne Ville d\u2019Avray<\/em>. In 2012 a CD is released dedicated to the original works of George Enescu (<em>Georges Enescu, The Unknown Enescu<\/em>, Volume One, Music for violin) in which features the <em>Nocturne Ville d\u2019Avrayen<\/em>. This \u201cnocturne\u201d, found in a manuscripts kept at the Romanian Cultural Institute \u2013 George Enescu Museum, is described as \u00ab a touching memory of the strong relationship between Enescu and Menuhin \u00bb between 1931 and 1936 ! According to Malcolm MacDonald, author of the disc\u2019s booklet, it is during that period that Enescu wrote this \u201cnocturne\u201d that would have been perfomed in Menuhin\u2019s house, which was in Ville d\u2019Avray. The reality is that Enescu only took back this youth composition, which he gives to be performed, particularly by Menuhin on the violin, Pierre Monteux on the viola and Maurice Eisenberg on the cello. The story erased the name of the first dedicatee \u2013 Fernand Halphen \u2013 leaving only the name of Yehudi Menuhin. We find again this error on many websites, including the French National Library.<\/p>\n\n\n<figure class=\"wp-block-gallery has-nested-images columns-default is-cropped wp-block-gallery-1 is-layout-flex wp-block-gallery-is-layout-flex\">\n<figure class=\"wp-block-image size-large\"><img decoding=\"async\" width=\"300\" height=\"425\" data-id=\"34913\" src=\"https:\/\/www.iemj.org\/wp-content\/uploads\/2021\/04\/p_nocturne_-ville_d_avrayen_001_version_roumaine_inserer1ok_300px_larg.jpg\" alt=\"\" class=\"wp-image-34913\" srcset=\"https:\/\/www.iemj.org\/wp-content\/uploads\/2021\/04\/p_nocturne_-ville_d_avrayen_001_version_roumaine_inserer1ok_300px_larg.jpg 300w, https:\/\/www.iemj.org\/wp-content\/uploads\/2021\/04\/p_nocturne_-ville_d_avrayen_001_version_roumaine_inserer1ok_300px_larg-212x300.jpg 212w\" sizes=\"(max-width: 300px) 100vw, 300px\" \/><\/figure>\n\n\n\n<figure class=\"wp-block-image size-large\"><img loading=\"lazy\" decoding=\"async\" width=\"330\" height=\"425\" data-id=\"26567\" src=\"https:\/\/www.iemj.org\/wp-content\/uploads\/2020\/01\/nocturne_enesco_couv_halphen_inserer2_ok.jpg\" alt=\"\" class=\"wp-image-26567\" srcset=\"https:\/\/www.iemj.org\/wp-content\/uploads\/2020\/01\/nocturne_enesco_couv_halphen_inserer2_ok.jpg 330w, https:\/\/www.iemj.org\/wp-content\/uploads\/2020\/01\/nocturne_enesco_couv_halphen_inserer2_ok-233x300.jpg 233w\" sizes=\"(max-width: 330px) 100vw, 330px\" \/><\/figure>\n<\/figure>\n\n\n\n<div class=\"wp-block-columns is-layout-flex wp-container-core-columns-is-layout-9d6595d7 wp-block-columns-is-layout-flex\">\n<div class=\"wp-block-column is-layout-flow wp-block-column-is-layout-flow\" style=\"flex-basis:100%\">\n<div class=\"wp-block-columns is-layout-flex wp-container-core-columns-is-layout-9d6595d7 wp-block-columns-is-layout-flex\">\n<div class=\"wp-block-column is-layout-flow wp-block-column-is-layout-flow\" style=\"flex-basis:100%\">\n<p>The comparaison of the two Enescu&#8217;s manuscripts (see above), allows to resituate the creation of the <em>Nocturne Ville d\u2019Avrayen<\/em> in its original time and context. These are youth works (Enescu was not yet 17 years old !) inspired by nature. On the score, indicated to have been finished Thursday July 7, 1898 at 3h20 AM, feature indication such as \u00ab nice moonlight \u00bb, \u00ab rooster crow \u00bb, \u00ab midnight \u00bb. The same nature inspired to Enescu one year later an <em>Aubade<\/em> for violin, viola and cello (1899) and later a <em>S\u00e9r\u00e9nade lointaine<\/em> for piano, violin and cello (1903).<\/p>\n<p><a href=\"https:\/\/www.iemj.org\/en\/videos-du-concert-de-gala-de-linstitut-europeen-des-musiques-juives-edition-2015\/\" target=\"_blank\" rel=\"noopener\">Watch a\u00a0 video of the EIJM&#8217;s gala concert 2015 with a performance of the Nocturne Ville d\u2019Avrayen following Fernand Halphen&#8217;s manuscript<\/a><br \/><a href=\"https:\/\/www.iemj.org\/en\/viniciu-moroianu-performs-george-enescu\/\" target=\"_blank\" rel=\"noopener\">Listen to excerpts from the CD Viniciu Moroianu plays Georges Enesco &#8211; Works for and chamber music<\/a><br \/><a href=\"https:\/\/www.iemj.org\/en\/george-enescu-musica-de-camera-vol-viii\/\" target=\"_blank\" rel=\"noopener\">See an excerpt of the sheet music reissued by Salabert<\/a><\/p>\n<\/div>\n<\/div>\n<\/div>\n<\/div>\n","protected":false},"excerpt":{"rendered":"<p>By Herv\u00e9 Roten,<\/p>\n","protected":false},"author":1045,"featured_media":26559,"comment_status":"closed","ping_status":"closed","sticky":false,"template":"","format":"standard","meta":{"_acf_changed":false,"footnotes":""},"categories":[963],"tags":[3840],"technique":[],"squelettes":[],"sujet":[],"formation":[],"genre":[],"fonds":[],"tradition":[],"type-de-contenu":[],"interprete-compositeur":[],"frise":[],"type-devenement":[],"tableaux-liens-externes":[],"class_list":["post-59495","post","type-post","status-publish","format-standard","has-post-thumbnail","hentry","category-highlights-en","tag-georges-enescu"],"acf":[],"yoast_head":"<!-- This site is optimized with the Yoast SEO plugin v27.3 - https:\/\/yoast.com\/product\/yoast-seo-wordpress\/ -->\n<title>The \u201cNocturne Ville d\u2019Avrayen\u201d by George Enescu (1881-1955) - Institut Europ\u00e9en des Musiques Juives<\/title>\n<meta name=\"robots\" content=\"index, follow, max-snippet:-1, max-image-preview:large, max-video-preview:-1\" \/>\n<link rel=\"canonical\" href=\"https:\/\/www.iemj.org\/en\/le-nocturne-ville-davrayen-de-georges-enesco-1881-1955\/\" \/>\n<meta property=\"og:locale\" content=\"en_US\" \/>\n<meta property=\"og:type\" content=\"article\" \/>\n<meta property=\"og:title\" content=\"The \u201cNocturne Ville d\u2019Avrayen\u201d by George Enescu (1881-1955) - Institut Europ\u00e9en des Musiques Juives\" \/>\n<meta property=\"og:description\" content=\"By Herv\u00e9 Roten,\" \/>\n<meta property=\"og:url\" content=\"https:\/\/www.iemj.org\/en\/le-nocturne-ville-davrayen-de-georges-enesco-1881-1955\/\" \/>\n<meta property=\"og:site_name\" content=\"Institut Europ\u00e9en des Musiques Juives\" \/>\n<meta property=\"article:publisher\" content=\"https:\/\/www.facebook.com\/MusiquesJuives\/\" \/>\n<meta property=\"article:published_time\" content=\"2020-01-09T17:09:24+00:00\" \/>\n<meta property=\"article:modified_time\" content=\"2022-04-18T15:10:33+00:00\" \/>\n<meta property=\"og:image\" content=\"https:\/\/www.iemj.org\/wp-content\/uploads\/2020\/01\/arton4467.jpg\" \/>\n\t<meta property=\"og:image:width\" content=\"313\" \/>\n\t<meta property=\"og:image:height\" content=\"400\" \/>\n\t<meta property=\"og:image:type\" content=\"image\/jpeg\" \/>\n<meta name=\"author\" content=\"Herv\u00e9 Roten\" \/>\n<meta name=\"twitter:card\" content=\"summary_large_image\" \/>\n<meta name=\"twitter:label1\" content=\"Written by\" \/>\n\t<meta name=\"twitter:data1\" content=\"Herv\u00e9 Roten\" \/>\n\t<meta name=\"twitter:label2\" content=\"Est. reading time\" \/>\n\t<meta name=\"twitter:data2\" content=\"6 minutes\" \/>\n<script type=\"application\/ld+json\" class=\"yoast-schema-graph\">{\"@context\":\"https:\\\/\\\/schema.org\",\"@graph\":[{\"@type\":\"Article\",\"@id\":\"https:\\\/\\\/www.iemj.org\\\/en\\\/le-nocturne-ville-davrayen-de-georges-enesco-1881-1955\\\/#article\",\"isPartOf\":{\"@id\":\"https:\\\/\\\/www.iemj.org\\\/en\\\/le-nocturne-ville-davrayen-de-georges-enesco-1881-1955\\\/\"},\"author\":{\"name\":\"Herv\u00e9 Roten\",\"@id\":\"https:\\\/\\\/www.iemj.org\\\/en\\\/#\\\/schema\\\/person\\\/906134402c29d5c76e7b726261dd4bbd\"},\"headline\":\"The \u201cNocturne Ville d\u2019Avrayen\u201d by George Enescu (1881-1955)\",\"datePublished\":\"2020-01-09T17:09:24+00:00\",\"dateModified\":\"2022-04-18T15:10:33+00:00\",\"mainEntityOfPage\":{\"@id\":\"https:\\\/\\\/www.iemj.org\\\/en\\\/le-nocturne-ville-davrayen-de-georges-enesco-1881-1955\\\/\"},\"wordCount\":868,\"publisher\":{\"@id\":\"https:\\\/\\\/www.iemj.org\\\/en\\\/#organization\"},\"image\":{\"@id\":\"https:\\\/\\\/www.iemj.org\\\/en\\\/le-nocturne-ville-davrayen-de-georges-enesco-1881-1955\\\/#primaryimage\"},\"thumbnailUrl\":\"https:\\\/\\\/www.iemj.org\\\/wp-content\\\/uploads\\\/2020\\\/01\\\/arton4467.jpg\",\"keywords\":[\"Georges Enescu\"],\"articleSection\":[\"Highlights\"],\"inLanguage\":\"en-US\"},{\"@type\":\"WebPage\",\"@id\":\"https:\\\/\\\/www.iemj.org\\\/en\\\/le-nocturne-ville-davrayen-de-georges-enesco-1881-1955\\\/\",\"url\":\"https:\\\/\\\/www.iemj.org\\\/en\\\/le-nocturne-ville-davrayen-de-georges-enesco-1881-1955\\\/\",\"name\":\"The \u201cNocturne Ville d\u2019Avrayen\u201d by George Enescu (1881-1955) - Institut Europ\u00e9en des Musiques Juives\",\"isPartOf\":{\"@id\":\"https:\\\/\\\/www.iemj.org\\\/en\\\/#website\"},\"primaryImageOfPage\":{\"@id\":\"https:\\\/\\\/www.iemj.org\\\/en\\\/le-nocturne-ville-davrayen-de-georges-enesco-1881-1955\\\/#primaryimage\"},\"image\":{\"@id\":\"https:\\\/\\\/www.iemj.org\\\/en\\\/le-nocturne-ville-davrayen-de-georges-enesco-1881-1955\\\/#primaryimage\"},\"thumbnailUrl\":\"https:\\\/\\\/www.iemj.org\\\/wp-content\\\/uploads\\\/2020\\\/01\\\/arton4467.jpg\",\"datePublished\":\"2020-01-09T17:09:24+00:00\",\"dateModified\":\"2022-04-18T15:10:33+00:00\",\"breadcrumb\":{\"@id\":\"https:\\\/\\\/www.iemj.org\\\/en\\\/le-nocturne-ville-davrayen-de-georges-enesco-1881-1955\\\/#breadcrumb\"},\"inLanguage\":\"en-US\",\"potentialAction\":[{\"@type\":\"ReadAction\",\"target\":[\"https:\\\/\\\/www.iemj.org\\\/en\\\/le-nocturne-ville-davrayen-de-georges-enesco-1881-1955\\\/\"]}]},{\"@type\":\"ImageObject\",\"inLanguage\":\"en-US\",\"@id\":\"https:\\\/\\\/www.iemj.org\\\/en\\\/le-nocturne-ville-davrayen-de-georges-enesco-1881-1955\\\/#primaryimage\",\"url\":\"https:\\\/\\\/www.iemj.org\\\/wp-content\\\/uploads\\\/2020\\\/01\\\/arton4467.jpg\",\"contentUrl\":\"https:\\\/\\\/www.iemj.org\\\/wp-content\\\/uploads\\\/2020\\\/01\\\/arton4467.jpg\",\"width\":313,\"height\":400},{\"@type\":\"BreadcrumbList\",\"@id\":\"https:\\\/\\\/www.iemj.org\\\/en\\\/le-nocturne-ville-davrayen-de-georges-enesco-1881-1955\\\/#breadcrumb\",\"itemListElement\":[{\"@type\":\"ListItem\",\"position\":1,\"name\":\"Accueil\",\"item\":\"https:\\\/\\\/www.iemj.org\\\/en\\\/\"},{\"@type\":\"ListItem\",\"position\":2,\"name\":\"The \u201cNocturne Ville d\u2019Avrayen\u201d by George Enescu (1881-1955)\"}]},{\"@type\":\"WebSite\",\"@id\":\"https:\\\/\\\/www.iemj.org\\\/en\\\/#website\",\"url\":\"https:\\\/\\\/www.iemj.org\\\/en\\\/\",\"name\":\"Institut Europ\u00e9en des Musiques Juives\",\"description\":\"Des traditions musicales \u00e0 la port\u00e9e de tous\",\"publisher\":{\"@id\":\"https:\\\/\\\/www.iemj.org\\\/en\\\/#organization\"},\"potentialAction\":[{\"@type\":\"SearchAction\",\"target\":{\"@type\":\"EntryPoint\",\"urlTemplate\":\"https:\\\/\\\/www.iemj.org\\\/en\\\/?s={search_term_string}\"},\"query-input\":{\"@type\":\"PropertyValueSpecification\",\"valueRequired\":true,\"valueName\":\"search_term_string\"}}],\"inLanguage\":\"en-US\"},{\"@type\":\"Organization\",\"@id\":\"https:\\\/\\\/www.iemj.org\\\/en\\\/#organization\",\"name\":\"Institut Europ\u00e9en des Musiques Juives\",\"url\":\"https:\\\/\\\/www.iemj.org\\\/en\\\/\",\"logo\":{\"@type\":\"ImageObject\",\"inLanguage\":\"en-US\",\"@id\":\"https:\\\/\\\/www.iemj.org\\\/en\\\/#\\\/schema\\\/logo\\\/image\\\/\",\"url\":\"https:\\\/\\\/www.iemj.org\\\/wp-content\\\/uploads\\\/2021\\\/09\\\/Logo-IEMJ-Paypal.jpg\",\"contentUrl\":\"https:\\\/\\\/www.iemj.org\\\/wp-content\\\/uploads\\\/2021\\\/09\\\/Logo-IEMJ-Paypal.jpg\",\"width\":150,\"height\":50,\"caption\":\"Institut Europ\u00e9en des Musiques Juives\"},\"image\":{\"@id\":\"https:\\\/\\\/www.iemj.org\\\/en\\\/#\\\/schema\\\/logo\\\/image\\\/\"},\"sameAs\":[\"https:\\\/\\\/www.facebook.com\\\/MusiquesJuives\\\/\",\"https:\\\/\\\/www.instagram.com\\\/musiquesjuives\\\/\",\"https:\\\/\\\/www.youtube.com\\\/user\\\/musiquesjuives\"]},{\"@type\":\"Person\",\"@id\":\"https:\\\/\\\/www.iemj.org\\\/en\\\/#\\\/schema\\\/person\\\/906134402c29d5c76e7b726261dd4bbd\",\"name\":\"Herv\u00e9 Roten\",\"image\":{\"@type\":\"ImageObject\",\"inLanguage\":\"en-US\",\"@id\":\"https:\\\/\\\/secure.gravatar.com\\\/avatar\\\/f96ad2db538a26481f18384936b5cd0610c92d390c4dc382209216d455f685ff?s=96&d=mm&r=g\",\"url\":\"https:\\\/\\\/secure.gravatar.com\\\/avatar\\\/f96ad2db538a26481f18384936b5cd0610c92d390c4dc382209216d455f685ff?s=96&d=mm&r=g\",\"contentUrl\":\"https:\\\/\\\/secure.gravatar.com\\\/avatar\\\/f96ad2db538a26481f18384936b5cd0610c92d390c4dc382209216d455f685ff?s=96&d=mm&r=g\",\"caption\":\"Herv\u00e9 Roten\"}}]}<\/script>\n<!-- \/ Yoast SEO plugin. -->","yoast_head_json":{"title":"The \u201cNocturne Ville d\u2019Avrayen\u201d by George Enescu (1881-1955) - Institut Europ\u00e9en des Musiques Juives","robots":{"index":"index","follow":"follow","max-snippet":"max-snippet:-1","max-image-preview":"max-image-preview:large","max-video-preview":"max-video-preview:-1"},"canonical":"https:\/\/www.iemj.org\/en\/le-nocturne-ville-davrayen-de-georges-enesco-1881-1955\/","og_locale":"en_US","og_type":"article","og_title":"The \u201cNocturne Ville d\u2019Avrayen\u201d by George Enescu (1881-1955) - Institut Europ\u00e9en des Musiques Juives","og_description":"By Herv\u00e9 Roten,","og_url":"https:\/\/www.iemj.org\/en\/le-nocturne-ville-davrayen-de-georges-enesco-1881-1955\/","og_site_name":"Institut Europ\u00e9en des Musiques Juives","article_publisher":"https:\/\/www.facebook.com\/MusiquesJuives\/","article_published_time":"2020-01-09T17:09:24+00:00","article_modified_time":"2022-04-18T15:10:33+00:00","og_image":[{"width":313,"height":400,"url":"https:\/\/www.iemj.org\/wp-content\/uploads\/2020\/01\/arton4467.jpg","type":"image\/jpeg"}],"author":"Herv\u00e9 Roten","twitter_card":"summary_large_image","twitter_misc":{"Written by":"Herv\u00e9 Roten","Est. reading time":"6 minutes"},"schema":{"@context":"https:\/\/schema.org","@graph":[{"@type":"Article","@id":"https:\/\/www.iemj.org\/en\/le-nocturne-ville-davrayen-de-georges-enesco-1881-1955\/#article","isPartOf":{"@id":"https:\/\/www.iemj.org\/en\/le-nocturne-ville-davrayen-de-georges-enesco-1881-1955\/"},"author":{"name":"Herv\u00e9 Roten","@id":"https:\/\/www.iemj.org\/en\/#\/schema\/person\/906134402c29d5c76e7b726261dd4bbd"},"headline":"The \u201cNocturne Ville d\u2019Avrayen\u201d by George Enescu (1881-1955)","datePublished":"2020-01-09T17:09:24+00:00","dateModified":"2022-04-18T15:10:33+00:00","mainEntityOfPage":{"@id":"https:\/\/www.iemj.org\/en\/le-nocturne-ville-davrayen-de-georges-enesco-1881-1955\/"},"wordCount":868,"publisher":{"@id":"https:\/\/www.iemj.org\/en\/#organization"},"image":{"@id":"https:\/\/www.iemj.org\/en\/le-nocturne-ville-davrayen-de-georges-enesco-1881-1955\/#primaryimage"},"thumbnailUrl":"https:\/\/www.iemj.org\/wp-content\/uploads\/2020\/01\/arton4467.jpg","keywords":["Georges Enescu"],"articleSection":["Highlights"],"inLanguage":"en-US"},{"@type":"WebPage","@id":"https:\/\/www.iemj.org\/en\/le-nocturne-ville-davrayen-de-georges-enesco-1881-1955\/","url":"https:\/\/www.iemj.org\/en\/le-nocturne-ville-davrayen-de-georges-enesco-1881-1955\/","name":"The \u201cNocturne Ville d\u2019Avrayen\u201d by George Enescu (1881-1955) - Institut Europ\u00e9en des Musiques Juives","isPartOf":{"@id":"https:\/\/www.iemj.org\/en\/#website"},"primaryImageOfPage":{"@id":"https:\/\/www.iemj.org\/en\/le-nocturne-ville-davrayen-de-georges-enesco-1881-1955\/#primaryimage"},"image":{"@id":"https:\/\/www.iemj.org\/en\/le-nocturne-ville-davrayen-de-georges-enesco-1881-1955\/#primaryimage"},"thumbnailUrl":"https:\/\/www.iemj.org\/wp-content\/uploads\/2020\/01\/arton4467.jpg","datePublished":"2020-01-09T17:09:24+00:00","dateModified":"2022-04-18T15:10:33+00:00","breadcrumb":{"@id":"https:\/\/www.iemj.org\/en\/le-nocturne-ville-davrayen-de-georges-enesco-1881-1955\/#breadcrumb"},"inLanguage":"en-US","potentialAction":[{"@type":"ReadAction","target":["https:\/\/www.iemj.org\/en\/le-nocturne-ville-davrayen-de-georges-enesco-1881-1955\/"]}]},{"@type":"ImageObject","inLanguage":"en-US","@id":"https:\/\/www.iemj.org\/en\/le-nocturne-ville-davrayen-de-georges-enesco-1881-1955\/#primaryimage","url":"https:\/\/www.iemj.org\/wp-content\/uploads\/2020\/01\/arton4467.jpg","contentUrl":"https:\/\/www.iemj.org\/wp-content\/uploads\/2020\/01\/arton4467.jpg","width":313,"height":400},{"@type":"BreadcrumbList","@id":"https:\/\/www.iemj.org\/en\/le-nocturne-ville-davrayen-de-georges-enesco-1881-1955\/#breadcrumb","itemListElement":[{"@type":"ListItem","position":1,"name":"Accueil","item":"https:\/\/www.iemj.org\/en\/"},{"@type":"ListItem","position":2,"name":"The \u201cNocturne Ville d\u2019Avrayen\u201d by George Enescu (1881-1955)"}]},{"@type":"WebSite","@id":"https:\/\/www.iemj.org\/en\/#website","url":"https:\/\/www.iemj.org\/en\/","name":"Institut Europ\u00e9en des Musiques Juives","description":"Des traditions musicales \u00e0 la port\u00e9e de tous","publisher":{"@id":"https:\/\/www.iemj.org\/en\/#organization"},"potentialAction":[{"@type":"SearchAction","target":{"@type":"EntryPoint","urlTemplate":"https:\/\/www.iemj.org\/en\/?s={search_term_string}"},"query-input":{"@type":"PropertyValueSpecification","valueRequired":true,"valueName":"search_term_string"}}],"inLanguage":"en-US"},{"@type":"Organization","@id":"https:\/\/www.iemj.org\/en\/#organization","name":"Institut Europ\u00e9en des Musiques Juives","url":"https:\/\/www.iemj.org\/en\/","logo":{"@type":"ImageObject","inLanguage":"en-US","@id":"https:\/\/www.iemj.org\/en\/#\/schema\/logo\/image\/","url":"https:\/\/www.iemj.org\/wp-content\/uploads\/2021\/09\/Logo-IEMJ-Paypal.jpg","contentUrl":"https:\/\/www.iemj.org\/wp-content\/uploads\/2021\/09\/Logo-IEMJ-Paypal.jpg","width":150,"height":50,"caption":"Institut Europ\u00e9en des Musiques Juives"},"image":{"@id":"https:\/\/www.iemj.org\/en\/#\/schema\/logo\/image\/"},"sameAs":["https:\/\/www.facebook.com\/MusiquesJuives\/","https:\/\/www.instagram.com\/musiquesjuives\/","https:\/\/www.youtube.com\/user\/musiquesjuives"]},{"@type":"Person","@id":"https:\/\/www.iemj.org\/en\/#\/schema\/person\/906134402c29d5c76e7b726261dd4bbd","name":"Herv\u00e9 Roten","image":{"@type":"ImageObject","inLanguage":"en-US","@id":"https:\/\/secure.gravatar.com\/avatar\/f96ad2db538a26481f18384936b5cd0610c92d390c4dc382209216d455f685ff?s=96&d=mm&r=g","url":"https:\/\/secure.gravatar.com\/avatar\/f96ad2db538a26481f18384936b5cd0610c92d390c4dc382209216d455f685ff?s=96&d=mm&r=g","contentUrl":"https:\/\/secure.gravatar.com\/avatar\/f96ad2db538a26481f18384936b5cd0610c92d390c4dc382209216d455f685ff?s=96&d=mm&r=g","caption":"Herv\u00e9 Roten"}}]}},"_links":{"self":[{"href":"https:\/\/www.iemj.org\/en\/wp-json\/wp\/v2\/posts\/59495","targetHints":{"allow":["GET"]}}],"collection":[{"href":"https:\/\/www.iemj.org\/en\/wp-json\/wp\/v2\/posts"}],"about":[{"href":"https:\/\/www.iemj.org\/en\/wp-json\/wp\/v2\/types\/post"}],"author":[{"embeddable":true,"href":"https:\/\/www.iemj.org\/en\/wp-json\/wp\/v2\/users\/1045"}],"replies":[{"embeddable":true,"href":"https:\/\/www.iemj.org\/en\/wp-json\/wp\/v2\/comments?post=59495"}],"version-history":[{"count":0,"href":"https:\/\/www.iemj.org\/en\/wp-json\/wp\/v2\/posts\/59495\/revisions"}],"wp:featuredmedia":[{"embeddable":true,"href":"https:\/\/www.iemj.org\/en\/wp-json\/wp\/v2\/media\/26559"}],"wp:attachment":[{"href":"https:\/\/www.iemj.org\/en\/wp-json\/wp\/v2\/media?parent=59495"}],"wp:term":[{"taxonomy":"category","embeddable":true,"href":"https:\/\/www.iemj.org\/en\/wp-json\/wp\/v2\/categories?post=59495"},{"taxonomy":"post_tag","embeddable":true,"href":"https:\/\/www.iemj.org\/en\/wp-json\/wp\/v2\/tags?post=59495"},{"taxonomy":"technique","embeddable":true,"href":"https:\/\/www.iemj.org\/en\/wp-json\/wp\/v2\/technique?post=59495"},{"taxonomy":"squelettes","embeddable":true,"href":"https:\/\/www.iemj.org\/en\/wp-json\/wp\/v2\/squelettes?post=59495"},{"taxonomy":"sujet","embeddable":true,"href":"https:\/\/www.iemj.org\/en\/wp-json\/wp\/v2\/sujet?post=59495"},{"taxonomy":"formation","embeddable":true,"href":"https:\/\/www.iemj.org\/en\/wp-json\/wp\/v2\/formation?post=59495"},{"taxonomy":"genre","embeddable":true,"href":"https:\/\/www.iemj.org\/en\/wp-json\/wp\/v2\/genre?post=59495"},{"taxonomy":"fonds","embeddable":true,"href":"https:\/\/www.iemj.org\/en\/wp-json\/wp\/v2\/fonds?post=59495"},{"taxonomy":"tradition","embeddable":true,"href":"https:\/\/www.iemj.org\/en\/wp-json\/wp\/v2\/tradition?post=59495"},{"taxonomy":"type-de-contenu","embeddable":true,"href":"https:\/\/www.iemj.org\/en\/wp-json\/wp\/v2\/type-de-contenu?post=59495"},{"taxonomy":"interprete-compositeur","embeddable":true,"href":"https:\/\/www.iemj.org\/en\/wp-json\/wp\/v2\/interprete-compositeur?post=59495"},{"taxonomy":"frise","embeddable":true,"href":"https:\/\/www.iemj.org\/en\/wp-json\/wp\/v2\/frise?post=59495"},{"taxonomy":"type-devenement","embeddable":true,"href":"https:\/\/www.iemj.org\/en\/wp-json\/wp\/v2\/type-devenement?post=59495"},{"taxonomy":"tableaux-liens-externes","embeddable":true,"href":"https:\/\/www.iemj.org\/en\/wp-json\/wp\/v2\/tableaux-liens-externes?post=59495"}],"curies":[{"name":"wp","href":"https:\/\/api.w.org\/{rel}","templated":true}]}}