{"id":59768,"date":"2020-10-27T13:26:42","date_gmt":"2020-10-27T12:26:42","guid":{"rendered":"https:\/\/www.iemj.org\/alberto-hemsi-coplas-sefardies-2\/"},"modified":"2025-02-25T15:57:43","modified_gmt":"2025-02-25T14:57:43","slug":"alberto-hemsi-coplas-sefardies-2","status":"publish","type":"post","link":"https:\/\/www.iemj.org\/en\/alberto-hemsi-coplas-sefardies-2\/","title":{"rendered":"Alberto Hemsi : Coplas Sefardies"},"content":{"rendered":"<p>The catalogue of the recorded works of <a href=\"https:\/\/www.iemj.org\/en\/hemsi-alberto-1898-1975\/\" target=\"_blank\" rel=\"noopener\">Alberto Hemsi (1896-1975)<\/a> gets bigger with the release of a new 3 CD box set published by H\u00e4nsser Classic, on September 30, 2020. The soprano singer <a href=\"https:\/\/www.medici.tv\/fr\/artists\/tehila-nini-goldstein\/\">Tehila Nini Goldstein<\/a> and the pianist <a href=\"https:\/\/fr.wikipedia.org\/wiki\/Jascha_Nemtsov\">Jascha Nemtsov<\/a>\u00a0perform all 60 Judeo-Spanish songs (<em>Coplas Sefardies<\/em>) published in 10 collections, between 1932 and 1973, by Hemsi. Recorded between 2017 and 2020, this edition, which wants to appear as complete (all verses are sung in their original tone), includes two other compositions by Hemsi : <em>Hamicha chirim (Five Hebrew Songs)<\/em>, op. 25, written in 1947, dedicated to <a href=\"https:\/\/www.iemj.org\/en\/zefira-bracha-1910-1990\/\">Bracha Zefira<\/a>, and published in Florence in 1948, and <em>Yom g(u)ila yavo, yavo ! (Hebrew sketch)<\/em> op. 17, published in Alexandria in 1934.<\/p>\n<p>The <em>Coplas Sefardies<\/em> are a collection of Judeo-Spanish songs for voice and piano, composed by Alberto Hemsi from 230 poems and tunes collected in the Sefardi communities of the former Ottoman Empire between 1923 and 1937. From this vast corpus, Hemsi retained 60 traditional melodies in which he composed piano parts \u00ab of which the carrying out turned out to be quite complicated, because it wasn\u2019t simply a question of \u2018accompanying\u2019 the songs, but of encapsulating them into little symphonic tableaux, in order to suggest, as much as possible, the atmosphere, the spiritual state of mind, the subject and the melody \u00bb. The <em>Coplas Sefardies<\/em> by Alberto Hemsi, with Iberian and Oriental accents, offer a renewed vision ot the Judeo-Spanish oral tradition in the spirit of Western Art music of the beginning of the 20th century.<\/p>\n<p>This new recording of the <em>Coplas Sefardies<\/em> completes an already long list of publications dedicated to the masterwork of Alberto Hemsi, performed by Amparito P\u00e9ris de Pruli\u00e8re (in the 1960\u2019s ?), Mira Zakai (1988), Pedro Aledo (2005) or Assaf Levitin (2018-2019)\u2026<\/p>\n<p>For more than 3 hours, Jasha Nemtsov\u2019s piano accompanies with delight and virtuosity the powerful and lyrical voice of the soprano singer Tehila Nini Goldstein, in a repertoire which blends the main genres of Judeo-Spanish poetry : <em>romances<\/em> (medieval ballads), <em>cantigas<\/em> (songs of the daily life) and <em>coplas<\/em> (songs based on Hebrew religious forms, such as the <a href=\"https:\/\/www.iemj.org\/en\/three-passover-songs-adir-hu-echad-mi-yodea-and-chad-gadya\/\">2 Passover songs<\/a> <em>Un cabretico<\/em> and the numbers song <em>Quen supiense y entendiense<\/em>). Written by Jasha Nemtsov, the 104 page booklet that comes with the CD box set is quite remarkable. Besides Alberto Hemsi\u2019s biography, it includes all the texts of the songs as well as their translation in English.<\/p>\n<p>A CD box set you can listen to all year long\u2026<\/p>\n<p><a href=\"https:\/\/www.clicmusique.com\/alberto-hemsi-coplas-sefardies-goldstein-nemtsov-p-106495.html\">Purchase the CD<\/a><\/p>\n<p><a href=\"http:\/\/www.rachelnet.net\/F\/?func=find-c&amp;ccl_term=WRD+%3D+coplas+sefardies&amp;local_base=iemcg\" target=\"_blank\" rel=\"noopener\">Listen to the various recordings of Alberto Hemsi&#8217;s Coplas Sefardies on our catalogue<\/a><\/p>\n<p><img decoding=\"async\" class=\"alignnone  wp-image-110607\" src=\"https:\/\/www.iemj.org\/wp-content\/uploads\/2024\/03\/AUDIO-PLAYER-300x39.png\" alt=\"\" width=\"615\" height=\"80\" srcset=\"https:\/\/www.iemj.org\/wp-content\/uploads\/2024\/03\/AUDIO-PLAYER-300x39.png 300w, https:\/\/www.iemj.org\/wp-content\/uploads\/2024\/03\/AUDIO-PLAYER-1024x133.png 1024w, https:\/\/www.iemj.org\/wp-content\/uploads\/2024\/03\/AUDIO-PLAYER-768x100.png 768w, https:\/\/www.iemj.org\/wp-content\/uploads\/2024\/03\/AUDIO-PLAYER-600x78.png 600w, https:\/\/www.iemj.org\/wp-content\/uploads\/2024\/03\/AUDIO-PLAYER.png 1210w\" sizes=\"(max-width: 615px) 100vw, 615px\" \/><\/p>\n\n\n<h2 class=\"wp-block-heading\"><\/h2>\n\n\n\n<div class=\"wp-block-file\"><a href=\"https:\/\/www.iemj.org\/wp-content\/uploads\/2020\/10\/01_yo_tomi_una_muchacha_extrait__coplas_sefardies_vol_1.mp3\">Yo tomi una muchacha (extrait) &#8211; Coplas Sefardies vol. 1<\/a><\/div>\n\n\n\n<div class=\"wp-block-file\"><a href=\"https:\/\/www.iemj.org\/wp-content\/uploads\/2020\/10\/02_ansi_dize_la_nuestra_novia_extrait__coplas_sefardies_vol_1.mp3\">Ansi dize la nuestra novia (extrait) &#8211; Coplas Sefardies vol. 1<\/a><\/div>\n\n\n\n<div class=\"wp-block-file\"><a href=\"https:\/\/www.iemj.org\/wp-content\/uploads\/2020\/10\/03_el_rey_por_muncha_madriga_extrait__coplas_sefardies_vol_2.mp3\">El rey por muncha madriga (extrait) &#8211; Coplas Sefardies vol. 2<\/a><\/div>\n\n\n\n<div class=\"wp-block-file\"><a href=\"https:\/\/www.iemj.org\/wp-content\/uploads\/2020\/10\/04_aquel_conde_y_aquel_conde_extrait__coplas_sefardies_vol_3.mp3\">Aquel conde y aquel conde (extrait) &#8211; Coplas Sefardies vol. 3<\/a><\/div>\n\n\n\n<div class=\"wp-block-file\"><a href=\"https:\/\/www.iemj.org\/wp-content\/uploads\/2020\/10\/05_ya_salio_de_la_mar_la_galana_extrait__coplas_sefardies_vol_3.mp3\">Ya salio de la mar la galana (extrait) &#8211; Coplas Sefardies vol. 3<\/a><\/div>\n\n\n\n<div class=\"wp-block-file\"><a href=\"https:\/\/www.iemj.org\/wp-content\/uploads\/2020\/10\/06_triste_esta_la_infanta_extrait__coplas_sefardies_vol_4.mp3\">Triste esta la infanta (extrait) &#8211; Coplas Sefardies vol. 4<\/a><\/div>\n\n\n\n<div class=\"wp-block-file\"><a href=\"https:\/\/www.iemj.org\/wp-content\/uploads\/2020\/10\/07_tanto_fuites_i_venites_extrait__coplas_sefardies_vol_4.mp3\">Tanto fuites i venites (extrait) &#8211; Coplas Sefardies vol. 4<\/a><\/div>\n\n\n\n<div class=\"wp-block-file\"><a href=\"https:\/\/www.iemj.org\/wp-content\/uploads\/2020\/10\/08_avrid_mi_galanica_extrait__coplas_sefardies_vol_5.mp3\">Avrid mi galanica (extrait) &#8211; Coplas Sefardies vol. 5<\/a><\/div>\n\n\n\n<div class=\"wp-block-file\"><a href=\"https:\/\/www.iemj.org\/wp-content\/uploads\/2020\/10\/09_malana_tripa_de_madre_extrait__coplas_sefardies_vol_6.mp3\">Malana tripa de madre (extrait) &#8211; Coplas Sefardies vol. 6<\/a><\/div>\n\n\n\n<div class=\"wp-block-file\"><a href=\"https:\/\/www.iemj.org\/wp-content\/uploads\/2020\/10\/10_al_ruido_de_una_fuente_extrait__coplas_sefardies_vol_7.mp3\">Al ruido de una fuente (extrait) &#8211; Coplas Sefardies vol. 7<\/a><\/div>\n\n\n\n<div class=\"wp-block-file\"><a href=\"https:\/\/www.iemj.org\/wp-content\/uploads\/2020\/10\/11_dolores_tiene_la_reina_extrait__coplas_sefardies_vol_8.mp3\">Dolores tiene la reina (extrait) &#8211; Coplas Sefardies vol. 8<\/a><\/div>\n\n\n\n<div class=\"wp-block-file\"><a href=\"https:\/\/www.iemj.org\/wp-content\/uploads\/2020\/10\/12_un_cabretico_extrait__coplas_sefardies_vol_8.mp3\">Un cabretico (extrait) &#8211; Coplas Sefardies vol. 8<\/a><\/div>\n\n\n\n<div class=\"wp-block-file\"><a href=\"https:\/\/www.iemj.org\/wp-content\/uploads\/2020\/10\/13_torondon_extrait__coplas_sefardies_vol_9.mp3\">Torondon (extrait) &#8211; Coplas Sefardies vol. 9<\/a><\/div>\n\n\n\n<div class=\"wp-block-file\"><a href=\"https:\/\/www.iemj.org\/wp-content\/uploads\/2020\/10\/14_quen_supiense_y_entendiense_extrait__coplas_sefardies_vol_10.mp3\">Quen supiense y entendiense (extrait) &#8211; Coplas Sefardies vol. 10<\/a><\/div>\n\n\n\n<div class=\"wp-block-file\"><a href=\"https:\/\/www.iemj.org\/wp-content\/uploads\/2020\/10\/15_vedibarti_al_haneviim_extrait__hamicha_chirim.mp3\">Vedibarti al haneviim (extrait) &#8211; Hamicha chirim<\/a><\/div>\n\n\n\n<div class=\"wp-block-file\"><a href=\"https:\/\/www.iemj.org\/wp-content\/uploads\/2020\/10\/16_yom_gila_yavo_yavo_extrait_.mp3\">Yom gila yavo yavo (extrait)<\/a><\/div>\n","protected":false},"excerpt":{"rendered":"<p>The catalogue of the recorded works of Alberto Hemsi (1896-1975) gets bigger with the release of a new 3 CD box set published by H\u00e4nsser Classic, on September 30, 2020.<\/p>\n","protected":false},"author":1045,"featured_media":29805,"comment_status":"closed","ping_status":"closed","sticky":false,"template":"","format":"standard","meta":{"_acf_changed":false,"footnotes":""},"categories":[1570,1562],"tags":[],"technique":[],"squelettes":[],"sujet":[],"formation":[],"genre":[1114],"fonds":[],"tradition":[],"type-de-contenu":[],"interprete-compositeur":[3083],"frise":[],"type-devenement":[],"tableaux-liens-externes":[],"class_list":["post-59768","post","type-post","status-publish","format-standard","has-post-thumbnail","hentry","category-cd-latest-acquisition-en","category-latest-acquisitions-en","genre-ladino","interprete-compositeur-alberto-hemsi-en"],"acf":[],"yoast_head":"<!-- This site is optimized with the Yoast SEO plugin v27.3 - https:\/\/yoast.com\/product\/yoast-seo-wordpress\/ -->\n<title>Alberto Hemsi : Coplas Sefardies - Institut Europ\u00e9en des Musiques Juives<\/title>\n<meta name=\"robots\" content=\"index, follow, max-snippet:-1, max-image-preview:large, max-video-preview:-1\" \/>\n<link rel=\"canonical\" href=\"https:\/\/www.iemj.org\/en\/alberto-hemsi-coplas-sefardies-2\/\" \/>\n<meta property=\"og:locale\" content=\"en_US\" \/>\n<meta property=\"og:type\" content=\"article\" \/>\n<meta property=\"og:title\" content=\"Alberto Hemsi : Coplas Sefardies - Institut Europ\u00e9en des Musiques Juives\" \/>\n<meta property=\"og:description\" content=\"The catalogue of the recorded works of Alberto Hemsi (1896-1975) gets bigger with the release of a new 3 CD box set published by H\u00e4nsser Classic, on September 30, 2020.\" \/>\n<meta property=\"og:url\" content=\"https:\/\/www.iemj.org\/en\/alberto-hemsi-coplas-sefardies-2\/\" \/>\n<meta property=\"og:site_name\" content=\"Institut Europ\u00e9en des Musiques Juives\" \/>\n<meta property=\"article:publisher\" content=\"https:\/\/www.facebook.com\/MusiquesJuives\/\" \/>\n<meta property=\"article:published_time\" content=\"2020-10-27T12:26:42+00:00\" \/>\n<meta property=\"article:modified_time\" content=\"2025-02-25T14:57:43+00:00\" \/>\n<meta property=\"og:image\" content=\"https:\/\/www.iemj.org\/wp-content\/uploads\/2020\/10\/arton4883.jpg\" \/>\n\t<meta property=\"og:image:width\" content=\"340\" \/>\n\t<meta property=\"og:image:height\" content=\"340\" \/>\n\t<meta property=\"og:image:type\" content=\"image\/jpeg\" \/>\n<meta name=\"author\" content=\"Herv\u00e9 Roten\" \/>\n<meta name=\"twitter:card\" content=\"summary_large_image\" \/>\n<meta name=\"twitter:label1\" content=\"Written by\" \/>\n\t<meta name=\"twitter:data1\" content=\"Herv\u00e9 Roten\" \/>\n\t<meta name=\"twitter:label2\" content=\"Est. reading time\" \/>\n\t<meta name=\"twitter:data2\" content=\"4 minutes\" \/>\n<script type=\"application\/ld+json\" class=\"yoast-schema-graph\">{\"@context\":\"https:\\\/\\\/schema.org\",\"@graph\":[{\"@type\":\"Article\",\"@id\":\"https:\\\/\\\/www.iemj.org\\\/en\\\/alberto-hemsi-coplas-sefardies-2\\\/#article\",\"isPartOf\":{\"@id\":\"https:\\\/\\\/www.iemj.org\\\/en\\\/alberto-hemsi-coplas-sefardies-2\\\/\"},\"author\":{\"name\":\"Herv\u00e9 Roten\",\"@id\":\"https:\\\/\\\/www.iemj.org\\\/en\\\/#\\\/schema\\\/person\\\/906134402c29d5c76e7b726261dd4bbd\"},\"headline\":\"Alberto Hemsi : Coplas Sefardies\",\"datePublished\":\"2020-10-27T12:26:42+00:00\",\"dateModified\":\"2025-02-25T14:57:43+00:00\",\"mainEntityOfPage\":{\"@id\":\"https:\\\/\\\/www.iemj.org\\\/en\\\/alberto-hemsi-coplas-sefardies-2\\\/\"},\"wordCount\":555,\"publisher\":{\"@id\":\"https:\\\/\\\/www.iemj.org\\\/en\\\/#organization\"},\"image\":{\"@id\":\"https:\\\/\\\/www.iemj.org\\\/en\\\/alberto-hemsi-coplas-sefardies-2\\\/#primaryimage\"},\"thumbnailUrl\":\"https:\\\/\\\/www.iemj.org\\\/wp-content\\\/uploads\\\/2020\\\/10\\\/arton4883.jpg\",\"articleSection\":[\"CD\",\"Latest Acquisitions\"],\"inLanguage\":\"en-US\"},{\"@type\":\"WebPage\",\"@id\":\"https:\\\/\\\/www.iemj.org\\\/en\\\/alberto-hemsi-coplas-sefardies-2\\\/\",\"url\":\"https:\\\/\\\/www.iemj.org\\\/en\\\/alberto-hemsi-coplas-sefardies-2\\\/\",\"name\":\"Alberto Hemsi : Coplas Sefardies - Institut Europ\u00e9en des Musiques Juives\",\"isPartOf\":{\"@id\":\"https:\\\/\\\/www.iemj.org\\\/en\\\/#website\"},\"primaryImageOfPage\":{\"@id\":\"https:\\\/\\\/www.iemj.org\\\/en\\\/alberto-hemsi-coplas-sefardies-2\\\/#primaryimage\"},\"image\":{\"@id\":\"https:\\\/\\\/www.iemj.org\\\/en\\\/alberto-hemsi-coplas-sefardies-2\\\/#primaryimage\"},\"thumbnailUrl\":\"https:\\\/\\\/www.iemj.org\\\/wp-content\\\/uploads\\\/2020\\\/10\\\/arton4883.jpg\",\"datePublished\":\"2020-10-27T12:26:42+00:00\",\"dateModified\":\"2025-02-25T14:57:43+00:00\",\"breadcrumb\":{\"@id\":\"https:\\\/\\\/www.iemj.org\\\/en\\\/alberto-hemsi-coplas-sefardies-2\\\/#breadcrumb\"},\"inLanguage\":\"en-US\",\"potentialAction\":[{\"@type\":\"ReadAction\",\"target\":[\"https:\\\/\\\/www.iemj.org\\\/en\\\/alberto-hemsi-coplas-sefardies-2\\\/\"]}]},{\"@type\":\"ImageObject\",\"inLanguage\":\"en-US\",\"@id\":\"https:\\\/\\\/www.iemj.org\\\/en\\\/alberto-hemsi-coplas-sefardies-2\\\/#primaryimage\",\"url\":\"https:\\\/\\\/www.iemj.org\\\/wp-content\\\/uploads\\\/2020\\\/10\\\/arton4883.jpg\",\"contentUrl\":\"https:\\\/\\\/www.iemj.org\\\/wp-content\\\/uploads\\\/2020\\\/10\\\/arton4883.jpg\",\"width\":340,\"height\":340},{\"@type\":\"BreadcrumbList\",\"@id\":\"https:\\\/\\\/www.iemj.org\\\/en\\\/alberto-hemsi-coplas-sefardies-2\\\/#breadcrumb\",\"itemListElement\":[{\"@type\":\"ListItem\",\"position\":1,\"name\":\"Accueil\",\"item\":\"https:\\\/\\\/www.iemj.org\\\/en\\\/\"},{\"@type\":\"ListItem\",\"position\":2,\"name\":\"Alberto Hemsi : Coplas Sefardies\"}]},{\"@type\":\"WebSite\",\"@id\":\"https:\\\/\\\/www.iemj.org\\\/en\\\/#website\",\"url\":\"https:\\\/\\\/www.iemj.org\\\/en\\\/\",\"name\":\"Institut Europ\u00e9en des Musiques Juives\",\"description\":\"Des traditions musicales \u00e0 la port\u00e9e de tous\",\"publisher\":{\"@id\":\"https:\\\/\\\/www.iemj.org\\\/en\\\/#organization\"},\"potentialAction\":[{\"@type\":\"SearchAction\",\"target\":{\"@type\":\"EntryPoint\",\"urlTemplate\":\"https:\\\/\\\/www.iemj.org\\\/en\\\/?s={search_term_string}\"},\"query-input\":{\"@type\":\"PropertyValueSpecification\",\"valueRequired\":true,\"valueName\":\"search_term_string\"}}],\"inLanguage\":\"en-US\"},{\"@type\":\"Organization\",\"@id\":\"https:\\\/\\\/www.iemj.org\\\/en\\\/#organization\",\"name\":\"Institut Europ\u00e9en des Musiques Juives\",\"url\":\"https:\\\/\\\/www.iemj.org\\\/en\\\/\",\"logo\":{\"@type\":\"ImageObject\",\"inLanguage\":\"en-US\",\"@id\":\"https:\\\/\\\/www.iemj.org\\\/en\\\/#\\\/schema\\\/logo\\\/image\\\/\",\"url\":\"https:\\\/\\\/www.iemj.org\\\/wp-content\\\/uploads\\\/2021\\\/09\\\/Logo-IEMJ-Paypal.jpg\",\"contentUrl\":\"https:\\\/\\\/www.iemj.org\\\/wp-content\\\/uploads\\\/2021\\\/09\\\/Logo-IEMJ-Paypal.jpg\",\"width\":150,\"height\":50,\"caption\":\"Institut Europ\u00e9en des Musiques Juives\"},\"image\":{\"@id\":\"https:\\\/\\\/www.iemj.org\\\/en\\\/#\\\/schema\\\/logo\\\/image\\\/\"},\"sameAs\":[\"https:\\\/\\\/www.facebook.com\\\/MusiquesJuives\\\/\",\"https:\\\/\\\/www.instagram.com\\\/musiquesjuives\\\/\",\"https:\\\/\\\/www.youtube.com\\\/user\\\/musiquesjuives\"]},{\"@type\":\"Person\",\"@id\":\"https:\\\/\\\/www.iemj.org\\\/en\\\/#\\\/schema\\\/person\\\/906134402c29d5c76e7b726261dd4bbd\",\"name\":\"Herv\u00e9 Roten\",\"image\":{\"@type\":\"ImageObject\",\"inLanguage\":\"en-US\",\"@id\":\"https:\\\/\\\/secure.gravatar.com\\\/avatar\\\/f96ad2db538a26481f18384936b5cd0610c92d390c4dc382209216d455f685ff?s=96&d=mm&r=g\",\"url\":\"https:\\\/\\\/secure.gravatar.com\\\/avatar\\\/f96ad2db538a26481f18384936b5cd0610c92d390c4dc382209216d455f685ff?s=96&d=mm&r=g\",\"contentUrl\":\"https:\\\/\\\/secure.gravatar.com\\\/avatar\\\/f96ad2db538a26481f18384936b5cd0610c92d390c4dc382209216d455f685ff?s=96&d=mm&r=g\",\"caption\":\"Herv\u00e9 Roten\"}}]}<\/script>\n<!-- \/ Yoast SEO plugin. -->","yoast_head_json":{"title":"Alberto Hemsi : Coplas Sefardies - Institut Europ\u00e9en des Musiques Juives","robots":{"index":"index","follow":"follow","max-snippet":"max-snippet:-1","max-image-preview":"max-image-preview:large","max-video-preview":"max-video-preview:-1"},"canonical":"https:\/\/www.iemj.org\/en\/alberto-hemsi-coplas-sefardies-2\/","og_locale":"en_US","og_type":"article","og_title":"Alberto Hemsi : Coplas Sefardies - Institut Europ\u00e9en des Musiques Juives","og_description":"The catalogue of the recorded works of Alberto Hemsi (1896-1975) gets bigger with the release of a new 3 CD box set published by H\u00e4nsser Classic, on September 30, 2020.","og_url":"https:\/\/www.iemj.org\/en\/alberto-hemsi-coplas-sefardies-2\/","og_site_name":"Institut Europ\u00e9en des Musiques Juives","article_publisher":"https:\/\/www.facebook.com\/MusiquesJuives\/","article_published_time":"2020-10-27T12:26:42+00:00","article_modified_time":"2025-02-25T14:57:43+00:00","og_image":[{"width":340,"height":340,"url":"https:\/\/www.iemj.org\/wp-content\/uploads\/2020\/10\/arton4883.jpg","type":"image\/jpeg"}],"author":"Herv\u00e9 Roten","twitter_card":"summary_large_image","twitter_misc":{"Written by":"Herv\u00e9 Roten","Est. reading time":"4 minutes"},"schema":{"@context":"https:\/\/schema.org","@graph":[{"@type":"Article","@id":"https:\/\/www.iemj.org\/en\/alberto-hemsi-coplas-sefardies-2\/#article","isPartOf":{"@id":"https:\/\/www.iemj.org\/en\/alberto-hemsi-coplas-sefardies-2\/"},"author":{"name":"Herv\u00e9 Roten","@id":"https:\/\/www.iemj.org\/en\/#\/schema\/person\/906134402c29d5c76e7b726261dd4bbd"},"headline":"Alberto Hemsi : Coplas Sefardies","datePublished":"2020-10-27T12:26:42+00:00","dateModified":"2025-02-25T14:57:43+00:00","mainEntityOfPage":{"@id":"https:\/\/www.iemj.org\/en\/alberto-hemsi-coplas-sefardies-2\/"},"wordCount":555,"publisher":{"@id":"https:\/\/www.iemj.org\/en\/#organization"},"image":{"@id":"https:\/\/www.iemj.org\/en\/alberto-hemsi-coplas-sefardies-2\/#primaryimage"},"thumbnailUrl":"https:\/\/www.iemj.org\/wp-content\/uploads\/2020\/10\/arton4883.jpg","articleSection":["CD","Latest Acquisitions"],"inLanguage":"en-US"},{"@type":"WebPage","@id":"https:\/\/www.iemj.org\/en\/alberto-hemsi-coplas-sefardies-2\/","url":"https:\/\/www.iemj.org\/en\/alberto-hemsi-coplas-sefardies-2\/","name":"Alberto Hemsi : Coplas Sefardies - Institut Europ\u00e9en des Musiques Juives","isPartOf":{"@id":"https:\/\/www.iemj.org\/en\/#website"},"primaryImageOfPage":{"@id":"https:\/\/www.iemj.org\/en\/alberto-hemsi-coplas-sefardies-2\/#primaryimage"},"image":{"@id":"https:\/\/www.iemj.org\/en\/alberto-hemsi-coplas-sefardies-2\/#primaryimage"},"thumbnailUrl":"https:\/\/www.iemj.org\/wp-content\/uploads\/2020\/10\/arton4883.jpg","datePublished":"2020-10-27T12:26:42+00:00","dateModified":"2025-02-25T14:57:43+00:00","breadcrumb":{"@id":"https:\/\/www.iemj.org\/en\/alberto-hemsi-coplas-sefardies-2\/#breadcrumb"},"inLanguage":"en-US","potentialAction":[{"@type":"ReadAction","target":["https:\/\/www.iemj.org\/en\/alberto-hemsi-coplas-sefardies-2\/"]}]},{"@type":"ImageObject","inLanguage":"en-US","@id":"https:\/\/www.iemj.org\/en\/alberto-hemsi-coplas-sefardies-2\/#primaryimage","url":"https:\/\/www.iemj.org\/wp-content\/uploads\/2020\/10\/arton4883.jpg","contentUrl":"https:\/\/www.iemj.org\/wp-content\/uploads\/2020\/10\/arton4883.jpg","width":340,"height":340},{"@type":"BreadcrumbList","@id":"https:\/\/www.iemj.org\/en\/alberto-hemsi-coplas-sefardies-2\/#breadcrumb","itemListElement":[{"@type":"ListItem","position":1,"name":"Accueil","item":"https:\/\/www.iemj.org\/en\/"},{"@type":"ListItem","position":2,"name":"Alberto Hemsi : Coplas Sefardies"}]},{"@type":"WebSite","@id":"https:\/\/www.iemj.org\/en\/#website","url":"https:\/\/www.iemj.org\/en\/","name":"Institut Europ\u00e9en des Musiques Juives","description":"Des traditions musicales \u00e0 la port\u00e9e de tous","publisher":{"@id":"https:\/\/www.iemj.org\/en\/#organization"},"potentialAction":[{"@type":"SearchAction","target":{"@type":"EntryPoint","urlTemplate":"https:\/\/www.iemj.org\/en\/?s={search_term_string}"},"query-input":{"@type":"PropertyValueSpecification","valueRequired":true,"valueName":"search_term_string"}}],"inLanguage":"en-US"},{"@type":"Organization","@id":"https:\/\/www.iemj.org\/en\/#organization","name":"Institut Europ\u00e9en des Musiques Juives","url":"https:\/\/www.iemj.org\/en\/","logo":{"@type":"ImageObject","inLanguage":"en-US","@id":"https:\/\/www.iemj.org\/en\/#\/schema\/logo\/image\/","url":"https:\/\/www.iemj.org\/wp-content\/uploads\/2021\/09\/Logo-IEMJ-Paypal.jpg","contentUrl":"https:\/\/www.iemj.org\/wp-content\/uploads\/2021\/09\/Logo-IEMJ-Paypal.jpg","width":150,"height":50,"caption":"Institut Europ\u00e9en des Musiques Juives"},"image":{"@id":"https:\/\/www.iemj.org\/en\/#\/schema\/logo\/image\/"},"sameAs":["https:\/\/www.facebook.com\/MusiquesJuives\/","https:\/\/www.instagram.com\/musiquesjuives\/","https:\/\/www.youtube.com\/user\/musiquesjuives"]},{"@type":"Person","@id":"https:\/\/www.iemj.org\/en\/#\/schema\/person\/906134402c29d5c76e7b726261dd4bbd","name":"Herv\u00e9 Roten","image":{"@type":"ImageObject","inLanguage":"en-US","@id":"https:\/\/secure.gravatar.com\/avatar\/f96ad2db538a26481f18384936b5cd0610c92d390c4dc382209216d455f685ff?s=96&d=mm&r=g","url":"https:\/\/secure.gravatar.com\/avatar\/f96ad2db538a26481f18384936b5cd0610c92d390c4dc382209216d455f685ff?s=96&d=mm&r=g","contentUrl":"https:\/\/secure.gravatar.com\/avatar\/f96ad2db538a26481f18384936b5cd0610c92d390c4dc382209216d455f685ff?s=96&d=mm&r=g","caption":"Herv\u00e9 Roten"}}]}},"_links":{"self":[{"href":"https:\/\/www.iemj.org\/en\/wp-json\/wp\/v2\/posts\/59768","targetHints":{"allow":["GET"]}}],"collection":[{"href":"https:\/\/www.iemj.org\/en\/wp-json\/wp\/v2\/posts"}],"about":[{"href":"https:\/\/www.iemj.org\/en\/wp-json\/wp\/v2\/types\/post"}],"author":[{"embeddable":true,"href":"https:\/\/www.iemj.org\/en\/wp-json\/wp\/v2\/users\/1045"}],"replies":[{"embeddable":true,"href":"https:\/\/www.iemj.org\/en\/wp-json\/wp\/v2\/comments?post=59768"}],"version-history":[{"count":0,"href":"https:\/\/www.iemj.org\/en\/wp-json\/wp\/v2\/posts\/59768\/revisions"}],"wp:featuredmedia":[{"embeddable":true,"href":"https:\/\/www.iemj.org\/en\/wp-json\/wp\/v2\/media\/29805"}],"wp:attachment":[{"href":"https:\/\/www.iemj.org\/en\/wp-json\/wp\/v2\/media?parent=59768"}],"wp:term":[{"taxonomy":"category","embeddable":true,"href":"https:\/\/www.iemj.org\/en\/wp-json\/wp\/v2\/categories?post=59768"},{"taxonomy":"post_tag","embeddable":true,"href":"https:\/\/www.iemj.org\/en\/wp-json\/wp\/v2\/tags?post=59768"},{"taxonomy":"technique","embeddable":true,"href":"https:\/\/www.iemj.org\/en\/wp-json\/wp\/v2\/technique?post=59768"},{"taxonomy":"squelettes","embeddable":true,"href":"https:\/\/www.iemj.org\/en\/wp-json\/wp\/v2\/squelettes?post=59768"},{"taxonomy":"sujet","embeddable":true,"href":"https:\/\/www.iemj.org\/en\/wp-json\/wp\/v2\/sujet?post=59768"},{"taxonomy":"formation","embeddable":true,"href":"https:\/\/www.iemj.org\/en\/wp-json\/wp\/v2\/formation?post=59768"},{"taxonomy":"genre","embeddable":true,"href":"https:\/\/www.iemj.org\/en\/wp-json\/wp\/v2\/genre?post=59768"},{"taxonomy":"fonds","embeddable":true,"href":"https:\/\/www.iemj.org\/en\/wp-json\/wp\/v2\/fonds?post=59768"},{"taxonomy":"tradition","embeddable":true,"href":"https:\/\/www.iemj.org\/en\/wp-json\/wp\/v2\/tradition?post=59768"},{"taxonomy":"type-de-contenu","embeddable":true,"href":"https:\/\/www.iemj.org\/en\/wp-json\/wp\/v2\/type-de-contenu?post=59768"},{"taxonomy":"interprete-compositeur","embeddable":true,"href":"https:\/\/www.iemj.org\/en\/wp-json\/wp\/v2\/interprete-compositeur?post=59768"},{"taxonomy":"frise","embeddable":true,"href":"https:\/\/www.iemj.org\/en\/wp-json\/wp\/v2\/frise?post=59768"},{"taxonomy":"type-devenement","embeddable":true,"href":"https:\/\/www.iemj.org\/en\/wp-json\/wp\/v2\/type-devenement?post=59768"},{"taxonomy":"tableaux-liens-externes","embeddable":true,"href":"https:\/\/www.iemj.org\/en\/wp-json\/wp\/v2\/tableaux-liens-externes?post=59768"}],"curies":[{"name":"wp","href":"https:\/\/api.w.org\/{rel}","templated":true}]}}