{"id":60421,"date":"2017-12-13T10:48:17","date_gmt":"2017-12-13T09:48:17","guid":{"rendered":"https:\/\/www.iemj.org\/le-33-trs-adama-de-la-chanteuse-iraelienne-ofra-haza\/"},"modified":"2021-09-02T16:51:08","modified_gmt":"2021-09-02T14:51:08","slug":"le-33-trs-adama-de-la-chanteuse-iraelienne-ofra-haza","status":"publish","type":"post","link":"https:\/\/www.iemj.org\/en\/le-33-trs-adama-de-la-chanteuse-iraelienne-ofra-haza\/","title":{"rendered":"The 33 rpm disc \u00ab Adama \u00bb by Israeli singer Ofra Haza"},"content":{"rendered":"<p>This 33 rpm disc by <a href=\"https:\/\/www.iemj.org\/en\/haza-ofra-1957-2000\/\" target=\"_blank\" rel=\"noopener\">Ofra Haza<\/a> was released in 1985 by the Israeli music label <em>Hed-Arzi<\/em>. <br \/>This is a rather unusual record because it is transparent and colored, and therefore quite rare. This type of vinyl is called a <em>color disc<\/em> not to be confused with the <em>picture disc<\/em> which carries an image directly printed on the disc.<\/p>\n<p><strong>Reminder :<\/strong><br \/>The material used to manufacture the discs: polyvinyl chloride or PVC (plastic product derived from petrol) is basically colorless, and to obtain a black paste, one must add a large amount of dye.<br \/>For color discs other than black (red, blue, green &#8230;) a smaller amount of dye is necessary.<\/p>\n<p><img fetchpriority=\"high\" decoding=\"async\" class=\" alignright  wp-image-17157\" src=\"https:\/\/www.iemj.org\/wp-content\/uploads\/2017\/12\/transparence_du_disque_500px.jpg\" alt=\"transparence_du_disque_500px.jpg\" width=\"173\" height=\"307\" align=\"right\" srcset=\"https:\/\/www.iemj.org\/wp-content\/uploads\/2017\/12\/transparence_du_disque_500px.jpg 240w, https:\/\/www.iemj.org\/wp-content\/uploads\/2017\/12\/transparence_du_disque_500px-169x300.jpg 169w\" sizes=\"(max-width: 173px) 100vw, 173px\" \/><\/p>\n<p>Black vinyl has mostly been used because it allows to better identify the musical tracks on the surface of the disc.<\/p>\n<p>These colored vinyls appeared around 1977, almost 100 years after the invention of the disc.<\/p>\n<p>In general, colored vinyls were reserved for limited editions, since it was difficult to find exactly the same color with the different pressings and baths. The existence of colored vinyls also encouraged collectors to buy a record as soon as possible, as soon as it was released, in case of a shortage of the collector\u2019s edition.<\/p>\n<p>\u00a0<\/p>\n<p><strong>We currently have one of these rare copies in our collections<\/strong>, along with another copy of the more widespread version, the black vinyl record.<\/p>\n<p><img decoding=\"async\" class=\" aligncenter size-full wp-image-17159\" src=\"https:\/\/www.iemj.org\/wp-content\/uploads\/2017\/12\/les_deux_disques_500px.jpg\" alt=\"les_deux_disques_500px.jpg\" width=\"500\" height=\"281\" align=\"middle\" srcset=\"https:\/\/www.iemj.org\/wp-content\/uploads\/2017\/12\/les_deux_disques_500px.jpg 500w, https:\/\/www.iemj.org\/wp-content\/uploads\/2017\/12\/les_deux_disques_500px-300x169.jpg 300w\" sizes=\"(max-width: 500px) 100vw, 500px\" \/><\/p>\n<p>In general, the release of these colored vinyls was followed by a standard pressing using black vinyl. At the time, only the 45 rpm and 33 rpm were edited in color, but no maxi 45 rpm.<\/p>\n<p><strong>Sources :<\/strong><\/p>\n<p>&#8211; <a href=\"https:\/\/waxbuyers.club\/les-differents-types-de-disques-vinyles\/\">The different types of vinyl records &#8211; <em>Waxbuyers.club<\/em> <\/a><br \/>&#8211; <a href=\"http:\/\/lescopainsd-abord.over-blog.com\/article-les-disques-vinyle-de-couleur-et-les-picture-discs-par-nath-didile-110114010.html\">Color vinyl records and picture-discs by Nath-Didile &#8211; <em>Les copains d&#8217;abord<\/em><\/a><br \/>&#8211; <a href=\"https:\/\/www.vinyle-actu.fr\/dossier\/differents-types-de-vinyles\">Different types of vinyls, June 2015 &#8211; <em>Vinyles Actu<\/em><\/a><a href=\"https:\/\/www.iemj.org\/haza-ofra-1957-2000\/\"><br \/><\/a><a href=\"https:\/\/www.iemj.org\/en\/haza-ofra-1957-2000\/\" target=\"_blank\" rel=\"noopener\">Read Ofra Haza\u2019s biography<\/a><br \/><a href=\"http:\/\/www.rachelnet.net\/F\/?func=find-c&amp;ccl_term=WRD+%3D+Haza+ET+WRD+%3D+Adama&amp;local_base=iemcg\">Look at the catalogue record of this disc<\/a><\/p>\n<p><strong>Discover 5 excerpts of this disc in the video below :<\/strong><\/p>\n\n\n<figure class=\"wp-block-embed is-type-video is-provider-youtube wp-block-embed-youtube wp-embed-aspect-4-3 wp-has-aspect-ratio\"><div class=\"wp-block-embed__wrapper\">\n<iframe title=\"Adama (earth) - Ofra Haza\" width=\"640\" height=\"480\" src=\"https:\/\/www.youtube.com\/embed\/w66Z-unQVZU?feature=oembed\" frameborder=\"0\" allow=\"accelerometer; autoplay; clipboard-write; encrypted-media; gyroscope; picture-in-picture; web-share\" referrerpolicy=\"strict-origin-when-cross-origin\" allowfullscreen><\/iframe>\n<\/div><\/figure>\n","protected":false},"excerpt":{"rendered":"<p>This 33 rpm disc by Ofra Haza was released in 1985 by the Israeli music label Hed-Arzi. This is a rather unusual record because it is transparent and colored, and<\/p>\n","protected":false},"author":1052,"featured_media":17155,"comment_status":"closed","ping_status":"open","sticky":false,"template":"","format":"standard","meta":{"_acf_changed":false,"footnotes":""},"categories":[963],"tags":[],"technique":[],"squelettes":[],"sujet":[],"formation":[],"genre":[1109],"fonds":[],"tradition":[],"type-de-contenu":[],"interprete-compositeur":[],"frise":[],"type-devenement":[],"tableaux-liens-externes":[],"class_list":["post-60421","post","type-post","status-publish","format-standard","has-post-thumbnail","hentry","category-highlights-en","genre-israeli-songs"],"acf":[],"yoast_head":"<!-- This site is optimized with the Yoast SEO plugin v27.3 - https:\/\/yoast.com\/product\/yoast-seo-wordpress\/ -->\n<title>The 33 rpm disc \u00ab Adama \u00bb by Israeli singer Ofra Haza - Institut Europ\u00e9en des Musiques Juives<\/title>\n<meta name=\"robots\" content=\"index, follow, max-snippet:-1, max-image-preview:large, max-video-preview:-1\" \/>\n<link rel=\"canonical\" href=\"https:\/\/www.iemj.org\/en\/le-33-trs-adama-de-la-chanteuse-iraelienne-ofra-haza\/\" \/>\n<meta property=\"og:locale\" content=\"en_US\" \/>\n<meta property=\"og:type\" content=\"article\" \/>\n<meta property=\"og:title\" content=\"The 33 rpm disc \u00ab Adama \u00bb by Israeli singer Ofra Haza - Institut Europ\u00e9en des Musiques Juives\" \/>\n<meta property=\"og:description\" content=\"This 33 rpm disc by Ofra Haza was released in 1985 by the Israeli music label Hed-Arzi. This is a rather unusual record because it is transparent and colored, and\" \/>\n<meta property=\"og:url\" content=\"https:\/\/www.iemj.org\/en\/le-33-trs-adama-de-la-chanteuse-iraelienne-ofra-haza\/\" \/>\n<meta property=\"og:site_name\" content=\"Institut Europ\u00e9en des Musiques Juives\" \/>\n<meta property=\"article:publisher\" content=\"https:\/\/www.facebook.com\/MusiquesJuives\/\" \/>\n<meta property=\"article:published_time\" content=\"2017-12-13T09:48:17+00:00\" \/>\n<meta property=\"article:modified_time\" content=\"2021-09-02T14:51:08+00:00\" \/>\n<meta property=\"og:image\" content=\"https:\/\/www.iemj.org\/wp-content\/uploads\/2017\/12\/arton2876-e1618748089440.jpg\" \/>\n\t<meta property=\"og:image:width\" content=\"500\" \/>\n\t<meta property=\"og:image:height\" content=\"564\" \/>\n\t<meta property=\"og:image:type\" content=\"image\/jpeg\" \/>\n<meta name=\"author\" content=\"Lea Couderc\" \/>\n<meta name=\"twitter:card\" content=\"summary_large_image\" \/>\n<meta name=\"twitter:label1\" content=\"Written by\" \/>\n\t<meta name=\"twitter:data1\" content=\"Lea Couderc\" \/>\n\t<meta name=\"twitter:label2\" content=\"Est. reading time\" \/>\n\t<meta name=\"twitter:data2\" content=\"2 minutes\" \/>\n<script type=\"application\/ld+json\" class=\"yoast-schema-graph\">{\"@context\":\"https:\\\/\\\/schema.org\",\"@graph\":[{\"@type\":\"Article\",\"@id\":\"https:\\\/\\\/www.iemj.org\\\/en\\\/le-33-trs-adama-de-la-chanteuse-iraelienne-ofra-haza\\\/#article\",\"isPartOf\":{\"@id\":\"https:\\\/\\\/www.iemj.org\\\/en\\\/le-33-trs-adama-de-la-chanteuse-iraelienne-ofra-haza\\\/\"},\"author\":{\"name\":\"Lea Couderc\",\"@id\":\"https:\\\/\\\/www.iemj.org\\\/en\\\/#\\\/schema\\\/person\\\/e2ad57f2c4be119c7ed8ab79036807a9\"},\"headline\":\"The 33 rpm disc \u00ab Adama \u00bb by Israeli singer Ofra Haza\",\"datePublished\":\"2017-12-13T09:48:17+00:00\",\"dateModified\":\"2021-09-02T14:51:08+00:00\",\"mainEntityOfPage\":{\"@id\":\"https:\\\/\\\/www.iemj.org\\\/en\\\/le-33-trs-adama-de-la-chanteuse-iraelienne-ofra-haza\\\/\"},\"wordCount\":324,\"publisher\":{\"@id\":\"https:\\\/\\\/www.iemj.org\\\/en\\\/#organization\"},\"image\":{\"@id\":\"https:\\\/\\\/www.iemj.org\\\/en\\\/le-33-trs-adama-de-la-chanteuse-iraelienne-ofra-haza\\\/#primaryimage\"},\"thumbnailUrl\":\"https:\\\/\\\/www.iemj.org\\\/wp-content\\\/uploads\\\/2017\\\/12\\\/arton2876-e1618748089440.jpg\",\"articleSection\":[\"Highlights\"],\"inLanguage\":\"en-US\"},{\"@type\":\"WebPage\",\"@id\":\"https:\\\/\\\/www.iemj.org\\\/en\\\/le-33-trs-adama-de-la-chanteuse-iraelienne-ofra-haza\\\/\",\"url\":\"https:\\\/\\\/www.iemj.org\\\/en\\\/le-33-trs-adama-de-la-chanteuse-iraelienne-ofra-haza\\\/\",\"name\":\"The 33 rpm disc \u00ab Adama \u00bb by Israeli singer Ofra Haza - Institut Europ\u00e9en des Musiques Juives\",\"isPartOf\":{\"@id\":\"https:\\\/\\\/www.iemj.org\\\/en\\\/#website\"},\"primaryImageOfPage\":{\"@id\":\"https:\\\/\\\/www.iemj.org\\\/en\\\/le-33-trs-adama-de-la-chanteuse-iraelienne-ofra-haza\\\/#primaryimage\"},\"image\":{\"@id\":\"https:\\\/\\\/www.iemj.org\\\/en\\\/le-33-trs-adama-de-la-chanteuse-iraelienne-ofra-haza\\\/#primaryimage\"},\"thumbnailUrl\":\"https:\\\/\\\/www.iemj.org\\\/wp-content\\\/uploads\\\/2017\\\/12\\\/arton2876-e1618748089440.jpg\",\"datePublished\":\"2017-12-13T09:48:17+00:00\",\"dateModified\":\"2021-09-02T14:51:08+00:00\",\"breadcrumb\":{\"@id\":\"https:\\\/\\\/www.iemj.org\\\/en\\\/le-33-trs-adama-de-la-chanteuse-iraelienne-ofra-haza\\\/#breadcrumb\"},\"inLanguage\":\"en-US\",\"potentialAction\":[{\"@type\":\"ReadAction\",\"target\":[\"https:\\\/\\\/www.iemj.org\\\/en\\\/le-33-trs-adama-de-la-chanteuse-iraelienne-ofra-haza\\\/\"]}]},{\"@type\":\"ImageObject\",\"inLanguage\":\"en-US\",\"@id\":\"https:\\\/\\\/www.iemj.org\\\/en\\\/le-33-trs-adama-de-la-chanteuse-iraelienne-ofra-haza\\\/#primaryimage\",\"url\":\"https:\\\/\\\/www.iemj.org\\\/wp-content\\\/uploads\\\/2017\\\/12\\\/arton2876-e1618748089440.jpg\",\"contentUrl\":\"https:\\\/\\\/www.iemj.org\\\/wp-content\\\/uploads\\\/2017\\\/12\\\/arton2876-e1618748089440.jpg\",\"width\":500,\"height\":564},{\"@type\":\"BreadcrumbList\",\"@id\":\"https:\\\/\\\/www.iemj.org\\\/en\\\/le-33-trs-adama-de-la-chanteuse-iraelienne-ofra-haza\\\/#breadcrumb\",\"itemListElement\":[{\"@type\":\"ListItem\",\"position\":1,\"name\":\"Accueil\",\"item\":\"https:\\\/\\\/www.iemj.org\\\/en\\\/\"},{\"@type\":\"ListItem\",\"position\":2,\"name\":\"The 33 rpm disc \u00ab Adama \u00bb by Israeli singer Ofra Haza\"}]},{\"@type\":\"WebSite\",\"@id\":\"https:\\\/\\\/www.iemj.org\\\/en\\\/#website\",\"url\":\"https:\\\/\\\/www.iemj.org\\\/en\\\/\",\"name\":\"Institut Europ\u00e9en des Musiques Juives\",\"description\":\"Des traditions musicales \u00e0 la port\u00e9e de tous\",\"publisher\":{\"@id\":\"https:\\\/\\\/www.iemj.org\\\/en\\\/#organization\"},\"potentialAction\":[{\"@type\":\"SearchAction\",\"target\":{\"@type\":\"EntryPoint\",\"urlTemplate\":\"https:\\\/\\\/www.iemj.org\\\/en\\\/?s={search_term_string}\"},\"query-input\":{\"@type\":\"PropertyValueSpecification\",\"valueRequired\":true,\"valueName\":\"search_term_string\"}}],\"inLanguage\":\"en-US\"},{\"@type\":\"Organization\",\"@id\":\"https:\\\/\\\/www.iemj.org\\\/en\\\/#organization\",\"name\":\"Institut Europ\u00e9en des Musiques Juives\",\"url\":\"https:\\\/\\\/www.iemj.org\\\/en\\\/\",\"logo\":{\"@type\":\"ImageObject\",\"inLanguage\":\"en-US\",\"@id\":\"https:\\\/\\\/www.iemj.org\\\/en\\\/#\\\/schema\\\/logo\\\/image\\\/\",\"url\":\"https:\\\/\\\/www.iemj.org\\\/wp-content\\\/uploads\\\/2021\\\/09\\\/Logo-IEMJ-Paypal.jpg\",\"contentUrl\":\"https:\\\/\\\/www.iemj.org\\\/wp-content\\\/uploads\\\/2021\\\/09\\\/Logo-IEMJ-Paypal.jpg\",\"width\":150,\"height\":50,\"caption\":\"Institut Europ\u00e9en des Musiques Juives\"},\"image\":{\"@id\":\"https:\\\/\\\/www.iemj.org\\\/en\\\/#\\\/schema\\\/logo\\\/image\\\/\"},\"sameAs\":[\"https:\\\/\\\/www.facebook.com\\\/MusiquesJuives\\\/\",\"https:\\\/\\\/www.instagram.com\\\/musiquesjuives\\\/\",\"https:\\\/\\\/www.youtube.com\\\/user\\\/musiquesjuives\"]},{\"@type\":\"Person\",\"@id\":\"https:\\\/\\\/www.iemj.org\\\/en\\\/#\\\/schema\\\/person\\\/e2ad57f2c4be119c7ed8ab79036807a9\",\"name\":\"Lea Couderc\",\"image\":{\"@type\":\"ImageObject\",\"inLanguage\":\"en-US\",\"@id\":\"https:\\\/\\\/secure.gravatar.com\\\/avatar\\\/46ee021475d60aeff17a7e490b79dea5a5684bb392ab7fd1494027411df8ba23?s=96&d=mm&r=g\",\"url\":\"https:\\\/\\\/secure.gravatar.com\\\/avatar\\\/46ee021475d60aeff17a7e490b79dea5a5684bb392ab7fd1494027411df8ba23?s=96&d=mm&r=g\",\"contentUrl\":\"https:\\\/\\\/secure.gravatar.com\\\/avatar\\\/46ee021475d60aeff17a7e490b79dea5a5684bb392ab7fd1494027411df8ba23?s=96&d=mm&r=g\",\"caption\":\"Lea Couderc\"}}]}<\/script>\n<!-- \/ Yoast SEO plugin. -->","yoast_head_json":{"title":"The 33 rpm disc \u00ab Adama \u00bb by Israeli singer Ofra Haza - Institut Europ\u00e9en des Musiques Juives","robots":{"index":"index","follow":"follow","max-snippet":"max-snippet:-1","max-image-preview":"max-image-preview:large","max-video-preview":"max-video-preview:-1"},"canonical":"https:\/\/www.iemj.org\/en\/le-33-trs-adama-de-la-chanteuse-iraelienne-ofra-haza\/","og_locale":"en_US","og_type":"article","og_title":"The 33 rpm disc \u00ab Adama \u00bb by Israeli singer Ofra Haza - Institut Europ\u00e9en des Musiques Juives","og_description":"This 33 rpm disc by Ofra Haza was released in 1985 by the Israeli music label Hed-Arzi. This is a rather unusual record because it is transparent and colored, and","og_url":"https:\/\/www.iemj.org\/en\/le-33-trs-adama-de-la-chanteuse-iraelienne-ofra-haza\/","og_site_name":"Institut Europ\u00e9en des Musiques Juives","article_publisher":"https:\/\/www.facebook.com\/MusiquesJuives\/","article_published_time":"2017-12-13T09:48:17+00:00","article_modified_time":"2021-09-02T14:51:08+00:00","og_image":[{"width":500,"height":564,"url":"https:\/\/www.iemj.org\/wp-content\/uploads\/2017\/12\/arton2876-e1618748089440.jpg","type":"image\/jpeg"}],"author":"Lea Couderc","twitter_card":"summary_large_image","twitter_misc":{"Written by":"Lea Couderc","Est. reading time":"2 minutes"},"schema":{"@context":"https:\/\/schema.org","@graph":[{"@type":"Article","@id":"https:\/\/www.iemj.org\/en\/le-33-trs-adama-de-la-chanteuse-iraelienne-ofra-haza\/#article","isPartOf":{"@id":"https:\/\/www.iemj.org\/en\/le-33-trs-adama-de-la-chanteuse-iraelienne-ofra-haza\/"},"author":{"name":"Lea Couderc","@id":"https:\/\/www.iemj.org\/en\/#\/schema\/person\/e2ad57f2c4be119c7ed8ab79036807a9"},"headline":"The 33 rpm disc \u00ab Adama \u00bb by Israeli singer Ofra Haza","datePublished":"2017-12-13T09:48:17+00:00","dateModified":"2021-09-02T14:51:08+00:00","mainEntityOfPage":{"@id":"https:\/\/www.iemj.org\/en\/le-33-trs-adama-de-la-chanteuse-iraelienne-ofra-haza\/"},"wordCount":324,"publisher":{"@id":"https:\/\/www.iemj.org\/en\/#organization"},"image":{"@id":"https:\/\/www.iemj.org\/en\/le-33-trs-adama-de-la-chanteuse-iraelienne-ofra-haza\/#primaryimage"},"thumbnailUrl":"https:\/\/www.iemj.org\/wp-content\/uploads\/2017\/12\/arton2876-e1618748089440.jpg","articleSection":["Highlights"],"inLanguage":"en-US"},{"@type":"WebPage","@id":"https:\/\/www.iemj.org\/en\/le-33-trs-adama-de-la-chanteuse-iraelienne-ofra-haza\/","url":"https:\/\/www.iemj.org\/en\/le-33-trs-adama-de-la-chanteuse-iraelienne-ofra-haza\/","name":"The 33 rpm disc \u00ab Adama \u00bb by Israeli singer Ofra Haza - Institut Europ\u00e9en des Musiques Juives","isPartOf":{"@id":"https:\/\/www.iemj.org\/en\/#website"},"primaryImageOfPage":{"@id":"https:\/\/www.iemj.org\/en\/le-33-trs-adama-de-la-chanteuse-iraelienne-ofra-haza\/#primaryimage"},"image":{"@id":"https:\/\/www.iemj.org\/en\/le-33-trs-adama-de-la-chanteuse-iraelienne-ofra-haza\/#primaryimage"},"thumbnailUrl":"https:\/\/www.iemj.org\/wp-content\/uploads\/2017\/12\/arton2876-e1618748089440.jpg","datePublished":"2017-12-13T09:48:17+00:00","dateModified":"2021-09-02T14:51:08+00:00","breadcrumb":{"@id":"https:\/\/www.iemj.org\/en\/le-33-trs-adama-de-la-chanteuse-iraelienne-ofra-haza\/#breadcrumb"},"inLanguage":"en-US","potentialAction":[{"@type":"ReadAction","target":["https:\/\/www.iemj.org\/en\/le-33-trs-adama-de-la-chanteuse-iraelienne-ofra-haza\/"]}]},{"@type":"ImageObject","inLanguage":"en-US","@id":"https:\/\/www.iemj.org\/en\/le-33-trs-adama-de-la-chanteuse-iraelienne-ofra-haza\/#primaryimage","url":"https:\/\/www.iemj.org\/wp-content\/uploads\/2017\/12\/arton2876-e1618748089440.jpg","contentUrl":"https:\/\/www.iemj.org\/wp-content\/uploads\/2017\/12\/arton2876-e1618748089440.jpg","width":500,"height":564},{"@type":"BreadcrumbList","@id":"https:\/\/www.iemj.org\/en\/le-33-trs-adama-de-la-chanteuse-iraelienne-ofra-haza\/#breadcrumb","itemListElement":[{"@type":"ListItem","position":1,"name":"Accueil","item":"https:\/\/www.iemj.org\/en\/"},{"@type":"ListItem","position":2,"name":"The 33 rpm disc \u00ab Adama \u00bb by Israeli singer Ofra Haza"}]},{"@type":"WebSite","@id":"https:\/\/www.iemj.org\/en\/#website","url":"https:\/\/www.iemj.org\/en\/","name":"Institut Europ\u00e9en des Musiques Juives","description":"Des traditions musicales \u00e0 la port\u00e9e de tous","publisher":{"@id":"https:\/\/www.iemj.org\/en\/#organization"},"potentialAction":[{"@type":"SearchAction","target":{"@type":"EntryPoint","urlTemplate":"https:\/\/www.iemj.org\/en\/?s={search_term_string}"},"query-input":{"@type":"PropertyValueSpecification","valueRequired":true,"valueName":"search_term_string"}}],"inLanguage":"en-US"},{"@type":"Organization","@id":"https:\/\/www.iemj.org\/en\/#organization","name":"Institut Europ\u00e9en des Musiques Juives","url":"https:\/\/www.iemj.org\/en\/","logo":{"@type":"ImageObject","inLanguage":"en-US","@id":"https:\/\/www.iemj.org\/en\/#\/schema\/logo\/image\/","url":"https:\/\/www.iemj.org\/wp-content\/uploads\/2021\/09\/Logo-IEMJ-Paypal.jpg","contentUrl":"https:\/\/www.iemj.org\/wp-content\/uploads\/2021\/09\/Logo-IEMJ-Paypal.jpg","width":150,"height":50,"caption":"Institut Europ\u00e9en des Musiques Juives"},"image":{"@id":"https:\/\/www.iemj.org\/en\/#\/schema\/logo\/image\/"},"sameAs":["https:\/\/www.facebook.com\/MusiquesJuives\/","https:\/\/www.instagram.com\/musiquesjuives\/","https:\/\/www.youtube.com\/user\/musiquesjuives"]},{"@type":"Person","@id":"https:\/\/www.iemj.org\/en\/#\/schema\/person\/e2ad57f2c4be119c7ed8ab79036807a9","name":"Lea Couderc","image":{"@type":"ImageObject","inLanguage":"en-US","@id":"https:\/\/secure.gravatar.com\/avatar\/46ee021475d60aeff17a7e490b79dea5a5684bb392ab7fd1494027411df8ba23?s=96&d=mm&r=g","url":"https:\/\/secure.gravatar.com\/avatar\/46ee021475d60aeff17a7e490b79dea5a5684bb392ab7fd1494027411df8ba23?s=96&d=mm&r=g","contentUrl":"https:\/\/secure.gravatar.com\/avatar\/46ee021475d60aeff17a7e490b79dea5a5684bb392ab7fd1494027411df8ba23?s=96&d=mm&r=g","caption":"Lea Couderc"}}]}},"_links":{"self":[{"href":"https:\/\/www.iemj.org\/en\/wp-json\/wp\/v2\/posts\/60421","targetHints":{"allow":["GET"]}}],"collection":[{"href":"https:\/\/www.iemj.org\/en\/wp-json\/wp\/v2\/posts"}],"about":[{"href":"https:\/\/www.iemj.org\/en\/wp-json\/wp\/v2\/types\/post"}],"author":[{"embeddable":true,"href":"https:\/\/www.iemj.org\/en\/wp-json\/wp\/v2\/users\/1052"}],"replies":[{"embeddable":true,"href":"https:\/\/www.iemj.org\/en\/wp-json\/wp\/v2\/comments?post=60421"}],"version-history":[{"count":0,"href":"https:\/\/www.iemj.org\/en\/wp-json\/wp\/v2\/posts\/60421\/revisions"}],"wp:featuredmedia":[{"embeddable":true,"href":"https:\/\/www.iemj.org\/en\/wp-json\/wp\/v2\/media\/17155"}],"wp:attachment":[{"href":"https:\/\/www.iemj.org\/en\/wp-json\/wp\/v2\/media?parent=60421"}],"wp:term":[{"taxonomy":"category","embeddable":true,"href":"https:\/\/www.iemj.org\/en\/wp-json\/wp\/v2\/categories?post=60421"},{"taxonomy":"post_tag","embeddable":true,"href":"https:\/\/www.iemj.org\/en\/wp-json\/wp\/v2\/tags?post=60421"},{"taxonomy":"technique","embeddable":true,"href":"https:\/\/www.iemj.org\/en\/wp-json\/wp\/v2\/technique?post=60421"},{"taxonomy":"squelettes","embeddable":true,"href":"https:\/\/www.iemj.org\/en\/wp-json\/wp\/v2\/squelettes?post=60421"},{"taxonomy":"sujet","embeddable":true,"href":"https:\/\/www.iemj.org\/en\/wp-json\/wp\/v2\/sujet?post=60421"},{"taxonomy":"formation","embeddable":true,"href":"https:\/\/www.iemj.org\/en\/wp-json\/wp\/v2\/formation?post=60421"},{"taxonomy":"genre","embeddable":true,"href":"https:\/\/www.iemj.org\/en\/wp-json\/wp\/v2\/genre?post=60421"},{"taxonomy":"fonds","embeddable":true,"href":"https:\/\/www.iemj.org\/en\/wp-json\/wp\/v2\/fonds?post=60421"},{"taxonomy":"tradition","embeddable":true,"href":"https:\/\/www.iemj.org\/en\/wp-json\/wp\/v2\/tradition?post=60421"},{"taxonomy":"type-de-contenu","embeddable":true,"href":"https:\/\/www.iemj.org\/en\/wp-json\/wp\/v2\/type-de-contenu?post=60421"},{"taxonomy":"interprete-compositeur","embeddable":true,"href":"https:\/\/www.iemj.org\/en\/wp-json\/wp\/v2\/interprete-compositeur?post=60421"},{"taxonomy":"frise","embeddable":true,"href":"https:\/\/www.iemj.org\/en\/wp-json\/wp\/v2\/frise?post=60421"},{"taxonomy":"type-devenement","embeddable":true,"href":"https:\/\/www.iemj.org\/en\/wp-json\/wp\/v2\/type-devenement?post=60421"},{"taxonomy":"tableaux-liens-externes","embeddable":true,"href":"https:\/\/www.iemj.org\/en\/wp-json\/wp\/v2\/tableaux-liens-externes?post=60421"}],"curies":[{"name":"wp","href":"https:\/\/api.w.org\/{rel}","templated":true}]}}