{"id":60494,"date":"2017-05-30T16:38:30","date_gmt":"2017-05-30T14:38:30","guid":{"rendered":"https:\/\/www.iemj.org\/la-synagogue-de-la-victoire-150-ans-du-judaisme-francais\/"},"modified":"2024-01-16T12:37:00","modified_gmt":"2024-01-16T11:37:00","slug":"la-synagogue-de-la-victoire-150-ans-du-judaisme-francais","status":"publish","type":"post","link":"https:\/\/www.iemj.org\/en\/la-synagogue-de-la-victoire-150-ans-du-judaisme-francais\/","title":{"rendered":"La synagogue de la Victoire, 150 ans du juda\u00efsme fran\u00e7ais"},"content":{"rendered":"<p><em>The synagogue of la Victoire, 150 years of French Judaism<\/em>, released in May 2017, is a collective work, under the co-direction of Jacques Canet, president of la Victoire, and Claude Nataf, historian and vice-president of the French Commission of Jewish archives.<\/p>\n<p>Written with the collaboration of Martine Cohen, Mo\u00efse Cohen, Ariel Danan, Cyril Grange, Laura Hobson Faure, Ha\u00efm Korsia, Jean-Claude Kuperminc, Philippe Landau, F\u00e9lix Loeb, Stanislas Mah\u00e9, Ariel Messas, Martin Messika, B\u00e9atrice Philippe, Catherine Poujol, Herv\u00e9 Roten, Nelly Singer and Jean-Claude Werba, and with the participation of many worshippers and witnesses.<\/p>\n<h4><strong>A retrospective and testimonies of a model of integration<\/strong><\/h4>\n<p>The authors shed pertinent and still actual light on the administration of the religious life in the French Republic<img fetchpriority=\"high\" decoding=\"async\" class=\" alignright  wp-image-14273\" src=\"https:\/\/www.iemj.org\/wp-content\/uploads\/2017\/05\/photo_2.jpg\" alt=\"photo_2.jpg\" width=\"261\" height=\"195\" align=\"right\" \/>.<br \/>In what did the synagogue of la Victoire actively participated to the several fights of the Republic with the role played by the rabbis and leaders who drove it and the different personalities who came?<\/p>\n<p>Where does this model, which is impregnated with Jewish and French universalism, finds its expression in the Republican model of France? What present and what future for this integration model?<\/p>\n<p><img decoding=\"async\" class=\" alignleft  wp-image-14279\" src=\"https:\/\/www.iemj.org\/wp-content\/uploads\/2017\/05\/photo_c.jpg\" alt=\"photo_c.jpg\" width=\"229\" height=\"171\" align=\"left\" \/>Living place of cult, culture, official ceremonies, the synagogue of la Victoire is a place for multidisciplinary thought. Page after page, the lector follows 150 years of history, religious facts, political moments, music, architecture, and also personal paths, past and contemporary, which made or still participate in the glory of Paris Great synagogue.<\/p>\n<\/p>\n<p><em>Featuring in this book a lecture by Herv\u00e9 Roten about the musical heritage of the Grande Synagogue de la Victoire, of which the author patiently reconstituted with consistorial archives.<\/em><\/p>\n<p><a href=\"https:\/\/www.iemj.org\/en\/singing-la-victoire\/\" target=\"_blank\" rel=\"noopener\">Listen to the EIJM&#8217;s radio podcast about the book<\/a><br \/><a href=\"https:\/\/www.iemj.org\/en\/musiques-liturgiques-de-la-synagogue-de-la-victoire\/\" target=\"_blank\" rel=\"noopener\">Listen to a playlist featuring the best pieces of the synagogue de La Victoire<\/a><\/p>\n\n\n<figure class=\"wp-block-video\"><video height=\"576\" style=\"aspect-ratio: 720 \/ 576;\" width=\"720\" controls poster=\"https:\/\/www.iemj.org\/wp-content\/uploads\/2017\/05\/Capture.png\" src=\"https:\/\/www.iemj.org\/wp-content\/uploads\/2019\/03\/montage_sdv_les_150_ans_de_la_victoire.mp4\"><\/video><figcaption class=\"wp-element-caption\">Watch a video of the presentation of the book<strong> <em>La synagogue de la Victoire, 150 ans du juda\u00efsme fran\u00e7ais<\/em> by Jacques Canet, president of the Synagogue de la Victoire &#8211; Excerpt from the TV program La Source de Vie, directed by Josy Eisenberg<\/strong><\/figcaption><\/figure>\n\n\n\n<p><\/p>\n","protected":false},"excerpt":{"rendered":"<p>The synagogue of la Victoire, 150 years of French Judaism, released in May 2017, is a collective work, under the co-direction of Jacques Canet, president of la Victoire, and Claude<\/p>\n","protected":false},"author":5,"featured_media":14271,"comment_status":"closed","ping_status":"open","sticky":false,"template":"","format":"standard","meta":{"_acf_changed":false,"footnotes":""},"categories":[1579,1562],"tags":[],"technique":[],"squelettes":[],"sujet":[2112],"formation":[],"genre":[],"fonds":[],"tradition":[],"type-de-contenu":[],"interprete-compositeur":[],"frise":[],"type-devenement":[],"tableaux-liens-externes":[],"class_list":["post-60494","post","type-post","status-publish","format-standard","has-post-thumbnail","hentry","category-books-articles-en","category-latest-acquisitions-en","sujet-music-of-the-synagogue-en"],"acf":[],"yoast_head":"<!-- This site is optimized with the Yoast SEO plugin v27.3 - https:\/\/yoast.com\/product\/yoast-seo-wordpress\/ -->\n<title>La synagogue de la Victoire, 150 ans du juda\u00efsme fran\u00e7ais - Institut Europ\u00e9en des Musiques Juives<\/title>\n<meta name=\"robots\" content=\"index, follow, max-snippet:-1, max-image-preview:large, max-video-preview:-1\" \/>\n<link rel=\"canonical\" href=\"https:\/\/www.iemj.org\/en\/la-synagogue-de-la-victoire-150-ans-du-judaisme-francais\/\" \/>\n<meta property=\"og:locale\" content=\"en_US\" \/>\n<meta property=\"og:type\" content=\"article\" \/>\n<meta property=\"og:title\" content=\"La synagogue de la Victoire, 150 ans du juda\u00efsme fran\u00e7ais - Institut Europ\u00e9en des Musiques Juives\" \/>\n<meta property=\"og:description\" content=\"The synagogue of la Victoire, 150 years of French Judaism, released in May 2017, is a collective work, under the co-direction of Jacques Canet, president of la Victoire, and Claude\" \/>\n<meta property=\"og:url\" content=\"https:\/\/www.iemj.org\/en\/la-synagogue-de-la-victoire-150-ans-du-judaisme-francais\/\" \/>\n<meta property=\"og:site_name\" content=\"Institut Europ\u00e9en des Musiques Juives\" \/>\n<meta property=\"article:publisher\" content=\"https:\/\/www.facebook.com\/MusiquesJuives\/\" \/>\n<meta property=\"article:published_time\" content=\"2017-05-30T14:38:30+00:00\" \/>\n<meta property=\"article:modified_time\" content=\"2024-01-16T11:37:00+00:00\" \/>\n<meta property=\"og:image\" content=\"https:\/\/www.iemj.org\/wp-content\/uploads\/2017\/05\/arton2332-e1619202342562.jpg\" \/>\n\t<meta property=\"og:image:width\" content=\"500\" \/>\n\t<meta property=\"og:image:height\" content=\"365\" \/>\n\t<meta property=\"og:image:type\" content=\"image\/jpeg\" \/>\n<meta name=\"author\" content=\"Jacqueline ROTEN\" \/>\n<meta name=\"twitter:card\" content=\"summary_large_image\" \/>\n<meta name=\"twitter:label1\" content=\"Written by\" \/>\n\t<meta name=\"twitter:data1\" content=\"Jacqueline ROTEN\" \/>\n\t<meta name=\"twitter:label2\" content=\"Est. reading time\" \/>\n\t<meta name=\"twitter:data2\" content=\"3 minutes\" \/>\n<script type=\"application\/ld+json\" class=\"yoast-schema-graph\">{\"@context\":\"https:\\\/\\\/schema.org\",\"@graph\":[{\"@type\":\"Article\",\"@id\":\"https:\\\/\\\/www.iemj.org\\\/en\\\/la-synagogue-de-la-victoire-150-ans-du-judaisme-francais\\\/#article\",\"isPartOf\":{\"@id\":\"https:\\\/\\\/www.iemj.org\\\/en\\\/la-synagogue-de-la-victoire-150-ans-du-judaisme-francais\\\/\"},\"author\":{\"name\":\"Jacqueline ROTEN\",\"@id\":\"https:\\\/\\\/www.iemj.org\\\/en\\\/#\\\/schema\\\/person\\\/358e26c18aca017fcc4cc15437f7279c\"},\"headline\":\"La synagogue de la Victoire, 150 ans du juda\u00efsme fran\u00e7ais\",\"datePublished\":\"2017-05-30T14:38:30+00:00\",\"dateModified\":\"2024-01-16T11:37:00+00:00\",\"mainEntityOfPage\":{\"@id\":\"https:\\\/\\\/www.iemj.org\\\/en\\\/la-synagogue-de-la-victoire-150-ans-du-judaisme-francais\\\/\"},\"wordCount\":346,\"publisher\":{\"@id\":\"https:\\\/\\\/www.iemj.org\\\/en\\\/#organization\"},\"image\":{\"@id\":\"https:\\\/\\\/www.iemj.org\\\/en\\\/la-synagogue-de-la-victoire-150-ans-du-judaisme-francais\\\/#primaryimage\"},\"thumbnailUrl\":\"https:\\\/\\\/www.iemj.org\\\/wp-content\\\/uploads\\\/2017\\\/05\\\/arton2332-e1619202342562.jpg\",\"articleSection\":[\"Books, articles\",\"Latest Acquisitions\"],\"inLanguage\":\"en-US\"},{\"@type\":\"WebPage\",\"@id\":\"https:\\\/\\\/www.iemj.org\\\/en\\\/la-synagogue-de-la-victoire-150-ans-du-judaisme-francais\\\/\",\"url\":\"https:\\\/\\\/www.iemj.org\\\/en\\\/la-synagogue-de-la-victoire-150-ans-du-judaisme-francais\\\/\",\"name\":\"La synagogue de la Victoire, 150 ans du juda\u00efsme fran\u00e7ais - Institut Europ\u00e9en des Musiques Juives\",\"isPartOf\":{\"@id\":\"https:\\\/\\\/www.iemj.org\\\/en\\\/#website\"},\"primaryImageOfPage\":{\"@id\":\"https:\\\/\\\/www.iemj.org\\\/en\\\/la-synagogue-de-la-victoire-150-ans-du-judaisme-francais\\\/#primaryimage\"},\"image\":{\"@id\":\"https:\\\/\\\/www.iemj.org\\\/en\\\/la-synagogue-de-la-victoire-150-ans-du-judaisme-francais\\\/#primaryimage\"},\"thumbnailUrl\":\"https:\\\/\\\/www.iemj.org\\\/wp-content\\\/uploads\\\/2017\\\/05\\\/arton2332-e1619202342562.jpg\",\"datePublished\":\"2017-05-30T14:38:30+00:00\",\"dateModified\":\"2024-01-16T11:37:00+00:00\",\"breadcrumb\":{\"@id\":\"https:\\\/\\\/www.iemj.org\\\/en\\\/la-synagogue-de-la-victoire-150-ans-du-judaisme-francais\\\/#breadcrumb\"},\"inLanguage\":\"en-US\",\"potentialAction\":[{\"@type\":\"ReadAction\",\"target\":[\"https:\\\/\\\/www.iemj.org\\\/en\\\/la-synagogue-de-la-victoire-150-ans-du-judaisme-francais\\\/\"]}]},{\"@type\":\"ImageObject\",\"inLanguage\":\"en-US\",\"@id\":\"https:\\\/\\\/www.iemj.org\\\/en\\\/la-synagogue-de-la-victoire-150-ans-du-judaisme-francais\\\/#primaryimage\",\"url\":\"https:\\\/\\\/www.iemj.org\\\/wp-content\\\/uploads\\\/2017\\\/05\\\/arton2332-e1619202342562.jpg\",\"contentUrl\":\"https:\\\/\\\/www.iemj.org\\\/wp-content\\\/uploads\\\/2017\\\/05\\\/arton2332-e1619202342562.jpg\",\"width\":500,\"height\":365},{\"@type\":\"BreadcrumbList\",\"@id\":\"https:\\\/\\\/www.iemj.org\\\/en\\\/la-synagogue-de-la-victoire-150-ans-du-judaisme-francais\\\/#breadcrumb\",\"itemListElement\":[{\"@type\":\"ListItem\",\"position\":1,\"name\":\"Accueil\",\"item\":\"https:\\\/\\\/www.iemj.org\\\/en\\\/\"},{\"@type\":\"ListItem\",\"position\":2,\"name\":\"La synagogue de la Victoire, 150 ans du juda\u00efsme fran\u00e7ais\"}]},{\"@type\":\"WebSite\",\"@id\":\"https:\\\/\\\/www.iemj.org\\\/en\\\/#website\",\"url\":\"https:\\\/\\\/www.iemj.org\\\/en\\\/\",\"name\":\"Institut Europ\u00e9en des Musiques Juives\",\"description\":\"Des traditions musicales \u00e0 la port\u00e9e de tous\",\"publisher\":{\"@id\":\"https:\\\/\\\/www.iemj.org\\\/en\\\/#organization\"},\"potentialAction\":[{\"@type\":\"SearchAction\",\"target\":{\"@type\":\"EntryPoint\",\"urlTemplate\":\"https:\\\/\\\/www.iemj.org\\\/en\\\/?s={search_term_string}\"},\"query-input\":{\"@type\":\"PropertyValueSpecification\",\"valueRequired\":true,\"valueName\":\"search_term_string\"}}],\"inLanguage\":\"en-US\"},{\"@type\":\"Organization\",\"@id\":\"https:\\\/\\\/www.iemj.org\\\/en\\\/#organization\",\"name\":\"Institut Europ\u00e9en des Musiques Juives\",\"url\":\"https:\\\/\\\/www.iemj.org\\\/en\\\/\",\"logo\":{\"@type\":\"ImageObject\",\"inLanguage\":\"en-US\",\"@id\":\"https:\\\/\\\/www.iemj.org\\\/en\\\/#\\\/schema\\\/logo\\\/image\\\/\",\"url\":\"https:\\\/\\\/www.iemj.org\\\/wp-content\\\/uploads\\\/2021\\\/09\\\/Logo-IEMJ-Paypal.jpg\",\"contentUrl\":\"https:\\\/\\\/www.iemj.org\\\/wp-content\\\/uploads\\\/2021\\\/09\\\/Logo-IEMJ-Paypal.jpg\",\"width\":150,\"height\":50,\"caption\":\"Institut Europ\u00e9en des Musiques Juives\"},\"image\":{\"@id\":\"https:\\\/\\\/www.iemj.org\\\/en\\\/#\\\/schema\\\/logo\\\/image\\\/\"},\"sameAs\":[\"https:\\\/\\\/www.facebook.com\\\/MusiquesJuives\\\/\",\"https:\\\/\\\/www.instagram.com\\\/musiquesjuives\\\/\",\"https:\\\/\\\/www.youtube.com\\\/user\\\/musiquesjuives\"]},{\"@type\":\"Person\",\"@id\":\"https:\\\/\\\/www.iemj.org\\\/en\\\/#\\\/schema\\\/person\\\/358e26c18aca017fcc4cc15437f7279c\",\"name\":\"Jacqueline ROTEN\",\"image\":{\"@type\":\"ImageObject\",\"inLanguage\":\"en-US\",\"@id\":\"https:\\\/\\\/secure.gravatar.com\\\/avatar\\\/5964256d6c6957de3a3505278957e0fb2a35119ac47ea41827a65301213c810b?s=96&d=mm&r=g\",\"url\":\"https:\\\/\\\/secure.gravatar.com\\\/avatar\\\/5964256d6c6957de3a3505278957e0fb2a35119ac47ea41827a65301213c810b?s=96&d=mm&r=g\",\"contentUrl\":\"https:\\\/\\\/secure.gravatar.com\\\/avatar\\\/5964256d6c6957de3a3505278957e0fb2a35119ac47ea41827a65301213c810b?s=96&d=mm&r=g\",\"caption\":\"Jacqueline ROTEN\"}}]}<\/script>\n<!-- \/ Yoast SEO plugin. -->","yoast_head_json":{"title":"La synagogue de la Victoire, 150 ans du juda\u00efsme fran\u00e7ais - Institut Europ\u00e9en des Musiques Juives","robots":{"index":"index","follow":"follow","max-snippet":"max-snippet:-1","max-image-preview":"max-image-preview:large","max-video-preview":"max-video-preview:-1"},"canonical":"https:\/\/www.iemj.org\/en\/la-synagogue-de-la-victoire-150-ans-du-judaisme-francais\/","og_locale":"en_US","og_type":"article","og_title":"La synagogue de la Victoire, 150 ans du juda\u00efsme fran\u00e7ais - Institut Europ\u00e9en des Musiques Juives","og_description":"The synagogue of la Victoire, 150 years of French Judaism, released in May 2017, is a collective work, under the co-direction of Jacques Canet, president of la Victoire, and Claude","og_url":"https:\/\/www.iemj.org\/en\/la-synagogue-de-la-victoire-150-ans-du-judaisme-francais\/","og_site_name":"Institut Europ\u00e9en des Musiques Juives","article_publisher":"https:\/\/www.facebook.com\/MusiquesJuives\/","article_published_time":"2017-05-30T14:38:30+00:00","article_modified_time":"2024-01-16T11:37:00+00:00","og_image":[{"width":500,"height":365,"url":"https:\/\/www.iemj.org\/wp-content\/uploads\/2017\/05\/arton2332-e1619202342562.jpg","type":"image\/jpeg"}],"author":"Jacqueline ROTEN","twitter_card":"summary_large_image","twitter_misc":{"Written by":"Jacqueline ROTEN","Est. reading time":"3 minutes"},"schema":{"@context":"https:\/\/schema.org","@graph":[{"@type":"Article","@id":"https:\/\/www.iemj.org\/en\/la-synagogue-de-la-victoire-150-ans-du-judaisme-francais\/#article","isPartOf":{"@id":"https:\/\/www.iemj.org\/en\/la-synagogue-de-la-victoire-150-ans-du-judaisme-francais\/"},"author":{"name":"Jacqueline ROTEN","@id":"https:\/\/www.iemj.org\/en\/#\/schema\/person\/358e26c18aca017fcc4cc15437f7279c"},"headline":"La synagogue de la Victoire, 150 ans du juda\u00efsme fran\u00e7ais","datePublished":"2017-05-30T14:38:30+00:00","dateModified":"2024-01-16T11:37:00+00:00","mainEntityOfPage":{"@id":"https:\/\/www.iemj.org\/en\/la-synagogue-de-la-victoire-150-ans-du-judaisme-francais\/"},"wordCount":346,"publisher":{"@id":"https:\/\/www.iemj.org\/en\/#organization"},"image":{"@id":"https:\/\/www.iemj.org\/en\/la-synagogue-de-la-victoire-150-ans-du-judaisme-francais\/#primaryimage"},"thumbnailUrl":"https:\/\/www.iemj.org\/wp-content\/uploads\/2017\/05\/arton2332-e1619202342562.jpg","articleSection":["Books, articles","Latest Acquisitions"],"inLanguage":"en-US"},{"@type":"WebPage","@id":"https:\/\/www.iemj.org\/en\/la-synagogue-de-la-victoire-150-ans-du-judaisme-francais\/","url":"https:\/\/www.iemj.org\/en\/la-synagogue-de-la-victoire-150-ans-du-judaisme-francais\/","name":"La synagogue de la Victoire, 150 ans du juda\u00efsme fran\u00e7ais - Institut Europ\u00e9en des Musiques Juives","isPartOf":{"@id":"https:\/\/www.iemj.org\/en\/#website"},"primaryImageOfPage":{"@id":"https:\/\/www.iemj.org\/en\/la-synagogue-de-la-victoire-150-ans-du-judaisme-francais\/#primaryimage"},"image":{"@id":"https:\/\/www.iemj.org\/en\/la-synagogue-de-la-victoire-150-ans-du-judaisme-francais\/#primaryimage"},"thumbnailUrl":"https:\/\/www.iemj.org\/wp-content\/uploads\/2017\/05\/arton2332-e1619202342562.jpg","datePublished":"2017-05-30T14:38:30+00:00","dateModified":"2024-01-16T11:37:00+00:00","breadcrumb":{"@id":"https:\/\/www.iemj.org\/en\/la-synagogue-de-la-victoire-150-ans-du-judaisme-francais\/#breadcrumb"},"inLanguage":"en-US","potentialAction":[{"@type":"ReadAction","target":["https:\/\/www.iemj.org\/en\/la-synagogue-de-la-victoire-150-ans-du-judaisme-francais\/"]}]},{"@type":"ImageObject","inLanguage":"en-US","@id":"https:\/\/www.iemj.org\/en\/la-synagogue-de-la-victoire-150-ans-du-judaisme-francais\/#primaryimage","url":"https:\/\/www.iemj.org\/wp-content\/uploads\/2017\/05\/arton2332-e1619202342562.jpg","contentUrl":"https:\/\/www.iemj.org\/wp-content\/uploads\/2017\/05\/arton2332-e1619202342562.jpg","width":500,"height":365},{"@type":"BreadcrumbList","@id":"https:\/\/www.iemj.org\/en\/la-synagogue-de-la-victoire-150-ans-du-judaisme-francais\/#breadcrumb","itemListElement":[{"@type":"ListItem","position":1,"name":"Accueil","item":"https:\/\/www.iemj.org\/en\/"},{"@type":"ListItem","position":2,"name":"La synagogue de la Victoire, 150 ans du juda\u00efsme fran\u00e7ais"}]},{"@type":"WebSite","@id":"https:\/\/www.iemj.org\/en\/#website","url":"https:\/\/www.iemj.org\/en\/","name":"Institut Europ\u00e9en des Musiques Juives","description":"Des traditions musicales \u00e0 la port\u00e9e de tous","publisher":{"@id":"https:\/\/www.iemj.org\/en\/#organization"},"potentialAction":[{"@type":"SearchAction","target":{"@type":"EntryPoint","urlTemplate":"https:\/\/www.iemj.org\/en\/?s={search_term_string}"},"query-input":{"@type":"PropertyValueSpecification","valueRequired":true,"valueName":"search_term_string"}}],"inLanguage":"en-US"},{"@type":"Organization","@id":"https:\/\/www.iemj.org\/en\/#organization","name":"Institut Europ\u00e9en des Musiques Juives","url":"https:\/\/www.iemj.org\/en\/","logo":{"@type":"ImageObject","inLanguage":"en-US","@id":"https:\/\/www.iemj.org\/en\/#\/schema\/logo\/image\/","url":"https:\/\/www.iemj.org\/wp-content\/uploads\/2021\/09\/Logo-IEMJ-Paypal.jpg","contentUrl":"https:\/\/www.iemj.org\/wp-content\/uploads\/2021\/09\/Logo-IEMJ-Paypal.jpg","width":150,"height":50,"caption":"Institut Europ\u00e9en des Musiques Juives"},"image":{"@id":"https:\/\/www.iemj.org\/en\/#\/schema\/logo\/image\/"},"sameAs":["https:\/\/www.facebook.com\/MusiquesJuives\/","https:\/\/www.instagram.com\/musiquesjuives\/","https:\/\/www.youtube.com\/user\/musiquesjuives"]},{"@type":"Person","@id":"https:\/\/www.iemj.org\/en\/#\/schema\/person\/358e26c18aca017fcc4cc15437f7279c","name":"Jacqueline ROTEN","image":{"@type":"ImageObject","inLanguage":"en-US","@id":"https:\/\/secure.gravatar.com\/avatar\/5964256d6c6957de3a3505278957e0fb2a35119ac47ea41827a65301213c810b?s=96&d=mm&r=g","url":"https:\/\/secure.gravatar.com\/avatar\/5964256d6c6957de3a3505278957e0fb2a35119ac47ea41827a65301213c810b?s=96&d=mm&r=g","contentUrl":"https:\/\/secure.gravatar.com\/avatar\/5964256d6c6957de3a3505278957e0fb2a35119ac47ea41827a65301213c810b?s=96&d=mm&r=g","caption":"Jacqueline ROTEN"}}]}},"_links":{"self":[{"href":"https:\/\/www.iemj.org\/en\/wp-json\/wp\/v2\/posts\/60494","targetHints":{"allow":["GET"]}}],"collection":[{"href":"https:\/\/www.iemj.org\/en\/wp-json\/wp\/v2\/posts"}],"about":[{"href":"https:\/\/www.iemj.org\/en\/wp-json\/wp\/v2\/types\/post"}],"author":[{"embeddable":true,"href":"https:\/\/www.iemj.org\/en\/wp-json\/wp\/v2\/users\/5"}],"replies":[{"embeddable":true,"href":"https:\/\/www.iemj.org\/en\/wp-json\/wp\/v2\/comments?post=60494"}],"version-history":[{"count":0,"href":"https:\/\/www.iemj.org\/en\/wp-json\/wp\/v2\/posts\/60494\/revisions"}],"wp:featuredmedia":[{"embeddable":true,"href":"https:\/\/www.iemj.org\/en\/wp-json\/wp\/v2\/media\/14271"}],"wp:attachment":[{"href":"https:\/\/www.iemj.org\/en\/wp-json\/wp\/v2\/media?parent=60494"}],"wp:term":[{"taxonomy":"category","embeddable":true,"href":"https:\/\/www.iemj.org\/en\/wp-json\/wp\/v2\/categories?post=60494"},{"taxonomy":"post_tag","embeddable":true,"href":"https:\/\/www.iemj.org\/en\/wp-json\/wp\/v2\/tags?post=60494"},{"taxonomy":"technique","embeddable":true,"href":"https:\/\/www.iemj.org\/en\/wp-json\/wp\/v2\/technique?post=60494"},{"taxonomy":"squelettes","embeddable":true,"href":"https:\/\/www.iemj.org\/en\/wp-json\/wp\/v2\/squelettes?post=60494"},{"taxonomy":"sujet","embeddable":true,"href":"https:\/\/www.iemj.org\/en\/wp-json\/wp\/v2\/sujet?post=60494"},{"taxonomy":"formation","embeddable":true,"href":"https:\/\/www.iemj.org\/en\/wp-json\/wp\/v2\/formation?post=60494"},{"taxonomy":"genre","embeddable":true,"href":"https:\/\/www.iemj.org\/en\/wp-json\/wp\/v2\/genre?post=60494"},{"taxonomy":"fonds","embeddable":true,"href":"https:\/\/www.iemj.org\/en\/wp-json\/wp\/v2\/fonds?post=60494"},{"taxonomy":"tradition","embeddable":true,"href":"https:\/\/www.iemj.org\/en\/wp-json\/wp\/v2\/tradition?post=60494"},{"taxonomy":"type-de-contenu","embeddable":true,"href":"https:\/\/www.iemj.org\/en\/wp-json\/wp\/v2\/type-de-contenu?post=60494"},{"taxonomy":"interprete-compositeur","embeddable":true,"href":"https:\/\/www.iemj.org\/en\/wp-json\/wp\/v2\/interprete-compositeur?post=60494"},{"taxonomy":"frise","embeddable":true,"href":"https:\/\/www.iemj.org\/en\/wp-json\/wp\/v2\/frise?post=60494"},{"taxonomy":"type-devenement","embeddable":true,"href":"https:\/\/www.iemj.org\/en\/wp-json\/wp\/v2\/type-devenement?post=60494"},{"taxonomy":"tableaux-liens-externes","embeddable":true,"href":"https:\/\/www.iemj.org\/en\/wp-json\/wp\/v2\/tableaux-liens-externes?post=60494"}],"curies":[{"name":"wp","href":"https:\/\/api.w.org\/{rel}","templated":true}]}}