{"id":60516,"date":"2017-02-01T11:56:24","date_gmt":"2017-02-01T10:56:24","guid":{"rendered":"https:\/\/www.iemj.org\/oy-oy-oy-gevalt-jews-and-punk\/"},"modified":"2023-05-31T17:35:04","modified_gmt":"2023-05-31T15:35:04","slug":"oy-oy-oy-gevalt-jews-and-punk","status":"publish","type":"post","link":"https:\/\/www.iemj.org\/en\/oy-oy-oy-gevalt-jews-and-punk\/","title":{"rendered":"Oy oy oy gevalt ! Jews and punk"},"content":{"rendered":"<p>Jews and punk. Two words that can seem contradictory, and yet&#8230;<\/p>\n<p>In the preface of his book <em>Oy oy oy gevalt ! Jews and Punk<\/em>, <strong>Michael Croland<\/strong> shows the similarities of these two worlds through this simple word \u201coy\/oi\u201d. The first \u201coy\u201d is a common Yiddish word that roughly translates to <em>\u00ab oh ! \u00bb<\/em>. It expresses dismay or disbelief, sometimes sarcastically. It can be used on its own and in such sayings as <em>\u00ab oy vey \u00bb<\/em>, <em>\u00ab oy gevalt \u00bb<\/em>, <em>\u00ab oy oy oy \u00bb<\/em>. The second \u201coi\u201d is a punk slogan rooted in the British working class and heard at soccer games in the United Kingdom. It became associated with skinhead bands in the late 1970\u2019s, sometimes with racist and anti-Semitic overtones.<br \/>The music called \u201cOi\u201d has become a sub-genre of punk rock, that often has choruses doing <em>\u00ab Oi ! Oi ! Oi ! \u00bb<\/em>, and that can be heard today in a variety of punk rock acts, wether they are racist or anti-fascist.<\/p>\n<p>After digging through articles, websites, and old cassette tapes, Michael Croland compiled this absorbing ethnography of Jews in punk music, or expressing a punk attitude (non-conventional, rebel, outsiders&#8230;) through their art (music, video, zines&#8230;). He writes about these artists who claim their double identity, Jewish and punk: from the pioneer band <strong>The Ramones<\/strong> &#8211; including two Jews and two non-Jews, and which the opening track of their first album is called <em>\u00ab Blitzkrieg Bop \u00bb<\/em> &#8211; to <strong>Moshiach Oi !<\/strong>, <strong>Daniel Kahn<\/strong>, <strong>The Dictators<\/strong>, <strong>The Clash<\/strong>, <strong>NOFX<\/strong>, <strong>Schmeckel<\/strong>, <strong>Yidcore<\/strong>, <strong>Golem<\/strong>, and <strong>Steve Lieberman<\/strong>, aka <strong>\u00ab Gangsta Rabbi \u00bb<\/strong>.<\/p>\n<p>Yishai Romanoff, the Jewish orthodox and lead singer of the punk rock band <strong>Moshiach Oi !<\/strong> explains, for example, that his song <em>\u00ab Avraham was a Punk Rocker \u00bb<\/em> can be an anthem for Jewish punk : <em>\u00ab Born into a society of lies \u2013 As a young man he came to realize \u2013 That everything around him was deceptive vanity \u2013 Avraham was the first one to break free \u2013 Avraham was a punk rocker \u2013 Smashing all the idols, yea, he never could be conquered \u2013 Thrown into the fire for daring to resist \u2013 Giving us a reason to exist&#8230;\u00bb.<\/em><\/p>\n<p>Through many anecdotes and interviews, the followers of this strange sect show us that they found an understanding environment, after having felt outsiders or excluded from their communities, whether it\u2019s a punk or a Jewish community.<\/p>\n<p><a href=\"https:\/\/michaelcroland.com\/oy-oy-oy-gevalt\/\" target=\"_blank\" rel=\"noopener\">Learn more, browse the author&#8217;s website<\/a><br \/><a href=\"https:\/\/www.amazon.fr\/Oy-Gevalt-Jews-Punk\/dp\/1440832196\">Purchase the book<\/a><\/p>\n\n\n<figure class=\"wp-block-embed is-type-video is-provider-youtube wp-block-embed-youtube wp-embed-aspect-4-3 wp-has-aspect-ratio\"><div class=\"wp-block-embed__wrapper\">\n<iframe title=\"Moshiach Oi! - Avraham Was A Punk Rocker\" width=\"640\" height=\"480\" src=\"https:\/\/www.youtube.com\/embed\/VLPgW1qXY-c?feature=oembed\" frameborder=\"0\" allow=\"accelerometer; autoplay; clipboard-write; encrypted-media; gyroscope; picture-in-picture; web-share\" referrerpolicy=\"strict-origin-when-cross-origin\" allowfullscreen><\/iframe>\n<\/div><\/figure>\n","protected":false},"excerpt":{"rendered":"<p>Jews and punk. Two words that can seem contradictory, and yet&#8230; In the preface of his book Oy oy oy gevalt ! Jews and Punk, Michael Croland shows the similarities<\/p>\n","protected":false},"author":1048,"featured_media":12871,"comment_status":"closed","ping_status":"open","sticky":false,"template":"","format":"standard","meta":{"_acf_changed":false,"footnotes":""},"categories":[1579,1562],"tags":[],"technique":[],"squelettes":[],"sujet":[],"formation":[],"genre":[],"fonds":[],"tradition":[],"type-de-contenu":[],"interprete-compositeur":[],"frise":[],"type-devenement":[],"tableaux-liens-externes":[],"class_list":["post-60516","post","type-post","status-publish","format-standard","has-post-thumbnail","hentry","category-books-articles-en","category-latest-acquisitions-en"],"acf":[],"yoast_head":"<!-- This site is optimized with the Yoast SEO plugin v27.3 - https:\/\/yoast.com\/product\/yoast-seo-wordpress\/ -->\n<title>Oy oy oy gevalt ! Jews and punk - Institut Europ\u00e9en des Musiques Juives<\/title>\n<meta name=\"robots\" content=\"index, follow, max-snippet:-1, max-image-preview:large, max-video-preview:-1\" \/>\n<link rel=\"canonical\" href=\"https:\/\/www.iemj.org\/en\/oy-oy-oy-gevalt-jews-and-punk\/\" \/>\n<meta property=\"og:locale\" content=\"en_US\" \/>\n<meta property=\"og:type\" content=\"article\" \/>\n<meta property=\"og:title\" content=\"Oy oy oy gevalt ! Jews and punk - Institut Europ\u00e9en des Musiques Juives\" \/>\n<meta property=\"og:description\" content=\"Jews and punk. Two words that can seem contradictory, and yet&#8230; In the preface of his book Oy oy oy gevalt ! Jews and Punk, Michael Croland shows the similarities\" \/>\n<meta property=\"og:url\" content=\"https:\/\/www.iemj.org\/en\/oy-oy-oy-gevalt-jews-and-punk\/\" \/>\n<meta property=\"og:site_name\" content=\"Institut Europ\u00e9en des Musiques Juives\" \/>\n<meta property=\"article:publisher\" content=\"https:\/\/www.facebook.com\/MusiquesJuives\/\" \/>\n<meta property=\"article:published_time\" content=\"2017-02-01T10:56:24+00:00\" \/>\n<meta property=\"article:modified_time\" content=\"2023-05-31T15:35:04+00:00\" \/>\n<meta property=\"og:image\" content=\"https:\/\/www.iemj.org\/wp-content\/uploads\/2017\/02\/arton2071-scaled-e1619344738255.jpg\" \/>\n\t<meta property=\"og:image:width\" content=\"1710\" \/>\n\t<meta property=\"og:image:height\" content=\"2560\" \/>\n\t<meta property=\"og:image:type\" content=\"image\/jpeg\" \/>\n<meta name=\"author\" content=\"Jean-Gabriel Davis\" \/>\n<meta name=\"twitter:card\" content=\"summary_large_image\" \/>\n<meta name=\"twitter:label1\" content=\"Written by\" \/>\n\t<meta name=\"twitter:data1\" content=\"Jean-Gabriel Davis\" \/>\n\t<meta name=\"twitter:label2\" content=\"Est. reading time\" \/>\n\t<meta name=\"twitter:data2\" content=\"2 minutes\" \/>\n<script type=\"application\/ld+json\" class=\"yoast-schema-graph\">{\"@context\":\"https:\\\/\\\/schema.org\",\"@graph\":[{\"@type\":\"Article\",\"@id\":\"https:\\\/\\\/www.iemj.org\\\/en\\\/oy-oy-oy-gevalt-jews-and-punk\\\/#article\",\"isPartOf\":{\"@id\":\"https:\\\/\\\/www.iemj.org\\\/en\\\/oy-oy-oy-gevalt-jews-and-punk\\\/\"},\"author\":{\"name\":\"Jean-Gabriel Davis\",\"@id\":\"https:\\\/\\\/www.iemj.org\\\/en\\\/#\\\/schema\\\/person\\\/c9bc1c386a3749579a2d675e72a18666\"},\"headline\":\"Oy oy oy gevalt ! Jews and punk\",\"datePublished\":\"2017-02-01T10:56:24+00:00\",\"dateModified\":\"2023-05-31T15:35:04+00:00\",\"mainEntityOfPage\":{\"@id\":\"https:\\\/\\\/www.iemj.org\\\/en\\\/oy-oy-oy-gevalt-jews-and-punk\\\/\"},\"wordCount\":397,\"publisher\":{\"@id\":\"https:\\\/\\\/www.iemj.org\\\/en\\\/#organization\"},\"image\":{\"@id\":\"https:\\\/\\\/www.iemj.org\\\/en\\\/oy-oy-oy-gevalt-jews-and-punk\\\/#primaryimage\"},\"thumbnailUrl\":\"https:\\\/\\\/www.iemj.org\\\/wp-content\\\/uploads\\\/2017\\\/02\\\/arton2071-scaled-e1619344738255.jpg\",\"articleSection\":[\"Books, articles\",\"Latest Acquisitions\"],\"inLanguage\":\"en-US\"},{\"@type\":\"WebPage\",\"@id\":\"https:\\\/\\\/www.iemj.org\\\/en\\\/oy-oy-oy-gevalt-jews-and-punk\\\/\",\"url\":\"https:\\\/\\\/www.iemj.org\\\/en\\\/oy-oy-oy-gevalt-jews-and-punk\\\/\",\"name\":\"Oy oy oy gevalt ! Jews and punk - Institut Europ\u00e9en des Musiques Juives\",\"isPartOf\":{\"@id\":\"https:\\\/\\\/www.iemj.org\\\/en\\\/#website\"},\"primaryImageOfPage\":{\"@id\":\"https:\\\/\\\/www.iemj.org\\\/en\\\/oy-oy-oy-gevalt-jews-and-punk\\\/#primaryimage\"},\"image\":{\"@id\":\"https:\\\/\\\/www.iemj.org\\\/en\\\/oy-oy-oy-gevalt-jews-and-punk\\\/#primaryimage\"},\"thumbnailUrl\":\"https:\\\/\\\/www.iemj.org\\\/wp-content\\\/uploads\\\/2017\\\/02\\\/arton2071-scaled-e1619344738255.jpg\",\"datePublished\":\"2017-02-01T10:56:24+00:00\",\"dateModified\":\"2023-05-31T15:35:04+00:00\",\"breadcrumb\":{\"@id\":\"https:\\\/\\\/www.iemj.org\\\/en\\\/oy-oy-oy-gevalt-jews-and-punk\\\/#breadcrumb\"},\"inLanguage\":\"en-US\",\"potentialAction\":[{\"@type\":\"ReadAction\",\"target\":[\"https:\\\/\\\/www.iemj.org\\\/en\\\/oy-oy-oy-gevalt-jews-and-punk\\\/\"]}]},{\"@type\":\"ImageObject\",\"inLanguage\":\"en-US\",\"@id\":\"https:\\\/\\\/www.iemj.org\\\/en\\\/oy-oy-oy-gevalt-jews-and-punk\\\/#primaryimage\",\"url\":\"https:\\\/\\\/www.iemj.org\\\/wp-content\\\/uploads\\\/2017\\\/02\\\/arton2071-scaled-e1619344738255.jpg\",\"contentUrl\":\"https:\\\/\\\/www.iemj.org\\\/wp-content\\\/uploads\\\/2017\\\/02\\\/arton2071-scaled-e1619344738255.jpg\",\"width\":1710,\"height\":2560},{\"@type\":\"BreadcrumbList\",\"@id\":\"https:\\\/\\\/www.iemj.org\\\/en\\\/oy-oy-oy-gevalt-jews-and-punk\\\/#breadcrumb\",\"itemListElement\":[{\"@type\":\"ListItem\",\"position\":1,\"name\":\"Accueil\",\"item\":\"https:\\\/\\\/www.iemj.org\\\/en\\\/\"},{\"@type\":\"ListItem\",\"position\":2,\"name\":\"Oy oy oy gevalt ! Jews and punk\"}]},{\"@type\":\"WebSite\",\"@id\":\"https:\\\/\\\/www.iemj.org\\\/en\\\/#website\",\"url\":\"https:\\\/\\\/www.iemj.org\\\/en\\\/\",\"name\":\"Institut Europ\u00e9en des Musiques Juives\",\"description\":\"Des traditions musicales \u00e0 la port\u00e9e de tous\",\"publisher\":{\"@id\":\"https:\\\/\\\/www.iemj.org\\\/en\\\/#organization\"},\"potentialAction\":[{\"@type\":\"SearchAction\",\"target\":{\"@type\":\"EntryPoint\",\"urlTemplate\":\"https:\\\/\\\/www.iemj.org\\\/en\\\/?s={search_term_string}\"},\"query-input\":{\"@type\":\"PropertyValueSpecification\",\"valueRequired\":true,\"valueName\":\"search_term_string\"}}],\"inLanguage\":\"en-US\"},{\"@type\":\"Organization\",\"@id\":\"https:\\\/\\\/www.iemj.org\\\/en\\\/#organization\",\"name\":\"Institut Europ\u00e9en des Musiques Juives\",\"url\":\"https:\\\/\\\/www.iemj.org\\\/en\\\/\",\"logo\":{\"@type\":\"ImageObject\",\"inLanguage\":\"en-US\",\"@id\":\"https:\\\/\\\/www.iemj.org\\\/en\\\/#\\\/schema\\\/logo\\\/image\\\/\",\"url\":\"https:\\\/\\\/www.iemj.org\\\/wp-content\\\/uploads\\\/2021\\\/09\\\/Logo-IEMJ-Paypal.jpg\",\"contentUrl\":\"https:\\\/\\\/www.iemj.org\\\/wp-content\\\/uploads\\\/2021\\\/09\\\/Logo-IEMJ-Paypal.jpg\",\"width\":150,\"height\":50,\"caption\":\"Institut Europ\u00e9en des Musiques Juives\"},\"image\":{\"@id\":\"https:\\\/\\\/www.iemj.org\\\/en\\\/#\\\/schema\\\/logo\\\/image\\\/\"},\"sameAs\":[\"https:\\\/\\\/www.facebook.com\\\/MusiquesJuives\\\/\",\"https:\\\/\\\/www.instagram.com\\\/musiquesjuives\\\/\",\"https:\\\/\\\/www.youtube.com\\\/user\\\/musiquesjuives\"]},{\"@type\":\"Person\",\"@id\":\"https:\\\/\\\/www.iemj.org\\\/en\\\/#\\\/schema\\\/person\\\/c9bc1c386a3749579a2d675e72a18666\",\"name\":\"Jean-Gabriel Davis\",\"image\":{\"@type\":\"ImageObject\",\"inLanguage\":\"en-US\",\"@id\":\"https:\\\/\\\/secure.gravatar.com\\\/avatar\\\/2b90d67bdf392c9b3a21fab87c0fa7edaf1fb3a058172a1ffd61033fcec7aec1?s=96&d=mm&r=g\",\"url\":\"https:\\\/\\\/secure.gravatar.com\\\/avatar\\\/2b90d67bdf392c9b3a21fab87c0fa7edaf1fb3a058172a1ffd61033fcec7aec1?s=96&d=mm&r=g\",\"contentUrl\":\"https:\\\/\\\/secure.gravatar.com\\\/avatar\\\/2b90d67bdf392c9b3a21fab87c0fa7edaf1fb3a058172a1ffd61033fcec7aec1?s=96&d=mm&r=g\",\"caption\":\"Jean-Gabriel Davis\"}}]}<\/script>\n<!-- \/ Yoast SEO plugin. -->","yoast_head_json":{"title":"Oy oy oy gevalt ! Jews and punk - Institut Europ\u00e9en des Musiques Juives","robots":{"index":"index","follow":"follow","max-snippet":"max-snippet:-1","max-image-preview":"max-image-preview:large","max-video-preview":"max-video-preview:-1"},"canonical":"https:\/\/www.iemj.org\/en\/oy-oy-oy-gevalt-jews-and-punk\/","og_locale":"en_US","og_type":"article","og_title":"Oy oy oy gevalt ! Jews and punk - Institut Europ\u00e9en des Musiques Juives","og_description":"Jews and punk. Two words that can seem contradictory, and yet&#8230; In the preface of his book Oy oy oy gevalt ! Jews and Punk, Michael Croland shows the similarities","og_url":"https:\/\/www.iemj.org\/en\/oy-oy-oy-gevalt-jews-and-punk\/","og_site_name":"Institut Europ\u00e9en des Musiques Juives","article_publisher":"https:\/\/www.facebook.com\/MusiquesJuives\/","article_published_time":"2017-02-01T10:56:24+00:00","article_modified_time":"2023-05-31T15:35:04+00:00","og_image":[{"width":1710,"height":2560,"url":"https:\/\/www.iemj.org\/wp-content\/uploads\/2017\/02\/arton2071-scaled-e1619344738255.jpg","type":"image\/jpeg"}],"author":"Jean-Gabriel Davis","twitter_card":"summary_large_image","twitter_misc":{"Written by":"Jean-Gabriel Davis","Est. reading time":"2 minutes"},"schema":{"@context":"https:\/\/schema.org","@graph":[{"@type":"Article","@id":"https:\/\/www.iemj.org\/en\/oy-oy-oy-gevalt-jews-and-punk\/#article","isPartOf":{"@id":"https:\/\/www.iemj.org\/en\/oy-oy-oy-gevalt-jews-and-punk\/"},"author":{"name":"Jean-Gabriel Davis","@id":"https:\/\/www.iemj.org\/en\/#\/schema\/person\/c9bc1c386a3749579a2d675e72a18666"},"headline":"Oy oy oy gevalt ! Jews and punk","datePublished":"2017-02-01T10:56:24+00:00","dateModified":"2023-05-31T15:35:04+00:00","mainEntityOfPage":{"@id":"https:\/\/www.iemj.org\/en\/oy-oy-oy-gevalt-jews-and-punk\/"},"wordCount":397,"publisher":{"@id":"https:\/\/www.iemj.org\/en\/#organization"},"image":{"@id":"https:\/\/www.iemj.org\/en\/oy-oy-oy-gevalt-jews-and-punk\/#primaryimage"},"thumbnailUrl":"https:\/\/www.iemj.org\/wp-content\/uploads\/2017\/02\/arton2071-scaled-e1619344738255.jpg","articleSection":["Books, articles","Latest Acquisitions"],"inLanguage":"en-US"},{"@type":"WebPage","@id":"https:\/\/www.iemj.org\/en\/oy-oy-oy-gevalt-jews-and-punk\/","url":"https:\/\/www.iemj.org\/en\/oy-oy-oy-gevalt-jews-and-punk\/","name":"Oy oy oy gevalt ! Jews and punk - Institut Europ\u00e9en des Musiques Juives","isPartOf":{"@id":"https:\/\/www.iemj.org\/en\/#website"},"primaryImageOfPage":{"@id":"https:\/\/www.iemj.org\/en\/oy-oy-oy-gevalt-jews-and-punk\/#primaryimage"},"image":{"@id":"https:\/\/www.iemj.org\/en\/oy-oy-oy-gevalt-jews-and-punk\/#primaryimage"},"thumbnailUrl":"https:\/\/www.iemj.org\/wp-content\/uploads\/2017\/02\/arton2071-scaled-e1619344738255.jpg","datePublished":"2017-02-01T10:56:24+00:00","dateModified":"2023-05-31T15:35:04+00:00","breadcrumb":{"@id":"https:\/\/www.iemj.org\/en\/oy-oy-oy-gevalt-jews-and-punk\/#breadcrumb"},"inLanguage":"en-US","potentialAction":[{"@type":"ReadAction","target":["https:\/\/www.iemj.org\/en\/oy-oy-oy-gevalt-jews-and-punk\/"]}]},{"@type":"ImageObject","inLanguage":"en-US","@id":"https:\/\/www.iemj.org\/en\/oy-oy-oy-gevalt-jews-and-punk\/#primaryimage","url":"https:\/\/www.iemj.org\/wp-content\/uploads\/2017\/02\/arton2071-scaled-e1619344738255.jpg","contentUrl":"https:\/\/www.iemj.org\/wp-content\/uploads\/2017\/02\/arton2071-scaled-e1619344738255.jpg","width":1710,"height":2560},{"@type":"BreadcrumbList","@id":"https:\/\/www.iemj.org\/en\/oy-oy-oy-gevalt-jews-and-punk\/#breadcrumb","itemListElement":[{"@type":"ListItem","position":1,"name":"Accueil","item":"https:\/\/www.iemj.org\/en\/"},{"@type":"ListItem","position":2,"name":"Oy oy oy gevalt ! Jews and punk"}]},{"@type":"WebSite","@id":"https:\/\/www.iemj.org\/en\/#website","url":"https:\/\/www.iemj.org\/en\/","name":"Institut Europ\u00e9en des Musiques Juives","description":"Des traditions musicales \u00e0 la port\u00e9e de tous","publisher":{"@id":"https:\/\/www.iemj.org\/en\/#organization"},"potentialAction":[{"@type":"SearchAction","target":{"@type":"EntryPoint","urlTemplate":"https:\/\/www.iemj.org\/en\/?s={search_term_string}"},"query-input":{"@type":"PropertyValueSpecification","valueRequired":true,"valueName":"search_term_string"}}],"inLanguage":"en-US"},{"@type":"Organization","@id":"https:\/\/www.iemj.org\/en\/#organization","name":"Institut Europ\u00e9en des Musiques Juives","url":"https:\/\/www.iemj.org\/en\/","logo":{"@type":"ImageObject","inLanguage":"en-US","@id":"https:\/\/www.iemj.org\/en\/#\/schema\/logo\/image\/","url":"https:\/\/www.iemj.org\/wp-content\/uploads\/2021\/09\/Logo-IEMJ-Paypal.jpg","contentUrl":"https:\/\/www.iemj.org\/wp-content\/uploads\/2021\/09\/Logo-IEMJ-Paypal.jpg","width":150,"height":50,"caption":"Institut Europ\u00e9en des Musiques Juives"},"image":{"@id":"https:\/\/www.iemj.org\/en\/#\/schema\/logo\/image\/"},"sameAs":["https:\/\/www.facebook.com\/MusiquesJuives\/","https:\/\/www.instagram.com\/musiquesjuives\/","https:\/\/www.youtube.com\/user\/musiquesjuives"]},{"@type":"Person","@id":"https:\/\/www.iemj.org\/en\/#\/schema\/person\/c9bc1c386a3749579a2d675e72a18666","name":"Jean-Gabriel Davis","image":{"@type":"ImageObject","inLanguage":"en-US","@id":"https:\/\/secure.gravatar.com\/avatar\/2b90d67bdf392c9b3a21fab87c0fa7edaf1fb3a058172a1ffd61033fcec7aec1?s=96&d=mm&r=g","url":"https:\/\/secure.gravatar.com\/avatar\/2b90d67bdf392c9b3a21fab87c0fa7edaf1fb3a058172a1ffd61033fcec7aec1?s=96&d=mm&r=g","contentUrl":"https:\/\/secure.gravatar.com\/avatar\/2b90d67bdf392c9b3a21fab87c0fa7edaf1fb3a058172a1ffd61033fcec7aec1?s=96&d=mm&r=g","caption":"Jean-Gabriel Davis"}}]}},"_links":{"self":[{"href":"https:\/\/www.iemj.org\/en\/wp-json\/wp\/v2\/posts\/60516","targetHints":{"allow":["GET"]}}],"collection":[{"href":"https:\/\/www.iemj.org\/en\/wp-json\/wp\/v2\/posts"}],"about":[{"href":"https:\/\/www.iemj.org\/en\/wp-json\/wp\/v2\/types\/post"}],"author":[{"embeddable":true,"href":"https:\/\/www.iemj.org\/en\/wp-json\/wp\/v2\/users\/1048"}],"replies":[{"embeddable":true,"href":"https:\/\/www.iemj.org\/en\/wp-json\/wp\/v2\/comments?post=60516"}],"version-history":[{"count":0,"href":"https:\/\/www.iemj.org\/en\/wp-json\/wp\/v2\/posts\/60516\/revisions"}],"wp:featuredmedia":[{"embeddable":true,"href":"https:\/\/www.iemj.org\/en\/wp-json\/wp\/v2\/media\/12871"}],"wp:attachment":[{"href":"https:\/\/www.iemj.org\/en\/wp-json\/wp\/v2\/media?parent=60516"}],"wp:term":[{"taxonomy":"category","embeddable":true,"href":"https:\/\/www.iemj.org\/en\/wp-json\/wp\/v2\/categories?post=60516"},{"taxonomy":"post_tag","embeddable":true,"href":"https:\/\/www.iemj.org\/en\/wp-json\/wp\/v2\/tags?post=60516"},{"taxonomy":"technique","embeddable":true,"href":"https:\/\/www.iemj.org\/en\/wp-json\/wp\/v2\/technique?post=60516"},{"taxonomy":"squelettes","embeddable":true,"href":"https:\/\/www.iemj.org\/en\/wp-json\/wp\/v2\/squelettes?post=60516"},{"taxonomy":"sujet","embeddable":true,"href":"https:\/\/www.iemj.org\/en\/wp-json\/wp\/v2\/sujet?post=60516"},{"taxonomy":"formation","embeddable":true,"href":"https:\/\/www.iemj.org\/en\/wp-json\/wp\/v2\/formation?post=60516"},{"taxonomy":"genre","embeddable":true,"href":"https:\/\/www.iemj.org\/en\/wp-json\/wp\/v2\/genre?post=60516"},{"taxonomy":"fonds","embeddable":true,"href":"https:\/\/www.iemj.org\/en\/wp-json\/wp\/v2\/fonds?post=60516"},{"taxonomy":"tradition","embeddable":true,"href":"https:\/\/www.iemj.org\/en\/wp-json\/wp\/v2\/tradition?post=60516"},{"taxonomy":"type-de-contenu","embeddable":true,"href":"https:\/\/www.iemj.org\/en\/wp-json\/wp\/v2\/type-de-contenu?post=60516"},{"taxonomy":"interprete-compositeur","embeddable":true,"href":"https:\/\/www.iemj.org\/en\/wp-json\/wp\/v2\/interprete-compositeur?post=60516"},{"taxonomy":"frise","embeddable":true,"href":"https:\/\/www.iemj.org\/en\/wp-json\/wp\/v2\/frise?post=60516"},{"taxonomy":"type-devenement","embeddable":true,"href":"https:\/\/www.iemj.org\/en\/wp-json\/wp\/v2\/type-devenement?post=60516"},{"taxonomy":"tableaux-liens-externes","embeddable":true,"href":"https:\/\/www.iemj.org\/en\/wp-json\/wp\/v2\/tableaux-liens-externes?post=60516"}],"curies":[{"name":"wp","href":"https:\/\/api.w.org\/{rel}","templated":true}]}}