{"id":60839,"date":"2016-03-29T17:02:49","date_gmt":"2016-03-29T15:02:49","guid":{"rendered":"https:\/\/www.iemj.org\/les-publications-de-la-societe-armin-berg\/"},"modified":"2025-10-16T18:18:56","modified_gmt":"2025-10-16T16:18:56","slug":"les-publications-de-la-societe-armin-berg","status":"publish","type":"post","link":"https:\/\/www.iemj.org\/en\/les-publications-de-la-societe-armin-berg\/","title":{"rendered":"The publications from the Armin Berg Society"},"content":{"rendered":"<p>Founded in 2003 and based in Vienna, Austria, the Armin Berg Society\u2019s goals are the research on Jewish performing arts before World War II, and their restitution through live shows.<\/p>\n<p>This research has led to the publication of various books and theater performances. Until 1938, the Jewish performing arts flourished, in Austria among other countries, and were not limited to a small circle, but open for a larger audience.<br \/>By performing these shows today, the Armin Berg Society brings back to life this theater and entertainment that almost fell into oblivion. Before the war, many small stages from German speaking countries depended on these Jewish musicians, writers, actors, composers.<\/p>\n<p><img fetchpriority=\"high\" decoding=\"async\" class=\" wp-image-9865 alignleft\" src=\"https:\/\/www.iemj.org\/wp-content\/uploads\/2016\/03\/budap3-2.jpg\" alt=\"budap3-2.jpg\" width=\"250\" height=\"350\" align=\"right\" srcset=\"https:\/\/www.iemj.org\/wp-content\/uploads\/2016\/03\/budap3-2.jpg 340w, https:\/\/www.iemj.org\/wp-content\/uploads\/2016\/03\/budap3-2-215x300.jpg 215w\" sizes=\"(max-width: 250px) 100vw, 250px\" \/><\/p>\n<p><img decoding=\"async\" class=\" wp-image-9867 alignright\" src=\"https:\/\/www.iemj.org\/wp-content\/uploads\/2016\/03\/lachen3.jpg\" alt=\"lachen3.jpg\" width=\"250\" height=\"350\" align=\"middle\" srcset=\"https:\/\/www.iemj.org\/wp-content\/uploads\/2016\/03\/lachen3.jpg 316w, https:\/\/www.iemj.org\/wp-content\/uploads\/2016\/03\/lachen3-214x300.jpg 214w\" sizes=\"(max-width: 250px) 100vw, 250px\" \/><\/p>\n<p>Some of the texts and compositions survived in archives, museums, libraries and private collections.<br \/>Songs from various artists, such as Walter Jurman, are still part of the collective memory, but their lives stay mainly unknown. The activity of the Armin Berg Society allows us to know better the works of these artists.<\/p>\n<p>Created in 2009, the Armin Berg Publishing House published various books in German on this subject that are now part of EIJM collections.<\/p>\n<p><strong><img decoding=\"async\" class=\" alignright  wp-image-9861\" src=\"https:\/\/www.iemj.org\/wp-content\/uploads\/2016\/03\/judisches_kabaret2_couv.jpg\" alt=\"judisches_kabaret2_couv.jpg\" width=\"240\" height=\"360\" align=\"right\" srcset=\"https:\/\/www.iemj.org\/wp-content\/uploads\/2016\/03\/judisches_kabaret2_couv.jpg 262w, https:\/\/www.iemj.org\/wp-content\/uploads\/2016\/03\/judisches_kabaret2_couv-199x300.jpg 199w\" sizes=\"(max-width: 240px) 100vw, 240px\" \/>J\u00fcdisches Kabarett in Wien 1889 &#8211; 2009<\/strong><br \/>(Jewish cabarets in Vienna 1889 &#8211; 2009)<\/p>\n<p>In Vienna, the Jews, surrounded by an anti-Semite environment, could express their creativity through the cabarets. Artists and intellectuals, Jews and Non-Jews, gathered in these places and enjoyed high quality performances.<br \/>This collective work is dedicated to the history of these Jewish cabarets in Vienna.<\/p>\n<p><strong><img loading=\"lazy\" decoding=\"async\" class=\" alignleft  wp-image-9859\" src=\"https:\/\/www.iemj.org\/wp-content\/uploads\/2016\/03\/ich_glaub.jpg\" alt=\"ich_glaub.jpg\" width=\"296\" height=\"413\" align=\"left\" srcset=\"https:\/\/www.iemj.org\/wp-content\/uploads\/2016\/03\/ich_glaub.jpg 321w, https:\/\/www.iemj.org\/wp-content\/uploads\/2016\/03\/ich_glaub-215x300.jpg 215w\" sizes=\"(max-width: 296px) 100vw, 296px\" \/>&#8220;Ich glaub&#8217; ich bin nicht ganz normal&#8221;<\/strong><br \/>(&#8220;I think I am not completely normal &#8220;)<br \/>This book is dedicated to Armin Berg, legendary Austrian artist that performed between 1900 and 1938 in the famous cabarets and entertainment stages. Comedian, singer, actor, his style combined Viennese popular songs with Jewish humor, and witnessed the good and bad aspects of his time.<\/p>\n<p><strong><img loading=\"lazy\" decoding=\"async\" class=\"wp-image-9863 alignright\" src=\"https:\/\/www.iemj.org\/wp-content\/uploads\/2016\/03\/cover_swing.jpg\" alt=\"cover_swing.jpg\" width=\"197\" height=\"357\" align=\"left\" srcset=\"https:\/\/www.iemj.org\/wp-content\/uploads\/2016\/03\/cover_swing.jpg 247w, https:\/\/www.iemj.org\/wp-content\/uploads\/2016\/03\/cover_swing-165x300.jpg 165w\" sizes=\"(max-width: 197px) 100vw, 197px\" \/>Swing tanzen verboten<\/strong><br \/>(Swing dance forbidden)<\/p>\n<p>Entertainment music after 1933, between resistance, propaganda and deportation.<br \/>Singers, actors, writers in Vienna and Berlin were very popular and celebrated. They inspired one each other and this led to the creation of remarkable works. <br \/>This book is dedicated to the memory of these artists who were, for many of them, killed by the Nazis.<\/p>\n<p><a href=\"https:\/\/arminberg.at\/\" target=\"_blank\" rel=\"noopener\"><br \/>Learn more<\/a><br \/><a href=\"https:\/\/arminberg.at\/verlag\/\" target=\"_blank\" rel=\"noopener\">Purchase the books<\/a><\/p>\n<p><img loading=\"lazy\" decoding=\"async\" class=\"wp-image-110607 aligncenter\" src=\"https:\/\/www.iemj.org\/wp-content\/uploads\/2024\/03\/AUDIO-PLAYER-300x39.png\" alt=\"\" width=\"900\" height=\"117\" srcset=\"https:\/\/www.iemj.org\/wp-content\/uploads\/2024\/03\/AUDIO-PLAYER-300x39.png 300w, https:\/\/www.iemj.org\/wp-content\/uploads\/2024\/03\/AUDIO-PLAYER-1024x133.png 1024w, https:\/\/www.iemj.org\/wp-content\/uploads\/2024\/03\/AUDIO-PLAYER-768x100.png 768w, https:\/\/www.iemj.org\/wp-content\/uploads\/2024\/03\/AUDIO-PLAYER-600x78.png 600w, https:\/\/www.iemj.org\/wp-content\/uploads\/2024\/03\/AUDIO-PLAYER.png 1210w\" sizes=\"(max-width: 900px) 100vw, 900px\" \/><\/p>\n<h4><strong>Listen on the bottom of the page to two songs performed by Armin Berg, from a 78 rpm disc from the EIJM\u2019s collections.<\/strong><\/h4>\n\n\n<div class=\"wp-block-file\"><a id=\"wp-block-file--media-cdf802fb-7003-4400-9fa8-83476776351b\" href=\"https:\/\/www.iemj.org\/wp-content\/uploads\/2016\/03\/armin_berg_1.mp3\">Wie gef\u00e4llt Ihnen das?<\/a><\/div>\n\n\n\n<div class=\"wp-block-file\"><a id=\"wp-block-file--media-3bcbc2a0-dd50-4b4f-8806-5a06bac65171\" href=\"https:\/\/www.iemj.org\/wp-content\/uploads\/2016\/03\/armin_berg_2.mp3\">Und wenn schon, was geht mich das an<\/a><\/div>\n","protected":false},"excerpt":{"rendered":"<p>Founded in 2003 and based in Vienna, Austria, the Armin Berg Society\u2019s goals are the research on Jewish performing arts before World War II, and their restitution through live shows.<\/p>\n","protected":false},"author":1048,"featured_media":9857,"comment_status":"closed","ping_status":"closed","sticky":false,"template":"","format":"standard","meta":{"_acf_changed":false,"footnotes":""},"categories":[1579,1562],"tags":[],"technique":[],"squelettes":[],"sujet":[],"formation":[],"genre":[],"fonds":[],"tradition":[],"type-de-contenu":[],"interprete-compositeur":[],"frise":[],"type-devenement":[],"tableaux-liens-externes":[],"class_list":["post-60839","post","type-post","status-publish","format-standard","has-post-thumbnail","hentry","category-books-articles-en","category-latest-acquisitions-en"],"acf":[],"yoast_head":"<!-- This site is optimized with the Yoast SEO plugin v27.3 - https:\/\/yoast.com\/product\/yoast-seo-wordpress\/ -->\n<title>The publications from the Armin Berg Society - Institut Europ\u00e9en des Musiques Juives<\/title>\n<meta name=\"robots\" content=\"index, follow, max-snippet:-1, max-image-preview:large, max-video-preview:-1\" \/>\n<link rel=\"canonical\" href=\"https:\/\/www.iemj.org\/en\/les-publications-de-la-societe-armin-berg\/\" \/>\n<meta property=\"og:locale\" content=\"en_US\" \/>\n<meta property=\"og:type\" content=\"article\" \/>\n<meta property=\"og:title\" content=\"The publications from the Armin Berg Society - Institut Europ\u00e9en des Musiques Juives\" \/>\n<meta property=\"og:description\" content=\"Founded in 2003 and based in Vienna, Austria, the Armin Berg Society\u2019s goals are the research on Jewish performing arts before World War II, and their restitution through live shows.\" \/>\n<meta property=\"og:url\" content=\"https:\/\/www.iemj.org\/en\/les-publications-de-la-societe-armin-berg\/\" \/>\n<meta property=\"og:site_name\" content=\"Institut Europ\u00e9en des Musiques Juives\" \/>\n<meta property=\"article:publisher\" content=\"https:\/\/www.facebook.com\/MusiquesJuives\/\" \/>\n<meta property=\"article:published_time\" content=\"2016-03-29T15:02:49+00:00\" \/>\n<meta property=\"article:modified_time\" content=\"2025-10-16T16:18:56+00:00\" \/>\n<meta property=\"og:image\" content=\"https:\/\/www.iemj.org\/wp-content\/uploads\/2016\/03\/arton1557.jpg\" \/>\n\t<meta property=\"og:image:width\" content=\"300\" \/>\n\t<meta property=\"og:image:height\" content=\"300\" \/>\n\t<meta property=\"og:image:type\" content=\"image\/jpeg\" \/>\n<meta name=\"author\" content=\"Jean-Gabriel Davis\" \/>\n<meta name=\"twitter:card\" content=\"summary_large_image\" \/>\n<meta name=\"twitter:label1\" content=\"Written by\" \/>\n\t<meta name=\"twitter:data1\" content=\"Jean-Gabriel Davis\" \/>\n\t<meta name=\"twitter:label2\" content=\"Est. reading time\" \/>\n\t<meta name=\"twitter:data2\" content=\"4 minutes\" \/>\n<script type=\"application\/ld+json\" class=\"yoast-schema-graph\">{\"@context\":\"https:\\\/\\\/schema.org\",\"@graph\":[{\"@type\":\"Article\",\"@id\":\"https:\\\/\\\/www.iemj.org\\\/en\\\/les-publications-de-la-societe-armin-berg\\\/#article\",\"isPartOf\":{\"@id\":\"https:\\\/\\\/www.iemj.org\\\/en\\\/les-publications-de-la-societe-armin-berg\\\/\"},\"author\":{\"name\":\"Jean-Gabriel Davis\",\"@id\":\"https:\\\/\\\/www.iemj.org\\\/en\\\/#\\\/schema\\\/person\\\/c9bc1c386a3749579a2d675e72a18666\"},\"headline\":\"The publications from the Armin Berg Society\",\"datePublished\":\"2016-03-29T15:02:49+00:00\",\"dateModified\":\"2025-10-16T16:18:56+00:00\",\"mainEntityOfPage\":{\"@id\":\"https:\\\/\\\/www.iemj.org\\\/en\\\/les-publications-de-la-societe-armin-berg\\\/\"},\"wordCount\":403,\"publisher\":{\"@id\":\"https:\\\/\\\/www.iemj.org\\\/en\\\/#organization\"},\"image\":{\"@id\":\"https:\\\/\\\/www.iemj.org\\\/en\\\/les-publications-de-la-societe-armin-berg\\\/#primaryimage\"},\"thumbnailUrl\":\"https:\\\/\\\/www.iemj.org\\\/wp-content\\\/uploads\\\/2016\\\/03\\\/arton1557.jpg\",\"articleSection\":[\"Books, articles\",\"Latest Acquisitions\"],\"inLanguage\":\"en-US\"},{\"@type\":\"WebPage\",\"@id\":\"https:\\\/\\\/www.iemj.org\\\/en\\\/les-publications-de-la-societe-armin-berg\\\/\",\"url\":\"https:\\\/\\\/www.iemj.org\\\/en\\\/les-publications-de-la-societe-armin-berg\\\/\",\"name\":\"The publications from the Armin Berg Society - Institut Europ\u00e9en des Musiques Juives\",\"isPartOf\":{\"@id\":\"https:\\\/\\\/www.iemj.org\\\/en\\\/#website\"},\"primaryImageOfPage\":{\"@id\":\"https:\\\/\\\/www.iemj.org\\\/en\\\/les-publications-de-la-societe-armin-berg\\\/#primaryimage\"},\"image\":{\"@id\":\"https:\\\/\\\/www.iemj.org\\\/en\\\/les-publications-de-la-societe-armin-berg\\\/#primaryimage\"},\"thumbnailUrl\":\"https:\\\/\\\/www.iemj.org\\\/wp-content\\\/uploads\\\/2016\\\/03\\\/arton1557.jpg\",\"datePublished\":\"2016-03-29T15:02:49+00:00\",\"dateModified\":\"2025-10-16T16:18:56+00:00\",\"breadcrumb\":{\"@id\":\"https:\\\/\\\/www.iemj.org\\\/en\\\/les-publications-de-la-societe-armin-berg\\\/#breadcrumb\"},\"inLanguage\":\"en-US\",\"potentialAction\":[{\"@type\":\"ReadAction\",\"target\":[\"https:\\\/\\\/www.iemj.org\\\/en\\\/les-publications-de-la-societe-armin-berg\\\/\"]}]},{\"@type\":\"ImageObject\",\"inLanguage\":\"en-US\",\"@id\":\"https:\\\/\\\/www.iemj.org\\\/en\\\/les-publications-de-la-societe-armin-berg\\\/#primaryimage\",\"url\":\"https:\\\/\\\/www.iemj.org\\\/wp-content\\\/uploads\\\/2016\\\/03\\\/arton1557.jpg\",\"contentUrl\":\"https:\\\/\\\/www.iemj.org\\\/wp-content\\\/uploads\\\/2016\\\/03\\\/arton1557.jpg\",\"width\":300,\"height\":300},{\"@type\":\"BreadcrumbList\",\"@id\":\"https:\\\/\\\/www.iemj.org\\\/en\\\/les-publications-de-la-societe-armin-berg\\\/#breadcrumb\",\"itemListElement\":[{\"@type\":\"ListItem\",\"position\":1,\"name\":\"Accueil\",\"item\":\"https:\\\/\\\/www.iemj.org\\\/en\\\/\"},{\"@type\":\"ListItem\",\"position\":2,\"name\":\"The publications from the Armin Berg Society\"}]},{\"@type\":\"WebSite\",\"@id\":\"https:\\\/\\\/www.iemj.org\\\/en\\\/#website\",\"url\":\"https:\\\/\\\/www.iemj.org\\\/en\\\/\",\"name\":\"Institut Europ\u00e9en des Musiques Juives\",\"description\":\"Des traditions musicales \u00e0 la port\u00e9e de tous\",\"publisher\":{\"@id\":\"https:\\\/\\\/www.iemj.org\\\/en\\\/#organization\"},\"potentialAction\":[{\"@type\":\"SearchAction\",\"target\":{\"@type\":\"EntryPoint\",\"urlTemplate\":\"https:\\\/\\\/www.iemj.org\\\/en\\\/?s={search_term_string}\"},\"query-input\":{\"@type\":\"PropertyValueSpecification\",\"valueRequired\":true,\"valueName\":\"search_term_string\"}}],\"inLanguage\":\"en-US\"},{\"@type\":\"Organization\",\"@id\":\"https:\\\/\\\/www.iemj.org\\\/en\\\/#organization\",\"name\":\"Institut Europ\u00e9en des Musiques Juives\",\"url\":\"https:\\\/\\\/www.iemj.org\\\/en\\\/\",\"logo\":{\"@type\":\"ImageObject\",\"inLanguage\":\"en-US\",\"@id\":\"https:\\\/\\\/www.iemj.org\\\/en\\\/#\\\/schema\\\/logo\\\/image\\\/\",\"url\":\"https:\\\/\\\/www.iemj.org\\\/wp-content\\\/uploads\\\/2021\\\/09\\\/Logo-IEMJ-Paypal.jpg\",\"contentUrl\":\"https:\\\/\\\/www.iemj.org\\\/wp-content\\\/uploads\\\/2021\\\/09\\\/Logo-IEMJ-Paypal.jpg\",\"width\":150,\"height\":50,\"caption\":\"Institut Europ\u00e9en des Musiques Juives\"},\"image\":{\"@id\":\"https:\\\/\\\/www.iemj.org\\\/en\\\/#\\\/schema\\\/logo\\\/image\\\/\"},\"sameAs\":[\"https:\\\/\\\/www.facebook.com\\\/MusiquesJuives\\\/\",\"https:\\\/\\\/www.instagram.com\\\/musiquesjuives\\\/\",\"https:\\\/\\\/www.youtube.com\\\/user\\\/musiquesjuives\"]},{\"@type\":\"Person\",\"@id\":\"https:\\\/\\\/www.iemj.org\\\/en\\\/#\\\/schema\\\/person\\\/c9bc1c386a3749579a2d675e72a18666\",\"name\":\"Jean-Gabriel Davis\",\"image\":{\"@type\":\"ImageObject\",\"inLanguage\":\"en-US\",\"@id\":\"https:\\\/\\\/secure.gravatar.com\\\/avatar\\\/2b90d67bdf392c9b3a21fab87c0fa7edaf1fb3a058172a1ffd61033fcec7aec1?s=96&d=mm&r=g\",\"url\":\"https:\\\/\\\/secure.gravatar.com\\\/avatar\\\/2b90d67bdf392c9b3a21fab87c0fa7edaf1fb3a058172a1ffd61033fcec7aec1?s=96&d=mm&r=g\",\"contentUrl\":\"https:\\\/\\\/secure.gravatar.com\\\/avatar\\\/2b90d67bdf392c9b3a21fab87c0fa7edaf1fb3a058172a1ffd61033fcec7aec1?s=96&d=mm&r=g\",\"caption\":\"Jean-Gabriel Davis\"}}]}<\/script>\n<!-- \/ Yoast SEO plugin. -->","yoast_head_json":{"title":"The publications from the Armin Berg Society - Institut Europ\u00e9en des Musiques Juives","robots":{"index":"index","follow":"follow","max-snippet":"max-snippet:-1","max-image-preview":"max-image-preview:large","max-video-preview":"max-video-preview:-1"},"canonical":"https:\/\/www.iemj.org\/en\/les-publications-de-la-societe-armin-berg\/","og_locale":"en_US","og_type":"article","og_title":"The publications from the Armin Berg Society - Institut Europ\u00e9en des Musiques Juives","og_description":"Founded in 2003 and based in Vienna, Austria, the Armin Berg Society\u2019s goals are the research on Jewish performing arts before World War II, and their restitution through live shows.","og_url":"https:\/\/www.iemj.org\/en\/les-publications-de-la-societe-armin-berg\/","og_site_name":"Institut Europ\u00e9en des Musiques Juives","article_publisher":"https:\/\/www.facebook.com\/MusiquesJuives\/","article_published_time":"2016-03-29T15:02:49+00:00","article_modified_time":"2025-10-16T16:18:56+00:00","og_image":[{"width":300,"height":300,"url":"https:\/\/www.iemj.org\/wp-content\/uploads\/2016\/03\/arton1557.jpg","type":"image\/jpeg"}],"author":"Jean-Gabriel Davis","twitter_card":"summary_large_image","twitter_misc":{"Written by":"Jean-Gabriel Davis","Est. reading time":"4 minutes"},"schema":{"@context":"https:\/\/schema.org","@graph":[{"@type":"Article","@id":"https:\/\/www.iemj.org\/en\/les-publications-de-la-societe-armin-berg\/#article","isPartOf":{"@id":"https:\/\/www.iemj.org\/en\/les-publications-de-la-societe-armin-berg\/"},"author":{"name":"Jean-Gabriel Davis","@id":"https:\/\/www.iemj.org\/en\/#\/schema\/person\/c9bc1c386a3749579a2d675e72a18666"},"headline":"The publications from the Armin Berg Society","datePublished":"2016-03-29T15:02:49+00:00","dateModified":"2025-10-16T16:18:56+00:00","mainEntityOfPage":{"@id":"https:\/\/www.iemj.org\/en\/les-publications-de-la-societe-armin-berg\/"},"wordCount":403,"publisher":{"@id":"https:\/\/www.iemj.org\/en\/#organization"},"image":{"@id":"https:\/\/www.iemj.org\/en\/les-publications-de-la-societe-armin-berg\/#primaryimage"},"thumbnailUrl":"https:\/\/www.iemj.org\/wp-content\/uploads\/2016\/03\/arton1557.jpg","articleSection":["Books, articles","Latest Acquisitions"],"inLanguage":"en-US"},{"@type":"WebPage","@id":"https:\/\/www.iemj.org\/en\/les-publications-de-la-societe-armin-berg\/","url":"https:\/\/www.iemj.org\/en\/les-publications-de-la-societe-armin-berg\/","name":"The publications from the Armin Berg Society - Institut Europ\u00e9en des Musiques Juives","isPartOf":{"@id":"https:\/\/www.iemj.org\/en\/#website"},"primaryImageOfPage":{"@id":"https:\/\/www.iemj.org\/en\/les-publications-de-la-societe-armin-berg\/#primaryimage"},"image":{"@id":"https:\/\/www.iemj.org\/en\/les-publications-de-la-societe-armin-berg\/#primaryimage"},"thumbnailUrl":"https:\/\/www.iemj.org\/wp-content\/uploads\/2016\/03\/arton1557.jpg","datePublished":"2016-03-29T15:02:49+00:00","dateModified":"2025-10-16T16:18:56+00:00","breadcrumb":{"@id":"https:\/\/www.iemj.org\/en\/les-publications-de-la-societe-armin-berg\/#breadcrumb"},"inLanguage":"en-US","potentialAction":[{"@type":"ReadAction","target":["https:\/\/www.iemj.org\/en\/les-publications-de-la-societe-armin-berg\/"]}]},{"@type":"ImageObject","inLanguage":"en-US","@id":"https:\/\/www.iemj.org\/en\/les-publications-de-la-societe-armin-berg\/#primaryimage","url":"https:\/\/www.iemj.org\/wp-content\/uploads\/2016\/03\/arton1557.jpg","contentUrl":"https:\/\/www.iemj.org\/wp-content\/uploads\/2016\/03\/arton1557.jpg","width":300,"height":300},{"@type":"BreadcrumbList","@id":"https:\/\/www.iemj.org\/en\/les-publications-de-la-societe-armin-berg\/#breadcrumb","itemListElement":[{"@type":"ListItem","position":1,"name":"Accueil","item":"https:\/\/www.iemj.org\/en\/"},{"@type":"ListItem","position":2,"name":"The publications from the Armin Berg Society"}]},{"@type":"WebSite","@id":"https:\/\/www.iemj.org\/en\/#website","url":"https:\/\/www.iemj.org\/en\/","name":"Institut Europ\u00e9en des Musiques Juives","description":"Des traditions musicales \u00e0 la port\u00e9e de tous","publisher":{"@id":"https:\/\/www.iemj.org\/en\/#organization"},"potentialAction":[{"@type":"SearchAction","target":{"@type":"EntryPoint","urlTemplate":"https:\/\/www.iemj.org\/en\/?s={search_term_string}"},"query-input":{"@type":"PropertyValueSpecification","valueRequired":true,"valueName":"search_term_string"}}],"inLanguage":"en-US"},{"@type":"Organization","@id":"https:\/\/www.iemj.org\/en\/#organization","name":"Institut Europ\u00e9en des Musiques Juives","url":"https:\/\/www.iemj.org\/en\/","logo":{"@type":"ImageObject","inLanguage":"en-US","@id":"https:\/\/www.iemj.org\/en\/#\/schema\/logo\/image\/","url":"https:\/\/www.iemj.org\/wp-content\/uploads\/2021\/09\/Logo-IEMJ-Paypal.jpg","contentUrl":"https:\/\/www.iemj.org\/wp-content\/uploads\/2021\/09\/Logo-IEMJ-Paypal.jpg","width":150,"height":50,"caption":"Institut Europ\u00e9en des Musiques Juives"},"image":{"@id":"https:\/\/www.iemj.org\/en\/#\/schema\/logo\/image\/"},"sameAs":["https:\/\/www.facebook.com\/MusiquesJuives\/","https:\/\/www.instagram.com\/musiquesjuives\/","https:\/\/www.youtube.com\/user\/musiquesjuives"]},{"@type":"Person","@id":"https:\/\/www.iemj.org\/en\/#\/schema\/person\/c9bc1c386a3749579a2d675e72a18666","name":"Jean-Gabriel Davis","image":{"@type":"ImageObject","inLanguage":"en-US","@id":"https:\/\/secure.gravatar.com\/avatar\/2b90d67bdf392c9b3a21fab87c0fa7edaf1fb3a058172a1ffd61033fcec7aec1?s=96&d=mm&r=g","url":"https:\/\/secure.gravatar.com\/avatar\/2b90d67bdf392c9b3a21fab87c0fa7edaf1fb3a058172a1ffd61033fcec7aec1?s=96&d=mm&r=g","contentUrl":"https:\/\/secure.gravatar.com\/avatar\/2b90d67bdf392c9b3a21fab87c0fa7edaf1fb3a058172a1ffd61033fcec7aec1?s=96&d=mm&r=g","caption":"Jean-Gabriel Davis"}}]}},"_links":{"self":[{"href":"https:\/\/www.iemj.org\/en\/wp-json\/wp\/v2\/posts\/60839","targetHints":{"allow":["GET"]}}],"collection":[{"href":"https:\/\/www.iemj.org\/en\/wp-json\/wp\/v2\/posts"}],"about":[{"href":"https:\/\/www.iemj.org\/en\/wp-json\/wp\/v2\/types\/post"}],"author":[{"embeddable":true,"href":"https:\/\/www.iemj.org\/en\/wp-json\/wp\/v2\/users\/1048"}],"replies":[{"embeddable":true,"href":"https:\/\/www.iemj.org\/en\/wp-json\/wp\/v2\/comments?post=60839"}],"version-history":[{"count":1,"href":"https:\/\/www.iemj.org\/en\/wp-json\/wp\/v2\/posts\/60839\/revisions"}],"predecessor-version":[{"id":127095,"href":"https:\/\/www.iemj.org\/en\/wp-json\/wp\/v2\/posts\/60839\/revisions\/127095"}],"wp:featuredmedia":[{"embeddable":true,"href":"https:\/\/www.iemj.org\/en\/wp-json\/wp\/v2\/media\/9857"}],"wp:attachment":[{"href":"https:\/\/www.iemj.org\/en\/wp-json\/wp\/v2\/media?parent=60839"}],"wp:term":[{"taxonomy":"category","embeddable":true,"href":"https:\/\/www.iemj.org\/en\/wp-json\/wp\/v2\/categories?post=60839"},{"taxonomy":"post_tag","embeddable":true,"href":"https:\/\/www.iemj.org\/en\/wp-json\/wp\/v2\/tags?post=60839"},{"taxonomy":"technique","embeddable":true,"href":"https:\/\/www.iemj.org\/en\/wp-json\/wp\/v2\/technique?post=60839"},{"taxonomy":"squelettes","embeddable":true,"href":"https:\/\/www.iemj.org\/en\/wp-json\/wp\/v2\/squelettes?post=60839"},{"taxonomy":"sujet","embeddable":true,"href":"https:\/\/www.iemj.org\/en\/wp-json\/wp\/v2\/sujet?post=60839"},{"taxonomy":"formation","embeddable":true,"href":"https:\/\/www.iemj.org\/en\/wp-json\/wp\/v2\/formation?post=60839"},{"taxonomy":"genre","embeddable":true,"href":"https:\/\/www.iemj.org\/en\/wp-json\/wp\/v2\/genre?post=60839"},{"taxonomy":"fonds","embeddable":true,"href":"https:\/\/www.iemj.org\/en\/wp-json\/wp\/v2\/fonds?post=60839"},{"taxonomy":"tradition","embeddable":true,"href":"https:\/\/www.iemj.org\/en\/wp-json\/wp\/v2\/tradition?post=60839"},{"taxonomy":"type-de-contenu","embeddable":true,"href":"https:\/\/www.iemj.org\/en\/wp-json\/wp\/v2\/type-de-contenu?post=60839"},{"taxonomy":"interprete-compositeur","embeddable":true,"href":"https:\/\/www.iemj.org\/en\/wp-json\/wp\/v2\/interprete-compositeur?post=60839"},{"taxonomy":"frise","embeddable":true,"href":"https:\/\/www.iemj.org\/en\/wp-json\/wp\/v2\/frise?post=60839"},{"taxonomy":"type-devenement","embeddable":true,"href":"https:\/\/www.iemj.org\/en\/wp-json\/wp\/v2\/type-devenement?post=60839"},{"taxonomy":"tableaux-liens-externes","embeddable":true,"href":"https:\/\/www.iemj.org\/en\/wp-json\/wp\/v2\/tableaux-liens-externes?post=60839"}],"curies":[{"name":"wp","href":"https:\/\/api.w.org\/{rel}","templated":true}]}}