{"id":62695,"date":"2015-07-13T09:39:20","date_gmt":"2015-07-13T07:39:20","guid":{"rendered":"https:\/\/www.iemj.org\/ben-zimet-aux-sources-du-klezmer\/"},"modified":"2025-10-21T16:36:01","modified_gmt":"2025-10-21T14:36:01","slug":"ben-zimet-aux-sources-du-klezmer","status":"publish","type":"post","link":"https:\/\/www.iemj.org\/en\/ben-zimet-aux-sources-du-klezmer\/","title":{"rendered":"Ben Zimet &#8211; Aux sources du klezmer"},"content":{"rendered":"\n<p>Released by MLP Music, this double CD by the singer Ben Zimet features classic hits of Yiddish songs (Dona, dona), less known tunes (Beker Lid) and original covers (Di Grine Kuzine \u2013 African version)<\/p>\n\n\n\n<p><a href=\"https:\/\/www.iemj.org\/en\/zimet-ben-1935\/\" target=\"_blank\" rel=\"noopener\">Learn more about Ben Zimet<\/a><\/p>\n\n\n\n<div style=\"height:12px\" aria-hidden=\"true\" class=\"wp-block-spacer\"><\/div>\n\n\n<div class=\"wp-block-image\">\n<figure class=\"aligncenter is-resized\"><img fetchpriority=\"high\" decoding=\"async\" width=\"300\" height=\"255\" src=\"https:\/\/www.iemj.org\/wp-content\/uploads\/2015\/07\/CD-Ben-Zimet_COUV4-300x255.jpg\" alt=\"\" class=\"wp-image-38048\" style=\"width:540px\" srcset=\"https:\/\/www.iemj.org\/wp-content\/uploads\/2015\/07\/CD-Ben-Zimet_COUV4-300x255.jpg 300w, https:\/\/www.iemj.org\/wp-content\/uploads\/2015\/07\/CD-Ben-Zimet_COUV4-600x510.jpg 600w, https:\/\/www.iemj.org\/wp-content\/uploads\/2015\/07\/CD-Ben-Zimet_COUV4.jpg 700w\" sizes=\"(max-width: 300px) 100vw, 300px\" \/><\/figure>\n<\/div>\n\n\n<div style=\"height:12px\" aria-hidden=\"true\" class=\"wp-block-spacer\"><\/div>\n\n\n<div class=\"wp-block-image\">\n<figure class=\"aligncenter size-large\"><img decoding=\"async\" width=\"1024\" height=\"133\" src=\"https:\/\/www.iemj.org\/wp-content\/uploads\/2024\/03\/AUDIO-PLAYER-1024x133.png\" alt=\"\" class=\"wp-image-110608\" srcset=\"https:\/\/www.iemj.org\/wp-content\/uploads\/2024\/03\/AUDIO-PLAYER-1024x133.png 1024w, https:\/\/www.iemj.org\/wp-content\/uploads\/2024\/03\/AUDIO-PLAYER-300x39.png 300w, https:\/\/www.iemj.org\/wp-content\/uploads\/2024\/03\/AUDIO-PLAYER-768x100.png 768w, https:\/\/www.iemj.org\/wp-content\/uploads\/2024\/03\/AUDIO-PLAYER-600x78.png 600w, https:\/\/www.iemj.org\/wp-content\/uploads\/2024\/03\/AUDIO-PLAYER.png 1210w\" sizes=\"(max-width: 1024px) 100vw, 1024px\" \/><\/figure>\n<\/div>\n\n\n<div class=\"wp-block-file\"><a id=\"wp-block-file--media-76abc3df-f6cb-4870-8ca8-f7a51b4e6f5c\" href=\"https:\/\/www.iemj.org\/wp-content\/uploads\/2015\/07\/schain_instrumental_.mp3\">Schain instrumental<\/a><\/div>\n\n\n\n<div class=\"wp-block-file\"><a id=\"wp-block-file--media-756a7fd8-9962-40ea-ae86-5cee85a16d59\" href=\"https:\/\/www.iemj.org\/wp-content\/uploads\/2015\/07\/di_grine_kuzine_version_africaine_.mp3\">Di grine kuzine (version africaine)<\/a><\/div>\n\n\n\n<div class=\"wp-block-file\"><a id=\"wp-block-file--media-f95d176c-8d22-4d74-a48d-802cd37ef4c2\" href=\"https:\/\/www.iemj.org\/wp-content\/uploads\/2015\/07\/frounze_verde.mp3\">Frounze verde<\/a><\/div>\n\n\n\n<div class=\"wp-block-file\"><a id=\"wp-block-file--media-71a80835-edec-4243-b98d-36f79684c157\" href=\"https:\/\/www.iemj.org\/wp-content\/uploads\/2015\/07\/vous_yiddish_vert.mp3\">Vous yiddish vert<\/a><\/div>\n","protected":false},"excerpt":{"rendered":"<p>Released by MLP Music, this double CD by the singer Ben Zimet features classic hits of Yiddish songs (Dona, dona), less known tunes (Beker Lid) and original covers (Di Grine<\/p>\n","protected":false},"author":1051,"featured_media":38055,"comment_status":"closed","ping_status":"closed","sticky":false,"template":"","format":"standard","meta":{"_acf_changed":false,"footnotes":""},"categories":[1570,1562],"tags":[],"technique":[],"squelettes":[],"sujet":[],"formation":[],"genre":[1115],"fonds":[],"tradition":[],"type-de-contenu":[],"interprete-compositeur":[3106],"frise":[],"type-devenement":[],"tableaux-liens-externes":[],"class_list":["post-62695","post","type-post","status-publish","format-standard","has-post-thumbnail","hentry","category-cd-latest-acquisition-en","category-latest-acquisitions-en","genre-yiddish-en-2","interprete-compositeur-ben-zimet-en"],"acf":[],"yoast_head":"<!-- This site is optimized with the Yoast SEO plugin v27.3 - https:\/\/yoast.com\/product\/yoast-seo-wordpress\/ -->\n<title>Ben Zimet - Aux sources du klezmer - Institut Europ\u00e9en des Musiques Juives<\/title>\n<meta name=\"robots\" content=\"index, follow, max-snippet:-1, max-image-preview:large, max-video-preview:-1\" \/>\n<link rel=\"canonical\" href=\"https:\/\/www.iemj.org\/en\/ben-zimet-aux-sources-du-klezmer\/\" \/>\n<meta property=\"og:locale\" content=\"en_US\" \/>\n<meta property=\"og:type\" content=\"article\" \/>\n<meta property=\"og:title\" content=\"Ben Zimet - Aux sources du klezmer - Institut Europ\u00e9en des Musiques Juives\" \/>\n<meta property=\"og:description\" content=\"Released by MLP Music, this double CD by the singer Ben Zimet features classic hits of Yiddish songs (Dona, dona), less known tunes (Beker Lid) and original covers (Di Grine\" \/>\n<meta property=\"og:url\" content=\"https:\/\/www.iemj.org\/en\/ben-zimet-aux-sources-du-klezmer\/\" \/>\n<meta property=\"og:site_name\" content=\"Institut Europ\u00e9en des Musiques Juives\" \/>\n<meta property=\"article:publisher\" content=\"https:\/\/www.facebook.com\/MusiquesJuives\/\" \/>\n<meta property=\"article:published_time\" content=\"2015-07-13T07:39:20+00:00\" \/>\n<meta property=\"article:modified_time\" content=\"2025-10-21T14:36:01+00:00\" \/>\n<meta property=\"og:image\" content=\"https:\/\/www.iemj.org\/wp-content\/uploads\/2015\/07\/CD-Ben-Zimet_COUV.jpg\" \/>\n\t<meta property=\"og:image:width\" content=\"350\" \/>\n\t<meta property=\"og:image:height\" content=\"344\" \/>\n\t<meta property=\"og:image:type\" content=\"image\/jpeg\" \/>\n<meta name=\"author\" content=\"Eleonore Biezunski\" \/>\n<meta name=\"twitter:card\" content=\"summary_large_image\" \/>\n<meta name=\"twitter:label1\" content=\"Written by\" \/>\n\t<meta name=\"twitter:data1\" content=\"Eleonore Biezunski\" \/>\n\t<meta name=\"twitter:label2\" content=\"Est. reading time\" \/>\n\t<meta name=\"twitter:data2\" content=\"1 minute\" \/>\n<script type=\"application\/ld+json\" class=\"yoast-schema-graph\">{\"@context\":\"https:\\\/\\\/schema.org\",\"@graph\":[{\"@type\":\"Article\",\"@id\":\"https:\\\/\\\/www.iemj.org\\\/en\\\/ben-zimet-aux-sources-du-klezmer\\\/#article\",\"isPartOf\":{\"@id\":\"https:\\\/\\\/www.iemj.org\\\/en\\\/ben-zimet-aux-sources-du-klezmer\\\/\"},\"author\":{\"name\":\"Eleonore Biezunski\",\"@id\":\"https:\\\/\\\/www.iemj.org\\\/en\\\/#\\\/schema\\\/person\\\/b642ef6ac700534beb3a478a1044fc58\"},\"headline\":\"Ben Zimet &#8211; Aux sources du klezmer\",\"datePublished\":\"2015-07-13T07:39:20+00:00\",\"dateModified\":\"2025-10-21T14:36:01+00:00\",\"mainEntityOfPage\":{\"@id\":\"https:\\\/\\\/www.iemj.org\\\/en\\\/ben-zimet-aux-sources-du-klezmer\\\/\"},\"wordCount\":57,\"publisher\":{\"@id\":\"https:\\\/\\\/www.iemj.org\\\/en\\\/#organization\"},\"image\":{\"@id\":\"https:\\\/\\\/www.iemj.org\\\/en\\\/ben-zimet-aux-sources-du-klezmer\\\/#primaryimage\"},\"thumbnailUrl\":\"https:\\\/\\\/www.iemj.org\\\/wp-content\\\/uploads\\\/2015\\\/07\\\/CD-Ben-Zimet_COUV.jpg\",\"articleSection\":[\"CD\",\"Latest Acquisitions\"],\"inLanguage\":\"en-US\"},{\"@type\":\"WebPage\",\"@id\":\"https:\\\/\\\/www.iemj.org\\\/en\\\/ben-zimet-aux-sources-du-klezmer\\\/\",\"url\":\"https:\\\/\\\/www.iemj.org\\\/en\\\/ben-zimet-aux-sources-du-klezmer\\\/\",\"name\":\"Ben Zimet - Aux sources du klezmer - Institut Europ\u00e9en des Musiques Juives\",\"isPartOf\":{\"@id\":\"https:\\\/\\\/www.iemj.org\\\/en\\\/#website\"},\"primaryImageOfPage\":{\"@id\":\"https:\\\/\\\/www.iemj.org\\\/en\\\/ben-zimet-aux-sources-du-klezmer\\\/#primaryimage\"},\"image\":{\"@id\":\"https:\\\/\\\/www.iemj.org\\\/en\\\/ben-zimet-aux-sources-du-klezmer\\\/#primaryimage\"},\"thumbnailUrl\":\"https:\\\/\\\/www.iemj.org\\\/wp-content\\\/uploads\\\/2015\\\/07\\\/CD-Ben-Zimet_COUV.jpg\",\"datePublished\":\"2015-07-13T07:39:20+00:00\",\"dateModified\":\"2025-10-21T14:36:01+00:00\",\"breadcrumb\":{\"@id\":\"https:\\\/\\\/www.iemj.org\\\/en\\\/ben-zimet-aux-sources-du-klezmer\\\/#breadcrumb\"},\"inLanguage\":\"en-US\",\"potentialAction\":[{\"@type\":\"ReadAction\",\"target\":[\"https:\\\/\\\/www.iemj.org\\\/en\\\/ben-zimet-aux-sources-du-klezmer\\\/\"]}]},{\"@type\":\"ImageObject\",\"inLanguage\":\"en-US\",\"@id\":\"https:\\\/\\\/www.iemj.org\\\/en\\\/ben-zimet-aux-sources-du-klezmer\\\/#primaryimage\",\"url\":\"https:\\\/\\\/www.iemj.org\\\/wp-content\\\/uploads\\\/2015\\\/07\\\/CD-Ben-Zimet_COUV.jpg\",\"contentUrl\":\"https:\\\/\\\/www.iemj.org\\\/wp-content\\\/uploads\\\/2015\\\/07\\\/CD-Ben-Zimet_COUV.jpg\",\"width\":350,\"height\":344},{\"@type\":\"BreadcrumbList\",\"@id\":\"https:\\\/\\\/www.iemj.org\\\/en\\\/ben-zimet-aux-sources-du-klezmer\\\/#breadcrumb\",\"itemListElement\":[{\"@type\":\"ListItem\",\"position\":1,\"name\":\"Accueil\",\"item\":\"https:\\\/\\\/www.iemj.org\\\/en\\\/\"},{\"@type\":\"ListItem\",\"position\":2,\"name\":\"Ben Zimet &#8211; Aux sources du klezmer\"}]},{\"@type\":\"WebSite\",\"@id\":\"https:\\\/\\\/www.iemj.org\\\/en\\\/#website\",\"url\":\"https:\\\/\\\/www.iemj.org\\\/en\\\/\",\"name\":\"Institut Europ\u00e9en des Musiques Juives\",\"description\":\"Des traditions musicales \u00e0 la port\u00e9e de tous\",\"publisher\":{\"@id\":\"https:\\\/\\\/www.iemj.org\\\/en\\\/#organization\"},\"potentialAction\":[{\"@type\":\"SearchAction\",\"target\":{\"@type\":\"EntryPoint\",\"urlTemplate\":\"https:\\\/\\\/www.iemj.org\\\/en\\\/?s={search_term_string}\"},\"query-input\":{\"@type\":\"PropertyValueSpecification\",\"valueRequired\":true,\"valueName\":\"search_term_string\"}}],\"inLanguage\":\"en-US\"},{\"@type\":\"Organization\",\"@id\":\"https:\\\/\\\/www.iemj.org\\\/en\\\/#organization\",\"name\":\"Institut Europ\u00e9en des Musiques Juives\",\"url\":\"https:\\\/\\\/www.iemj.org\\\/en\\\/\",\"logo\":{\"@type\":\"ImageObject\",\"inLanguage\":\"en-US\",\"@id\":\"https:\\\/\\\/www.iemj.org\\\/en\\\/#\\\/schema\\\/logo\\\/image\\\/\",\"url\":\"https:\\\/\\\/www.iemj.org\\\/wp-content\\\/uploads\\\/2021\\\/09\\\/Logo-IEMJ-Paypal.jpg\",\"contentUrl\":\"https:\\\/\\\/www.iemj.org\\\/wp-content\\\/uploads\\\/2021\\\/09\\\/Logo-IEMJ-Paypal.jpg\",\"width\":150,\"height\":50,\"caption\":\"Institut Europ\u00e9en des Musiques Juives\"},\"image\":{\"@id\":\"https:\\\/\\\/www.iemj.org\\\/en\\\/#\\\/schema\\\/logo\\\/image\\\/\"},\"sameAs\":[\"https:\\\/\\\/www.facebook.com\\\/MusiquesJuives\\\/\",\"https:\\\/\\\/www.instagram.com\\\/musiquesjuives\\\/\",\"https:\\\/\\\/www.youtube.com\\\/user\\\/musiquesjuives\"]},{\"@type\":\"Person\",\"@id\":\"https:\\\/\\\/www.iemj.org\\\/en\\\/#\\\/schema\\\/person\\\/b642ef6ac700534beb3a478a1044fc58\",\"name\":\"Eleonore Biezunski\",\"image\":{\"@type\":\"ImageObject\",\"inLanguage\":\"en-US\",\"@id\":\"https:\\\/\\\/secure.gravatar.com\\\/avatar\\\/23ebe6af626286145e05768bed85e683b6fb680909f71fae7052aa52346a660a?s=96&d=mm&r=g\",\"url\":\"https:\\\/\\\/secure.gravatar.com\\\/avatar\\\/23ebe6af626286145e05768bed85e683b6fb680909f71fae7052aa52346a660a?s=96&d=mm&r=g\",\"contentUrl\":\"https:\\\/\\\/secure.gravatar.com\\\/avatar\\\/23ebe6af626286145e05768bed85e683b6fb680909f71fae7052aa52346a660a?s=96&d=mm&r=g\",\"caption\":\"Eleonore Biezunski\"}}]}<\/script>\n<!-- \/ Yoast SEO plugin. -->","yoast_head_json":{"title":"Ben Zimet - Aux sources du klezmer - Institut Europ\u00e9en des Musiques Juives","robots":{"index":"index","follow":"follow","max-snippet":"max-snippet:-1","max-image-preview":"max-image-preview:large","max-video-preview":"max-video-preview:-1"},"canonical":"https:\/\/www.iemj.org\/en\/ben-zimet-aux-sources-du-klezmer\/","og_locale":"en_US","og_type":"article","og_title":"Ben Zimet - Aux sources du klezmer - Institut Europ\u00e9en des Musiques Juives","og_description":"Released by MLP Music, this double CD by the singer Ben Zimet features classic hits of Yiddish songs (Dona, dona), less known tunes (Beker Lid) and original covers (Di Grine","og_url":"https:\/\/www.iemj.org\/en\/ben-zimet-aux-sources-du-klezmer\/","og_site_name":"Institut Europ\u00e9en des Musiques Juives","article_publisher":"https:\/\/www.facebook.com\/MusiquesJuives\/","article_published_time":"2015-07-13T07:39:20+00:00","article_modified_time":"2025-10-21T14:36:01+00:00","og_image":[{"width":350,"height":344,"url":"https:\/\/www.iemj.org\/wp-content\/uploads\/2015\/07\/CD-Ben-Zimet_COUV.jpg","type":"image\/jpeg"}],"author":"Eleonore Biezunski","twitter_card":"summary_large_image","twitter_misc":{"Written by":"Eleonore Biezunski","Est. reading time":"1 minute"},"schema":{"@context":"https:\/\/schema.org","@graph":[{"@type":"Article","@id":"https:\/\/www.iemj.org\/en\/ben-zimet-aux-sources-du-klezmer\/#article","isPartOf":{"@id":"https:\/\/www.iemj.org\/en\/ben-zimet-aux-sources-du-klezmer\/"},"author":{"name":"Eleonore Biezunski","@id":"https:\/\/www.iemj.org\/en\/#\/schema\/person\/b642ef6ac700534beb3a478a1044fc58"},"headline":"Ben Zimet &#8211; Aux sources du klezmer","datePublished":"2015-07-13T07:39:20+00:00","dateModified":"2025-10-21T14:36:01+00:00","mainEntityOfPage":{"@id":"https:\/\/www.iemj.org\/en\/ben-zimet-aux-sources-du-klezmer\/"},"wordCount":57,"publisher":{"@id":"https:\/\/www.iemj.org\/en\/#organization"},"image":{"@id":"https:\/\/www.iemj.org\/en\/ben-zimet-aux-sources-du-klezmer\/#primaryimage"},"thumbnailUrl":"https:\/\/www.iemj.org\/wp-content\/uploads\/2015\/07\/CD-Ben-Zimet_COUV.jpg","articleSection":["CD","Latest Acquisitions"],"inLanguage":"en-US"},{"@type":"WebPage","@id":"https:\/\/www.iemj.org\/en\/ben-zimet-aux-sources-du-klezmer\/","url":"https:\/\/www.iemj.org\/en\/ben-zimet-aux-sources-du-klezmer\/","name":"Ben Zimet - Aux sources du klezmer - Institut Europ\u00e9en des Musiques Juives","isPartOf":{"@id":"https:\/\/www.iemj.org\/en\/#website"},"primaryImageOfPage":{"@id":"https:\/\/www.iemj.org\/en\/ben-zimet-aux-sources-du-klezmer\/#primaryimage"},"image":{"@id":"https:\/\/www.iemj.org\/en\/ben-zimet-aux-sources-du-klezmer\/#primaryimage"},"thumbnailUrl":"https:\/\/www.iemj.org\/wp-content\/uploads\/2015\/07\/CD-Ben-Zimet_COUV.jpg","datePublished":"2015-07-13T07:39:20+00:00","dateModified":"2025-10-21T14:36:01+00:00","breadcrumb":{"@id":"https:\/\/www.iemj.org\/en\/ben-zimet-aux-sources-du-klezmer\/#breadcrumb"},"inLanguage":"en-US","potentialAction":[{"@type":"ReadAction","target":["https:\/\/www.iemj.org\/en\/ben-zimet-aux-sources-du-klezmer\/"]}]},{"@type":"ImageObject","inLanguage":"en-US","@id":"https:\/\/www.iemj.org\/en\/ben-zimet-aux-sources-du-klezmer\/#primaryimage","url":"https:\/\/www.iemj.org\/wp-content\/uploads\/2015\/07\/CD-Ben-Zimet_COUV.jpg","contentUrl":"https:\/\/www.iemj.org\/wp-content\/uploads\/2015\/07\/CD-Ben-Zimet_COUV.jpg","width":350,"height":344},{"@type":"BreadcrumbList","@id":"https:\/\/www.iemj.org\/en\/ben-zimet-aux-sources-du-klezmer\/#breadcrumb","itemListElement":[{"@type":"ListItem","position":1,"name":"Accueil","item":"https:\/\/www.iemj.org\/en\/"},{"@type":"ListItem","position":2,"name":"Ben Zimet &#8211; Aux sources du klezmer"}]},{"@type":"WebSite","@id":"https:\/\/www.iemj.org\/en\/#website","url":"https:\/\/www.iemj.org\/en\/","name":"Institut Europ\u00e9en des Musiques Juives","description":"Des traditions musicales \u00e0 la port\u00e9e de tous","publisher":{"@id":"https:\/\/www.iemj.org\/en\/#organization"},"potentialAction":[{"@type":"SearchAction","target":{"@type":"EntryPoint","urlTemplate":"https:\/\/www.iemj.org\/en\/?s={search_term_string}"},"query-input":{"@type":"PropertyValueSpecification","valueRequired":true,"valueName":"search_term_string"}}],"inLanguage":"en-US"},{"@type":"Organization","@id":"https:\/\/www.iemj.org\/en\/#organization","name":"Institut Europ\u00e9en des Musiques Juives","url":"https:\/\/www.iemj.org\/en\/","logo":{"@type":"ImageObject","inLanguage":"en-US","@id":"https:\/\/www.iemj.org\/en\/#\/schema\/logo\/image\/","url":"https:\/\/www.iemj.org\/wp-content\/uploads\/2021\/09\/Logo-IEMJ-Paypal.jpg","contentUrl":"https:\/\/www.iemj.org\/wp-content\/uploads\/2021\/09\/Logo-IEMJ-Paypal.jpg","width":150,"height":50,"caption":"Institut Europ\u00e9en des Musiques Juives"},"image":{"@id":"https:\/\/www.iemj.org\/en\/#\/schema\/logo\/image\/"},"sameAs":["https:\/\/www.facebook.com\/MusiquesJuives\/","https:\/\/www.instagram.com\/musiquesjuives\/","https:\/\/www.youtube.com\/user\/musiquesjuives"]},{"@type":"Person","@id":"https:\/\/www.iemj.org\/en\/#\/schema\/person\/b642ef6ac700534beb3a478a1044fc58","name":"Eleonore Biezunski","image":{"@type":"ImageObject","inLanguage":"en-US","@id":"https:\/\/secure.gravatar.com\/avatar\/23ebe6af626286145e05768bed85e683b6fb680909f71fae7052aa52346a660a?s=96&d=mm&r=g","url":"https:\/\/secure.gravatar.com\/avatar\/23ebe6af626286145e05768bed85e683b6fb680909f71fae7052aa52346a660a?s=96&d=mm&r=g","contentUrl":"https:\/\/secure.gravatar.com\/avatar\/23ebe6af626286145e05768bed85e683b6fb680909f71fae7052aa52346a660a?s=96&d=mm&r=g","caption":"Eleonore Biezunski"}}]}},"_links":{"self":[{"href":"https:\/\/www.iemj.org\/en\/wp-json\/wp\/v2\/posts\/62695","targetHints":{"allow":["GET"]}}],"collection":[{"href":"https:\/\/www.iemj.org\/en\/wp-json\/wp\/v2\/posts"}],"about":[{"href":"https:\/\/www.iemj.org\/en\/wp-json\/wp\/v2\/types\/post"}],"author":[{"embeddable":true,"href":"https:\/\/www.iemj.org\/en\/wp-json\/wp\/v2\/users\/1051"}],"replies":[{"embeddable":true,"href":"https:\/\/www.iemj.org\/en\/wp-json\/wp\/v2\/comments?post=62695"}],"version-history":[{"count":2,"href":"https:\/\/www.iemj.org\/en\/wp-json\/wp\/v2\/posts\/62695\/revisions"}],"predecessor-version":[{"id":127588,"href":"https:\/\/www.iemj.org\/en\/wp-json\/wp\/v2\/posts\/62695\/revisions\/127588"}],"wp:featuredmedia":[{"embeddable":true,"href":"https:\/\/www.iemj.org\/en\/wp-json\/wp\/v2\/media\/38055"}],"wp:attachment":[{"href":"https:\/\/www.iemj.org\/en\/wp-json\/wp\/v2\/media?parent=62695"}],"wp:term":[{"taxonomy":"category","embeddable":true,"href":"https:\/\/www.iemj.org\/en\/wp-json\/wp\/v2\/categories?post=62695"},{"taxonomy":"post_tag","embeddable":true,"href":"https:\/\/www.iemj.org\/en\/wp-json\/wp\/v2\/tags?post=62695"},{"taxonomy":"technique","embeddable":true,"href":"https:\/\/www.iemj.org\/en\/wp-json\/wp\/v2\/technique?post=62695"},{"taxonomy":"squelettes","embeddable":true,"href":"https:\/\/www.iemj.org\/en\/wp-json\/wp\/v2\/squelettes?post=62695"},{"taxonomy":"sujet","embeddable":true,"href":"https:\/\/www.iemj.org\/en\/wp-json\/wp\/v2\/sujet?post=62695"},{"taxonomy":"formation","embeddable":true,"href":"https:\/\/www.iemj.org\/en\/wp-json\/wp\/v2\/formation?post=62695"},{"taxonomy":"genre","embeddable":true,"href":"https:\/\/www.iemj.org\/en\/wp-json\/wp\/v2\/genre?post=62695"},{"taxonomy":"fonds","embeddable":true,"href":"https:\/\/www.iemj.org\/en\/wp-json\/wp\/v2\/fonds?post=62695"},{"taxonomy":"tradition","embeddable":true,"href":"https:\/\/www.iemj.org\/en\/wp-json\/wp\/v2\/tradition?post=62695"},{"taxonomy":"type-de-contenu","embeddable":true,"href":"https:\/\/www.iemj.org\/en\/wp-json\/wp\/v2\/type-de-contenu?post=62695"},{"taxonomy":"interprete-compositeur","embeddable":true,"href":"https:\/\/www.iemj.org\/en\/wp-json\/wp\/v2\/interprete-compositeur?post=62695"},{"taxonomy":"frise","embeddable":true,"href":"https:\/\/www.iemj.org\/en\/wp-json\/wp\/v2\/frise?post=62695"},{"taxonomy":"type-devenement","embeddable":true,"href":"https:\/\/www.iemj.org\/en\/wp-json\/wp\/v2\/type-devenement?post=62695"},{"taxonomy":"tableaux-liens-externes","embeddable":true,"href":"https:\/\/www.iemj.org\/en\/wp-json\/wp\/v2\/tableaux-liens-externes?post=62695"}],"curies":[{"name":"wp","href":"https:\/\/api.w.org\/{rel}","templated":true}]}}