{"id":62803,"date":"2014-05-06T10:50:57","date_gmt":"2014-05-06T08:50:57","guid":{"rendered":"https:\/\/www.iemj.org\/les-musigrains-une-institution-pedagogique-et-musicale-1939-1986\/"},"modified":"2021-09-09T17:50:37","modified_gmt":"2021-09-09T15:50:37","slug":"les-musigrains-une-institution-pedagogique-et-musicale-1939-1986","status":"publish","type":"post","link":"https:\/\/www.iemj.org\/en\/les-musigrains-une-institution-pedagogique-et-musicale-1939-1986\/","title":{"rendered":"Les Musigrains &#8211; A pedagogical institution (1939 \u2013 1986)"},"content":{"rendered":"<p>Editions L\u2019Harmattan, Paris, 2013, 222 p.<\/p>\n<p>Les Musigrains is a pedagogical and musical adventure lived in Parisian theaters. Thousands of young music lovers who attended more than 400 concerts performed by hundreds of musicians, and generally inserting short contemporary works. This book presents the main facts of this institution (history, biographies, performers,\u2026) and features testimonies of those who were close to Germaine Arbeau-Bonnefoy and her staff.<\/p>\n<p>We can remind that Les Musigrains is the name of a Parisian organization of pedagogical concerts and conferences, created in July 1939 and that was active between February 1941 and May 1986. This name is in fact the name of a cycle on concerts for the schools, founded in en 1945. The organization used to be called \u00c9volution Musicale de la Jeunesse (EMJ), a name generally given to the secondary studies, whereas a cycle for younger students was created in 1965.<\/p>\n<p>Housed in the first and last years in the Conservatoire Ha&amp;lls, of Pleyel and Gaveau concert halls, la Mutualit\u00e9 and le Th\u00e9\u00e2tre du Ch\u00e2telet, les Musigrains were most of all relate to the Th\u00e9\u00e2tre des Champs-\u00c9lys\u00e9es from 1949 to 1978.<\/p>\n<p>Founded by Germaine Arbeau-Bonnefoy (1893-1986), piano teacher, story teller, with a large network in the Parisian music world, they organized exercises on recognizing of music instruments playing backstage short contemporary works. Several concerts were dedicated to the dancing.<\/p>\n<figure id=\"attachment_6914\" aria-describedby=\"caption-attachment-6914\" style=\"width: 216px\" class=\"wp-caption alignleft\"><img fetchpriority=\"high\" decoding=\"async\" class=\" alignleft size-full wp-image-6915\" title=\"Germaine Arbeau-Bonnefoy\" src=\"https:\/\/www.iemj.org\/wp-content\/uploads\/2014\/05\/arbeau-bonnefoy_germain.jpg\" alt=\"Germaine Arbeau-Bonnefoy\" width=\"216\" height=\"298\" align=\"left\" \/><figcaption id=\"caption-attachment-6914\" class=\"wp-caption-text\"><strong>Germaine Arbeau-Bonnefoy<\/strong><\/figcaption><\/figure>\n<p>The orchestra of the Soci\u00e9t\u00e9 des concerts du Conservatoire, and then of the Concerts Lamoureux, was conducted by Robert Blot, conductor in Paris Op\u00e9ra, replaced sometimes by Witold Dobrzynski and, after his passing away in 1983, by Michel Capelier. The production was made by <a href=\"https:\/\/www.iemj.org\/en\/zadoc-kahn-genevieve-1914-2001\/\" target=\"_blank\" rel=\"noopener\">Genevi\u00e8ve Zadoc-Kahn<\/a>, piano and music teacher.<\/p>\n<p>Mme Arbeau-Bonnefoy was helped and replaced in 1977,\u00a0 by piano players and teachers R\u00e9my Stricker, Jean-Pierre Armengaud (also musicologists and authors) and Michel Capelier (also conductor and composer).<\/p>\n<p>The actress Akakia-Viala, niece of \u00c9douard Autant and Louise Lara, performed an important role in the creation of masks, costumes and in the redaction and illustration of magazines that accompanied them and developed the themes of the concerts concerts.<\/p>\n<p>Hundreds of artists, beginners and advances, performed with the Musigrains, creating many musical vocations among the young people.<\/p>\n<p>Sources: <a href=\"http:\/\/fr.wikipedia.org\/wiki\/Musigrains\">Wikip\u00e9dia<\/a><\/p>\n<p><a href=\"https:\/\/www.editions-harmattan.fr\/livre-les_musigrains_une_institution_pedagogique_et_musicale_laurent_herz-9782343020204-41929.html\">Purchase the book<\/a><\/p>\n","protected":false},"excerpt":{"rendered":"<p>Editions L\u2019Harmattan, Paris, 2013, 222 p. Les Musigrains is a pedagogical and musical adventure lived in Parisian theaters. Thousands of young music lovers who attended more than 400 concerts performed<\/p>\n","protected":false},"author":1045,"featured_media":38233,"comment_status":"closed","ping_status":"open","sticky":false,"template":"","format":"standard","meta":{"_acf_changed":false,"footnotes":""},"categories":[1579,1562],"tags":[],"technique":[],"squelettes":[],"sujet":[],"formation":[],"genre":[],"fonds":[],"tradition":[],"type-de-contenu":[],"interprete-compositeur":[],"frise":[],"type-devenement":[],"tableaux-liens-externes":[],"class_list":["post-62803","post","type-post","status-publish","format-standard","has-post-thumbnail","hentry","category-books-articles-en","category-latest-acquisitions-en"],"acf":[],"yoast_head":"<!-- This site is optimized with the Yoast SEO plugin v27.3 - https:\/\/yoast.com\/product\/yoast-seo-wordpress\/ -->\n<title>Les Musigrains - A pedagogical institution (1939 \u2013 1986) - Institut Europ\u00e9en des Musiques Juives<\/title>\n<meta name=\"robots\" content=\"index, follow, max-snippet:-1, max-image-preview:large, max-video-preview:-1\" \/>\n<link rel=\"canonical\" href=\"https:\/\/www.iemj.org\/en\/les-musigrains-une-institution-pedagogique-et-musicale-1939-1986\/\" \/>\n<meta property=\"og:locale\" content=\"en_US\" \/>\n<meta property=\"og:type\" content=\"article\" \/>\n<meta property=\"og:title\" content=\"Les Musigrains - A pedagogical institution (1939 \u2013 1986) - Institut Europ\u00e9en des Musiques Juives\" \/>\n<meta property=\"og:description\" content=\"Editions L\u2019Harmattan, Paris, 2013, 222 p. Les Musigrains is a pedagogical and musical adventure lived in Parisian theaters. Thousands of young music lovers who attended more than 400 concerts performed\" \/>\n<meta property=\"og:url\" content=\"https:\/\/www.iemj.org\/en\/les-musigrains-une-institution-pedagogique-et-musicale-1939-1986\/\" \/>\n<meta property=\"og:site_name\" content=\"Institut Europ\u00e9en des Musiques Juives\" \/>\n<meta property=\"article:publisher\" content=\"https:\/\/www.facebook.com\/MusiquesJuives\/\" \/>\n<meta property=\"article:published_time\" content=\"2014-05-06T08:50:57+00:00\" \/>\n<meta property=\"article:modified_time\" content=\"2021-09-09T15:50:37+00:00\" \/>\n<meta property=\"og:image\" content=\"https:\/\/www.iemj.org\/wp-content\/uploads\/2014\/05\/Les-musigrains_COUV.jpg\" \/>\n\t<meta property=\"og:image:width\" content=\"316\" \/>\n\t<meta property=\"og:image:height\" content=\"501\" \/>\n\t<meta property=\"og:image:type\" content=\"image\/jpeg\" \/>\n<meta name=\"author\" content=\"Herv\u00e9 Roten\" \/>\n<meta name=\"twitter:card\" content=\"summary_large_image\" \/>\n<meta name=\"twitter:label1\" content=\"Written by\" \/>\n\t<meta name=\"twitter:data1\" content=\"Herv\u00e9 Roten\" \/>\n\t<meta name=\"twitter:label2\" content=\"Est. reading time\" \/>\n\t<meta name=\"twitter:data2\" content=\"2 minutes\" \/>\n<script type=\"application\/ld+json\" class=\"yoast-schema-graph\">{\"@context\":\"https:\\\/\\\/schema.org\",\"@graph\":[{\"@type\":\"Article\",\"@id\":\"https:\\\/\\\/www.iemj.org\\\/en\\\/les-musigrains-une-institution-pedagogique-et-musicale-1939-1986\\\/#article\",\"isPartOf\":{\"@id\":\"https:\\\/\\\/www.iemj.org\\\/en\\\/les-musigrains-une-institution-pedagogique-et-musicale-1939-1986\\\/\"},\"author\":{\"name\":\"Herv\u00e9 Roten\",\"@id\":\"https:\\\/\\\/www.iemj.org\\\/en\\\/#\\\/schema\\\/person\\\/906134402c29d5c76e7b726261dd4bbd\"},\"headline\":\"Les Musigrains &#8211; A pedagogical institution (1939 \u2013 1986)\",\"datePublished\":\"2014-05-06T08:50:57+00:00\",\"dateModified\":\"2021-09-09T15:50:37+00:00\",\"mainEntityOfPage\":{\"@id\":\"https:\\\/\\\/www.iemj.org\\\/en\\\/les-musigrains-une-institution-pedagogique-et-musicale-1939-1986\\\/\"},\"wordCount\":381,\"publisher\":{\"@id\":\"https:\\\/\\\/www.iemj.org\\\/en\\\/#organization\"},\"image\":{\"@id\":\"https:\\\/\\\/www.iemj.org\\\/en\\\/les-musigrains-une-institution-pedagogique-et-musicale-1939-1986\\\/#primaryimage\"},\"thumbnailUrl\":\"https:\\\/\\\/www.iemj.org\\\/wp-content\\\/uploads\\\/2014\\\/05\\\/Les-musigrains_COUV.jpg\",\"articleSection\":[\"Books, articles\",\"Latest Acquisitions\"],\"inLanguage\":\"en-US\"},{\"@type\":\"WebPage\",\"@id\":\"https:\\\/\\\/www.iemj.org\\\/en\\\/les-musigrains-une-institution-pedagogique-et-musicale-1939-1986\\\/\",\"url\":\"https:\\\/\\\/www.iemj.org\\\/en\\\/les-musigrains-une-institution-pedagogique-et-musicale-1939-1986\\\/\",\"name\":\"Les Musigrains - A pedagogical institution (1939 \u2013 1986) - Institut Europ\u00e9en des Musiques Juives\",\"isPartOf\":{\"@id\":\"https:\\\/\\\/www.iemj.org\\\/en\\\/#website\"},\"primaryImageOfPage\":{\"@id\":\"https:\\\/\\\/www.iemj.org\\\/en\\\/les-musigrains-une-institution-pedagogique-et-musicale-1939-1986\\\/#primaryimage\"},\"image\":{\"@id\":\"https:\\\/\\\/www.iemj.org\\\/en\\\/les-musigrains-une-institution-pedagogique-et-musicale-1939-1986\\\/#primaryimage\"},\"thumbnailUrl\":\"https:\\\/\\\/www.iemj.org\\\/wp-content\\\/uploads\\\/2014\\\/05\\\/Les-musigrains_COUV.jpg\",\"datePublished\":\"2014-05-06T08:50:57+00:00\",\"dateModified\":\"2021-09-09T15:50:37+00:00\",\"breadcrumb\":{\"@id\":\"https:\\\/\\\/www.iemj.org\\\/en\\\/les-musigrains-une-institution-pedagogique-et-musicale-1939-1986\\\/#breadcrumb\"},\"inLanguage\":\"en-US\",\"potentialAction\":[{\"@type\":\"ReadAction\",\"target\":[\"https:\\\/\\\/www.iemj.org\\\/en\\\/les-musigrains-une-institution-pedagogique-et-musicale-1939-1986\\\/\"]}]},{\"@type\":\"ImageObject\",\"inLanguage\":\"en-US\",\"@id\":\"https:\\\/\\\/www.iemj.org\\\/en\\\/les-musigrains-une-institution-pedagogique-et-musicale-1939-1986\\\/#primaryimage\",\"url\":\"https:\\\/\\\/www.iemj.org\\\/wp-content\\\/uploads\\\/2014\\\/05\\\/Les-musigrains_COUV.jpg\",\"contentUrl\":\"https:\\\/\\\/www.iemj.org\\\/wp-content\\\/uploads\\\/2014\\\/05\\\/Les-musigrains_COUV.jpg\",\"width\":316,\"height\":501},{\"@type\":\"BreadcrumbList\",\"@id\":\"https:\\\/\\\/www.iemj.org\\\/en\\\/les-musigrains-une-institution-pedagogique-et-musicale-1939-1986\\\/#breadcrumb\",\"itemListElement\":[{\"@type\":\"ListItem\",\"position\":1,\"name\":\"Accueil\",\"item\":\"https:\\\/\\\/www.iemj.org\\\/en\\\/\"},{\"@type\":\"ListItem\",\"position\":2,\"name\":\"Les Musigrains &#8211; A pedagogical institution (1939 \u2013 1986)\"}]},{\"@type\":\"WebSite\",\"@id\":\"https:\\\/\\\/www.iemj.org\\\/en\\\/#website\",\"url\":\"https:\\\/\\\/www.iemj.org\\\/en\\\/\",\"name\":\"Institut Europ\u00e9en des Musiques Juives\",\"description\":\"Des traditions musicales \u00e0 la port\u00e9e de tous\",\"publisher\":{\"@id\":\"https:\\\/\\\/www.iemj.org\\\/en\\\/#organization\"},\"potentialAction\":[{\"@type\":\"SearchAction\",\"target\":{\"@type\":\"EntryPoint\",\"urlTemplate\":\"https:\\\/\\\/www.iemj.org\\\/en\\\/?s={search_term_string}\"},\"query-input\":{\"@type\":\"PropertyValueSpecification\",\"valueRequired\":true,\"valueName\":\"search_term_string\"}}],\"inLanguage\":\"en-US\"},{\"@type\":\"Organization\",\"@id\":\"https:\\\/\\\/www.iemj.org\\\/en\\\/#organization\",\"name\":\"Institut Europ\u00e9en des Musiques Juives\",\"url\":\"https:\\\/\\\/www.iemj.org\\\/en\\\/\",\"logo\":{\"@type\":\"ImageObject\",\"inLanguage\":\"en-US\",\"@id\":\"https:\\\/\\\/www.iemj.org\\\/en\\\/#\\\/schema\\\/logo\\\/image\\\/\",\"url\":\"https:\\\/\\\/www.iemj.org\\\/wp-content\\\/uploads\\\/2021\\\/09\\\/Logo-IEMJ-Paypal.jpg\",\"contentUrl\":\"https:\\\/\\\/www.iemj.org\\\/wp-content\\\/uploads\\\/2021\\\/09\\\/Logo-IEMJ-Paypal.jpg\",\"width\":150,\"height\":50,\"caption\":\"Institut Europ\u00e9en des Musiques Juives\"},\"image\":{\"@id\":\"https:\\\/\\\/www.iemj.org\\\/en\\\/#\\\/schema\\\/logo\\\/image\\\/\"},\"sameAs\":[\"https:\\\/\\\/www.facebook.com\\\/MusiquesJuives\\\/\",\"https:\\\/\\\/www.instagram.com\\\/musiquesjuives\\\/\",\"https:\\\/\\\/www.youtube.com\\\/user\\\/musiquesjuives\"]},{\"@type\":\"Person\",\"@id\":\"https:\\\/\\\/www.iemj.org\\\/en\\\/#\\\/schema\\\/person\\\/906134402c29d5c76e7b726261dd4bbd\",\"name\":\"Herv\u00e9 Roten\",\"image\":{\"@type\":\"ImageObject\",\"inLanguage\":\"en-US\",\"@id\":\"https:\\\/\\\/secure.gravatar.com\\\/avatar\\\/f96ad2db538a26481f18384936b5cd0610c92d390c4dc382209216d455f685ff?s=96&d=mm&r=g\",\"url\":\"https:\\\/\\\/secure.gravatar.com\\\/avatar\\\/f96ad2db538a26481f18384936b5cd0610c92d390c4dc382209216d455f685ff?s=96&d=mm&r=g\",\"contentUrl\":\"https:\\\/\\\/secure.gravatar.com\\\/avatar\\\/f96ad2db538a26481f18384936b5cd0610c92d390c4dc382209216d455f685ff?s=96&d=mm&r=g\",\"caption\":\"Herv\u00e9 Roten\"}}]}<\/script>\n<!-- \/ Yoast SEO plugin. -->","yoast_head_json":{"title":"Les Musigrains - A pedagogical institution (1939 \u2013 1986) - Institut Europ\u00e9en des Musiques Juives","robots":{"index":"index","follow":"follow","max-snippet":"max-snippet:-1","max-image-preview":"max-image-preview:large","max-video-preview":"max-video-preview:-1"},"canonical":"https:\/\/www.iemj.org\/en\/les-musigrains-une-institution-pedagogique-et-musicale-1939-1986\/","og_locale":"en_US","og_type":"article","og_title":"Les Musigrains - A pedagogical institution (1939 \u2013 1986) - Institut Europ\u00e9en des Musiques Juives","og_description":"Editions L\u2019Harmattan, Paris, 2013, 222 p. Les Musigrains is a pedagogical and musical adventure lived in Parisian theaters. Thousands of young music lovers who attended more than 400 concerts performed","og_url":"https:\/\/www.iemj.org\/en\/les-musigrains-une-institution-pedagogique-et-musicale-1939-1986\/","og_site_name":"Institut Europ\u00e9en des Musiques Juives","article_publisher":"https:\/\/www.facebook.com\/MusiquesJuives\/","article_published_time":"2014-05-06T08:50:57+00:00","article_modified_time":"2021-09-09T15:50:37+00:00","og_image":[{"width":316,"height":501,"url":"https:\/\/www.iemj.org\/wp-content\/uploads\/2014\/05\/Les-musigrains_COUV.jpg","type":"image\/jpeg"}],"author":"Herv\u00e9 Roten","twitter_card":"summary_large_image","twitter_misc":{"Written by":"Herv\u00e9 Roten","Est. reading time":"2 minutes"},"schema":{"@context":"https:\/\/schema.org","@graph":[{"@type":"Article","@id":"https:\/\/www.iemj.org\/en\/les-musigrains-une-institution-pedagogique-et-musicale-1939-1986\/#article","isPartOf":{"@id":"https:\/\/www.iemj.org\/en\/les-musigrains-une-institution-pedagogique-et-musicale-1939-1986\/"},"author":{"name":"Herv\u00e9 Roten","@id":"https:\/\/www.iemj.org\/en\/#\/schema\/person\/906134402c29d5c76e7b726261dd4bbd"},"headline":"Les Musigrains &#8211; A pedagogical institution (1939 \u2013 1986)","datePublished":"2014-05-06T08:50:57+00:00","dateModified":"2021-09-09T15:50:37+00:00","mainEntityOfPage":{"@id":"https:\/\/www.iemj.org\/en\/les-musigrains-une-institution-pedagogique-et-musicale-1939-1986\/"},"wordCount":381,"publisher":{"@id":"https:\/\/www.iemj.org\/en\/#organization"},"image":{"@id":"https:\/\/www.iemj.org\/en\/les-musigrains-une-institution-pedagogique-et-musicale-1939-1986\/#primaryimage"},"thumbnailUrl":"https:\/\/www.iemj.org\/wp-content\/uploads\/2014\/05\/Les-musigrains_COUV.jpg","articleSection":["Books, articles","Latest Acquisitions"],"inLanguage":"en-US"},{"@type":"WebPage","@id":"https:\/\/www.iemj.org\/en\/les-musigrains-une-institution-pedagogique-et-musicale-1939-1986\/","url":"https:\/\/www.iemj.org\/en\/les-musigrains-une-institution-pedagogique-et-musicale-1939-1986\/","name":"Les Musigrains - A pedagogical institution (1939 \u2013 1986) - Institut Europ\u00e9en des Musiques Juives","isPartOf":{"@id":"https:\/\/www.iemj.org\/en\/#website"},"primaryImageOfPage":{"@id":"https:\/\/www.iemj.org\/en\/les-musigrains-une-institution-pedagogique-et-musicale-1939-1986\/#primaryimage"},"image":{"@id":"https:\/\/www.iemj.org\/en\/les-musigrains-une-institution-pedagogique-et-musicale-1939-1986\/#primaryimage"},"thumbnailUrl":"https:\/\/www.iemj.org\/wp-content\/uploads\/2014\/05\/Les-musigrains_COUV.jpg","datePublished":"2014-05-06T08:50:57+00:00","dateModified":"2021-09-09T15:50:37+00:00","breadcrumb":{"@id":"https:\/\/www.iemj.org\/en\/les-musigrains-une-institution-pedagogique-et-musicale-1939-1986\/#breadcrumb"},"inLanguage":"en-US","potentialAction":[{"@type":"ReadAction","target":["https:\/\/www.iemj.org\/en\/les-musigrains-une-institution-pedagogique-et-musicale-1939-1986\/"]}]},{"@type":"ImageObject","inLanguage":"en-US","@id":"https:\/\/www.iemj.org\/en\/les-musigrains-une-institution-pedagogique-et-musicale-1939-1986\/#primaryimage","url":"https:\/\/www.iemj.org\/wp-content\/uploads\/2014\/05\/Les-musigrains_COUV.jpg","contentUrl":"https:\/\/www.iemj.org\/wp-content\/uploads\/2014\/05\/Les-musigrains_COUV.jpg","width":316,"height":501},{"@type":"BreadcrumbList","@id":"https:\/\/www.iemj.org\/en\/les-musigrains-une-institution-pedagogique-et-musicale-1939-1986\/#breadcrumb","itemListElement":[{"@type":"ListItem","position":1,"name":"Accueil","item":"https:\/\/www.iemj.org\/en\/"},{"@type":"ListItem","position":2,"name":"Les Musigrains &#8211; A pedagogical institution (1939 \u2013 1986)"}]},{"@type":"WebSite","@id":"https:\/\/www.iemj.org\/en\/#website","url":"https:\/\/www.iemj.org\/en\/","name":"Institut Europ\u00e9en des Musiques Juives","description":"Des traditions musicales \u00e0 la port\u00e9e de tous","publisher":{"@id":"https:\/\/www.iemj.org\/en\/#organization"},"potentialAction":[{"@type":"SearchAction","target":{"@type":"EntryPoint","urlTemplate":"https:\/\/www.iemj.org\/en\/?s={search_term_string}"},"query-input":{"@type":"PropertyValueSpecification","valueRequired":true,"valueName":"search_term_string"}}],"inLanguage":"en-US"},{"@type":"Organization","@id":"https:\/\/www.iemj.org\/en\/#organization","name":"Institut Europ\u00e9en des Musiques Juives","url":"https:\/\/www.iemj.org\/en\/","logo":{"@type":"ImageObject","inLanguage":"en-US","@id":"https:\/\/www.iemj.org\/en\/#\/schema\/logo\/image\/","url":"https:\/\/www.iemj.org\/wp-content\/uploads\/2021\/09\/Logo-IEMJ-Paypal.jpg","contentUrl":"https:\/\/www.iemj.org\/wp-content\/uploads\/2021\/09\/Logo-IEMJ-Paypal.jpg","width":150,"height":50,"caption":"Institut Europ\u00e9en des Musiques Juives"},"image":{"@id":"https:\/\/www.iemj.org\/en\/#\/schema\/logo\/image\/"},"sameAs":["https:\/\/www.facebook.com\/MusiquesJuives\/","https:\/\/www.instagram.com\/musiquesjuives\/","https:\/\/www.youtube.com\/user\/musiquesjuives"]},{"@type":"Person","@id":"https:\/\/www.iemj.org\/en\/#\/schema\/person\/906134402c29d5c76e7b726261dd4bbd","name":"Herv\u00e9 Roten","image":{"@type":"ImageObject","inLanguage":"en-US","@id":"https:\/\/secure.gravatar.com\/avatar\/f96ad2db538a26481f18384936b5cd0610c92d390c4dc382209216d455f685ff?s=96&d=mm&r=g","url":"https:\/\/secure.gravatar.com\/avatar\/f96ad2db538a26481f18384936b5cd0610c92d390c4dc382209216d455f685ff?s=96&d=mm&r=g","contentUrl":"https:\/\/secure.gravatar.com\/avatar\/f96ad2db538a26481f18384936b5cd0610c92d390c4dc382209216d455f685ff?s=96&d=mm&r=g","caption":"Herv\u00e9 Roten"}}]}},"_links":{"self":[{"href":"https:\/\/www.iemj.org\/en\/wp-json\/wp\/v2\/posts\/62803","targetHints":{"allow":["GET"]}}],"collection":[{"href":"https:\/\/www.iemj.org\/en\/wp-json\/wp\/v2\/posts"}],"about":[{"href":"https:\/\/www.iemj.org\/en\/wp-json\/wp\/v2\/types\/post"}],"author":[{"embeddable":true,"href":"https:\/\/www.iemj.org\/en\/wp-json\/wp\/v2\/users\/1045"}],"replies":[{"embeddable":true,"href":"https:\/\/www.iemj.org\/en\/wp-json\/wp\/v2\/comments?post=62803"}],"version-history":[{"count":0,"href":"https:\/\/www.iemj.org\/en\/wp-json\/wp\/v2\/posts\/62803\/revisions"}],"wp:featuredmedia":[{"embeddable":true,"href":"https:\/\/www.iemj.org\/en\/wp-json\/wp\/v2\/media\/38233"}],"wp:attachment":[{"href":"https:\/\/www.iemj.org\/en\/wp-json\/wp\/v2\/media?parent=62803"}],"wp:term":[{"taxonomy":"category","embeddable":true,"href":"https:\/\/www.iemj.org\/en\/wp-json\/wp\/v2\/categories?post=62803"},{"taxonomy":"post_tag","embeddable":true,"href":"https:\/\/www.iemj.org\/en\/wp-json\/wp\/v2\/tags?post=62803"},{"taxonomy":"technique","embeddable":true,"href":"https:\/\/www.iemj.org\/en\/wp-json\/wp\/v2\/technique?post=62803"},{"taxonomy":"squelettes","embeddable":true,"href":"https:\/\/www.iemj.org\/en\/wp-json\/wp\/v2\/squelettes?post=62803"},{"taxonomy":"sujet","embeddable":true,"href":"https:\/\/www.iemj.org\/en\/wp-json\/wp\/v2\/sujet?post=62803"},{"taxonomy":"formation","embeddable":true,"href":"https:\/\/www.iemj.org\/en\/wp-json\/wp\/v2\/formation?post=62803"},{"taxonomy":"genre","embeddable":true,"href":"https:\/\/www.iemj.org\/en\/wp-json\/wp\/v2\/genre?post=62803"},{"taxonomy":"fonds","embeddable":true,"href":"https:\/\/www.iemj.org\/en\/wp-json\/wp\/v2\/fonds?post=62803"},{"taxonomy":"tradition","embeddable":true,"href":"https:\/\/www.iemj.org\/en\/wp-json\/wp\/v2\/tradition?post=62803"},{"taxonomy":"type-de-contenu","embeddable":true,"href":"https:\/\/www.iemj.org\/en\/wp-json\/wp\/v2\/type-de-contenu?post=62803"},{"taxonomy":"interprete-compositeur","embeddable":true,"href":"https:\/\/www.iemj.org\/en\/wp-json\/wp\/v2\/interprete-compositeur?post=62803"},{"taxonomy":"frise","embeddable":true,"href":"https:\/\/www.iemj.org\/en\/wp-json\/wp\/v2\/frise?post=62803"},{"taxonomy":"type-devenement","embeddable":true,"href":"https:\/\/www.iemj.org\/en\/wp-json\/wp\/v2\/type-devenement?post=62803"},{"taxonomy":"tableaux-liens-externes","embeddable":true,"href":"https:\/\/www.iemj.org\/en\/wp-json\/wp\/v2\/tableaux-liens-externes?post=62803"}],"curies":[{"name":"wp","href":"https:\/\/api.w.org\/{rel}","templated":true}]}}