{"id":63100,"date":"2013-09-29T11:44:55","date_gmt":"2013-09-29T09:44:55","guid":{"rendered":"https:\/\/www.iemj.org\/darius-milhaud-ani-maamin-un-chant-perdu-et-retrouve\/"},"modified":"2025-10-20T16:54:03","modified_gmt":"2025-10-20T14:54:03","slug":"darius-milhaud-ani-maamin-un-chant-perdu-et-retrouve","status":"publish","type":"post","link":"https:\/\/www.iemj.org\/en\/darius-milhaud-ani-maamin-un-chant-perdu-et-retrouve\/","title":{"rendered":"Darius Milhaud &#8211; Ani maamin &#8211; un chant perdu et retrouv\u00e9"},"content":{"rendered":"<p>A disc published\u00a0 in 1994 by Arion, in the MFA (Musique Fran\u00e7aise d\u2019Aujourd\u2019hui).<\/p>\n<p>With Sharon Cooper (soprano), Micha\u00ebl Lonsdale, Bernard Freyd, Michel Hermon and Jean N\u00e9groni (reciters), the choral Madrigal of Bordeaux (Mezzo-Soprano : Anna Parus, choral conductor : Eliane Lavail) and the ensemble 2E2M conducted by Paul M\u00e9fano.<\/p>\n<p><!--more-->This historical recording was made in 1992 on the occasion of the hundredth anniversary of the birth of <a href=\"https:\/\/en.wikipedia.org\/wiki\/Darius_Milhaud\" target=\"_blank\" rel=\"noopener\">Darius Milhaud<\/a> (1892-1974).<\/p>\n<p><a href=\"http:\/\/brahms.ircam.fr\/works\/work\/45449\/\">Ani maamin<\/a> is the latest work of this very productive composer (443 works in his catalogue !) who defined himself as a \u201cFrench man born in Aix of Israelite confession\u201d. This cantata, put on a text by Elie Wiesel, who was deported in Auschwitz at the age of 15, describes the horror of the concentration camps and the martyr of Jews (the father killed in front of the son, the child strangled in his mother\u2019s arms\u2026). But it is also\u00a0 the expression of a faith opening on eternal questions, which each one of us try to resolve in his own way\u00a0: responsibility of a God, responsibility.<\/p>\n<p>\u00ab Ani maamin beviat ha-Mashiah \u00bb means \u00ab I believe in the coming of the Messiah \u00bb. On Darius Milhaud\u2019s sheet music, we can read these few lines : \u00ab It is one of the thirteen principle of faith stated by Maimonides. It\u2019s also a song that, in camps and ghettos, pious and obstinate Jews chose as an anthem. Their faith, instead of comforting soothe the survivors, only confuse them. Affirmation and provocation at the same time, it cannot bring worry. However\u2026 \u00bb.<\/p>\n<p><a href=\"https:\/\/www.espritsnomades.net\/musiques\/darius-milhaud-un-ogre-en-musique\/\" target=\"_blank\" rel=\"noopener\">Learn more on Darius Milhaud and the cantata Ani maamin<\/a><\/p>\n\n\n<figure class=\"wp-block-embed is-type-video is-provider-youtube wp-block-embed-youtube wp-embed-aspect-16-9 wp-has-aspect-ratio\"><div class=\"wp-block-embed__wrapper\">\n<iframe title=\"Darius Milhaud et Elie Wiesel - Ani maamin\" width=\"640\" height=\"360\" src=\"https:\/\/www.youtube.com\/embed\/zKrfDxvNCig?feature=oembed\" frameborder=\"0\" allow=\"accelerometer; autoplay; clipboard-write; encrypted-media; gyroscope; picture-in-picture; web-share\" referrerpolicy=\"strict-origin-when-cross-origin\" allowfullscreen><\/iframe>\n<\/div><\/figure>\n\n\n\n<figure class=\"wp-block-image size-large\"><img fetchpriority=\"high\" decoding=\"async\" width=\"1024\" height=\"133\" src=\"https:\/\/www.iemj.org\/wp-content\/uploads\/2024\/03\/AUDIO-PLAYER-1024x133.png\" alt=\"\" class=\"wp-image-110608\" srcset=\"https:\/\/www.iemj.org\/wp-content\/uploads\/2024\/03\/AUDIO-PLAYER-1024x133.png 1024w, https:\/\/www.iemj.org\/wp-content\/uploads\/2024\/03\/AUDIO-PLAYER-300x39.png 300w, https:\/\/www.iemj.org\/wp-content\/uploads\/2024\/03\/AUDIO-PLAYER-768x100.png 768w, https:\/\/www.iemj.org\/wp-content\/uploads\/2024\/03\/AUDIO-PLAYER-600x78.png 600w, https:\/\/www.iemj.org\/wp-content\/uploads\/2024\/03\/AUDIO-PLAYER.png 1210w\" sizes=\"(max-width: 1024px) 100vw, 1024px\" \/><\/figure>\n\n\n\n<div class=\"wp-block-file\"><a id=\"wp-block-file--media-1f65cd65-67a6-47d5-973c-c511ddf01acc\" href=\"https:\/\/www.iemj.org\/wp-content\/uploads\/2013\/09\/cd_493_02_exsite.mp3\">Ani Maamin<\/a><\/div>\n\n\n\n<div class=\"wp-block-file\"><a id=\"wp-block-file--media-baa608a4-39c8-441d-81e1-a579d008af4d\" href=\"https:\/\/www.iemj.org\/wp-content\/uploads\/2013\/09\/cd_493_15_exsite.mp3\">Le Maitre du Monde<\/a><\/div>\n\n\n\n<div class=\"wp-block-file\"><a id=\"wp-block-file--media-3c413278-f10d-4e03-a483-cfc9723a693d\" href=\"https:\/\/www.iemj.org\/wp-content\/uploads\/2013\/09\/cd_493_21_exsite.mp3\">Rien l\u00e0-haut<\/a><\/div>\n","protected":false},"excerpt":{"rendered":"<p>A disc published\u00a0 in 1994 by Arion, in the MFA (Musique Fran\u00e7aise d\u2019Aujourd\u2019hui). With Sharon Cooper (soprano), Micha\u00ebl Lonsdale, Bernard Freyd, Michel Hermon and Jean N\u00e9groni (reciters), the choral Madrigal<\/p>\n","protected":false},"author":1045,"featured_media":6155,"comment_status":"closed","ping_status":"closed","sticky":false,"template":"","format":"standard","meta":{"_acf_changed":false,"footnotes":""},"categories":[1570,1562],"tags":[],"technique":[],"squelettes":[],"sujet":[],"formation":[],"genre":[1117],"fonds":[],"tradition":[],"type-de-contenu":[],"interprete-compositeur":[3128],"frise":[],"type-devenement":[],"tableaux-liens-externes":[],"class_list":["post-63100","post","type-post","status-publish","format-standard","has-post-thumbnail","hentry","category-cd-latest-acquisition-en","category-latest-acquisitions-en","genre-classical-music","interprete-compositeur-darius-milhaud-en"],"acf":[],"yoast_head":"<!-- This site is optimized with the Yoast SEO plugin v27.3 - https:\/\/yoast.com\/product\/yoast-seo-wordpress\/ -->\n<title>Darius Milhaud - Ani maamin - un chant perdu et retrouv\u00e9 - Institut Europ\u00e9en des Musiques Juives<\/title>\n<meta name=\"robots\" content=\"index, follow, max-snippet:-1, max-image-preview:large, max-video-preview:-1\" \/>\n<link rel=\"canonical\" href=\"https:\/\/www.iemj.org\/en\/darius-milhaud-ani-maamin-un-chant-perdu-et-retrouve\/\" \/>\n<meta property=\"og:locale\" content=\"en_US\" \/>\n<meta property=\"og:type\" content=\"article\" \/>\n<meta property=\"og:title\" content=\"Darius Milhaud - Ani maamin - un chant perdu et retrouv\u00e9 - Institut Europ\u00e9en des Musiques Juives\" \/>\n<meta property=\"og:description\" content=\"A disc published\u00a0 in 1994 by Arion, in the MFA (Musique Fran\u00e7aise d\u2019Aujourd\u2019hui). With Sharon Cooper (soprano), Micha\u00ebl Lonsdale, Bernard Freyd, Michel Hermon and Jean N\u00e9groni (reciters), the choral Madrigal\" \/>\n<meta property=\"og:url\" content=\"https:\/\/www.iemj.org\/en\/darius-milhaud-ani-maamin-un-chant-perdu-et-retrouve\/\" \/>\n<meta property=\"og:site_name\" content=\"Institut Europ\u00e9en des Musiques Juives\" \/>\n<meta property=\"article:publisher\" content=\"https:\/\/www.facebook.com\/MusiquesJuives\/\" \/>\n<meta property=\"article:published_time\" content=\"2013-09-29T09:44:55+00:00\" \/>\n<meta property=\"article:modified_time\" content=\"2025-10-20T14:54:03+00:00\" \/>\n<meta property=\"og:image\" content=\"https:\/\/www.iemj.org\/wp-content\/uploads\/2013\/09\/arton760.jpg\" \/>\n\t<meta property=\"og:image:width\" content=\"247\" \/>\n\t<meta property=\"og:image:height\" content=\"240\" \/>\n\t<meta property=\"og:image:type\" content=\"image\/jpeg\" \/>\n<meta name=\"author\" content=\"Herv\u00e9 Roten\" \/>\n<meta name=\"twitter:card\" content=\"summary_large_image\" \/>\n<meta name=\"twitter:label1\" content=\"Written by\" \/>\n\t<meta name=\"twitter:data1\" content=\"Herv\u00e9 Roten\" \/>\n\t<meta name=\"twitter:label2\" content=\"Est. reading time\" \/>\n\t<meta name=\"twitter:data2\" content=\"2 minutes\" \/>\n<script type=\"application\/ld+json\" class=\"yoast-schema-graph\">{\"@context\":\"https:\\\/\\\/schema.org\",\"@graph\":[{\"@type\":\"Article\",\"@id\":\"https:\\\/\\\/www.iemj.org\\\/en\\\/darius-milhaud-ani-maamin-un-chant-perdu-et-retrouve\\\/#article\",\"isPartOf\":{\"@id\":\"https:\\\/\\\/www.iemj.org\\\/en\\\/darius-milhaud-ani-maamin-un-chant-perdu-et-retrouve\\\/\"},\"author\":{\"name\":\"Herv\u00e9 Roten\",\"@id\":\"https:\\\/\\\/www.iemj.org\\\/en\\\/#\\\/schema\\\/person\\\/906134402c29d5c76e7b726261dd4bbd\"},\"headline\":\"Darius Milhaud &#8211; Ani maamin &#8211; un chant perdu et retrouv\u00e9\",\"datePublished\":\"2013-09-29T09:44:55+00:00\",\"dateModified\":\"2025-10-20T14:54:03+00:00\",\"mainEntityOfPage\":{\"@id\":\"https:\\\/\\\/www.iemj.org\\\/en\\\/darius-milhaud-ani-maamin-un-chant-perdu-et-retrouve\\\/\"},\"wordCount\":289,\"publisher\":{\"@id\":\"https:\\\/\\\/www.iemj.org\\\/en\\\/#organization\"},\"image\":{\"@id\":\"https:\\\/\\\/www.iemj.org\\\/en\\\/darius-milhaud-ani-maamin-un-chant-perdu-et-retrouve\\\/#primaryimage\"},\"thumbnailUrl\":\"https:\\\/\\\/www.iemj.org\\\/wp-content\\\/uploads\\\/2013\\\/09\\\/arton760.jpg\",\"articleSection\":[\"CD\",\"Latest Acquisitions\"],\"inLanguage\":\"en-US\"},{\"@type\":\"WebPage\",\"@id\":\"https:\\\/\\\/www.iemj.org\\\/en\\\/darius-milhaud-ani-maamin-un-chant-perdu-et-retrouve\\\/\",\"url\":\"https:\\\/\\\/www.iemj.org\\\/en\\\/darius-milhaud-ani-maamin-un-chant-perdu-et-retrouve\\\/\",\"name\":\"Darius Milhaud - Ani maamin - un chant perdu et retrouv\u00e9 - Institut Europ\u00e9en des Musiques Juives\",\"isPartOf\":{\"@id\":\"https:\\\/\\\/www.iemj.org\\\/en\\\/#website\"},\"primaryImageOfPage\":{\"@id\":\"https:\\\/\\\/www.iemj.org\\\/en\\\/darius-milhaud-ani-maamin-un-chant-perdu-et-retrouve\\\/#primaryimage\"},\"image\":{\"@id\":\"https:\\\/\\\/www.iemj.org\\\/en\\\/darius-milhaud-ani-maamin-un-chant-perdu-et-retrouve\\\/#primaryimage\"},\"thumbnailUrl\":\"https:\\\/\\\/www.iemj.org\\\/wp-content\\\/uploads\\\/2013\\\/09\\\/arton760.jpg\",\"datePublished\":\"2013-09-29T09:44:55+00:00\",\"dateModified\":\"2025-10-20T14:54:03+00:00\",\"breadcrumb\":{\"@id\":\"https:\\\/\\\/www.iemj.org\\\/en\\\/darius-milhaud-ani-maamin-un-chant-perdu-et-retrouve\\\/#breadcrumb\"},\"inLanguage\":\"en-US\",\"potentialAction\":[{\"@type\":\"ReadAction\",\"target\":[\"https:\\\/\\\/www.iemj.org\\\/en\\\/darius-milhaud-ani-maamin-un-chant-perdu-et-retrouve\\\/\"]}]},{\"@type\":\"ImageObject\",\"inLanguage\":\"en-US\",\"@id\":\"https:\\\/\\\/www.iemj.org\\\/en\\\/darius-milhaud-ani-maamin-un-chant-perdu-et-retrouve\\\/#primaryimage\",\"url\":\"https:\\\/\\\/www.iemj.org\\\/wp-content\\\/uploads\\\/2013\\\/09\\\/arton760.jpg\",\"contentUrl\":\"https:\\\/\\\/www.iemj.org\\\/wp-content\\\/uploads\\\/2013\\\/09\\\/arton760.jpg\",\"width\":247,\"height\":240},{\"@type\":\"BreadcrumbList\",\"@id\":\"https:\\\/\\\/www.iemj.org\\\/en\\\/darius-milhaud-ani-maamin-un-chant-perdu-et-retrouve\\\/#breadcrumb\",\"itemListElement\":[{\"@type\":\"ListItem\",\"position\":1,\"name\":\"Accueil\",\"item\":\"https:\\\/\\\/www.iemj.org\\\/en\\\/\"},{\"@type\":\"ListItem\",\"position\":2,\"name\":\"Darius Milhaud &#8211; Ani maamin &#8211; un chant perdu et retrouv\u00e9\"}]},{\"@type\":\"WebSite\",\"@id\":\"https:\\\/\\\/www.iemj.org\\\/en\\\/#website\",\"url\":\"https:\\\/\\\/www.iemj.org\\\/en\\\/\",\"name\":\"Institut Europ\u00e9en des Musiques Juives\",\"description\":\"Des traditions musicales \u00e0 la port\u00e9e de tous\",\"publisher\":{\"@id\":\"https:\\\/\\\/www.iemj.org\\\/en\\\/#organization\"},\"potentialAction\":[{\"@type\":\"SearchAction\",\"target\":{\"@type\":\"EntryPoint\",\"urlTemplate\":\"https:\\\/\\\/www.iemj.org\\\/en\\\/?s={search_term_string}\"},\"query-input\":{\"@type\":\"PropertyValueSpecification\",\"valueRequired\":true,\"valueName\":\"search_term_string\"}}],\"inLanguage\":\"en-US\"},{\"@type\":\"Organization\",\"@id\":\"https:\\\/\\\/www.iemj.org\\\/en\\\/#organization\",\"name\":\"Institut Europ\u00e9en des Musiques Juives\",\"url\":\"https:\\\/\\\/www.iemj.org\\\/en\\\/\",\"logo\":{\"@type\":\"ImageObject\",\"inLanguage\":\"en-US\",\"@id\":\"https:\\\/\\\/www.iemj.org\\\/en\\\/#\\\/schema\\\/logo\\\/image\\\/\",\"url\":\"https:\\\/\\\/www.iemj.org\\\/wp-content\\\/uploads\\\/2021\\\/09\\\/Logo-IEMJ-Paypal.jpg\",\"contentUrl\":\"https:\\\/\\\/www.iemj.org\\\/wp-content\\\/uploads\\\/2021\\\/09\\\/Logo-IEMJ-Paypal.jpg\",\"width\":150,\"height\":50,\"caption\":\"Institut Europ\u00e9en des Musiques Juives\"},\"image\":{\"@id\":\"https:\\\/\\\/www.iemj.org\\\/en\\\/#\\\/schema\\\/logo\\\/image\\\/\"},\"sameAs\":[\"https:\\\/\\\/www.facebook.com\\\/MusiquesJuives\\\/\",\"https:\\\/\\\/www.instagram.com\\\/musiquesjuives\\\/\",\"https:\\\/\\\/www.youtube.com\\\/user\\\/musiquesjuives\"]},{\"@type\":\"Person\",\"@id\":\"https:\\\/\\\/www.iemj.org\\\/en\\\/#\\\/schema\\\/person\\\/906134402c29d5c76e7b726261dd4bbd\",\"name\":\"Herv\u00e9 Roten\",\"image\":{\"@type\":\"ImageObject\",\"inLanguage\":\"en-US\",\"@id\":\"https:\\\/\\\/secure.gravatar.com\\\/avatar\\\/f96ad2db538a26481f18384936b5cd0610c92d390c4dc382209216d455f685ff?s=96&d=mm&r=g\",\"url\":\"https:\\\/\\\/secure.gravatar.com\\\/avatar\\\/f96ad2db538a26481f18384936b5cd0610c92d390c4dc382209216d455f685ff?s=96&d=mm&r=g\",\"contentUrl\":\"https:\\\/\\\/secure.gravatar.com\\\/avatar\\\/f96ad2db538a26481f18384936b5cd0610c92d390c4dc382209216d455f685ff?s=96&d=mm&r=g\",\"caption\":\"Herv\u00e9 Roten\"}}]}<\/script>\n<!-- \/ Yoast SEO plugin. -->","yoast_head_json":{"title":"Darius Milhaud - Ani maamin - un chant perdu et retrouv\u00e9 - Institut Europ\u00e9en des Musiques Juives","robots":{"index":"index","follow":"follow","max-snippet":"max-snippet:-1","max-image-preview":"max-image-preview:large","max-video-preview":"max-video-preview:-1"},"canonical":"https:\/\/www.iemj.org\/en\/darius-milhaud-ani-maamin-un-chant-perdu-et-retrouve\/","og_locale":"en_US","og_type":"article","og_title":"Darius Milhaud - Ani maamin - un chant perdu et retrouv\u00e9 - Institut Europ\u00e9en des Musiques Juives","og_description":"A disc published\u00a0 in 1994 by Arion, in the MFA (Musique Fran\u00e7aise d\u2019Aujourd\u2019hui). With Sharon Cooper (soprano), Micha\u00ebl Lonsdale, Bernard Freyd, Michel Hermon and Jean N\u00e9groni (reciters), the choral Madrigal","og_url":"https:\/\/www.iemj.org\/en\/darius-milhaud-ani-maamin-un-chant-perdu-et-retrouve\/","og_site_name":"Institut Europ\u00e9en des Musiques Juives","article_publisher":"https:\/\/www.facebook.com\/MusiquesJuives\/","article_published_time":"2013-09-29T09:44:55+00:00","article_modified_time":"2025-10-20T14:54:03+00:00","og_image":[{"width":247,"height":240,"url":"https:\/\/www.iemj.org\/wp-content\/uploads\/2013\/09\/arton760.jpg","type":"image\/jpeg"}],"author":"Herv\u00e9 Roten","twitter_card":"summary_large_image","twitter_misc":{"Written by":"Herv\u00e9 Roten","Est. reading time":"2 minutes"},"schema":{"@context":"https:\/\/schema.org","@graph":[{"@type":"Article","@id":"https:\/\/www.iemj.org\/en\/darius-milhaud-ani-maamin-un-chant-perdu-et-retrouve\/#article","isPartOf":{"@id":"https:\/\/www.iemj.org\/en\/darius-milhaud-ani-maamin-un-chant-perdu-et-retrouve\/"},"author":{"name":"Herv\u00e9 Roten","@id":"https:\/\/www.iemj.org\/en\/#\/schema\/person\/906134402c29d5c76e7b726261dd4bbd"},"headline":"Darius Milhaud &#8211; Ani maamin &#8211; un chant perdu et retrouv\u00e9","datePublished":"2013-09-29T09:44:55+00:00","dateModified":"2025-10-20T14:54:03+00:00","mainEntityOfPage":{"@id":"https:\/\/www.iemj.org\/en\/darius-milhaud-ani-maamin-un-chant-perdu-et-retrouve\/"},"wordCount":289,"publisher":{"@id":"https:\/\/www.iemj.org\/en\/#organization"},"image":{"@id":"https:\/\/www.iemj.org\/en\/darius-milhaud-ani-maamin-un-chant-perdu-et-retrouve\/#primaryimage"},"thumbnailUrl":"https:\/\/www.iemj.org\/wp-content\/uploads\/2013\/09\/arton760.jpg","articleSection":["CD","Latest Acquisitions"],"inLanguage":"en-US"},{"@type":"WebPage","@id":"https:\/\/www.iemj.org\/en\/darius-milhaud-ani-maamin-un-chant-perdu-et-retrouve\/","url":"https:\/\/www.iemj.org\/en\/darius-milhaud-ani-maamin-un-chant-perdu-et-retrouve\/","name":"Darius Milhaud - Ani maamin - un chant perdu et retrouv\u00e9 - Institut Europ\u00e9en des Musiques Juives","isPartOf":{"@id":"https:\/\/www.iemj.org\/en\/#website"},"primaryImageOfPage":{"@id":"https:\/\/www.iemj.org\/en\/darius-milhaud-ani-maamin-un-chant-perdu-et-retrouve\/#primaryimage"},"image":{"@id":"https:\/\/www.iemj.org\/en\/darius-milhaud-ani-maamin-un-chant-perdu-et-retrouve\/#primaryimage"},"thumbnailUrl":"https:\/\/www.iemj.org\/wp-content\/uploads\/2013\/09\/arton760.jpg","datePublished":"2013-09-29T09:44:55+00:00","dateModified":"2025-10-20T14:54:03+00:00","breadcrumb":{"@id":"https:\/\/www.iemj.org\/en\/darius-milhaud-ani-maamin-un-chant-perdu-et-retrouve\/#breadcrumb"},"inLanguage":"en-US","potentialAction":[{"@type":"ReadAction","target":["https:\/\/www.iemj.org\/en\/darius-milhaud-ani-maamin-un-chant-perdu-et-retrouve\/"]}]},{"@type":"ImageObject","inLanguage":"en-US","@id":"https:\/\/www.iemj.org\/en\/darius-milhaud-ani-maamin-un-chant-perdu-et-retrouve\/#primaryimage","url":"https:\/\/www.iemj.org\/wp-content\/uploads\/2013\/09\/arton760.jpg","contentUrl":"https:\/\/www.iemj.org\/wp-content\/uploads\/2013\/09\/arton760.jpg","width":247,"height":240},{"@type":"BreadcrumbList","@id":"https:\/\/www.iemj.org\/en\/darius-milhaud-ani-maamin-un-chant-perdu-et-retrouve\/#breadcrumb","itemListElement":[{"@type":"ListItem","position":1,"name":"Accueil","item":"https:\/\/www.iemj.org\/en\/"},{"@type":"ListItem","position":2,"name":"Darius Milhaud &#8211; Ani maamin &#8211; un chant perdu et retrouv\u00e9"}]},{"@type":"WebSite","@id":"https:\/\/www.iemj.org\/en\/#website","url":"https:\/\/www.iemj.org\/en\/","name":"Institut Europ\u00e9en des Musiques Juives","description":"Des traditions musicales \u00e0 la port\u00e9e de tous","publisher":{"@id":"https:\/\/www.iemj.org\/en\/#organization"},"potentialAction":[{"@type":"SearchAction","target":{"@type":"EntryPoint","urlTemplate":"https:\/\/www.iemj.org\/en\/?s={search_term_string}"},"query-input":{"@type":"PropertyValueSpecification","valueRequired":true,"valueName":"search_term_string"}}],"inLanguage":"en-US"},{"@type":"Organization","@id":"https:\/\/www.iemj.org\/en\/#organization","name":"Institut Europ\u00e9en des Musiques Juives","url":"https:\/\/www.iemj.org\/en\/","logo":{"@type":"ImageObject","inLanguage":"en-US","@id":"https:\/\/www.iemj.org\/en\/#\/schema\/logo\/image\/","url":"https:\/\/www.iemj.org\/wp-content\/uploads\/2021\/09\/Logo-IEMJ-Paypal.jpg","contentUrl":"https:\/\/www.iemj.org\/wp-content\/uploads\/2021\/09\/Logo-IEMJ-Paypal.jpg","width":150,"height":50,"caption":"Institut Europ\u00e9en des Musiques Juives"},"image":{"@id":"https:\/\/www.iemj.org\/en\/#\/schema\/logo\/image\/"},"sameAs":["https:\/\/www.facebook.com\/MusiquesJuives\/","https:\/\/www.instagram.com\/musiquesjuives\/","https:\/\/www.youtube.com\/user\/musiquesjuives"]},{"@type":"Person","@id":"https:\/\/www.iemj.org\/en\/#\/schema\/person\/906134402c29d5c76e7b726261dd4bbd","name":"Herv\u00e9 Roten","image":{"@type":"ImageObject","inLanguage":"en-US","@id":"https:\/\/secure.gravatar.com\/avatar\/f96ad2db538a26481f18384936b5cd0610c92d390c4dc382209216d455f685ff?s=96&d=mm&r=g","url":"https:\/\/secure.gravatar.com\/avatar\/f96ad2db538a26481f18384936b5cd0610c92d390c4dc382209216d455f685ff?s=96&d=mm&r=g","contentUrl":"https:\/\/secure.gravatar.com\/avatar\/f96ad2db538a26481f18384936b5cd0610c92d390c4dc382209216d455f685ff?s=96&d=mm&r=g","caption":"Herv\u00e9 Roten"}}]}},"_links":{"self":[{"href":"https:\/\/www.iemj.org\/en\/wp-json\/wp\/v2\/posts\/63100","targetHints":{"allow":["GET"]}}],"collection":[{"href":"https:\/\/www.iemj.org\/en\/wp-json\/wp\/v2\/posts"}],"about":[{"href":"https:\/\/www.iemj.org\/en\/wp-json\/wp\/v2\/types\/post"}],"author":[{"embeddable":true,"href":"https:\/\/www.iemj.org\/en\/wp-json\/wp\/v2\/users\/1045"}],"replies":[{"embeddable":true,"href":"https:\/\/www.iemj.org\/en\/wp-json\/wp\/v2\/comments?post=63100"}],"version-history":[{"count":1,"href":"https:\/\/www.iemj.org\/en\/wp-json\/wp\/v2\/posts\/63100\/revisions"}],"predecessor-version":[{"id":127429,"href":"https:\/\/www.iemj.org\/en\/wp-json\/wp\/v2\/posts\/63100\/revisions\/127429"}],"wp:featuredmedia":[{"embeddable":true,"href":"https:\/\/www.iemj.org\/en\/wp-json\/wp\/v2\/media\/6155"}],"wp:attachment":[{"href":"https:\/\/www.iemj.org\/en\/wp-json\/wp\/v2\/media?parent=63100"}],"wp:term":[{"taxonomy":"category","embeddable":true,"href":"https:\/\/www.iemj.org\/en\/wp-json\/wp\/v2\/categories?post=63100"},{"taxonomy":"post_tag","embeddable":true,"href":"https:\/\/www.iemj.org\/en\/wp-json\/wp\/v2\/tags?post=63100"},{"taxonomy":"technique","embeddable":true,"href":"https:\/\/www.iemj.org\/en\/wp-json\/wp\/v2\/technique?post=63100"},{"taxonomy":"squelettes","embeddable":true,"href":"https:\/\/www.iemj.org\/en\/wp-json\/wp\/v2\/squelettes?post=63100"},{"taxonomy":"sujet","embeddable":true,"href":"https:\/\/www.iemj.org\/en\/wp-json\/wp\/v2\/sujet?post=63100"},{"taxonomy":"formation","embeddable":true,"href":"https:\/\/www.iemj.org\/en\/wp-json\/wp\/v2\/formation?post=63100"},{"taxonomy":"genre","embeddable":true,"href":"https:\/\/www.iemj.org\/en\/wp-json\/wp\/v2\/genre?post=63100"},{"taxonomy":"fonds","embeddable":true,"href":"https:\/\/www.iemj.org\/en\/wp-json\/wp\/v2\/fonds?post=63100"},{"taxonomy":"tradition","embeddable":true,"href":"https:\/\/www.iemj.org\/en\/wp-json\/wp\/v2\/tradition?post=63100"},{"taxonomy":"type-de-contenu","embeddable":true,"href":"https:\/\/www.iemj.org\/en\/wp-json\/wp\/v2\/type-de-contenu?post=63100"},{"taxonomy":"interprete-compositeur","embeddable":true,"href":"https:\/\/www.iemj.org\/en\/wp-json\/wp\/v2\/interprete-compositeur?post=63100"},{"taxonomy":"frise","embeddable":true,"href":"https:\/\/www.iemj.org\/en\/wp-json\/wp\/v2\/frise?post=63100"},{"taxonomy":"type-devenement","embeddable":true,"href":"https:\/\/www.iemj.org\/en\/wp-json\/wp\/v2\/type-devenement?post=63100"},{"taxonomy":"tableaux-liens-externes","embeddable":true,"href":"https:\/\/www.iemj.org\/en\/wp-json\/wp\/v2\/tableaux-liens-externes?post=63100"}],"curies":[{"name":"wp","href":"https:\/\/api.w.org\/{rel}","templated":true}]}}