{"id":63129,"date":"2013-06-14T12:55:44","date_gmt":"2013-06-14T10:55:44","guid":{"rendered":"https:\/\/www.iemj.org\/une-collection-de-9-cds-publies-par-leuropaisches-zentrum-fur-judische-musik-ezjm-de-hanovre\/"},"modified":"2025-10-20T16:07:51","modified_gmt":"2025-10-20T14:07:51","slug":"une-collection-de-9-cds-publies-par-leuropaisches-zentrum-fur-judische-musik-ezjm-de-hanovre","status":"publish","type":"post","link":"https:\/\/www.iemj.org\/en\/une-collection-de-9-cds-publies-par-leuropaisches-zentrum-fur-judische-musik-ezjm-de-hanovre\/","title":{"rendered":"A COLLECTION OF 9 CD\u2019S PUBLISHED BY THE EUROPA\u00cfSCHES ZENTRUM F\u00dcR J\u00dcDISCHE MUSIK (EZJM) IN HANOVER"},"content":{"rendered":"<p>Founded in 1988 by Andor Izs\u00e1k, the <em><a href=\"http:\/\/www.ezjm.hmtm-hannover.de\/en\/\">Europa\u00efsches Zentrum f\u00fcr J\u00fcdische Musik<\/a><\/em><a href=\"http:\/\/www.ezjm.hmtm-hannover.de\/en\/\"> (EZJM)<\/a> [European Center of Jewish Music] is an organization attached to Hanover\u2019s University, of which the goal is document and make live again the Jewish liturgical music that was heard in European synagogues until 1938, in Germany in particular.<\/p>\n<p>Settled in the somptuous Villa Seligmann, the EZJM has a dedicated room for archives (sheet music, audio recordings\u2026), a media library, a recording studio and a concert hall for concerts, exhibitions, conferences and other pedagogical events.<\/p>\n<p>Since 1988, the EZJM published around 10 CD\u2019s, mainly music for choral and organ, two collections of sheet music and four scientific magazines.<\/p>\n<p>Martha Stellmacher, who worked in 2011-2012 for our program of conservation and digitization of synagogue music archives in the Paris region, then went on to work for the <em>Europa\u00efsches Zentrum f\u00fcr J\u00fcdische Musik<\/em>. She initiated these publication exchanges and the beginning of a promising partnership.<\/p>\n\n\n<figure class=\"wp-block-gallery has-nested-images columns-default is-cropped wp-block-gallery-1 is-layout-flex wp-block-gallery-is-layout-flex\">\n<figure class=\"wp-block-image size-large\"><img decoding=\"async\" width=\"185\" height=\"180\" data-id=\"38555\" src=\"https:\/\/www.iemj.org\/wp-content\/uploads\/2021\/04\/cd_446_siteiemj.jpg\" alt=\"\" class=\"wp-image-38555\"\/><\/figure>\n\n\n\n<figure class=\"wp-block-image size-large\"><img decoding=\"async\" width=\"185\" height=\"179\" data-id=\"38560\" src=\"https:\/\/www.iemj.org\/wp-content\/uploads\/2021\/04\/cd_448_siteiemj.jpg\" alt=\"\" class=\"wp-image-38560\"\/><\/figure>\n\n\n\n<figure class=\"wp-block-image size-large\"><img decoding=\"async\" width=\"184\" height=\"180\" data-id=\"38565\" src=\"https:\/\/www.iemj.org\/wp-content\/uploads\/2021\/04\/cd_451_siteiemj.jpg\" alt=\"\" class=\"wp-image-38565\"\/><\/figure>\n<\/figure>\n\n\n<div class=\"wp-block-image\">\n<figure class=\"aligncenter size-large\"><img loading=\"lazy\" decoding=\"async\" width=\"1024\" height=\"133\" src=\"https:\/\/www.iemj.org\/wp-content\/uploads\/2024\/03\/AUDIO-PLAYER-1024x133.png\" alt=\"\" class=\"wp-image-110607\" srcset=\"https:\/\/www.iemj.org\/wp-content\/uploads\/2024\/03\/AUDIO-PLAYER-1024x133.png 1024w, https:\/\/www.iemj.org\/wp-content\/uploads\/2024\/03\/AUDIO-PLAYER-300x39.png 300w, https:\/\/www.iemj.org\/wp-content\/uploads\/2024\/03\/AUDIO-PLAYER-768x100.png 768w, https:\/\/www.iemj.org\/wp-content\/uploads\/2024\/03\/AUDIO-PLAYER-600x78.png 600w, https:\/\/www.iemj.org\/wp-content\/uploads\/2024\/03\/AUDIO-PLAYER.png 1210w\" sizes=\"(max-width: 1024px) 100vw, 1024px\" \/><\/figure>\n<\/div>\n\n\n<div class=\"wp-block-file\"><a id=\"wp-block-file--media-92fc9af1-7d85-44b5-aa9c-e9b58d5c987b\" href=\"https:\/\/www.iemj.org\/wp-content\/uploads\/2013\/06\/cd_446_08_ex_siteiemj.mp3\">Ernest Bloch \u2013 Jewish Life (n\u00b0 3&nbsp;: Jewish Song)<\/a><\/div>\n\n\n\n<div class=\"wp-block-file\"><a id=\"wp-block-file--media-ecb54c0a-c5be-4f30-8f9b-75622843dc18\" href=\"https:\/\/www.iemj.org\/wp-content\/uploads\/2013\/06\/cd_447_03_ex_siteiemj.mp3\">Israel Alter \u2013 W\u2019hogen ba\u2019adenu<\/a><\/div>\n\n\n\n<div class=\"wp-block-file\"><a id=\"wp-block-file--media-e6d902b4-1996-48b9-8443-97188572888a\" href=\"https:\/\/www.iemj.org\/wp-content\/uploads\/2013\/06\/cd_448_07_ex_siteiemj.mp3\">Alberto Mizrahi \u2013 Kaddisch<\/a><\/div>\n\n\n\n<div class=\"wp-block-file\"><a id=\"wp-block-file--media-d106ffaf-9cc7-4ef6-ad10-0c7c2cef85b4\" href=\"https:\/\/www.iemj.org\/wp-content\/uploads\/2013\/06\/cd_449a_05_ex_siteiemj.mp3\">Louis Lewandowski \u2013 Psaume 39<\/a><\/div>\n\n\n\n<div class=\"wp-block-file\"><a id=\"wp-block-file--media-c3e5738c-4459-4524-9463-0c290aee1831\" href=\"https:\/\/www.iemj.org\/wp-content\/uploads\/2013\/06\/cd_450_05_ex_siteiemj.mp3\">Moritz Moszkowski  \u2013 Valse brillante<\/a><\/div>\n\n\n\n<div class=\"wp-block-file\"><a id=\"wp-block-file--media-d3acc6c3-1e15-4dcc-9fb2-96b5ceff2049\" href=\"https:\/\/www.iemj.org\/wp-content\/uploads\/2013\/06\/cd_451_10_ex_siteiemj.mp3\">Louis Lewandowski \u2013 Adon Olom<\/a><\/div>\n\n\n\n<div class=\"wp-block-file\"><a id=\"wp-block-file--media-0da453a6-6d05-42de-b410-8f021353f1db\" href=\"https:\/\/www.iemj.org\/wp-content\/uploads\/2013\/06\/cd_452_07_ex_siteiemj.mp3\">Franz Schubert \u2013 Gott ist mein Hirt (Psaume 23)<\/a><\/div>\n\n\n\n<div class=\"wp-block-file\"><a id=\"wp-block-file--media-6e83145b-db49-44e9-9abe-5c9f16ccf659\" href=\"https:\/\/www.iemj.org\/wp-content\/uploads\/2013\/06\/cd_453_02_ex_siteiemj.mp3\">Louis Lewandowski \u2013 Mah towu<\/a><\/div>\n\n\n\n<div class=\"wp-block-file\"><a id=\"wp-block-file--media-71148b1f-21ce-4aa4-821f-cacea3f357fa\" href=\"https:\/\/www.iemj.org\/wp-content\/uploads\/2013\/06\/cd_454a_06_ex_siteiemj.mp3\">Israel Alter \u2013 Ja\u2019aleh tachanunenu<\/a><\/div>\n","protected":false},"excerpt":{"rendered":"<p>Founded in 1988 by Andor Izs\u00e1k, the Europa\u00efsches Zentrum f\u00fcr J\u00fcdische Musik (EZJM) [European Center of Jewish Music] is an organization attached to Hanover\u2019s University, of which the goal is<\/p>\n","protected":false},"author":1045,"featured_media":5859,"comment_status":"closed","ping_status":"closed","sticky":false,"template":"","format":"standard","meta":{"_acf_changed":false,"footnotes":""},"categories":[1570,1562],"tags":[2077],"technique":[],"squelettes":[],"sujet":[],"formation":[],"genre":[1116],"fonds":[],"tradition":[],"type-de-contenu":[],"interprete-compositeur":[],"frise":[],"type-devenement":[],"tableaux-liens-externes":[],"class_list":["post-63129","post","type-post","status-publish","format-standard","has-post-thumbnail","hentry","category-cd-latest-acquisition-en","category-latest-acquisitions-en","tag-germany-en","genre-liturgy"],"acf":[],"yoast_head":"<!-- This site is optimized with the Yoast SEO plugin v27.3 - https:\/\/yoast.com\/product\/yoast-seo-wordpress\/ -->\n<title>A COLLECTION OF 9 CD\u2019S PUBLISHED BY THE EUROPA\u00cfSCHES ZENTRUM F\u00dcR J\u00dcDISCHE MUSIK (EZJM) IN HANOVER - Institut Europ\u00e9en des Musiques Juives<\/title>\n<meta name=\"robots\" content=\"index, follow, max-snippet:-1, max-image-preview:large, max-video-preview:-1\" \/>\n<link rel=\"canonical\" href=\"https:\/\/www.iemj.org\/en\/une-collection-de-9-cds-publies-par-leuropaisches-zentrum-fur-judische-musik-ezjm-de-hanovre\/\" \/>\n<meta property=\"og:locale\" content=\"en_US\" \/>\n<meta property=\"og:type\" content=\"article\" \/>\n<meta property=\"og:title\" content=\"A COLLECTION OF 9 CD\u2019S PUBLISHED BY THE EUROPA\u00cfSCHES ZENTRUM F\u00dcR J\u00dcDISCHE MUSIK (EZJM) IN HANOVER - Institut Europ\u00e9en des Musiques Juives\" \/>\n<meta property=\"og:description\" content=\"Founded in 1988 by Andor Izs\u00e1k, the Europa\u00efsches Zentrum f\u00fcr J\u00fcdische Musik (EZJM) [European Center of Jewish Music] is an organization attached to Hanover\u2019s University, of which the goal is\" \/>\n<meta property=\"og:url\" content=\"https:\/\/www.iemj.org\/en\/une-collection-de-9-cds-publies-par-leuropaisches-zentrum-fur-judische-musik-ezjm-de-hanovre\/\" \/>\n<meta property=\"og:site_name\" content=\"Institut Europ\u00e9en des Musiques Juives\" \/>\n<meta property=\"article:publisher\" content=\"https:\/\/www.facebook.com\/MusiquesJuives\/\" \/>\n<meta property=\"article:published_time\" content=\"2013-06-14T10:55:44+00:00\" \/>\n<meta property=\"article:modified_time\" content=\"2025-10-20T14:07:51+00:00\" \/>\n<meta property=\"og:image\" content=\"https:\/\/www.iemj.org\/wp-content\/uploads\/2013\/06\/arton714-e1619625215998.jpg\" \/>\n\t<meta property=\"og:image:width\" content=\"616\" \/>\n\t<meta property=\"og:image:height\" content=\"600\" \/>\n\t<meta property=\"og:image:type\" content=\"image\/jpeg\" \/>\n<meta name=\"author\" content=\"Herv\u00e9 Roten\" \/>\n<meta name=\"twitter:card\" content=\"summary_large_image\" \/>\n<meta name=\"twitter:label1\" content=\"Written by\" \/>\n\t<meta name=\"twitter:data1\" content=\"Herv\u00e9 Roten\" \/>\n\t<meta name=\"twitter:label2\" content=\"Est. reading time\" \/>\n\t<meta name=\"twitter:data2\" content=\"3 minutes\" \/>\n<script type=\"application\/ld+json\" class=\"yoast-schema-graph\">{\"@context\":\"https:\\\/\\\/schema.org\",\"@graph\":[{\"@type\":\"Article\",\"@id\":\"https:\\\/\\\/www.iemj.org\\\/en\\\/une-collection-de-9-cds-publies-par-leuropaisches-zentrum-fur-judische-musik-ezjm-de-hanovre\\\/#article\",\"isPartOf\":{\"@id\":\"https:\\\/\\\/www.iemj.org\\\/en\\\/une-collection-de-9-cds-publies-par-leuropaisches-zentrum-fur-judische-musik-ezjm-de-hanovre\\\/\"},\"author\":{\"name\":\"Herv\u00e9 Roten\",\"@id\":\"https:\\\/\\\/www.iemj.org\\\/en\\\/#\\\/schema\\\/person\\\/906134402c29d5c76e7b726261dd4bbd\"},\"headline\":\"A COLLECTION OF 9 CD\u2019S PUBLISHED BY THE EUROPA\u00cfSCHES ZENTRUM F\u00dcR J\u00dcDISCHE MUSIK (EZJM) IN HANOVER\",\"datePublished\":\"2013-06-14T10:55:44+00:00\",\"dateModified\":\"2025-10-20T14:07:51+00:00\",\"mainEntityOfPage\":{\"@id\":\"https:\\\/\\\/www.iemj.org\\\/en\\\/une-collection-de-9-cds-publies-par-leuropaisches-zentrum-fur-judische-musik-ezjm-de-hanovre\\\/\"},\"wordCount\":223,\"publisher\":{\"@id\":\"https:\\\/\\\/www.iemj.org\\\/en\\\/#organization\"},\"image\":{\"@id\":\"https:\\\/\\\/www.iemj.org\\\/en\\\/une-collection-de-9-cds-publies-par-leuropaisches-zentrum-fur-judische-musik-ezjm-de-hanovre\\\/#primaryimage\"},\"thumbnailUrl\":\"https:\\\/\\\/www.iemj.org\\\/wp-content\\\/uploads\\\/2013\\\/06\\\/arton714-e1619625215998.jpg\",\"keywords\":[\"Germany\"],\"articleSection\":[\"CD\",\"Latest Acquisitions\"],\"inLanguage\":\"en-US\"},{\"@type\":\"WebPage\",\"@id\":\"https:\\\/\\\/www.iemj.org\\\/en\\\/une-collection-de-9-cds-publies-par-leuropaisches-zentrum-fur-judische-musik-ezjm-de-hanovre\\\/\",\"url\":\"https:\\\/\\\/www.iemj.org\\\/en\\\/une-collection-de-9-cds-publies-par-leuropaisches-zentrum-fur-judische-musik-ezjm-de-hanovre\\\/\",\"name\":\"A COLLECTION OF 9 CD\u2019S PUBLISHED BY THE EUROPA\u00cfSCHES ZENTRUM F\u00dcR J\u00dcDISCHE MUSIK (EZJM) IN HANOVER - Institut Europ\u00e9en des Musiques Juives\",\"isPartOf\":{\"@id\":\"https:\\\/\\\/www.iemj.org\\\/en\\\/#website\"},\"primaryImageOfPage\":{\"@id\":\"https:\\\/\\\/www.iemj.org\\\/en\\\/une-collection-de-9-cds-publies-par-leuropaisches-zentrum-fur-judische-musik-ezjm-de-hanovre\\\/#primaryimage\"},\"image\":{\"@id\":\"https:\\\/\\\/www.iemj.org\\\/en\\\/une-collection-de-9-cds-publies-par-leuropaisches-zentrum-fur-judische-musik-ezjm-de-hanovre\\\/#primaryimage\"},\"thumbnailUrl\":\"https:\\\/\\\/www.iemj.org\\\/wp-content\\\/uploads\\\/2013\\\/06\\\/arton714-e1619625215998.jpg\",\"datePublished\":\"2013-06-14T10:55:44+00:00\",\"dateModified\":\"2025-10-20T14:07:51+00:00\",\"breadcrumb\":{\"@id\":\"https:\\\/\\\/www.iemj.org\\\/en\\\/une-collection-de-9-cds-publies-par-leuropaisches-zentrum-fur-judische-musik-ezjm-de-hanovre\\\/#breadcrumb\"},\"inLanguage\":\"en-US\",\"potentialAction\":[{\"@type\":\"ReadAction\",\"target\":[\"https:\\\/\\\/www.iemj.org\\\/en\\\/une-collection-de-9-cds-publies-par-leuropaisches-zentrum-fur-judische-musik-ezjm-de-hanovre\\\/\"]}]},{\"@type\":\"ImageObject\",\"inLanguage\":\"en-US\",\"@id\":\"https:\\\/\\\/www.iemj.org\\\/en\\\/une-collection-de-9-cds-publies-par-leuropaisches-zentrum-fur-judische-musik-ezjm-de-hanovre\\\/#primaryimage\",\"url\":\"https:\\\/\\\/www.iemj.org\\\/wp-content\\\/uploads\\\/2013\\\/06\\\/arton714-e1619625215998.jpg\",\"contentUrl\":\"https:\\\/\\\/www.iemj.org\\\/wp-content\\\/uploads\\\/2013\\\/06\\\/arton714-e1619625215998.jpg\",\"width\":616,\"height\":600},{\"@type\":\"BreadcrumbList\",\"@id\":\"https:\\\/\\\/www.iemj.org\\\/en\\\/une-collection-de-9-cds-publies-par-leuropaisches-zentrum-fur-judische-musik-ezjm-de-hanovre\\\/#breadcrumb\",\"itemListElement\":[{\"@type\":\"ListItem\",\"position\":1,\"name\":\"Accueil\",\"item\":\"https:\\\/\\\/www.iemj.org\\\/en\\\/\"},{\"@type\":\"ListItem\",\"position\":2,\"name\":\"A COLLECTION OF 9 CD\u2019S PUBLISHED BY THE EUROPA\u00cfSCHES ZENTRUM F\u00dcR J\u00dcDISCHE MUSIK (EZJM) IN HANOVER\"}]},{\"@type\":\"WebSite\",\"@id\":\"https:\\\/\\\/www.iemj.org\\\/en\\\/#website\",\"url\":\"https:\\\/\\\/www.iemj.org\\\/en\\\/\",\"name\":\"Institut Europ\u00e9en des Musiques Juives\",\"description\":\"Des traditions musicales \u00e0 la port\u00e9e de tous\",\"publisher\":{\"@id\":\"https:\\\/\\\/www.iemj.org\\\/en\\\/#organization\"},\"potentialAction\":[{\"@type\":\"SearchAction\",\"target\":{\"@type\":\"EntryPoint\",\"urlTemplate\":\"https:\\\/\\\/www.iemj.org\\\/en\\\/?s={search_term_string}\"},\"query-input\":{\"@type\":\"PropertyValueSpecification\",\"valueRequired\":true,\"valueName\":\"search_term_string\"}}],\"inLanguage\":\"en-US\"},{\"@type\":\"Organization\",\"@id\":\"https:\\\/\\\/www.iemj.org\\\/en\\\/#organization\",\"name\":\"Institut Europ\u00e9en des Musiques Juives\",\"url\":\"https:\\\/\\\/www.iemj.org\\\/en\\\/\",\"logo\":{\"@type\":\"ImageObject\",\"inLanguage\":\"en-US\",\"@id\":\"https:\\\/\\\/www.iemj.org\\\/en\\\/#\\\/schema\\\/logo\\\/image\\\/\",\"url\":\"https:\\\/\\\/www.iemj.org\\\/wp-content\\\/uploads\\\/2021\\\/09\\\/Logo-IEMJ-Paypal.jpg\",\"contentUrl\":\"https:\\\/\\\/www.iemj.org\\\/wp-content\\\/uploads\\\/2021\\\/09\\\/Logo-IEMJ-Paypal.jpg\",\"width\":150,\"height\":50,\"caption\":\"Institut Europ\u00e9en des Musiques Juives\"},\"image\":{\"@id\":\"https:\\\/\\\/www.iemj.org\\\/en\\\/#\\\/schema\\\/logo\\\/image\\\/\"},\"sameAs\":[\"https:\\\/\\\/www.facebook.com\\\/MusiquesJuives\\\/\",\"https:\\\/\\\/www.instagram.com\\\/musiquesjuives\\\/\",\"https:\\\/\\\/www.youtube.com\\\/user\\\/musiquesjuives\"]},{\"@type\":\"Person\",\"@id\":\"https:\\\/\\\/www.iemj.org\\\/en\\\/#\\\/schema\\\/person\\\/906134402c29d5c76e7b726261dd4bbd\",\"name\":\"Herv\u00e9 Roten\",\"image\":{\"@type\":\"ImageObject\",\"inLanguage\":\"en-US\",\"@id\":\"https:\\\/\\\/secure.gravatar.com\\\/avatar\\\/f96ad2db538a26481f18384936b5cd0610c92d390c4dc382209216d455f685ff?s=96&d=mm&r=g\",\"url\":\"https:\\\/\\\/secure.gravatar.com\\\/avatar\\\/f96ad2db538a26481f18384936b5cd0610c92d390c4dc382209216d455f685ff?s=96&d=mm&r=g\",\"contentUrl\":\"https:\\\/\\\/secure.gravatar.com\\\/avatar\\\/f96ad2db538a26481f18384936b5cd0610c92d390c4dc382209216d455f685ff?s=96&d=mm&r=g\",\"caption\":\"Herv\u00e9 Roten\"}}]}<\/script>\n<!-- \/ Yoast SEO plugin. -->","yoast_head_json":{"title":"A COLLECTION OF 9 CD\u2019S PUBLISHED BY THE EUROPA\u00cfSCHES ZENTRUM F\u00dcR J\u00dcDISCHE MUSIK (EZJM) IN HANOVER - Institut Europ\u00e9en des Musiques Juives","robots":{"index":"index","follow":"follow","max-snippet":"max-snippet:-1","max-image-preview":"max-image-preview:large","max-video-preview":"max-video-preview:-1"},"canonical":"https:\/\/www.iemj.org\/en\/une-collection-de-9-cds-publies-par-leuropaisches-zentrum-fur-judische-musik-ezjm-de-hanovre\/","og_locale":"en_US","og_type":"article","og_title":"A COLLECTION OF 9 CD\u2019S PUBLISHED BY THE EUROPA\u00cfSCHES ZENTRUM F\u00dcR J\u00dcDISCHE MUSIK (EZJM) IN HANOVER - Institut Europ\u00e9en des Musiques Juives","og_description":"Founded in 1988 by Andor Izs\u00e1k, the Europa\u00efsches Zentrum f\u00fcr J\u00fcdische Musik (EZJM) [European Center of Jewish Music] is an organization attached to Hanover\u2019s University, of which the goal is","og_url":"https:\/\/www.iemj.org\/en\/une-collection-de-9-cds-publies-par-leuropaisches-zentrum-fur-judische-musik-ezjm-de-hanovre\/","og_site_name":"Institut Europ\u00e9en des Musiques Juives","article_publisher":"https:\/\/www.facebook.com\/MusiquesJuives\/","article_published_time":"2013-06-14T10:55:44+00:00","article_modified_time":"2025-10-20T14:07:51+00:00","og_image":[{"width":616,"height":600,"url":"https:\/\/www.iemj.org\/wp-content\/uploads\/2013\/06\/arton714-e1619625215998.jpg","type":"image\/jpeg"}],"author":"Herv\u00e9 Roten","twitter_card":"summary_large_image","twitter_misc":{"Written by":"Herv\u00e9 Roten","Est. reading time":"3 minutes"},"schema":{"@context":"https:\/\/schema.org","@graph":[{"@type":"Article","@id":"https:\/\/www.iemj.org\/en\/une-collection-de-9-cds-publies-par-leuropaisches-zentrum-fur-judische-musik-ezjm-de-hanovre\/#article","isPartOf":{"@id":"https:\/\/www.iemj.org\/en\/une-collection-de-9-cds-publies-par-leuropaisches-zentrum-fur-judische-musik-ezjm-de-hanovre\/"},"author":{"name":"Herv\u00e9 Roten","@id":"https:\/\/www.iemj.org\/en\/#\/schema\/person\/906134402c29d5c76e7b726261dd4bbd"},"headline":"A COLLECTION OF 9 CD\u2019S PUBLISHED BY THE EUROPA\u00cfSCHES ZENTRUM F\u00dcR J\u00dcDISCHE MUSIK (EZJM) IN HANOVER","datePublished":"2013-06-14T10:55:44+00:00","dateModified":"2025-10-20T14:07:51+00:00","mainEntityOfPage":{"@id":"https:\/\/www.iemj.org\/en\/une-collection-de-9-cds-publies-par-leuropaisches-zentrum-fur-judische-musik-ezjm-de-hanovre\/"},"wordCount":223,"publisher":{"@id":"https:\/\/www.iemj.org\/en\/#organization"},"image":{"@id":"https:\/\/www.iemj.org\/en\/une-collection-de-9-cds-publies-par-leuropaisches-zentrum-fur-judische-musik-ezjm-de-hanovre\/#primaryimage"},"thumbnailUrl":"https:\/\/www.iemj.org\/wp-content\/uploads\/2013\/06\/arton714-e1619625215998.jpg","keywords":["Germany"],"articleSection":["CD","Latest Acquisitions"],"inLanguage":"en-US"},{"@type":"WebPage","@id":"https:\/\/www.iemj.org\/en\/une-collection-de-9-cds-publies-par-leuropaisches-zentrum-fur-judische-musik-ezjm-de-hanovre\/","url":"https:\/\/www.iemj.org\/en\/une-collection-de-9-cds-publies-par-leuropaisches-zentrum-fur-judische-musik-ezjm-de-hanovre\/","name":"A COLLECTION OF 9 CD\u2019S PUBLISHED BY THE EUROPA\u00cfSCHES ZENTRUM F\u00dcR J\u00dcDISCHE MUSIK (EZJM) IN HANOVER - Institut Europ\u00e9en des Musiques Juives","isPartOf":{"@id":"https:\/\/www.iemj.org\/en\/#website"},"primaryImageOfPage":{"@id":"https:\/\/www.iemj.org\/en\/une-collection-de-9-cds-publies-par-leuropaisches-zentrum-fur-judische-musik-ezjm-de-hanovre\/#primaryimage"},"image":{"@id":"https:\/\/www.iemj.org\/en\/une-collection-de-9-cds-publies-par-leuropaisches-zentrum-fur-judische-musik-ezjm-de-hanovre\/#primaryimage"},"thumbnailUrl":"https:\/\/www.iemj.org\/wp-content\/uploads\/2013\/06\/arton714-e1619625215998.jpg","datePublished":"2013-06-14T10:55:44+00:00","dateModified":"2025-10-20T14:07:51+00:00","breadcrumb":{"@id":"https:\/\/www.iemj.org\/en\/une-collection-de-9-cds-publies-par-leuropaisches-zentrum-fur-judische-musik-ezjm-de-hanovre\/#breadcrumb"},"inLanguage":"en-US","potentialAction":[{"@type":"ReadAction","target":["https:\/\/www.iemj.org\/en\/une-collection-de-9-cds-publies-par-leuropaisches-zentrum-fur-judische-musik-ezjm-de-hanovre\/"]}]},{"@type":"ImageObject","inLanguage":"en-US","@id":"https:\/\/www.iemj.org\/en\/une-collection-de-9-cds-publies-par-leuropaisches-zentrum-fur-judische-musik-ezjm-de-hanovre\/#primaryimage","url":"https:\/\/www.iemj.org\/wp-content\/uploads\/2013\/06\/arton714-e1619625215998.jpg","contentUrl":"https:\/\/www.iemj.org\/wp-content\/uploads\/2013\/06\/arton714-e1619625215998.jpg","width":616,"height":600},{"@type":"BreadcrumbList","@id":"https:\/\/www.iemj.org\/en\/une-collection-de-9-cds-publies-par-leuropaisches-zentrum-fur-judische-musik-ezjm-de-hanovre\/#breadcrumb","itemListElement":[{"@type":"ListItem","position":1,"name":"Accueil","item":"https:\/\/www.iemj.org\/en\/"},{"@type":"ListItem","position":2,"name":"A COLLECTION OF 9 CD\u2019S PUBLISHED BY THE EUROPA\u00cfSCHES ZENTRUM F\u00dcR J\u00dcDISCHE MUSIK (EZJM) IN HANOVER"}]},{"@type":"WebSite","@id":"https:\/\/www.iemj.org\/en\/#website","url":"https:\/\/www.iemj.org\/en\/","name":"Institut Europ\u00e9en des Musiques Juives","description":"Des traditions musicales \u00e0 la port\u00e9e de tous","publisher":{"@id":"https:\/\/www.iemj.org\/en\/#organization"},"potentialAction":[{"@type":"SearchAction","target":{"@type":"EntryPoint","urlTemplate":"https:\/\/www.iemj.org\/en\/?s={search_term_string}"},"query-input":{"@type":"PropertyValueSpecification","valueRequired":true,"valueName":"search_term_string"}}],"inLanguage":"en-US"},{"@type":"Organization","@id":"https:\/\/www.iemj.org\/en\/#organization","name":"Institut Europ\u00e9en des Musiques Juives","url":"https:\/\/www.iemj.org\/en\/","logo":{"@type":"ImageObject","inLanguage":"en-US","@id":"https:\/\/www.iemj.org\/en\/#\/schema\/logo\/image\/","url":"https:\/\/www.iemj.org\/wp-content\/uploads\/2021\/09\/Logo-IEMJ-Paypal.jpg","contentUrl":"https:\/\/www.iemj.org\/wp-content\/uploads\/2021\/09\/Logo-IEMJ-Paypal.jpg","width":150,"height":50,"caption":"Institut Europ\u00e9en des Musiques Juives"},"image":{"@id":"https:\/\/www.iemj.org\/en\/#\/schema\/logo\/image\/"},"sameAs":["https:\/\/www.facebook.com\/MusiquesJuives\/","https:\/\/www.instagram.com\/musiquesjuives\/","https:\/\/www.youtube.com\/user\/musiquesjuives"]},{"@type":"Person","@id":"https:\/\/www.iemj.org\/en\/#\/schema\/person\/906134402c29d5c76e7b726261dd4bbd","name":"Herv\u00e9 Roten","image":{"@type":"ImageObject","inLanguage":"en-US","@id":"https:\/\/secure.gravatar.com\/avatar\/f96ad2db538a26481f18384936b5cd0610c92d390c4dc382209216d455f685ff?s=96&d=mm&r=g","url":"https:\/\/secure.gravatar.com\/avatar\/f96ad2db538a26481f18384936b5cd0610c92d390c4dc382209216d455f685ff?s=96&d=mm&r=g","contentUrl":"https:\/\/secure.gravatar.com\/avatar\/f96ad2db538a26481f18384936b5cd0610c92d390c4dc382209216d455f685ff?s=96&d=mm&r=g","caption":"Herv\u00e9 Roten"}}]}},"_links":{"self":[{"href":"https:\/\/www.iemj.org\/en\/wp-json\/wp\/v2\/posts\/63129","targetHints":{"allow":["GET"]}}],"collection":[{"href":"https:\/\/www.iemj.org\/en\/wp-json\/wp\/v2\/posts"}],"about":[{"href":"https:\/\/www.iemj.org\/en\/wp-json\/wp\/v2\/types\/post"}],"author":[{"embeddable":true,"href":"https:\/\/www.iemj.org\/en\/wp-json\/wp\/v2\/users\/1045"}],"replies":[{"embeddable":true,"href":"https:\/\/www.iemj.org\/en\/wp-json\/wp\/v2\/comments?post=63129"}],"version-history":[{"count":1,"href":"https:\/\/www.iemj.org\/en\/wp-json\/wp\/v2\/posts\/63129\/revisions"}],"predecessor-version":[{"id":127400,"href":"https:\/\/www.iemj.org\/en\/wp-json\/wp\/v2\/posts\/63129\/revisions\/127400"}],"wp:featuredmedia":[{"embeddable":true,"href":"https:\/\/www.iemj.org\/en\/wp-json\/wp\/v2\/media\/5859"}],"wp:attachment":[{"href":"https:\/\/www.iemj.org\/en\/wp-json\/wp\/v2\/media?parent=63129"}],"wp:term":[{"taxonomy":"category","embeddable":true,"href":"https:\/\/www.iemj.org\/en\/wp-json\/wp\/v2\/categories?post=63129"},{"taxonomy":"post_tag","embeddable":true,"href":"https:\/\/www.iemj.org\/en\/wp-json\/wp\/v2\/tags?post=63129"},{"taxonomy":"technique","embeddable":true,"href":"https:\/\/www.iemj.org\/en\/wp-json\/wp\/v2\/technique?post=63129"},{"taxonomy":"squelettes","embeddable":true,"href":"https:\/\/www.iemj.org\/en\/wp-json\/wp\/v2\/squelettes?post=63129"},{"taxonomy":"sujet","embeddable":true,"href":"https:\/\/www.iemj.org\/en\/wp-json\/wp\/v2\/sujet?post=63129"},{"taxonomy":"formation","embeddable":true,"href":"https:\/\/www.iemj.org\/en\/wp-json\/wp\/v2\/formation?post=63129"},{"taxonomy":"genre","embeddable":true,"href":"https:\/\/www.iemj.org\/en\/wp-json\/wp\/v2\/genre?post=63129"},{"taxonomy":"fonds","embeddable":true,"href":"https:\/\/www.iemj.org\/en\/wp-json\/wp\/v2\/fonds?post=63129"},{"taxonomy":"tradition","embeddable":true,"href":"https:\/\/www.iemj.org\/en\/wp-json\/wp\/v2\/tradition?post=63129"},{"taxonomy":"type-de-contenu","embeddable":true,"href":"https:\/\/www.iemj.org\/en\/wp-json\/wp\/v2\/type-de-contenu?post=63129"},{"taxonomy":"interprete-compositeur","embeddable":true,"href":"https:\/\/www.iemj.org\/en\/wp-json\/wp\/v2\/interprete-compositeur?post=63129"},{"taxonomy":"frise","embeddable":true,"href":"https:\/\/www.iemj.org\/en\/wp-json\/wp\/v2\/frise?post=63129"},{"taxonomy":"type-devenement","embeddable":true,"href":"https:\/\/www.iemj.org\/en\/wp-json\/wp\/v2\/type-devenement?post=63129"},{"taxonomy":"tableaux-liens-externes","embeddable":true,"href":"https:\/\/www.iemj.org\/en\/wp-json\/wp\/v2\/tableaux-liens-externes?post=63129"}],"curies":[{"name":"wp","href":"https:\/\/api.w.org\/{rel}","templated":true}]}}