{"id":63197,"date":"2012-11-27T15:13:03","date_gmt":"2012-11-27T14:13:03","guid":{"rendered":"https:\/\/www.iemj.org\/les-juifs-diran-a-travers-leurs-musiciens\/"},"modified":"2023-06-14T14:42:35","modified_gmt":"2023-06-14T12:42:35","slug":"les-juifs-diran-a-travers-leurs-musiciens","status":"publish","type":"post","link":"https:\/\/www.iemj.org\/en\/les-juifs-diran-a-travers-leurs-musiciens\/","title":{"rendered":"Les Juifs d&#8217;Iran \u00e0 travers leurs musiciens"},"content":{"rendered":"<p class=\"post_excerpt\"><strong>Editions l&#8217;Harmattan, 2012, 370 p.<\/strong><\/p>\n<p><!--more--><\/p>\n<p>In Iran the Jewish people had a special fate, a long history, which lasted more than 2\u00a0700 years in this country. They lived difficult times and suffered from persecutions. These difficulties lived by the Jews took time to disappear. It is with help of officials from Europe and the opening of school of the Alliance isra\u00e9lite universelle in 1898 that slowly, persecutions began, to stop.<\/p>\n<p>Nevertheless, Jews lived times of anguish and worry, and their fate could have changed with World War II and the Nazi menace. Luckily for them, the German army never arrived in Iran. The creation of the State of Israel provoked a violent reaction of hostility coming from the Arab world. However, the Iranian state and the young Hebrew state sealed a military, politic and economic alliance, after its proclamation in 1948.<\/p>\n<p>And since the 1960\u2019s, the relations established between Mohammad Rez\u00e2 Sh\u00e2h and the Western world brought an economic impetus in Iran. The Islamic revolution in 1979 marked a complete break with the past politics. The Islamic Iran stops brutally all contact with the \u00ab\u00a0Zionist state\u00a0\u00bb, and recognizes no politic legitimacy. The most important thing to remember however: it seems that in Iran, Jews feel above all Iranians, and claim their attachment to the Iranian culture.<\/p>\n<p>They are Iranians and Iran is their country. But they know that they live in a Muslim country, that they are officially considered by the Iranian Constitution of 1906 like the others minorities, that they can practice freely their faith, but cannot violate the duties imposed to them. They are Iranians and obey to the laws of the country. All this make us witness that it is iun Iran that lives the biggest Jewish community of the Middle-East.<\/p>\n<p>The Iranian Jews likes and played the same music as the other Iranians, with the same pleasure. They appropriated the modes of Persian music in their religious chants. There are not many written documents about the history of the Jews from Iran. We know little about their community and daily life. This research tried to bring a few clues on this misknown world.<\/p>\n<p><a href=\"https:\/\/www.editions-harmattan.fr\/index.asp?navig=auteurs&amp;obj=artiste&amp;no=12635\" target=\"_blank\" rel=\"noopener\">Alain Chaoulli<\/a> is one of the main specialists of the Jewish culture in the Iranian world. He is graduate from the Ecole des Hautes Etudes en Sciences Sociales and has a PhD from the Universit\u00e9 de la Sorbonne nouvelle. He is the author of several publications on the history of the Jews from Iran, among which <em>La Deuxi\u00e8me Guerre mondiale et la communaut\u00e9 juive en Iran face au nazisme<\/em>, <em>Les traditions musicales juives<\/em>, <em>Les tapis persans et les Juifs<\/em> and <em>Les musiciens juifs en Iran aux XIXe et XXe si\u00e8cles<\/em> (L\u2019Harmattan).<\/p>\n<p><a href=\"https:\/\/www.iemj.org\/wp-content\/uploads\/2012\/11\/couverture-juifs_d_iran-.pdf\" target=\"_blank\" rel=\"noopener\">See the cover and back cover of this book.<\/a><\/p>\n<p><a href=\"https:\/\/www.editions-harmattan.fr\/index.asp?navig=catalogue&amp;obj=livre&amp;no=37036\">Purchase the book.<\/a><\/p>\n\n\n<p><\/p>\n","protected":false},"excerpt":{"rendered":"<p>Editions l&#8217;Harmattan, 2012, 370 p.<\/p>\n","protected":false},"author":1045,"featured_media":38807,"comment_status":"closed","ping_status":"open","sticky":false,"template":"","format":"standard","meta":{"_acf_changed":false,"footnotes":""},"categories":[1579,1562],"tags":[],"technique":[],"squelettes":[],"sujet":[],"formation":[],"genre":[],"fonds":[],"tradition":[],"type-de-contenu":[],"interprete-compositeur":[],"frise":[],"type-devenement":[],"tableaux-liens-externes":[],"class_list":["post-63197","post","type-post","status-publish","format-standard","has-post-thumbnail","hentry","category-books-articles-en","category-latest-acquisitions-en"],"acf":[],"yoast_head":"<!-- This site is optimized with the Yoast SEO plugin v27.3 - https:\/\/yoast.com\/product\/yoast-seo-wordpress\/ -->\n<title>Les Juifs d&#039;Iran \u00e0 travers leurs musiciens - Institut Europ\u00e9en des Musiques Juives<\/title>\n<meta name=\"robots\" content=\"index, follow, max-snippet:-1, max-image-preview:large, max-video-preview:-1\" \/>\n<link rel=\"canonical\" href=\"https:\/\/www.iemj.org\/en\/les-juifs-diran-a-travers-leurs-musiciens\/\" \/>\n<meta property=\"og:locale\" content=\"en_US\" \/>\n<meta property=\"og:type\" content=\"article\" \/>\n<meta property=\"og:title\" content=\"Les Juifs d&#039;Iran \u00e0 travers leurs musiciens - Institut Europ\u00e9en des Musiques Juives\" \/>\n<meta property=\"og:description\" content=\"Editions l&#8217;Harmattan, 2012, 370 p.\" \/>\n<meta property=\"og:url\" content=\"https:\/\/www.iemj.org\/en\/les-juifs-diran-a-travers-leurs-musiciens\/\" \/>\n<meta property=\"og:site_name\" content=\"Institut Europ\u00e9en des Musiques Juives\" \/>\n<meta property=\"article:publisher\" content=\"https:\/\/www.facebook.com\/MusiquesJuives\/\" \/>\n<meta property=\"article:published_time\" content=\"2012-11-27T14:13:03+00:00\" \/>\n<meta property=\"article:modified_time\" content=\"2023-06-14T12:42:35+00:00\" \/>\n<meta property=\"og:image\" content=\"https:\/\/www.iemj.org\/wp-content\/uploads\/2012\/11\/Les-juifs-dIran_Chaoulli_COUV-e1619716300391.jpg\" \/>\n\t<meta property=\"og:image:width\" content=\"1249\" \/>\n\t<meta property=\"og:image:height\" content=\"1864\" \/>\n\t<meta property=\"og:image:type\" content=\"image\/jpeg\" \/>\n<meta name=\"author\" content=\"Herv\u00e9 Roten\" \/>\n<meta name=\"twitter:card\" content=\"summary_large_image\" \/>\n<meta name=\"twitter:label1\" content=\"Written by\" \/>\n\t<meta name=\"twitter:data1\" content=\"Herv\u00e9 Roten\" \/>\n\t<meta name=\"twitter:label2\" content=\"Est. reading time\" \/>\n\t<meta name=\"twitter:data2\" content=\"3 minutes\" \/>\n<script type=\"application\/ld+json\" class=\"yoast-schema-graph\">{\"@context\":\"https:\\\/\\\/schema.org\",\"@graph\":[{\"@type\":\"Article\",\"@id\":\"https:\\\/\\\/www.iemj.org\\\/en\\\/les-juifs-diran-a-travers-leurs-musiciens\\\/#article\",\"isPartOf\":{\"@id\":\"https:\\\/\\\/www.iemj.org\\\/en\\\/les-juifs-diran-a-travers-leurs-musiciens\\\/\"},\"author\":{\"name\":\"Herv\u00e9 Roten\",\"@id\":\"https:\\\/\\\/www.iemj.org\\\/en\\\/#\\\/schema\\\/person\\\/906134402c29d5c76e7b726261dd4bbd\"},\"headline\":\"Les Juifs d&#8217;Iran \u00e0 travers leurs musiciens\",\"datePublished\":\"2012-11-27T14:13:03+00:00\",\"dateModified\":\"2023-06-14T12:42:35+00:00\",\"mainEntityOfPage\":{\"@id\":\"https:\\\/\\\/www.iemj.org\\\/en\\\/les-juifs-diran-a-travers-leurs-musiciens\\\/\"},\"wordCount\":466,\"publisher\":{\"@id\":\"https:\\\/\\\/www.iemj.org\\\/en\\\/#organization\"},\"image\":{\"@id\":\"https:\\\/\\\/www.iemj.org\\\/en\\\/les-juifs-diran-a-travers-leurs-musiciens\\\/#primaryimage\"},\"thumbnailUrl\":\"https:\\\/\\\/www.iemj.org\\\/wp-content\\\/uploads\\\/2012\\\/11\\\/Les-juifs-dIran_Chaoulli_COUV-e1619716300391.jpg\",\"articleSection\":[\"Books, articles\",\"Latest Acquisitions\"],\"inLanguage\":\"en-US\"},{\"@type\":\"WebPage\",\"@id\":\"https:\\\/\\\/www.iemj.org\\\/en\\\/les-juifs-diran-a-travers-leurs-musiciens\\\/\",\"url\":\"https:\\\/\\\/www.iemj.org\\\/en\\\/les-juifs-diran-a-travers-leurs-musiciens\\\/\",\"name\":\"Les Juifs d'Iran \u00e0 travers leurs musiciens - Institut Europ\u00e9en des Musiques Juives\",\"isPartOf\":{\"@id\":\"https:\\\/\\\/www.iemj.org\\\/en\\\/#website\"},\"primaryImageOfPage\":{\"@id\":\"https:\\\/\\\/www.iemj.org\\\/en\\\/les-juifs-diran-a-travers-leurs-musiciens\\\/#primaryimage\"},\"image\":{\"@id\":\"https:\\\/\\\/www.iemj.org\\\/en\\\/les-juifs-diran-a-travers-leurs-musiciens\\\/#primaryimage\"},\"thumbnailUrl\":\"https:\\\/\\\/www.iemj.org\\\/wp-content\\\/uploads\\\/2012\\\/11\\\/Les-juifs-dIran_Chaoulli_COUV-e1619716300391.jpg\",\"datePublished\":\"2012-11-27T14:13:03+00:00\",\"dateModified\":\"2023-06-14T12:42:35+00:00\",\"breadcrumb\":{\"@id\":\"https:\\\/\\\/www.iemj.org\\\/en\\\/les-juifs-diran-a-travers-leurs-musiciens\\\/#breadcrumb\"},\"inLanguage\":\"en-US\",\"potentialAction\":[{\"@type\":\"ReadAction\",\"target\":[\"https:\\\/\\\/www.iemj.org\\\/en\\\/les-juifs-diran-a-travers-leurs-musiciens\\\/\"]}]},{\"@type\":\"ImageObject\",\"inLanguage\":\"en-US\",\"@id\":\"https:\\\/\\\/www.iemj.org\\\/en\\\/les-juifs-diran-a-travers-leurs-musiciens\\\/#primaryimage\",\"url\":\"https:\\\/\\\/www.iemj.org\\\/wp-content\\\/uploads\\\/2012\\\/11\\\/Les-juifs-dIran_Chaoulli_COUV-e1619716300391.jpg\",\"contentUrl\":\"https:\\\/\\\/www.iemj.org\\\/wp-content\\\/uploads\\\/2012\\\/11\\\/Les-juifs-dIran_Chaoulli_COUV-e1619716300391.jpg\",\"width\":1249,\"height\":1864},{\"@type\":\"BreadcrumbList\",\"@id\":\"https:\\\/\\\/www.iemj.org\\\/en\\\/les-juifs-diran-a-travers-leurs-musiciens\\\/#breadcrumb\",\"itemListElement\":[{\"@type\":\"ListItem\",\"position\":1,\"name\":\"Accueil\",\"item\":\"https:\\\/\\\/www.iemj.org\\\/en\\\/\"},{\"@type\":\"ListItem\",\"position\":2,\"name\":\"Les Juifs d&rsquo;Iran \u00e0 travers leurs musiciens\"}]},{\"@type\":\"WebSite\",\"@id\":\"https:\\\/\\\/www.iemj.org\\\/en\\\/#website\",\"url\":\"https:\\\/\\\/www.iemj.org\\\/en\\\/\",\"name\":\"Institut Europ\u00e9en des Musiques Juives\",\"description\":\"Des traditions musicales \u00e0 la port\u00e9e de tous\",\"publisher\":{\"@id\":\"https:\\\/\\\/www.iemj.org\\\/en\\\/#organization\"},\"potentialAction\":[{\"@type\":\"SearchAction\",\"target\":{\"@type\":\"EntryPoint\",\"urlTemplate\":\"https:\\\/\\\/www.iemj.org\\\/en\\\/?s={search_term_string}\"},\"query-input\":{\"@type\":\"PropertyValueSpecification\",\"valueRequired\":true,\"valueName\":\"search_term_string\"}}],\"inLanguage\":\"en-US\"},{\"@type\":\"Organization\",\"@id\":\"https:\\\/\\\/www.iemj.org\\\/en\\\/#organization\",\"name\":\"Institut Europ\u00e9en des Musiques Juives\",\"url\":\"https:\\\/\\\/www.iemj.org\\\/en\\\/\",\"logo\":{\"@type\":\"ImageObject\",\"inLanguage\":\"en-US\",\"@id\":\"https:\\\/\\\/www.iemj.org\\\/en\\\/#\\\/schema\\\/logo\\\/image\\\/\",\"url\":\"https:\\\/\\\/www.iemj.org\\\/wp-content\\\/uploads\\\/2021\\\/09\\\/Logo-IEMJ-Paypal.jpg\",\"contentUrl\":\"https:\\\/\\\/www.iemj.org\\\/wp-content\\\/uploads\\\/2021\\\/09\\\/Logo-IEMJ-Paypal.jpg\",\"width\":150,\"height\":50,\"caption\":\"Institut Europ\u00e9en des Musiques Juives\"},\"image\":{\"@id\":\"https:\\\/\\\/www.iemj.org\\\/en\\\/#\\\/schema\\\/logo\\\/image\\\/\"},\"sameAs\":[\"https:\\\/\\\/www.facebook.com\\\/MusiquesJuives\\\/\",\"https:\\\/\\\/www.instagram.com\\\/musiquesjuives\\\/\",\"https:\\\/\\\/www.youtube.com\\\/user\\\/musiquesjuives\"]},{\"@type\":\"Person\",\"@id\":\"https:\\\/\\\/www.iemj.org\\\/en\\\/#\\\/schema\\\/person\\\/906134402c29d5c76e7b726261dd4bbd\",\"name\":\"Herv\u00e9 Roten\",\"image\":{\"@type\":\"ImageObject\",\"inLanguage\":\"en-US\",\"@id\":\"https:\\\/\\\/secure.gravatar.com\\\/avatar\\\/f96ad2db538a26481f18384936b5cd0610c92d390c4dc382209216d455f685ff?s=96&d=mm&r=g\",\"url\":\"https:\\\/\\\/secure.gravatar.com\\\/avatar\\\/f96ad2db538a26481f18384936b5cd0610c92d390c4dc382209216d455f685ff?s=96&d=mm&r=g\",\"contentUrl\":\"https:\\\/\\\/secure.gravatar.com\\\/avatar\\\/f96ad2db538a26481f18384936b5cd0610c92d390c4dc382209216d455f685ff?s=96&d=mm&r=g\",\"caption\":\"Herv\u00e9 Roten\"}}]}<\/script>\n<!-- \/ Yoast SEO plugin. -->","yoast_head_json":{"title":"Les Juifs d'Iran \u00e0 travers leurs musiciens - Institut Europ\u00e9en des Musiques Juives","robots":{"index":"index","follow":"follow","max-snippet":"max-snippet:-1","max-image-preview":"max-image-preview:large","max-video-preview":"max-video-preview:-1"},"canonical":"https:\/\/www.iemj.org\/en\/les-juifs-diran-a-travers-leurs-musiciens\/","og_locale":"en_US","og_type":"article","og_title":"Les Juifs d'Iran \u00e0 travers leurs musiciens - Institut Europ\u00e9en des Musiques Juives","og_description":"Editions l&#8217;Harmattan, 2012, 370 p.","og_url":"https:\/\/www.iemj.org\/en\/les-juifs-diran-a-travers-leurs-musiciens\/","og_site_name":"Institut Europ\u00e9en des Musiques Juives","article_publisher":"https:\/\/www.facebook.com\/MusiquesJuives\/","article_published_time":"2012-11-27T14:13:03+00:00","article_modified_time":"2023-06-14T12:42:35+00:00","og_image":[{"width":1249,"height":1864,"url":"https:\/\/www.iemj.org\/wp-content\/uploads\/2012\/11\/Les-juifs-dIran_Chaoulli_COUV-e1619716300391.jpg","type":"image\/jpeg"}],"author":"Herv\u00e9 Roten","twitter_card":"summary_large_image","twitter_misc":{"Written by":"Herv\u00e9 Roten","Est. reading time":"3 minutes"},"schema":{"@context":"https:\/\/schema.org","@graph":[{"@type":"Article","@id":"https:\/\/www.iemj.org\/en\/les-juifs-diran-a-travers-leurs-musiciens\/#article","isPartOf":{"@id":"https:\/\/www.iemj.org\/en\/les-juifs-diran-a-travers-leurs-musiciens\/"},"author":{"name":"Herv\u00e9 Roten","@id":"https:\/\/www.iemj.org\/en\/#\/schema\/person\/906134402c29d5c76e7b726261dd4bbd"},"headline":"Les Juifs d&#8217;Iran \u00e0 travers leurs musiciens","datePublished":"2012-11-27T14:13:03+00:00","dateModified":"2023-06-14T12:42:35+00:00","mainEntityOfPage":{"@id":"https:\/\/www.iemj.org\/en\/les-juifs-diran-a-travers-leurs-musiciens\/"},"wordCount":466,"publisher":{"@id":"https:\/\/www.iemj.org\/en\/#organization"},"image":{"@id":"https:\/\/www.iemj.org\/en\/les-juifs-diran-a-travers-leurs-musiciens\/#primaryimage"},"thumbnailUrl":"https:\/\/www.iemj.org\/wp-content\/uploads\/2012\/11\/Les-juifs-dIran_Chaoulli_COUV-e1619716300391.jpg","articleSection":["Books, articles","Latest Acquisitions"],"inLanguage":"en-US"},{"@type":"WebPage","@id":"https:\/\/www.iemj.org\/en\/les-juifs-diran-a-travers-leurs-musiciens\/","url":"https:\/\/www.iemj.org\/en\/les-juifs-diran-a-travers-leurs-musiciens\/","name":"Les Juifs d'Iran \u00e0 travers leurs musiciens - Institut Europ\u00e9en des Musiques Juives","isPartOf":{"@id":"https:\/\/www.iemj.org\/en\/#website"},"primaryImageOfPage":{"@id":"https:\/\/www.iemj.org\/en\/les-juifs-diran-a-travers-leurs-musiciens\/#primaryimage"},"image":{"@id":"https:\/\/www.iemj.org\/en\/les-juifs-diran-a-travers-leurs-musiciens\/#primaryimage"},"thumbnailUrl":"https:\/\/www.iemj.org\/wp-content\/uploads\/2012\/11\/Les-juifs-dIran_Chaoulli_COUV-e1619716300391.jpg","datePublished":"2012-11-27T14:13:03+00:00","dateModified":"2023-06-14T12:42:35+00:00","breadcrumb":{"@id":"https:\/\/www.iemj.org\/en\/les-juifs-diran-a-travers-leurs-musiciens\/#breadcrumb"},"inLanguage":"en-US","potentialAction":[{"@type":"ReadAction","target":["https:\/\/www.iemj.org\/en\/les-juifs-diran-a-travers-leurs-musiciens\/"]}]},{"@type":"ImageObject","inLanguage":"en-US","@id":"https:\/\/www.iemj.org\/en\/les-juifs-diran-a-travers-leurs-musiciens\/#primaryimage","url":"https:\/\/www.iemj.org\/wp-content\/uploads\/2012\/11\/Les-juifs-dIran_Chaoulli_COUV-e1619716300391.jpg","contentUrl":"https:\/\/www.iemj.org\/wp-content\/uploads\/2012\/11\/Les-juifs-dIran_Chaoulli_COUV-e1619716300391.jpg","width":1249,"height":1864},{"@type":"BreadcrumbList","@id":"https:\/\/www.iemj.org\/en\/les-juifs-diran-a-travers-leurs-musiciens\/#breadcrumb","itemListElement":[{"@type":"ListItem","position":1,"name":"Accueil","item":"https:\/\/www.iemj.org\/en\/"},{"@type":"ListItem","position":2,"name":"Les Juifs d&rsquo;Iran \u00e0 travers leurs musiciens"}]},{"@type":"WebSite","@id":"https:\/\/www.iemj.org\/en\/#website","url":"https:\/\/www.iemj.org\/en\/","name":"Institut Europ\u00e9en des Musiques Juives","description":"Des traditions musicales \u00e0 la port\u00e9e de tous","publisher":{"@id":"https:\/\/www.iemj.org\/en\/#organization"},"potentialAction":[{"@type":"SearchAction","target":{"@type":"EntryPoint","urlTemplate":"https:\/\/www.iemj.org\/en\/?s={search_term_string}"},"query-input":{"@type":"PropertyValueSpecification","valueRequired":true,"valueName":"search_term_string"}}],"inLanguage":"en-US"},{"@type":"Organization","@id":"https:\/\/www.iemj.org\/en\/#organization","name":"Institut Europ\u00e9en des Musiques Juives","url":"https:\/\/www.iemj.org\/en\/","logo":{"@type":"ImageObject","inLanguage":"en-US","@id":"https:\/\/www.iemj.org\/en\/#\/schema\/logo\/image\/","url":"https:\/\/www.iemj.org\/wp-content\/uploads\/2021\/09\/Logo-IEMJ-Paypal.jpg","contentUrl":"https:\/\/www.iemj.org\/wp-content\/uploads\/2021\/09\/Logo-IEMJ-Paypal.jpg","width":150,"height":50,"caption":"Institut Europ\u00e9en des Musiques Juives"},"image":{"@id":"https:\/\/www.iemj.org\/en\/#\/schema\/logo\/image\/"},"sameAs":["https:\/\/www.facebook.com\/MusiquesJuives\/","https:\/\/www.instagram.com\/musiquesjuives\/","https:\/\/www.youtube.com\/user\/musiquesjuives"]},{"@type":"Person","@id":"https:\/\/www.iemj.org\/en\/#\/schema\/person\/906134402c29d5c76e7b726261dd4bbd","name":"Herv\u00e9 Roten","image":{"@type":"ImageObject","inLanguage":"en-US","@id":"https:\/\/secure.gravatar.com\/avatar\/f96ad2db538a26481f18384936b5cd0610c92d390c4dc382209216d455f685ff?s=96&d=mm&r=g","url":"https:\/\/secure.gravatar.com\/avatar\/f96ad2db538a26481f18384936b5cd0610c92d390c4dc382209216d455f685ff?s=96&d=mm&r=g","contentUrl":"https:\/\/secure.gravatar.com\/avatar\/f96ad2db538a26481f18384936b5cd0610c92d390c4dc382209216d455f685ff?s=96&d=mm&r=g","caption":"Herv\u00e9 Roten"}}]}},"_links":{"self":[{"href":"https:\/\/www.iemj.org\/en\/wp-json\/wp\/v2\/posts\/63197","targetHints":{"allow":["GET"]}}],"collection":[{"href":"https:\/\/www.iemj.org\/en\/wp-json\/wp\/v2\/posts"}],"about":[{"href":"https:\/\/www.iemj.org\/en\/wp-json\/wp\/v2\/types\/post"}],"author":[{"embeddable":true,"href":"https:\/\/www.iemj.org\/en\/wp-json\/wp\/v2\/users\/1045"}],"replies":[{"embeddable":true,"href":"https:\/\/www.iemj.org\/en\/wp-json\/wp\/v2\/comments?post=63197"}],"version-history":[{"count":0,"href":"https:\/\/www.iemj.org\/en\/wp-json\/wp\/v2\/posts\/63197\/revisions"}],"wp:featuredmedia":[{"embeddable":true,"href":"https:\/\/www.iemj.org\/en\/wp-json\/wp\/v2\/media\/38807"}],"wp:attachment":[{"href":"https:\/\/www.iemj.org\/en\/wp-json\/wp\/v2\/media?parent=63197"}],"wp:term":[{"taxonomy":"category","embeddable":true,"href":"https:\/\/www.iemj.org\/en\/wp-json\/wp\/v2\/categories?post=63197"},{"taxonomy":"post_tag","embeddable":true,"href":"https:\/\/www.iemj.org\/en\/wp-json\/wp\/v2\/tags?post=63197"},{"taxonomy":"technique","embeddable":true,"href":"https:\/\/www.iemj.org\/en\/wp-json\/wp\/v2\/technique?post=63197"},{"taxonomy":"squelettes","embeddable":true,"href":"https:\/\/www.iemj.org\/en\/wp-json\/wp\/v2\/squelettes?post=63197"},{"taxonomy":"sujet","embeddable":true,"href":"https:\/\/www.iemj.org\/en\/wp-json\/wp\/v2\/sujet?post=63197"},{"taxonomy":"formation","embeddable":true,"href":"https:\/\/www.iemj.org\/en\/wp-json\/wp\/v2\/formation?post=63197"},{"taxonomy":"genre","embeddable":true,"href":"https:\/\/www.iemj.org\/en\/wp-json\/wp\/v2\/genre?post=63197"},{"taxonomy":"fonds","embeddable":true,"href":"https:\/\/www.iemj.org\/en\/wp-json\/wp\/v2\/fonds?post=63197"},{"taxonomy":"tradition","embeddable":true,"href":"https:\/\/www.iemj.org\/en\/wp-json\/wp\/v2\/tradition?post=63197"},{"taxonomy":"type-de-contenu","embeddable":true,"href":"https:\/\/www.iemj.org\/en\/wp-json\/wp\/v2\/type-de-contenu?post=63197"},{"taxonomy":"interprete-compositeur","embeddable":true,"href":"https:\/\/www.iemj.org\/en\/wp-json\/wp\/v2\/interprete-compositeur?post=63197"},{"taxonomy":"frise","embeddable":true,"href":"https:\/\/www.iemj.org\/en\/wp-json\/wp\/v2\/frise?post=63197"},{"taxonomy":"type-devenement","embeddable":true,"href":"https:\/\/www.iemj.org\/en\/wp-json\/wp\/v2\/type-devenement?post=63197"},{"taxonomy":"tableaux-liens-externes","embeddable":true,"href":"https:\/\/www.iemj.org\/en\/wp-json\/wp\/v2\/tableaux-liens-externes?post=63197"}],"curies":[{"name":"wp","href":"https:\/\/api.w.org\/{rel}","templated":true}]}}