{"id":63203,"date":"2012-05-22T16:19:59","date_gmt":"2012-05-22T14:19:59","guid":{"rendered":"https:\/\/www.iemj.org\/schubert-klezmer-2\/"},"modified":"2025-10-20T13:19:45","modified_gmt":"2025-10-20T11:19:45","slug":"schubert-klezmer-2","status":"publish","type":"post","link":"https:\/\/www.iemj.org\/en\/schubert-klezmer-2\/","title":{"rendered":"Schubert Klezmer"},"content":{"rendered":"<p>Arion, 2012<\/p>\n<p><!--more--><\/p>\n<p>Inside a Viennese caf\u00e9 around 1820, musicians play in a corner. Franz Schubert speaks with his friend Solomon Sulzer, cantor in a synagogue close by, and other less known musicians, Jewish or not. Solomon just received the position of Professor in the Imperial Academy. Another friend of Schubert, the Czech Vaclav Matiegka brings his latest music score. They sing and play with today\u2019s musicians, the hits of the time, in German or in Yiddish, adapting them if necessary\u2026 <em>Der Hirt auf dem Felsen<\/em> , a <em>Yiddishe Lied<\/em>\u2026 They go without realizing from one tune to another, Schubert on the piano, and inspired by Jewish tunes, improvise\u2026 Vienna is the music capital city of a gigantic and romantic empire, which goes largely beyond Austria and Hungary\u2026 and this empire likes to have fun !<\/p>\n<p>A catchy musical fiction directed by the <a href=\"https:\/\/xviii-21.com\/\">XVIII-21 Le Baroque Nomade<\/a> ensemble conducted by Jean-Christophe Frisch <img fetchpriority=\"high\" decoding=\"async\" class=\"size-medium wp-image-77644 alignright\" src=\"https:\/\/www.iemj.org\/wp-content\/uploads\/2012\/05\/CD_428_COUV4-300x265.jpg\" alt=\"\" width=\"300\" height=\"265\" srcset=\"https:\/\/www.iemj.org\/wp-content\/uploads\/2012\/05\/CD_428_COUV4-300x265.jpg 300w, https:\/\/www.iemj.org\/wp-content\/uploads\/2012\/05\/CD_428_COUV4-1024x904.jpg 1024w, https:\/\/www.iemj.org\/wp-content\/uploads\/2012\/05\/CD_428_COUV4-768x678.jpg 768w, https:\/\/www.iemj.org\/wp-content\/uploads\/2012\/05\/CD_428_COUV4-1536x1355.jpg 1536w, https:\/\/www.iemj.org\/wp-content\/uploads\/2012\/05\/CD_428_COUV4-600x529.jpg 600w, https:\/\/www.iemj.org\/wp-content\/uploads\/2012\/05\/CD_428_COUV4.jpg 1581w\" sizes=\"(max-width: 300px) 100vw, 300px\" \/><\/p>\n<ul>\n<li>Cyrille Gerstenhaber, soprano<\/li>\n<li>Soo Park, pianoforte<\/li>\n<li>Lorenzo Coppola, clarinet<\/li>\n<li>Hager Hanana, cello<\/li>\n<li>Jean-Christophe Frisch, flute<\/li>\n<\/ul>\n<p><a href=\"https:\/\/arion-music.com\/produit\/schubert-klezmer\/\">Purchase the CD<\/a><\/p>\n\n\n<figure class=\"wp-block-image alignwide size-large\"><img decoding=\"async\" width=\"1024\" height=\"133\" src=\"https:\/\/www.iemj.org\/wp-content\/uploads\/2024\/03\/AUDIO-PLAYER-1024x133.png\" alt=\"\" class=\"wp-image-110607\" srcset=\"https:\/\/www.iemj.org\/wp-content\/uploads\/2024\/03\/AUDIO-PLAYER-1024x133.png 1024w, https:\/\/www.iemj.org\/wp-content\/uploads\/2024\/03\/AUDIO-PLAYER-300x39.png 300w, https:\/\/www.iemj.org\/wp-content\/uploads\/2024\/03\/AUDIO-PLAYER-768x100.png 768w, https:\/\/www.iemj.org\/wp-content\/uploads\/2024\/03\/AUDIO-PLAYER-600x78.png 600w, https:\/\/www.iemj.org\/wp-content\/uploads\/2024\/03\/AUDIO-PLAYER.png 1210w\" sizes=\"(max-width: 1024px) 100vw, 1024px\" \/><\/figure>\n\n\n\n<div class=\"wp-block-file\"><a id=\"wp-block-file--media-e6bda9d3-3672-4f8f-a6da-bd05ddec84eb\" href=\"https:\/\/www.iemj.org\/wp-content\/uploads\/2012\/05\/itsik_traditionnel_yiddish_.mp3\">Itsik (traditionnel yiddish)<\/a><\/div>\n\n\n\n<div class=\"wp-block-file\"><a id=\"wp-block-file--media-4d473553-1d8a-47ff-8772-878e5057377c\" href=\"https:\/\/www.iemj.org\/wp-content\/uploads\/2012\/05\/quatuor_de_wenzeslaus_matiegka_et_franz_schubert.mp3\">Quatuor de Wenzeslaus Matiegka et Franz Schubert<\/a><\/div>\n\n\n\n<div class=\"wp-block-file\"><a id=\"wp-block-file--media-667b3e42-60e7-4f8b-8fe3-4e917709f997\" href=\"https:\/\/www.iemj.org\/wp-content\/uploads\/2012\/05\/le_gefilte_fisch_sur_une_melodie_de_schubert_.mp3\">Le gefilte Fish (sur une m\u00e9lodie de Schubert)<\/a><\/div>\n","protected":false},"excerpt":{"rendered":"<p>Arion, 2012<\/p>\n","protected":false},"author":1045,"featured_media":4729,"comment_status":"closed","ping_status":"closed","sticky":false,"template":"","format":"standard","meta":{"_acf_changed":false,"footnotes":""},"categories":[1570,1562],"tags":[],"technique":[],"squelettes":[],"sujet":[],"formation":[],"genre":[1113],"fonds":[],"tradition":[],"type-de-contenu":[],"interprete-compositeur":[],"frise":[],"type-devenement":[],"tableaux-liens-externes":[],"class_list":["post-63203","post","type-post","status-publish","format-standard","has-post-thumbnail","hentry","category-cd-latest-acquisition-en","category-latest-acquisitions-en","genre-klezmer-en"],"acf":[],"yoast_head":"<!-- This site is optimized with the Yoast SEO plugin v27.3 - https:\/\/yoast.com\/product\/yoast-seo-wordpress\/ -->\n<title>Schubert Klezmer - Institut Europ\u00e9en des Musiques Juives<\/title>\n<meta name=\"robots\" content=\"index, follow, max-snippet:-1, max-image-preview:large, max-video-preview:-1\" \/>\n<link rel=\"canonical\" href=\"https:\/\/www.iemj.org\/en\/schubert-klezmer-2\/\" \/>\n<meta property=\"og:locale\" content=\"en_US\" \/>\n<meta property=\"og:type\" content=\"article\" \/>\n<meta property=\"og:title\" content=\"Schubert Klezmer - Institut Europ\u00e9en des Musiques Juives\" \/>\n<meta property=\"og:description\" content=\"Arion, 2012\" \/>\n<meta property=\"og:url\" content=\"https:\/\/www.iemj.org\/en\/schubert-klezmer-2\/\" \/>\n<meta property=\"og:site_name\" content=\"Institut Europ\u00e9en des Musiques Juives\" \/>\n<meta property=\"article:publisher\" content=\"https:\/\/www.facebook.com\/MusiquesJuives\/\" \/>\n<meta property=\"article:published_time\" content=\"2012-05-22T14:19:59+00:00\" \/>\n<meta property=\"article:modified_time\" content=\"2025-10-20T11:19:45+00:00\" \/>\n<meta property=\"og:image\" content=\"https:\/\/www.iemj.org\/wp-content\/uploads\/2012\/05\/arton470-e1619718010323.jpg\" \/>\n\t<meta property=\"og:image:width\" content=\"1439\" \/>\n\t<meta property=\"og:image:height\" content=\"1394\" \/>\n\t<meta property=\"og:image:type\" content=\"image\/jpeg\" \/>\n<meta name=\"author\" content=\"Herv\u00e9 Roten\" \/>\n<meta name=\"twitter:card\" content=\"summary_large_image\" \/>\n<meta name=\"twitter:label1\" content=\"Written by\" \/>\n\t<meta name=\"twitter:data1\" content=\"Herv\u00e9 Roten\" \/>\n\t<meta name=\"twitter:label2\" content=\"Est. reading time\" \/>\n\t<meta name=\"twitter:data2\" content=\"2 minutes\" \/>\n<script type=\"application\/ld+json\" class=\"yoast-schema-graph\">{\"@context\":\"https:\\\/\\\/schema.org\",\"@graph\":[{\"@type\":\"Article\",\"@id\":\"https:\\\/\\\/www.iemj.org\\\/en\\\/schubert-klezmer-2\\\/#article\",\"isPartOf\":{\"@id\":\"https:\\\/\\\/www.iemj.org\\\/en\\\/schubert-klezmer-2\\\/\"},\"author\":{\"name\":\"Herv\u00e9 Roten\",\"@id\":\"https:\\\/\\\/www.iemj.org\\\/en\\\/#\\\/schema\\\/person\\\/906134402c29d5c76e7b726261dd4bbd\"},\"headline\":\"Schubert Klezmer\",\"datePublished\":\"2012-05-22T14:19:59+00:00\",\"dateModified\":\"2025-10-20T11:19:45+00:00\",\"mainEntityOfPage\":{\"@id\":\"https:\\\/\\\/www.iemj.org\\\/en\\\/schubert-klezmer-2\\\/\"},\"wordCount\":187,\"publisher\":{\"@id\":\"https:\\\/\\\/www.iemj.org\\\/en\\\/#organization\"},\"image\":{\"@id\":\"https:\\\/\\\/www.iemj.org\\\/en\\\/schubert-klezmer-2\\\/#primaryimage\"},\"thumbnailUrl\":\"https:\\\/\\\/www.iemj.org\\\/wp-content\\\/uploads\\\/2012\\\/05\\\/arton470-e1619718010323.jpg\",\"articleSection\":[\"CD\",\"Latest Acquisitions\"],\"inLanguage\":\"en-US\"},{\"@type\":\"WebPage\",\"@id\":\"https:\\\/\\\/www.iemj.org\\\/en\\\/schubert-klezmer-2\\\/\",\"url\":\"https:\\\/\\\/www.iemj.org\\\/en\\\/schubert-klezmer-2\\\/\",\"name\":\"Schubert Klezmer - Institut Europ\u00e9en des Musiques Juives\",\"isPartOf\":{\"@id\":\"https:\\\/\\\/www.iemj.org\\\/en\\\/#website\"},\"primaryImageOfPage\":{\"@id\":\"https:\\\/\\\/www.iemj.org\\\/en\\\/schubert-klezmer-2\\\/#primaryimage\"},\"image\":{\"@id\":\"https:\\\/\\\/www.iemj.org\\\/en\\\/schubert-klezmer-2\\\/#primaryimage\"},\"thumbnailUrl\":\"https:\\\/\\\/www.iemj.org\\\/wp-content\\\/uploads\\\/2012\\\/05\\\/arton470-e1619718010323.jpg\",\"datePublished\":\"2012-05-22T14:19:59+00:00\",\"dateModified\":\"2025-10-20T11:19:45+00:00\",\"breadcrumb\":{\"@id\":\"https:\\\/\\\/www.iemj.org\\\/en\\\/schubert-klezmer-2\\\/#breadcrumb\"},\"inLanguage\":\"en-US\",\"potentialAction\":[{\"@type\":\"ReadAction\",\"target\":[\"https:\\\/\\\/www.iemj.org\\\/en\\\/schubert-klezmer-2\\\/\"]}]},{\"@type\":\"ImageObject\",\"inLanguage\":\"en-US\",\"@id\":\"https:\\\/\\\/www.iemj.org\\\/en\\\/schubert-klezmer-2\\\/#primaryimage\",\"url\":\"https:\\\/\\\/www.iemj.org\\\/wp-content\\\/uploads\\\/2012\\\/05\\\/arton470-e1619718010323.jpg\",\"contentUrl\":\"https:\\\/\\\/www.iemj.org\\\/wp-content\\\/uploads\\\/2012\\\/05\\\/arton470-e1619718010323.jpg\",\"width\":1439,\"height\":1394},{\"@type\":\"BreadcrumbList\",\"@id\":\"https:\\\/\\\/www.iemj.org\\\/en\\\/schubert-klezmer-2\\\/#breadcrumb\",\"itemListElement\":[{\"@type\":\"ListItem\",\"position\":1,\"name\":\"Accueil\",\"item\":\"https:\\\/\\\/www.iemj.org\\\/en\\\/\"},{\"@type\":\"ListItem\",\"position\":2,\"name\":\"Schubert Klezmer\"}]},{\"@type\":\"WebSite\",\"@id\":\"https:\\\/\\\/www.iemj.org\\\/en\\\/#website\",\"url\":\"https:\\\/\\\/www.iemj.org\\\/en\\\/\",\"name\":\"Institut Europ\u00e9en des Musiques Juives\",\"description\":\"Des traditions musicales \u00e0 la port\u00e9e de tous\",\"publisher\":{\"@id\":\"https:\\\/\\\/www.iemj.org\\\/en\\\/#organization\"},\"potentialAction\":[{\"@type\":\"SearchAction\",\"target\":{\"@type\":\"EntryPoint\",\"urlTemplate\":\"https:\\\/\\\/www.iemj.org\\\/en\\\/?s={search_term_string}\"},\"query-input\":{\"@type\":\"PropertyValueSpecification\",\"valueRequired\":true,\"valueName\":\"search_term_string\"}}],\"inLanguage\":\"en-US\"},{\"@type\":\"Organization\",\"@id\":\"https:\\\/\\\/www.iemj.org\\\/en\\\/#organization\",\"name\":\"Institut Europ\u00e9en des Musiques Juives\",\"url\":\"https:\\\/\\\/www.iemj.org\\\/en\\\/\",\"logo\":{\"@type\":\"ImageObject\",\"inLanguage\":\"en-US\",\"@id\":\"https:\\\/\\\/www.iemj.org\\\/en\\\/#\\\/schema\\\/logo\\\/image\\\/\",\"url\":\"https:\\\/\\\/www.iemj.org\\\/wp-content\\\/uploads\\\/2021\\\/09\\\/Logo-IEMJ-Paypal.jpg\",\"contentUrl\":\"https:\\\/\\\/www.iemj.org\\\/wp-content\\\/uploads\\\/2021\\\/09\\\/Logo-IEMJ-Paypal.jpg\",\"width\":150,\"height\":50,\"caption\":\"Institut Europ\u00e9en des Musiques Juives\"},\"image\":{\"@id\":\"https:\\\/\\\/www.iemj.org\\\/en\\\/#\\\/schema\\\/logo\\\/image\\\/\"},\"sameAs\":[\"https:\\\/\\\/www.facebook.com\\\/MusiquesJuives\\\/\",\"https:\\\/\\\/www.instagram.com\\\/musiquesjuives\\\/\",\"https:\\\/\\\/www.youtube.com\\\/user\\\/musiquesjuives\"]},{\"@type\":\"Person\",\"@id\":\"https:\\\/\\\/www.iemj.org\\\/en\\\/#\\\/schema\\\/person\\\/906134402c29d5c76e7b726261dd4bbd\",\"name\":\"Herv\u00e9 Roten\",\"image\":{\"@type\":\"ImageObject\",\"inLanguage\":\"en-US\",\"@id\":\"https:\\\/\\\/secure.gravatar.com\\\/avatar\\\/f96ad2db538a26481f18384936b5cd0610c92d390c4dc382209216d455f685ff?s=96&d=mm&r=g\",\"url\":\"https:\\\/\\\/secure.gravatar.com\\\/avatar\\\/f96ad2db538a26481f18384936b5cd0610c92d390c4dc382209216d455f685ff?s=96&d=mm&r=g\",\"contentUrl\":\"https:\\\/\\\/secure.gravatar.com\\\/avatar\\\/f96ad2db538a26481f18384936b5cd0610c92d390c4dc382209216d455f685ff?s=96&d=mm&r=g\",\"caption\":\"Herv\u00e9 Roten\"}}]}<\/script>\n<!-- \/ Yoast SEO plugin. -->","yoast_head_json":{"title":"Schubert Klezmer - Institut Europ\u00e9en des Musiques Juives","robots":{"index":"index","follow":"follow","max-snippet":"max-snippet:-1","max-image-preview":"max-image-preview:large","max-video-preview":"max-video-preview:-1"},"canonical":"https:\/\/www.iemj.org\/en\/schubert-klezmer-2\/","og_locale":"en_US","og_type":"article","og_title":"Schubert Klezmer - Institut Europ\u00e9en des Musiques Juives","og_description":"Arion, 2012","og_url":"https:\/\/www.iemj.org\/en\/schubert-klezmer-2\/","og_site_name":"Institut Europ\u00e9en des Musiques Juives","article_publisher":"https:\/\/www.facebook.com\/MusiquesJuives\/","article_published_time":"2012-05-22T14:19:59+00:00","article_modified_time":"2025-10-20T11:19:45+00:00","og_image":[{"width":1439,"height":1394,"url":"https:\/\/www.iemj.org\/wp-content\/uploads\/2012\/05\/arton470-e1619718010323.jpg","type":"image\/jpeg"}],"author":"Herv\u00e9 Roten","twitter_card":"summary_large_image","twitter_misc":{"Written by":"Herv\u00e9 Roten","Est. reading time":"2 minutes"},"schema":{"@context":"https:\/\/schema.org","@graph":[{"@type":"Article","@id":"https:\/\/www.iemj.org\/en\/schubert-klezmer-2\/#article","isPartOf":{"@id":"https:\/\/www.iemj.org\/en\/schubert-klezmer-2\/"},"author":{"name":"Herv\u00e9 Roten","@id":"https:\/\/www.iemj.org\/en\/#\/schema\/person\/906134402c29d5c76e7b726261dd4bbd"},"headline":"Schubert Klezmer","datePublished":"2012-05-22T14:19:59+00:00","dateModified":"2025-10-20T11:19:45+00:00","mainEntityOfPage":{"@id":"https:\/\/www.iemj.org\/en\/schubert-klezmer-2\/"},"wordCount":187,"publisher":{"@id":"https:\/\/www.iemj.org\/en\/#organization"},"image":{"@id":"https:\/\/www.iemj.org\/en\/schubert-klezmer-2\/#primaryimage"},"thumbnailUrl":"https:\/\/www.iemj.org\/wp-content\/uploads\/2012\/05\/arton470-e1619718010323.jpg","articleSection":["CD","Latest Acquisitions"],"inLanguage":"en-US"},{"@type":"WebPage","@id":"https:\/\/www.iemj.org\/en\/schubert-klezmer-2\/","url":"https:\/\/www.iemj.org\/en\/schubert-klezmer-2\/","name":"Schubert Klezmer - Institut Europ\u00e9en des Musiques Juives","isPartOf":{"@id":"https:\/\/www.iemj.org\/en\/#website"},"primaryImageOfPage":{"@id":"https:\/\/www.iemj.org\/en\/schubert-klezmer-2\/#primaryimage"},"image":{"@id":"https:\/\/www.iemj.org\/en\/schubert-klezmer-2\/#primaryimage"},"thumbnailUrl":"https:\/\/www.iemj.org\/wp-content\/uploads\/2012\/05\/arton470-e1619718010323.jpg","datePublished":"2012-05-22T14:19:59+00:00","dateModified":"2025-10-20T11:19:45+00:00","breadcrumb":{"@id":"https:\/\/www.iemj.org\/en\/schubert-klezmer-2\/#breadcrumb"},"inLanguage":"en-US","potentialAction":[{"@type":"ReadAction","target":["https:\/\/www.iemj.org\/en\/schubert-klezmer-2\/"]}]},{"@type":"ImageObject","inLanguage":"en-US","@id":"https:\/\/www.iemj.org\/en\/schubert-klezmer-2\/#primaryimage","url":"https:\/\/www.iemj.org\/wp-content\/uploads\/2012\/05\/arton470-e1619718010323.jpg","contentUrl":"https:\/\/www.iemj.org\/wp-content\/uploads\/2012\/05\/arton470-e1619718010323.jpg","width":1439,"height":1394},{"@type":"BreadcrumbList","@id":"https:\/\/www.iemj.org\/en\/schubert-klezmer-2\/#breadcrumb","itemListElement":[{"@type":"ListItem","position":1,"name":"Accueil","item":"https:\/\/www.iemj.org\/en\/"},{"@type":"ListItem","position":2,"name":"Schubert Klezmer"}]},{"@type":"WebSite","@id":"https:\/\/www.iemj.org\/en\/#website","url":"https:\/\/www.iemj.org\/en\/","name":"Institut Europ\u00e9en des Musiques Juives","description":"Des traditions musicales \u00e0 la port\u00e9e de tous","publisher":{"@id":"https:\/\/www.iemj.org\/en\/#organization"},"potentialAction":[{"@type":"SearchAction","target":{"@type":"EntryPoint","urlTemplate":"https:\/\/www.iemj.org\/en\/?s={search_term_string}"},"query-input":{"@type":"PropertyValueSpecification","valueRequired":true,"valueName":"search_term_string"}}],"inLanguage":"en-US"},{"@type":"Organization","@id":"https:\/\/www.iemj.org\/en\/#organization","name":"Institut Europ\u00e9en des Musiques Juives","url":"https:\/\/www.iemj.org\/en\/","logo":{"@type":"ImageObject","inLanguage":"en-US","@id":"https:\/\/www.iemj.org\/en\/#\/schema\/logo\/image\/","url":"https:\/\/www.iemj.org\/wp-content\/uploads\/2021\/09\/Logo-IEMJ-Paypal.jpg","contentUrl":"https:\/\/www.iemj.org\/wp-content\/uploads\/2021\/09\/Logo-IEMJ-Paypal.jpg","width":150,"height":50,"caption":"Institut Europ\u00e9en des Musiques Juives"},"image":{"@id":"https:\/\/www.iemj.org\/en\/#\/schema\/logo\/image\/"},"sameAs":["https:\/\/www.facebook.com\/MusiquesJuives\/","https:\/\/www.instagram.com\/musiquesjuives\/","https:\/\/www.youtube.com\/user\/musiquesjuives"]},{"@type":"Person","@id":"https:\/\/www.iemj.org\/en\/#\/schema\/person\/906134402c29d5c76e7b726261dd4bbd","name":"Herv\u00e9 Roten","image":{"@type":"ImageObject","inLanguage":"en-US","@id":"https:\/\/secure.gravatar.com\/avatar\/f96ad2db538a26481f18384936b5cd0610c92d390c4dc382209216d455f685ff?s=96&d=mm&r=g","url":"https:\/\/secure.gravatar.com\/avatar\/f96ad2db538a26481f18384936b5cd0610c92d390c4dc382209216d455f685ff?s=96&d=mm&r=g","contentUrl":"https:\/\/secure.gravatar.com\/avatar\/f96ad2db538a26481f18384936b5cd0610c92d390c4dc382209216d455f685ff?s=96&d=mm&r=g","caption":"Herv\u00e9 Roten"}}]}},"_links":{"self":[{"href":"https:\/\/www.iemj.org\/en\/wp-json\/wp\/v2\/posts\/63203","targetHints":{"allow":["GET"]}}],"collection":[{"href":"https:\/\/www.iemj.org\/en\/wp-json\/wp\/v2\/posts"}],"about":[{"href":"https:\/\/www.iemj.org\/en\/wp-json\/wp\/v2\/types\/post"}],"author":[{"embeddable":true,"href":"https:\/\/www.iemj.org\/en\/wp-json\/wp\/v2\/users\/1045"}],"replies":[{"embeddable":true,"href":"https:\/\/www.iemj.org\/en\/wp-json\/wp\/v2\/comments?post=63203"}],"version-history":[{"count":1,"href":"https:\/\/www.iemj.org\/en\/wp-json\/wp\/v2\/posts\/63203\/revisions"}],"predecessor-version":[{"id":127340,"href":"https:\/\/www.iemj.org\/en\/wp-json\/wp\/v2\/posts\/63203\/revisions\/127340"}],"wp:featuredmedia":[{"embeddable":true,"href":"https:\/\/www.iemj.org\/en\/wp-json\/wp\/v2\/media\/4729"}],"wp:attachment":[{"href":"https:\/\/www.iemj.org\/en\/wp-json\/wp\/v2\/media?parent=63203"}],"wp:term":[{"taxonomy":"category","embeddable":true,"href":"https:\/\/www.iemj.org\/en\/wp-json\/wp\/v2\/categories?post=63203"},{"taxonomy":"post_tag","embeddable":true,"href":"https:\/\/www.iemj.org\/en\/wp-json\/wp\/v2\/tags?post=63203"},{"taxonomy":"technique","embeddable":true,"href":"https:\/\/www.iemj.org\/en\/wp-json\/wp\/v2\/technique?post=63203"},{"taxonomy":"squelettes","embeddable":true,"href":"https:\/\/www.iemj.org\/en\/wp-json\/wp\/v2\/squelettes?post=63203"},{"taxonomy":"sujet","embeddable":true,"href":"https:\/\/www.iemj.org\/en\/wp-json\/wp\/v2\/sujet?post=63203"},{"taxonomy":"formation","embeddable":true,"href":"https:\/\/www.iemj.org\/en\/wp-json\/wp\/v2\/formation?post=63203"},{"taxonomy":"genre","embeddable":true,"href":"https:\/\/www.iemj.org\/en\/wp-json\/wp\/v2\/genre?post=63203"},{"taxonomy":"fonds","embeddable":true,"href":"https:\/\/www.iemj.org\/en\/wp-json\/wp\/v2\/fonds?post=63203"},{"taxonomy":"tradition","embeddable":true,"href":"https:\/\/www.iemj.org\/en\/wp-json\/wp\/v2\/tradition?post=63203"},{"taxonomy":"type-de-contenu","embeddable":true,"href":"https:\/\/www.iemj.org\/en\/wp-json\/wp\/v2\/type-de-contenu?post=63203"},{"taxonomy":"interprete-compositeur","embeddable":true,"href":"https:\/\/www.iemj.org\/en\/wp-json\/wp\/v2\/interprete-compositeur?post=63203"},{"taxonomy":"frise","embeddable":true,"href":"https:\/\/www.iemj.org\/en\/wp-json\/wp\/v2\/frise?post=63203"},{"taxonomy":"type-devenement","embeddable":true,"href":"https:\/\/www.iemj.org\/en\/wp-json\/wp\/v2\/type-devenement?post=63203"},{"taxonomy":"tableaux-liens-externes","embeddable":true,"href":"https:\/\/www.iemj.org\/en\/wp-json\/wp\/v2\/tableaux-liens-externes?post=63203"}],"curies":[{"name":"wp","href":"https:\/\/api.w.org\/{rel}","templated":true}]}}