{"id":63791,"date":"2010-03-26T14:37:42","date_gmt":"2010-03-26T13:37:42","guid":{"rendered":"https:\/\/www.iemj.org\/polyphonies-hebraiques-a-capella\/"},"modified":"2025-10-16T11:41:06","modified_gmt":"2025-10-16T09:41:06","slug":"polyphonies-hebraiques-a-capella","status":"publish","type":"post","link":"https:\/\/www.iemj.org\/en\/polyphonies-hebraiques-a-capella\/","title":{"rendered":"R\u00e9nanim &#8211; Polyphonies h\u00e9bra\u00efques a capella"},"content":{"rendered":"<p>Live concert recorded in 2006 in Nice, under the direction of Avner Soudry<\/p>\n<p><!--more--><\/p>\n<p>Renanim\u00a0(plural of the Hebrew word \u201crenana\u201d, joyous song) is the name of this young movement of Hebrew choirs created in 1998 by\u00a0<a href=\"https:\/\/renanim.net\/organisation\/\" target=\"_blank\" rel=\"noopener\">Avner Soudry<\/a>.\u00a0<\/p>\n<p>R\u00e9nanim has several goals :<br \/>\u2013 The formation of amateur Hebrew choirs, linked to each other through a European movement.<br \/>\u2013 Interfaith meetings between chorists and friends.<br \/>\u2013 Mutual invitations of choirs from Israel and abroad.<br \/>\u2013 The creation of an artistic base for a Hebrew popular and social activity.<\/p>\n<p>R\u00e9nanim helps the art of Hebrew choirs go further and the promotion of the Hebrew musical heritage of former and today\u2019s Jewish communities in the world.<\/p>\n<p><a href=\"https:\/\/www.iemj.org\/en\/renanim-european-organisation-of-hebrew-choirs\/\" target=\"_blank\" rel=\"noopener\">Learn more on R\u00e9nanim<\/a><\/p>\n<p><img fetchpriority=\"high\" decoding=\"async\" class=\"wp-image-39385 aligncenter\" src=\"https:\/\/www.iemj.org\/wp-content\/uploads\/2010\/03\/Renanim_COUV4-1-300x264.jpg\" alt=\"\" width=\"500\" height=\"440\" srcset=\"https:\/\/www.iemj.org\/wp-content\/uploads\/2010\/03\/Renanim_COUV4-1-300x264.jpg 300w, https:\/\/www.iemj.org\/wp-content\/uploads\/2010\/03\/Renanim_COUV4-1-600x529.jpg 600w, https:\/\/www.iemj.org\/wp-content\/uploads\/2010\/03\/Renanim_COUV4-1.jpg 700w\" sizes=\"(max-width: 500px) 100vw, 500px\" \/><\/p>\n\n\n<figure class=\"wp-block-image alignwide size-large\"><img decoding=\"async\" width=\"1024\" height=\"133\" src=\"https:\/\/www.iemj.org\/wp-content\/uploads\/2024\/03\/AUDIO-PLAYER-1024x133.png\" alt=\"\" class=\"wp-image-110607\" srcset=\"https:\/\/www.iemj.org\/wp-content\/uploads\/2024\/03\/AUDIO-PLAYER-1024x133.png 1024w, https:\/\/www.iemj.org\/wp-content\/uploads\/2024\/03\/AUDIO-PLAYER-300x39.png 300w, https:\/\/www.iemj.org\/wp-content\/uploads\/2024\/03\/AUDIO-PLAYER-768x100.png 768w, https:\/\/www.iemj.org\/wp-content\/uploads\/2024\/03\/AUDIO-PLAYER-600x78.png 600w, https:\/\/www.iemj.org\/wp-content\/uploads\/2024\/03\/AUDIO-PLAYER.png 1210w\" sizes=\"(max-width: 1024px) 100vw, 1024px\" \/><\/figure>\n\n\n\n<p><\/p>\n","protected":false},"excerpt":{"rendered":"<p>Live concert recorded in 2006 in Nice, under the direction of Avner Soudry<\/p>\n","protected":false},"author":1046,"featured_media":3145,"comment_status":"closed","ping_status":"closed","sticky":false,"template":"","format":"standard","meta":{"_acf_changed":false,"footnotes":""},"categories":[1570,1562],"tags":[],"technique":[],"squelettes":[],"sujet":[],"formation":[],"genre":[1108],"fonds":[],"tradition":[],"type-de-contenu":[],"interprete-compositeur":[],"frise":[],"type-devenement":[],"tableaux-liens-externes":[],"class_list":["post-63791","post","type-post","status-publish","format-standard","has-post-thumbnail","hentry","category-cd-latest-acquisition-en","category-latest-acquisitions-en","genre-choral-music"],"acf":[],"yoast_head":"<!-- This site is optimized with the Yoast SEO plugin v27.3 - https:\/\/yoast.com\/product\/yoast-seo-wordpress\/ -->\n<title>R\u00e9nanim - Polyphonies h\u00e9bra\u00efques a capella - Institut Europ\u00e9en des Musiques Juives<\/title>\n<meta name=\"robots\" content=\"index, follow, max-snippet:-1, max-image-preview:large, max-video-preview:-1\" \/>\n<link rel=\"canonical\" href=\"https:\/\/www.iemj.org\/en\/polyphonies-hebraiques-a-capella\/\" \/>\n<meta property=\"og:locale\" content=\"en_US\" \/>\n<meta property=\"og:type\" content=\"article\" \/>\n<meta property=\"og:title\" content=\"R\u00e9nanim - Polyphonies h\u00e9bra\u00efques a capella - Institut Europ\u00e9en des Musiques Juives\" \/>\n<meta property=\"og:description\" content=\"Live concert recorded in 2006 in Nice, under the direction of Avner Soudry\" \/>\n<meta property=\"og:url\" content=\"https:\/\/www.iemj.org\/en\/polyphonies-hebraiques-a-capella\/\" \/>\n<meta property=\"og:site_name\" content=\"Institut Europ\u00e9en des Musiques Juives\" \/>\n<meta property=\"article:publisher\" content=\"https:\/\/www.facebook.com\/MusiquesJuives\/\" \/>\n<meta property=\"article:published_time\" content=\"2010-03-26T13:37:42+00:00\" \/>\n<meta property=\"article:modified_time\" content=\"2025-10-16T09:41:06+00:00\" \/>\n<meta property=\"og:image\" content=\"https:\/\/www.iemj.org\/wp-content\/uploads\/2010\/03\/arton53.jpg\" \/>\n\t<meta property=\"og:image:width\" content=\"300\" \/>\n\t<meta property=\"og:image:height\" content=\"287\" \/>\n\t<meta property=\"og:image:type\" content=\"image\/jpeg\" \/>\n<meta name=\"author\" content=\"Isabelle Jouve\" \/>\n<meta name=\"twitter:card\" content=\"summary_large_image\" \/>\n<meta name=\"twitter:label1\" content=\"Written by\" \/>\n\t<meta name=\"twitter:data1\" content=\"Isabelle Jouve\" \/>\n\t<meta name=\"twitter:label2\" content=\"Est. reading time\" \/>\n\t<meta name=\"twitter:data2\" content=\"2 minutes\" \/>\n<script type=\"application\/ld+json\" class=\"yoast-schema-graph\">{\"@context\":\"https:\\\/\\\/schema.org\",\"@graph\":[{\"@type\":\"Article\",\"@id\":\"https:\\\/\\\/www.iemj.org\\\/en\\\/polyphonies-hebraiques-a-capella\\\/#article\",\"isPartOf\":{\"@id\":\"https:\\\/\\\/www.iemj.org\\\/en\\\/polyphonies-hebraiques-a-capella\\\/\"},\"author\":{\"name\":\"Isabelle Jouve\",\"@id\":\"https:\\\/\\\/www.iemj.org\\\/en\\\/#\\\/schema\\\/person\\\/94283a7f5a8b28a85fdab0ae54777472\"},\"headline\":\"R\u00e9nanim &#8211; Polyphonies h\u00e9bra\u00efques a capella\",\"datePublished\":\"2010-03-26T13:37:42+00:00\",\"dateModified\":\"2025-10-16T09:41:06+00:00\",\"mainEntityOfPage\":{\"@id\":\"https:\\\/\\\/www.iemj.org\\\/en\\\/polyphonies-hebraiques-a-capella\\\/\"},\"wordCount\":124,\"publisher\":{\"@id\":\"https:\\\/\\\/www.iemj.org\\\/en\\\/#organization\"},\"image\":{\"@id\":\"https:\\\/\\\/www.iemj.org\\\/en\\\/polyphonies-hebraiques-a-capella\\\/#primaryimage\"},\"thumbnailUrl\":\"https:\\\/\\\/www.iemj.org\\\/wp-content\\\/uploads\\\/2010\\\/03\\\/arton53.jpg\",\"articleSection\":[\"CD\",\"Latest Acquisitions\"],\"inLanguage\":\"en-US\"},{\"@type\":\"WebPage\",\"@id\":\"https:\\\/\\\/www.iemj.org\\\/en\\\/polyphonies-hebraiques-a-capella\\\/\",\"url\":\"https:\\\/\\\/www.iemj.org\\\/en\\\/polyphonies-hebraiques-a-capella\\\/\",\"name\":\"R\u00e9nanim - Polyphonies h\u00e9bra\u00efques a capella - Institut Europ\u00e9en des Musiques Juives\",\"isPartOf\":{\"@id\":\"https:\\\/\\\/www.iemj.org\\\/en\\\/#website\"},\"primaryImageOfPage\":{\"@id\":\"https:\\\/\\\/www.iemj.org\\\/en\\\/polyphonies-hebraiques-a-capella\\\/#primaryimage\"},\"image\":{\"@id\":\"https:\\\/\\\/www.iemj.org\\\/en\\\/polyphonies-hebraiques-a-capella\\\/#primaryimage\"},\"thumbnailUrl\":\"https:\\\/\\\/www.iemj.org\\\/wp-content\\\/uploads\\\/2010\\\/03\\\/arton53.jpg\",\"datePublished\":\"2010-03-26T13:37:42+00:00\",\"dateModified\":\"2025-10-16T09:41:06+00:00\",\"breadcrumb\":{\"@id\":\"https:\\\/\\\/www.iemj.org\\\/en\\\/polyphonies-hebraiques-a-capella\\\/#breadcrumb\"},\"inLanguage\":\"en-US\",\"potentialAction\":[{\"@type\":\"ReadAction\",\"target\":[\"https:\\\/\\\/www.iemj.org\\\/en\\\/polyphonies-hebraiques-a-capella\\\/\"]}]},{\"@type\":\"ImageObject\",\"inLanguage\":\"en-US\",\"@id\":\"https:\\\/\\\/www.iemj.org\\\/en\\\/polyphonies-hebraiques-a-capella\\\/#primaryimage\",\"url\":\"https:\\\/\\\/www.iemj.org\\\/wp-content\\\/uploads\\\/2010\\\/03\\\/arton53.jpg\",\"contentUrl\":\"https:\\\/\\\/www.iemj.org\\\/wp-content\\\/uploads\\\/2010\\\/03\\\/arton53.jpg\",\"width\":300,\"height\":287},{\"@type\":\"BreadcrumbList\",\"@id\":\"https:\\\/\\\/www.iemj.org\\\/en\\\/polyphonies-hebraiques-a-capella\\\/#breadcrumb\",\"itemListElement\":[{\"@type\":\"ListItem\",\"position\":1,\"name\":\"Accueil\",\"item\":\"https:\\\/\\\/www.iemj.org\\\/en\\\/\"},{\"@type\":\"ListItem\",\"position\":2,\"name\":\"R\u00e9nanim &#8211; Polyphonies h\u00e9bra\u00efques a capella\"}]},{\"@type\":\"WebSite\",\"@id\":\"https:\\\/\\\/www.iemj.org\\\/en\\\/#website\",\"url\":\"https:\\\/\\\/www.iemj.org\\\/en\\\/\",\"name\":\"Institut Europ\u00e9en des Musiques Juives\",\"description\":\"Des traditions musicales \u00e0 la port\u00e9e de tous\",\"publisher\":{\"@id\":\"https:\\\/\\\/www.iemj.org\\\/en\\\/#organization\"},\"potentialAction\":[{\"@type\":\"SearchAction\",\"target\":{\"@type\":\"EntryPoint\",\"urlTemplate\":\"https:\\\/\\\/www.iemj.org\\\/en\\\/?s={search_term_string}\"},\"query-input\":{\"@type\":\"PropertyValueSpecification\",\"valueRequired\":true,\"valueName\":\"search_term_string\"}}],\"inLanguage\":\"en-US\"},{\"@type\":\"Organization\",\"@id\":\"https:\\\/\\\/www.iemj.org\\\/en\\\/#organization\",\"name\":\"Institut Europ\u00e9en des Musiques Juives\",\"url\":\"https:\\\/\\\/www.iemj.org\\\/en\\\/\",\"logo\":{\"@type\":\"ImageObject\",\"inLanguage\":\"en-US\",\"@id\":\"https:\\\/\\\/www.iemj.org\\\/en\\\/#\\\/schema\\\/logo\\\/image\\\/\",\"url\":\"https:\\\/\\\/www.iemj.org\\\/wp-content\\\/uploads\\\/2021\\\/09\\\/Logo-IEMJ-Paypal.jpg\",\"contentUrl\":\"https:\\\/\\\/www.iemj.org\\\/wp-content\\\/uploads\\\/2021\\\/09\\\/Logo-IEMJ-Paypal.jpg\",\"width\":150,\"height\":50,\"caption\":\"Institut Europ\u00e9en des Musiques Juives\"},\"image\":{\"@id\":\"https:\\\/\\\/www.iemj.org\\\/en\\\/#\\\/schema\\\/logo\\\/image\\\/\"},\"sameAs\":[\"https:\\\/\\\/www.facebook.com\\\/MusiquesJuives\\\/\",\"https:\\\/\\\/www.instagram.com\\\/musiquesjuives\\\/\",\"https:\\\/\\\/www.youtube.com\\\/user\\\/musiquesjuives\"]},{\"@type\":\"Person\",\"@id\":\"https:\\\/\\\/www.iemj.org\\\/en\\\/#\\\/schema\\\/person\\\/94283a7f5a8b28a85fdab0ae54777472\",\"name\":\"Isabelle Jouve\",\"image\":{\"@type\":\"ImageObject\",\"inLanguage\":\"en-US\",\"@id\":\"https:\\\/\\\/secure.gravatar.com\\\/avatar\\\/bc547a31cb8a12b3ffc0f7fcf1f2dbd4fc06e95ad13a451095d8316a6d5a59a6?s=96&d=mm&r=g\",\"url\":\"https:\\\/\\\/secure.gravatar.com\\\/avatar\\\/bc547a31cb8a12b3ffc0f7fcf1f2dbd4fc06e95ad13a451095d8316a6d5a59a6?s=96&d=mm&r=g\",\"contentUrl\":\"https:\\\/\\\/secure.gravatar.com\\\/avatar\\\/bc547a31cb8a12b3ffc0f7fcf1f2dbd4fc06e95ad13a451095d8316a6d5a59a6?s=96&d=mm&r=g\",\"caption\":\"Isabelle Jouve\"}}]}<\/script>\n<!-- \/ Yoast SEO plugin. -->","yoast_head_json":{"title":"R\u00e9nanim - Polyphonies h\u00e9bra\u00efques a capella - Institut Europ\u00e9en des Musiques Juives","robots":{"index":"index","follow":"follow","max-snippet":"max-snippet:-1","max-image-preview":"max-image-preview:large","max-video-preview":"max-video-preview:-1"},"canonical":"https:\/\/www.iemj.org\/en\/polyphonies-hebraiques-a-capella\/","og_locale":"en_US","og_type":"article","og_title":"R\u00e9nanim - Polyphonies h\u00e9bra\u00efques a capella - Institut Europ\u00e9en des Musiques Juives","og_description":"Live concert recorded in 2006 in Nice, under the direction of Avner Soudry","og_url":"https:\/\/www.iemj.org\/en\/polyphonies-hebraiques-a-capella\/","og_site_name":"Institut Europ\u00e9en des Musiques Juives","article_publisher":"https:\/\/www.facebook.com\/MusiquesJuives\/","article_published_time":"2010-03-26T13:37:42+00:00","article_modified_time":"2025-10-16T09:41:06+00:00","og_image":[{"width":300,"height":287,"url":"https:\/\/www.iemj.org\/wp-content\/uploads\/2010\/03\/arton53.jpg","type":"image\/jpeg"}],"author":"Isabelle Jouve","twitter_card":"summary_large_image","twitter_misc":{"Written by":"Isabelle Jouve","Est. reading time":"2 minutes"},"schema":{"@context":"https:\/\/schema.org","@graph":[{"@type":"Article","@id":"https:\/\/www.iemj.org\/en\/polyphonies-hebraiques-a-capella\/#article","isPartOf":{"@id":"https:\/\/www.iemj.org\/en\/polyphonies-hebraiques-a-capella\/"},"author":{"name":"Isabelle Jouve","@id":"https:\/\/www.iemj.org\/en\/#\/schema\/person\/94283a7f5a8b28a85fdab0ae54777472"},"headline":"R\u00e9nanim &#8211; Polyphonies h\u00e9bra\u00efques a capella","datePublished":"2010-03-26T13:37:42+00:00","dateModified":"2025-10-16T09:41:06+00:00","mainEntityOfPage":{"@id":"https:\/\/www.iemj.org\/en\/polyphonies-hebraiques-a-capella\/"},"wordCount":124,"publisher":{"@id":"https:\/\/www.iemj.org\/en\/#organization"},"image":{"@id":"https:\/\/www.iemj.org\/en\/polyphonies-hebraiques-a-capella\/#primaryimage"},"thumbnailUrl":"https:\/\/www.iemj.org\/wp-content\/uploads\/2010\/03\/arton53.jpg","articleSection":["CD","Latest Acquisitions"],"inLanguage":"en-US"},{"@type":"WebPage","@id":"https:\/\/www.iemj.org\/en\/polyphonies-hebraiques-a-capella\/","url":"https:\/\/www.iemj.org\/en\/polyphonies-hebraiques-a-capella\/","name":"R\u00e9nanim - Polyphonies h\u00e9bra\u00efques a capella - Institut Europ\u00e9en des Musiques Juives","isPartOf":{"@id":"https:\/\/www.iemj.org\/en\/#website"},"primaryImageOfPage":{"@id":"https:\/\/www.iemj.org\/en\/polyphonies-hebraiques-a-capella\/#primaryimage"},"image":{"@id":"https:\/\/www.iemj.org\/en\/polyphonies-hebraiques-a-capella\/#primaryimage"},"thumbnailUrl":"https:\/\/www.iemj.org\/wp-content\/uploads\/2010\/03\/arton53.jpg","datePublished":"2010-03-26T13:37:42+00:00","dateModified":"2025-10-16T09:41:06+00:00","breadcrumb":{"@id":"https:\/\/www.iemj.org\/en\/polyphonies-hebraiques-a-capella\/#breadcrumb"},"inLanguage":"en-US","potentialAction":[{"@type":"ReadAction","target":["https:\/\/www.iemj.org\/en\/polyphonies-hebraiques-a-capella\/"]}]},{"@type":"ImageObject","inLanguage":"en-US","@id":"https:\/\/www.iemj.org\/en\/polyphonies-hebraiques-a-capella\/#primaryimage","url":"https:\/\/www.iemj.org\/wp-content\/uploads\/2010\/03\/arton53.jpg","contentUrl":"https:\/\/www.iemj.org\/wp-content\/uploads\/2010\/03\/arton53.jpg","width":300,"height":287},{"@type":"BreadcrumbList","@id":"https:\/\/www.iemj.org\/en\/polyphonies-hebraiques-a-capella\/#breadcrumb","itemListElement":[{"@type":"ListItem","position":1,"name":"Accueil","item":"https:\/\/www.iemj.org\/en\/"},{"@type":"ListItem","position":2,"name":"R\u00e9nanim &#8211; Polyphonies h\u00e9bra\u00efques a capella"}]},{"@type":"WebSite","@id":"https:\/\/www.iemj.org\/en\/#website","url":"https:\/\/www.iemj.org\/en\/","name":"Institut Europ\u00e9en des Musiques Juives","description":"Des traditions musicales \u00e0 la port\u00e9e de tous","publisher":{"@id":"https:\/\/www.iemj.org\/en\/#organization"},"potentialAction":[{"@type":"SearchAction","target":{"@type":"EntryPoint","urlTemplate":"https:\/\/www.iemj.org\/en\/?s={search_term_string}"},"query-input":{"@type":"PropertyValueSpecification","valueRequired":true,"valueName":"search_term_string"}}],"inLanguage":"en-US"},{"@type":"Organization","@id":"https:\/\/www.iemj.org\/en\/#organization","name":"Institut Europ\u00e9en des Musiques Juives","url":"https:\/\/www.iemj.org\/en\/","logo":{"@type":"ImageObject","inLanguage":"en-US","@id":"https:\/\/www.iemj.org\/en\/#\/schema\/logo\/image\/","url":"https:\/\/www.iemj.org\/wp-content\/uploads\/2021\/09\/Logo-IEMJ-Paypal.jpg","contentUrl":"https:\/\/www.iemj.org\/wp-content\/uploads\/2021\/09\/Logo-IEMJ-Paypal.jpg","width":150,"height":50,"caption":"Institut Europ\u00e9en des Musiques Juives"},"image":{"@id":"https:\/\/www.iemj.org\/en\/#\/schema\/logo\/image\/"},"sameAs":["https:\/\/www.facebook.com\/MusiquesJuives\/","https:\/\/www.instagram.com\/musiquesjuives\/","https:\/\/www.youtube.com\/user\/musiquesjuives"]},{"@type":"Person","@id":"https:\/\/www.iemj.org\/en\/#\/schema\/person\/94283a7f5a8b28a85fdab0ae54777472","name":"Isabelle Jouve","image":{"@type":"ImageObject","inLanguage":"en-US","@id":"https:\/\/secure.gravatar.com\/avatar\/bc547a31cb8a12b3ffc0f7fcf1f2dbd4fc06e95ad13a451095d8316a6d5a59a6?s=96&d=mm&r=g","url":"https:\/\/secure.gravatar.com\/avatar\/bc547a31cb8a12b3ffc0f7fcf1f2dbd4fc06e95ad13a451095d8316a6d5a59a6?s=96&d=mm&r=g","contentUrl":"https:\/\/secure.gravatar.com\/avatar\/bc547a31cb8a12b3ffc0f7fcf1f2dbd4fc06e95ad13a451095d8316a6d5a59a6?s=96&d=mm&r=g","caption":"Isabelle Jouve"}}]}},"_links":{"self":[{"href":"https:\/\/www.iemj.org\/en\/wp-json\/wp\/v2\/posts\/63791","targetHints":{"allow":["GET"]}}],"collection":[{"href":"https:\/\/www.iemj.org\/en\/wp-json\/wp\/v2\/posts"}],"about":[{"href":"https:\/\/www.iemj.org\/en\/wp-json\/wp\/v2\/types\/post"}],"author":[{"embeddable":true,"href":"https:\/\/www.iemj.org\/en\/wp-json\/wp\/v2\/users\/1046"}],"replies":[{"embeddable":true,"href":"https:\/\/www.iemj.org\/en\/wp-json\/wp\/v2\/comments?post=63791"}],"version-history":[{"count":1,"href":"https:\/\/www.iemj.org\/en\/wp-json\/wp\/v2\/posts\/63791\/revisions"}],"predecessor-version":[{"id":126917,"href":"https:\/\/www.iemj.org\/en\/wp-json\/wp\/v2\/posts\/63791\/revisions\/126917"}],"wp:featuredmedia":[{"embeddable":true,"href":"https:\/\/www.iemj.org\/en\/wp-json\/wp\/v2\/media\/3145"}],"wp:attachment":[{"href":"https:\/\/www.iemj.org\/en\/wp-json\/wp\/v2\/media?parent=63791"}],"wp:term":[{"taxonomy":"category","embeddable":true,"href":"https:\/\/www.iemj.org\/en\/wp-json\/wp\/v2\/categories?post=63791"},{"taxonomy":"post_tag","embeddable":true,"href":"https:\/\/www.iemj.org\/en\/wp-json\/wp\/v2\/tags?post=63791"},{"taxonomy":"technique","embeddable":true,"href":"https:\/\/www.iemj.org\/en\/wp-json\/wp\/v2\/technique?post=63791"},{"taxonomy":"squelettes","embeddable":true,"href":"https:\/\/www.iemj.org\/en\/wp-json\/wp\/v2\/squelettes?post=63791"},{"taxonomy":"sujet","embeddable":true,"href":"https:\/\/www.iemj.org\/en\/wp-json\/wp\/v2\/sujet?post=63791"},{"taxonomy":"formation","embeddable":true,"href":"https:\/\/www.iemj.org\/en\/wp-json\/wp\/v2\/formation?post=63791"},{"taxonomy":"genre","embeddable":true,"href":"https:\/\/www.iemj.org\/en\/wp-json\/wp\/v2\/genre?post=63791"},{"taxonomy":"fonds","embeddable":true,"href":"https:\/\/www.iemj.org\/en\/wp-json\/wp\/v2\/fonds?post=63791"},{"taxonomy":"tradition","embeddable":true,"href":"https:\/\/www.iemj.org\/en\/wp-json\/wp\/v2\/tradition?post=63791"},{"taxonomy":"type-de-contenu","embeddable":true,"href":"https:\/\/www.iemj.org\/en\/wp-json\/wp\/v2\/type-de-contenu?post=63791"},{"taxonomy":"interprete-compositeur","embeddable":true,"href":"https:\/\/www.iemj.org\/en\/wp-json\/wp\/v2\/interprete-compositeur?post=63791"},{"taxonomy":"frise","embeddable":true,"href":"https:\/\/www.iemj.org\/en\/wp-json\/wp\/v2\/frise?post=63791"},{"taxonomy":"type-devenement","embeddable":true,"href":"https:\/\/www.iemj.org\/en\/wp-json\/wp\/v2\/type-devenement?post=63791"},{"taxonomy":"tableaux-liens-externes","embeddable":true,"href":"https:\/\/www.iemj.org\/en\/wp-json\/wp\/v2\/tableaux-liens-externes?post=63791"}],"curies":[{"name":"wp","href":"https:\/\/api.w.org\/{rel}","templated":true}]}}