{"id":68773,"date":"2021-10-04T13:03:51","date_gmt":"2021-10-04T11:03:51","guid":{"rendered":"https:\/\/www.iemj.org\/dorothee-a-bikhele-lider\/"},"modified":"2025-10-16T17:40:37","modified_gmt":"2025-10-16T15:40:37","slug":"dorothee-a-bikhele-lider","status":"publish","type":"post","link":"https:\/\/www.iemj.org\/en\/dorothee-a-bikhele-lider\/","title":{"rendered":"Doroth\u00e9e &#8211; A bikhele Lider"},"content":{"rendered":"<p>A tribute to Doroth\u00e9e Vienney, a Yiddish teacher who passed away on February 23, 2021 at the age of 86, this bikhele lider (small singing book) by Isabelle Georges is a jewel by its simplicity, intimacy and beauty.<\/p>\n<p>First of all there is a book, a compilation of various texts, including a short biography of Doroth\u00e9e Vienney, song lyrics in French and Yiddish, a joke, a cooking recipe, a poem, friendly testimonies\u2026 We learn how she escaped from the Nazi cruelty, the death of her father, the passing through the free zone, the internment camp of Douadic, the separation with her brothers, and their reunion in 1944, and her life after the war, her learning of languages, among which Yiddish, that she taught afterwards.<\/p>\n<p>Secondly, while reading the book, one must listen to the CD coming with it. Eight songs in Yiddish or in French, sung by Isabelle Georges, the famous velvet voice singer. These songs reflect all the feelings of a Yiddish soul: nostalgia <em>(Di hoydlke<\/em>, <em>Du du<\/em>), sadness (<em>Zol zayn<\/em>,<em> Shtil di nakht<\/em> <em>is oysgeshternt<\/em>), or joy (<em>Shpil zhe mir a lidele in yiddish<\/em>, <em>Kum Leybke tantsn<\/em>). The various instrumentations bring us in an intimate, sad or jolly atmosphere. Wether it is in duet with the guitar player J\u00e9r\u00f4me Brajtman, who also did the musical arrangements of almost all the songs, or with more instruments, with the Anouman Quartet, or the pianist Frederik Steenbrink, <img fetchpriority=\"high\" decoding=\"async\" class=\"wp-image-68740 alignright\" src=\"https:\/\/www.iemj.org\/wp-content\/uploads\/2021\/10\/Isabelle-Georges-Dorothee-294x300.png\" alt=\"\" width=\"293\" height=\"298\" srcset=\"https:\/\/www.iemj.org\/wp-content\/uploads\/2021\/10\/Isabelle-Georges-Dorothee-294x300.png 294w, https:\/\/www.iemj.org\/wp-content\/uploads\/2021\/10\/Isabelle-Georges-Dorothee.png 446w\" sizes=\"(max-width: 293px) 100vw, 293px\" \/>those songs reveal the love that had Isabelle Georges for Doroth\u00e9e Vienney.<\/p>\n<p>And even if Yiddish is not our culture, our language, and even if we did not meet Doroth\u00e9e Vienney, one cannot be insensitive to so much honesty and beauty, literary and musical.<\/p>\n<p>\u00ab Do not cry because it is over, be happy because it happened! \u00bb<br \/>\u05f0\u05f2\u05e0\u05d8 \u05e0\u05d9\u05e9\u05d8 \u05f0\u05f2\u05b7\u05dc \u05e1&#8217;\u05d0\u05d9\u05d6 \u05d2\u05e2\u05e2\u05e0\u05d3\u05d9\u05e7\u05d8, \u05e9\u05de\u05f2\u05db\u05dc\u05d8 \u05f0\u05f2\u05b7\u05dc \u05e1&#8217;\u05d0\u05d9\u05d6 \u05d2\u05e2\u05e9\u05e2\u05df!<br \/>Vaynt nisht vayl s&#8217;iz geendikt, shmaykhlt vayl s&#8217;iz geshen!<\/p>\n<p>Isabelle Georges<\/p>\n<p>&#8220;Every message of love, no matter how small, needs to be expressed. This one sings and wishes to exist also in the name of others, who will perhaps recognize themselves.&#8221;<\/p>\n<p>J\u00e9r\u00f4me Brajtman<\/p>\n<p>A CD-book including beautiful illustrations by Myriam Racine, supported by the Maison de la Culture Yiddish, the Fondation pour la M\u00e9moire de la Shoah and the association Yiddish Pour Tous.<\/p>\n<p><a href=\"https:\/\/www.isabellegeorges.com\/en\/\" target=\"_blank\" rel=\"noopener\">Visit Isabelle Georges&#8217; website<\/a><\/p>\n<p><a href=\"https:\/\/www.isabellegeorges.com\/produit\/dorothee-a-bikhele-lider-cd-livre\/\" target=\"_blank\" rel=\"noopener\">Purchase the CD-book <em>Doroth\u00e9e &#8211; A bikhele Lider<\/em><\/a><\/p>\n\n\n<figure class=\"wp-block-embed is-type-video is-provider-youtube wp-block-embed-youtube wp-embed-aspect-16-9 wp-has-aspect-ratio\"><div class=\"wp-block-embed__wrapper\">\n<iframe title=\"Isabelle Georges Di Hoydlke (A. Gendler)\" width=\"640\" height=\"360\" src=\"https:\/\/www.youtube.com\/embed\/cT4N4xvfdDc?feature=oembed\" frameborder=\"0\" allow=\"accelerometer; autoplay; clipboard-write; encrypted-media; gyroscope; picture-in-picture; web-share\" referrerpolicy=\"strict-origin-when-cross-origin\" allowfullscreen><\/iframe>\n<\/div><\/figure>\n\n\n<div class=\"wp-block-image\">\n<figure class=\"aligncenter size-large\"><img decoding=\"async\" width=\"1024\" height=\"133\" src=\"https:\/\/www.iemj.org\/wp-content\/uploads\/2024\/03\/AUDIO-PLAYER-1024x133.png\" alt=\"\" class=\"wp-image-110607\" srcset=\"https:\/\/www.iemj.org\/wp-content\/uploads\/2024\/03\/AUDIO-PLAYER-1024x133.png 1024w, https:\/\/www.iemj.org\/wp-content\/uploads\/2024\/03\/AUDIO-PLAYER-300x39.png 300w, https:\/\/www.iemj.org\/wp-content\/uploads\/2024\/03\/AUDIO-PLAYER-768x100.png 768w, https:\/\/www.iemj.org\/wp-content\/uploads\/2024\/03\/AUDIO-PLAYER-600x78.png 600w, https:\/\/www.iemj.org\/wp-content\/uploads\/2024\/03\/AUDIO-PLAYER.png 1210w\" sizes=\"(max-width: 1024px) 100vw, 1024px\" \/><\/figure>\n<\/div>","protected":false},"excerpt":{"rendered":"<p>A tribute to Doroth\u00e9e Vienney, a Yiddish teacher who passed away on February 23, 2021 at the age of 86, this bikhele lider (small singing book) by Isabelle Georges is<\/p>\n","protected":false},"author":5,"featured_media":68676,"comment_status":"closed","ping_status":"closed","sticky":false,"template":"","format":"standard","meta":{"_acf_changed":false,"footnotes":""},"categories":[1579,1570,1562],"tags":[],"technique":[],"squelettes":[],"sujet":[],"formation":[],"genre":[1115],"fonds":[],"tradition":[],"type-de-contenu":[],"interprete-compositeur":[],"frise":[],"type-devenement":[],"tableaux-liens-externes":[],"class_list":["post-68773","post","type-post","status-publish","format-standard","has-post-thumbnail","hentry","category-books-articles-en","category-cd-latest-acquisition-en","category-latest-acquisitions-en","genre-yiddish-en-2"],"acf":[],"yoast_head":"<!-- This site is optimized with the Yoast SEO plugin v27.3 - https:\/\/yoast.com\/product\/yoast-seo-wordpress\/ -->\n<title>Doroth\u00e9e - A bikhele Lider - Institut Europ\u00e9en des Musiques Juives<\/title>\n<meta name=\"robots\" content=\"index, follow, max-snippet:-1, max-image-preview:large, max-video-preview:-1\" \/>\n<link rel=\"canonical\" href=\"https:\/\/www.iemj.org\/en\/dorothee-a-bikhele-lider\/\" \/>\n<meta property=\"og:locale\" content=\"en_US\" \/>\n<meta property=\"og:type\" content=\"article\" \/>\n<meta property=\"og:title\" content=\"Doroth\u00e9e - A bikhele Lider - Institut Europ\u00e9en des Musiques Juives\" \/>\n<meta property=\"og:description\" content=\"A tribute to Doroth\u00e9e Vienney, a Yiddish teacher who passed away on February 23, 2021 at the age of 86, this bikhele lider (small singing book) by Isabelle Georges is\" \/>\n<meta property=\"og:url\" content=\"https:\/\/www.iemj.org\/en\/dorothee-a-bikhele-lider\/\" \/>\n<meta property=\"og:site_name\" content=\"Institut Europ\u00e9en des Musiques Juives\" \/>\n<meta property=\"article:publisher\" content=\"https:\/\/www.facebook.com\/MusiquesJuives\/\" \/>\n<meta property=\"article:published_time\" content=\"2021-10-04T11:03:51+00:00\" \/>\n<meta property=\"article:modified_time\" content=\"2025-10-16T15:40:37+00:00\" \/>\n<meta property=\"og:image\" content=\"https:\/\/www.iemj.org\/wp-content\/uploads\/2021\/10\/L_879_VIG-e1633343410133.jpg\" \/>\n\t<meta property=\"og:image:width\" content=\"400\" \/>\n\t<meta property=\"og:image:height\" content=\"514\" \/>\n\t<meta property=\"og:image:type\" content=\"image\/jpeg\" \/>\n<meta name=\"author\" content=\"Jacqueline ROTEN\" \/>\n<meta name=\"twitter:card\" content=\"summary_large_image\" \/>\n<meta name=\"twitter:label1\" content=\"Written by\" \/>\n\t<meta name=\"twitter:data1\" content=\"Jacqueline ROTEN\" \/>\n\t<meta name=\"twitter:label2\" content=\"Est. reading time\" \/>\n\t<meta name=\"twitter:data2\" content=\"3 minutes\" \/>\n<script type=\"application\/ld+json\" class=\"yoast-schema-graph\">{\"@context\":\"https:\\\/\\\/schema.org\",\"@graph\":[{\"@type\":\"Article\",\"@id\":\"https:\\\/\\\/www.iemj.org\\\/en\\\/dorothee-a-bikhele-lider\\\/#article\",\"isPartOf\":{\"@id\":\"https:\\\/\\\/www.iemj.org\\\/en\\\/dorothee-a-bikhele-lider\\\/\"},\"author\":{\"name\":\"Jacqueline ROTEN\",\"@id\":\"https:\\\/\\\/www.iemj.org\\\/en\\\/#\\\/schema\\\/person\\\/358e26c18aca017fcc4cc15437f7279c\"},\"headline\":\"Doroth\u00e9e &#8211; A bikhele Lider\",\"datePublished\":\"2021-10-04T11:03:51+00:00\",\"dateModified\":\"2025-10-16T15:40:37+00:00\",\"mainEntityOfPage\":{\"@id\":\"https:\\\/\\\/www.iemj.org\\\/en\\\/dorothee-a-bikhele-lider\\\/\"},\"wordCount\":397,\"publisher\":{\"@id\":\"https:\\\/\\\/www.iemj.org\\\/en\\\/#organization\"},\"image\":{\"@id\":\"https:\\\/\\\/www.iemj.org\\\/en\\\/dorothee-a-bikhele-lider\\\/#primaryimage\"},\"thumbnailUrl\":\"https:\\\/\\\/www.iemj.org\\\/wp-content\\\/uploads\\\/2021\\\/10\\\/L_879_VIG-e1633343410133.jpg\",\"articleSection\":[\"Books, articles\",\"CD\",\"Latest Acquisitions\"],\"inLanguage\":\"en-US\"},{\"@type\":\"WebPage\",\"@id\":\"https:\\\/\\\/www.iemj.org\\\/en\\\/dorothee-a-bikhele-lider\\\/\",\"url\":\"https:\\\/\\\/www.iemj.org\\\/en\\\/dorothee-a-bikhele-lider\\\/\",\"name\":\"Doroth\u00e9e - A bikhele Lider - Institut Europ\u00e9en des Musiques Juives\",\"isPartOf\":{\"@id\":\"https:\\\/\\\/www.iemj.org\\\/en\\\/#website\"},\"primaryImageOfPage\":{\"@id\":\"https:\\\/\\\/www.iemj.org\\\/en\\\/dorothee-a-bikhele-lider\\\/#primaryimage\"},\"image\":{\"@id\":\"https:\\\/\\\/www.iemj.org\\\/en\\\/dorothee-a-bikhele-lider\\\/#primaryimage\"},\"thumbnailUrl\":\"https:\\\/\\\/www.iemj.org\\\/wp-content\\\/uploads\\\/2021\\\/10\\\/L_879_VIG-e1633343410133.jpg\",\"datePublished\":\"2021-10-04T11:03:51+00:00\",\"dateModified\":\"2025-10-16T15:40:37+00:00\",\"breadcrumb\":{\"@id\":\"https:\\\/\\\/www.iemj.org\\\/en\\\/dorothee-a-bikhele-lider\\\/#breadcrumb\"},\"inLanguage\":\"en-US\",\"potentialAction\":[{\"@type\":\"ReadAction\",\"target\":[\"https:\\\/\\\/www.iemj.org\\\/en\\\/dorothee-a-bikhele-lider\\\/\"]}]},{\"@type\":\"ImageObject\",\"inLanguage\":\"en-US\",\"@id\":\"https:\\\/\\\/www.iemj.org\\\/en\\\/dorothee-a-bikhele-lider\\\/#primaryimage\",\"url\":\"https:\\\/\\\/www.iemj.org\\\/wp-content\\\/uploads\\\/2021\\\/10\\\/L_879_VIG-e1633343410133.jpg\",\"contentUrl\":\"https:\\\/\\\/www.iemj.org\\\/wp-content\\\/uploads\\\/2021\\\/10\\\/L_879_VIG-e1633343410133.jpg\",\"width\":400,\"height\":514},{\"@type\":\"BreadcrumbList\",\"@id\":\"https:\\\/\\\/www.iemj.org\\\/en\\\/dorothee-a-bikhele-lider\\\/#breadcrumb\",\"itemListElement\":[{\"@type\":\"ListItem\",\"position\":1,\"name\":\"Accueil\",\"item\":\"https:\\\/\\\/www.iemj.org\\\/en\\\/\"},{\"@type\":\"ListItem\",\"position\":2,\"name\":\"Doroth\u00e9e &#8211; A bikhele Lider\"}]},{\"@type\":\"WebSite\",\"@id\":\"https:\\\/\\\/www.iemj.org\\\/en\\\/#website\",\"url\":\"https:\\\/\\\/www.iemj.org\\\/en\\\/\",\"name\":\"Institut Europ\u00e9en des Musiques Juives\",\"description\":\"Des traditions musicales \u00e0 la port\u00e9e de tous\",\"publisher\":{\"@id\":\"https:\\\/\\\/www.iemj.org\\\/en\\\/#organization\"},\"potentialAction\":[{\"@type\":\"SearchAction\",\"target\":{\"@type\":\"EntryPoint\",\"urlTemplate\":\"https:\\\/\\\/www.iemj.org\\\/en\\\/?s={search_term_string}\"},\"query-input\":{\"@type\":\"PropertyValueSpecification\",\"valueRequired\":true,\"valueName\":\"search_term_string\"}}],\"inLanguage\":\"en-US\"},{\"@type\":\"Organization\",\"@id\":\"https:\\\/\\\/www.iemj.org\\\/en\\\/#organization\",\"name\":\"Institut Europ\u00e9en des Musiques Juives\",\"url\":\"https:\\\/\\\/www.iemj.org\\\/en\\\/\",\"logo\":{\"@type\":\"ImageObject\",\"inLanguage\":\"en-US\",\"@id\":\"https:\\\/\\\/www.iemj.org\\\/en\\\/#\\\/schema\\\/logo\\\/image\\\/\",\"url\":\"https:\\\/\\\/www.iemj.org\\\/wp-content\\\/uploads\\\/2021\\\/09\\\/Logo-IEMJ-Paypal.jpg\",\"contentUrl\":\"https:\\\/\\\/www.iemj.org\\\/wp-content\\\/uploads\\\/2021\\\/09\\\/Logo-IEMJ-Paypal.jpg\",\"width\":150,\"height\":50,\"caption\":\"Institut Europ\u00e9en des Musiques Juives\"},\"image\":{\"@id\":\"https:\\\/\\\/www.iemj.org\\\/en\\\/#\\\/schema\\\/logo\\\/image\\\/\"},\"sameAs\":[\"https:\\\/\\\/www.facebook.com\\\/MusiquesJuives\\\/\",\"https:\\\/\\\/www.instagram.com\\\/musiquesjuives\\\/\",\"https:\\\/\\\/www.youtube.com\\\/user\\\/musiquesjuives\"]},{\"@type\":\"Person\",\"@id\":\"https:\\\/\\\/www.iemj.org\\\/en\\\/#\\\/schema\\\/person\\\/358e26c18aca017fcc4cc15437f7279c\",\"name\":\"Jacqueline ROTEN\",\"image\":{\"@type\":\"ImageObject\",\"inLanguage\":\"en-US\",\"@id\":\"https:\\\/\\\/secure.gravatar.com\\\/avatar\\\/5964256d6c6957de3a3505278957e0fb2a35119ac47ea41827a65301213c810b?s=96&d=mm&r=g\",\"url\":\"https:\\\/\\\/secure.gravatar.com\\\/avatar\\\/5964256d6c6957de3a3505278957e0fb2a35119ac47ea41827a65301213c810b?s=96&d=mm&r=g\",\"contentUrl\":\"https:\\\/\\\/secure.gravatar.com\\\/avatar\\\/5964256d6c6957de3a3505278957e0fb2a35119ac47ea41827a65301213c810b?s=96&d=mm&r=g\",\"caption\":\"Jacqueline ROTEN\"}}]}<\/script>\n<!-- \/ Yoast SEO plugin. -->","yoast_head_json":{"title":"Doroth\u00e9e - A bikhele Lider - Institut Europ\u00e9en des Musiques Juives","robots":{"index":"index","follow":"follow","max-snippet":"max-snippet:-1","max-image-preview":"max-image-preview:large","max-video-preview":"max-video-preview:-1"},"canonical":"https:\/\/www.iemj.org\/en\/dorothee-a-bikhele-lider\/","og_locale":"en_US","og_type":"article","og_title":"Doroth\u00e9e - A bikhele Lider - Institut Europ\u00e9en des Musiques Juives","og_description":"A tribute to Doroth\u00e9e Vienney, a Yiddish teacher who passed away on February 23, 2021 at the age of 86, this bikhele lider (small singing book) by Isabelle Georges is","og_url":"https:\/\/www.iemj.org\/en\/dorothee-a-bikhele-lider\/","og_site_name":"Institut Europ\u00e9en des Musiques Juives","article_publisher":"https:\/\/www.facebook.com\/MusiquesJuives\/","article_published_time":"2021-10-04T11:03:51+00:00","article_modified_time":"2025-10-16T15:40:37+00:00","og_image":[{"width":400,"height":514,"url":"https:\/\/www.iemj.org\/wp-content\/uploads\/2021\/10\/L_879_VIG-e1633343410133.jpg","type":"image\/jpeg"}],"author":"Jacqueline ROTEN","twitter_card":"summary_large_image","twitter_misc":{"Written by":"Jacqueline ROTEN","Est. reading time":"3 minutes"},"schema":{"@context":"https:\/\/schema.org","@graph":[{"@type":"Article","@id":"https:\/\/www.iemj.org\/en\/dorothee-a-bikhele-lider\/#article","isPartOf":{"@id":"https:\/\/www.iemj.org\/en\/dorothee-a-bikhele-lider\/"},"author":{"name":"Jacqueline ROTEN","@id":"https:\/\/www.iemj.org\/en\/#\/schema\/person\/358e26c18aca017fcc4cc15437f7279c"},"headline":"Doroth\u00e9e &#8211; A bikhele Lider","datePublished":"2021-10-04T11:03:51+00:00","dateModified":"2025-10-16T15:40:37+00:00","mainEntityOfPage":{"@id":"https:\/\/www.iemj.org\/en\/dorothee-a-bikhele-lider\/"},"wordCount":397,"publisher":{"@id":"https:\/\/www.iemj.org\/en\/#organization"},"image":{"@id":"https:\/\/www.iemj.org\/en\/dorothee-a-bikhele-lider\/#primaryimage"},"thumbnailUrl":"https:\/\/www.iemj.org\/wp-content\/uploads\/2021\/10\/L_879_VIG-e1633343410133.jpg","articleSection":["Books, articles","CD","Latest Acquisitions"],"inLanguage":"en-US"},{"@type":"WebPage","@id":"https:\/\/www.iemj.org\/en\/dorothee-a-bikhele-lider\/","url":"https:\/\/www.iemj.org\/en\/dorothee-a-bikhele-lider\/","name":"Doroth\u00e9e - A bikhele Lider - Institut Europ\u00e9en des Musiques Juives","isPartOf":{"@id":"https:\/\/www.iemj.org\/en\/#website"},"primaryImageOfPage":{"@id":"https:\/\/www.iemj.org\/en\/dorothee-a-bikhele-lider\/#primaryimage"},"image":{"@id":"https:\/\/www.iemj.org\/en\/dorothee-a-bikhele-lider\/#primaryimage"},"thumbnailUrl":"https:\/\/www.iemj.org\/wp-content\/uploads\/2021\/10\/L_879_VIG-e1633343410133.jpg","datePublished":"2021-10-04T11:03:51+00:00","dateModified":"2025-10-16T15:40:37+00:00","breadcrumb":{"@id":"https:\/\/www.iemj.org\/en\/dorothee-a-bikhele-lider\/#breadcrumb"},"inLanguage":"en-US","potentialAction":[{"@type":"ReadAction","target":["https:\/\/www.iemj.org\/en\/dorothee-a-bikhele-lider\/"]}]},{"@type":"ImageObject","inLanguage":"en-US","@id":"https:\/\/www.iemj.org\/en\/dorothee-a-bikhele-lider\/#primaryimage","url":"https:\/\/www.iemj.org\/wp-content\/uploads\/2021\/10\/L_879_VIG-e1633343410133.jpg","contentUrl":"https:\/\/www.iemj.org\/wp-content\/uploads\/2021\/10\/L_879_VIG-e1633343410133.jpg","width":400,"height":514},{"@type":"BreadcrumbList","@id":"https:\/\/www.iemj.org\/en\/dorothee-a-bikhele-lider\/#breadcrumb","itemListElement":[{"@type":"ListItem","position":1,"name":"Accueil","item":"https:\/\/www.iemj.org\/en\/"},{"@type":"ListItem","position":2,"name":"Doroth\u00e9e &#8211; A bikhele Lider"}]},{"@type":"WebSite","@id":"https:\/\/www.iemj.org\/en\/#website","url":"https:\/\/www.iemj.org\/en\/","name":"Institut Europ\u00e9en des Musiques Juives","description":"Des traditions musicales \u00e0 la port\u00e9e de tous","publisher":{"@id":"https:\/\/www.iemj.org\/en\/#organization"},"potentialAction":[{"@type":"SearchAction","target":{"@type":"EntryPoint","urlTemplate":"https:\/\/www.iemj.org\/en\/?s={search_term_string}"},"query-input":{"@type":"PropertyValueSpecification","valueRequired":true,"valueName":"search_term_string"}}],"inLanguage":"en-US"},{"@type":"Organization","@id":"https:\/\/www.iemj.org\/en\/#organization","name":"Institut Europ\u00e9en des Musiques Juives","url":"https:\/\/www.iemj.org\/en\/","logo":{"@type":"ImageObject","inLanguage":"en-US","@id":"https:\/\/www.iemj.org\/en\/#\/schema\/logo\/image\/","url":"https:\/\/www.iemj.org\/wp-content\/uploads\/2021\/09\/Logo-IEMJ-Paypal.jpg","contentUrl":"https:\/\/www.iemj.org\/wp-content\/uploads\/2021\/09\/Logo-IEMJ-Paypal.jpg","width":150,"height":50,"caption":"Institut Europ\u00e9en des Musiques Juives"},"image":{"@id":"https:\/\/www.iemj.org\/en\/#\/schema\/logo\/image\/"},"sameAs":["https:\/\/www.facebook.com\/MusiquesJuives\/","https:\/\/www.instagram.com\/musiquesjuives\/","https:\/\/www.youtube.com\/user\/musiquesjuives"]},{"@type":"Person","@id":"https:\/\/www.iemj.org\/en\/#\/schema\/person\/358e26c18aca017fcc4cc15437f7279c","name":"Jacqueline ROTEN","image":{"@type":"ImageObject","inLanguage":"en-US","@id":"https:\/\/secure.gravatar.com\/avatar\/5964256d6c6957de3a3505278957e0fb2a35119ac47ea41827a65301213c810b?s=96&d=mm&r=g","url":"https:\/\/secure.gravatar.com\/avatar\/5964256d6c6957de3a3505278957e0fb2a35119ac47ea41827a65301213c810b?s=96&d=mm&r=g","contentUrl":"https:\/\/secure.gravatar.com\/avatar\/5964256d6c6957de3a3505278957e0fb2a35119ac47ea41827a65301213c810b?s=96&d=mm&r=g","caption":"Jacqueline ROTEN"}}]}},"_links":{"self":[{"href":"https:\/\/www.iemj.org\/en\/wp-json\/wp\/v2\/posts\/68773","targetHints":{"allow":["GET"]}}],"collection":[{"href":"https:\/\/www.iemj.org\/en\/wp-json\/wp\/v2\/posts"}],"about":[{"href":"https:\/\/www.iemj.org\/en\/wp-json\/wp\/v2\/types\/post"}],"author":[{"embeddable":true,"href":"https:\/\/www.iemj.org\/en\/wp-json\/wp\/v2\/users\/5"}],"replies":[{"embeddable":true,"href":"https:\/\/www.iemj.org\/en\/wp-json\/wp\/v2\/comments?post=68773"}],"version-history":[{"count":1,"href":"https:\/\/www.iemj.org\/en\/wp-json\/wp\/v2\/posts\/68773\/revisions"}],"predecessor-version":[{"id":127077,"href":"https:\/\/www.iemj.org\/en\/wp-json\/wp\/v2\/posts\/68773\/revisions\/127077"}],"wp:featuredmedia":[{"embeddable":true,"href":"https:\/\/www.iemj.org\/en\/wp-json\/wp\/v2\/media\/68676"}],"wp:attachment":[{"href":"https:\/\/www.iemj.org\/en\/wp-json\/wp\/v2\/media?parent=68773"}],"wp:term":[{"taxonomy":"category","embeddable":true,"href":"https:\/\/www.iemj.org\/en\/wp-json\/wp\/v2\/categories?post=68773"},{"taxonomy":"post_tag","embeddable":true,"href":"https:\/\/www.iemj.org\/en\/wp-json\/wp\/v2\/tags?post=68773"},{"taxonomy":"technique","embeddable":true,"href":"https:\/\/www.iemj.org\/en\/wp-json\/wp\/v2\/technique?post=68773"},{"taxonomy":"squelettes","embeddable":true,"href":"https:\/\/www.iemj.org\/en\/wp-json\/wp\/v2\/squelettes?post=68773"},{"taxonomy":"sujet","embeddable":true,"href":"https:\/\/www.iemj.org\/en\/wp-json\/wp\/v2\/sujet?post=68773"},{"taxonomy":"formation","embeddable":true,"href":"https:\/\/www.iemj.org\/en\/wp-json\/wp\/v2\/formation?post=68773"},{"taxonomy":"genre","embeddable":true,"href":"https:\/\/www.iemj.org\/en\/wp-json\/wp\/v2\/genre?post=68773"},{"taxonomy":"fonds","embeddable":true,"href":"https:\/\/www.iemj.org\/en\/wp-json\/wp\/v2\/fonds?post=68773"},{"taxonomy":"tradition","embeddable":true,"href":"https:\/\/www.iemj.org\/en\/wp-json\/wp\/v2\/tradition?post=68773"},{"taxonomy":"type-de-contenu","embeddable":true,"href":"https:\/\/www.iemj.org\/en\/wp-json\/wp\/v2\/type-de-contenu?post=68773"},{"taxonomy":"interprete-compositeur","embeddable":true,"href":"https:\/\/www.iemj.org\/en\/wp-json\/wp\/v2\/interprete-compositeur?post=68773"},{"taxonomy":"frise","embeddable":true,"href":"https:\/\/www.iemj.org\/en\/wp-json\/wp\/v2\/frise?post=68773"},{"taxonomy":"type-devenement","embeddable":true,"href":"https:\/\/www.iemj.org\/en\/wp-json\/wp\/v2\/type-devenement?post=68773"},{"taxonomy":"tableaux-liens-externes","embeddable":true,"href":"https:\/\/www.iemj.org\/en\/wp-json\/wp\/v2\/tableaux-liens-externes?post=68773"}],"curies":[{"name":"wp","href":"https:\/\/api.w.org\/{rel}","templated":true}]}}