{"id":69318,"date":"2021-10-11T12:37:41","date_gmt":"2021-10-11T10:37:41","guid":{"rendered":"https:\/\/www.iemj.org\/levin-leibu-1914-1983\/"},"modified":"2022-10-10T13:09:00","modified_gmt":"2022-10-10T11:09:00","slug":"levin-leibu-1914-1983","status":"publish","type":"post","link":"https:\/\/www.iemj.org\/en\/levin-leibu-1914-1983\/","title":{"rendered":"Levin, Leibu (1914-1983)"},"content":{"rendered":"<p><strong>Leibu Levin<\/strong> was born in the town of Kimpelung, Bukovina, in 1914. From 1919 he lived in Czernowitz. He studied Yiddish language and literature in the Seminar of the &#8220;Yiddisher Shul-Farayn&#8221; and at the same time appeared with recitals of Yiddish prose and poetry, often singing his own melodies. Levin&#8217;s first recitals were warmly acclaimed by the linguist and philologist Dr. Haim Gininger. In a long article, published in the Bucharest literary magazine &#8220;Di Vokh&#8221; on January 31, 1935, he wrote: &#8220;Leibu Levin showed himself to be an excellent interpreter of Yiddish poetry&#8230; Levin is perhaps the first interpreter\u00a0\u00a0 of Manger. Never before have we been so intoxicated by the specific Manger landscape and its fragrance as when Levin recited Manger&#8217;s ballades&#8230;&#8221;<\/p>\n<p>In 1939 in Czernowitz, Hersh Segal published the little album &#8220;Zeks Shloflider&#8221; (&#8220;Six lullabies&#8221;), with Levin&#8217;s melodies to poems by I. Manger, H. Leivick, M.-L. Halpern, A. Reisen and N. Yud, and with Isiu Sherf&#8217;s illustrations. One of those songs, M.-L. Halpern\u2019s \u201cAz du vest batsoln, bruder&#8230;\u201d, crossed the ocean to become a folksong even during the composer\u2019s lifetime.<\/p>\n<figure id=\"attachment_69309\" aria-describedby=\"caption-attachment-69309\" style=\"width: 300px\" class=\"wp-caption alignright\"><img fetchpriority=\"high\" decoding=\"async\" class=\"wp-image-69309 size-medium\" src=\"https:\/\/www.iemj.org\/wp-content\/uploads\/2021\/10\/Leibu-Levin-a-doite-a-la-Yidisher-shulfarayn-milieu-des-annees-30-a-Czernowitz_250px-hauteur-300x192.jpg\" alt=\"\" width=\"300\" height=\"192\" srcset=\"https:\/\/www.iemj.org\/wp-content\/uploads\/2021\/10\/Leibu-Levin-a-doite-a-la-Yidisher-shulfarayn-milieu-des-annees-30-a-Czernowitz_250px-hauteur-300x192.jpg 300w, https:\/\/www.iemj.org\/wp-content\/uploads\/2021\/10\/Leibu-Levin-a-doite-a-la-Yidisher-shulfarayn-milieu-des-annees-30-a-Czernowitz_250px-hauteur.jpg 391w\" sizes=\"(max-width: 300px) 100vw, 300px\" \/><figcaption id=\"caption-attachment-69309\" class=\"wp-caption-text\"><strong>Leibu Levin on the right, in the Yidisher shulfarayn, Czernowitz, mid 193&#8217;s<\/strong><\/figcaption><\/figure>\n<p>Leibu Levin gave innumerable recitals in Czernowitz, Bucharest and all the larger and smaller towns in Romania. He was a real troubadour of the Yiddish literature. He was reciting the fables of Elieser Steinbarg even before the were published. In Beldz (Bessarabia) he met the folksinger Zelik Barditshever and was the first one to perform his songs on stage. The scores in the book &#8220;Zelik Barditshever. Lider Mit Nigunim&#8221;, published by Hersh Segal in Czernowitz, 1939, were written down following Leibu Levin&#8217;s singing and interpretation.<\/p>\n<p>When in 1941, the war started between Germany and USSR, Levin was called up and later sent to a labor camp in the Ural. In 1942 he was arrested and sentenced without trial to fifteen years imprisonment. Not until 1956 was he discharged and &#8220;rehabilitated&#8221;. He performed for six more years, &#8212; three of them together with Nechama Lifshitz, &#8212; but then had to leave the stage, because his health had been severely undermined during the time he spent in prison camps.<\/p>\n<p>However, he continued to set Yiddish poetry to music. In 1972 he immigrated to Israel. Here he set to music, among others, six poems in Hebrew. A few recordings of him singing his songs have been made by <em>Kol Israel <\/em>in the seventies. He also translated from German into Yiddish all the poems of the Czernowitz poet Selma Meerbaum-Eisinger (a cousin of Paul Celan), who died in a Nazi-camp at the age of 18, and set six of her poems to music. His last concert in 1982, in Jerusalem, was also recorded by <em>Kol Israel<\/em>.<\/p>\n<p>Leibu Levin died in 1983, in Herzlia, Israel, at the age of 69. He left about 80 melodies to the finest lyrics of Yiddish poetry. The songs to texts by Hebrew poets, with Hanan Winternitz\u2019s piano arrangements, were published in 1990 in the Nisimov Music Library in Tel Aviv. <a href=\"https:\/\/www.iemj.org\/en\/leibu-levin-word-and-melody-yiddish-poetry-set-to-music\/\" target=\"_blank\" rel=\"noopener\">An anthology of 49 songs to Yiddish poetry, with piano arrangements by H. Winternitz, has been published in 2006 in &#8220;I. L. Peretz Publications&#8221;, Tel-Aviv<\/a>. The anthology contains 49 songs to poems by 21 Yiddish poets (I. Manger, H. Leivick, A. Reisen, H. N. Bialik, M.-L. Halpern and others), photos and drawings. Ruth Levin, the composer&#8217;s daughter and renowned singer, provides a preface and an epilogue. All the texts are in Yiddish, English and Hebrew.<\/p>\n<p><a href=\"https:\/\/www.iemj.org\/en\/les-faces-cachees-de-la-musique-juive-leibu-levin\/\" target=\"_blank\" rel=\"noopener\">Listen to the radio program Hidden sides of Jewish Music: Leibu Levin<\/a><\/p>\n\n\n<p><\/p>\n","protected":false},"excerpt":{"rendered":"<p>Leibu Levin was born in the town of Kimpelung, Bukovina, in 1914. From 1919 he lived in Czernowitz. He studied Yiddish language and literature in the Seminar of the &#8220;Yiddisher<\/p>\n","protected":false},"author":5,"featured_media":69304,"comment_status":"closed","ping_status":"closed","sticky":false,"template":"","format":"standard","meta":{"_acf_changed":false,"footnotes":""},"categories":[903],"tags":[],"technique":[],"squelettes":[],"sujet":[],"formation":[],"genre":[],"fonds":[],"tradition":[],"type-de-contenu":[],"interprete-compositeur":[],"frise":[],"type-devenement":[],"tableaux-liens-externes":[],"class_list":["post-69318","post","type-post","status-publish","format-standard","has-post-thumbnail","hentry","category-biographies-en"],"acf":[],"yoast_head":"<!-- This site is optimized with the Yoast SEO plugin v27.3 - https:\/\/yoast.com\/product\/yoast-seo-wordpress\/ -->\n<title>Levin, Leibu (1914-1983) - Institut Europ\u00e9en des Musiques Juives<\/title>\n<meta name=\"robots\" content=\"index, follow, max-snippet:-1, max-image-preview:large, max-video-preview:-1\" \/>\n<link rel=\"canonical\" href=\"https:\/\/www.iemj.org\/en\/levin-leibu-1914-1983\/\" \/>\n<meta property=\"og:locale\" content=\"en_US\" \/>\n<meta property=\"og:type\" content=\"article\" \/>\n<meta property=\"og:title\" content=\"Levin, Leibu (1914-1983) - Institut Europ\u00e9en des Musiques Juives\" \/>\n<meta property=\"og:description\" content=\"Leibu Levin was born in the town of Kimpelung, Bukovina, in 1914. From 1919 he lived in Czernowitz. He studied Yiddish language and literature in the Seminar of the &#8220;Yiddisher\" \/>\n<meta property=\"og:url\" content=\"https:\/\/www.iemj.org\/en\/levin-leibu-1914-1983\/\" \/>\n<meta property=\"og:site_name\" content=\"Institut Europ\u00e9en des Musiques Juives\" \/>\n<meta property=\"article:publisher\" content=\"https:\/\/www.facebook.com\/MusiquesJuives\/\" \/>\n<meta property=\"article:published_time\" content=\"2021-10-11T10:37:41+00:00\" \/>\n<meta property=\"article:modified_time\" content=\"2022-10-10T11:09:00+00:00\" \/>\n<meta property=\"og:image\" content=\"https:\/\/www.iemj.org\/wp-content\/uploads\/2021\/10\/Photo-Bio-Leibu-Levin2_218px-hauteur.jpg\" \/>\n\t<meta property=\"og:image:width\" content=\"157\" \/>\n\t<meta property=\"og:image:height\" content=\"218\" \/>\n\t<meta property=\"og:image:type\" content=\"image\/jpeg\" \/>\n<meta name=\"author\" content=\"Jacqueline ROTEN\" \/>\n<meta name=\"twitter:card\" content=\"summary_large_image\" \/>\n<meta name=\"twitter:label1\" content=\"Written by\" \/>\n\t<meta name=\"twitter:data1\" content=\"Jacqueline ROTEN\" \/>\n\t<meta name=\"twitter:label2\" content=\"Est. reading time\" \/>\n\t<meta name=\"twitter:data2\" content=\"4 minutes\" \/>\n<script type=\"application\/ld+json\" class=\"yoast-schema-graph\">{\"@context\":\"https:\\\/\\\/schema.org\",\"@graph\":[{\"@type\":\"Article\",\"@id\":\"https:\\\/\\\/www.iemj.org\\\/en\\\/levin-leibu-1914-1983\\\/#article\",\"isPartOf\":{\"@id\":\"https:\\\/\\\/www.iemj.org\\\/en\\\/levin-leibu-1914-1983\\\/\"},\"author\":{\"name\":\"Jacqueline ROTEN\",\"@id\":\"https:\\\/\\\/www.iemj.org\\\/en\\\/#\\\/schema\\\/person\\\/358e26c18aca017fcc4cc15437f7279c\"},\"headline\":\"Levin, Leibu (1914-1983)\",\"datePublished\":\"2021-10-11T10:37:41+00:00\",\"dateModified\":\"2022-10-10T11:09:00+00:00\",\"mainEntityOfPage\":{\"@id\":\"https:\\\/\\\/www.iemj.org\\\/en\\\/levin-leibu-1914-1983\\\/\"},\"wordCount\":593,\"publisher\":{\"@id\":\"https:\\\/\\\/www.iemj.org\\\/en\\\/#organization\"},\"image\":{\"@id\":\"https:\\\/\\\/www.iemj.org\\\/en\\\/levin-leibu-1914-1983\\\/#primaryimage\"},\"thumbnailUrl\":\"https:\\\/\\\/www.iemj.org\\\/wp-content\\\/uploads\\\/2021\\\/10\\\/Photo-Bio-Leibu-Levin2_218px-hauteur.jpg\",\"articleSection\":[\"Biographies\"],\"inLanguage\":\"en-US\"},{\"@type\":\"WebPage\",\"@id\":\"https:\\\/\\\/www.iemj.org\\\/en\\\/levin-leibu-1914-1983\\\/\",\"url\":\"https:\\\/\\\/www.iemj.org\\\/en\\\/levin-leibu-1914-1983\\\/\",\"name\":\"Levin, Leibu (1914-1983) - Institut Europ\u00e9en des Musiques Juives\",\"isPartOf\":{\"@id\":\"https:\\\/\\\/www.iemj.org\\\/en\\\/#website\"},\"primaryImageOfPage\":{\"@id\":\"https:\\\/\\\/www.iemj.org\\\/en\\\/levin-leibu-1914-1983\\\/#primaryimage\"},\"image\":{\"@id\":\"https:\\\/\\\/www.iemj.org\\\/en\\\/levin-leibu-1914-1983\\\/#primaryimage\"},\"thumbnailUrl\":\"https:\\\/\\\/www.iemj.org\\\/wp-content\\\/uploads\\\/2021\\\/10\\\/Photo-Bio-Leibu-Levin2_218px-hauteur.jpg\",\"datePublished\":\"2021-10-11T10:37:41+00:00\",\"dateModified\":\"2022-10-10T11:09:00+00:00\",\"breadcrumb\":{\"@id\":\"https:\\\/\\\/www.iemj.org\\\/en\\\/levin-leibu-1914-1983\\\/#breadcrumb\"},\"inLanguage\":\"en-US\",\"potentialAction\":[{\"@type\":\"ReadAction\",\"target\":[\"https:\\\/\\\/www.iemj.org\\\/en\\\/levin-leibu-1914-1983\\\/\"]}]},{\"@type\":\"ImageObject\",\"inLanguage\":\"en-US\",\"@id\":\"https:\\\/\\\/www.iemj.org\\\/en\\\/levin-leibu-1914-1983\\\/#primaryimage\",\"url\":\"https:\\\/\\\/www.iemj.org\\\/wp-content\\\/uploads\\\/2021\\\/10\\\/Photo-Bio-Leibu-Levin2_218px-hauteur.jpg\",\"contentUrl\":\"https:\\\/\\\/www.iemj.org\\\/wp-content\\\/uploads\\\/2021\\\/10\\\/Photo-Bio-Leibu-Levin2_218px-hauteur.jpg\",\"width\":157,\"height\":218,\"caption\":\"Photo Bio Leibu Levin\"},{\"@type\":\"BreadcrumbList\",\"@id\":\"https:\\\/\\\/www.iemj.org\\\/en\\\/levin-leibu-1914-1983\\\/#breadcrumb\",\"itemListElement\":[{\"@type\":\"ListItem\",\"position\":1,\"name\":\"Accueil\",\"item\":\"https:\\\/\\\/www.iemj.org\\\/en\\\/\"},{\"@type\":\"ListItem\",\"position\":2,\"name\":\"Levin, Leibu (1914-1983)\"}]},{\"@type\":\"WebSite\",\"@id\":\"https:\\\/\\\/www.iemj.org\\\/en\\\/#website\",\"url\":\"https:\\\/\\\/www.iemj.org\\\/en\\\/\",\"name\":\"Institut Europ\u00e9en des Musiques Juives\",\"description\":\"Des traditions musicales \u00e0 la port\u00e9e de tous\",\"publisher\":{\"@id\":\"https:\\\/\\\/www.iemj.org\\\/en\\\/#organization\"},\"potentialAction\":[{\"@type\":\"SearchAction\",\"target\":{\"@type\":\"EntryPoint\",\"urlTemplate\":\"https:\\\/\\\/www.iemj.org\\\/en\\\/?s={search_term_string}\"},\"query-input\":{\"@type\":\"PropertyValueSpecification\",\"valueRequired\":true,\"valueName\":\"search_term_string\"}}],\"inLanguage\":\"en-US\"},{\"@type\":\"Organization\",\"@id\":\"https:\\\/\\\/www.iemj.org\\\/en\\\/#organization\",\"name\":\"Institut Europ\u00e9en des Musiques Juives\",\"url\":\"https:\\\/\\\/www.iemj.org\\\/en\\\/\",\"logo\":{\"@type\":\"ImageObject\",\"inLanguage\":\"en-US\",\"@id\":\"https:\\\/\\\/www.iemj.org\\\/en\\\/#\\\/schema\\\/logo\\\/image\\\/\",\"url\":\"https:\\\/\\\/www.iemj.org\\\/wp-content\\\/uploads\\\/2021\\\/09\\\/Logo-IEMJ-Paypal.jpg\",\"contentUrl\":\"https:\\\/\\\/www.iemj.org\\\/wp-content\\\/uploads\\\/2021\\\/09\\\/Logo-IEMJ-Paypal.jpg\",\"width\":150,\"height\":50,\"caption\":\"Institut Europ\u00e9en des Musiques Juives\"},\"image\":{\"@id\":\"https:\\\/\\\/www.iemj.org\\\/en\\\/#\\\/schema\\\/logo\\\/image\\\/\"},\"sameAs\":[\"https:\\\/\\\/www.facebook.com\\\/MusiquesJuives\\\/\",\"https:\\\/\\\/www.instagram.com\\\/musiquesjuives\\\/\",\"https:\\\/\\\/www.youtube.com\\\/user\\\/musiquesjuives\"]},{\"@type\":\"Person\",\"@id\":\"https:\\\/\\\/www.iemj.org\\\/en\\\/#\\\/schema\\\/person\\\/358e26c18aca017fcc4cc15437f7279c\",\"name\":\"Jacqueline ROTEN\",\"image\":{\"@type\":\"ImageObject\",\"inLanguage\":\"en-US\",\"@id\":\"https:\\\/\\\/secure.gravatar.com\\\/avatar\\\/5964256d6c6957de3a3505278957e0fb2a35119ac47ea41827a65301213c810b?s=96&d=mm&r=g\",\"url\":\"https:\\\/\\\/secure.gravatar.com\\\/avatar\\\/5964256d6c6957de3a3505278957e0fb2a35119ac47ea41827a65301213c810b?s=96&d=mm&r=g\",\"contentUrl\":\"https:\\\/\\\/secure.gravatar.com\\\/avatar\\\/5964256d6c6957de3a3505278957e0fb2a35119ac47ea41827a65301213c810b?s=96&d=mm&r=g\",\"caption\":\"Jacqueline ROTEN\"}}]}<\/script>\n<!-- \/ Yoast SEO plugin. -->","yoast_head_json":{"title":"Levin, Leibu (1914-1983) - Institut Europ\u00e9en des Musiques Juives","robots":{"index":"index","follow":"follow","max-snippet":"max-snippet:-1","max-image-preview":"max-image-preview:large","max-video-preview":"max-video-preview:-1"},"canonical":"https:\/\/www.iemj.org\/en\/levin-leibu-1914-1983\/","og_locale":"en_US","og_type":"article","og_title":"Levin, Leibu (1914-1983) - Institut Europ\u00e9en des Musiques Juives","og_description":"Leibu Levin was born in the town of Kimpelung, Bukovina, in 1914. From 1919 he lived in Czernowitz. He studied Yiddish language and literature in the Seminar of the &#8220;Yiddisher","og_url":"https:\/\/www.iemj.org\/en\/levin-leibu-1914-1983\/","og_site_name":"Institut Europ\u00e9en des Musiques Juives","article_publisher":"https:\/\/www.facebook.com\/MusiquesJuives\/","article_published_time":"2021-10-11T10:37:41+00:00","article_modified_time":"2022-10-10T11:09:00+00:00","og_image":[{"width":157,"height":218,"url":"https:\/\/www.iemj.org\/wp-content\/uploads\/2021\/10\/Photo-Bio-Leibu-Levin2_218px-hauteur.jpg","type":"image\/jpeg"}],"author":"Jacqueline ROTEN","twitter_card":"summary_large_image","twitter_misc":{"Written by":"Jacqueline ROTEN","Est. reading time":"4 minutes"},"schema":{"@context":"https:\/\/schema.org","@graph":[{"@type":"Article","@id":"https:\/\/www.iemj.org\/en\/levin-leibu-1914-1983\/#article","isPartOf":{"@id":"https:\/\/www.iemj.org\/en\/levin-leibu-1914-1983\/"},"author":{"name":"Jacqueline ROTEN","@id":"https:\/\/www.iemj.org\/en\/#\/schema\/person\/358e26c18aca017fcc4cc15437f7279c"},"headline":"Levin, Leibu (1914-1983)","datePublished":"2021-10-11T10:37:41+00:00","dateModified":"2022-10-10T11:09:00+00:00","mainEntityOfPage":{"@id":"https:\/\/www.iemj.org\/en\/levin-leibu-1914-1983\/"},"wordCount":593,"publisher":{"@id":"https:\/\/www.iemj.org\/en\/#organization"},"image":{"@id":"https:\/\/www.iemj.org\/en\/levin-leibu-1914-1983\/#primaryimage"},"thumbnailUrl":"https:\/\/www.iemj.org\/wp-content\/uploads\/2021\/10\/Photo-Bio-Leibu-Levin2_218px-hauteur.jpg","articleSection":["Biographies"],"inLanguage":"en-US"},{"@type":"WebPage","@id":"https:\/\/www.iemj.org\/en\/levin-leibu-1914-1983\/","url":"https:\/\/www.iemj.org\/en\/levin-leibu-1914-1983\/","name":"Levin, Leibu (1914-1983) - Institut Europ\u00e9en des Musiques Juives","isPartOf":{"@id":"https:\/\/www.iemj.org\/en\/#website"},"primaryImageOfPage":{"@id":"https:\/\/www.iemj.org\/en\/levin-leibu-1914-1983\/#primaryimage"},"image":{"@id":"https:\/\/www.iemj.org\/en\/levin-leibu-1914-1983\/#primaryimage"},"thumbnailUrl":"https:\/\/www.iemj.org\/wp-content\/uploads\/2021\/10\/Photo-Bio-Leibu-Levin2_218px-hauteur.jpg","datePublished":"2021-10-11T10:37:41+00:00","dateModified":"2022-10-10T11:09:00+00:00","breadcrumb":{"@id":"https:\/\/www.iemj.org\/en\/levin-leibu-1914-1983\/#breadcrumb"},"inLanguage":"en-US","potentialAction":[{"@type":"ReadAction","target":["https:\/\/www.iemj.org\/en\/levin-leibu-1914-1983\/"]}]},{"@type":"ImageObject","inLanguage":"en-US","@id":"https:\/\/www.iemj.org\/en\/levin-leibu-1914-1983\/#primaryimage","url":"https:\/\/www.iemj.org\/wp-content\/uploads\/2021\/10\/Photo-Bio-Leibu-Levin2_218px-hauteur.jpg","contentUrl":"https:\/\/www.iemj.org\/wp-content\/uploads\/2021\/10\/Photo-Bio-Leibu-Levin2_218px-hauteur.jpg","width":157,"height":218,"caption":"Photo Bio Leibu Levin"},{"@type":"BreadcrumbList","@id":"https:\/\/www.iemj.org\/en\/levin-leibu-1914-1983\/#breadcrumb","itemListElement":[{"@type":"ListItem","position":1,"name":"Accueil","item":"https:\/\/www.iemj.org\/en\/"},{"@type":"ListItem","position":2,"name":"Levin, Leibu (1914-1983)"}]},{"@type":"WebSite","@id":"https:\/\/www.iemj.org\/en\/#website","url":"https:\/\/www.iemj.org\/en\/","name":"Institut Europ\u00e9en des Musiques Juives","description":"Des traditions musicales \u00e0 la port\u00e9e de tous","publisher":{"@id":"https:\/\/www.iemj.org\/en\/#organization"},"potentialAction":[{"@type":"SearchAction","target":{"@type":"EntryPoint","urlTemplate":"https:\/\/www.iemj.org\/en\/?s={search_term_string}"},"query-input":{"@type":"PropertyValueSpecification","valueRequired":true,"valueName":"search_term_string"}}],"inLanguage":"en-US"},{"@type":"Organization","@id":"https:\/\/www.iemj.org\/en\/#organization","name":"Institut Europ\u00e9en des Musiques Juives","url":"https:\/\/www.iemj.org\/en\/","logo":{"@type":"ImageObject","inLanguage":"en-US","@id":"https:\/\/www.iemj.org\/en\/#\/schema\/logo\/image\/","url":"https:\/\/www.iemj.org\/wp-content\/uploads\/2021\/09\/Logo-IEMJ-Paypal.jpg","contentUrl":"https:\/\/www.iemj.org\/wp-content\/uploads\/2021\/09\/Logo-IEMJ-Paypal.jpg","width":150,"height":50,"caption":"Institut Europ\u00e9en des Musiques Juives"},"image":{"@id":"https:\/\/www.iemj.org\/en\/#\/schema\/logo\/image\/"},"sameAs":["https:\/\/www.facebook.com\/MusiquesJuives\/","https:\/\/www.instagram.com\/musiquesjuives\/","https:\/\/www.youtube.com\/user\/musiquesjuives"]},{"@type":"Person","@id":"https:\/\/www.iemj.org\/en\/#\/schema\/person\/358e26c18aca017fcc4cc15437f7279c","name":"Jacqueline ROTEN","image":{"@type":"ImageObject","inLanguage":"en-US","@id":"https:\/\/secure.gravatar.com\/avatar\/5964256d6c6957de3a3505278957e0fb2a35119ac47ea41827a65301213c810b?s=96&d=mm&r=g","url":"https:\/\/secure.gravatar.com\/avatar\/5964256d6c6957de3a3505278957e0fb2a35119ac47ea41827a65301213c810b?s=96&d=mm&r=g","contentUrl":"https:\/\/secure.gravatar.com\/avatar\/5964256d6c6957de3a3505278957e0fb2a35119ac47ea41827a65301213c810b?s=96&d=mm&r=g","caption":"Jacqueline ROTEN"}}]}},"_links":{"self":[{"href":"https:\/\/www.iemj.org\/en\/wp-json\/wp\/v2\/posts\/69318","targetHints":{"allow":["GET"]}}],"collection":[{"href":"https:\/\/www.iemj.org\/en\/wp-json\/wp\/v2\/posts"}],"about":[{"href":"https:\/\/www.iemj.org\/en\/wp-json\/wp\/v2\/types\/post"}],"author":[{"embeddable":true,"href":"https:\/\/www.iemj.org\/en\/wp-json\/wp\/v2\/users\/5"}],"replies":[{"embeddable":true,"href":"https:\/\/www.iemj.org\/en\/wp-json\/wp\/v2\/comments?post=69318"}],"version-history":[{"count":0,"href":"https:\/\/www.iemj.org\/en\/wp-json\/wp\/v2\/posts\/69318\/revisions"}],"wp:featuredmedia":[{"embeddable":true,"href":"https:\/\/www.iemj.org\/en\/wp-json\/wp\/v2\/media\/69304"}],"wp:attachment":[{"href":"https:\/\/www.iemj.org\/en\/wp-json\/wp\/v2\/media?parent=69318"}],"wp:term":[{"taxonomy":"category","embeddable":true,"href":"https:\/\/www.iemj.org\/en\/wp-json\/wp\/v2\/categories?post=69318"},{"taxonomy":"post_tag","embeddable":true,"href":"https:\/\/www.iemj.org\/en\/wp-json\/wp\/v2\/tags?post=69318"},{"taxonomy":"technique","embeddable":true,"href":"https:\/\/www.iemj.org\/en\/wp-json\/wp\/v2\/technique?post=69318"},{"taxonomy":"squelettes","embeddable":true,"href":"https:\/\/www.iemj.org\/en\/wp-json\/wp\/v2\/squelettes?post=69318"},{"taxonomy":"sujet","embeddable":true,"href":"https:\/\/www.iemj.org\/en\/wp-json\/wp\/v2\/sujet?post=69318"},{"taxonomy":"formation","embeddable":true,"href":"https:\/\/www.iemj.org\/en\/wp-json\/wp\/v2\/formation?post=69318"},{"taxonomy":"genre","embeddable":true,"href":"https:\/\/www.iemj.org\/en\/wp-json\/wp\/v2\/genre?post=69318"},{"taxonomy":"fonds","embeddable":true,"href":"https:\/\/www.iemj.org\/en\/wp-json\/wp\/v2\/fonds?post=69318"},{"taxonomy":"tradition","embeddable":true,"href":"https:\/\/www.iemj.org\/en\/wp-json\/wp\/v2\/tradition?post=69318"},{"taxonomy":"type-de-contenu","embeddable":true,"href":"https:\/\/www.iemj.org\/en\/wp-json\/wp\/v2\/type-de-contenu?post=69318"},{"taxonomy":"interprete-compositeur","embeddable":true,"href":"https:\/\/www.iemj.org\/en\/wp-json\/wp\/v2\/interprete-compositeur?post=69318"},{"taxonomy":"frise","embeddable":true,"href":"https:\/\/www.iemj.org\/en\/wp-json\/wp\/v2\/frise?post=69318"},{"taxonomy":"type-devenement","embeddable":true,"href":"https:\/\/www.iemj.org\/en\/wp-json\/wp\/v2\/type-devenement?post=69318"},{"taxonomy":"tableaux-liens-externes","embeddable":true,"href":"https:\/\/www.iemj.org\/en\/wp-json\/wp\/v2\/tableaux-liens-externes?post=69318"}],"curies":[{"name":"wp","href":"https:\/\/api.w.org\/{rel}","templated":true}]}}