{"id":71038,"date":"2021-11-08T17:04:45","date_gmt":"2021-11-08T16:04:45","guid":{"rendered":"https:\/\/www.iemj.org\/hommage-a-patrick-berman\/"},"modified":"2021-11-16T16:57:35","modified_gmt":"2021-11-16T15:57:35","slug":"hommage-a-patrick-berman","status":"publish","type":"post","link":"https:\/\/www.iemj.org\/en\/hommage-a-patrick-berman\/","title":{"rendered":"Tribute to Patrick Berman"},"content":{"rendered":"<p>Patrick Berman, a volunteer and the treasurer of the European Institute of Jewish Music, passed away this Sunday, November 7, 2021.<\/p>\n<p><!--more--><\/p>\n<p><\/p>\n<p>Patrick was the soul of the EIJM. Always smiling and telling jokes, he knew how to take time to listen to those who worked with him, volunteers or full-time employees.<\/p>\n<p>When he knocked at the door, in 2006, of what was then called \u00ab&nbsp;French Center of Jewish Music&nbsp;\u00bb, he wanted to learn the clarinet to play klezmer music. He quickly got fond of our work of saving the musical heritage and came almost every day to help us digitize and catalogue musical documents. And when we needed an accountant and a treasurer, he proposed himself voluntarily to this position, solid of his skills and knowledge acquired all along his professional career.<\/p>\n<p>For 15 years, Patrick was the pillar of the EIJM. He was a simple man, friendly and always in a good mood, despite his life that was not always easy.<\/p>\n<p><img decoding=\"async\" class=\"wp-image-71019 alignright\" src=\"https:\/\/www.iemj.org\/wp-content\/uploads\/2021\/11\/toujours-dans-nos-esprits-300x177.jpg\" alt=\"\" width=\"203\" height=\"120\" srcset=\"https:\/\/www.iemj.org\/wp-content\/uploads\/2021\/11\/toujours-dans-nos-esprits-300x177.jpg 300w, https:\/\/www.iemj.org\/wp-content\/uploads\/2021\/11\/toujours-dans-nos-esprits-768x453.jpg 768w, https:\/\/www.iemj.org\/wp-content\/uploads\/2021\/11\/toujours-dans-nos-esprits-600x354.jpg 600w, https:\/\/www.iemj.org\/wp-content\/uploads\/2021\/11\/toujours-dans-nos-esprits.jpg 813w\" sizes=\"(max-width: 203px) 100vw, 203px\" \/>On behalf of the executive board and the EIJM\u2019s staff, we express to him all our gratitude for his tireless commitment which allowed the development of our institute.<\/p>\n<p>Baruch dayan ha\u2019emet.<\/p>\n<p>\u05d1\u05e8\u05d5\u05da \u05d3\u05d9\u05d9\u05df \u05d4\u05d0\u05de\u05ea<\/p>\n<p><\/p>\n\n\n<figure class=\"wp-block-gallery columns-3 is-cropped wp-block-gallery-1 is-layout-flex wp-block-gallery-is-layout-flex\"><ul class=\"blocks-gallery-grid\"><li class=\"blocks-gallery-item\"><figure><img decoding=\"async\" src=\"https:\/\/www.iemj.org\/wp-content\/uploads\/2021\/11\/photo-article-hommage-site-1-e1636387560473.jpg\" alt=\"\" data-id=\"70977\" data-full-url=\"https:\/\/www.iemj.org\/wp-content\/uploads\/2021\/11\/photo-article-hommage-site-1-e1636387560473.jpg\" data-link=\"https:\/\/www.iemj.org\/hommage-a-patrick-berman\/photo-article-hommage-site-2\/\" class=\"wp-image-70978\"\/><\/figure><\/li><li class=\"blocks-gallery-item\"><figure><img decoding=\"async\" src=\"https:\/\/www.iemj.org\/wp-content\/uploads\/2021\/11\/Saragoussi-Herve-ROTEN057-scaled-e1636385749224.jpg\" alt=\"\" data-id=\"71012\" data-full-url=\"https:\/\/www.iemj.org\/wp-content\/uploads\/2021\/11\/Saragoussi-Herve-ROTEN057-scaled-e1636385749224.jpg\" data-link=\"https:\/\/www.iemj.org\/hommage-a-patrick-berman\/saragoussi-herve-roten057\/\" class=\"wp-image-71013\"\/><\/figure><\/li><li class=\"blocks-gallery-item\"><figure><img fetchpriority=\"high\" decoding=\"async\" width=\"1024\" height=\"768\" src=\"https:\/\/www.iemj.org\/wp-content\/uploads\/2021\/11\/IMG_6203-1024x768.jpg\" alt=\"\" data-id=\"71007\" data-full-url=\"https:\/\/www.iemj.org\/wp-content\/uploads\/2021\/11\/IMG_6203-scaled-e1636385730244.jpg\" data-link=\"https:\/\/www.iemj.org\/img_6203\/\" class=\"wp-image-71008\" srcset=\"https:\/\/www.iemj.org\/wp-content\/uploads\/2021\/11\/IMG_6203-1024x768.jpg 1024w, https:\/\/www.iemj.org\/wp-content\/uploads\/2021\/11\/IMG_6203-300x225.jpg 300w, https:\/\/www.iemj.org\/wp-content\/uploads\/2021\/11\/IMG_6203-768x576.jpg 768w, https:\/\/www.iemj.org\/wp-content\/uploads\/2021\/11\/IMG_6203-1536x1152.jpg 1536w, https:\/\/www.iemj.org\/wp-content\/uploads\/2021\/11\/IMG_6203-2048x1536.jpg 2048w, https:\/\/www.iemj.org\/wp-content\/uploads\/2021\/11\/IMG_6203-600x450.jpg 600w\" sizes=\"(max-width: 1024px) 100vw, 1024px\" \/><\/figure><\/li><li class=\"blocks-gallery-item\"><figure><img decoding=\"async\" width=\"1024\" height=\"768\" src=\"https:\/\/www.iemj.org\/wp-content\/uploads\/2021\/11\/P1000264-1024x768.jpg\" alt=\"\" data-id=\"71002\" data-full-url=\"https:\/\/www.iemj.org\/wp-content\/uploads\/2021\/11\/P1000264-scaled-e1636385709809.jpg\" data-link=\"https:\/\/www.iemj.org\/p1000264\/\" class=\"wp-image-71003\" srcset=\"https:\/\/www.iemj.org\/wp-content\/uploads\/2021\/11\/P1000264-1024x768.jpg 1024w, https:\/\/www.iemj.org\/wp-content\/uploads\/2021\/11\/P1000264-300x225.jpg 300w, https:\/\/www.iemj.org\/wp-content\/uploads\/2021\/11\/P1000264-768x576.jpg 768w, https:\/\/www.iemj.org\/wp-content\/uploads\/2021\/11\/P1000264-1536x1152.jpg 1536w, https:\/\/www.iemj.org\/wp-content\/uploads\/2021\/11\/P1000264-2048x1536.jpg 2048w, https:\/\/www.iemj.org\/wp-content\/uploads\/2021\/11\/P1000264-600x450.jpg 600w\" sizes=\"(max-width: 1024px) 100vw, 1024px\" \/><\/figure><\/li><li class=\"blocks-gallery-item\"><figure><img loading=\"lazy\" decoding=\"async\" width=\"1024\" height=\"624\" src=\"https:\/\/www.iemj.org\/wp-content\/uploads\/2021\/11\/20170625_105033-1024x624.jpg\" alt=\"\" data-id=\"70997\" data-full-url=\"https:\/\/www.iemj.org\/wp-content\/uploads\/2021\/11\/20170625_105033-scaled-e1636385369990.jpg\" data-link=\"https:\/\/www.iemj.org\/hommage-a-patrick-berman\/20170625_105033\/\" class=\"wp-image-70998\" srcset=\"https:\/\/www.iemj.org\/wp-content\/uploads\/2021\/11\/20170625_105033-1024x624.jpg 1024w, https:\/\/www.iemj.org\/wp-content\/uploads\/2021\/11\/20170625_105033-300x183.jpg 300w, https:\/\/www.iemj.org\/wp-content\/uploads\/2021\/11\/20170625_105033-768x468.jpg 768w, https:\/\/www.iemj.org\/wp-content\/uploads\/2021\/11\/20170625_105033-1536x936.jpg 1536w, https:\/\/www.iemj.org\/wp-content\/uploads\/2021\/11\/20170625_105033-2048x1248.jpg 2048w, https:\/\/www.iemj.org\/wp-content\/uploads\/2021\/11\/20170625_105033-600x366.jpg 600w\" sizes=\"(max-width: 1024px) 100vw, 1024px\" \/><\/figure><\/li><li class=\"blocks-gallery-item\"><figure><img loading=\"lazy\" decoding=\"async\" width=\"1024\" height=\"768\" src=\"https:\/\/www.iemj.org\/wp-content\/uploads\/2021\/11\/P1000282-1024x768.jpg\" alt=\"\" data-id=\"70992\" data-full-url=\"https:\/\/www.iemj.org\/wp-content\/uploads\/2021\/11\/P1000282-scaled-e1636386404488.jpg\" data-link=\"https:\/\/www.iemj.org\/hommage-a-patrick-berman\/p1000282\/\" class=\"wp-image-70993\" srcset=\"https:\/\/www.iemj.org\/wp-content\/uploads\/2021\/11\/P1000282-1024x768.jpg 1024w, https:\/\/www.iemj.org\/wp-content\/uploads\/2021\/11\/P1000282-300x225.jpg 300w, https:\/\/www.iemj.org\/wp-content\/uploads\/2021\/11\/P1000282-768x576.jpg 768w, https:\/\/www.iemj.org\/wp-content\/uploads\/2021\/11\/P1000282-1536x1152.jpg 1536w, https:\/\/www.iemj.org\/wp-content\/uploads\/2021\/11\/P1000282-2048x1536.jpg 2048w, https:\/\/www.iemj.org\/wp-content\/uploads\/2021\/11\/P1000282-600x450.jpg 600w\" sizes=\"(max-width: 1024px) 100vw, 1024px\" \/><\/figure><\/li><li class=\"blocks-gallery-item\"><figure><img decoding=\"async\" src=\"https:\/\/www.iemj.org\/wp-content\/uploads\/2021\/11\/Patrick-et-Herve-e1636385053152.jpg\" alt=\"\" data-id=\"70987\" data-full-url=\"https:\/\/www.iemj.org\/wp-content\/uploads\/2021\/11\/Patrick-et-Herve-e1636385053152.jpg\" data-link=\"https:\/\/www.iemj.org\/hommage-a-patrick-berman\/patrick-et-herve\/\" class=\"wp-image-70988\"\/><\/figure><\/li><li class=\"blocks-gallery-item\"><figure><img decoding=\"async\" src=\"https:\/\/www.iemj.org\/wp-content\/uploads\/2021\/11\/Saragoussi-Herve-ROTEN004-scaled-e1636384520210.jpg\" alt=\"\" data-id=\"70982\" data-full-url=\"https:\/\/www.iemj.org\/wp-content\/uploads\/2021\/11\/Saragoussi-Herve-ROTEN004-scaled-e1636384520210.jpg\" data-link=\"https:\/\/www.iemj.org\/hommage-a-patrick-berman\/saragoussi-herve-roten004\/\" class=\"wp-image-70983\"\/><figcaption class=\"blocks-gallery-item__caption\">\u00aeSaragoussi<\/figcaption><\/figure><\/li><li class=\"blocks-gallery-item\"><figure><img decoding=\"async\" src=\"https:\/\/www.iemj.org\/wp-content\/uploads\/2021\/11\/toujours-dans-nos-esprits-e1636387367980.jpg\" alt=\"\" data-id=\"71018\" data-full-url=\"https:\/\/www.iemj.org\/wp-content\/uploads\/2021\/11\/toujours-dans-nos-esprits-e1636387367980.jpg\" data-link=\"https:\/\/www.iemj.org\/hommage-a-patrick-berman\/toujours-dans-nos-esprits\/\" class=\"wp-image-71019\"\/><\/figure><\/li><\/ul><figcaption class=\"blocks-gallery-caption\"><strong>Thanks Patrick!<\/strong><\/figcaption><\/figure>\n","protected":false},"excerpt":{"rendered":"<p>Patrick Berman, a volunteer and the treasurer of the European Institute of Jewish Music, passed away this Sunday, November 7, 2021.<\/p>\n","protected":false},"author":5,"featured_media":70978,"comment_status":"closed","ping_status":"closed","sticky":false,"template":"","format":"standard","meta":{"_acf_changed":false,"footnotes":""},"categories":[893,925],"tags":[],"technique":[],"squelettes":[],"sujet":[],"formation":[],"genre":[],"fonds":[],"tradition":[],"type-de-contenu":[],"interprete-compositeur":[],"frise":[],"type-devenement":[],"tableaux-liens-externes":[],"class_list":["post-71038","post","type-post","status-publish","format-standard","has-post-thumbnail","hentry","category-news-en","category-the-eijm-en"],"acf":[],"yoast_head":"<!-- This site is optimized with the Yoast SEO plugin v27.3 - https:\/\/yoast.com\/product\/yoast-seo-wordpress\/ -->\n<title>Tribute to Patrick Berman - Institut Europ\u00e9en des Musiques Juives<\/title>\n<meta name=\"robots\" content=\"index, follow, max-snippet:-1, max-image-preview:large, max-video-preview:-1\" \/>\n<link rel=\"canonical\" href=\"https:\/\/www.iemj.org\/en\/hommage-a-patrick-berman\/\" \/>\n<meta property=\"og:locale\" content=\"en_US\" \/>\n<meta property=\"og:type\" content=\"article\" \/>\n<meta property=\"og:title\" content=\"Tribute to Patrick Berman - Institut Europ\u00e9en des Musiques Juives\" \/>\n<meta property=\"og:description\" content=\"Patrick Berman, a volunteer and the treasurer of the European Institute of Jewish Music, passed away this Sunday, November 7, 2021.\" \/>\n<meta property=\"og:url\" content=\"https:\/\/www.iemj.org\/en\/hommage-a-patrick-berman\/\" \/>\n<meta property=\"og:site_name\" content=\"Institut Europ\u00e9en des Musiques Juives\" \/>\n<meta property=\"article:publisher\" content=\"https:\/\/www.facebook.com\/MusiquesJuives\/\" \/>\n<meta property=\"article:published_time\" content=\"2021-11-08T16:04:45+00:00\" \/>\n<meta property=\"article:modified_time\" content=\"2021-11-16T15:57:35+00:00\" \/>\n<meta property=\"og:image\" content=\"https:\/\/www.iemj.org\/wp-content\/uploads\/2021\/11\/photo-article-hommage-site-1-e1636387560473.jpg\" \/>\n\t<meta property=\"og:image:width\" content=\"585\" \/>\n\t<meta property=\"og:image:height\" content=\"685\" \/>\n\t<meta property=\"og:image:type\" content=\"image\/jpeg\" \/>\n<meta name=\"author\" content=\"Jacqueline ROTEN\" \/>\n<meta name=\"twitter:card\" content=\"summary_large_image\" \/>\n<meta name=\"twitter:label1\" content=\"Written by\" \/>\n\t<meta name=\"twitter:data1\" content=\"Jacqueline ROTEN\" \/>\n\t<meta name=\"twitter:label2\" content=\"Est. reading time\" \/>\n\t<meta name=\"twitter:data2\" content=\"3 minutes\" \/>\n<script type=\"application\/ld+json\" class=\"yoast-schema-graph\">{\"@context\":\"https:\\\/\\\/schema.org\",\"@graph\":[{\"@type\":\"Article\",\"@id\":\"https:\\\/\\\/www.iemj.org\\\/en\\\/hommage-a-patrick-berman\\\/#article\",\"isPartOf\":{\"@id\":\"https:\\\/\\\/www.iemj.org\\\/en\\\/hommage-a-patrick-berman\\\/\"},\"author\":{\"name\":\"Jacqueline ROTEN\",\"@id\":\"https:\\\/\\\/www.iemj.org\\\/en\\\/#\\\/schema\\\/person\\\/358e26c18aca017fcc4cc15437f7279c\"},\"headline\":\"Tribute to Patrick Berman\",\"datePublished\":\"2021-11-08T16:04:45+00:00\",\"dateModified\":\"2021-11-16T15:57:35+00:00\",\"mainEntityOfPage\":{\"@id\":\"https:\\\/\\\/www.iemj.org\\\/en\\\/hommage-a-patrick-berman\\\/\"},\"wordCount\":200,\"publisher\":{\"@id\":\"https:\\\/\\\/www.iemj.org\\\/en\\\/#organization\"},\"image\":{\"@id\":\"https:\\\/\\\/www.iemj.org\\\/en\\\/hommage-a-patrick-berman\\\/#primaryimage\"},\"thumbnailUrl\":\"https:\\\/\\\/www.iemj.org\\\/wp-content\\\/uploads\\\/2021\\\/11\\\/photo-article-hommage-site-1-e1636387560473.jpg\",\"articleSection\":[\"News\",\"The EIJM\"],\"inLanguage\":\"en-US\"},{\"@type\":\"WebPage\",\"@id\":\"https:\\\/\\\/www.iemj.org\\\/en\\\/hommage-a-patrick-berman\\\/\",\"url\":\"https:\\\/\\\/www.iemj.org\\\/en\\\/hommage-a-patrick-berman\\\/\",\"name\":\"Tribute to Patrick Berman - Institut Europ\u00e9en des Musiques Juives\",\"isPartOf\":{\"@id\":\"https:\\\/\\\/www.iemj.org\\\/en\\\/#website\"},\"primaryImageOfPage\":{\"@id\":\"https:\\\/\\\/www.iemj.org\\\/en\\\/hommage-a-patrick-berman\\\/#primaryimage\"},\"image\":{\"@id\":\"https:\\\/\\\/www.iemj.org\\\/en\\\/hommage-a-patrick-berman\\\/#primaryimage\"},\"thumbnailUrl\":\"https:\\\/\\\/www.iemj.org\\\/wp-content\\\/uploads\\\/2021\\\/11\\\/photo-article-hommage-site-1-e1636387560473.jpg\",\"datePublished\":\"2021-11-08T16:04:45+00:00\",\"dateModified\":\"2021-11-16T15:57:35+00:00\",\"breadcrumb\":{\"@id\":\"https:\\\/\\\/www.iemj.org\\\/en\\\/hommage-a-patrick-berman\\\/#breadcrumb\"},\"inLanguage\":\"en-US\",\"potentialAction\":[{\"@type\":\"ReadAction\",\"target\":[\"https:\\\/\\\/www.iemj.org\\\/en\\\/hommage-a-patrick-berman\\\/\"]}]},{\"@type\":\"ImageObject\",\"inLanguage\":\"en-US\",\"@id\":\"https:\\\/\\\/www.iemj.org\\\/en\\\/hommage-a-patrick-berman\\\/#primaryimage\",\"url\":\"https:\\\/\\\/www.iemj.org\\\/wp-content\\\/uploads\\\/2021\\\/11\\\/photo-article-hommage-site-1-e1636387560473.jpg\",\"contentUrl\":\"https:\\\/\\\/www.iemj.org\\\/wp-content\\\/uploads\\\/2021\\\/11\\\/photo-article-hommage-site-1-e1636387560473.jpg\",\"width\":585,\"height\":685},{\"@type\":\"BreadcrumbList\",\"@id\":\"https:\\\/\\\/www.iemj.org\\\/en\\\/hommage-a-patrick-berman\\\/#breadcrumb\",\"itemListElement\":[{\"@type\":\"ListItem\",\"position\":1,\"name\":\"Accueil\",\"item\":\"https:\\\/\\\/www.iemj.org\\\/en\\\/\"},{\"@type\":\"ListItem\",\"position\":2,\"name\":\"Tribute to Patrick Berman\"}]},{\"@type\":\"WebSite\",\"@id\":\"https:\\\/\\\/www.iemj.org\\\/en\\\/#website\",\"url\":\"https:\\\/\\\/www.iemj.org\\\/en\\\/\",\"name\":\"Institut Europ\u00e9en des Musiques Juives\",\"description\":\"Des traditions musicales \u00e0 la port\u00e9e de tous\",\"publisher\":{\"@id\":\"https:\\\/\\\/www.iemj.org\\\/en\\\/#organization\"},\"potentialAction\":[{\"@type\":\"SearchAction\",\"target\":{\"@type\":\"EntryPoint\",\"urlTemplate\":\"https:\\\/\\\/www.iemj.org\\\/en\\\/?s={search_term_string}\"},\"query-input\":{\"@type\":\"PropertyValueSpecification\",\"valueRequired\":true,\"valueName\":\"search_term_string\"}}],\"inLanguage\":\"en-US\"},{\"@type\":\"Organization\",\"@id\":\"https:\\\/\\\/www.iemj.org\\\/en\\\/#organization\",\"name\":\"Institut Europ\u00e9en des Musiques Juives\",\"url\":\"https:\\\/\\\/www.iemj.org\\\/en\\\/\",\"logo\":{\"@type\":\"ImageObject\",\"inLanguage\":\"en-US\",\"@id\":\"https:\\\/\\\/www.iemj.org\\\/en\\\/#\\\/schema\\\/logo\\\/image\\\/\",\"url\":\"https:\\\/\\\/www.iemj.org\\\/wp-content\\\/uploads\\\/2021\\\/09\\\/Logo-IEMJ-Paypal.jpg\",\"contentUrl\":\"https:\\\/\\\/www.iemj.org\\\/wp-content\\\/uploads\\\/2021\\\/09\\\/Logo-IEMJ-Paypal.jpg\",\"width\":150,\"height\":50,\"caption\":\"Institut Europ\u00e9en des Musiques Juives\"},\"image\":{\"@id\":\"https:\\\/\\\/www.iemj.org\\\/en\\\/#\\\/schema\\\/logo\\\/image\\\/\"},\"sameAs\":[\"https:\\\/\\\/www.facebook.com\\\/MusiquesJuives\\\/\",\"https:\\\/\\\/www.instagram.com\\\/musiquesjuives\\\/\",\"https:\\\/\\\/www.youtube.com\\\/user\\\/musiquesjuives\"]},{\"@type\":\"Person\",\"@id\":\"https:\\\/\\\/www.iemj.org\\\/en\\\/#\\\/schema\\\/person\\\/358e26c18aca017fcc4cc15437f7279c\",\"name\":\"Jacqueline ROTEN\",\"image\":{\"@type\":\"ImageObject\",\"inLanguage\":\"en-US\",\"@id\":\"https:\\\/\\\/secure.gravatar.com\\\/avatar\\\/5964256d6c6957de3a3505278957e0fb2a35119ac47ea41827a65301213c810b?s=96&d=mm&r=g\",\"url\":\"https:\\\/\\\/secure.gravatar.com\\\/avatar\\\/5964256d6c6957de3a3505278957e0fb2a35119ac47ea41827a65301213c810b?s=96&d=mm&r=g\",\"contentUrl\":\"https:\\\/\\\/secure.gravatar.com\\\/avatar\\\/5964256d6c6957de3a3505278957e0fb2a35119ac47ea41827a65301213c810b?s=96&d=mm&r=g\",\"caption\":\"Jacqueline ROTEN\"}}]}<\/script>\n<!-- \/ Yoast SEO plugin. -->","yoast_head_json":{"title":"Tribute to Patrick Berman - Institut Europ\u00e9en des Musiques Juives","robots":{"index":"index","follow":"follow","max-snippet":"max-snippet:-1","max-image-preview":"max-image-preview:large","max-video-preview":"max-video-preview:-1"},"canonical":"https:\/\/www.iemj.org\/en\/hommage-a-patrick-berman\/","og_locale":"en_US","og_type":"article","og_title":"Tribute to Patrick Berman - Institut Europ\u00e9en des Musiques Juives","og_description":"Patrick Berman, a volunteer and the treasurer of the European Institute of Jewish Music, passed away this Sunday, November 7, 2021.","og_url":"https:\/\/www.iemj.org\/en\/hommage-a-patrick-berman\/","og_site_name":"Institut Europ\u00e9en des Musiques Juives","article_publisher":"https:\/\/www.facebook.com\/MusiquesJuives\/","article_published_time":"2021-11-08T16:04:45+00:00","article_modified_time":"2021-11-16T15:57:35+00:00","og_image":[{"width":585,"height":685,"url":"https:\/\/www.iemj.org\/wp-content\/uploads\/2021\/11\/photo-article-hommage-site-1-e1636387560473.jpg","type":"image\/jpeg"}],"author":"Jacqueline ROTEN","twitter_card":"summary_large_image","twitter_misc":{"Written by":"Jacqueline ROTEN","Est. reading time":"3 minutes"},"schema":{"@context":"https:\/\/schema.org","@graph":[{"@type":"Article","@id":"https:\/\/www.iemj.org\/en\/hommage-a-patrick-berman\/#article","isPartOf":{"@id":"https:\/\/www.iemj.org\/en\/hommage-a-patrick-berman\/"},"author":{"name":"Jacqueline ROTEN","@id":"https:\/\/www.iemj.org\/en\/#\/schema\/person\/358e26c18aca017fcc4cc15437f7279c"},"headline":"Tribute to Patrick Berman","datePublished":"2021-11-08T16:04:45+00:00","dateModified":"2021-11-16T15:57:35+00:00","mainEntityOfPage":{"@id":"https:\/\/www.iemj.org\/en\/hommage-a-patrick-berman\/"},"wordCount":200,"publisher":{"@id":"https:\/\/www.iemj.org\/en\/#organization"},"image":{"@id":"https:\/\/www.iemj.org\/en\/hommage-a-patrick-berman\/#primaryimage"},"thumbnailUrl":"https:\/\/www.iemj.org\/wp-content\/uploads\/2021\/11\/photo-article-hommage-site-1-e1636387560473.jpg","articleSection":["News","The EIJM"],"inLanguage":"en-US"},{"@type":"WebPage","@id":"https:\/\/www.iemj.org\/en\/hommage-a-patrick-berman\/","url":"https:\/\/www.iemj.org\/en\/hommage-a-patrick-berman\/","name":"Tribute to Patrick Berman - Institut Europ\u00e9en des Musiques Juives","isPartOf":{"@id":"https:\/\/www.iemj.org\/en\/#website"},"primaryImageOfPage":{"@id":"https:\/\/www.iemj.org\/en\/hommage-a-patrick-berman\/#primaryimage"},"image":{"@id":"https:\/\/www.iemj.org\/en\/hommage-a-patrick-berman\/#primaryimage"},"thumbnailUrl":"https:\/\/www.iemj.org\/wp-content\/uploads\/2021\/11\/photo-article-hommage-site-1-e1636387560473.jpg","datePublished":"2021-11-08T16:04:45+00:00","dateModified":"2021-11-16T15:57:35+00:00","breadcrumb":{"@id":"https:\/\/www.iemj.org\/en\/hommage-a-patrick-berman\/#breadcrumb"},"inLanguage":"en-US","potentialAction":[{"@type":"ReadAction","target":["https:\/\/www.iemj.org\/en\/hommage-a-patrick-berman\/"]}]},{"@type":"ImageObject","inLanguage":"en-US","@id":"https:\/\/www.iemj.org\/en\/hommage-a-patrick-berman\/#primaryimage","url":"https:\/\/www.iemj.org\/wp-content\/uploads\/2021\/11\/photo-article-hommage-site-1-e1636387560473.jpg","contentUrl":"https:\/\/www.iemj.org\/wp-content\/uploads\/2021\/11\/photo-article-hommage-site-1-e1636387560473.jpg","width":585,"height":685},{"@type":"BreadcrumbList","@id":"https:\/\/www.iemj.org\/en\/hommage-a-patrick-berman\/#breadcrumb","itemListElement":[{"@type":"ListItem","position":1,"name":"Accueil","item":"https:\/\/www.iemj.org\/en\/"},{"@type":"ListItem","position":2,"name":"Tribute to Patrick Berman"}]},{"@type":"WebSite","@id":"https:\/\/www.iemj.org\/en\/#website","url":"https:\/\/www.iemj.org\/en\/","name":"Institut Europ\u00e9en des Musiques Juives","description":"Des traditions musicales \u00e0 la port\u00e9e de tous","publisher":{"@id":"https:\/\/www.iemj.org\/en\/#organization"},"potentialAction":[{"@type":"SearchAction","target":{"@type":"EntryPoint","urlTemplate":"https:\/\/www.iemj.org\/en\/?s={search_term_string}"},"query-input":{"@type":"PropertyValueSpecification","valueRequired":true,"valueName":"search_term_string"}}],"inLanguage":"en-US"},{"@type":"Organization","@id":"https:\/\/www.iemj.org\/en\/#organization","name":"Institut Europ\u00e9en des Musiques Juives","url":"https:\/\/www.iemj.org\/en\/","logo":{"@type":"ImageObject","inLanguage":"en-US","@id":"https:\/\/www.iemj.org\/en\/#\/schema\/logo\/image\/","url":"https:\/\/www.iemj.org\/wp-content\/uploads\/2021\/09\/Logo-IEMJ-Paypal.jpg","contentUrl":"https:\/\/www.iemj.org\/wp-content\/uploads\/2021\/09\/Logo-IEMJ-Paypal.jpg","width":150,"height":50,"caption":"Institut Europ\u00e9en des Musiques Juives"},"image":{"@id":"https:\/\/www.iemj.org\/en\/#\/schema\/logo\/image\/"},"sameAs":["https:\/\/www.facebook.com\/MusiquesJuives\/","https:\/\/www.instagram.com\/musiquesjuives\/","https:\/\/www.youtube.com\/user\/musiquesjuives"]},{"@type":"Person","@id":"https:\/\/www.iemj.org\/en\/#\/schema\/person\/358e26c18aca017fcc4cc15437f7279c","name":"Jacqueline ROTEN","image":{"@type":"ImageObject","inLanguage":"en-US","@id":"https:\/\/secure.gravatar.com\/avatar\/5964256d6c6957de3a3505278957e0fb2a35119ac47ea41827a65301213c810b?s=96&d=mm&r=g","url":"https:\/\/secure.gravatar.com\/avatar\/5964256d6c6957de3a3505278957e0fb2a35119ac47ea41827a65301213c810b?s=96&d=mm&r=g","contentUrl":"https:\/\/secure.gravatar.com\/avatar\/5964256d6c6957de3a3505278957e0fb2a35119ac47ea41827a65301213c810b?s=96&d=mm&r=g","caption":"Jacqueline ROTEN"}}]}},"_links":{"self":[{"href":"https:\/\/www.iemj.org\/en\/wp-json\/wp\/v2\/posts\/71038","targetHints":{"allow":["GET"]}}],"collection":[{"href":"https:\/\/www.iemj.org\/en\/wp-json\/wp\/v2\/posts"}],"about":[{"href":"https:\/\/www.iemj.org\/en\/wp-json\/wp\/v2\/types\/post"}],"author":[{"embeddable":true,"href":"https:\/\/www.iemj.org\/en\/wp-json\/wp\/v2\/users\/5"}],"replies":[{"embeddable":true,"href":"https:\/\/www.iemj.org\/en\/wp-json\/wp\/v2\/comments?post=71038"}],"version-history":[{"count":0,"href":"https:\/\/www.iemj.org\/en\/wp-json\/wp\/v2\/posts\/71038\/revisions"}],"wp:featuredmedia":[{"embeddable":true,"href":"https:\/\/www.iemj.org\/en\/wp-json\/wp\/v2\/media\/70978"}],"wp:attachment":[{"href":"https:\/\/www.iemj.org\/en\/wp-json\/wp\/v2\/media?parent=71038"}],"wp:term":[{"taxonomy":"category","embeddable":true,"href":"https:\/\/www.iemj.org\/en\/wp-json\/wp\/v2\/categories?post=71038"},{"taxonomy":"post_tag","embeddable":true,"href":"https:\/\/www.iemj.org\/en\/wp-json\/wp\/v2\/tags?post=71038"},{"taxonomy":"technique","embeddable":true,"href":"https:\/\/www.iemj.org\/en\/wp-json\/wp\/v2\/technique?post=71038"},{"taxonomy":"squelettes","embeddable":true,"href":"https:\/\/www.iemj.org\/en\/wp-json\/wp\/v2\/squelettes?post=71038"},{"taxonomy":"sujet","embeddable":true,"href":"https:\/\/www.iemj.org\/en\/wp-json\/wp\/v2\/sujet?post=71038"},{"taxonomy":"formation","embeddable":true,"href":"https:\/\/www.iemj.org\/en\/wp-json\/wp\/v2\/formation?post=71038"},{"taxonomy":"genre","embeddable":true,"href":"https:\/\/www.iemj.org\/en\/wp-json\/wp\/v2\/genre?post=71038"},{"taxonomy":"fonds","embeddable":true,"href":"https:\/\/www.iemj.org\/en\/wp-json\/wp\/v2\/fonds?post=71038"},{"taxonomy":"tradition","embeddable":true,"href":"https:\/\/www.iemj.org\/en\/wp-json\/wp\/v2\/tradition?post=71038"},{"taxonomy":"type-de-contenu","embeddable":true,"href":"https:\/\/www.iemj.org\/en\/wp-json\/wp\/v2\/type-de-contenu?post=71038"},{"taxonomy":"interprete-compositeur","embeddable":true,"href":"https:\/\/www.iemj.org\/en\/wp-json\/wp\/v2\/interprete-compositeur?post=71038"},{"taxonomy":"frise","embeddable":true,"href":"https:\/\/www.iemj.org\/en\/wp-json\/wp\/v2\/frise?post=71038"},{"taxonomy":"type-devenement","embeddable":true,"href":"https:\/\/www.iemj.org\/en\/wp-json\/wp\/v2\/type-devenement?post=71038"},{"taxonomy":"tableaux-liens-externes","embeddable":true,"href":"https:\/\/www.iemj.org\/en\/wp-json\/wp\/v2\/tableaux-liens-externes?post=71038"}],"curies":[{"name":"wp","href":"https:\/\/api.w.org\/{rel}","templated":true}]}}