{"id":77888,"date":"2022-01-19T10:36:01","date_gmt":"2022-01-19T09:36:01","guid":{"rendered":"https:\/\/www.iemj.org\/krein-alexander-1883-1951\/"},"modified":"2022-01-25T17:18:15","modified_gmt":"2022-01-25T16:18:15","slug":"krein-alexander-1883-1951","status":"publish","type":"post","link":"https:\/\/www.iemj.org\/en\/krein-alexander-1883-1951\/","title":{"rendered":"KREIN, ALEXANDER (1883-1951)"},"content":{"rendered":"<p>Alexander Krein (Aleksander Abramovi\u010d Krejn) was born on October 20, 1883 in the Russian city of Nizhny Novgorod.&nbsp; His father, Abraham, was a violinist with a passion for Jewish music, and seven of his ten children became professional musicians. After spending his childhood playing klezmer music in his father\u2019s orchestra, Alexander Krein enrolled in the cello class of the Moscow Conservatory at the age of thirteen.&nbsp; He then studied musical theory and composition under the composers Sergey Taneyev and Boleslav Yavorsky. He obtained his diploma in 1908 and developed an especially original style of composition, which combined the harmonic language of modern composers, such as Debussy, Ravel and Scriabin, with melodies and modes of Jewish folk music, as testifies the composition of his two <em>Evreiskie eskizi <\/em>(<em>Jewish Sketches<\/em>) for clarinet and string quartet (1909 and 1910), based on his father\u2019s klezmer repertoire, and commissioned by the composer <a href=\"https:\/\/www.iemj.org\/en\/engel-joel-1868-1927\/\" target=\"_blank\" rel=\"noopener\">Joel Engel<\/a>.<\/p>\n<p>Following the success of his works, Krein played a major role in the emergence of a Jewish national music as a composer and as an active member of the Moscow branch of the Society for Jewish Folk Music (1913-1919) and of its successor organization, the Society for Jewish Music (1923-1929).<\/p>\n<p>After 1917, he composed numerous pieces, especially for the Hebrew Theatre Habima in Moscow and for the Yiddish theatres in Ukraine and Belorussia.&nbsp; During the 1920s, he wrote several important works, among which the symphonic cantata <em>Kaddish<\/em> (1921), the <em>First Piano Sonata <\/em>(1922) and the <em>First Symphony<\/em> (1922-1925).<\/p>\n<p>In his compositions, Krein employed melodic improvisation and recitative rhythms from Eastern European Jewish folk and liturgical melodies to give his compositions a unique character, as can be heard in his<em> Jewish Melody for cello and piano<\/em>, Op. 43, composed in 1928.<\/p>\n<p>While the Communist regime was becoming increasingly restrictive in terms of ideology at the end of the 1920s and in the 1930s, Krein made an effort to conciliate his art with the growing political pressure.&nbsp; Despite evident political compromises, such as the cantata<em> Funeral Ode in Memory of Lenin<\/em> (1926) and the symphonic oratorio <em>Shock Brigade of the World Proletariat of the USSR<\/em> (1932), Krein continued to explore Jewish musical and literary themes in his work until the 1940s.&nbsp; His opera <em>Zagmuk<\/em> (1929), which deals with the Jewish insurrection in ancient Babylon, was the first Soviet opera staged at the Bolshoi Theatre in Moscow (1930).&nbsp; In 1934, he received the honorary title:&nbsp; \u201cDistinguished Artist of the Russian Federation\u201d.<\/p>\n<p>Krein composed the music for the productions of the State Yiddish Theatre in Moscow until 1941, and his <em>Second Symphony <\/em>(1945) is a meditation on the historic sufferings of the Jewish people from ancient times up until the Holocaust.<\/p>\n\n\n<p>Sources: Loeffler, James,&nbsp;<a href=\"https:\/\/www.universaledition.com\/alexander-krein-2517#biography\" target=\"_blank\" rel=\"noreferrer noopener\">Pro Musica Hebraica<\/a><\/p>\n\n\n\n<p><\/p>\n\n\n\n<p><strong><a href=\"http:\/\/www.rachelnet.net\/F\/?func=find-c&amp;ccl_term=WRD+%3D+Krein+Alexander+OU+WRD+%3D+Krein+Aleksander&amp;local_base=iemcg\" target=\"_blank\" rel=\"noreferrer noopener\">Browse our archives on Alexander Krein<\/a><\/strong><\/p>\n\n\n\n<figure class=\"wp-block-embed is-type-video is-provider-youtube wp-block-embed-youtube wp-embed-aspect-16-9 wp-has-aspect-ratio\"><div class=\"wp-block-embed__wrapper\">\n<iframe title=\"Alexander Krein, Esquisses H\u00e9bra\u00efques pour clarinette et quintette a cordes\" width=\"640\" height=\"360\" src=\"https:\/\/www.youtube.com\/embed\/AZ9Im6THyZA?feature=oembed\" frameborder=\"0\" allow=\"accelerometer; autoplay; clipboard-write; encrypted-media; gyroscope; picture-in-picture; web-share\" referrerpolicy=\"strict-origin-when-cross-origin\" allowfullscreen><\/iframe>\n<\/div><\/figure>\n\n\n\n<figure class=\"wp-block-embed is-type-video is-provider-youtube wp-block-embed-youtube wp-embed-aspect-16-9 wp-has-aspect-ratio\"><div class=\"wp-block-embed__wrapper\">\n<iframe title=\"Alexander Krein: 10 Yiddish Songs performed by Lucy Fitz Gibbon and Ryan MacEvoy McCullough\" width=\"640\" height=\"360\" src=\"https:\/\/www.youtube.com\/embed\/0jTZwuu7ON8?feature=oembed\" frameborder=\"0\" allow=\"accelerometer; autoplay; clipboard-write; encrypted-media; gyroscope; picture-in-picture; web-share\" referrerpolicy=\"strict-origin-when-cross-origin\" allowfullscreen><\/iframe>\n<\/div><\/figure>\n","protected":false},"excerpt":{"rendered":"<p>Alexander Krein (Aleksander Abramovi\u010d Krejn) was born on October 20, 1883 in the Russian city of Nizhny Novgorod.&nbsp; His father, Abraham, was a violinist with a passion for Jewish music,<\/p>\n","protected":false},"author":1045,"featured_media":77819,"comment_status":"closed","ping_status":"closed","sticky":false,"template":"","format":"standard","meta":{"_acf_changed":false,"footnotes":""},"categories":[903],"tags":[],"technique":[],"squelettes":[],"sujet":[],"formation":[],"genre":[],"fonds":[],"tradition":[],"type-de-contenu":[],"interprete-compositeur":[],"frise":[],"type-devenement":[],"tableaux-liens-externes":[],"class_list":["post-77888","post","type-post","status-publish","format-standard","has-post-thumbnail","hentry","category-biographies-en"],"acf":[],"yoast_head":"<!-- This site is optimized with the Yoast SEO plugin v27.3 - https:\/\/yoast.com\/product\/yoast-seo-wordpress\/ -->\n<title>KREIN, ALEXANDER (1883-1951) - Institut Europ\u00e9en des Musiques Juives<\/title>\n<meta name=\"robots\" content=\"index, follow, max-snippet:-1, max-image-preview:large, max-video-preview:-1\" \/>\n<link rel=\"canonical\" href=\"https:\/\/www.iemj.org\/en\/krein-alexander-1883-1951\/\" \/>\n<meta property=\"og:locale\" content=\"en_US\" \/>\n<meta property=\"og:type\" content=\"article\" \/>\n<meta property=\"og:title\" content=\"KREIN, ALEXANDER (1883-1951) - Institut Europ\u00e9en des Musiques Juives\" \/>\n<meta property=\"og:description\" content=\"Alexander Krein (Aleksander Abramovi\u010d Krejn) was born on October 20, 1883 in the Russian city of Nizhny Novgorod.&nbsp; His father, Abraham, was a violinist with a passion for Jewish music,\" \/>\n<meta property=\"og:url\" content=\"https:\/\/www.iemj.org\/en\/krein-alexander-1883-1951\/\" \/>\n<meta property=\"og:site_name\" content=\"Institut Europ\u00e9en des Musiques Juives\" \/>\n<meta property=\"article:publisher\" content=\"https:\/\/www.facebook.com\/MusiquesJuives\/\" \/>\n<meta property=\"article:published_time\" content=\"2022-01-19T09:36:01+00:00\" \/>\n<meta property=\"article:modified_time\" content=\"2022-01-25T16:18:15+00:00\" \/>\n<meta property=\"og:image\" content=\"https:\/\/www.iemj.org\/wp-content\/uploads\/2022\/01\/Alexander-Krein-e1643127464581.jpg\" \/>\n\t<meta property=\"og:image:width\" content=\"241\" \/>\n\t<meta property=\"og:image:height\" content=\"218\" \/>\n\t<meta property=\"og:image:type\" content=\"image\/jpeg\" \/>\n<meta name=\"author\" content=\"Herv\u00e9 Roten\" \/>\n<meta name=\"twitter:card\" content=\"summary_large_image\" \/>\n<meta name=\"twitter:label1\" content=\"Written by\" \/>\n\t<meta name=\"twitter:data1\" content=\"Herv\u00e9 Roten\" \/>\n\t<meta name=\"twitter:label2\" content=\"Est. reading time\" \/>\n\t<meta name=\"twitter:data2\" content=\"3 minutes\" \/>\n<script type=\"application\/ld+json\" class=\"yoast-schema-graph\">{\"@context\":\"https:\\\/\\\/schema.org\",\"@graph\":[{\"@type\":\"Article\",\"@id\":\"https:\\\/\\\/www.iemj.org\\\/en\\\/krein-alexander-1883-1951\\\/#article\",\"isPartOf\":{\"@id\":\"https:\\\/\\\/www.iemj.org\\\/en\\\/krein-alexander-1883-1951\\\/\"},\"author\":{\"name\":\"Herv\u00e9 Roten\",\"@id\":\"https:\\\/\\\/www.iemj.org\\\/en\\\/#\\\/schema\\\/person\\\/906134402c29d5c76e7b726261dd4bbd\"},\"headline\":\"KREIN, ALEXANDER (1883-1951)\",\"datePublished\":\"2022-01-19T09:36:01+00:00\",\"dateModified\":\"2022-01-25T16:18:15+00:00\",\"mainEntityOfPage\":{\"@id\":\"https:\\\/\\\/www.iemj.org\\\/en\\\/krein-alexander-1883-1951\\\/\"},\"wordCount\":465,\"publisher\":{\"@id\":\"https:\\\/\\\/www.iemj.org\\\/en\\\/#organization\"},\"image\":{\"@id\":\"https:\\\/\\\/www.iemj.org\\\/en\\\/krein-alexander-1883-1951\\\/#primaryimage\"},\"thumbnailUrl\":\"https:\\\/\\\/www.iemj.org\\\/wp-content\\\/uploads\\\/2022\\\/01\\\/Alexander-Krein-e1643127464581.jpg\",\"articleSection\":[\"Biographies\"],\"inLanguage\":\"en-US\"},{\"@type\":\"WebPage\",\"@id\":\"https:\\\/\\\/www.iemj.org\\\/en\\\/krein-alexander-1883-1951\\\/\",\"url\":\"https:\\\/\\\/www.iemj.org\\\/en\\\/krein-alexander-1883-1951\\\/\",\"name\":\"KREIN, ALEXANDER (1883-1951) - Institut Europ\u00e9en des Musiques Juives\",\"isPartOf\":{\"@id\":\"https:\\\/\\\/www.iemj.org\\\/en\\\/#website\"},\"primaryImageOfPage\":{\"@id\":\"https:\\\/\\\/www.iemj.org\\\/en\\\/krein-alexander-1883-1951\\\/#primaryimage\"},\"image\":{\"@id\":\"https:\\\/\\\/www.iemj.org\\\/en\\\/krein-alexander-1883-1951\\\/#primaryimage\"},\"thumbnailUrl\":\"https:\\\/\\\/www.iemj.org\\\/wp-content\\\/uploads\\\/2022\\\/01\\\/Alexander-Krein-e1643127464581.jpg\",\"datePublished\":\"2022-01-19T09:36:01+00:00\",\"dateModified\":\"2022-01-25T16:18:15+00:00\",\"breadcrumb\":{\"@id\":\"https:\\\/\\\/www.iemj.org\\\/en\\\/krein-alexander-1883-1951\\\/#breadcrumb\"},\"inLanguage\":\"en-US\",\"potentialAction\":[{\"@type\":\"ReadAction\",\"target\":[\"https:\\\/\\\/www.iemj.org\\\/en\\\/krein-alexander-1883-1951\\\/\"]}]},{\"@type\":\"ImageObject\",\"inLanguage\":\"en-US\",\"@id\":\"https:\\\/\\\/www.iemj.org\\\/en\\\/krein-alexander-1883-1951\\\/#primaryimage\",\"url\":\"https:\\\/\\\/www.iemj.org\\\/wp-content\\\/uploads\\\/2022\\\/01\\\/Alexander-Krein-e1643127464581.jpg\",\"contentUrl\":\"https:\\\/\\\/www.iemj.org\\\/wp-content\\\/uploads\\\/2022\\\/01\\\/Alexander-Krein-e1643127464581.jpg\",\"width\":241,\"height\":218},{\"@type\":\"BreadcrumbList\",\"@id\":\"https:\\\/\\\/www.iemj.org\\\/en\\\/krein-alexander-1883-1951\\\/#breadcrumb\",\"itemListElement\":[{\"@type\":\"ListItem\",\"position\":1,\"name\":\"Accueil\",\"item\":\"https:\\\/\\\/www.iemj.org\\\/en\\\/\"},{\"@type\":\"ListItem\",\"position\":2,\"name\":\"KREIN, ALEXANDER (1883-1951)\"}]},{\"@type\":\"WebSite\",\"@id\":\"https:\\\/\\\/www.iemj.org\\\/en\\\/#website\",\"url\":\"https:\\\/\\\/www.iemj.org\\\/en\\\/\",\"name\":\"Institut Europ\u00e9en des Musiques Juives\",\"description\":\"Des traditions musicales \u00e0 la port\u00e9e de tous\",\"publisher\":{\"@id\":\"https:\\\/\\\/www.iemj.org\\\/en\\\/#organization\"},\"potentialAction\":[{\"@type\":\"SearchAction\",\"target\":{\"@type\":\"EntryPoint\",\"urlTemplate\":\"https:\\\/\\\/www.iemj.org\\\/en\\\/?s={search_term_string}\"},\"query-input\":{\"@type\":\"PropertyValueSpecification\",\"valueRequired\":true,\"valueName\":\"search_term_string\"}}],\"inLanguage\":\"en-US\"},{\"@type\":\"Organization\",\"@id\":\"https:\\\/\\\/www.iemj.org\\\/en\\\/#organization\",\"name\":\"Institut Europ\u00e9en des Musiques Juives\",\"url\":\"https:\\\/\\\/www.iemj.org\\\/en\\\/\",\"logo\":{\"@type\":\"ImageObject\",\"inLanguage\":\"en-US\",\"@id\":\"https:\\\/\\\/www.iemj.org\\\/en\\\/#\\\/schema\\\/logo\\\/image\\\/\",\"url\":\"https:\\\/\\\/www.iemj.org\\\/wp-content\\\/uploads\\\/2021\\\/09\\\/Logo-IEMJ-Paypal.jpg\",\"contentUrl\":\"https:\\\/\\\/www.iemj.org\\\/wp-content\\\/uploads\\\/2021\\\/09\\\/Logo-IEMJ-Paypal.jpg\",\"width\":150,\"height\":50,\"caption\":\"Institut Europ\u00e9en des Musiques Juives\"},\"image\":{\"@id\":\"https:\\\/\\\/www.iemj.org\\\/en\\\/#\\\/schema\\\/logo\\\/image\\\/\"},\"sameAs\":[\"https:\\\/\\\/www.facebook.com\\\/MusiquesJuives\\\/\",\"https:\\\/\\\/www.instagram.com\\\/musiquesjuives\\\/\",\"https:\\\/\\\/www.youtube.com\\\/user\\\/musiquesjuives\"]},{\"@type\":\"Person\",\"@id\":\"https:\\\/\\\/www.iemj.org\\\/en\\\/#\\\/schema\\\/person\\\/906134402c29d5c76e7b726261dd4bbd\",\"name\":\"Herv\u00e9 Roten\",\"image\":{\"@type\":\"ImageObject\",\"inLanguage\":\"en-US\",\"@id\":\"https:\\\/\\\/secure.gravatar.com\\\/avatar\\\/f96ad2db538a26481f18384936b5cd0610c92d390c4dc382209216d455f685ff?s=96&d=mm&r=g\",\"url\":\"https:\\\/\\\/secure.gravatar.com\\\/avatar\\\/f96ad2db538a26481f18384936b5cd0610c92d390c4dc382209216d455f685ff?s=96&d=mm&r=g\",\"contentUrl\":\"https:\\\/\\\/secure.gravatar.com\\\/avatar\\\/f96ad2db538a26481f18384936b5cd0610c92d390c4dc382209216d455f685ff?s=96&d=mm&r=g\",\"caption\":\"Herv\u00e9 Roten\"}}]}<\/script>\n<!-- \/ Yoast SEO plugin. -->","yoast_head_json":{"title":"KREIN, ALEXANDER (1883-1951) - Institut Europ\u00e9en des Musiques Juives","robots":{"index":"index","follow":"follow","max-snippet":"max-snippet:-1","max-image-preview":"max-image-preview:large","max-video-preview":"max-video-preview:-1"},"canonical":"https:\/\/www.iemj.org\/en\/krein-alexander-1883-1951\/","og_locale":"en_US","og_type":"article","og_title":"KREIN, ALEXANDER (1883-1951) - Institut Europ\u00e9en des Musiques Juives","og_description":"Alexander Krein (Aleksander Abramovi\u010d Krejn) was born on October 20, 1883 in the Russian city of Nizhny Novgorod.&nbsp; His father, Abraham, was a violinist with a passion for Jewish music,","og_url":"https:\/\/www.iemj.org\/en\/krein-alexander-1883-1951\/","og_site_name":"Institut Europ\u00e9en des Musiques Juives","article_publisher":"https:\/\/www.facebook.com\/MusiquesJuives\/","article_published_time":"2022-01-19T09:36:01+00:00","article_modified_time":"2022-01-25T16:18:15+00:00","og_image":[{"width":241,"height":218,"url":"https:\/\/www.iemj.org\/wp-content\/uploads\/2022\/01\/Alexander-Krein-e1643127464581.jpg","type":"image\/jpeg"}],"author":"Herv\u00e9 Roten","twitter_card":"summary_large_image","twitter_misc":{"Written by":"Herv\u00e9 Roten","Est. reading time":"3 minutes"},"schema":{"@context":"https:\/\/schema.org","@graph":[{"@type":"Article","@id":"https:\/\/www.iemj.org\/en\/krein-alexander-1883-1951\/#article","isPartOf":{"@id":"https:\/\/www.iemj.org\/en\/krein-alexander-1883-1951\/"},"author":{"name":"Herv\u00e9 Roten","@id":"https:\/\/www.iemj.org\/en\/#\/schema\/person\/906134402c29d5c76e7b726261dd4bbd"},"headline":"KREIN, ALEXANDER (1883-1951)","datePublished":"2022-01-19T09:36:01+00:00","dateModified":"2022-01-25T16:18:15+00:00","mainEntityOfPage":{"@id":"https:\/\/www.iemj.org\/en\/krein-alexander-1883-1951\/"},"wordCount":465,"publisher":{"@id":"https:\/\/www.iemj.org\/en\/#organization"},"image":{"@id":"https:\/\/www.iemj.org\/en\/krein-alexander-1883-1951\/#primaryimage"},"thumbnailUrl":"https:\/\/www.iemj.org\/wp-content\/uploads\/2022\/01\/Alexander-Krein-e1643127464581.jpg","articleSection":["Biographies"],"inLanguage":"en-US"},{"@type":"WebPage","@id":"https:\/\/www.iemj.org\/en\/krein-alexander-1883-1951\/","url":"https:\/\/www.iemj.org\/en\/krein-alexander-1883-1951\/","name":"KREIN, ALEXANDER (1883-1951) - Institut Europ\u00e9en des Musiques Juives","isPartOf":{"@id":"https:\/\/www.iemj.org\/en\/#website"},"primaryImageOfPage":{"@id":"https:\/\/www.iemj.org\/en\/krein-alexander-1883-1951\/#primaryimage"},"image":{"@id":"https:\/\/www.iemj.org\/en\/krein-alexander-1883-1951\/#primaryimage"},"thumbnailUrl":"https:\/\/www.iemj.org\/wp-content\/uploads\/2022\/01\/Alexander-Krein-e1643127464581.jpg","datePublished":"2022-01-19T09:36:01+00:00","dateModified":"2022-01-25T16:18:15+00:00","breadcrumb":{"@id":"https:\/\/www.iemj.org\/en\/krein-alexander-1883-1951\/#breadcrumb"},"inLanguage":"en-US","potentialAction":[{"@type":"ReadAction","target":["https:\/\/www.iemj.org\/en\/krein-alexander-1883-1951\/"]}]},{"@type":"ImageObject","inLanguage":"en-US","@id":"https:\/\/www.iemj.org\/en\/krein-alexander-1883-1951\/#primaryimage","url":"https:\/\/www.iemj.org\/wp-content\/uploads\/2022\/01\/Alexander-Krein-e1643127464581.jpg","contentUrl":"https:\/\/www.iemj.org\/wp-content\/uploads\/2022\/01\/Alexander-Krein-e1643127464581.jpg","width":241,"height":218},{"@type":"BreadcrumbList","@id":"https:\/\/www.iemj.org\/en\/krein-alexander-1883-1951\/#breadcrumb","itemListElement":[{"@type":"ListItem","position":1,"name":"Accueil","item":"https:\/\/www.iemj.org\/en\/"},{"@type":"ListItem","position":2,"name":"KREIN, ALEXANDER (1883-1951)"}]},{"@type":"WebSite","@id":"https:\/\/www.iemj.org\/en\/#website","url":"https:\/\/www.iemj.org\/en\/","name":"Institut Europ\u00e9en des Musiques Juives","description":"Des traditions musicales \u00e0 la port\u00e9e de tous","publisher":{"@id":"https:\/\/www.iemj.org\/en\/#organization"},"potentialAction":[{"@type":"SearchAction","target":{"@type":"EntryPoint","urlTemplate":"https:\/\/www.iemj.org\/en\/?s={search_term_string}"},"query-input":{"@type":"PropertyValueSpecification","valueRequired":true,"valueName":"search_term_string"}}],"inLanguage":"en-US"},{"@type":"Organization","@id":"https:\/\/www.iemj.org\/en\/#organization","name":"Institut Europ\u00e9en des Musiques Juives","url":"https:\/\/www.iemj.org\/en\/","logo":{"@type":"ImageObject","inLanguage":"en-US","@id":"https:\/\/www.iemj.org\/en\/#\/schema\/logo\/image\/","url":"https:\/\/www.iemj.org\/wp-content\/uploads\/2021\/09\/Logo-IEMJ-Paypal.jpg","contentUrl":"https:\/\/www.iemj.org\/wp-content\/uploads\/2021\/09\/Logo-IEMJ-Paypal.jpg","width":150,"height":50,"caption":"Institut Europ\u00e9en des Musiques Juives"},"image":{"@id":"https:\/\/www.iemj.org\/en\/#\/schema\/logo\/image\/"},"sameAs":["https:\/\/www.facebook.com\/MusiquesJuives\/","https:\/\/www.instagram.com\/musiquesjuives\/","https:\/\/www.youtube.com\/user\/musiquesjuives"]},{"@type":"Person","@id":"https:\/\/www.iemj.org\/en\/#\/schema\/person\/906134402c29d5c76e7b726261dd4bbd","name":"Herv\u00e9 Roten","image":{"@type":"ImageObject","inLanguage":"en-US","@id":"https:\/\/secure.gravatar.com\/avatar\/f96ad2db538a26481f18384936b5cd0610c92d390c4dc382209216d455f685ff?s=96&d=mm&r=g","url":"https:\/\/secure.gravatar.com\/avatar\/f96ad2db538a26481f18384936b5cd0610c92d390c4dc382209216d455f685ff?s=96&d=mm&r=g","contentUrl":"https:\/\/secure.gravatar.com\/avatar\/f96ad2db538a26481f18384936b5cd0610c92d390c4dc382209216d455f685ff?s=96&d=mm&r=g","caption":"Herv\u00e9 Roten"}}]}},"_links":{"self":[{"href":"https:\/\/www.iemj.org\/en\/wp-json\/wp\/v2\/posts\/77888","targetHints":{"allow":["GET"]}}],"collection":[{"href":"https:\/\/www.iemj.org\/en\/wp-json\/wp\/v2\/posts"}],"about":[{"href":"https:\/\/www.iemj.org\/en\/wp-json\/wp\/v2\/types\/post"}],"author":[{"embeddable":true,"href":"https:\/\/www.iemj.org\/en\/wp-json\/wp\/v2\/users\/1045"}],"replies":[{"embeddable":true,"href":"https:\/\/www.iemj.org\/en\/wp-json\/wp\/v2\/comments?post=77888"}],"version-history":[{"count":0,"href":"https:\/\/www.iemj.org\/en\/wp-json\/wp\/v2\/posts\/77888\/revisions"}],"wp:featuredmedia":[{"embeddable":true,"href":"https:\/\/www.iemj.org\/en\/wp-json\/wp\/v2\/media\/77819"}],"wp:attachment":[{"href":"https:\/\/www.iemj.org\/en\/wp-json\/wp\/v2\/media?parent=77888"}],"wp:term":[{"taxonomy":"category","embeddable":true,"href":"https:\/\/www.iemj.org\/en\/wp-json\/wp\/v2\/categories?post=77888"},{"taxonomy":"post_tag","embeddable":true,"href":"https:\/\/www.iemj.org\/en\/wp-json\/wp\/v2\/tags?post=77888"},{"taxonomy":"technique","embeddable":true,"href":"https:\/\/www.iemj.org\/en\/wp-json\/wp\/v2\/technique?post=77888"},{"taxonomy":"squelettes","embeddable":true,"href":"https:\/\/www.iemj.org\/en\/wp-json\/wp\/v2\/squelettes?post=77888"},{"taxonomy":"sujet","embeddable":true,"href":"https:\/\/www.iemj.org\/en\/wp-json\/wp\/v2\/sujet?post=77888"},{"taxonomy":"formation","embeddable":true,"href":"https:\/\/www.iemj.org\/en\/wp-json\/wp\/v2\/formation?post=77888"},{"taxonomy":"genre","embeddable":true,"href":"https:\/\/www.iemj.org\/en\/wp-json\/wp\/v2\/genre?post=77888"},{"taxonomy":"fonds","embeddable":true,"href":"https:\/\/www.iemj.org\/en\/wp-json\/wp\/v2\/fonds?post=77888"},{"taxonomy":"tradition","embeddable":true,"href":"https:\/\/www.iemj.org\/en\/wp-json\/wp\/v2\/tradition?post=77888"},{"taxonomy":"type-de-contenu","embeddable":true,"href":"https:\/\/www.iemj.org\/en\/wp-json\/wp\/v2\/type-de-contenu?post=77888"},{"taxonomy":"interprete-compositeur","embeddable":true,"href":"https:\/\/www.iemj.org\/en\/wp-json\/wp\/v2\/interprete-compositeur?post=77888"},{"taxonomy":"frise","embeddable":true,"href":"https:\/\/www.iemj.org\/en\/wp-json\/wp\/v2\/frise?post=77888"},{"taxonomy":"type-devenement","embeddable":true,"href":"https:\/\/www.iemj.org\/en\/wp-json\/wp\/v2\/type-devenement?post=77888"},{"taxonomy":"tableaux-liens-externes","embeddable":true,"href":"https:\/\/www.iemj.org\/en\/wp-json\/wp\/v2\/tableaux-liens-externes?post=77888"}],"curies":[{"name":"wp","href":"https:\/\/api.w.org\/{rel}","templated":true}]}}