{"id":78501,"date":"2022-01-25T16:07:43","date_gmt":"2022-01-25T15:07:43","guid":{"rendered":"https:\/\/www.iemj.org\/dyck-vladimir-1882-1943\/"},"modified":"2022-01-27T10:23:07","modified_gmt":"2022-01-27T09:23:07","slug":"dyck-vladimir-1882-1943","status":"publish","type":"post","link":"https:\/\/www.iemj.org\/en\/dyck-vladimir-1882-1943\/","title":{"rendered":"DYCK, VLADIMIR (1882-1943)"},"content":{"rendered":"<p>The biography of this composer, who was born on March 19, 1882 in Odessa and died in Auschwitz in 1943, still remains incomplete. The fifth child of a modest family, Vladimir Dyck showed gifts for music from his earliest years, to such a degree that Rimsky-Korsakov, whom he perhaps had as a music master, advised him to further his studies at the Paris National Conservatory of Music. He came to Paris in 1899 at the age of seventeen and succeeded in being admitted to this institution a year later. In 1904, he obtained a First Prize in Antoine Taudou\u2019s harmony class and attended Paul Vidal\u2019s class in piano accompaniment.\u00a0 Shortly afterwards, he became the student of Charles-Marie Widor in composition, and by the decree of February 5, 1910, he acquired the French nationality to be able to participate in the composition competition of the Institut de France. In 1911, he was awarded an additional Second Grand Prix de Rome for his cantata<em> Yanitza<\/em>, behind Claude Delvincourt (first Second Grand Prix) and Paul Paray (First Grand Prix).\u00a0 The press of the period drew attention to his talent and his gifts, but he was unable to participate in the competition the following year in an attempt win a First Grand Prix since he had reached the age limit.\u00a0 He then gave piano lessons in Paris.\u00a0 Among his students figured Henriette Poincar\u00e9 (the President of the Republic\u2019s wife), Madame Caillaux, (the wife of the Minister and President of the Council of State), and Suzanne Bloch (born Mina Kabran, September 7, 1887 in Omsk &#8211; Russia) whom he wed and who gave him a daughter named Nicole.<\/p>\n<p>Alongside his teaching activities, Vladimir Dyck was a prolific composer who tried his hand at all musical genres, from French patriotic songs: <em>Alsace l\u00e8ve-toi !<\/em> (<em>Arise Alsace<\/em>) to lyrical comedy: <em>Le Sous-pr\u00e9fet aux Champs<\/em> (<em>The Assistant Prefect in the Fields,<\/em> 1919), from instrumental music: <em>Orientales<\/em>,<em> pour piano<\/em> (<em>Orientals for piano,<\/em> 1909), as well as <em>Symphony in C minor<\/em> <em>for piano four hands, <\/em>1906, <em>Symphony<\/em> <em>for 10 wind instruments<\/em>, 1910, <em>Impromptu for cello&#8230; and <\/em><em>piano,<\/em> 1912\u2026 to film scores written under the pseudonym Dri Mival, an anagram of his surname: \u00a0<em>\u00c0<\/em><em> travers Champs<\/em> (<em>Through the Field)<\/em>, <em>Footit<\/em>, <em>Parisette<\/em>, <em>Tartarin<\/em>, <em>Prince Charmant<\/em>, <em>Th\u00e9odora<\/em>, <em>Beloved Landscapes, <\/em>1927, <em>Douglas<\/em>, <em>Africa, <\/em>1928, <em>V\u00e9nus Astart\u00e9, <\/em>1929.<\/p>\n<p>Vladimir Dyck is also the author of an extensive Jewish production: <em>Berceuse h\u00e9bra\u00efque (Hebraic Lullaby)<\/em>, <em>Eli! Eli! &#8211; sur un theme juif<\/em>,<em> Hatikva &#8211; Chant de l\u2019esp\u00e9rance sur un th\u00e8me juif\u00a0(Song of Hope &#8211; On a Jewish theme<\/em>, <em>Three Hebraic pieces<\/em><em> &#8211;\u00a0for cello or violin and piano, <\/em>1933, and the <em>1<sup>st <\/sup>and 2<sup>nd<\/sup> Hebraic Legend, <\/em>1936, published in the Mizmor collection of the \u00c9ditions Salabert, which he co-directed with Leon Algazi from 1933 onward. He also arranged or wrote Yiddish songs: <em>Der gouter <\/em><em>Chadken<\/em>, <em>Kadisch de R\u00e8be L\u00e9vi\u00a0after a Jewish Folk Melody<\/em>\u2026 and several prayers for liturgical services (<em>Adon olom<\/em>, <em>Avinu malkenu, <\/em>1934, and <em>Psalm 137<\/em>\u2026), probably in connection with the activities of Leon Algazi, who directed the Mizmor choir and the choir of the Great Synagogue of Paris, rue de la Victoire.<\/p>\n<p><img fetchpriority=\"high\" decoding=\"async\" class=\"size-medium wp-image-78560 alignright\" src=\"https:\/\/www.iemj.org\/wp-content\/uploads\/2022\/01\/Plaque_Vladimir_Dyck_79_avenue_de_Breteuil_640-px-300x203.jpg\" alt=\"\" width=\"300\" height=\"203\" srcset=\"https:\/\/www.iemj.org\/wp-content\/uploads\/2022\/01\/Plaque_Vladimir_Dyck_79_avenue_de_Breteuil_640-px-300x203.jpg 300w, https:\/\/www.iemj.org\/wp-content\/uploads\/2022\/01\/Plaque_Vladimir_Dyck_79_avenue_de_Breteuil_640-px-600x406.jpg 600w, https:\/\/www.iemj.org\/wp-content\/uploads\/2022\/01\/Plaque_Vladimir_Dyck_79_avenue_de_Breteuil_640-px.jpg 640w\" sizes=\"(max-width: 300px) 100vw, 300px\" \/>In 1943, Vladimir Dyck was arrested by the Gestapo at his Parisian home at 79 avenue de Breteuil with his wife and his daughter. He was deported to Auschwitz on July 31 and was assassinated a few days later on August 5, 1943.<\/p>\n<p><em>*Taken from the CD\u2019s booklet\u00a0<a href=\"https:\/\/www.iemj.org\/en\/melodies-hebraiques-pour-violoncelle-et-piano-volume-2\/\" target=\"_blank\" rel=\"noopener\">Hebrew Melodies for cello and piano, 2<sup>nd<\/sup> vol., Collection Classiques vol. 7, Les Editions de l\u2019IEMJ, 2021<\/a><\/em>, with the author&#8217;s thanks to Corine Rachel Kalifa for her precious help in the elaboration of this biographical note.<\/p>\n<p><strong><a href=\"http:\/\/www.rachelnet.net\/F\/?func=find-c&amp;ccl_term=WRD+%3D+Dyck&amp;local_base=iemcg\" target=\"_blank\" rel=\"noopener\">Browse our archives on Vladimir Dyck<\/a><\/strong><\/p>\n\n\n<div class=\"wp-block-group\"><div class=\"wp-block-group__inner-container is-layout-flow wp-block-group-is-layout-flow\">\n<figure class=\"wp-block-embed is-type-video is-provider-youtube wp-block-embed-youtube wp-embed-aspect-4-3 wp-has-aspect-ratio\"><div class=\"wp-block-embed__wrapper\">\n<iframe title=\"L\u00e9gende h\u00e9bra\u00efque\" width=\"640\" height=\"480\" src=\"https:\/\/www.youtube.com\/embed\/8cH8S82Wr2Y?feature=oembed\" frameborder=\"0\" allow=\"accelerometer; autoplay; clipboard-write; encrypted-media; gyroscope; picture-in-picture; web-share\" referrerpolicy=\"strict-origin-when-cross-origin\" allowfullscreen><\/iframe>\n<\/div><\/figure>\n<\/div><\/div>\n\n\n\n<p><\/p>\n","protected":false},"excerpt":{"rendered":"<p>The biography of this composer, who was born on March 19, 1882 in Odessa and died in Auschwitz in 1943, still remains incomplete. The fifth child of a modest family,<\/p>\n","protected":false},"author":5,"featured_media":78490,"comment_status":"closed","ping_status":"closed","sticky":false,"template":"","format":"standard","meta":{"_acf_changed":false,"footnotes":""},"categories":[903],"tags":[],"technique":[],"squelettes":[],"sujet":[],"formation":[],"genre":[],"fonds":[],"tradition":[],"type-de-contenu":[],"interprete-compositeur":[],"frise":[],"type-devenement":[],"tableaux-liens-externes":[],"class_list":["post-78501","post","type-post","status-publish","format-standard","has-post-thumbnail","hentry","category-biographies-en"],"acf":[],"yoast_head":"<!-- This site is optimized with the Yoast SEO plugin v27.3 - https:\/\/yoast.com\/product\/yoast-seo-wordpress\/ -->\n<title>DYCK, VLADIMIR (1882-1943) - Institut Europ\u00e9en des Musiques Juives<\/title>\n<meta name=\"robots\" content=\"index, follow, max-snippet:-1, max-image-preview:large, max-video-preview:-1\" \/>\n<link rel=\"canonical\" href=\"https:\/\/www.iemj.org\/en\/dyck-vladimir-1882-1943\/\" \/>\n<meta property=\"og:locale\" content=\"en_US\" \/>\n<meta property=\"og:type\" content=\"article\" \/>\n<meta property=\"og:title\" content=\"DYCK, VLADIMIR (1882-1943) - Institut Europ\u00e9en des Musiques Juives\" \/>\n<meta property=\"og:description\" content=\"The biography of this composer, who was born on March 19, 1882 in Odessa and died in Auschwitz in 1943, still remains incomplete. The fifth child of a modest family,\" \/>\n<meta property=\"og:url\" content=\"https:\/\/www.iemj.org\/en\/dyck-vladimir-1882-1943\/\" \/>\n<meta property=\"og:site_name\" content=\"Institut Europ\u00e9en des Musiques Juives\" \/>\n<meta property=\"article:publisher\" content=\"https:\/\/www.facebook.com\/MusiquesJuives\/\" \/>\n<meta property=\"article:published_time\" content=\"2022-01-25T15:07:43+00:00\" \/>\n<meta property=\"article:modified_time\" content=\"2022-01-27T09:23:07+00:00\" \/>\n<meta property=\"og:image\" content=\"https:\/\/www.iemj.org\/wp-content\/uploads\/2022\/01\/Vladimir-Dyck_Capture-plus-age-1-e1643124684128.png\" \/>\n\t<meta property=\"og:image:width\" content=\"155\" \/>\n\t<meta property=\"og:image:height\" content=\"218\" \/>\n\t<meta property=\"og:image:type\" content=\"image\/png\" \/>\n<meta name=\"author\" content=\"Jacqueline ROTEN\" \/>\n<meta name=\"twitter:card\" content=\"summary_large_image\" \/>\n<meta name=\"twitter:label1\" content=\"Written by\" \/>\n\t<meta name=\"twitter:data1\" content=\"Jacqueline ROTEN\" \/>\n\t<meta name=\"twitter:label2\" content=\"Est. reading time\" \/>\n\t<meta name=\"twitter:data2\" content=\"4 minutes\" \/>\n<script type=\"application\/ld+json\" class=\"yoast-schema-graph\">{\"@context\":\"https:\\\/\\\/schema.org\",\"@graph\":[{\"@type\":\"Article\",\"@id\":\"https:\\\/\\\/www.iemj.org\\\/en\\\/dyck-vladimir-1882-1943\\\/#article\",\"isPartOf\":{\"@id\":\"https:\\\/\\\/www.iemj.org\\\/en\\\/dyck-vladimir-1882-1943\\\/\"},\"author\":{\"name\":\"Jacqueline ROTEN\",\"@id\":\"https:\\\/\\\/www.iemj.org\\\/en\\\/#\\\/schema\\\/person\\\/358e26c18aca017fcc4cc15437f7279c\"},\"headline\":\"DYCK, VLADIMIR (1882-1943)\",\"datePublished\":\"2022-01-25T15:07:43+00:00\",\"dateModified\":\"2022-01-27T09:23:07+00:00\",\"mainEntityOfPage\":{\"@id\":\"https:\\\/\\\/www.iemj.org\\\/en\\\/dyck-vladimir-1882-1943\\\/\"},\"wordCount\":603,\"publisher\":{\"@id\":\"https:\\\/\\\/www.iemj.org\\\/en\\\/#organization\"},\"image\":{\"@id\":\"https:\\\/\\\/www.iemj.org\\\/en\\\/dyck-vladimir-1882-1943\\\/#primaryimage\"},\"thumbnailUrl\":\"https:\\\/\\\/www.iemj.org\\\/wp-content\\\/uploads\\\/2022\\\/01\\\/Vladimir-Dyck_Capture-plus-age-1-e1643124684128.png\",\"articleSection\":[\"Biographies\"],\"inLanguage\":\"en-US\"},{\"@type\":\"WebPage\",\"@id\":\"https:\\\/\\\/www.iemj.org\\\/en\\\/dyck-vladimir-1882-1943\\\/\",\"url\":\"https:\\\/\\\/www.iemj.org\\\/en\\\/dyck-vladimir-1882-1943\\\/\",\"name\":\"DYCK, VLADIMIR (1882-1943) - Institut Europ\u00e9en des Musiques Juives\",\"isPartOf\":{\"@id\":\"https:\\\/\\\/www.iemj.org\\\/en\\\/#website\"},\"primaryImageOfPage\":{\"@id\":\"https:\\\/\\\/www.iemj.org\\\/en\\\/dyck-vladimir-1882-1943\\\/#primaryimage\"},\"image\":{\"@id\":\"https:\\\/\\\/www.iemj.org\\\/en\\\/dyck-vladimir-1882-1943\\\/#primaryimage\"},\"thumbnailUrl\":\"https:\\\/\\\/www.iemj.org\\\/wp-content\\\/uploads\\\/2022\\\/01\\\/Vladimir-Dyck_Capture-plus-age-1-e1643124684128.png\",\"datePublished\":\"2022-01-25T15:07:43+00:00\",\"dateModified\":\"2022-01-27T09:23:07+00:00\",\"breadcrumb\":{\"@id\":\"https:\\\/\\\/www.iemj.org\\\/en\\\/dyck-vladimir-1882-1943\\\/#breadcrumb\"},\"inLanguage\":\"en-US\",\"potentialAction\":[{\"@type\":\"ReadAction\",\"target\":[\"https:\\\/\\\/www.iemj.org\\\/en\\\/dyck-vladimir-1882-1943\\\/\"]}]},{\"@type\":\"ImageObject\",\"inLanguage\":\"en-US\",\"@id\":\"https:\\\/\\\/www.iemj.org\\\/en\\\/dyck-vladimir-1882-1943\\\/#primaryimage\",\"url\":\"https:\\\/\\\/www.iemj.org\\\/wp-content\\\/uploads\\\/2022\\\/01\\\/Vladimir-Dyck_Capture-plus-age-1-e1643124684128.png\",\"contentUrl\":\"https:\\\/\\\/www.iemj.org\\\/wp-content\\\/uploads\\\/2022\\\/01\\\/Vladimir-Dyck_Capture-plus-age-1-e1643124684128.png\",\"width\":155,\"height\":218},{\"@type\":\"BreadcrumbList\",\"@id\":\"https:\\\/\\\/www.iemj.org\\\/en\\\/dyck-vladimir-1882-1943\\\/#breadcrumb\",\"itemListElement\":[{\"@type\":\"ListItem\",\"position\":1,\"name\":\"Accueil\",\"item\":\"https:\\\/\\\/www.iemj.org\\\/en\\\/\"},{\"@type\":\"ListItem\",\"position\":2,\"name\":\"DYCK, VLADIMIR (1882-1943)\"}]},{\"@type\":\"WebSite\",\"@id\":\"https:\\\/\\\/www.iemj.org\\\/en\\\/#website\",\"url\":\"https:\\\/\\\/www.iemj.org\\\/en\\\/\",\"name\":\"Institut Europ\u00e9en des Musiques Juives\",\"description\":\"Des traditions musicales \u00e0 la port\u00e9e de tous\",\"publisher\":{\"@id\":\"https:\\\/\\\/www.iemj.org\\\/en\\\/#organization\"},\"potentialAction\":[{\"@type\":\"SearchAction\",\"target\":{\"@type\":\"EntryPoint\",\"urlTemplate\":\"https:\\\/\\\/www.iemj.org\\\/en\\\/?s={search_term_string}\"},\"query-input\":{\"@type\":\"PropertyValueSpecification\",\"valueRequired\":true,\"valueName\":\"search_term_string\"}}],\"inLanguage\":\"en-US\"},{\"@type\":\"Organization\",\"@id\":\"https:\\\/\\\/www.iemj.org\\\/en\\\/#organization\",\"name\":\"Institut Europ\u00e9en des Musiques Juives\",\"url\":\"https:\\\/\\\/www.iemj.org\\\/en\\\/\",\"logo\":{\"@type\":\"ImageObject\",\"inLanguage\":\"en-US\",\"@id\":\"https:\\\/\\\/www.iemj.org\\\/en\\\/#\\\/schema\\\/logo\\\/image\\\/\",\"url\":\"https:\\\/\\\/www.iemj.org\\\/wp-content\\\/uploads\\\/2021\\\/09\\\/Logo-IEMJ-Paypal.jpg\",\"contentUrl\":\"https:\\\/\\\/www.iemj.org\\\/wp-content\\\/uploads\\\/2021\\\/09\\\/Logo-IEMJ-Paypal.jpg\",\"width\":150,\"height\":50,\"caption\":\"Institut Europ\u00e9en des Musiques Juives\"},\"image\":{\"@id\":\"https:\\\/\\\/www.iemj.org\\\/en\\\/#\\\/schema\\\/logo\\\/image\\\/\"},\"sameAs\":[\"https:\\\/\\\/www.facebook.com\\\/MusiquesJuives\\\/\",\"https:\\\/\\\/www.instagram.com\\\/musiquesjuives\\\/\",\"https:\\\/\\\/www.youtube.com\\\/user\\\/musiquesjuives\"]},{\"@type\":\"Person\",\"@id\":\"https:\\\/\\\/www.iemj.org\\\/en\\\/#\\\/schema\\\/person\\\/358e26c18aca017fcc4cc15437f7279c\",\"name\":\"Jacqueline ROTEN\",\"image\":{\"@type\":\"ImageObject\",\"inLanguage\":\"en-US\",\"@id\":\"https:\\\/\\\/secure.gravatar.com\\\/avatar\\\/5964256d6c6957de3a3505278957e0fb2a35119ac47ea41827a65301213c810b?s=96&d=mm&r=g\",\"url\":\"https:\\\/\\\/secure.gravatar.com\\\/avatar\\\/5964256d6c6957de3a3505278957e0fb2a35119ac47ea41827a65301213c810b?s=96&d=mm&r=g\",\"contentUrl\":\"https:\\\/\\\/secure.gravatar.com\\\/avatar\\\/5964256d6c6957de3a3505278957e0fb2a35119ac47ea41827a65301213c810b?s=96&d=mm&r=g\",\"caption\":\"Jacqueline ROTEN\"}}]}<\/script>\n<!-- \/ Yoast SEO plugin. -->","yoast_head_json":{"title":"DYCK, VLADIMIR (1882-1943) - Institut Europ\u00e9en des Musiques Juives","robots":{"index":"index","follow":"follow","max-snippet":"max-snippet:-1","max-image-preview":"max-image-preview:large","max-video-preview":"max-video-preview:-1"},"canonical":"https:\/\/www.iemj.org\/en\/dyck-vladimir-1882-1943\/","og_locale":"en_US","og_type":"article","og_title":"DYCK, VLADIMIR (1882-1943) - Institut Europ\u00e9en des Musiques Juives","og_description":"The biography of this composer, who was born on March 19, 1882 in Odessa and died in Auschwitz in 1943, still remains incomplete. The fifth child of a modest family,","og_url":"https:\/\/www.iemj.org\/en\/dyck-vladimir-1882-1943\/","og_site_name":"Institut Europ\u00e9en des Musiques Juives","article_publisher":"https:\/\/www.facebook.com\/MusiquesJuives\/","article_published_time":"2022-01-25T15:07:43+00:00","article_modified_time":"2022-01-27T09:23:07+00:00","og_image":[{"width":155,"height":218,"url":"https:\/\/www.iemj.org\/wp-content\/uploads\/2022\/01\/Vladimir-Dyck_Capture-plus-age-1-e1643124684128.png","type":"image\/png"}],"author":"Jacqueline ROTEN","twitter_card":"summary_large_image","twitter_misc":{"Written by":"Jacqueline ROTEN","Est. reading time":"4 minutes"},"schema":{"@context":"https:\/\/schema.org","@graph":[{"@type":"Article","@id":"https:\/\/www.iemj.org\/en\/dyck-vladimir-1882-1943\/#article","isPartOf":{"@id":"https:\/\/www.iemj.org\/en\/dyck-vladimir-1882-1943\/"},"author":{"name":"Jacqueline ROTEN","@id":"https:\/\/www.iemj.org\/en\/#\/schema\/person\/358e26c18aca017fcc4cc15437f7279c"},"headline":"DYCK, VLADIMIR (1882-1943)","datePublished":"2022-01-25T15:07:43+00:00","dateModified":"2022-01-27T09:23:07+00:00","mainEntityOfPage":{"@id":"https:\/\/www.iemj.org\/en\/dyck-vladimir-1882-1943\/"},"wordCount":603,"publisher":{"@id":"https:\/\/www.iemj.org\/en\/#organization"},"image":{"@id":"https:\/\/www.iemj.org\/en\/dyck-vladimir-1882-1943\/#primaryimage"},"thumbnailUrl":"https:\/\/www.iemj.org\/wp-content\/uploads\/2022\/01\/Vladimir-Dyck_Capture-plus-age-1-e1643124684128.png","articleSection":["Biographies"],"inLanguage":"en-US"},{"@type":"WebPage","@id":"https:\/\/www.iemj.org\/en\/dyck-vladimir-1882-1943\/","url":"https:\/\/www.iemj.org\/en\/dyck-vladimir-1882-1943\/","name":"DYCK, VLADIMIR (1882-1943) - Institut Europ\u00e9en des Musiques Juives","isPartOf":{"@id":"https:\/\/www.iemj.org\/en\/#website"},"primaryImageOfPage":{"@id":"https:\/\/www.iemj.org\/en\/dyck-vladimir-1882-1943\/#primaryimage"},"image":{"@id":"https:\/\/www.iemj.org\/en\/dyck-vladimir-1882-1943\/#primaryimage"},"thumbnailUrl":"https:\/\/www.iemj.org\/wp-content\/uploads\/2022\/01\/Vladimir-Dyck_Capture-plus-age-1-e1643124684128.png","datePublished":"2022-01-25T15:07:43+00:00","dateModified":"2022-01-27T09:23:07+00:00","breadcrumb":{"@id":"https:\/\/www.iemj.org\/en\/dyck-vladimir-1882-1943\/#breadcrumb"},"inLanguage":"en-US","potentialAction":[{"@type":"ReadAction","target":["https:\/\/www.iemj.org\/en\/dyck-vladimir-1882-1943\/"]}]},{"@type":"ImageObject","inLanguage":"en-US","@id":"https:\/\/www.iemj.org\/en\/dyck-vladimir-1882-1943\/#primaryimage","url":"https:\/\/www.iemj.org\/wp-content\/uploads\/2022\/01\/Vladimir-Dyck_Capture-plus-age-1-e1643124684128.png","contentUrl":"https:\/\/www.iemj.org\/wp-content\/uploads\/2022\/01\/Vladimir-Dyck_Capture-plus-age-1-e1643124684128.png","width":155,"height":218},{"@type":"BreadcrumbList","@id":"https:\/\/www.iemj.org\/en\/dyck-vladimir-1882-1943\/#breadcrumb","itemListElement":[{"@type":"ListItem","position":1,"name":"Accueil","item":"https:\/\/www.iemj.org\/en\/"},{"@type":"ListItem","position":2,"name":"DYCK, VLADIMIR (1882-1943)"}]},{"@type":"WebSite","@id":"https:\/\/www.iemj.org\/en\/#website","url":"https:\/\/www.iemj.org\/en\/","name":"Institut Europ\u00e9en des Musiques Juives","description":"Des traditions musicales \u00e0 la port\u00e9e de tous","publisher":{"@id":"https:\/\/www.iemj.org\/en\/#organization"},"potentialAction":[{"@type":"SearchAction","target":{"@type":"EntryPoint","urlTemplate":"https:\/\/www.iemj.org\/en\/?s={search_term_string}"},"query-input":{"@type":"PropertyValueSpecification","valueRequired":true,"valueName":"search_term_string"}}],"inLanguage":"en-US"},{"@type":"Organization","@id":"https:\/\/www.iemj.org\/en\/#organization","name":"Institut Europ\u00e9en des Musiques Juives","url":"https:\/\/www.iemj.org\/en\/","logo":{"@type":"ImageObject","inLanguage":"en-US","@id":"https:\/\/www.iemj.org\/en\/#\/schema\/logo\/image\/","url":"https:\/\/www.iemj.org\/wp-content\/uploads\/2021\/09\/Logo-IEMJ-Paypal.jpg","contentUrl":"https:\/\/www.iemj.org\/wp-content\/uploads\/2021\/09\/Logo-IEMJ-Paypal.jpg","width":150,"height":50,"caption":"Institut Europ\u00e9en des Musiques Juives"},"image":{"@id":"https:\/\/www.iemj.org\/en\/#\/schema\/logo\/image\/"},"sameAs":["https:\/\/www.facebook.com\/MusiquesJuives\/","https:\/\/www.instagram.com\/musiquesjuives\/","https:\/\/www.youtube.com\/user\/musiquesjuives"]},{"@type":"Person","@id":"https:\/\/www.iemj.org\/en\/#\/schema\/person\/358e26c18aca017fcc4cc15437f7279c","name":"Jacqueline ROTEN","image":{"@type":"ImageObject","inLanguage":"en-US","@id":"https:\/\/secure.gravatar.com\/avatar\/5964256d6c6957de3a3505278957e0fb2a35119ac47ea41827a65301213c810b?s=96&d=mm&r=g","url":"https:\/\/secure.gravatar.com\/avatar\/5964256d6c6957de3a3505278957e0fb2a35119ac47ea41827a65301213c810b?s=96&d=mm&r=g","contentUrl":"https:\/\/secure.gravatar.com\/avatar\/5964256d6c6957de3a3505278957e0fb2a35119ac47ea41827a65301213c810b?s=96&d=mm&r=g","caption":"Jacqueline ROTEN"}}]}},"_links":{"self":[{"href":"https:\/\/www.iemj.org\/en\/wp-json\/wp\/v2\/posts\/78501","targetHints":{"allow":["GET"]}}],"collection":[{"href":"https:\/\/www.iemj.org\/en\/wp-json\/wp\/v2\/posts"}],"about":[{"href":"https:\/\/www.iemj.org\/en\/wp-json\/wp\/v2\/types\/post"}],"author":[{"embeddable":true,"href":"https:\/\/www.iemj.org\/en\/wp-json\/wp\/v2\/users\/5"}],"replies":[{"embeddable":true,"href":"https:\/\/www.iemj.org\/en\/wp-json\/wp\/v2\/comments?post=78501"}],"version-history":[{"count":0,"href":"https:\/\/www.iemj.org\/en\/wp-json\/wp\/v2\/posts\/78501\/revisions"}],"wp:featuredmedia":[{"embeddable":true,"href":"https:\/\/www.iemj.org\/en\/wp-json\/wp\/v2\/media\/78490"}],"wp:attachment":[{"href":"https:\/\/www.iemj.org\/en\/wp-json\/wp\/v2\/media?parent=78501"}],"wp:term":[{"taxonomy":"category","embeddable":true,"href":"https:\/\/www.iemj.org\/en\/wp-json\/wp\/v2\/categories?post=78501"},{"taxonomy":"post_tag","embeddable":true,"href":"https:\/\/www.iemj.org\/en\/wp-json\/wp\/v2\/tags?post=78501"},{"taxonomy":"technique","embeddable":true,"href":"https:\/\/www.iemj.org\/en\/wp-json\/wp\/v2\/technique?post=78501"},{"taxonomy":"squelettes","embeddable":true,"href":"https:\/\/www.iemj.org\/en\/wp-json\/wp\/v2\/squelettes?post=78501"},{"taxonomy":"sujet","embeddable":true,"href":"https:\/\/www.iemj.org\/en\/wp-json\/wp\/v2\/sujet?post=78501"},{"taxonomy":"formation","embeddable":true,"href":"https:\/\/www.iemj.org\/en\/wp-json\/wp\/v2\/formation?post=78501"},{"taxonomy":"genre","embeddable":true,"href":"https:\/\/www.iemj.org\/en\/wp-json\/wp\/v2\/genre?post=78501"},{"taxonomy":"fonds","embeddable":true,"href":"https:\/\/www.iemj.org\/en\/wp-json\/wp\/v2\/fonds?post=78501"},{"taxonomy":"tradition","embeddable":true,"href":"https:\/\/www.iemj.org\/en\/wp-json\/wp\/v2\/tradition?post=78501"},{"taxonomy":"type-de-contenu","embeddable":true,"href":"https:\/\/www.iemj.org\/en\/wp-json\/wp\/v2\/type-de-contenu?post=78501"},{"taxonomy":"interprete-compositeur","embeddable":true,"href":"https:\/\/www.iemj.org\/en\/wp-json\/wp\/v2\/interprete-compositeur?post=78501"},{"taxonomy":"frise","embeddable":true,"href":"https:\/\/www.iemj.org\/en\/wp-json\/wp\/v2\/frise?post=78501"},{"taxonomy":"type-devenement","embeddable":true,"href":"https:\/\/www.iemj.org\/en\/wp-json\/wp\/v2\/type-devenement?post=78501"},{"taxonomy":"tableaux-liens-externes","embeddable":true,"href":"https:\/\/www.iemj.org\/en\/wp-json\/wp\/v2\/tableaux-liens-externes?post=78501"}],"curies":[{"name":"wp","href":"https:\/\/api.w.org\/{rel}","templated":true}]}}