{"id":79433,"date":"2021-12-13T16:12:13","date_gmt":"2021-12-13T15:12:13","guid":{"rendered":"https:\/\/www.iemj.org\/tounsi-el-kahlaoui-1932-2000\/"},"modified":"2022-02-17T16:49:09","modified_gmt":"2022-02-17T15:49:09","slug":"tounsi-el-kahlaoui-1932-2000","status":"publish","type":"post","link":"https:\/\/www.iemj.org\/en\/tounsi-el-kahlaoui-1932-2000\/","title":{"rendered":"Tounsi, El Kahlaoui (1932-2000)"},"content":{"rendered":"<p>El Kahlaoui Tounsi, whose real name was Elie Touitou, was born in Tunis on January 24, 1932. He spent his childhood in the popular neighborhoods which had a strong artistic activity, and he was attracted very young to music and singing, with a preference for the rhythm, percussions and the darbukah.<\/p>\n<p>When the Egyptian movie <em>Rabha\u00a0<\/em>was screened in Tunis, the song\u00a0<em>Fadlak Ya Sayeg El Matar,<\/em>\u00a0performed by the Egyptian singer\u00a0<strong>Mohamed El Kahlaoui<\/strong>, met a big success. Young Elie, who loved it, learned it and sang it for various occasions. Following this, friends of his pushed him to present himself at the Tunisian Radio. Elie performed the song\u00a0<em>Fadlak Ya Sayeg El Matar\u00a0<\/em>in its entirety and he was warmly encouraged by Abdelaziz Laroui, the host of the TV show\u00a0<em>Le Coin des Amateurs,\u00a0<\/em>who suggested him to call himself \u00ab El Kahlaoui Tounsi \u00bb from now on.<\/p>\n<p style=\"background: white; margin: 0cm 0cm 11.25pt 0cm;\"><span style=\"font-family: 'Arial','sans-serif'; color: #171717;\"><em style=\"box-sizing: border-box;\"><span style=\"font-family: 'Arial','sans-serif';\"><img decoding=\"async\" class=\"wp-image-74621  alignright\" src=\"https:\/\/www.iemj.org\/wp-content\/uploads\/2021\/12\/K7_1706_COUV-e1639411327809-edited.jpg\" alt=\"\" width=\"164\" height=\"272\" srcset=\"https:\/\/www.iemj.org\/wp-content\/uploads\/2021\/12\/K7_1706_COUV-e1639411327809-edited.jpg 211w, https:\/\/www.iemj.org\/wp-content\/uploads\/2021\/12\/K7_1706_COUV-e1639411327809-edited-181x300.jpg 181w\" sizes=\"(max-width: 164px) 100vw, 164px\" \/><\/span><\/em><\/span>El Kahlaoui Tounsi started thus a musical carreer as a singer, and performed with the famous band of that time, such as the ones led by\u00a0<strong>Kakino De Paz<\/strong>,\u00a0<strong>Cheikh El Asram<\/strong>\u00a0and many others. He became famous and the public loved him. His beginnings in the Eastern singing, added to the Tunisian singing, allowed him to build a large repertoire. During his tours, in foreign countries, he focused on traditional and popular Tunisian songs.<\/p>\n<p>By the end of 1948, he travelled to Paris to work as a percussionist with the Peters Sisters in the Folies Berg\u00e8re, and tried a first musical adventure in France. In 1949, he returned to Tunisia where he learned Eastern music mixed with a new music in fashion: jazz. To improve his science of rhythm, he travelled in North Africa, from Algeria to Libya.<\/p>\n<p style=\"background: white; box-sizing: border-box; margin: 0cm 0cm 11.25pt 0cm;\"><span style=\"font-family: 'Arial','sans-serif'; color: #171717;\"><img decoding=\"async\" class=\"wp-image-74599  alignleft\" src=\"https:\/\/www.iemj.org\/wp-content\/uploads\/2021\/12\/D45-17_74_COUV-e1643715058324.jpg\" alt=\"\" width=\"200\" height=\"200\" \/><\/span><\/p>\n<p>Back in Paris at the end of 1951, El Kahlaoui Tounsi got hired in the cabaret El Djaza\u00efr in the Latin Quarter. He stayed there two years as a singer and a percussionist. He took part in many recordings on the French radio with several bands from Algeria, Kabylia, Morocco, Tunisia and France. He also recorded many songs under various music labels : Path\u00e9 Marconi, Philips, Teppaz, Barclay and Dounia which he bought in 1960.<\/p>\n<p style=\"background: white; box-sizing: border-box; margin: 0cm 0cm 11.25pt 0cm;\"><span style=\"font-family: 'Arial','sans-serif'; color: #171717;\">\u00a0<\/span><\/p>\n<p>In 1953, he got hired at the Radio Diffusion Tunisienne as a drummer and percussionist in the Philharmonic Orchestra. Meanwhile, to improve his musical knowledge, he took part in some folkloric bands specialized in Bedouin music, \u00ab stambali et rebaibia \u00bb of which the specific instruments \u2013 zoukrah, mezoued, bendir, darboukah and chkacheks \u2013 feature a sound representative of ancient Bedouin Tunisia.<\/p>\n<p style=\"background: white; margin: 0cm 0cm 11.25pt 0cm;\"><span style=\"font-family: 'Arial','sans-serif'; color: #171717;\"><img decoding=\"async\" class=\"wp-image-74594 alignright\" src=\"https:\/\/www.iemj.org\/wp-content\/uploads\/2021\/12\/D45-17_73_COUV-150x150.jpg\" alt=\"\" width=\"195\" height=\"195\" srcset=\"https:\/\/www.iemj.org\/wp-content\/uploads\/2021\/12\/D45-17_73_COUV-150x150.jpg 150w, https:\/\/www.iemj.org\/wp-content\/uploads\/2021\/12\/D45-17_73_COUV-300x300.jpg 300w, https:\/\/www.iemj.org\/wp-content\/uploads\/2021\/12\/D45-17_73_COUV-1024x1018.jpg 1024w, https:\/\/www.iemj.org\/wp-content\/uploads\/2021\/12\/D45-17_73_COUV-768x764.jpg 768w, https:\/\/www.iemj.org\/wp-content\/uploads\/2021\/12\/D45-17_73_COUV-1536x1527.jpg 1536w, https:\/\/www.iemj.org\/wp-content\/uploads\/2021\/12\/D45-17_73_COUV-2048x2036.jpg 2048w, https:\/\/www.iemj.org\/wp-content\/uploads\/2021\/12\/D45-17_73_COUV-600x597.jpg 600w, https:\/\/www.iemj.org\/wp-content\/uploads\/2021\/12\/D45-17_73_COUV-100x100.jpg 100w\" sizes=\"(max-width: 195px) 100vw, 195px\" \/><\/span><\/p>\n<p>In 1954, after a concert tour in the United States, he settled with his family in Paris, where he published his first 45 rpm disc. He continued his trips to Japan, Australia, Africa, Algeria, Morocco and all the Europeans countries, teaching and spreading the Tunisian songs and art, the \u00ab Aroubi \u00bb in particular, a sort of pre-musical incantation which plunges its roots into the Andalusian tradition passed on through centuries by the Sephardi storytellers.<\/p>\n<p>El Kahlaoui Tounsi wrote music for many Tunisian, Moroccan and Libanese musicians. He worked toward the birth of a young Algerian singer, who would later become a star called Warda.<\/p>\n<p>Founder of a big orchestra, Kahlaoui regularly welcomed most of the stars from the Arabic world who wished to perform in France : the Libanese Wadieh El Safi, the Egyptian Ahmed Adaouia, the Syrian Sabah Fahkri and the Tunisian Ahmed Hamza.<\/p>\n<p><span style=\"font-family: 'Arial','sans-serif'; color: #171717;\"><img loading=\"lazy\" decoding=\"async\" class=\"wp-image-74574 alignleft\" src=\"https:\/\/www.iemj.org\/wp-content\/uploads\/2021\/12\/D33-30_1027_COUV-150x150.jpg\" alt=\"\" width=\"213\" height=\"213\" srcset=\"https:\/\/www.iemj.org\/wp-content\/uploads\/2021\/12\/D33-30_1027_COUV-150x150.jpg 150w, https:\/\/www.iemj.org\/wp-content\/uploads\/2021\/12\/D33-30_1027_COUV-300x300.jpg 300w, https:\/\/www.iemj.org\/wp-content\/uploads\/2021\/12\/D33-30_1027_COUV-100x100.jpg 100w\" sizes=\"(max-width: 213px) 100vw, 213px\" \/><\/span><\/p>\n<p>He performed with his friend Enrico Macias on the stage of the Olympia and recorded on his music label Dounia most of the Jewish and Arabic artists, such as Raoul Journo, Line Monty, Ren\u00e9 Perez, Reinette l\u2019Oranaise, Blond Blond \u2026 and even the famous Farid El Atrache with whom he became great friends. A successful author and composer (500 songs in his whole repertoire, 230 of which he is the author and 150 of which he is the composer and arranger), El Kahlaoui Tounsi was also a businessman. Already owner of a music label and a disc company, he bought a first theatre in 1975, the Palais Berg\u00e8re, and a second one in 1976, the Bataclan. He also bought in 1977 a small recording studio\u2026<\/p>\n<p>At the same time, when a movie needed an Oriental music, he was the perfect composer, like Vladimir Cosma, Michel Legrand, Georges Delerue, other music composers for movies\u2026 Around 15 movies features his music, among which:\u00a0<em>Le Bal des maudits, L\u2019homme et l\u2019enfant, Le grand jeu, La folie des grandeurs, Ali Baba et les 40 voleurs\u2026<\/em><\/p>\n<p><img loading=\"lazy\" decoding=\"async\" class=\"wp-image-74604 alignright\" src=\"https:\/\/www.iemj.org\/wp-content\/uploads\/2021\/12\/D45-17_242_COUV-150x150.jpg\" alt=\"\" width=\"200\" height=\"200\" srcset=\"https:\/\/www.iemj.org\/wp-content\/uploads\/2021\/12\/D45-17_242_COUV-150x150.jpg 150w, https:\/\/www.iemj.org\/wp-content\/uploads\/2021\/12\/D45-17_242_COUV-300x300.jpg 300w, https:\/\/www.iemj.org\/wp-content\/uploads\/2021\/12\/D45-17_242_COUV-1024x1024.jpg 1024w, https:\/\/www.iemj.org\/wp-content\/uploads\/2021\/12\/D45-17_242_COUV-768x769.jpg 768w, https:\/\/www.iemj.org\/wp-content\/uploads\/2021\/12\/D45-17_242_COUV-600x601.jpg 600w, https:\/\/www.iemj.org\/wp-content\/uploads\/2021\/12\/D45-17_242_COUV-100x100.jpg 100w, https:\/\/www.iemj.org\/wp-content\/uploads\/2021\/12\/D45-17_242_COUV.jpg 1392w\" sizes=\"(max-width: 200px) 100vw, 200px\" \/><\/p>\n<p>El Kahlaoui Tounsi was one of the masters of music and song of the Jewish Tunisian community of the 20th century, like Raoul Journo, Hana Rached, and their predecessors Cheikh El Afrit, Habiba Messika, or Mouni Jebali.<\/p>\n<p>El Kahlaoui Tounsi is the only Jewish Tunisian artist, with Raoul Journo, to have been rewarded for his contribution to Judeo-Tunisian music in Tunisia, but also in Israel and in France, where he received a medal of Chevalier des Arts et Lettres<\/p>\n<p><strong>Source<\/strong>:<br \/>Bernard Allali, \u00ab El Kahlaoui Tounsi, musicien et producteur\u00a0\u00bb, <em>Je Chante magazine n\u00b012<\/em>, janvier 2016<\/p>\n<hr \/>\n<p><a href=\"http:\/\/www.rachelnet.net\/F\/?func=find-c&amp;ccl_term=WAAU+%3D+Kahlaoui+Tounsi+OU+WACM+%3D+Kahlaoui+Tounsi+OU+WAMS+%3D+Kahlaoui+Tounsi+OU+WAMU+%3D+Kahlaoui+Tounsi&amp;local_base=iemcg\" target=\"_blank\" rel=\"noopener\"><strong>Browse our collections on El Kahlaoui Tounsi<\/strong> <\/a><\/p>\n<p><strong>Listen to the playlist El Kahlaoui Tounsi<\/strong><\/p>\n<p><strong>More about the Dounia label<\/strong><\/p>\n\n\n<div class=\"wp-block-columns is-layout-flex wp-container-core-columns-is-layout-9d6595d7 wp-block-columns-is-layout-flex\">\n<div class=\"wp-block-column is-layout-flow wp-block-column-is-layout-flow\">\n<figure class=\"wp-block-video\"><video height=\"720\" style=\"aspect-ratio: 1280 \/ 720;\" width=\"1280\" controls poster=\"https:\/\/www.iemj.org\/wp-content\/uploads\/2021\/12\/Capture-video-V_114_EX.jpg\" src=\"https:\/\/www.iemj.org\/wp-content\/uploads\/2021\/12\/V_114_EX.m4v\"><\/video><figcaption><strong>Watch a video excerpt of El Kahlaoui Tounsi in concert at the Bataclan, from our collections<\/strong><\/figcaption><\/figure>\n<\/div>\n<\/div>\n","protected":false},"excerpt":{"rendered":"<p>El Kahlaoui Tounsi, whose real name was Elie Touitou, was born in Tunis on January 24, 1932. He spent his childhood in the popular neighborhoods which had a strong artistic<\/p>\n","protected":false},"author":1048,"featured_media":74532,"comment_status":"closed","ping_status":"closed","sticky":false,"template":"","format":"standard","meta":{"_acf_changed":false,"footnotes":""},"categories":[903],"tags":[],"technique":[],"squelettes":[],"sujet":[],"formation":[],"genre":[1112],"fonds":[],"tradition":[],"type-de-contenu":[],"interprete-compositeur":[],"frise":[],"type-devenement":[],"tableaux-liens-externes":[],"class_list":["post-79433","post","type-post","status-publish","format-standard","has-post-thumbnail","hentry","category-biographies-en","genre-oriental-en"],"acf":[],"yoast_head":"<!-- This site is optimized with the Yoast SEO plugin v27.3 - https:\/\/yoast.com\/product\/yoast-seo-wordpress\/ -->\n<title>Tounsi, El Kahlaoui (1932-2000) - Institut Europ\u00e9en des Musiques Juives<\/title>\n<meta name=\"robots\" content=\"index, follow, max-snippet:-1, max-image-preview:large, max-video-preview:-1\" \/>\n<link rel=\"canonical\" href=\"https:\/\/www.iemj.org\/en\/tounsi-el-kahlaoui-1932-2000\/\" \/>\n<meta property=\"og:locale\" content=\"en_US\" \/>\n<meta property=\"og:type\" content=\"article\" \/>\n<meta property=\"og:title\" content=\"Tounsi, El Kahlaoui (1932-2000) - Institut Europ\u00e9en des Musiques Juives\" \/>\n<meta property=\"og:description\" content=\"El Kahlaoui Tounsi, whose real name was Elie Touitou, was born in Tunis on January 24, 1932. He spent his childhood in the popular neighborhoods which had a strong artistic\" \/>\n<meta property=\"og:url\" content=\"https:\/\/www.iemj.org\/en\/tounsi-el-kahlaoui-1932-2000\/\" \/>\n<meta property=\"og:site_name\" content=\"Institut Europ\u00e9en des Musiques Juives\" \/>\n<meta property=\"article:publisher\" content=\"https:\/\/www.facebook.com\/MusiquesJuives\/\" \/>\n<meta property=\"article:published_time\" content=\"2021-12-13T15:12:13+00:00\" \/>\n<meta property=\"article:modified_time\" content=\"2022-02-17T15:49:09+00:00\" \/>\n<meta property=\"og:image\" content=\"https:\/\/www.iemj.org\/wp-content\/uploads\/2021\/12\/Logo-e1640617052964.jpg\" \/>\n\t<meta property=\"og:image:width\" content=\"202\" \/>\n\t<meta property=\"og:image:height\" content=\"218\" \/>\n\t<meta property=\"og:image:type\" content=\"image\/jpeg\" \/>\n<meta name=\"author\" content=\"Jean-Gabriel Davis\" \/>\n<meta name=\"twitter:card\" content=\"summary_large_image\" \/>\n<meta name=\"twitter:label1\" content=\"Written by\" \/>\n\t<meta name=\"twitter:data1\" content=\"Jean-Gabriel Davis\" \/>\n\t<meta name=\"twitter:label2\" content=\"Est. reading time\" \/>\n\t<meta name=\"twitter:data2\" content=\"6 minutes\" \/>\n<script type=\"application\/ld+json\" class=\"yoast-schema-graph\">{\"@context\":\"https:\\\/\\\/schema.org\",\"@graph\":[{\"@type\":\"Article\",\"@id\":\"https:\\\/\\\/www.iemj.org\\\/en\\\/tounsi-el-kahlaoui-1932-2000\\\/#article\",\"isPartOf\":{\"@id\":\"https:\\\/\\\/www.iemj.org\\\/en\\\/tounsi-el-kahlaoui-1932-2000\\\/\"},\"author\":{\"name\":\"Jean-Gabriel Davis\",\"@id\":\"https:\\\/\\\/www.iemj.org\\\/en\\\/#\\\/schema\\\/person\\\/c9bc1c386a3749579a2d675e72a18666\"},\"headline\":\"Tounsi, El Kahlaoui (1932-2000)\",\"datePublished\":\"2021-12-13T15:12:13+00:00\",\"dateModified\":\"2022-02-17T15:49:09+00:00\",\"mainEntityOfPage\":{\"@id\":\"https:\\\/\\\/www.iemj.org\\\/en\\\/tounsi-el-kahlaoui-1932-2000\\\/\"},\"wordCount\":863,\"publisher\":{\"@id\":\"https:\\\/\\\/www.iemj.org\\\/en\\\/#organization\"},\"image\":{\"@id\":\"https:\\\/\\\/www.iemj.org\\\/en\\\/tounsi-el-kahlaoui-1932-2000\\\/#primaryimage\"},\"thumbnailUrl\":\"https:\\\/\\\/www.iemj.org\\\/wp-content\\\/uploads\\\/2021\\\/12\\\/Logo-e1640617052964.jpg\",\"articleSection\":[\"Biographies\"],\"inLanguage\":\"en-US\"},{\"@type\":\"WebPage\",\"@id\":\"https:\\\/\\\/www.iemj.org\\\/en\\\/tounsi-el-kahlaoui-1932-2000\\\/\",\"url\":\"https:\\\/\\\/www.iemj.org\\\/en\\\/tounsi-el-kahlaoui-1932-2000\\\/\",\"name\":\"Tounsi, El Kahlaoui (1932-2000) - Institut Europ\u00e9en des Musiques Juives\",\"isPartOf\":{\"@id\":\"https:\\\/\\\/www.iemj.org\\\/en\\\/#website\"},\"primaryImageOfPage\":{\"@id\":\"https:\\\/\\\/www.iemj.org\\\/en\\\/tounsi-el-kahlaoui-1932-2000\\\/#primaryimage\"},\"image\":{\"@id\":\"https:\\\/\\\/www.iemj.org\\\/en\\\/tounsi-el-kahlaoui-1932-2000\\\/#primaryimage\"},\"thumbnailUrl\":\"https:\\\/\\\/www.iemj.org\\\/wp-content\\\/uploads\\\/2021\\\/12\\\/Logo-e1640617052964.jpg\",\"datePublished\":\"2021-12-13T15:12:13+00:00\",\"dateModified\":\"2022-02-17T15:49:09+00:00\",\"breadcrumb\":{\"@id\":\"https:\\\/\\\/www.iemj.org\\\/en\\\/tounsi-el-kahlaoui-1932-2000\\\/#breadcrumb\"},\"inLanguage\":\"en-US\",\"potentialAction\":[{\"@type\":\"ReadAction\",\"target\":[\"https:\\\/\\\/www.iemj.org\\\/en\\\/tounsi-el-kahlaoui-1932-2000\\\/\"]}]},{\"@type\":\"ImageObject\",\"inLanguage\":\"en-US\",\"@id\":\"https:\\\/\\\/www.iemj.org\\\/en\\\/tounsi-el-kahlaoui-1932-2000\\\/#primaryimage\",\"url\":\"https:\\\/\\\/www.iemj.org\\\/wp-content\\\/uploads\\\/2021\\\/12\\\/Logo-e1640617052964.jpg\",\"contentUrl\":\"https:\\\/\\\/www.iemj.org\\\/wp-content\\\/uploads\\\/2021\\\/12\\\/Logo-e1640617052964.jpg\",\"width\":202,\"height\":218},{\"@type\":\"BreadcrumbList\",\"@id\":\"https:\\\/\\\/www.iemj.org\\\/en\\\/tounsi-el-kahlaoui-1932-2000\\\/#breadcrumb\",\"itemListElement\":[{\"@type\":\"ListItem\",\"position\":1,\"name\":\"Accueil\",\"item\":\"https:\\\/\\\/www.iemj.org\\\/en\\\/\"},{\"@type\":\"ListItem\",\"position\":2,\"name\":\"Tounsi, El Kahlaoui (1932-2000)\"}]},{\"@type\":\"WebSite\",\"@id\":\"https:\\\/\\\/www.iemj.org\\\/en\\\/#website\",\"url\":\"https:\\\/\\\/www.iemj.org\\\/en\\\/\",\"name\":\"Institut Europ\u00e9en des Musiques Juives\",\"description\":\"Des traditions musicales \u00e0 la port\u00e9e de tous\",\"publisher\":{\"@id\":\"https:\\\/\\\/www.iemj.org\\\/en\\\/#organization\"},\"potentialAction\":[{\"@type\":\"SearchAction\",\"target\":{\"@type\":\"EntryPoint\",\"urlTemplate\":\"https:\\\/\\\/www.iemj.org\\\/en\\\/?s={search_term_string}\"},\"query-input\":{\"@type\":\"PropertyValueSpecification\",\"valueRequired\":true,\"valueName\":\"search_term_string\"}}],\"inLanguage\":\"en-US\"},{\"@type\":\"Organization\",\"@id\":\"https:\\\/\\\/www.iemj.org\\\/en\\\/#organization\",\"name\":\"Institut Europ\u00e9en des Musiques Juives\",\"url\":\"https:\\\/\\\/www.iemj.org\\\/en\\\/\",\"logo\":{\"@type\":\"ImageObject\",\"inLanguage\":\"en-US\",\"@id\":\"https:\\\/\\\/www.iemj.org\\\/en\\\/#\\\/schema\\\/logo\\\/image\\\/\",\"url\":\"https:\\\/\\\/www.iemj.org\\\/wp-content\\\/uploads\\\/2021\\\/09\\\/Logo-IEMJ-Paypal.jpg\",\"contentUrl\":\"https:\\\/\\\/www.iemj.org\\\/wp-content\\\/uploads\\\/2021\\\/09\\\/Logo-IEMJ-Paypal.jpg\",\"width\":150,\"height\":50,\"caption\":\"Institut Europ\u00e9en des Musiques Juives\"},\"image\":{\"@id\":\"https:\\\/\\\/www.iemj.org\\\/en\\\/#\\\/schema\\\/logo\\\/image\\\/\"},\"sameAs\":[\"https:\\\/\\\/www.facebook.com\\\/MusiquesJuives\\\/\",\"https:\\\/\\\/www.instagram.com\\\/musiquesjuives\\\/\",\"https:\\\/\\\/www.youtube.com\\\/user\\\/musiquesjuives\"]},{\"@type\":\"Person\",\"@id\":\"https:\\\/\\\/www.iemj.org\\\/en\\\/#\\\/schema\\\/person\\\/c9bc1c386a3749579a2d675e72a18666\",\"name\":\"Jean-Gabriel Davis\",\"image\":{\"@type\":\"ImageObject\",\"inLanguage\":\"en-US\",\"@id\":\"https:\\\/\\\/secure.gravatar.com\\\/avatar\\\/2b90d67bdf392c9b3a21fab87c0fa7edaf1fb3a058172a1ffd61033fcec7aec1?s=96&d=mm&r=g\",\"url\":\"https:\\\/\\\/secure.gravatar.com\\\/avatar\\\/2b90d67bdf392c9b3a21fab87c0fa7edaf1fb3a058172a1ffd61033fcec7aec1?s=96&d=mm&r=g\",\"contentUrl\":\"https:\\\/\\\/secure.gravatar.com\\\/avatar\\\/2b90d67bdf392c9b3a21fab87c0fa7edaf1fb3a058172a1ffd61033fcec7aec1?s=96&d=mm&r=g\",\"caption\":\"Jean-Gabriel Davis\"}}]}<\/script>\n<!-- \/ Yoast SEO plugin. -->","yoast_head_json":{"title":"Tounsi, El Kahlaoui (1932-2000) - Institut Europ\u00e9en des Musiques Juives","robots":{"index":"index","follow":"follow","max-snippet":"max-snippet:-1","max-image-preview":"max-image-preview:large","max-video-preview":"max-video-preview:-1"},"canonical":"https:\/\/www.iemj.org\/en\/tounsi-el-kahlaoui-1932-2000\/","og_locale":"en_US","og_type":"article","og_title":"Tounsi, El Kahlaoui (1932-2000) - Institut Europ\u00e9en des Musiques Juives","og_description":"El Kahlaoui Tounsi, whose real name was Elie Touitou, was born in Tunis on January 24, 1932. He spent his childhood in the popular neighborhoods which had a strong artistic","og_url":"https:\/\/www.iemj.org\/en\/tounsi-el-kahlaoui-1932-2000\/","og_site_name":"Institut Europ\u00e9en des Musiques Juives","article_publisher":"https:\/\/www.facebook.com\/MusiquesJuives\/","article_published_time":"2021-12-13T15:12:13+00:00","article_modified_time":"2022-02-17T15:49:09+00:00","og_image":[{"width":202,"height":218,"url":"https:\/\/www.iemj.org\/wp-content\/uploads\/2021\/12\/Logo-e1640617052964.jpg","type":"image\/jpeg"}],"author":"Jean-Gabriel Davis","twitter_card":"summary_large_image","twitter_misc":{"Written by":"Jean-Gabriel Davis","Est. reading time":"6 minutes"},"schema":{"@context":"https:\/\/schema.org","@graph":[{"@type":"Article","@id":"https:\/\/www.iemj.org\/en\/tounsi-el-kahlaoui-1932-2000\/#article","isPartOf":{"@id":"https:\/\/www.iemj.org\/en\/tounsi-el-kahlaoui-1932-2000\/"},"author":{"name":"Jean-Gabriel Davis","@id":"https:\/\/www.iemj.org\/en\/#\/schema\/person\/c9bc1c386a3749579a2d675e72a18666"},"headline":"Tounsi, El Kahlaoui (1932-2000)","datePublished":"2021-12-13T15:12:13+00:00","dateModified":"2022-02-17T15:49:09+00:00","mainEntityOfPage":{"@id":"https:\/\/www.iemj.org\/en\/tounsi-el-kahlaoui-1932-2000\/"},"wordCount":863,"publisher":{"@id":"https:\/\/www.iemj.org\/en\/#organization"},"image":{"@id":"https:\/\/www.iemj.org\/en\/tounsi-el-kahlaoui-1932-2000\/#primaryimage"},"thumbnailUrl":"https:\/\/www.iemj.org\/wp-content\/uploads\/2021\/12\/Logo-e1640617052964.jpg","articleSection":["Biographies"],"inLanguage":"en-US"},{"@type":"WebPage","@id":"https:\/\/www.iemj.org\/en\/tounsi-el-kahlaoui-1932-2000\/","url":"https:\/\/www.iemj.org\/en\/tounsi-el-kahlaoui-1932-2000\/","name":"Tounsi, El Kahlaoui (1932-2000) - Institut Europ\u00e9en des Musiques Juives","isPartOf":{"@id":"https:\/\/www.iemj.org\/en\/#website"},"primaryImageOfPage":{"@id":"https:\/\/www.iemj.org\/en\/tounsi-el-kahlaoui-1932-2000\/#primaryimage"},"image":{"@id":"https:\/\/www.iemj.org\/en\/tounsi-el-kahlaoui-1932-2000\/#primaryimage"},"thumbnailUrl":"https:\/\/www.iemj.org\/wp-content\/uploads\/2021\/12\/Logo-e1640617052964.jpg","datePublished":"2021-12-13T15:12:13+00:00","dateModified":"2022-02-17T15:49:09+00:00","breadcrumb":{"@id":"https:\/\/www.iemj.org\/en\/tounsi-el-kahlaoui-1932-2000\/#breadcrumb"},"inLanguage":"en-US","potentialAction":[{"@type":"ReadAction","target":["https:\/\/www.iemj.org\/en\/tounsi-el-kahlaoui-1932-2000\/"]}]},{"@type":"ImageObject","inLanguage":"en-US","@id":"https:\/\/www.iemj.org\/en\/tounsi-el-kahlaoui-1932-2000\/#primaryimage","url":"https:\/\/www.iemj.org\/wp-content\/uploads\/2021\/12\/Logo-e1640617052964.jpg","contentUrl":"https:\/\/www.iemj.org\/wp-content\/uploads\/2021\/12\/Logo-e1640617052964.jpg","width":202,"height":218},{"@type":"BreadcrumbList","@id":"https:\/\/www.iemj.org\/en\/tounsi-el-kahlaoui-1932-2000\/#breadcrumb","itemListElement":[{"@type":"ListItem","position":1,"name":"Accueil","item":"https:\/\/www.iemj.org\/en\/"},{"@type":"ListItem","position":2,"name":"Tounsi, El Kahlaoui (1932-2000)"}]},{"@type":"WebSite","@id":"https:\/\/www.iemj.org\/en\/#website","url":"https:\/\/www.iemj.org\/en\/","name":"Institut Europ\u00e9en des Musiques Juives","description":"Des traditions musicales \u00e0 la port\u00e9e de tous","publisher":{"@id":"https:\/\/www.iemj.org\/en\/#organization"},"potentialAction":[{"@type":"SearchAction","target":{"@type":"EntryPoint","urlTemplate":"https:\/\/www.iemj.org\/en\/?s={search_term_string}"},"query-input":{"@type":"PropertyValueSpecification","valueRequired":true,"valueName":"search_term_string"}}],"inLanguage":"en-US"},{"@type":"Organization","@id":"https:\/\/www.iemj.org\/en\/#organization","name":"Institut Europ\u00e9en des Musiques Juives","url":"https:\/\/www.iemj.org\/en\/","logo":{"@type":"ImageObject","inLanguage":"en-US","@id":"https:\/\/www.iemj.org\/en\/#\/schema\/logo\/image\/","url":"https:\/\/www.iemj.org\/wp-content\/uploads\/2021\/09\/Logo-IEMJ-Paypal.jpg","contentUrl":"https:\/\/www.iemj.org\/wp-content\/uploads\/2021\/09\/Logo-IEMJ-Paypal.jpg","width":150,"height":50,"caption":"Institut Europ\u00e9en des Musiques Juives"},"image":{"@id":"https:\/\/www.iemj.org\/en\/#\/schema\/logo\/image\/"},"sameAs":["https:\/\/www.facebook.com\/MusiquesJuives\/","https:\/\/www.instagram.com\/musiquesjuives\/","https:\/\/www.youtube.com\/user\/musiquesjuives"]},{"@type":"Person","@id":"https:\/\/www.iemj.org\/en\/#\/schema\/person\/c9bc1c386a3749579a2d675e72a18666","name":"Jean-Gabriel Davis","image":{"@type":"ImageObject","inLanguage":"en-US","@id":"https:\/\/secure.gravatar.com\/avatar\/2b90d67bdf392c9b3a21fab87c0fa7edaf1fb3a058172a1ffd61033fcec7aec1?s=96&d=mm&r=g","url":"https:\/\/secure.gravatar.com\/avatar\/2b90d67bdf392c9b3a21fab87c0fa7edaf1fb3a058172a1ffd61033fcec7aec1?s=96&d=mm&r=g","contentUrl":"https:\/\/secure.gravatar.com\/avatar\/2b90d67bdf392c9b3a21fab87c0fa7edaf1fb3a058172a1ffd61033fcec7aec1?s=96&d=mm&r=g","caption":"Jean-Gabriel Davis"}}]}},"_links":{"self":[{"href":"https:\/\/www.iemj.org\/en\/wp-json\/wp\/v2\/posts\/79433","targetHints":{"allow":["GET"]}}],"collection":[{"href":"https:\/\/www.iemj.org\/en\/wp-json\/wp\/v2\/posts"}],"about":[{"href":"https:\/\/www.iemj.org\/en\/wp-json\/wp\/v2\/types\/post"}],"author":[{"embeddable":true,"href":"https:\/\/www.iemj.org\/en\/wp-json\/wp\/v2\/users\/1048"}],"replies":[{"embeddable":true,"href":"https:\/\/www.iemj.org\/en\/wp-json\/wp\/v2\/comments?post=79433"}],"version-history":[{"count":0,"href":"https:\/\/www.iemj.org\/en\/wp-json\/wp\/v2\/posts\/79433\/revisions"}],"wp:featuredmedia":[{"embeddable":true,"href":"https:\/\/www.iemj.org\/en\/wp-json\/wp\/v2\/media\/74532"}],"wp:attachment":[{"href":"https:\/\/www.iemj.org\/en\/wp-json\/wp\/v2\/media?parent=79433"}],"wp:term":[{"taxonomy":"category","embeddable":true,"href":"https:\/\/www.iemj.org\/en\/wp-json\/wp\/v2\/categories?post=79433"},{"taxonomy":"post_tag","embeddable":true,"href":"https:\/\/www.iemj.org\/en\/wp-json\/wp\/v2\/tags?post=79433"},{"taxonomy":"technique","embeddable":true,"href":"https:\/\/www.iemj.org\/en\/wp-json\/wp\/v2\/technique?post=79433"},{"taxonomy":"squelettes","embeddable":true,"href":"https:\/\/www.iemj.org\/en\/wp-json\/wp\/v2\/squelettes?post=79433"},{"taxonomy":"sujet","embeddable":true,"href":"https:\/\/www.iemj.org\/en\/wp-json\/wp\/v2\/sujet?post=79433"},{"taxonomy":"formation","embeddable":true,"href":"https:\/\/www.iemj.org\/en\/wp-json\/wp\/v2\/formation?post=79433"},{"taxonomy":"genre","embeddable":true,"href":"https:\/\/www.iemj.org\/en\/wp-json\/wp\/v2\/genre?post=79433"},{"taxonomy":"fonds","embeddable":true,"href":"https:\/\/www.iemj.org\/en\/wp-json\/wp\/v2\/fonds?post=79433"},{"taxonomy":"tradition","embeddable":true,"href":"https:\/\/www.iemj.org\/en\/wp-json\/wp\/v2\/tradition?post=79433"},{"taxonomy":"type-de-contenu","embeddable":true,"href":"https:\/\/www.iemj.org\/en\/wp-json\/wp\/v2\/type-de-contenu?post=79433"},{"taxonomy":"interprete-compositeur","embeddable":true,"href":"https:\/\/www.iemj.org\/en\/wp-json\/wp\/v2\/interprete-compositeur?post=79433"},{"taxonomy":"frise","embeddable":true,"href":"https:\/\/www.iemj.org\/en\/wp-json\/wp\/v2\/frise?post=79433"},{"taxonomy":"type-devenement","embeddable":true,"href":"https:\/\/www.iemj.org\/en\/wp-json\/wp\/v2\/type-devenement?post=79433"},{"taxonomy":"tableaux-liens-externes","embeddable":true,"href":"https:\/\/www.iemj.org\/en\/wp-json\/wp\/v2\/tableaux-liens-externes?post=79433"}],"curies":[{"name":"wp","href":"https:\/\/api.w.org\/{rel}","templated":true}]}}