{"id":80248,"date":"2021-12-07T15:20:29","date_gmt":"2021-12-07T14:20:29","guid":{"rendered":"https:\/\/www.iemj.org\/elmaghribi-samy-1922-2008\/"},"modified":"2023-07-04T10:12:28","modified_gmt":"2023-07-04T08:12:28","slug":"elmaghribi-samy-1922-2008","status":"publish","type":"post","link":"https:\/\/www.iemj.org\/en\/elmaghribi-samy-1922-2008\/","title":{"rendered":"Elmaghribi, Samy (1922 &#8211; 2008)"},"content":{"rendered":"<p>Samy Elmaghribi, whose real name was Salomon Amzallag, was born on April 19, 1922 in Safi in Morocco, a quite symbolic day, as he told to a Canadian journalist: \u201cI was born under the sign of the singing, on th 7<sup>th<\/sup> day of Passover, the day when the Jewish people got out of Egypt. And, according to the Judeo-Spanish tradition, Moses sang when the Hebrews crossed the Red Sea. On the 8<sup>th<\/sup> day of my birth, my father invited <em>Shikhat<\/em>, women singers, to hum popular tunes near my crib.\u201d<\/p>\n<p>Salomon was the youngest of the three sons of Farha and Amram Amzallag. In 1926 the family settled in Rabat, and the young Samy quickly became fond of Arab-Andalusian music.<\/p>\n<p>Some say that at the age of 7, he built himself a mandolin, with the linen threads that he picked up in his father\u2019s clothing workshop. He learned to play the ud by himself and started to spend time with the musicians of the Jewish neighborhood of Rabat. He also sang in the synagogue and in family reunions.<\/p>\n<p>When he was 14 years old, while his mother had just passed away, Samy and his family settled down in Sale. He first studied at the Alliance Israelite, and then improved his musical art in Casablanca\u2019s Music Conservatory. And it\u2019s finally at the age of 20, that he left his position of commercial director to dedicate himself only to singing and music.<\/p>\n<p><img fetchpriority=\"high\" decoding=\"async\" class=\"wp-image-74020 alignright\" src=\"https:\/\/www.iemj.org\/wp-content\/uploads\/2021\/12\/I_393_B.jpg\" alt=\"\" width=\"221\" height=\"232\" srcset=\"https:\/\/www.iemj.org\/wp-content\/uploads\/2021\/12\/I_393_B.jpg 334w, https:\/\/www.iemj.org\/wp-content\/uploads\/2021\/12\/I_393_B-286x300.jpg 286w\" sizes=\"(max-width: 221px) 100vw, 221px\" \/>In 1948, his first hit <em>Loukane Elmlayin <\/em>(Ah, if I was a millionaire) drove him to Paris where he did his first record, on Path\u00e9 Marconi music label.<\/p>\n<p>In 1950, back in Morocco, he played with his orchestra the <em>Samy\u2019s boys<\/em>.<\/p>\n<p>Salomon Amzallag, whose fame got stronger in Morocco, settled then to Casablanca and adopted his artist name Samy Elmaghribi, Samy the Maghrebian. He created his own music label, <a href=\"https:\/\/www.iemj.org\/en\/le-label-samyphone\/\" target=\"_blank\" rel=\"noopener\"><em>Samyphone<\/em><\/a>, after having been edited for a long time by Path\u00e9.<\/p>\n<p>Between 1942 and 1964, Samy Elmaghribi wrote a song repertoire which became popular in all North Africa. Influenced by <a href=\"https:\/\/www.iemj.org\/en\/halali-salim-1920-2005\/\" target=\"_blank\" rel=\"noopener\"><strong>Salim Halali <\/strong><\/a>whom he admired the voice, he sang on one side traditional songs, in particular old <em>qassidat<\/em> by <strong>Sidi Qaddour Al \u2018Alami<\/strong>, <strong>Cheikh Bouazza<\/strong>, <strong>Bensliman<\/strong> and other great singers of the <em>malhun <\/em>poetry. On another side, he composed a popular music with traditional influences, based on patterns from <em>malhun<\/em> or <em>hawzi<\/em>.<\/p>\n<p>He did many tours, especially in Algeria, where he performed with the Symphonic Orchestra of Radio Alger.<\/p>\n<p>In 1960 he immigrated to Canada. At that time, the Sephardi community of Moroccan origin got bigger in Montreal and Samy Elmaghribi became in 1967 the first cantor of the Hispanic-Portuguese synagogue Shearith Israel. He officiated there during 16 years.\u00a0<\/p>\n<p><img decoding=\"async\" class=\"wp-image-74025 alignleft\" src=\"https:\/\/www.iemj.org\/wp-content\/uploads\/2021\/12\/I_393_C.jpg\" alt=\"\" width=\"216\" height=\"222\" srcset=\"https:\/\/www.iemj.org\/wp-content\/uploads\/2021\/12\/I_393_C.jpg 341w, https:\/\/www.iemj.org\/wp-content\/uploads\/2021\/12\/I_393_C-292x300.jpg 292w\" sizes=\"(max-width: 216px) 100vw, 216px\" \/>In 1984, he left Montreal for Ashdod in Israel. He created there the <strong>Merkaz Piyyout Veshira<\/strong>, a Sephardic music center where he taught as the educational director from 1988 to 1994, and conducted a choir of students which would later become the <strong>Israeli Andalusian Orchestra<\/strong>. On April 27, 2005, Samy Elmaghribi participated to a tribute concert, to his career as a singer and master. The event, which took place at the opera of Tel Aviv, also marked the 10<sup>th<\/sup> anniversary of the Israeli Andalusian Orchestra.<\/p>\n<p>He returned to Montreal in 1996, but continued to travel the world and participated in many big musical events, such as the Festival of Gharnati Singing in Rabat and Oujda (1999) and the Arab-Andalusian Festival at the UNESCO in Paris (2000). In 2006, he was invited in the popular TV show <em>Shada al alhan<\/em>, of which the video became viral on YouTube.<\/p>\n<p>In USA, he worked for a certain time as a cantor of the Beit Yosef Sephardi synagogue of New Jersey, and taught Sephardi liturgy, especially in the Yeshiva University of New York.<\/p>\n<p>Samy Elmaghribi passed away on March 9, 2008 in Montreal.<\/p>\n<p><strong>A MUSICAL GENIUS\u00a0<\/strong> <br \/>Samy Elmaghribi knew how to unite tradition and modernity, sacred and secular, Jews and Muslims.<\/p>\n<p><img decoding=\"async\" class=\"alignright wp-image-74030 \" src=\"https:\/\/www.iemj.org\/wp-content\/uploads\/2021\/12\/I_397.jpg\" alt=\"\" width=\"185\" height=\"258\" srcset=\"https:\/\/www.iemj.org\/wp-content\/uploads\/2021\/12\/I_397.jpg 251w, https:\/\/www.iemj.org\/wp-content\/uploads\/2021\/12\/I_397-215x300.jpg 215w\" sizes=\"(max-width: 185px) 100vw, 185px\" \/>His music integrated the quintessence of the Judeo-Moroccan and Andalusian musical heritage. He had a unique musical knowledge that was also found in his perfect mastery of Hebrew and classical Arabic. He was the first man to transcribe Andalusian music. He studied its repertoire to train music lovers in the Judeo-Moroccan tradition of sung poetry, the <em>piyutim<\/em>, <em>malhun<\/em> and <em>matrouz<\/em>, the <em>gharnati \u00a0nubas<\/em>, the Moroccan <em>mou\u2019al<\/em>, the Algerian <em>cha\u2019\u00e2bi<\/em> and the <em>hawzi<\/em>.<\/p>\n<p>He mastered and combined harmoniously four genres: popular Moroccan songs, ancient and modern, classical Andalusian singing, and liturgical chanting, to which he integrated melodies from Turkey and Central Europe.<\/p>\n<p>Il a suivi le sentier d\u00e9j\u00e0 trac\u00e9 par d\u2019autres avant lui au d\u00e9but du 20<sup>e<\/sup> si\u00e8cle, notamment par <strong>Edmond-Nathan Yafil<\/strong>, qui a publi\u00e9 son <em>Diwan El Aghani Min Kalam El Andalous<\/em> en 1905, et par <strong>David Iflah<\/strong>, consid\u00e9r\u00e9 comme le \u201cDoyen\u201d de la musique andalouse, et respect\u00e9 de ses pairs juifs et musulmans.<\/p>\n<p>However, contrary to his predecessors, he always applied his art by experimenting, and recorded the music in each genre forming the Judeo-Arabic-Andalusian musical repertoire. His genius lay in his ability to draw from the vast musical opus of the eleven <em>nubas<\/em> of Andalusian music each time he wanted to compose new tunes. His intimate knowledge of the 5 movements of each <em>nuba<\/em> allowed him to extract from them melodies which were easy to perform, as much in religious or secular contexts.<\/p>\n<p>Thanks to his encyclopedic musical knowledge, he could easily hear the slight differences between classical Andalusian music and the <em>gharnati<\/em> genre.<\/p>\n<p>Samy travelled to Algiers in the 1950\u2019s to hear the great masters such as <strong>Dahman Ben Achoure<\/strong> or <strong>Reinette l\u2019Oranaise<\/strong>, and to get acquainted with tonalities found only in the Algerian interpretation of the <em>gharnati<\/em> music. He would later use this non-orchestral musical form to lead services in the great synagogues of Casablanca, Paris, Jerusalem and Montreal. His performances of the Kol Nidre are known for its power and delicacy of its intonations. \u201cNever has a Maghrebian Jew had such influence on a musical repertoire perceived mainly as the exclusive domain of the <img loading=\"lazy\" decoding=\"async\" class=\"alignleft wp-image-74034\" src=\"https:\/\/www.iemj.org\/wp-content\/uploads\/2021\/12\/I_398-e1643991124527.jpg\" alt=\"\" width=\"296\" height=\"200\" \/>Arabs\u201d. (Avraham Elarar, president of the Israeli Andalusian Orchestra\u2018s foundation).<\/p>\n<p>His interpretation of popular songs, the <em>qassidat<\/em>, and his songs with a style recognizable among all, have remained forever engraved in the hearts of a community scattered around the world, and even in those of the new generation which hums his tunes, even if they do not always understand the words and the meaning.<\/p>\n<p>Samy succeded to unite Jews and Muslims through the love of songs, and thus contributed to the vision of peace of future time.<\/p>\n<p><strong>Sources:<\/strong><\/p>\n<ul>\n<li><a href=\"http:\/\/www.rachelnet.net\/F?func=find-c&amp;ccl_term=WCC+%3D+A_1873&amp;local_base=iemcg\" target=\"_blank\" rel=\"noopener\">\u201cHommage \u00e0 Salomon Amzallag Z\u2019L, interpr\u00e8te et, auteur-compositeur, musicien et cantor\u201d<\/a> (a compilation of testimonies and articles after his death. Archive : A_1873)<\/li>\n<li><a href=\"https:\/\/www.lemonde.fr\/disparitions\/article\/2008\/03\/29\/samy-al-maghribi-le-chanteur-de-l-emotion_1028788_3382.html\" target=\"_blank\" rel=\"noopener\">Samy Al-Maghribi, \u201cle chanteur de l\u2019\u00e9motion\u201d<\/a>\u00a0Le Monde, 29 mars 2008<\/li>\n<li><a href=\"http:\/\/juifdumaroc.over-blog.com\/2017\/11\/portrait-de-mr-samy-el-maghribi.html\" target=\"_blank\" rel=\"noopener\">Portrait de Mr Samy El Maghribi, Juif du Maroc<\/a><\/li>\n<li><a href=\"https:\/\/fr.calameo.com\/books\/00550150899495a93d4ab\" target=\"_blank\" rel=\"noopener\">Cantor Salomon Amzalag \u2013 Samy El Maghribi<\/a><\/li>\n<\/ul>\n<h3>\u00a0<\/h3>\n<h3 style=\"padding-left: 40px;\"><a href=\"https:\/\/www.iemj.org\/en\/samy-elmaghribi\/\" target=\"_blank\" rel=\"noopener\">Listen to the playlist dedicated to Samy Elmaghribi<\/a><\/h3>\n<h3>\u00a0<\/h3>\n<h3 style=\"padding-left: 40px;\"><a href=\"http:\/\/www.rachelnet.net\/F\/?func=find-c&amp;ccl_term=WRD+%3D+Samy+Elmaghribi&amp;local_base=iemcg\" target=\"_blank\" rel=\"noopener\">Browse our archives on Sammy Elmaghribi<\/a><\/h3>\n<p>\u00a0<\/p>\n\n\n<figure class=\"wp-block-video\"><video controls poster=\"https:\/\/www.iemj.org\/wp-content\/uploads\/2021\/12\/Capture-video-Elmaghribi.jpg\" src=\"https:\/\/www.iemj.org\/wp-content\/uploads\/2021\/12\/V_230B_EX.m4v\"><\/video><figcaption class=\"wp-element-caption\"><strong>Watch an excerpt from a video featuring Samy Elmaghribi and Reinette l\u2019Oranaise, from our collections<\/strong><\/figcaption><\/figure>\n\n\n<h3>&nbsp;<\/h3>\n<p><\/p>","protected":false},"excerpt":{"rendered":"<p>Samy Elmaghribi, whose real name was Salomon Amzallag, was born on April 19, 1922 in Safi in Morocco, a quite symbolic day, as he told to a Canadian journalist: \u201cI<\/p>\n","protected":false},"author":1052,"featured_media":74042,"comment_status":"closed","ping_status":"closed","sticky":false,"template":"","format":"standard","meta":{"_acf_changed":false,"footnotes":""},"categories":[903],"tags":[],"technique":[],"squelettes":[],"sujet":[],"formation":[],"genre":[],"fonds":[],"tradition":[],"type-de-contenu":[],"interprete-compositeur":[],"frise":[],"type-devenement":[],"tableaux-liens-externes":[],"class_list":["post-80248","post","type-post","status-publish","format-standard","has-post-thumbnail","hentry","category-biographies-en"],"acf":[],"yoast_head":"<!-- This site is optimized with the Yoast SEO plugin v27.3 - https:\/\/yoast.com\/product\/yoast-seo-wordpress\/ -->\n<title>Elmaghribi, Samy (1922 - 2008) - Institut Europ\u00e9en des Musiques Juives<\/title>\n<meta name=\"robots\" content=\"index, follow, max-snippet:-1, max-image-preview:large, max-video-preview:-1\" \/>\n<link rel=\"canonical\" href=\"https:\/\/www.iemj.org\/en\/elmaghribi-samy-1922-2008\/\" \/>\n<meta property=\"og:locale\" content=\"en_US\" \/>\n<meta property=\"og:type\" content=\"article\" \/>\n<meta property=\"og:title\" content=\"Elmaghribi, Samy (1922 - 2008) - Institut Europ\u00e9en des Musiques Juives\" \/>\n<meta property=\"og:description\" content=\"Samy Elmaghribi, whose real name was Salomon Amzallag, was born on April 19, 1922 in Safi in Morocco, a quite symbolic day, as he told to a Canadian journalist: \u201cI\" \/>\n<meta property=\"og:url\" content=\"https:\/\/www.iemj.org\/en\/elmaghribi-samy-1922-2008\/\" \/>\n<meta property=\"og:site_name\" content=\"Institut Europ\u00e9en des Musiques Juives\" \/>\n<meta property=\"article:publisher\" content=\"https:\/\/www.facebook.com\/MusiquesJuives\/\" \/>\n<meta property=\"article:published_time\" content=\"2021-12-07T14:20:29+00:00\" \/>\n<meta property=\"article:modified_time\" content=\"2023-07-04T08:12:28+00:00\" \/>\n<meta property=\"og:image\" content=\"https:\/\/www.iemj.org\/wp-content\/uploads\/2021\/12\/Logo-Elmaghribi-e1638888683654.jpg\" \/>\n\t<meta property=\"og:image:width\" content=\"173\" \/>\n\t<meta property=\"og:image:height\" content=\"218\" \/>\n\t<meta property=\"og:image:type\" content=\"image\/jpeg\" \/>\n<meta name=\"author\" content=\"Lea Couderc\" \/>\n<meta name=\"twitter:card\" content=\"summary_large_image\" \/>\n<meta name=\"twitter:label1\" content=\"Written by\" \/>\n\t<meta name=\"twitter:data1\" content=\"Lea Couderc\" \/>\n\t<meta name=\"twitter:label2\" content=\"Est. reading time\" \/>\n\t<meta name=\"twitter:data2\" content=\"7 minutes\" \/>\n<script type=\"application\/ld+json\" class=\"yoast-schema-graph\">{\"@context\":\"https:\\\/\\\/schema.org\",\"@graph\":[{\"@type\":\"Article\",\"@id\":\"https:\\\/\\\/www.iemj.org\\\/en\\\/elmaghribi-samy-1922-2008\\\/#article\",\"isPartOf\":{\"@id\":\"https:\\\/\\\/www.iemj.org\\\/en\\\/elmaghribi-samy-1922-2008\\\/\"},\"author\":{\"name\":\"Lea Couderc\",\"@id\":\"https:\\\/\\\/www.iemj.org\\\/en\\\/#\\\/schema\\\/person\\\/e2ad57f2c4be119c7ed8ab79036807a9\"},\"headline\":\"Elmaghribi, Samy (1922 &#8211; 2008)\",\"datePublished\":\"2021-12-07T14:20:29+00:00\",\"dateModified\":\"2023-07-04T08:12:28+00:00\",\"mainEntityOfPage\":{\"@id\":\"https:\\\/\\\/www.iemj.org\\\/en\\\/elmaghribi-samy-1922-2008\\\/\"},\"wordCount\":1160,\"publisher\":{\"@id\":\"https:\\\/\\\/www.iemj.org\\\/en\\\/#organization\"},\"image\":{\"@id\":\"https:\\\/\\\/www.iemj.org\\\/en\\\/elmaghribi-samy-1922-2008\\\/#primaryimage\"},\"thumbnailUrl\":\"https:\\\/\\\/www.iemj.org\\\/wp-content\\\/uploads\\\/2021\\\/12\\\/Logo-Elmaghribi-e1638888683654.jpg\",\"articleSection\":[\"Biographies\"],\"inLanguage\":\"en-US\"},{\"@type\":\"WebPage\",\"@id\":\"https:\\\/\\\/www.iemj.org\\\/en\\\/elmaghribi-samy-1922-2008\\\/\",\"url\":\"https:\\\/\\\/www.iemj.org\\\/en\\\/elmaghribi-samy-1922-2008\\\/\",\"name\":\"Elmaghribi, Samy (1922 - 2008) - Institut Europ\u00e9en des Musiques Juives\",\"isPartOf\":{\"@id\":\"https:\\\/\\\/www.iemj.org\\\/en\\\/#website\"},\"primaryImageOfPage\":{\"@id\":\"https:\\\/\\\/www.iemj.org\\\/en\\\/elmaghribi-samy-1922-2008\\\/#primaryimage\"},\"image\":{\"@id\":\"https:\\\/\\\/www.iemj.org\\\/en\\\/elmaghribi-samy-1922-2008\\\/#primaryimage\"},\"thumbnailUrl\":\"https:\\\/\\\/www.iemj.org\\\/wp-content\\\/uploads\\\/2021\\\/12\\\/Logo-Elmaghribi-e1638888683654.jpg\",\"datePublished\":\"2021-12-07T14:20:29+00:00\",\"dateModified\":\"2023-07-04T08:12:28+00:00\",\"breadcrumb\":{\"@id\":\"https:\\\/\\\/www.iemj.org\\\/en\\\/elmaghribi-samy-1922-2008\\\/#breadcrumb\"},\"inLanguage\":\"en-US\",\"potentialAction\":[{\"@type\":\"ReadAction\",\"target\":[\"https:\\\/\\\/www.iemj.org\\\/en\\\/elmaghribi-samy-1922-2008\\\/\"]}]},{\"@type\":\"ImageObject\",\"inLanguage\":\"en-US\",\"@id\":\"https:\\\/\\\/www.iemj.org\\\/en\\\/elmaghribi-samy-1922-2008\\\/#primaryimage\",\"url\":\"https:\\\/\\\/www.iemj.org\\\/wp-content\\\/uploads\\\/2021\\\/12\\\/Logo-Elmaghribi-e1638888683654.jpg\",\"contentUrl\":\"https:\\\/\\\/www.iemj.org\\\/wp-content\\\/uploads\\\/2021\\\/12\\\/Logo-Elmaghribi-e1638888683654.jpg\",\"width\":173,\"height\":218},{\"@type\":\"BreadcrumbList\",\"@id\":\"https:\\\/\\\/www.iemj.org\\\/en\\\/elmaghribi-samy-1922-2008\\\/#breadcrumb\",\"itemListElement\":[{\"@type\":\"ListItem\",\"position\":1,\"name\":\"Accueil\",\"item\":\"https:\\\/\\\/www.iemj.org\\\/en\\\/\"},{\"@type\":\"ListItem\",\"position\":2,\"name\":\"Elmaghribi, Samy (1922 &#8211; 2008)\"}]},{\"@type\":\"WebSite\",\"@id\":\"https:\\\/\\\/www.iemj.org\\\/en\\\/#website\",\"url\":\"https:\\\/\\\/www.iemj.org\\\/en\\\/\",\"name\":\"Institut Europ\u00e9en des Musiques Juives\",\"description\":\"Des traditions musicales \u00e0 la port\u00e9e de tous\",\"publisher\":{\"@id\":\"https:\\\/\\\/www.iemj.org\\\/en\\\/#organization\"},\"potentialAction\":[{\"@type\":\"SearchAction\",\"target\":{\"@type\":\"EntryPoint\",\"urlTemplate\":\"https:\\\/\\\/www.iemj.org\\\/en\\\/?s={search_term_string}\"},\"query-input\":{\"@type\":\"PropertyValueSpecification\",\"valueRequired\":true,\"valueName\":\"search_term_string\"}}],\"inLanguage\":\"en-US\"},{\"@type\":\"Organization\",\"@id\":\"https:\\\/\\\/www.iemj.org\\\/en\\\/#organization\",\"name\":\"Institut Europ\u00e9en des Musiques Juives\",\"url\":\"https:\\\/\\\/www.iemj.org\\\/en\\\/\",\"logo\":{\"@type\":\"ImageObject\",\"inLanguage\":\"en-US\",\"@id\":\"https:\\\/\\\/www.iemj.org\\\/en\\\/#\\\/schema\\\/logo\\\/image\\\/\",\"url\":\"https:\\\/\\\/www.iemj.org\\\/wp-content\\\/uploads\\\/2021\\\/09\\\/Logo-IEMJ-Paypal.jpg\",\"contentUrl\":\"https:\\\/\\\/www.iemj.org\\\/wp-content\\\/uploads\\\/2021\\\/09\\\/Logo-IEMJ-Paypal.jpg\",\"width\":150,\"height\":50,\"caption\":\"Institut Europ\u00e9en des Musiques Juives\"},\"image\":{\"@id\":\"https:\\\/\\\/www.iemj.org\\\/en\\\/#\\\/schema\\\/logo\\\/image\\\/\"},\"sameAs\":[\"https:\\\/\\\/www.facebook.com\\\/MusiquesJuives\\\/\",\"https:\\\/\\\/www.instagram.com\\\/musiquesjuives\\\/\",\"https:\\\/\\\/www.youtube.com\\\/user\\\/musiquesjuives\"]},{\"@type\":\"Person\",\"@id\":\"https:\\\/\\\/www.iemj.org\\\/en\\\/#\\\/schema\\\/person\\\/e2ad57f2c4be119c7ed8ab79036807a9\",\"name\":\"Lea Couderc\",\"image\":{\"@type\":\"ImageObject\",\"inLanguage\":\"en-US\",\"@id\":\"https:\\\/\\\/secure.gravatar.com\\\/avatar\\\/46ee021475d60aeff17a7e490b79dea5a5684bb392ab7fd1494027411df8ba23?s=96&d=mm&r=g\",\"url\":\"https:\\\/\\\/secure.gravatar.com\\\/avatar\\\/46ee021475d60aeff17a7e490b79dea5a5684bb392ab7fd1494027411df8ba23?s=96&d=mm&r=g\",\"contentUrl\":\"https:\\\/\\\/secure.gravatar.com\\\/avatar\\\/46ee021475d60aeff17a7e490b79dea5a5684bb392ab7fd1494027411df8ba23?s=96&d=mm&r=g\",\"caption\":\"Lea Couderc\"}}]}<\/script>\n<!-- \/ Yoast SEO plugin. -->","yoast_head_json":{"title":"Elmaghribi, Samy (1922 - 2008) - Institut Europ\u00e9en des Musiques Juives","robots":{"index":"index","follow":"follow","max-snippet":"max-snippet:-1","max-image-preview":"max-image-preview:large","max-video-preview":"max-video-preview:-1"},"canonical":"https:\/\/www.iemj.org\/en\/elmaghribi-samy-1922-2008\/","og_locale":"en_US","og_type":"article","og_title":"Elmaghribi, Samy (1922 - 2008) - Institut Europ\u00e9en des Musiques Juives","og_description":"Samy Elmaghribi, whose real name was Salomon Amzallag, was born on April 19, 1922 in Safi in Morocco, a quite symbolic day, as he told to a Canadian journalist: \u201cI","og_url":"https:\/\/www.iemj.org\/en\/elmaghribi-samy-1922-2008\/","og_site_name":"Institut Europ\u00e9en des Musiques Juives","article_publisher":"https:\/\/www.facebook.com\/MusiquesJuives\/","article_published_time":"2021-12-07T14:20:29+00:00","article_modified_time":"2023-07-04T08:12:28+00:00","og_image":[{"width":173,"height":218,"url":"https:\/\/www.iemj.org\/wp-content\/uploads\/2021\/12\/Logo-Elmaghribi-e1638888683654.jpg","type":"image\/jpeg"}],"author":"Lea Couderc","twitter_card":"summary_large_image","twitter_misc":{"Written by":"Lea Couderc","Est. reading time":"7 minutes"},"schema":{"@context":"https:\/\/schema.org","@graph":[{"@type":"Article","@id":"https:\/\/www.iemj.org\/en\/elmaghribi-samy-1922-2008\/#article","isPartOf":{"@id":"https:\/\/www.iemj.org\/en\/elmaghribi-samy-1922-2008\/"},"author":{"name":"Lea Couderc","@id":"https:\/\/www.iemj.org\/en\/#\/schema\/person\/e2ad57f2c4be119c7ed8ab79036807a9"},"headline":"Elmaghribi, Samy (1922 &#8211; 2008)","datePublished":"2021-12-07T14:20:29+00:00","dateModified":"2023-07-04T08:12:28+00:00","mainEntityOfPage":{"@id":"https:\/\/www.iemj.org\/en\/elmaghribi-samy-1922-2008\/"},"wordCount":1160,"publisher":{"@id":"https:\/\/www.iemj.org\/en\/#organization"},"image":{"@id":"https:\/\/www.iemj.org\/en\/elmaghribi-samy-1922-2008\/#primaryimage"},"thumbnailUrl":"https:\/\/www.iemj.org\/wp-content\/uploads\/2021\/12\/Logo-Elmaghribi-e1638888683654.jpg","articleSection":["Biographies"],"inLanguage":"en-US"},{"@type":"WebPage","@id":"https:\/\/www.iemj.org\/en\/elmaghribi-samy-1922-2008\/","url":"https:\/\/www.iemj.org\/en\/elmaghribi-samy-1922-2008\/","name":"Elmaghribi, Samy (1922 - 2008) - Institut Europ\u00e9en des Musiques Juives","isPartOf":{"@id":"https:\/\/www.iemj.org\/en\/#website"},"primaryImageOfPage":{"@id":"https:\/\/www.iemj.org\/en\/elmaghribi-samy-1922-2008\/#primaryimage"},"image":{"@id":"https:\/\/www.iemj.org\/en\/elmaghribi-samy-1922-2008\/#primaryimage"},"thumbnailUrl":"https:\/\/www.iemj.org\/wp-content\/uploads\/2021\/12\/Logo-Elmaghribi-e1638888683654.jpg","datePublished":"2021-12-07T14:20:29+00:00","dateModified":"2023-07-04T08:12:28+00:00","breadcrumb":{"@id":"https:\/\/www.iemj.org\/en\/elmaghribi-samy-1922-2008\/#breadcrumb"},"inLanguage":"en-US","potentialAction":[{"@type":"ReadAction","target":["https:\/\/www.iemj.org\/en\/elmaghribi-samy-1922-2008\/"]}]},{"@type":"ImageObject","inLanguage":"en-US","@id":"https:\/\/www.iemj.org\/en\/elmaghribi-samy-1922-2008\/#primaryimage","url":"https:\/\/www.iemj.org\/wp-content\/uploads\/2021\/12\/Logo-Elmaghribi-e1638888683654.jpg","contentUrl":"https:\/\/www.iemj.org\/wp-content\/uploads\/2021\/12\/Logo-Elmaghribi-e1638888683654.jpg","width":173,"height":218},{"@type":"BreadcrumbList","@id":"https:\/\/www.iemj.org\/en\/elmaghribi-samy-1922-2008\/#breadcrumb","itemListElement":[{"@type":"ListItem","position":1,"name":"Accueil","item":"https:\/\/www.iemj.org\/en\/"},{"@type":"ListItem","position":2,"name":"Elmaghribi, Samy (1922 &#8211; 2008)"}]},{"@type":"WebSite","@id":"https:\/\/www.iemj.org\/en\/#website","url":"https:\/\/www.iemj.org\/en\/","name":"Institut Europ\u00e9en des Musiques Juives","description":"Des traditions musicales \u00e0 la port\u00e9e de tous","publisher":{"@id":"https:\/\/www.iemj.org\/en\/#organization"},"potentialAction":[{"@type":"SearchAction","target":{"@type":"EntryPoint","urlTemplate":"https:\/\/www.iemj.org\/en\/?s={search_term_string}"},"query-input":{"@type":"PropertyValueSpecification","valueRequired":true,"valueName":"search_term_string"}}],"inLanguage":"en-US"},{"@type":"Organization","@id":"https:\/\/www.iemj.org\/en\/#organization","name":"Institut Europ\u00e9en des Musiques Juives","url":"https:\/\/www.iemj.org\/en\/","logo":{"@type":"ImageObject","inLanguage":"en-US","@id":"https:\/\/www.iemj.org\/en\/#\/schema\/logo\/image\/","url":"https:\/\/www.iemj.org\/wp-content\/uploads\/2021\/09\/Logo-IEMJ-Paypal.jpg","contentUrl":"https:\/\/www.iemj.org\/wp-content\/uploads\/2021\/09\/Logo-IEMJ-Paypal.jpg","width":150,"height":50,"caption":"Institut Europ\u00e9en des Musiques Juives"},"image":{"@id":"https:\/\/www.iemj.org\/en\/#\/schema\/logo\/image\/"},"sameAs":["https:\/\/www.facebook.com\/MusiquesJuives\/","https:\/\/www.instagram.com\/musiquesjuives\/","https:\/\/www.youtube.com\/user\/musiquesjuives"]},{"@type":"Person","@id":"https:\/\/www.iemj.org\/en\/#\/schema\/person\/e2ad57f2c4be119c7ed8ab79036807a9","name":"Lea Couderc","image":{"@type":"ImageObject","inLanguage":"en-US","@id":"https:\/\/secure.gravatar.com\/avatar\/46ee021475d60aeff17a7e490b79dea5a5684bb392ab7fd1494027411df8ba23?s=96&d=mm&r=g","url":"https:\/\/secure.gravatar.com\/avatar\/46ee021475d60aeff17a7e490b79dea5a5684bb392ab7fd1494027411df8ba23?s=96&d=mm&r=g","contentUrl":"https:\/\/secure.gravatar.com\/avatar\/46ee021475d60aeff17a7e490b79dea5a5684bb392ab7fd1494027411df8ba23?s=96&d=mm&r=g","caption":"Lea Couderc"}}]}},"_links":{"self":[{"href":"https:\/\/www.iemj.org\/en\/wp-json\/wp\/v2\/posts\/80248","targetHints":{"allow":["GET"]}}],"collection":[{"href":"https:\/\/www.iemj.org\/en\/wp-json\/wp\/v2\/posts"}],"about":[{"href":"https:\/\/www.iemj.org\/en\/wp-json\/wp\/v2\/types\/post"}],"author":[{"embeddable":true,"href":"https:\/\/www.iemj.org\/en\/wp-json\/wp\/v2\/users\/1052"}],"replies":[{"embeddable":true,"href":"https:\/\/www.iemj.org\/en\/wp-json\/wp\/v2\/comments?post=80248"}],"version-history":[{"count":0,"href":"https:\/\/www.iemj.org\/en\/wp-json\/wp\/v2\/posts\/80248\/revisions"}],"wp:featuredmedia":[{"embeddable":true,"href":"https:\/\/www.iemj.org\/en\/wp-json\/wp\/v2\/media\/74042"}],"wp:attachment":[{"href":"https:\/\/www.iemj.org\/en\/wp-json\/wp\/v2\/media?parent=80248"}],"wp:term":[{"taxonomy":"category","embeddable":true,"href":"https:\/\/www.iemj.org\/en\/wp-json\/wp\/v2\/categories?post=80248"},{"taxonomy":"post_tag","embeddable":true,"href":"https:\/\/www.iemj.org\/en\/wp-json\/wp\/v2\/tags?post=80248"},{"taxonomy":"technique","embeddable":true,"href":"https:\/\/www.iemj.org\/en\/wp-json\/wp\/v2\/technique?post=80248"},{"taxonomy":"squelettes","embeddable":true,"href":"https:\/\/www.iemj.org\/en\/wp-json\/wp\/v2\/squelettes?post=80248"},{"taxonomy":"sujet","embeddable":true,"href":"https:\/\/www.iemj.org\/en\/wp-json\/wp\/v2\/sujet?post=80248"},{"taxonomy":"formation","embeddable":true,"href":"https:\/\/www.iemj.org\/en\/wp-json\/wp\/v2\/formation?post=80248"},{"taxonomy":"genre","embeddable":true,"href":"https:\/\/www.iemj.org\/en\/wp-json\/wp\/v2\/genre?post=80248"},{"taxonomy":"fonds","embeddable":true,"href":"https:\/\/www.iemj.org\/en\/wp-json\/wp\/v2\/fonds?post=80248"},{"taxonomy":"tradition","embeddable":true,"href":"https:\/\/www.iemj.org\/en\/wp-json\/wp\/v2\/tradition?post=80248"},{"taxonomy":"type-de-contenu","embeddable":true,"href":"https:\/\/www.iemj.org\/en\/wp-json\/wp\/v2\/type-de-contenu?post=80248"},{"taxonomy":"interprete-compositeur","embeddable":true,"href":"https:\/\/www.iemj.org\/en\/wp-json\/wp\/v2\/interprete-compositeur?post=80248"},{"taxonomy":"frise","embeddable":true,"href":"https:\/\/www.iemj.org\/en\/wp-json\/wp\/v2\/frise?post=80248"},{"taxonomy":"type-devenement","embeddable":true,"href":"https:\/\/www.iemj.org\/en\/wp-json\/wp\/v2\/type-devenement?post=80248"},{"taxonomy":"tableaux-liens-externes","embeddable":true,"href":"https:\/\/www.iemj.org\/en\/wp-json\/wp\/v2\/tableaux-liens-externes?post=80248"}],"curies":[{"name":"wp","href":"https:\/\/api.w.org\/{rel}","templated":true}]}}