{"id":8060,"date":"2015-10-14T12:30:55","date_gmt":"2015-10-14T10:30:55","guid":{"rendered":"https:\/\/www.iemj.org\/2015\/10\/14\/nous-contacter-2\/"},"modified":"2015-10-14T12:30:55","modified_gmt":"2015-10-14T10:30:55","slug":"nous-contacter-2","status":"publish","type":"post","link":"https:\/\/www.iemj.org\/en\/nous-contacter-2\/","title":{"rendered":"Nous contacter"},"content":{"rendered":"<p><strong>Heures d\u2019ouverture<\/strong> : L&#8217;IEMJ est ouvert du lundi au jeudi de 10h \u00e0 13h et de 14h \u00e0 17h sur rendez-vous. Le nombre de postes d\u2019\u00e9coute \u00e9tant limit\u00e9, il est vivement recommand\u00e9 de r\u00e9server par t\u00e9l\u00e9phone (01 45 82 20 52) ou par mail (<a href=\"mailto:contact@iemj.org\">contact@iemj.org<\/a>) avant de venir.<\/p>\n<p><strong>Conditions d\u2019acc\u00e8s \u00e0 la M\u00e9diath\u00e8que<\/strong> : 1\u00e8re visite gratuite, visites suivantes : 10 \u20ac (5 \u20ac pour les \u00e9tudiants, ch\u00f4meurs et membres ou adh\u00e9rents des institutions partenaires de l&#8217;IEMJ)<\/p>\n<p><strong>Conditions de consultation<\/strong> : Consultation sur place de l\u2019ensemble du fonds.<\/p>\n<p><strong>Conditions d\u2019emprunt<\/strong> : Le pr\u00eat est r\u00e9serv\u00e9 aux travaux de recherche, de documentation et de valorisation du patrimoine musical juif.<\/p>\n<p><strong>Adresse<\/strong> : Institut Europ\u00e9en des Musiques Juives &#8211; 29 rue Marcel Duchamps (acc\u00e8s 42 rue Nationale) &#8211; 75013 Paris<br \/>\n<strong>T\u00e9l<\/strong> : 01 45 82 20 52<\/p>\n<p><strong>Transports<\/strong> : Porte d&#8217;Ivry (ligne 7 et Tramway 3), Les Olympiades (ligne 14), Nationale (ligne 6). Bus : 62, 64 et 83<br \/>\n<strong><\/strong><br \/>\n<strong>Mail<\/strong> : <a href=\"mailto:contact@iemj.org\">contact@iemj.org<\/a><\/p>\n<p><carte_gis1|id_=article285|width=100%|zoom=15|type=carte|control=small><\/p>\n","protected":false},"excerpt":{"rendered":"<p>Heures d\u2019ouverture : L&#8217;IEMJ est ouvert du lundi au jeudi de 10h \u00e0 13h et de 14h \u00e0 17h sur rendez-vous. Le nombre de postes d\u2019\u00e9coute \u00e9tant limit\u00e9, il est<\/p>\n","protected":false},"author":1230,"featured_media":0,"comment_status":"closed","ping_status":"open","sticky":false,"template":"","format":"standard","meta":{"_acf_changed":false,"footnotes":""},"categories":[811],"tags":[],"technique":[],"squelettes":[],"sujet":[],"formation":[],"genre":[],"fonds":[],"tradition":[],"type-de-contenu":[],"interprete-compositeur":[],"frise":[],"type-devenement":[],"tableaux-liens-externes":[],"class_list":["post-8060","post","type-post","status-publish","format-standard","hentry","category-actualites"],"acf":[],"yoast_head":"<!-- This site is optimized with the Yoast SEO plugin v27.3 - https:\/\/yoast.com\/product\/yoast-seo-wordpress\/ -->\n<title>Nous contacter - Institut Europ\u00e9en des Musiques Juives<\/title>\n<meta name=\"robots\" content=\"index, follow, max-snippet:-1, max-image-preview:large, max-video-preview:-1\" \/>\n<link rel=\"canonical\" href=\"https:\/\/www.iemj.org\/en\/nous-contacter-2\/\" \/>\n<meta property=\"og:locale\" content=\"en_US\" \/>\n<meta property=\"og:type\" content=\"article\" \/>\n<meta property=\"og:title\" content=\"Nous contacter - Institut Europ\u00e9en des Musiques Juives\" \/>\n<meta property=\"og:description\" content=\"Heures d\u2019ouverture : L&#8217;IEMJ est ouvert du lundi au jeudi de 10h \u00e0 13h et de 14h \u00e0 17h sur rendez-vous. Le nombre de postes d\u2019\u00e9coute \u00e9tant limit\u00e9, il est\" \/>\n<meta property=\"og:url\" content=\"https:\/\/www.iemj.org\/en\/nous-contacter-2\/\" \/>\n<meta property=\"og:site_name\" content=\"Institut Europ\u00e9en des Musiques Juives\" \/>\n<meta property=\"article:publisher\" content=\"https:\/\/www.facebook.com\/MusiquesJuives\/\" \/>\n<meta property=\"article:published_time\" content=\"2015-10-14T10:30:55+00:00\" \/>\n<meta name=\"author\" content=\"Gael Chareyre\" \/>\n<meta name=\"twitter:card\" content=\"summary_large_image\" \/>\n<meta name=\"twitter:label1\" content=\"Written by\" \/>\n\t<meta name=\"twitter:data1\" content=\"Gael Chareyre\" \/>\n\t<meta name=\"twitter:label2\" content=\"Est. reading time\" \/>\n\t<meta name=\"twitter:data2\" content=\"1 minute\" \/>\n<script type=\"application\/ld+json\" class=\"yoast-schema-graph\">{\"@context\":\"https:\\\/\\\/schema.org\",\"@graph\":[{\"@type\":\"Article\",\"@id\":\"https:\\\/\\\/www.iemj.org\\\/en\\\/nous-contacter-2\\\/#article\",\"isPartOf\":{\"@id\":\"https:\\\/\\\/www.iemj.org\\\/en\\\/nous-contacter-2\\\/\"},\"author\":{\"name\":\"Gael Chareyre\",\"@id\":\"https:\\\/\\\/www.iemj.org\\\/en\\\/#\\\/schema\\\/person\\\/2dc660f2d7c29449b645cc5cb9f2752c\"},\"headline\":\"Nous contacter\",\"datePublished\":\"2015-10-14T10:30:55+00:00\",\"mainEntityOfPage\":{\"@id\":\"https:\\\/\\\/www.iemj.org\\\/en\\\/nous-contacter-2\\\/\"},\"wordCount\":149,\"publisher\":{\"@id\":\"https:\\\/\\\/www.iemj.org\\\/en\\\/#organization\"},\"articleSection\":[\"Actualit\u00e9s\"],\"inLanguage\":\"en-US\"},{\"@type\":\"WebPage\",\"@id\":\"https:\\\/\\\/www.iemj.org\\\/en\\\/nous-contacter-2\\\/\",\"url\":\"https:\\\/\\\/www.iemj.org\\\/en\\\/nous-contacter-2\\\/\",\"name\":\"Nous contacter - Institut Europ\u00e9en des Musiques Juives\",\"isPartOf\":{\"@id\":\"https:\\\/\\\/www.iemj.org\\\/en\\\/#website\"},\"datePublished\":\"2015-10-14T10:30:55+00:00\",\"breadcrumb\":{\"@id\":\"https:\\\/\\\/www.iemj.org\\\/en\\\/nous-contacter-2\\\/#breadcrumb\"},\"inLanguage\":\"en-US\",\"potentialAction\":[{\"@type\":\"ReadAction\",\"target\":[\"https:\\\/\\\/www.iemj.org\\\/en\\\/nous-contacter-2\\\/\"]}]},{\"@type\":\"BreadcrumbList\",\"@id\":\"https:\\\/\\\/www.iemj.org\\\/en\\\/nous-contacter-2\\\/#breadcrumb\",\"itemListElement\":[{\"@type\":\"ListItem\",\"position\":1,\"name\":\"Accueil\",\"item\":\"https:\\\/\\\/www.iemj.org\\\/en\\\/\"},{\"@type\":\"ListItem\",\"position\":2,\"name\":\"Nous contacter\"}]},{\"@type\":\"WebSite\",\"@id\":\"https:\\\/\\\/www.iemj.org\\\/en\\\/#website\",\"url\":\"https:\\\/\\\/www.iemj.org\\\/en\\\/\",\"name\":\"Institut Europ\u00e9en des Musiques Juives\",\"description\":\"Des traditions musicales \u00e0 la port\u00e9e de tous\",\"publisher\":{\"@id\":\"https:\\\/\\\/www.iemj.org\\\/en\\\/#organization\"},\"potentialAction\":[{\"@type\":\"SearchAction\",\"target\":{\"@type\":\"EntryPoint\",\"urlTemplate\":\"https:\\\/\\\/www.iemj.org\\\/en\\\/?s={search_term_string}\"},\"query-input\":{\"@type\":\"PropertyValueSpecification\",\"valueRequired\":true,\"valueName\":\"search_term_string\"}}],\"inLanguage\":\"en-US\"},{\"@type\":\"Organization\",\"@id\":\"https:\\\/\\\/www.iemj.org\\\/en\\\/#organization\",\"name\":\"Institut Europ\u00e9en des Musiques Juives\",\"url\":\"https:\\\/\\\/www.iemj.org\\\/en\\\/\",\"logo\":{\"@type\":\"ImageObject\",\"inLanguage\":\"en-US\",\"@id\":\"https:\\\/\\\/www.iemj.org\\\/en\\\/#\\\/schema\\\/logo\\\/image\\\/\",\"url\":\"https:\\\/\\\/www.iemj.org\\\/wp-content\\\/uploads\\\/2021\\\/09\\\/Logo-IEMJ-Paypal.jpg\",\"contentUrl\":\"https:\\\/\\\/www.iemj.org\\\/wp-content\\\/uploads\\\/2021\\\/09\\\/Logo-IEMJ-Paypal.jpg\",\"width\":150,\"height\":50,\"caption\":\"Institut Europ\u00e9en des Musiques Juives\"},\"image\":{\"@id\":\"https:\\\/\\\/www.iemj.org\\\/en\\\/#\\\/schema\\\/logo\\\/image\\\/\"},\"sameAs\":[\"https:\\\/\\\/www.facebook.com\\\/MusiquesJuives\\\/\",\"https:\\\/\\\/www.instagram.com\\\/musiquesjuives\\\/\",\"https:\\\/\\\/www.youtube.com\\\/user\\\/musiquesjuives\"]},{\"@type\":\"Person\",\"@id\":\"https:\\\/\\\/www.iemj.org\\\/en\\\/#\\\/schema\\\/person\\\/2dc660f2d7c29449b645cc5cb9f2752c\",\"name\":\"Gael Chareyre\",\"image\":{\"@type\":\"ImageObject\",\"inLanguage\":\"en-US\",\"@id\":\"https:\\\/\\\/secure.gravatar.com\\\/avatar\\\/58698729b976f11ac57bf8d08d786aee47db56e9d0ab450a387ac34973428815?s=96&d=mm&r=g\",\"url\":\"https:\\\/\\\/secure.gravatar.com\\\/avatar\\\/58698729b976f11ac57bf8d08d786aee47db56e9d0ab450a387ac34973428815?s=96&d=mm&r=g\",\"contentUrl\":\"https:\\\/\\\/secure.gravatar.com\\\/avatar\\\/58698729b976f11ac57bf8d08d786aee47db56e9d0ab450a387ac34973428815?s=96&d=mm&r=g\",\"caption\":\"Gael Chareyre\"}}]}<\/script>\n<!-- \/ Yoast SEO plugin. -->","yoast_head_json":{"title":"Nous contacter - Institut Europ\u00e9en des Musiques Juives","robots":{"index":"index","follow":"follow","max-snippet":"max-snippet:-1","max-image-preview":"max-image-preview:large","max-video-preview":"max-video-preview:-1"},"canonical":"https:\/\/www.iemj.org\/en\/nous-contacter-2\/","og_locale":"en_US","og_type":"article","og_title":"Nous contacter - Institut Europ\u00e9en des Musiques Juives","og_description":"Heures d\u2019ouverture : L&#8217;IEMJ est ouvert du lundi au jeudi de 10h \u00e0 13h et de 14h \u00e0 17h sur rendez-vous. Le nombre de postes d\u2019\u00e9coute \u00e9tant limit\u00e9, il est","og_url":"https:\/\/www.iemj.org\/en\/nous-contacter-2\/","og_site_name":"Institut Europ\u00e9en des Musiques Juives","article_publisher":"https:\/\/www.facebook.com\/MusiquesJuives\/","article_published_time":"2015-10-14T10:30:55+00:00","author":"Gael Chareyre","twitter_card":"summary_large_image","twitter_misc":{"Written by":"Gael Chareyre","Est. reading time":"1 minute"},"schema":{"@context":"https:\/\/schema.org","@graph":[{"@type":"Article","@id":"https:\/\/www.iemj.org\/en\/nous-contacter-2\/#article","isPartOf":{"@id":"https:\/\/www.iemj.org\/en\/nous-contacter-2\/"},"author":{"name":"Gael Chareyre","@id":"https:\/\/www.iemj.org\/en\/#\/schema\/person\/2dc660f2d7c29449b645cc5cb9f2752c"},"headline":"Nous contacter","datePublished":"2015-10-14T10:30:55+00:00","mainEntityOfPage":{"@id":"https:\/\/www.iemj.org\/en\/nous-contacter-2\/"},"wordCount":149,"publisher":{"@id":"https:\/\/www.iemj.org\/en\/#organization"},"articleSection":["Actualit\u00e9s"],"inLanguage":"en-US"},{"@type":"WebPage","@id":"https:\/\/www.iemj.org\/en\/nous-contacter-2\/","url":"https:\/\/www.iemj.org\/en\/nous-contacter-2\/","name":"Nous contacter - Institut Europ\u00e9en des Musiques Juives","isPartOf":{"@id":"https:\/\/www.iemj.org\/en\/#website"},"datePublished":"2015-10-14T10:30:55+00:00","breadcrumb":{"@id":"https:\/\/www.iemj.org\/en\/nous-contacter-2\/#breadcrumb"},"inLanguage":"en-US","potentialAction":[{"@type":"ReadAction","target":["https:\/\/www.iemj.org\/en\/nous-contacter-2\/"]}]},{"@type":"BreadcrumbList","@id":"https:\/\/www.iemj.org\/en\/nous-contacter-2\/#breadcrumb","itemListElement":[{"@type":"ListItem","position":1,"name":"Accueil","item":"https:\/\/www.iemj.org\/en\/"},{"@type":"ListItem","position":2,"name":"Nous contacter"}]},{"@type":"WebSite","@id":"https:\/\/www.iemj.org\/en\/#website","url":"https:\/\/www.iemj.org\/en\/","name":"Institut Europ\u00e9en des Musiques Juives","description":"Des traditions musicales \u00e0 la port\u00e9e de tous","publisher":{"@id":"https:\/\/www.iemj.org\/en\/#organization"},"potentialAction":[{"@type":"SearchAction","target":{"@type":"EntryPoint","urlTemplate":"https:\/\/www.iemj.org\/en\/?s={search_term_string}"},"query-input":{"@type":"PropertyValueSpecification","valueRequired":true,"valueName":"search_term_string"}}],"inLanguage":"en-US"},{"@type":"Organization","@id":"https:\/\/www.iemj.org\/en\/#organization","name":"Institut Europ\u00e9en des Musiques Juives","url":"https:\/\/www.iemj.org\/en\/","logo":{"@type":"ImageObject","inLanguage":"en-US","@id":"https:\/\/www.iemj.org\/en\/#\/schema\/logo\/image\/","url":"https:\/\/www.iemj.org\/wp-content\/uploads\/2021\/09\/Logo-IEMJ-Paypal.jpg","contentUrl":"https:\/\/www.iemj.org\/wp-content\/uploads\/2021\/09\/Logo-IEMJ-Paypal.jpg","width":150,"height":50,"caption":"Institut Europ\u00e9en des Musiques Juives"},"image":{"@id":"https:\/\/www.iemj.org\/en\/#\/schema\/logo\/image\/"},"sameAs":["https:\/\/www.facebook.com\/MusiquesJuives\/","https:\/\/www.instagram.com\/musiquesjuives\/","https:\/\/www.youtube.com\/user\/musiquesjuives"]},{"@type":"Person","@id":"https:\/\/www.iemj.org\/en\/#\/schema\/person\/2dc660f2d7c29449b645cc5cb9f2752c","name":"Gael Chareyre","image":{"@type":"ImageObject","inLanguage":"en-US","@id":"https:\/\/secure.gravatar.com\/avatar\/58698729b976f11ac57bf8d08d786aee47db56e9d0ab450a387ac34973428815?s=96&d=mm&r=g","url":"https:\/\/secure.gravatar.com\/avatar\/58698729b976f11ac57bf8d08d786aee47db56e9d0ab450a387ac34973428815?s=96&d=mm&r=g","contentUrl":"https:\/\/secure.gravatar.com\/avatar\/58698729b976f11ac57bf8d08d786aee47db56e9d0ab450a387ac34973428815?s=96&d=mm&r=g","caption":"Gael Chareyre"}}]}},"_links":{"self":[{"href":"https:\/\/www.iemj.org\/en\/wp-json\/wp\/v2\/posts\/8060","targetHints":{"allow":["GET"]}}],"collection":[{"href":"https:\/\/www.iemj.org\/en\/wp-json\/wp\/v2\/posts"}],"about":[{"href":"https:\/\/www.iemj.org\/en\/wp-json\/wp\/v2\/types\/post"}],"author":[{"embeddable":true,"href":"https:\/\/www.iemj.org\/en\/wp-json\/wp\/v2\/users\/1230"}],"replies":[{"embeddable":true,"href":"https:\/\/www.iemj.org\/en\/wp-json\/wp\/v2\/comments?post=8060"}],"version-history":[{"count":0,"href":"https:\/\/www.iemj.org\/en\/wp-json\/wp\/v2\/posts\/8060\/revisions"}],"wp:attachment":[{"href":"https:\/\/www.iemj.org\/en\/wp-json\/wp\/v2\/media?parent=8060"}],"wp:term":[{"taxonomy":"category","embeddable":true,"href":"https:\/\/www.iemj.org\/en\/wp-json\/wp\/v2\/categories?post=8060"},{"taxonomy":"post_tag","embeddable":true,"href":"https:\/\/www.iemj.org\/en\/wp-json\/wp\/v2\/tags?post=8060"},{"taxonomy":"technique","embeddable":true,"href":"https:\/\/www.iemj.org\/en\/wp-json\/wp\/v2\/technique?post=8060"},{"taxonomy":"squelettes","embeddable":true,"href":"https:\/\/www.iemj.org\/en\/wp-json\/wp\/v2\/squelettes?post=8060"},{"taxonomy":"sujet","embeddable":true,"href":"https:\/\/www.iemj.org\/en\/wp-json\/wp\/v2\/sujet?post=8060"},{"taxonomy":"formation","embeddable":true,"href":"https:\/\/www.iemj.org\/en\/wp-json\/wp\/v2\/formation?post=8060"},{"taxonomy":"genre","embeddable":true,"href":"https:\/\/www.iemj.org\/en\/wp-json\/wp\/v2\/genre?post=8060"},{"taxonomy":"fonds","embeddable":true,"href":"https:\/\/www.iemj.org\/en\/wp-json\/wp\/v2\/fonds?post=8060"},{"taxonomy":"tradition","embeddable":true,"href":"https:\/\/www.iemj.org\/en\/wp-json\/wp\/v2\/tradition?post=8060"},{"taxonomy":"type-de-contenu","embeddable":true,"href":"https:\/\/www.iemj.org\/en\/wp-json\/wp\/v2\/type-de-contenu?post=8060"},{"taxonomy":"interprete-compositeur","embeddable":true,"href":"https:\/\/www.iemj.org\/en\/wp-json\/wp\/v2\/interprete-compositeur?post=8060"},{"taxonomy":"frise","embeddable":true,"href":"https:\/\/www.iemj.org\/en\/wp-json\/wp\/v2\/frise?post=8060"},{"taxonomy":"type-devenement","embeddable":true,"href":"https:\/\/www.iemj.org\/en\/wp-json\/wp\/v2\/type-devenement?post=8060"},{"taxonomy":"tableaux-liens-externes","embeddable":true,"href":"https:\/\/www.iemj.org\/en\/wp-json\/wp\/v2\/tableaux-liens-externes?post=8060"}],"curies":[{"name":"wp","href":"https:\/\/api.w.org\/{rel}","templated":true}]}}